{"id":27922,"date":"2025-01-17T19:50:16","date_gmt":"2025-01-17T22:50:16","guid":{"rendered":"https:\/\/apuntesdesanluis.com\/?p=27922"},"modified":"2025-01-17T19:50:16","modified_gmt":"2025-01-17T22:50:16","slug":"luctuoso-accidente-en-jujuy-6-muertos-y-8-heridos-al-chocar-frontalmente-una-combi-y-un-camion","status":"publish","type":"post","link":"https:\/\/apuntesdesanluis.com\/index.php\/2025\/01\/17\/luctuoso-accidente-en-jujuy-6-muertos-y-8-heridos-al-chocar-frontalmente-una-combi-y-un-camion\/","title":{"rendered":"LUCTUOSO ACCIDENTE EN JUJUY: 6 MUERTOS Y 8 HERIDOS AL CHOCAR FRONTALMENTE UNA COMBI Y UN CAMI\u00d3N"},"content":{"rendered":"<h3>En las primeras horas de esta ma\u00f1ana se registr\u00f3 un tr\u00e1gico accidente en Jujuy. Alrededor de las 5.30, en la Ruta 9, cerca de La Quiaca, chocaron de frente un cami\u00f3n procedente de Bolivia que transportaba harina y una combi de pasajeros.<\/h3>\n<h3>Tras el impacto, murieron seis personas, entre las que se contabilizan los dos choferes. Adem\u00e1s, se registraron 8 heridos entre quienes viajaban en el veh\u00edculo de menor porte.<\/h3>\n<h3>Todo ocurri\u00f3 en el kil\u00f3metro 1964, a altura de la Difunta Correa. Si bien por el momento no se determinaron las causas del accidente, los investigadores especulan con que la baja visibilidad registrada a esa hora, el clima y el mal estado de la ruta fueron los factores que pudieron haber influido en el fatal desenlace.<\/h3>\n<h3>Seg\u00fan inform\u00f3 la prensa local, trabajaron en el lugar personal del Same y bomberos de la Seccional 17. Tambi\u00e9n se hizo presente el fiscal del MPA de La Quiaca Alberto Mendivil.<\/h3>\n<h3>Durante varias horas se interrumpi\u00f3 el tr\u00e1nsito para realizar las pericias correspondientes, adem\u00e1s de la limpieza de la trazada y la remoci\u00f3n de los veh\u00edculos siniestrados.<\/h3>\n<p><img fetchpriority=\"high\" decoding=\"async\" class=\"wp-image-27924 aligncenter\" src=\"https:\/\/apuntesdesanluis.com\/wp-content\/uploads\/2025\/01\/FILA-300x172.png\" alt=\"\" width=\"706\" height=\"405\" srcset=\"https:\/\/apuntesdesanluis.com\/wp-content\/uploads\/2025\/01\/FILA-300x172.png 300w, https:\/\/apuntesdesanluis.com\/wp-content\/uploads\/2025\/01\/FILA-768x441.png 768w, https:\/\/apuntesdesanluis.com\/wp-content\/uploads\/2025\/01\/FILA.png 786w\" sizes=\"(max-width: 706px) 100vw, 706px\" \/><\/p>\n<h3>El medio local TodoJujuy inform\u00f3 que ya se logr\u00f3 identificar a las v\u00edctimas fatales. Se trata de Sergio Quispe, conductor del cami\u00f3n, de nacionalidad boliviana; Jorge Coria, chofer de la combi; y los pasajeros Mar\u00eda Laime, concejal de La Quiaca; Diego Calizaya, efectivo de la Unidad Regional 5; Griselda \u00c1balos; y Luis Fernando Cari.<\/h3>\n<h3>Los cuerpos fueron trasladados al Hospital Jorge Uro, de La Quiaca, para la realizaci\u00f3n de las correspondientes autopsias.<\/h3>\n<h3>Entre los heridos hay 3 hombres y 5 mujeres. Todos fueron ingresados al Hospital Jorge Uro y ninguno de ellos cuenta con lesiones de gravedad.<\/h3>\n<h3>\u201cHemos recibido a todas las v\u00edctimas en nuestro hospital. Afortunadamente, todas las personas internadas est\u00e1n estables y hemos podido comunicarlas con sus familias. Son 3 varones y 5 mujeres los heridos, quienes presentan principalmente traumatismos y heridas cortantes. Estamos llevando a cabo estudios para determinar si alguno de estos casos amerita derivaciones a centros especializados\u201d, inform\u00f3 Fernanda El\u00edas, directora del centro de salud.<\/h3>\n<h3>La doctora resalt\u00f3 que se est\u00e1 \u201ctrabajando intensamente con los pacientes y proporcionando todo el acompa\u00f1amiento necesario a las familias\u201d.<\/h3>\n<h3>\u201cEntendemos que momentos como estos generan una fuerte presi\u00f3n emocional, y es fundamental brindar una atenci\u00f3n integral en todos los aspectos, tanto f\u00edsicos como emocionales\u201d, agreg\u00f3 El\u00edas.<\/h3>\n<h3><\/h3>\n<h3><\/h3>\n<h3><\/h3>\n","protected":false},"excerpt":{"rendered":"<p>En las primeras horas de esta ma\u00f1ana se registr\u00f3 un tr\u00e1gico accidente en Jujuy. Alrededor&#8230;<\/p>\n","protected":false},"author":1,"featured_media":27923,"comment_status":"closed","ping_status":"closed","sticky":false,"template":"","format":"standard","meta":{"footnotes":""},"categories":[5],"tags":[],"class_list":["post-27922","post","type-post","status-publish","format-standard","has-post-thumbnail","hentry","category-nacionales-internacionales"],"yoast_head":"<!-- This site is optimized with the Yoast SEO plugin v26.1.1 - https:\/\/yoast.com\/wordpress\/plugins\/seo\/ -->\n<title>LUCTUOSO ACCIDENTE EN JUJUY: 6 MUERTOS Y 8 HERIDOS AL CHOCAR FRONTALMENTE UNA COMBI Y UN CAMI\u00d3N - Apuntes de San Luis<\/title>\n<meta name=\"robots\" content=\"index, follow, max-snippet:-1, max-image-preview:large, max-video-preview:-1\" \/>\n<link rel=\"canonical\" href=\"https:\/\/apuntesdesanluis.com\/index.php\/2025\/01\/17\/luctuoso-accidente-en-jujuy-6-muertos-y-8-heridos-al-chocar-frontalmente-una-combi-y-un-camion\/\" \/>\n<meta property=\"og:locale\" content=\"es_ES\" \/>\n<meta property=\"og:type\" content=\"article\" \/>\n<meta property=\"og:title\" content=\"LUCTUOSO ACCIDENTE EN JUJUY: 6 MUERTOS Y 8 HERIDOS AL CHOCAR FRONTALMENTE UNA COMBI Y UN CAMI\u00d3N - Apuntes de San Luis\" \/>\n<meta property=\"og:description\" content=\"En las primeras horas de esta ma\u00f1ana se registr\u00f3 un tr\u00e1gico accidente en Jujuy. Alrededor...\" \/>\n<meta property=\"og:url\" content=\"https:\/\/apuntesdesanluis.com\/index.php\/2025\/01\/17\/luctuoso-accidente-en-jujuy-6-muertos-y-8-heridos-al-chocar-frontalmente-una-combi-y-un-camion\/\" \/>\n<meta property=\"og:site_name\" content=\"Apuntes de San Luis\" \/>\n<meta property=\"article:published_time\" content=\"2025-01-17T22:50:16+00:00\" \/>\n<meta property=\"og:image\" content=\"https:\/\/apuntesdesanluis.com\/wp-content\/uploads\/2025\/01\/ACCIDENTE-1.png\" \/>\n\t<meta property=\"og:image:width\" content=\"773\" \/>\n\t<meta property=\"og:image:height\" content=\"458\" \/>\n\t<meta property=\"og:image:type\" content=\"image\/png\" \/>\n<meta name=\"author\" content=\"apuntesdesanluis.com\" \/>\n<meta name=\"twitter:card\" content=\"summary_large_image\" \/>\n<meta name=\"twitter:label1\" content=\"Escrito por\" \/>\n\t<meta name=\"twitter:data1\" content=\"apuntesdesanluis.com\" \/>\n\t<meta name=\"twitter:label2\" content=\"Tiempo de lectura\" \/>\n\t<meta name=\"twitter:data2\" content=\"3 minutos\" \/>\n<script type=\"application\/ld+json\" class=\"yoast-schema-graph\">{\"@context\":\"https:\/\/schema.org\",\"@graph\":[{\"@type\":\"Article\",\"@id\":\"https:\/\/apuntesdesanluis.com\/index.php\/2025\/01\/17\/luctuoso-accidente-en-jujuy-6-muertos-y-8-heridos-al-chocar-frontalmente-una-combi-y-un-camion\/#article\",\"isPartOf\":{\"@id\":\"https:\/\/apuntesdesanluis.com\/index.php\/2025\/01\/17\/luctuoso-accidente-en-jujuy-6-muertos-y-8-heridos-al-chocar-frontalmente-una-combi-y-un-camion\/\"},\"author\":{\"name\":\"apuntesdesanluis.com\",\"@id\":\"https:\/\/apuntesdesanluis.com\/#\/schema\/person\/b55151d52296fcce64d1a72538a70b90\"},\"headline\":\"LUCTUOSO ACCIDENTE EN JUJUY: 6 MUERTOS Y 8 HERIDOS AL CHOCAR FRONTALMENTE UNA COMBI Y UN CAMI\u00d3N\",\"datePublished\":\"2025-01-17T22:50:16+00:00\",\"mainEntityOfPage\":{\"@id\":\"https:\/\/apuntesdesanluis.com\/index.php\/2025\/01\/17\/luctuoso-accidente-en-jujuy-6-muertos-y-8-heridos-al-chocar-frontalmente-una-combi-y-un-camion\/\"},\"wordCount\":420,\"publisher\":{\"@id\":\"https:\/\/apuntesdesanluis.com\/#\/schema\/person\/b55151d52296fcce64d1a72538a70b90\"},\"image\":{\"@id\":\"https:\/\/apuntesdesanluis.com\/index.php\/2025\/01\/17\/luctuoso-accidente-en-jujuy-6-muertos-y-8-heridos-al-chocar-frontalmente-una-combi-y-un-camion\/#primaryimage\"},\"thumbnailUrl\":\"https:\/\/apuntesdesanluis.com\/wp-content\/uploads\/2025\/01\/ACCIDENTE-1.png\",\"articleSection\":[\"Nacionales\/Internacionales\"],\"inLanguage\":\"es-AR\"},{\"@type\":\"WebPage\",\"@id\":\"https:\/\/apuntesdesanluis.com\/index.php\/2025\/01\/17\/luctuoso-accidente-en-jujuy-6-muertos-y-8-heridos-al-chocar-frontalmente-una-combi-y-un-camion\/\",\"url\":\"https:\/\/apuntesdesanluis.com\/index.php\/2025\/01\/17\/luctuoso-accidente-en-jujuy-6-muertos-y-8-heridos-al-chocar-frontalmente-una-combi-y-un-camion\/\",\"name\":\"LUCTUOSO ACCIDENTE EN JUJUY: 6 MUERTOS Y 8 HERIDOS AL CHOCAR FRONTALMENTE UNA COMBI Y UN CAMI\u00d3N - Apuntes de San Luis\",\"isPartOf\":{\"@id\":\"https:\/\/apuntesdesanluis.com\/#website\"},\"primaryImageOfPage\":{\"@id\":\"https:\/\/apuntesdesanluis.com\/index.php\/2025\/01\/17\/luctuoso-accidente-en-jujuy-6-muertos-y-8-heridos-al-chocar-frontalmente-una-combi-y-un-camion\/#primaryimage\"},\"image\":{\"@id\":\"https:\/\/apuntesdesanluis.com\/index.php\/2025\/01\/17\/luctuoso-accidente-en-jujuy-6-muertos-y-8-heridos-al-chocar-frontalmente-una-combi-y-un-camion\/#primaryimage\"},\"thumbnailUrl\":\"https:\/\/apuntesdesanluis.com\/wp-content\/uploads\/2025\/01\/ACCIDENTE-1.png\",\"datePublished\":\"2025-01-17T22:50:16+00:00\",\"breadcrumb\":{\"@id\":\"https:\/\/apuntesdesanluis.com\/index.php\/2025\/01\/17\/luctuoso-accidente-en-jujuy-6-muertos-y-8-heridos-al-chocar-frontalmente-una-combi-y-un-camion\/#breadcrumb\"},\"inLanguage\":\"es-AR\",\"potentialAction\":[{\"@type\":\"ReadAction\",\"target\":[\"https:\/\/apuntesdesanluis.com\/index.php\/2025\/01\/17\/luctuoso-accidente-en-jujuy-6-muertos-y-8-heridos-al-chocar-frontalmente-una-combi-y-un-camion\/\"]}]},{\"@type\":\"ImageObject\",\"inLanguage\":\"es-AR\",\"@id\":\"https:\/\/apuntesdesanluis.com\/index.php\/2025\/01\/17\/luctuoso-accidente-en-jujuy-6-muertos-y-8-heridos-al-chocar-frontalmente-una-combi-y-un-camion\/#primaryimage\",\"url\":\"https:\/\/apuntesdesanluis.com\/wp-content\/uploads\/2025\/01\/ACCIDENTE-1.png\",\"contentUrl\":\"https:\/\/apuntesdesanluis.com\/wp-content\/uploads\/2025\/01\/ACCIDENTE-1.png\",\"width\":773,\"height\":458},{\"@type\":\"BreadcrumbList\",\"@id\":\"https:\/\/apuntesdesanluis.com\/index.php\/2025\/01\/17\/luctuoso-accidente-en-jujuy-6-muertos-y-8-heridos-al-chocar-frontalmente-una-combi-y-un-camion\/#breadcrumb\",\"itemListElement\":[{\"@type\":\"ListItem\",\"position\":1,\"name\":\"Inicio\",\"item\":\"https:\/\/apuntesdesanluis.com\/\"},{\"@type\":\"ListItem\",\"position\":2,\"name\":\"LUCTUOSO ACCIDENTE EN JUJUY: 6 MUERTOS Y 8 HERIDOS AL CHOCAR FRONTALMENTE UNA COMBI Y UN CAMI\u00d3N\"}]},{\"@type\":\"WebSite\",\"@id\":\"https:\/\/apuntesdesanluis.com\/#website\",\"url\":\"https:\/\/apuntesdesanluis.com\/\",\"name\":\"Apuntes de San Luis\",\"description\":\"\",\"publisher\":{\"@id\":\"https:\/\/apuntesdesanluis.com\/#\/schema\/person\/b55151d52296fcce64d1a72538a70b90\"},\"potentialAction\":[{\"@type\":\"SearchAction\",\"target\":{\"@type\":\"EntryPoint\",\"urlTemplate\":\"https:\/\/apuntesdesanluis.com\/?s={search_term_string}\"},\"query-input\":{\"@type\":\"PropertyValueSpecification\",\"valueRequired\":true,\"valueName\":\"search_term_string\"}}],\"inLanguage\":\"es-AR\"},{\"@type\":[\"Person\",\"Organization\"],\"@id\":\"https:\/\/apuntesdesanluis.com\/#\/schema\/person\/b55151d52296fcce64d1a72538a70b90\",\"name\":\"apuntesdesanluis.com\",\"image\":{\"@type\":\"ImageObject\",\"inLanguage\":\"es-AR\",\"@id\":\"https:\/\/apuntesdesanluis.com\/#\/schema\/person\/image\/\",\"url\":\"https:\/\/apuntesdesanluis.com\/wp-content\/uploads\/2023\/07\/cropped-apuntesdesanluis.png\",\"contentUrl\":\"https:\/\/apuntesdesanluis.com\/wp-content\/uploads\/2023\/07\/cropped-apuntesdesanluis.png\",\"width\":450,\"height\":112,\"caption\":\"apuntesdesanluis.com\"},\"logo\":{\"@id\":\"https:\/\/apuntesdesanluis.com\/#\/schema\/person\/image\/\"},\"sameAs\":[\"https:\/\/apuntesdesanluis.com\"],\"url\":\"https:\/\/apuntesdesanluis.com\/index.php\/author\/apuntesdesanluis-com\/\"}]}<\/script>\n<!-- \/ Yoast SEO plugin. -->","yoast_head_json":{"title":"LUCTUOSO ACCIDENTE EN JUJUY: 6 MUERTOS Y 8 HERIDOS AL CHOCAR FRONTALMENTE UNA COMBI Y UN CAMI\u00d3N - Apuntes de San Luis","robots":{"index":"index","follow":"follow","max-snippet":"max-snippet:-1","max-image-preview":"max-image-preview:large","max-video-preview":"max-video-preview:-1"},"canonical":"https:\/\/apuntesdesanluis.com\/index.php\/2025\/01\/17\/luctuoso-accidente-en-jujuy-6-muertos-y-8-heridos-al-chocar-frontalmente-una-combi-y-un-camion\/","og_locale":"es_ES","og_type":"article","og_title":"LUCTUOSO ACCIDENTE EN JUJUY: 6 MUERTOS Y 8 HERIDOS AL CHOCAR FRONTALMENTE UNA COMBI Y UN CAMI\u00d3N - Apuntes de San Luis","og_description":"En las primeras horas de esta ma\u00f1ana se registr\u00f3 un tr\u00e1gico accidente en Jujuy. Alrededor...","og_url":"https:\/\/apuntesdesanluis.com\/index.php\/2025\/01\/17\/luctuoso-accidente-en-jujuy-6-muertos-y-8-heridos-al-chocar-frontalmente-una-combi-y-un-camion\/","og_site_name":"Apuntes de San Luis","article_published_time":"2025-01-17T22:50:16+00:00","og_image":[{"width":773,"height":458,"url":"https:\/\/apuntesdesanluis.com\/wp-content\/uploads\/2025\/01\/ACCIDENTE-1.png","type":"image\/png"}],"author":"apuntesdesanluis.com","twitter_card":"summary_large_image","twitter_misc":{"Escrito por":"apuntesdesanluis.com","Tiempo de lectura":"3 minutos"},"schema":{"@context":"https:\/\/schema.org","@graph":[{"@type":"Article","@id":"https:\/\/apuntesdesanluis.com\/index.php\/2025\/01\/17\/luctuoso-accidente-en-jujuy-6-muertos-y-8-heridos-al-chocar-frontalmente-una-combi-y-un-camion\/#article","isPartOf":{"@id":"https:\/\/apuntesdesanluis.com\/index.php\/2025\/01\/17\/luctuoso-accidente-en-jujuy-6-muertos-y-8-heridos-al-chocar-frontalmente-una-combi-y-un-camion\/"},"author":{"name":"apuntesdesanluis.com","@id":"https:\/\/apuntesdesanluis.com\/#\/schema\/person\/b55151d52296fcce64d1a72538a70b90"},"headline":"LUCTUOSO ACCIDENTE EN JUJUY: 6 MUERTOS Y 8 HERIDOS AL CHOCAR FRONTALMENTE UNA COMBI Y UN CAMI\u00d3N","datePublished":"2025-01-17T22:50:16+00:00","mainEntityOfPage":{"@id":"https:\/\/apuntesdesanluis.com\/index.php\/2025\/01\/17\/luctuoso-accidente-en-jujuy-6-muertos-y-8-heridos-al-chocar-frontalmente-una-combi-y-un-camion\/"},"wordCount":420,"publisher":{"@id":"https:\/\/apuntesdesanluis.com\/#\/schema\/person\/b55151d52296fcce64d1a72538a70b90"},"image":{"@id":"https:\/\/apuntesdesanluis.com\/index.php\/2025\/01\/17\/luctuoso-accidente-en-jujuy-6-muertos-y-8-heridos-al-chocar-frontalmente-una-combi-y-un-camion\/#primaryimage"},"thumbnailUrl":"https:\/\/apuntesdesanluis.com\/wp-content\/uploads\/2025\/01\/ACCIDENTE-1.png","articleSection":["Nacionales\/Internacionales"],"inLanguage":"es-AR"},{"@type":"WebPage","@id":"https:\/\/apuntesdesanluis.com\/index.php\/2025\/01\/17\/luctuoso-accidente-en-jujuy-6-muertos-y-8-heridos-al-chocar-frontalmente-una-combi-y-un-camion\/","url":"https:\/\/apuntesdesanluis.com\/index.php\/2025\/01\/17\/luctuoso-accidente-en-jujuy-6-muertos-y-8-heridos-al-chocar-frontalmente-una-combi-y-un-camion\/","name":"LUCTUOSO ACCIDENTE EN JUJUY: 6 MUERTOS Y 8 HERIDOS AL CHOCAR FRONTALMENTE UNA COMBI Y UN CAMI\u00d3N - Apuntes de San Luis","isPartOf":{"@id":"https:\/\/apuntesdesanluis.com\/#website"},"primaryImageOfPage":{"@id":"https:\/\/apuntesdesanluis.com\/index.php\/2025\/01\/17\/luctuoso-accidente-en-jujuy-6-muertos-y-8-heridos-al-chocar-frontalmente-una-combi-y-un-camion\/#primaryimage"},"image":{"@id":"https:\/\/apuntesdesanluis.com\/index.php\/2025\/01\/17\/luctuoso-accidente-en-jujuy-6-muertos-y-8-heridos-al-chocar-frontalmente-una-combi-y-un-camion\/#primaryimage"},"thumbnailUrl":"https:\/\/apuntesdesanluis.com\/wp-content\/uploads\/2025\/01\/ACCIDENTE-1.png","datePublished":"2025-01-17T22:50:16+00:00","breadcrumb":{"@id":"https:\/\/apuntesdesanluis.com\/index.php\/2025\/01\/17\/luctuoso-accidente-en-jujuy-6-muertos-y-8-heridos-al-chocar-frontalmente-una-combi-y-un-camion\/#breadcrumb"},"inLanguage":"es-AR","potentialAction":[{"@type":"ReadAction","target":["https:\/\/apuntesdesanluis.com\/index.php\/2025\/01\/17\/luctuoso-accidente-en-jujuy-6-muertos-y-8-heridos-al-chocar-frontalmente-una-combi-y-un-camion\/"]}]},{"@type":"ImageObject","inLanguage":"es-AR","@id":"https:\/\/apuntesdesanluis.com\/index.php\/2025\/01\/17\/luctuoso-accidente-en-jujuy-6-muertos-y-8-heridos-al-chocar-frontalmente-una-combi-y-un-camion\/#primaryimage","url":"https:\/\/apuntesdesanluis.com\/wp-content\/uploads\/2025\/01\/ACCIDENTE-1.png","contentUrl":"https:\/\/apuntesdesanluis.com\/wp-content\/uploads\/2025\/01\/ACCIDENTE-1.png","width":773,"height":458},{"@type":"BreadcrumbList","@id":"https:\/\/apuntesdesanluis.com\/index.php\/2025\/01\/17\/luctuoso-accidente-en-jujuy-6-muertos-y-8-heridos-al-chocar-frontalmente-una-combi-y-un-camion\/#breadcrumb","itemListElement":[{"@type":"ListItem","position":1,"name":"Inicio","item":"https:\/\/apuntesdesanluis.com\/"},{"@type":"ListItem","position":2,"name":"LUCTUOSO ACCIDENTE EN JUJUY: 6 MUERTOS Y 8 HERIDOS AL CHOCAR FRONTALMENTE UNA COMBI Y UN CAMI\u00d3N"}]},{"@type":"WebSite","@id":"https:\/\/apuntesdesanluis.com\/#website","url":"https:\/\/apuntesdesanluis.com\/","name":"Apuntes de San Luis","description":"","publisher":{"@id":"https:\/\/apuntesdesanluis.com\/#\/schema\/person\/b55151d52296fcce64d1a72538a70b90"},"potentialAction":[{"@type":"SearchAction","target":{"@type":"EntryPoint","urlTemplate":"https:\/\/apuntesdesanluis.com\/?s={search_term_string}"},"query-input":{"@type":"PropertyValueSpecification","valueRequired":true,"valueName":"search_term_string"}}],"inLanguage":"es-AR"},{"@type":["Person","Organization"],"@id":"https:\/\/apuntesdesanluis.com\/#\/schema\/person\/b55151d52296fcce64d1a72538a70b90","name":"apuntesdesanluis.com","image":{"@type":"ImageObject","inLanguage":"es-AR","@id":"https:\/\/apuntesdesanluis.com\/#\/schema\/person\/image\/","url":"https:\/\/apuntesdesanluis.com\/wp-content\/uploads\/2023\/07\/cropped-apuntesdesanluis.png","contentUrl":"https:\/\/apuntesdesanluis.com\/wp-content\/uploads\/2023\/07\/cropped-apuntesdesanluis.png","width":450,"height":112,"caption":"apuntesdesanluis.com"},"logo":{"@id":"https:\/\/apuntesdesanluis.com\/#\/schema\/person\/image\/"},"sameAs":["https:\/\/apuntesdesanluis.com"],"url":"https:\/\/apuntesdesanluis.com\/index.php\/author\/apuntesdesanluis-com\/"}]}},"featured_image_urls":{"full":["https:\/\/apuntesdesanluis.com\/wp-content\/uploads\/2025\/01\/ACCIDENTE-1.png",773,458,false],"thumbnail":["https:\/\/apuntesdesanluis.com\/wp-content\/uploads\/2025\/01\/ACCIDENTE-1-150x150.png",150,150,true],"medium":["https:\/\/apuntesdesanluis.com\/wp-content\/uploads\/2025\/01\/ACCIDENTE-1-300x178.png",300,178,true],"medium_large":["https:\/\/apuntesdesanluis.com\/wp-content\/uploads\/2025\/01\/ACCIDENTE-1-768x455.png",640,379,true],"large":["https:\/\/apuntesdesanluis.com\/wp-content\/uploads\/2025\/01\/ACCIDENTE-1.png",640,379,false],"1536x1536":["https:\/\/apuntesdesanluis.com\/wp-content\/uploads\/2025\/01\/ACCIDENTE-1.png",773,458,false],"2048x2048":["https:\/\/apuntesdesanluis.com\/wp-content\/uploads\/2025\/01\/ACCIDENTE-1.png",773,458,false],"newsever-slider-full":["https:\/\/apuntesdesanluis.com\/wp-content\/uploads\/2025\/01\/ACCIDENTE-1.png",773,458,false],"newsever-featured":["https:\/\/apuntesdesanluis.com\/wp-content\/uploads\/2025\/01\/ACCIDENTE-1.png",773,458,false],"newsever-medium":["https:\/\/apuntesdesanluis.com\/wp-content\/uploads\/2025\/01\/ACCIDENTE-1-720x458.png",720,458,true]},"author_info":{"display_name":"apuntesdesanluis.com","author_link":"https:\/\/apuntesdesanluis.com\/index.php\/author\/apuntesdesanluis-com\/"},"category_info":"<a href=\"https:\/\/apuntesdesanluis.com\/index.php\/category\/nacionales-internacionales\/\" rel=\"category tag\">Nacionales\/Internacionales<\/a>","tag_info":"Nacionales\/Internacionales","comment_count":"0","_links":{"self":[{"href":"https:\/\/apuntesdesanluis.com\/index.php\/wp-json\/wp\/v2\/posts\/27922","targetHints":{"allow":["GET"]}}],"collection":[{"href":"https:\/\/apuntesdesanluis.com\/index.php\/wp-json\/wp\/v2\/posts"}],"about":[{"href":"https:\/\/apuntesdesanluis.com\/index.php\/wp-json\/wp\/v2\/types\/post"}],"author":[{"embeddable":true,"href":"https:\/\/apuntesdesanluis.com\/index.php\/wp-json\/wp\/v2\/users\/1"}],"replies":[{"embeddable":true,"href":"https:\/\/apuntesdesanluis.com\/index.php\/wp-json\/wp\/v2\/comments?post=27922"}],"version-history":[{"count":1,"href":"https:\/\/apuntesdesanluis.com\/index.php\/wp-json\/wp\/v2\/posts\/27922\/revisions"}],"predecessor-version":[{"id":27925,"href":"https:\/\/apuntesdesanluis.com\/index.php\/wp-json\/wp\/v2\/posts\/27922\/revisions\/27925"}],"wp:featuredmedia":[{"embeddable":true,"href":"https:\/\/apuntesdesanluis.com\/index.php\/wp-json\/wp\/v2\/media\/27923"}],"wp:attachment":[{"href":"https:\/\/apuntesdesanluis.com\/index.php\/wp-json\/wp\/v2\/media?parent=27922"}],"wp:term":[{"taxonomy":"category","embeddable":true,"href":"https:\/\/apuntesdesanluis.com\/index.php\/wp-json\/wp\/v2\/categories?post=27922"},{"taxonomy":"post_tag","embeddable":true,"href":"https:\/\/apuntesdesanluis.com\/index.php\/wp-json\/wp\/v2\/tags?post=27922"}],"curies":[{"name":"wp","href":"https:\/\/api.w.org\/{rel}","templated":true}]}}