{"id":27926,"date":"2025-01-17T19:59:02","date_gmt":"2025-01-17T22:59:02","guid":{"rendered":"https:\/\/apuntesdesanluis.com\/?p=27926"},"modified":"2025-01-17T19:59:02","modified_gmt":"2025-01-17T22:59:02","slug":"inundaciones-y-caos-vial-en-el-sur-de-brasil-tras-las-intensas-lluvias-en-florianopolis","status":"publish","type":"post","link":"https:\/\/apuntesdesanluis.com\/index.php\/2025\/01\/17\/inundaciones-y-caos-vial-en-el-sur-de-brasil-tras-las-intensas-lluvias-en-florianopolis\/","title":{"rendered":"INUNDACIONES Y CAOS VIAL EN EL SUR DE BRASIL TRAS LAS INTENSAS LLUVIAS EN FLORIAN\u00d3POLIS"},"content":{"rendered":"<h3>Las fuertes lluvias que azotan el estado de Santa Catarina, en el sur de Brasil, han provocado el cierre de importantes carreteras, inundaciones en varias ciudades y deslizamientos de tierra.<\/h3>\n<h3>Las precipitaciones, que superaron los 100 mil\u00edmetros en pocas horas en localidades como Florian\u00f3polis y Cambori\u00fa, han generado un impacto significativo en la regi\u00f3n, afectando tanto a residentes como a turistas, muchos de ellos argentinos.<\/h3>\n<h3>El temporal, que comenz\u00f3 este jueves, ha causado estragos en la infraestructura vial, siendo la carretera BR-101 una de las m\u00e1s afectadas. En el kil\u00f3metro 138, en direcci\u00f3n sur, las inundaciones obligaron a cerrar completamente el paso, mientras que un accidente de tr\u00e1nsito en el kil\u00f3metro 94,8, en Barra Velha, tambi\u00e9n result\u00f3 en el bloqueo total de la pista en la misma direcci\u00f3n. Adem\u00e1s, las v\u00edas marginales de la BR-101 enfrentaron interrupciones en puntos clave, como en el kil\u00f3metro 132, en Balne\u00e1rio Cambori\u00fa, y entre los kil\u00f3metros 148 y 151, en Itapema.<\/h3>\n<p><iframe title=\"\ud83d\udd34ESTADO DE EMERGENCIA EN CAMBORI\u00da Y FLORIAN\u00d3POLIS: TODO INUNDADO\" width=\"640\" height=\"360\" src=\"https:\/\/www.youtube.com\/embed\/i--iYu-Z1xE?feature=oembed\" frameborder=\"0\" allow=\"accelerometer; autoplay; clipboard-write; encrypted-media; gyroscope; picture-in-picture; web-share\" referrerpolicy=\"strict-origin-when-cross-origin\" allowfullscreen><\/iframe><\/p>\n<h3>Las lluvias han afectado gravemente a varias localidades del estado. En Itapema, barrios enteros quedaron bajo el agua, lo que llev\u00f3 a las autoridades a emitir advertencias a la poblaci\u00f3n para que extremen precauciones. En Florian\u00f3polis, las inundaciones tambi\u00e9n han generado problemas en las principales playas y en zonas urbanas como Porto da Lagoa, donde las calles quedaron anegadas, especialmente en \u00e1reas cercanas a los morros.<\/h3>\n<h3>El municipio de Gobernador Celso Ramos declar\u00f3 el estado de emergencia debido a los da\u00f1os provocados por el temporal. Esta medida busca agilizar la respuesta ante los estragos causados por las lluvias, que han afectado tanto a la infraestructura como a la seguridad de los habitantes.<\/h3>\n<h3>El tr\u00e1fico en las principales carreteras de Santa Catarina se ha visto severamente afectado. Seg\u00fan detall\u00f3 el Diario Catarinense, en Florian\u00f3polis, la SC-401, que conecta el centro con el norte de la isla, present\u00f3 una congesti\u00f3n significativa a lo largo de toda su extensi\u00f3n en direcci\u00f3n al centro.<\/h3>\n<h3>En S\u00e3o Jos\u00e9, un cami\u00f3n colision\u00f3 contra una barrera de la BR-101 alrededor de las 9 de la ma\u00f1ana, lo que provoc\u00f3 el cierre total de la pista en direcci\u00f3n norte durante aproximadamente una hora y media. Este incidente gener\u00f3 una fila de veh\u00edculos de hasta 3 kil\u00f3metros. Por su parte, la Via Expressa, tambi\u00e9n en S\u00e3o Jos\u00e9, experiment\u00f3 una importante lentitud debido a una colisi\u00f3n en el carril izquierdo, en direcci\u00f3n al puente.<\/h3>\n<h3>Miles de turistas, en su mayor\u00eda argentinos que se encuentran vacacionando en el sur de Brasil, han sido afectados por las condiciones meteorol\u00f3gicas adversas. Las lluvias han complicado los desplazamientos y el acceso a las playas, que son uno de los principales atractivos de la regi\u00f3n.<\/h3>\n<p><img fetchpriority=\"high\" decoding=\"async\" class=\"wp-image-27928 aligncenter\" src=\"https:\/\/apuntesdesanluis.com\/wp-content\/uploads\/2025\/01\/autos-300x184.png\" alt=\"\" width=\"673\" height=\"413\" srcset=\"https:\/\/apuntesdesanluis.com\/wp-content\/uploads\/2025\/01\/autos-300x184.png 300w, https:\/\/apuntesdesanluis.com\/wp-content\/uploads\/2025\/01\/autos.png 464w\" sizes=\"(max-width: 673px) 100vw, 673px\" \/><\/p>\n<h3>Adem\u00e1s, seg\u00fan consign\u00f3 el Diario Catarinense, se espera que en los pr\u00f3ximos d\u00edas una ola de calor afecte a varios estados del sur de Brasil, incluyendo Santa Catarina. Este fen\u00f3meno podr\u00eda agravar las condiciones en la regi\u00f3n, ya que las altas temperaturas suelen intensificar los problemas derivados de las lluvias, como el riesgo de deslizamientos de tierra y el deterioro de las infraestructuras.<\/h3>\n<h3><\/h3>\n<h3><\/h3>\n<p>&nbsp;<\/p>\n","protected":false},"excerpt":{"rendered":"<p>Las fuertes lluvias que azotan el estado de Santa Catarina, en el sur de Brasil,&#8230;<\/p>\n","protected":false},"author":1,"featured_media":27927,"comment_status":"closed","ping_status":"closed","sticky":false,"template":"","format":"standard","meta":{"footnotes":""},"categories":[5],"tags":[],"class_list":["post-27926","post","type-post","status-publish","format-standard","has-post-thumbnail","hentry","category-nacionales-internacionales"],"yoast_head":"<!-- This site is optimized with the Yoast SEO plugin v26.1.1 - https:\/\/yoast.com\/wordpress\/plugins\/seo\/ -->\n<title>INUNDACIONES Y CAOS VIAL EN EL SUR DE BRASIL TRAS LAS INTENSAS LLUVIAS EN FLORIAN\u00d3POLIS - Apuntes de San Luis<\/title>\n<meta name=\"robots\" content=\"index, follow, max-snippet:-1, max-image-preview:large, max-video-preview:-1\" \/>\n<link rel=\"canonical\" href=\"https:\/\/apuntesdesanluis.com\/index.php\/2025\/01\/17\/inundaciones-y-caos-vial-en-el-sur-de-brasil-tras-las-intensas-lluvias-en-florianopolis\/\" \/>\n<meta property=\"og:locale\" content=\"es_ES\" \/>\n<meta property=\"og:type\" content=\"article\" \/>\n<meta property=\"og:title\" content=\"INUNDACIONES Y CAOS VIAL EN EL SUR DE BRASIL TRAS LAS INTENSAS LLUVIAS EN FLORIAN\u00d3POLIS - Apuntes de San Luis\" \/>\n<meta property=\"og:description\" content=\"Las fuertes lluvias que azotan el estado de Santa Catarina, en el sur de Brasil,...\" \/>\n<meta property=\"og:url\" content=\"https:\/\/apuntesdesanluis.com\/index.php\/2025\/01\/17\/inundaciones-y-caos-vial-en-el-sur-de-brasil-tras-las-intensas-lluvias-en-florianopolis\/\" \/>\n<meta property=\"og:site_name\" content=\"Apuntes de San Luis\" \/>\n<meta property=\"article:published_time\" content=\"2025-01-17T22:59:02+00:00\" \/>\n<meta property=\"og:image\" content=\"https:\/\/apuntesdesanluis.com\/wp-content\/uploads\/2025\/01\/inundacion.png\" \/>\n\t<meta property=\"og:image:width\" content=\"712\" \/>\n\t<meta property=\"og:image:height\" content=\"364\" \/>\n\t<meta property=\"og:image:type\" content=\"image\/png\" \/>\n<meta name=\"author\" content=\"apuntesdesanluis.com\" \/>\n<meta name=\"twitter:card\" content=\"summary_large_image\" \/>\n<meta name=\"twitter:label1\" content=\"Escrito por\" \/>\n\t<meta name=\"twitter:data1\" content=\"apuntesdesanluis.com\" \/>\n\t<meta name=\"twitter:label2\" content=\"Tiempo de lectura\" \/>\n\t<meta name=\"twitter:data2\" content=\"3 minutos\" \/>\n<script type=\"application\/ld+json\" class=\"yoast-schema-graph\">{\"@context\":\"https:\/\/schema.org\",\"@graph\":[{\"@type\":\"Article\",\"@id\":\"https:\/\/apuntesdesanluis.com\/index.php\/2025\/01\/17\/inundaciones-y-caos-vial-en-el-sur-de-brasil-tras-las-intensas-lluvias-en-florianopolis\/#article\",\"isPartOf\":{\"@id\":\"https:\/\/apuntesdesanluis.com\/index.php\/2025\/01\/17\/inundaciones-y-caos-vial-en-el-sur-de-brasil-tras-las-intensas-lluvias-en-florianopolis\/\"},\"author\":{\"name\":\"apuntesdesanluis.com\",\"@id\":\"https:\/\/apuntesdesanluis.com\/#\/schema\/person\/b55151d52296fcce64d1a72538a70b90\"},\"headline\":\"INUNDACIONES Y CAOS VIAL EN EL SUR DE BRASIL TRAS LAS INTENSAS LLUVIAS EN FLORIAN\u00d3POLIS\",\"datePublished\":\"2025-01-17T22:59:02+00:00\",\"mainEntityOfPage\":{\"@id\":\"https:\/\/apuntesdesanluis.com\/index.php\/2025\/01\/17\/inundaciones-y-caos-vial-en-el-sur-de-brasil-tras-las-intensas-lluvias-en-florianopolis\/\"},\"wordCount\":573,\"publisher\":{\"@id\":\"https:\/\/apuntesdesanluis.com\/#\/schema\/person\/b55151d52296fcce64d1a72538a70b90\"},\"image\":{\"@id\":\"https:\/\/apuntesdesanluis.com\/index.php\/2025\/01\/17\/inundaciones-y-caos-vial-en-el-sur-de-brasil-tras-las-intensas-lluvias-en-florianopolis\/#primaryimage\"},\"thumbnailUrl\":\"https:\/\/apuntesdesanluis.com\/wp-content\/uploads\/2025\/01\/inundacion.png\",\"articleSection\":[\"Nacionales\/Internacionales\"],\"inLanguage\":\"es-AR\"},{\"@type\":\"WebPage\",\"@id\":\"https:\/\/apuntesdesanluis.com\/index.php\/2025\/01\/17\/inundaciones-y-caos-vial-en-el-sur-de-brasil-tras-las-intensas-lluvias-en-florianopolis\/\",\"url\":\"https:\/\/apuntesdesanluis.com\/index.php\/2025\/01\/17\/inundaciones-y-caos-vial-en-el-sur-de-brasil-tras-las-intensas-lluvias-en-florianopolis\/\",\"name\":\"INUNDACIONES Y CAOS VIAL EN EL SUR DE BRASIL TRAS LAS INTENSAS LLUVIAS EN FLORIAN\u00d3POLIS - Apuntes de San Luis\",\"isPartOf\":{\"@id\":\"https:\/\/apuntesdesanluis.com\/#website\"},\"primaryImageOfPage\":{\"@id\":\"https:\/\/apuntesdesanluis.com\/index.php\/2025\/01\/17\/inundaciones-y-caos-vial-en-el-sur-de-brasil-tras-las-intensas-lluvias-en-florianopolis\/#primaryimage\"},\"image\":{\"@id\":\"https:\/\/apuntesdesanluis.com\/index.php\/2025\/01\/17\/inundaciones-y-caos-vial-en-el-sur-de-brasil-tras-las-intensas-lluvias-en-florianopolis\/#primaryimage\"},\"thumbnailUrl\":\"https:\/\/apuntesdesanluis.com\/wp-content\/uploads\/2025\/01\/inundacion.png\",\"datePublished\":\"2025-01-17T22:59:02+00:00\",\"breadcrumb\":{\"@id\":\"https:\/\/apuntesdesanluis.com\/index.php\/2025\/01\/17\/inundaciones-y-caos-vial-en-el-sur-de-brasil-tras-las-intensas-lluvias-en-florianopolis\/#breadcrumb\"},\"inLanguage\":\"es-AR\",\"potentialAction\":[{\"@type\":\"ReadAction\",\"target\":[\"https:\/\/apuntesdesanluis.com\/index.php\/2025\/01\/17\/inundaciones-y-caos-vial-en-el-sur-de-brasil-tras-las-intensas-lluvias-en-florianopolis\/\"]}]},{\"@type\":\"ImageObject\",\"inLanguage\":\"es-AR\",\"@id\":\"https:\/\/apuntesdesanluis.com\/index.php\/2025\/01\/17\/inundaciones-y-caos-vial-en-el-sur-de-brasil-tras-las-intensas-lluvias-en-florianopolis\/#primaryimage\",\"url\":\"https:\/\/apuntesdesanluis.com\/wp-content\/uploads\/2025\/01\/inundacion.png\",\"contentUrl\":\"https:\/\/apuntesdesanluis.com\/wp-content\/uploads\/2025\/01\/inundacion.png\",\"width\":712,\"height\":364},{\"@type\":\"BreadcrumbList\",\"@id\":\"https:\/\/apuntesdesanluis.com\/index.php\/2025\/01\/17\/inundaciones-y-caos-vial-en-el-sur-de-brasil-tras-las-intensas-lluvias-en-florianopolis\/#breadcrumb\",\"itemListElement\":[{\"@type\":\"ListItem\",\"position\":1,\"name\":\"Inicio\",\"item\":\"https:\/\/apuntesdesanluis.com\/\"},{\"@type\":\"ListItem\",\"position\":2,\"name\":\"INUNDACIONES Y CAOS VIAL EN EL SUR DE BRASIL TRAS LAS INTENSAS LLUVIAS EN FLORIAN\u00d3POLIS\"}]},{\"@type\":\"WebSite\",\"@id\":\"https:\/\/apuntesdesanluis.com\/#website\",\"url\":\"https:\/\/apuntesdesanluis.com\/\",\"name\":\"Apuntes de San Luis\",\"description\":\"\",\"publisher\":{\"@id\":\"https:\/\/apuntesdesanluis.com\/#\/schema\/person\/b55151d52296fcce64d1a72538a70b90\"},\"potentialAction\":[{\"@type\":\"SearchAction\",\"target\":{\"@type\":\"EntryPoint\",\"urlTemplate\":\"https:\/\/apuntesdesanluis.com\/?s={search_term_string}\"},\"query-input\":{\"@type\":\"PropertyValueSpecification\",\"valueRequired\":true,\"valueName\":\"search_term_string\"}}],\"inLanguage\":\"es-AR\"},{\"@type\":[\"Person\",\"Organization\"],\"@id\":\"https:\/\/apuntesdesanluis.com\/#\/schema\/person\/b55151d52296fcce64d1a72538a70b90\",\"name\":\"apuntesdesanluis.com\",\"image\":{\"@type\":\"ImageObject\",\"inLanguage\":\"es-AR\",\"@id\":\"https:\/\/apuntesdesanluis.com\/#\/schema\/person\/image\/\",\"url\":\"https:\/\/apuntesdesanluis.com\/wp-content\/uploads\/2023\/07\/cropped-apuntesdesanluis.png\",\"contentUrl\":\"https:\/\/apuntesdesanluis.com\/wp-content\/uploads\/2023\/07\/cropped-apuntesdesanluis.png\",\"width\":450,\"height\":112,\"caption\":\"apuntesdesanluis.com\"},\"logo\":{\"@id\":\"https:\/\/apuntesdesanluis.com\/#\/schema\/person\/image\/\"},\"sameAs\":[\"https:\/\/apuntesdesanluis.com\"],\"url\":\"https:\/\/apuntesdesanluis.com\/index.php\/author\/apuntesdesanluis-com\/\"}]}<\/script>\n<!-- \/ Yoast SEO plugin. -->","yoast_head_json":{"title":"INUNDACIONES Y CAOS VIAL EN EL SUR DE BRASIL TRAS LAS INTENSAS LLUVIAS EN FLORIAN\u00d3POLIS - Apuntes de San Luis","robots":{"index":"index","follow":"follow","max-snippet":"max-snippet:-1","max-image-preview":"max-image-preview:large","max-video-preview":"max-video-preview:-1"},"canonical":"https:\/\/apuntesdesanluis.com\/index.php\/2025\/01\/17\/inundaciones-y-caos-vial-en-el-sur-de-brasil-tras-las-intensas-lluvias-en-florianopolis\/","og_locale":"es_ES","og_type":"article","og_title":"INUNDACIONES Y CAOS VIAL EN EL SUR DE BRASIL TRAS LAS INTENSAS LLUVIAS EN FLORIAN\u00d3POLIS - Apuntes de San Luis","og_description":"Las fuertes lluvias que azotan el estado de Santa Catarina, en el sur de Brasil,...","og_url":"https:\/\/apuntesdesanluis.com\/index.php\/2025\/01\/17\/inundaciones-y-caos-vial-en-el-sur-de-brasil-tras-las-intensas-lluvias-en-florianopolis\/","og_site_name":"Apuntes de San Luis","article_published_time":"2025-01-17T22:59:02+00:00","og_image":[{"width":712,"height":364,"url":"https:\/\/apuntesdesanluis.com\/wp-content\/uploads\/2025\/01\/inundacion.png","type":"image\/png"}],"author":"apuntesdesanluis.com","twitter_card":"summary_large_image","twitter_misc":{"Escrito por":"apuntesdesanluis.com","Tiempo de lectura":"3 minutos"},"schema":{"@context":"https:\/\/schema.org","@graph":[{"@type":"Article","@id":"https:\/\/apuntesdesanluis.com\/index.php\/2025\/01\/17\/inundaciones-y-caos-vial-en-el-sur-de-brasil-tras-las-intensas-lluvias-en-florianopolis\/#article","isPartOf":{"@id":"https:\/\/apuntesdesanluis.com\/index.php\/2025\/01\/17\/inundaciones-y-caos-vial-en-el-sur-de-brasil-tras-las-intensas-lluvias-en-florianopolis\/"},"author":{"name":"apuntesdesanluis.com","@id":"https:\/\/apuntesdesanluis.com\/#\/schema\/person\/b55151d52296fcce64d1a72538a70b90"},"headline":"INUNDACIONES Y CAOS VIAL EN EL SUR DE BRASIL TRAS LAS INTENSAS LLUVIAS EN FLORIAN\u00d3POLIS","datePublished":"2025-01-17T22:59:02+00:00","mainEntityOfPage":{"@id":"https:\/\/apuntesdesanluis.com\/index.php\/2025\/01\/17\/inundaciones-y-caos-vial-en-el-sur-de-brasil-tras-las-intensas-lluvias-en-florianopolis\/"},"wordCount":573,"publisher":{"@id":"https:\/\/apuntesdesanluis.com\/#\/schema\/person\/b55151d52296fcce64d1a72538a70b90"},"image":{"@id":"https:\/\/apuntesdesanluis.com\/index.php\/2025\/01\/17\/inundaciones-y-caos-vial-en-el-sur-de-brasil-tras-las-intensas-lluvias-en-florianopolis\/#primaryimage"},"thumbnailUrl":"https:\/\/apuntesdesanluis.com\/wp-content\/uploads\/2025\/01\/inundacion.png","articleSection":["Nacionales\/Internacionales"],"inLanguage":"es-AR"},{"@type":"WebPage","@id":"https:\/\/apuntesdesanluis.com\/index.php\/2025\/01\/17\/inundaciones-y-caos-vial-en-el-sur-de-brasil-tras-las-intensas-lluvias-en-florianopolis\/","url":"https:\/\/apuntesdesanluis.com\/index.php\/2025\/01\/17\/inundaciones-y-caos-vial-en-el-sur-de-brasil-tras-las-intensas-lluvias-en-florianopolis\/","name":"INUNDACIONES Y CAOS VIAL EN EL SUR DE BRASIL TRAS LAS INTENSAS LLUVIAS EN FLORIAN\u00d3POLIS - Apuntes de San Luis","isPartOf":{"@id":"https:\/\/apuntesdesanluis.com\/#website"},"primaryImageOfPage":{"@id":"https:\/\/apuntesdesanluis.com\/index.php\/2025\/01\/17\/inundaciones-y-caos-vial-en-el-sur-de-brasil-tras-las-intensas-lluvias-en-florianopolis\/#primaryimage"},"image":{"@id":"https:\/\/apuntesdesanluis.com\/index.php\/2025\/01\/17\/inundaciones-y-caos-vial-en-el-sur-de-brasil-tras-las-intensas-lluvias-en-florianopolis\/#primaryimage"},"thumbnailUrl":"https:\/\/apuntesdesanluis.com\/wp-content\/uploads\/2025\/01\/inundacion.png","datePublished":"2025-01-17T22:59:02+00:00","breadcrumb":{"@id":"https:\/\/apuntesdesanluis.com\/index.php\/2025\/01\/17\/inundaciones-y-caos-vial-en-el-sur-de-brasil-tras-las-intensas-lluvias-en-florianopolis\/#breadcrumb"},"inLanguage":"es-AR","potentialAction":[{"@type":"ReadAction","target":["https:\/\/apuntesdesanluis.com\/index.php\/2025\/01\/17\/inundaciones-y-caos-vial-en-el-sur-de-brasil-tras-las-intensas-lluvias-en-florianopolis\/"]}]},{"@type":"ImageObject","inLanguage":"es-AR","@id":"https:\/\/apuntesdesanluis.com\/index.php\/2025\/01\/17\/inundaciones-y-caos-vial-en-el-sur-de-brasil-tras-las-intensas-lluvias-en-florianopolis\/#primaryimage","url":"https:\/\/apuntesdesanluis.com\/wp-content\/uploads\/2025\/01\/inundacion.png","contentUrl":"https:\/\/apuntesdesanluis.com\/wp-content\/uploads\/2025\/01\/inundacion.png","width":712,"height":364},{"@type":"BreadcrumbList","@id":"https:\/\/apuntesdesanluis.com\/index.php\/2025\/01\/17\/inundaciones-y-caos-vial-en-el-sur-de-brasil-tras-las-intensas-lluvias-en-florianopolis\/#breadcrumb","itemListElement":[{"@type":"ListItem","position":1,"name":"Inicio","item":"https:\/\/apuntesdesanluis.com\/"},{"@type":"ListItem","position":2,"name":"INUNDACIONES Y CAOS VIAL EN EL SUR DE BRASIL TRAS LAS INTENSAS LLUVIAS EN FLORIAN\u00d3POLIS"}]},{"@type":"WebSite","@id":"https:\/\/apuntesdesanluis.com\/#website","url":"https:\/\/apuntesdesanluis.com\/","name":"Apuntes de San Luis","description":"","publisher":{"@id":"https:\/\/apuntesdesanluis.com\/#\/schema\/person\/b55151d52296fcce64d1a72538a70b90"},"potentialAction":[{"@type":"SearchAction","target":{"@type":"EntryPoint","urlTemplate":"https:\/\/apuntesdesanluis.com\/?s={search_term_string}"},"query-input":{"@type":"PropertyValueSpecification","valueRequired":true,"valueName":"search_term_string"}}],"inLanguage":"es-AR"},{"@type":["Person","Organization"],"@id":"https:\/\/apuntesdesanluis.com\/#\/schema\/person\/b55151d52296fcce64d1a72538a70b90","name":"apuntesdesanluis.com","image":{"@type":"ImageObject","inLanguage":"es-AR","@id":"https:\/\/apuntesdesanluis.com\/#\/schema\/person\/image\/","url":"https:\/\/apuntesdesanluis.com\/wp-content\/uploads\/2023\/07\/cropped-apuntesdesanluis.png","contentUrl":"https:\/\/apuntesdesanluis.com\/wp-content\/uploads\/2023\/07\/cropped-apuntesdesanluis.png","width":450,"height":112,"caption":"apuntesdesanluis.com"},"logo":{"@id":"https:\/\/apuntesdesanluis.com\/#\/schema\/person\/image\/"},"sameAs":["https:\/\/apuntesdesanluis.com"],"url":"https:\/\/apuntesdesanluis.com\/index.php\/author\/apuntesdesanluis-com\/"}]}},"featured_image_urls":{"full":["https:\/\/apuntesdesanluis.com\/wp-content\/uploads\/2025\/01\/inundacion.png",712,364,false],"thumbnail":["https:\/\/apuntesdesanluis.com\/wp-content\/uploads\/2025\/01\/inundacion-150x150.png",150,150,true],"medium":["https:\/\/apuntesdesanluis.com\/wp-content\/uploads\/2025\/01\/inundacion-300x153.png",300,153,true],"medium_large":["https:\/\/apuntesdesanluis.com\/wp-content\/uploads\/2025\/01\/inundacion.png",640,327,false],"large":["https:\/\/apuntesdesanluis.com\/wp-content\/uploads\/2025\/01\/inundacion.png",640,327,false],"1536x1536":["https:\/\/apuntesdesanluis.com\/wp-content\/uploads\/2025\/01\/inundacion.png",712,364,false],"2048x2048":["https:\/\/apuntesdesanluis.com\/wp-content\/uploads\/2025\/01\/inundacion.png",712,364,false],"newsever-slider-full":["https:\/\/apuntesdesanluis.com\/wp-content\/uploads\/2025\/01\/inundacion.png",712,364,false],"newsever-featured":["https:\/\/apuntesdesanluis.com\/wp-content\/uploads\/2025\/01\/inundacion.png",712,364,false],"newsever-medium":["https:\/\/apuntesdesanluis.com\/wp-content\/uploads\/2025\/01\/inundacion.png",712,364,false]},"author_info":{"display_name":"apuntesdesanluis.com","author_link":"https:\/\/apuntesdesanluis.com\/index.php\/author\/apuntesdesanluis-com\/"},"category_info":"<a href=\"https:\/\/apuntesdesanluis.com\/index.php\/category\/nacionales-internacionales\/\" rel=\"category tag\">Nacionales\/Internacionales<\/a>","tag_info":"Nacionales\/Internacionales","comment_count":"0","_links":{"self":[{"href":"https:\/\/apuntesdesanluis.com\/index.php\/wp-json\/wp\/v2\/posts\/27926","targetHints":{"allow":["GET"]}}],"collection":[{"href":"https:\/\/apuntesdesanluis.com\/index.php\/wp-json\/wp\/v2\/posts"}],"about":[{"href":"https:\/\/apuntesdesanluis.com\/index.php\/wp-json\/wp\/v2\/types\/post"}],"author":[{"embeddable":true,"href":"https:\/\/apuntesdesanluis.com\/index.php\/wp-json\/wp\/v2\/users\/1"}],"replies":[{"embeddable":true,"href":"https:\/\/apuntesdesanluis.com\/index.php\/wp-json\/wp\/v2\/comments?post=27926"}],"version-history":[{"count":1,"href":"https:\/\/apuntesdesanluis.com\/index.php\/wp-json\/wp\/v2\/posts\/27926\/revisions"}],"predecessor-version":[{"id":27929,"href":"https:\/\/apuntesdesanluis.com\/index.php\/wp-json\/wp\/v2\/posts\/27926\/revisions\/27929"}],"wp:featuredmedia":[{"embeddable":true,"href":"https:\/\/apuntesdesanluis.com\/index.php\/wp-json\/wp\/v2\/media\/27927"}],"wp:attachment":[{"href":"https:\/\/apuntesdesanluis.com\/index.php\/wp-json\/wp\/v2\/media?parent=27926"}],"wp:term":[{"taxonomy":"category","embeddable":true,"href":"https:\/\/apuntesdesanluis.com\/index.php\/wp-json\/wp\/v2\/categories?post=27926"},{"taxonomy":"post_tag","embeddable":true,"href":"https:\/\/apuntesdesanluis.com\/index.php\/wp-json\/wp\/v2\/tags?post=27926"}],"curies":[{"name":"wp","href":"https:\/\/api.w.org\/{rel}","templated":true}]}}