{"id":27942,"date":"2025-01-19T17:55:19","date_gmt":"2025-01-19T20:55:19","guid":{"rendered":"https:\/\/apuntesdesanluis.com\/?p=27942"},"modified":"2025-01-19T17:55:19","modified_gmt":"2025-01-19T20:55:19","slug":"georgieva-dijo-que-la-reunion-con-milei-fue-excelente-y-destaco-el-tremendo-progreso-de-la-argentina","status":"publish","type":"post","link":"https:\/\/apuntesdesanluis.com\/index.php\/2025\/01\/19\/georgieva-dijo-que-la-reunion-con-milei-fue-excelente-y-destaco-el-tremendo-progreso-de-la-argentina\/","title":{"rendered":"GEORGIEVA DIJO QUE LA REUNI\u00d3N CON MILEI FUE &#8220;EXCELENTE&#8221; Y DESTAC\u00d3 EL &#8220;TREMENDO PROGRESO&#8221; DE LA ARGENTINA"},"content":{"rendered":"<h3>\u201cExcelente\u201d. Con esa palabra la titular del FMI, <strong>Kristalina Georgieva<\/strong>, describi\u00f3 el acuerdo clave mantenido hoy con el presidente <strong>Javier Milei<\/strong> en Washington, a pocas horas de que Donald Trump asuma otra vez la presidencia de los Estados Unidos.<\/h3>\n<h3>El respaldo que la funcionaria le dio al mandatario al t\u00e9rmino del encuentro signific\u00f3 todo un gesto para la Argentina.<\/h3>\n<h3>Luego del c\u00f3nclave que tuvo lugar en el hotel donde se aloja el Presidente, Georgieva brind\u00f3 un categ\u00f3rico apoyo al programa argentino, del que ponder\u00f3 el &#8220;tremendo progreso&#8221; que signific\u00f3 para el pa\u00eds.<\/h3>\n<h3>Tambi\u00e9n se\u00f1al\u00f3 que su encuentro con el l\u00edder libertario hab\u00eda sido &#8220;excelente&#8221; y que una misi\u00f3n del organismo desembarcar\u00e1 en Buenos Aires la pr\u00f3xima semana.<\/h3>\n<h3>&#8220;Argentina ha hecho un tremendo progreso para bajar la inflaci\u00f3n, estabilizar la econom\u00eda y reactivar el crecimiento&#8221;, ponder\u00f3 la directora gerente del FMI.<\/h3>\n<h3>Incluso, vaticin\u00f3 que &#8220;la gente ha empezado a ver algunos de los beneficios: la pobreza en la Argentina finalmente ha empezado a bajar&#8221;.<\/h3>\n<h3>Georgieva anunci\u00f3 que la pr\u00f3xima semana viajar\u00e1 a la Argentina un equipo del Fondo Monetario Internacional con el fin de seguir y trabajando en un nuevo programa.<\/h3>\n<h3>&#8220;El resultado ser\u00e1 una Argentina m\u00e1s din\u00e1mica y pr\u00f3spera&#8221;, remarc\u00f3.<\/h3>\n<h3>En el encuentro, Milei estuvo acompa\u00f1ado por el ministro de Econom\u00eda, Luis Caputo, y el canciller Gerardo Werthein.<\/h3>\n<p>&nbsp;<\/p>\n<p>&nbsp;<\/p>\n<p>&nbsp;<\/p>\n","protected":false},"excerpt":{"rendered":"<p>\u201cExcelente\u201d. Con esa palabra la titular del FMI, Kristalina Georgieva, describi\u00f3 el acuerdo clave mantenido&#8230;<\/p>\n","protected":false},"author":1,"featured_media":27943,"comment_status":"closed","ping_status":"closed","sticky":false,"template":"","format":"standard","meta":{"footnotes":""},"categories":[5],"tags":[],"class_list":["post-27942","post","type-post","status-publish","format-standard","has-post-thumbnail","hentry","category-nacionales-internacionales"],"yoast_head":"<!-- This site is optimized with the Yoast SEO plugin v26.1.1 - https:\/\/yoast.com\/wordpress\/plugins\/seo\/ -->\n<title>GEORGIEVA DIJO QUE LA REUNI\u00d3N CON MILEI FUE &quot;EXCELENTE&quot; Y DESTAC\u00d3 EL &quot;TREMENDO PROGRESO&quot; DE LA ARGENTINA - Apuntes de San Luis<\/title>\n<meta name=\"robots\" content=\"index, follow, max-snippet:-1, max-image-preview:large, max-video-preview:-1\" \/>\n<link rel=\"canonical\" href=\"https:\/\/apuntesdesanluis.com\/index.php\/2025\/01\/19\/georgieva-dijo-que-la-reunion-con-milei-fue-excelente-y-destaco-el-tremendo-progreso-de-la-argentina\/\" \/>\n<meta property=\"og:locale\" content=\"es_ES\" \/>\n<meta property=\"og:type\" content=\"article\" \/>\n<meta property=\"og:title\" content=\"GEORGIEVA DIJO QUE LA REUNI\u00d3N CON MILEI FUE &quot;EXCELENTE&quot; Y DESTAC\u00d3 EL &quot;TREMENDO PROGRESO&quot; DE LA ARGENTINA - Apuntes de San Luis\" \/>\n<meta property=\"og:description\" content=\"\u201cExcelente\u201d. Con esa palabra la titular del FMI, Kristalina Georgieva, describi\u00f3 el acuerdo clave mantenido...\" \/>\n<meta property=\"og:url\" content=\"https:\/\/apuntesdesanluis.com\/index.php\/2025\/01\/19\/georgieva-dijo-que-la-reunion-con-milei-fue-excelente-y-destaco-el-tremendo-progreso-de-la-argentina\/\" \/>\n<meta property=\"og:site_name\" content=\"Apuntes de San Luis\" \/>\n<meta property=\"article:published_time\" content=\"2025-01-19T20:55:19+00:00\" \/>\n<meta property=\"og:image\" content=\"https:\/\/apuntesdesanluis.com\/wp-content\/uploads\/2025\/01\/milei-y-georgieva.png\" \/>\n\t<meta property=\"og:image:width\" content=\"605\" \/>\n\t<meta property=\"og:image:height\" content=\"405\" \/>\n\t<meta property=\"og:image:type\" content=\"image\/png\" \/>\n<meta name=\"author\" content=\"apuntesdesanluis.com\" \/>\n<meta name=\"twitter:card\" content=\"summary_large_image\" \/>\n<meta name=\"twitter:label1\" content=\"Escrito por\" \/>\n\t<meta name=\"twitter:data1\" content=\"apuntesdesanluis.com\" \/>\n\t<meta name=\"twitter:label2\" content=\"Tiempo de lectura\" \/>\n\t<meta name=\"twitter:data2\" content=\"2 minutos\" \/>\n<script type=\"application\/ld+json\" class=\"yoast-schema-graph\">{\"@context\":\"https:\/\/schema.org\",\"@graph\":[{\"@type\":\"Article\",\"@id\":\"https:\/\/apuntesdesanluis.com\/index.php\/2025\/01\/19\/georgieva-dijo-que-la-reunion-con-milei-fue-excelente-y-destaco-el-tremendo-progreso-de-la-argentina\/#article\",\"isPartOf\":{\"@id\":\"https:\/\/apuntesdesanluis.com\/index.php\/2025\/01\/19\/georgieva-dijo-que-la-reunion-con-milei-fue-excelente-y-destaco-el-tremendo-progreso-de-la-argentina\/\"},\"author\":{\"name\":\"apuntesdesanluis.com\",\"@id\":\"https:\/\/apuntesdesanluis.com\/#\/schema\/person\/b55151d52296fcce64d1a72538a70b90\"},\"headline\":\"GEORGIEVA DIJO QUE LA REUNI\u00d3N CON MILEI FUE &#8220;EXCELENTE&#8221; Y DESTAC\u00d3 EL &#8220;TREMENDO PROGRESO&#8221; DE LA ARGENTINA\",\"datePublished\":\"2025-01-19T20:55:19+00:00\",\"mainEntityOfPage\":{\"@id\":\"https:\/\/apuntesdesanluis.com\/index.php\/2025\/01\/19\/georgieva-dijo-que-la-reunion-con-milei-fue-excelente-y-destaco-el-tremendo-progreso-de-la-argentina\/\"},\"wordCount\":257,\"publisher\":{\"@id\":\"https:\/\/apuntesdesanluis.com\/#\/schema\/person\/b55151d52296fcce64d1a72538a70b90\"},\"image\":{\"@id\":\"https:\/\/apuntesdesanluis.com\/index.php\/2025\/01\/19\/georgieva-dijo-que-la-reunion-con-milei-fue-excelente-y-destaco-el-tremendo-progreso-de-la-argentina\/#primaryimage\"},\"thumbnailUrl\":\"https:\/\/apuntesdesanluis.com\/wp-content\/uploads\/2025\/01\/milei-y-georgieva.png\",\"articleSection\":[\"Nacionales\/Internacionales\"],\"inLanguage\":\"es-AR\"},{\"@type\":\"WebPage\",\"@id\":\"https:\/\/apuntesdesanluis.com\/index.php\/2025\/01\/19\/georgieva-dijo-que-la-reunion-con-milei-fue-excelente-y-destaco-el-tremendo-progreso-de-la-argentina\/\",\"url\":\"https:\/\/apuntesdesanluis.com\/index.php\/2025\/01\/19\/georgieva-dijo-que-la-reunion-con-milei-fue-excelente-y-destaco-el-tremendo-progreso-de-la-argentina\/\",\"name\":\"GEORGIEVA DIJO QUE LA REUNI\u00d3N CON MILEI FUE \\\"EXCELENTE\\\" Y DESTAC\u00d3 EL \\\"TREMENDO PROGRESO\\\" DE LA ARGENTINA - Apuntes de San Luis\",\"isPartOf\":{\"@id\":\"https:\/\/apuntesdesanluis.com\/#website\"},\"primaryImageOfPage\":{\"@id\":\"https:\/\/apuntesdesanluis.com\/index.php\/2025\/01\/19\/georgieva-dijo-que-la-reunion-con-milei-fue-excelente-y-destaco-el-tremendo-progreso-de-la-argentina\/#primaryimage\"},\"image\":{\"@id\":\"https:\/\/apuntesdesanluis.com\/index.php\/2025\/01\/19\/georgieva-dijo-que-la-reunion-con-milei-fue-excelente-y-destaco-el-tremendo-progreso-de-la-argentina\/#primaryimage\"},\"thumbnailUrl\":\"https:\/\/apuntesdesanluis.com\/wp-content\/uploads\/2025\/01\/milei-y-georgieva.png\",\"datePublished\":\"2025-01-19T20:55:19+00:00\",\"breadcrumb\":{\"@id\":\"https:\/\/apuntesdesanluis.com\/index.php\/2025\/01\/19\/georgieva-dijo-que-la-reunion-con-milei-fue-excelente-y-destaco-el-tremendo-progreso-de-la-argentina\/#breadcrumb\"},\"inLanguage\":\"es-AR\",\"potentialAction\":[{\"@type\":\"ReadAction\",\"target\":[\"https:\/\/apuntesdesanluis.com\/index.php\/2025\/01\/19\/georgieva-dijo-que-la-reunion-con-milei-fue-excelente-y-destaco-el-tremendo-progreso-de-la-argentina\/\"]}]},{\"@type\":\"ImageObject\",\"inLanguage\":\"es-AR\",\"@id\":\"https:\/\/apuntesdesanluis.com\/index.php\/2025\/01\/19\/georgieva-dijo-que-la-reunion-con-milei-fue-excelente-y-destaco-el-tremendo-progreso-de-la-argentina\/#primaryimage\",\"url\":\"https:\/\/apuntesdesanluis.com\/wp-content\/uploads\/2025\/01\/milei-y-georgieva.png\",\"contentUrl\":\"https:\/\/apuntesdesanluis.com\/wp-content\/uploads\/2025\/01\/milei-y-georgieva.png\",\"width\":605,\"height\":405},{\"@type\":\"BreadcrumbList\",\"@id\":\"https:\/\/apuntesdesanluis.com\/index.php\/2025\/01\/19\/georgieva-dijo-que-la-reunion-con-milei-fue-excelente-y-destaco-el-tremendo-progreso-de-la-argentina\/#breadcrumb\",\"itemListElement\":[{\"@type\":\"ListItem\",\"position\":1,\"name\":\"Inicio\",\"item\":\"https:\/\/apuntesdesanluis.com\/\"},{\"@type\":\"ListItem\",\"position\":2,\"name\":\"GEORGIEVA DIJO QUE LA REUNI\u00d3N CON MILEI FUE &#8220;EXCELENTE&#8221; Y DESTAC\u00d3 EL &#8220;TREMENDO PROGRESO&#8221; DE LA ARGENTINA\"}]},{\"@type\":\"WebSite\",\"@id\":\"https:\/\/apuntesdesanluis.com\/#website\",\"url\":\"https:\/\/apuntesdesanluis.com\/\",\"name\":\"Apuntes de San Luis\",\"description\":\"\",\"publisher\":{\"@id\":\"https:\/\/apuntesdesanluis.com\/#\/schema\/person\/b55151d52296fcce64d1a72538a70b90\"},\"potentialAction\":[{\"@type\":\"SearchAction\",\"target\":{\"@type\":\"EntryPoint\",\"urlTemplate\":\"https:\/\/apuntesdesanluis.com\/?s={search_term_string}\"},\"query-input\":{\"@type\":\"PropertyValueSpecification\",\"valueRequired\":true,\"valueName\":\"search_term_string\"}}],\"inLanguage\":\"es-AR\"},{\"@type\":[\"Person\",\"Organization\"],\"@id\":\"https:\/\/apuntesdesanluis.com\/#\/schema\/person\/b55151d52296fcce64d1a72538a70b90\",\"name\":\"apuntesdesanluis.com\",\"image\":{\"@type\":\"ImageObject\",\"inLanguage\":\"es-AR\",\"@id\":\"https:\/\/apuntesdesanluis.com\/#\/schema\/person\/image\/\",\"url\":\"https:\/\/apuntesdesanluis.com\/wp-content\/uploads\/2023\/07\/cropped-apuntesdesanluis.png\",\"contentUrl\":\"https:\/\/apuntesdesanluis.com\/wp-content\/uploads\/2023\/07\/cropped-apuntesdesanluis.png\",\"width\":450,\"height\":112,\"caption\":\"apuntesdesanluis.com\"},\"logo\":{\"@id\":\"https:\/\/apuntesdesanluis.com\/#\/schema\/person\/image\/\"},\"sameAs\":[\"https:\/\/apuntesdesanluis.com\"],\"url\":\"https:\/\/apuntesdesanluis.com\/index.php\/author\/apuntesdesanluis-com\/\"}]}<\/script>\n<!-- \/ Yoast SEO plugin. -->","yoast_head_json":{"title":"GEORGIEVA DIJO QUE LA REUNI\u00d3N CON MILEI FUE \"EXCELENTE\" Y DESTAC\u00d3 EL \"TREMENDO PROGRESO\" DE LA ARGENTINA - Apuntes de San Luis","robots":{"index":"index","follow":"follow","max-snippet":"max-snippet:-1","max-image-preview":"max-image-preview:large","max-video-preview":"max-video-preview:-1"},"canonical":"https:\/\/apuntesdesanluis.com\/index.php\/2025\/01\/19\/georgieva-dijo-que-la-reunion-con-milei-fue-excelente-y-destaco-el-tremendo-progreso-de-la-argentina\/","og_locale":"es_ES","og_type":"article","og_title":"GEORGIEVA DIJO QUE LA REUNI\u00d3N CON MILEI FUE \"EXCELENTE\" Y DESTAC\u00d3 EL \"TREMENDO PROGRESO\" DE LA ARGENTINA - Apuntes de San Luis","og_description":"\u201cExcelente\u201d. Con esa palabra la titular del FMI, Kristalina Georgieva, describi\u00f3 el acuerdo clave mantenido...","og_url":"https:\/\/apuntesdesanluis.com\/index.php\/2025\/01\/19\/georgieva-dijo-que-la-reunion-con-milei-fue-excelente-y-destaco-el-tremendo-progreso-de-la-argentina\/","og_site_name":"Apuntes de San Luis","article_published_time":"2025-01-19T20:55:19+00:00","og_image":[{"width":605,"height":405,"url":"https:\/\/apuntesdesanluis.com\/wp-content\/uploads\/2025\/01\/milei-y-georgieva.png","type":"image\/png"}],"author":"apuntesdesanluis.com","twitter_card":"summary_large_image","twitter_misc":{"Escrito por":"apuntesdesanluis.com","Tiempo de lectura":"2 minutos"},"schema":{"@context":"https:\/\/schema.org","@graph":[{"@type":"Article","@id":"https:\/\/apuntesdesanluis.com\/index.php\/2025\/01\/19\/georgieva-dijo-que-la-reunion-con-milei-fue-excelente-y-destaco-el-tremendo-progreso-de-la-argentina\/#article","isPartOf":{"@id":"https:\/\/apuntesdesanluis.com\/index.php\/2025\/01\/19\/georgieva-dijo-que-la-reunion-con-milei-fue-excelente-y-destaco-el-tremendo-progreso-de-la-argentina\/"},"author":{"name":"apuntesdesanluis.com","@id":"https:\/\/apuntesdesanluis.com\/#\/schema\/person\/b55151d52296fcce64d1a72538a70b90"},"headline":"GEORGIEVA DIJO QUE LA REUNI\u00d3N CON MILEI FUE &#8220;EXCELENTE&#8221; Y DESTAC\u00d3 EL &#8220;TREMENDO PROGRESO&#8221; DE LA ARGENTINA","datePublished":"2025-01-19T20:55:19+00:00","mainEntityOfPage":{"@id":"https:\/\/apuntesdesanluis.com\/index.php\/2025\/01\/19\/georgieva-dijo-que-la-reunion-con-milei-fue-excelente-y-destaco-el-tremendo-progreso-de-la-argentina\/"},"wordCount":257,"publisher":{"@id":"https:\/\/apuntesdesanluis.com\/#\/schema\/person\/b55151d52296fcce64d1a72538a70b90"},"image":{"@id":"https:\/\/apuntesdesanluis.com\/index.php\/2025\/01\/19\/georgieva-dijo-que-la-reunion-con-milei-fue-excelente-y-destaco-el-tremendo-progreso-de-la-argentina\/#primaryimage"},"thumbnailUrl":"https:\/\/apuntesdesanluis.com\/wp-content\/uploads\/2025\/01\/milei-y-georgieva.png","articleSection":["Nacionales\/Internacionales"],"inLanguage":"es-AR"},{"@type":"WebPage","@id":"https:\/\/apuntesdesanluis.com\/index.php\/2025\/01\/19\/georgieva-dijo-que-la-reunion-con-milei-fue-excelente-y-destaco-el-tremendo-progreso-de-la-argentina\/","url":"https:\/\/apuntesdesanluis.com\/index.php\/2025\/01\/19\/georgieva-dijo-que-la-reunion-con-milei-fue-excelente-y-destaco-el-tremendo-progreso-de-la-argentina\/","name":"GEORGIEVA DIJO QUE LA REUNI\u00d3N CON MILEI FUE \"EXCELENTE\" Y DESTAC\u00d3 EL \"TREMENDO PROGRESO\" DE LA ARGENTINA - Apuntes de San Luis","isPartOf":{"@id":"https:\/\/apuntesdesanluis.com\/#website"},"primaryImageOfPage":{"@id":"https:\/\/apuntesdesanluis.com\/index.php\/2025\/01\/19\/georgieva-dijo-que-la-reunion-con-milei-fue-excelente-y-destaco-el-tremendo-progreso-de-la-argentina\/#primaryimage"},"image":{"@id":"https:\/\/apuntesdesanluis.com\/index.php\/2025\/01\/19\/georgieva-dijo-que-la-reunion-con-milei-fue-excelente-y-destaco-el-tremendo-progreso-de-la-argentina\/#primaryimage"},"thumbnailUrl":"https:\/\/apuntesdesanluis.com\/wp-content\/uploads\/2025\/01\/milei-y-georgieva.png","datePublished":"2025-01-19T20:55:19+00:00","breadcrumb":{"@id":"https:\/\/apuntesdesanluis.com\/index.php\/2025\/01\/19\/georgieva-dijo-que-la-reunion-con-milei-fue-excelente-y-destaco-el-tremendo-progreso-de-la-argentina\/#breadcrumb"},"inLanguage":"es-AR","potentialAction":[{"@type":"ReadAction","target":["https:\/\/apuntesdesanluis.com\/index.php\/2025\/01\/19\/georgieva-dijo-que-la-reunion-con-milei-fue-excelente-y-destaco-el-tremendo-progreso-de-la-argentina\/"]}]},{"@type":"ImageObject","inLanguage":"es-AR","@id":"https:\/\/apuntesdesanluis.com\/index.php\/2025\/01\/19\/georgieva-dijo-que-la-reunion-con-milei-fue-excelente-y-destaco-el-tremendo-progreso-de-la-argentina\/#primaryimage","url":"https:\/\/apuntesdesanluis.com\/wp-content\/uploads\/2025\/01\/milei-y-georgieva.png","contentUrl":"https:\/\/apuntesdesanluis.com\/wp-content\/uploads\/2025\/01\/milei-y-georgieva.png","width":605,"height":405},{"@type":"BreadcrumbList","@id":"https:\/\/apuntesdesanluis.com\/index.php\/2025\/01\/19\/georgieva-dijo-que-la-reunion-con-milei-fue-excelente-y-destaco-el-tremendo-progreso-de-la-argentina\/#breadcrumb","itemListElement":[{"@type":"ListItem","position":1,"name":"Inicio","item":"https:\/\/apuntesdesanluis.com\/"},{"@type":"ListItem","position":2,"name":"GEORGIEVA DIJO QUE LA REUNI\u00d3N CON MILEI FUE &#8220;EXCELENTE&#8221; Y DESTAC\u00d3 EL &#8220;TREMENDO PROGRESO&#8221; DE LA ARGENTINA"}]},{"@type":"WebSite","@id":"https:\/\/apuntesdesanluis.com\/#website","url":"https:\/\/apuntesdesanluis.com\/","name":"Apuntes de San Luis","description":"","publisher":{"@id":"https:\/\/apuntesdesanluis.com\/#\/schema\/person\/b55151d52296fcce64d1a72538a70b90"},"potentialAction":[{"@type":"SearchAction","target":{"@type":"EntryPoint","urlTemplate":"https:\/\/apuntesdesanluis.com\/?s={search_term_string}"},"query-input":{"@type":"PropertyValueSpecification","valueRequired":true,"valueName":"search_term_string"}}],"inLanguage":"es-AR"},{"@type":["Person","Organization"],"@id":"https:\/\/apuntesdesanluis.com\/#\/schema\/person\/b55151d52296fcce64d1a72538a70b90","name":"apuntesdesanluis.com","image":{"@type":"ImageObject","inLanguage":"es-AR","@id":"https:\/\/apuntesdesanluis.com\/#\/schema\/person\/image\/","url":"https:\/\/apuntesdesanluis.com\/wp-content\/uploads\/2023\/07\/cropped-apuntesdesanluis.png","contentUrl":"https:\/\/apuntesdesanluis.com\/wp-content\/uploads\/2023\/07\/cropped-apuntesdesanluis.png","width":450,"height":112,"caption":"apuntesdesanluis.com"},"logo":{"@id":"https:\/\/apuntesdesanluis.com\/#\/schema\/person\/image\/"},"sameAs":["https:\/\/apuntesdesanluis.com"],"url":"https:\/\/apuntesdesanluis.com\/index.php\/author\/apuntesdesanluis-com\/"}]}},"featured_image_urls":{"full":["https:\/\/apuntesdesanluis.com\/wp-content\/uploads\/2025\/01\/milei-y-georgieva.png",605,405,false],"thumbnail":["https:\/\/apuntesdesanluis.com\/wp-content\/uploads\/2025\/01\/milei-y-georgieva-150x150.png",150,150,true],"medium":["https:\/\/apuntesdesanluis.com\/wp-content\/uploads\/2025\/01\/milei-y-georgieva-300x201.png",300,201,true],"medium_large":["https:\/\/apuntesdesanluis.com\/wp-content\/uploads\/2025\/01\/milei-y-georgieva.png",605,405,false],"large":["https:\/\/apuntesdesanluis.com\/wp-content\/uploads\/2025\/01\/milei-y-georgieva.png",605,405,false],"1536x1536":["https:\/\/apuntesdesanluis.com\/wp-content\/uploads\/2025\/01\/milei-y-georgieva.png",605,405,false],"2048x2048":["https:\/\/apuntesdesanluis.com\/wp-content\/uploads\/2025\/01\/milei-y-georgieva.png",605,405,false],"newsever-slider-full":["https:\/\/apuntesdesanluis.com\/wp-content\/uploads\/2025\/01\/milei-y-georgieva.png",605,405,false],"newsever-featured":["https:\/\/apuntesdesanluis.com\/wp-content\/uploads\/2025\/01\/milei-y-georgieva.png",605,405,false],"newsever-medium":["https:\/\/apuntesdesanluis.com\/wp-content\/uploads\/2025\/01\/milei-y-georgieva.png",605,405,false]},"author_info":{"display_name":"apuntesdesanluis.com","author_link":"https:\/\/apuntesdesanluis.com\/index.php\/author\/apuntesdesanluis-com\/"},"category_info":"<a href=\"https:\/\/apuntesdesanluis.com\/index.php\/category\/nacionales-internacionales\/\" rel=\"category tag\">Nacionales\/Internacionales<\/a>","tag_info":"Nacionales\/Internacionales","comment_count":"0","_links":{"self":[{"href":"https:\/\/apuntesdesanluis.com\/index.php\/wp-json\/wp\/v2\/posts\/27942","targetHints":{"allow":["GET"]}}],"collection":[{"href":"https:\/\/apuntesdesanluis.com\/index.php\/wp-json\/wp\/v2\/posts"}],"about":[{"href":"https:\/\/apuntesdesanluis.com\/index.php\/wp-json\/wp\/v2\/types\/post"}],"author":[{"embeddable":true,"href":"https:\/\/apuntesdesanluis.com\/index.php\/wp-json\/wp\/v2\/users\/1"}],"replies":[{"embeddable":true,"href":"https:\/\/apuntesdesanluis.com\/index.php\/wp-json\/wp\/v2\/comments?post=27942"}],"version-history":[{"count":1,"href":"https:\/\/apuntesdesanluis.com\/index.php\/wp-json\/wp\/v2\/posts\/27942\/revisions"}],"predecessor-version":[{"id":27944,"href":"https:\/\/apuntesdesanluis.com\/index.php\/wp-json\/wp\/v2\/posts\/27942\/revisions\/27944"}],"wp:featuredmedia":[{"embeddable":true,"href":"https:\/\/apuntesdesanluis.com\/index.php\/wp-json\/wp\/v2\/media\/27943"}],"wp:attachment":[{"href":"https:\/\/apuntesdesanluis.com\/index.php\/wp-json\/wp\/v2\/media?parent=27942"}],"wp:term":[{"taxonomy":"category","embeddable":true,"href":"https:\/\/apuntesdesanluis.com\/index.php\/wp-json\/wp\/v2\/categories?post=27942"},{"taxonomy":"post_tag","embeddable":true,"href":"https:\/\/apuntesdesanluis.com\/index.php\/wp-json\/wp\/v2\/tags?post=27942"}],"curies":[{"name":"wp","href":"https:\/\/api.w.org\/{rel}","templated":true}]}}