{"id":27955,"date":"2025-01-19T19:06:57","date_gmt":"2025-01-19T22:06:57","guid":{"rendered":"https:\/\/apuntesdesanluis.com\/?p=27955"},"modified":"2025-01-19T19:12:31","modified_gmt":"2025-01-19T22:12:31","slug":"mas-de-1-200-personas-disputaron-la-22-maraton-calle-angosta","status":"publish","type":"post","link":"https:\/\/apuntesdesanluis.com\/index.php\/2025\/01\/19\/mas-de-1-200-personas-disputaron-la-22-maraton-calle-angosta\/","title":{"rendered":"EXITOSA 22\u00b0 MARAT\u00d3N CALLE ANGOSTA, CON M\u00c1S DE 1.200 DEPORTISTAS"},"content":{"rendered":"<h3>Con una jornada clim\u00e1tica espectacular, este domingo las calles de Villa Mercedes albergaron a cerca de 1.200 atletas de todo el pa\u00eds, que disputaron esta tradicional competencia, la cual fue seguida por gran cantidad de vecinos que salieron a la puerta de sus casas a alentar a los deportistas.<\/h3>\n<p><img fetchpriority=\"high\" decoding=\"async\" class=\"wp-image-27957 aligncenter\" src=\"https:\/\/apuntesdesanluis.com\/wp-content\/uploads\/2025\/01\/maxi-adelaida-300x197.png\" alt=\"\" width=\"672\" height=\"441\" srcset=\"https:\/\/apuntesdesanluis.com\/wp-content\/uploads\/2025\/01\/maxi-adelaida-300x197.png 300w, https:\/\/apuntesdesanluis.com\/wp-content\/uploads\/2025\/01\/maxi-adelaida-768x505.png 768w, https:\/\/apuntesdesanluis.com\/wp-content\/uploads\/2025\/01\/maxi-adelaida.png 807w\" sizes=\"(max-width: 672px) 100vw, 672px\" \/><\/p>\n<h3>La 22\u00b0 edici\u00f3n de la Marat\u00f3n Calle Angosta reparti\u00f3 2 millones en premios y confirm\u00f3 que esta competencia es una de las m\u00e1s importantes de la provincia. Cont\u00f3 con la presencia del intendente <strong>Maximiliano Frontera<\/strong> y la secretar\u00eda de Deportes de la provincia, <strong>Adelaida Mu\u00f1iz<\/strong>, entre otras autoridades y legisladores de la ciudad.<\/h3>\n<p><img decoding=\"async\" class=\"wp-image-27958 aligncenter\" src=\"https:\/\/apuntesdesanluis.com\/wp-content\/uploads\/2025\/01\/maxi-flaca-300x231.png\" alt=\"\" width=\"671\" height=\"517\" srcset=\"https:\/\/apuntesdesanluis.com\/wp-content\/uploads\/2025\/01\/maxi-flaca-300x231.png 300w, https:\/\/apuntesdesanluis.com\/wp-content\/uploads\/2025\/01\/maxi-flaca-768x592.png 768w, https:\/\/apuntesdesanluis.com\/wp-content\/uploads\/2025\/01\/maxi-flaca.png 805w\" sizes=\"(max-width: 671px) 100vw, 671px\" \/><\/p>\n<h3>A las 7 hs. fue la largada desde la salida del T\u00fanel \u201cArrieros Puntanos\u201d y las y los participantes recorrieron los distintos trayectos, de acuerdo a las categor\u00edas: infantil, adaptado, 3K, 5K, 10K y 21K.<\/h3>\n<p><img decoding=\"async\" class=\"wp-image-27959 aligncenter\" src=\"https:\/\/apuntesdesanluis.com\/wp-content\/uploads\/2025\/01\/muchos-300x145.png\" alt=\"\" width=\"670\" height=\"324\" srcset=\"https:\/\/apuntesdesanluis.com\/wp-content\/uploads\/2025\/01\/muchos-300x145.png 300w, https:\/\/apuntesdesanluis.com\/wp-content\/uploads\/2025\/01\/muchos-768x370.png 768w, https:\/\/apuntesdesanluis.com\/wp-content\/uploads\/2025\/01\/muchos.png 946w\" sizes=\"(max-width: 670px) 100vw, 670px\" \/><\/p>\n<h3>Al finalizar, las premiaciones tuvieron lugar sobre el escenario Alfonso y Zavala de la Calle Angosta.<\/h3>\n<p><img loading=\"lazy\" decoding=\"async\" class=\"wp-image-27960 aligncenter\" src=\"https:\/\/apuntesdesanluis.com\/wp-content\/uploads\/2025\/01\/discapacitados-300x229.png\" alt=\"\" width=\"668\" height=\"510\" srcset=\"https:\/\/apuntesdesanluis.com\/wp-content\/uploads\/2025\/01\/discapacitados-300x229.png 300w, https:\/\/apuntesdesanluis.com\/wp-content\/uploads\/2025\/01\/discapacitados-768x587.png 768w, https:\/\/apuntesdesanluis.com\/wp-content\/uploads\/2025\/01\/discapacitados.png 789w\" sizes=\"(max-width: 668px) 100vw, 668px\" \/><\/p>\n<h3>Los primeros puestos de los 21K fueron para <strong>Brian Burgos<\/strong> de R\u00edo Cuarto y <strong>Carla Dutrey<\/strong> de Villa Mercedes.<\/h3>\n<p><img loading=\"lazy\" decoding=\"async\" class=\"wp-image-27961 aligncenter\" src=\"https:\/\/apuntesdesanluis.com\/wp-content\/uploads\/2025\/01\/atletas-ganadores-300x219.png\" alt=\"\" width=\"668\" height=\"488\" srcset=\"https:\/\/apuntesdesanluis.com\/wp-content\/uploads\/2025\/01\/atletas-ganadores-300x219.png 300w, https:\/\/apuntesdesanluis.com\/wp-content\/uploads\/2025\/01\/atletas-ganadores-768x561.png 768w, https:\/\/apuntesdesanluis.com\/wp-content\/uploads\/2025\/01\/atletas-ganadores.png 859w\" sizes=\"(max-width: 668px) 100vw, 668px\" \/><\/p>\n<h3><img loading=\"lazy\" decoding=\"async\" class=\"wp-image-27962 aligncenter\" src=\"https:\/\/apuntesdesanluis.com\/wp-content\/uploads\/2025\/01\/maxi-entrega-medalla-300x222.png\" alt=\"\" width=\"668\" height=\"494\" srcset=\"https:\/\/apuntesdesanluis.com\/wp-content\/uploads\/2025\/01\/maxi-entrega-medalla-300x222.png 300w, https:\/\/apuntesdesanluis.com\/wp-content\/uploads\/2025\/01\/maxi-entrega-medalla.png 863w\" sizes=\"(max-width: 668px) 100vw, 668px\" \/><\/h3>\n<p><img loading=\"lazy\" decoding=\"async\" class=\"wp-image-27963 aligncenter\" src=\"https:\/\/apuntesdesanluis.com\/wp-content\/uploads\/2025\/01\/madre-e-hija-300x193.png\" alt=\"\" width=\"668\" height=\"430\" srcset=\"https:\/\/apuntesdesanluis.com\/wp-content\/uploads\/2025\/01\/madre-e-hija-300x193.png 300w, https:\/\/apuntesdesanluis.com\/wp-content\/uploads\/2025\/01\/madre-e-hija-768x495.png 768w, https:\/\/apuntesdesanluis.com\/wp-content\/uploads\/2025\/01\/madre-e-hija.png 914w\" sizes=\"(max-width: 668px) 100vw, 668px\" \/><\/p>\n<p>&nbsp;<\/p>\n<p>&nbsp;<\/p>\n<p>&nbsp;<\/p>\n<p>&nbsp;<\/p>\n<h3><\/h3>\n<p>&nbsp;<\/p>\n","protected":false},"excerpt":{"rendered":"<p>Con una jornada clim\u00e1tica espectacular, este domingo las calles de Villa Mercedes albergaron a cerca&#8230;<\/p>\n","protected":false},"author":1,"featured_media":27956,"comment_status":"closed","ping_status":"closed","sticky":false,"template":"","format":"standard","meta":{"footnotes":""},"categories":[6],"tags":[],"class_list":["post-27955","post","type-post","status-publish","format-standard","has-post-thumbnail","hentry","category-ciudad-provincia"],"yoast_head":"<!-- This site is optimized with the Yoast SEO plugin v26.1.1 - https:\/\/yoast.com\/wordpress\/plugins\/seo\/ -->\n<title>EXITOSA 22\u00b0 MARAT\u00d3N CALLE ANGOSTA, CON M\u00c1S DE 1.200 DEPORTISTAS - Apuntes de San Luis<\/title>\n<meta name=\"robots\" content=\"index, follow, max-snippet:-1, max-image-preview:large, max-video-preview:-1\" \/>\n<link rel=\"canonical\" href=\"https:\/\/apuntesdesanluis.com\/index.php\/2025\/01\/19\/mas-de-1-200-personas-disputaron-la-22-maraton-calle-angosta\/\" \/>\n<meta property=\"og:locale\" content=\"es_ES\" \/>\n<meta property=\"og:type\" content=\"article\" \/>\n<meta property=\"og:title\" content=\"EXITOSA 22\u00b0 MARAT\u00d3N CALLE ANGOSTA, CON M\u00c1S DE 1.200 DEPORTISTAS - Apuntes de San Luis\" \/>\n<meta property=\"og:description\" content=\"Con una jornada clim\u00e1tica espectacular, este domingo las calles de Villa Mercedes albergaron a cerca...\" \/>\n<meta property=\"og:url\" content=\"https:\/\/apuntesdesanluis.com\/index.php\/2025\/01\/19\/mas-de-1-200-personas-disputaron-la-22-maraton-calle-angosta\/\" \/>\n<meta property=\"og:site_name\" content=\"Apuntes de San Luis\" \/>\n<meta property=\"article:published_time\" content=\"2025-01-19T22:06:57+00:00\" \/>\n<meta property=\"article:modified_time\" content=\"2025-01-19T22:12:31+00:00\" \/>\n<meta property=\"og:image\" content=\"https:\/\/apuntesdesanluis.com\/wp-content\/uploads\/2025\/01\/maraton-principal.png\" \/>\n\t<meta property=\"og:image:width\" content=\"908\" \/>\n\t<meta property=\"og:image:height\" content=\"596\" \/>\n\t<meta property=\"og:image:type\" content=\"image\/png\" \/>\n<meta name=\"author\" content=\"apuntesdesanluis.com\" \/>\n<meta name=\"twitter:card\" content=\"summary_large_image\" \/>\n<meta name=\"twitter:label1\" content=\"Escrito por\" \/>\n\t<meta name=\"twitter:data1\" content=\"apuntesdesanluis.com\" \/>\n\t<meta name=\"twitter:label2\" content=\"Tiempo de lectura\" \/>\n\t<meta name=\"twitter:data2\" content=\"3 minutos\" \/>\n<script type=\"application\/ld+json\" class=\"yoast-schema-graph\">{\"@context\":\"https:\/\/schema.org\",\"@graph\":[{\"@type\":\"Article\",\"@id\":\"https:\/\/apuntesdesanluis.com\/index.php\/2025\/01\/19\/mas-de-1-200-personas-disputaron-la-22-maraton-calle-angosta\/#article\",\"isPartOf\":{\"@id\":\"https:\/\/apuntesdesanluis.com\/index.php\/2025\/01\/19\/mas-de-1-200-personas-disputaron-la-22-maraton-calle-angosta\/\"},\"author\":{\"name\":\"apuntesdesanluis.com\",\"@id\":\"https:\/\/apuntesdesanluis.com\/#\/schema\/person\/b55151d52296fcce64d1a72538a70b90\"},\"headline\":\"EXITOSA 22\u00b0 MARAT\u00d3N CALLE ANGOSTA, CON M\u00c1S DE 1.200 DEPORTISTAS\",\"datePublished\":\"2025-01-19T22:06:57+00:00\",\"dateModified\":\"2025-01-19T22:12:31+00:00\",\"mainEntityOfPage\":{\"@id\":\"https:\/\/apuntesdesanluis.com\/index.php\/2025\/01\/19\/mas-de-1-200-personas-disputaron-la-22-maraton-calle-angosta\/\"},\"wordCount\":193,\"publisher\":{\"@id\":\"https:\/\/apuntesdesanluis.com\/#\/schema\/person\/b55151d52296fcce64d1a72538a70b90\"},\"image\":{\"@id\":\"https:\/\/apuntesdesanluis.com\/index.php\/2025\/01\/19\/mas-de-1-200-personas-disputaron-la-22-maraton-calle-angosta\/#primaryimage\"},\"thumbnailUrl\":\"https:\/\/apuntesdesanluis.com\/wp-content\/uploads\/2025\/01\/maraton-principal.png\",\"articleSection\":[\"Ciudad\/Provincia\"],\"inLanguage\":\"es-AR\"},{\"@type\":\"WebPage\",\"@id\":\"https:\/\/apuntesdesanluis.com\/index.php\/2025\/01\/19\/mas-de-1-200-personas-disputaron-la-22-maraton-calle-angosta\/\",\"url\":\"https:\/\/apuntesdesanluis.com\/index.php\/2025\/01\/19\/mas-de-1-200-personas-disputaron-la-22-maraton-calle-angosta\/\",\"name\":\"EXITOSA 22\u00b0 MARAT\u00d3N CALLE ANGOSTA, CON M\u00c1S DE 1.200 DEPORTISTAS - Apuntes de San Luis\",\"isPartOf\":{\"@id\":\"https:\/\/apuntesdesanluis.com\/#website\"},\"primaryImageOfPage\":{\"@id\":\"https:\/\/apuntesdesanluis.com\/index.php\/2025\/01\/19\/mas-de-1-200-personas-disputaron-la-22-maraton-calle-angosta\/#primaryimage\"},\"image\":{\"@id\":\"https:\/\/apuntesdesanluis.com\/index.php\/2025\/01\/19\/mas-de-1-200-personas-disputaron-la-22-maraton-calle-angosta\/#primaryimage\"},\"thumbnailUrl\":\"https:\/\/apuntesdesanluis.com\/wp-content\/uploads\/2025\/01\/maraton-principal.png\",\"datePublished\":\"2025-01-19T22:06:57+00:00\",\"dateModified\":\"2025-01-19T22:12:31+00:00\",\"breadcrumb\":{\"@id\":\"https:\/\/apuntesdesanluis.com\/index.php\/2025\/01\/19\/mas-de-1-200-personas-disputaron-la-22-maraton-calle-angosta\/#breadcrumb\"},\"inLanguage\":\"es-AR\",\"potentialAction\":[{\"@type\":\"ReadAction\",\"target\":[\"https:\/\/apuntesdesanluis.com\/index.php\/2025\/01\/19\/mas-de-1-200-personas-disputaron-la-22-maraton-calle-angosta\/\"]}]},{\"@type\":\"ImageObject\",\"inLanguage\":\"es-AR\",\"@id\":\"https:\/\/apuntesdesanluis.com\/index.php\/2025\/01\/19\/mas-de-1-200-personas-disputaron-la-22-maraton-calle-angosta\/#primaryimage\",\"url\":\"https:\/\/apuntesdesanluis.com\/wp-content\/uploads\/2025\/01\/maraton-principal.png\",\"contentUrl\":\"https:\/\/apuntesdesanluis.com\/wp-content\/uploads\/2025\/01\/maraton-principal.png\",\"width\":908,\"height\":596},{\"@type\":\"BreadcrumbList\",\"@id\":\"https:\/\/apuntesdesanluis.com\/index.php\/2025\/01\/19\/mas-de-1-200-personas-disputaron-la-22-maraton-calle-angosta\/#breadcrumb\",\"itemListElement\":[{\"@type\":\"ListItem\",\"position\":1,\"name\":\"Inicio\",\"item\":\"https:\/\/apuntesdesanluis.com\/\"},{\"@type\":\"ListItem\",\"position\":2,\"name\":\"EXITOSA 22\u00b0 MARAT\u00d3N CALLE ANGOSTA, CON M\u00c1S DE 1.200 DEPORTISTAS\"}]},{\"@type\":\"WebSite\",\"@id\":\"https:\/\/apuntesdesanluis.com\/#website\",\"url\":\"https:\/\/apuntesdesanluis.com\/\",\"name\":\"Apuntes de San Luis\",\"description\":\"\",\"publisher\":{\"@id\":\"https:\/\/apuntesdesanluis.com\/#\/schema\/person\/b55151d52296fcce64d1a72538a70b90\"},\"potentialAction\":[{\"@type\":\"SearchAction\",\"target\":{\"@type\":\"EntryPoint\",\"urlTemplate\":\"https:\/\/apuntesdesanluis.com\/?s={search_term_string}\"},\"query-input\":{\"@type\":\"PropertyValueSpecification\",\"valueRequired\":true,\"valueName\":\"search_term_string\"}}],\"inLanguage\":\"es-AR\"},{\"@type\":[\"Person\",\"Organization\"],\"@id\":\"https:\/\/apuntesdesanluis.com\/#\/schema\/person\/b55151d52296fcce64d1a72538a70b90\",\"name\":\"apuntesdesanluis.com\",\"image\":{\"@type\":\"ImageObject\",\"inLanguage\":\"es-AR\",\"@id\":\"https:\/\/apuntesdesanluis.com\/#\/schema\/person\/image\/\",\"url\":\"https:\/\/apuntesdesanluis.com\/wp-content\/uploads\/2023\/07\/cropped-apuntesdesanluis.png\",\"contentUrl\":\"https:\/\/apuntesdesanluis.com\/wp-content\/uploads\/2023\/07\/cropped-apuntesdesanluis.png\",\"width\":450,\"height\":112,\"caption\":\"apuntesdesanluis.com\"},\"logo\":{\"@id\":\"https:\/\/apuntesdesanluis.com\/#\/schema\/person\/image\/\"},\"sameAs\":[\"https:\/\/apuntesdesanluis.com\"],\"url\":\"https:\/\/apuntesdesanluis.com\/index.php\/author\/apuntesdesanluis-com\/\"}]}<\/script>\n<!-- \/ Yoast SEO plugin. -->","yoast_head_json":{"title":"EXITOSA 22\u00b0 MARAT\u00d3N CALLE ANGOSTA, CON M\u00c1S DE 1.200 DEPORTISTAS - Apuntes de San Luis","robots":{"index":"index","follow":"follow","max-snippet":"max-snippet:-1","max-image-preview":"max-image-preview:large","max-video-preview":"max-video-preview:-1"},"canonical":"https:\/\/apuntesdesanluis.com\/index.php\/2025\/01\/19\/mas-de-1-200-personas-disputaron-la-22-maraton-calle-angosta\/","og_locale":"es_ES","og_type":"article","og_title":"EXITOSA 22\u00b0 MARAT\u00d3N CALLE ANGOSTA, CON M\u00c1S DE 1.200 DEPORTISTAS - Apuntes de San Luis","og_description":"Con una jornada clim\u00e1tica espectacular, este domingo las calles de Villa Mercedes albergaron a cerca...","og_url":"https:\/\/apuntesdesanluis.com\/index.php\/2025\/01\/19\/mas-de-1-200-personas-disputaron-la-22-maraton-calle-angosta\/","og_site_name":"Apuntes de San Luis","article_published_time":"2025-01-19T22:06:57+00:00","article_modified_time":"2025-01-19T22:12:31+00:00","og_image":[{"width":908,"height":596,"url":"https:\/\/apuntesdesanluis.com\/wp-content\/uploads\/2025\/01\/maraton-principal.png","type":"image\/png"}],"author":"apuntesdesanluis.com","twitter_card":"summary_large_image","twitter_misc":{"Escrito por":"apuntesdesanluis.com","Tiempo de lectura":"3 minutos"},"schema":{"@context":"https:\/\/schema.org","@graph":[{"@type":"Article","@id":"https:\/\/apuntesdesanluis.com\/index.php\/2025\/01\/19\/mas-de-1-200-personas-disputaron-la-22-maraton-calle-angosta\/#article","isPartOf":{"@id":"https:\/\/apuntesdesanluis.com\/index.php\/2025\/01\/19\/mas-de-1-200-personas-disputaron-la-22-maraton-calle-angosta\/"},"author":{"name":"apuntesdesanluis.com","@id":"https:\/\/apuntesdesanluis.com\/#\/schema\/person\/b55151d52296fcce64d1a72538a70b90"},"headline":"EXITOSA 22\u00b0 MARAT\u00d3N CALLE ANGOSTA, CON M\u00c1S DE 1.200 DEPORTISTAS","datePublished":"2025-01-19T22:06:57+00:00","dateModified":"2025-01-19T22:12:31+00:00","mainEntityOfPage":{"@id":"https:\/\/apuntesdesanluis.com\/index.php\/2025\/01\/19\/mas-de-1-200-personas-disputaron-la-22-maraton-calle-angosta\/"},"wordCount":193,"publisher":{"@id":"https:\/\/apuntesdesanluis.com\/#\/schema\/person\/b55151d52296fcce64d1a72538a70b90"},"image":{"@id":"https:\/\/apuntesdesanluis.com\/index.php\/2025\/01\/19\/mas-de-1-200-personas-disputaron-la-22-maraton-calle-angosta\/#primaryimage"},"thumbnailUrl":"https:\/\/apuntesdesanluis.com\/wp-content\/uploads\/2025\/01\/maraton-principal.png","articleSection":["Ciudad\/Provincia"],"inLanguage":"es-AR"},{"@type":"WebPage","@id":"https:\/\/apuntesdesanluis.com\/index.php\/2025\/01\/19\/mas-de-1-200-personas-disputaron-la-22-maraton-calle-angosta\/","url":"https:\/\/apuntesdesanluis.com\/index.php\/2025\/01\/19\/mas-de-1-200-personas-disputaron-la-22-maraton-calle-angosta\/","name":"EXITOSA 22\u00b0 MARAT\u00d3N CALLE ANGOSTA, CON M\u00c1S DE 1.200 DEPORTISTAS - Apuntes de San Luis","isPartOf":{"@id":"https:\/\/apuntesdesanluis.com\/#website"},"primaryImageOfPage":{"@id":"https:\/\/apuntesdesanluis.com\/index.php\/2025\/01\/19\/mas-de-1-200-personas-disputaron-la-22-maraton-calle-angosta\/#primaryimage"},"image":{"@id":"https:\/\/apuntesdesanluis.com\/index.php\/2025\/01\/19\/mas-de-1-200-personas-disputaron-la-22-maraton-calle-angosta\/#primaryimage"},"thumbnailUrl":"https:\/\/apuntesdesanluis.com\/wp-content\/uploads\/2025\/01\/maraton-principal.png","datePublished":"2025-01-19T22:06:57+00:00","dateModified":"2025-01-19T22:12:31+00:00","breadcrumb":{"@id":"https:\/\/apuntesdesanluis.com\/index.php\/2025\/01\/19\/mas-de-1-200-personas-disputaron-la-22-maraton-calle-angosta\/#breadcrumb"},"inLanguage":"es-AR","potentialAction":[{"@type":"ReadAction","target":["https:\/\/apuntesdesanluis.com\/index.php\/2025\/01\/19\/mas-de-1-200-personas-disputaron-la-22-maraton-calle-angosta\/"]}]},{"@type":"ImageObject","inLanguage":"es-AR","@id":"https:\/\/apuntesdesanluis.com\/index.php\/2025\/01\/19\/mas-de-1-200-personas-disputaron-la-22-maraton-calle-angosta\/#primaryimage","url":"https:\/\/apuntesdesanluis.com\/wp-content\/uploads\/2025\/01\/maraton-principal.png","contentUrl":"https:\/\/apuntesdesanluis.com\/wp-content\/uploads\/2025\/01\/maraton-principal.png","width":908,"height":596},{"@type":"BreadcrumbList","@id":"https:\/\/apuntesdesanluis.com\/index.php\/2025\/01\/19\/mas-de-1-200-personas-disputaron-la-22-maraton-calle-angosta\/#breadcrumb","itemListElement":[{"@type":"ListItem","position":1,"name":"Inicio","item":"https:\/\/apuntesdesanluis.com\/"},{"@type":"ListItem","position":2,"name":"EXITOSA 22\u00b0 MARAT\u00d3N CALLE ANGOSTA, CON M\u00c1S DE 1.200 DEPORTISTAS"}]},{"@type":"WebSite","@id":"https:\/\/apuntesdesanluis.com\/#website","url":"https:\/\/apuntesdesanluis.com\/","name":"Apuntes de San Luis","description":"","publisher":{"@id":"https:\/\/apuntesdesanluis.com\/#\/schema\/person\/b55151d52296fcce64d1a72538a70b90"},"potentialAction":[{"@type":"SearchAction","target":{"@type":"EntryPoint","urlTemplate":"https:\/\/apuntesdesanluis.com\/?s={search_term_string}"},"query-input":{"@type":"PropertyValueSpecification","valueRequired":true,"valueName":"search_term_string"}}],"inLanguage":"es-AR"},{"@type":["Person","Organization"],"@id":"https:\/\/apuntesdesanluis.com\/#\/schema\/person\/b55151d52296fcce64d1a72538a70b90","name":"apuntesdesanluis.com","image":{"@type":"ImageObject","inLanguage":"es-AR","@id":"https:\/\/apuntesdesanluis.com\/#\/schema\/person\/image\/","url":"https:\/\/apuntesdesanluis.com\/wp-content\/uploads\/2023\/07\/cropped-apuntesdesanluis.png","contentUrl":"https:\/\/apuntesdesanluis.com\/wp-content\/uploads\/2023\/07\/cropped-apuntesdesanluis.png","width":450,"height":112,"caption":"apuntesdesanluis.com"},"logo":{"@id":"https:\/\/apuntesdesanluis.com\/#\/schema\/person\/image\/"},"sameAs":["https:\/\/apuntesdesanluis.com"],"url":"https:\/\/apuntesdesanluis.com\/index.php\/author\/apuntesdesanluis-com\/"}]}},"featured_image_urls":{"full":["https:\/\/apuntesdesanluis.com\/wp-content\/uploads\/2025\/01\/maraton-principal.png",908,596,false],"thumbnail":["https:\/\/apuntesdesanluis.com\/wp-content\/uploads\/2025\/01\/maraton-principal-150x150.png",150,150,true],"medium":["https:\/\/apuntesdesanluis.com\/wp-content\/uploads\/2025\/01\/maraton-principal-300x197.png",300,197,true],"medium_large":["https:\/\/apuntesdesanluis.com\/wp-content\/uploads\/2025\/01\/maraton-principal-768x504.png",640,420,true],"large":["https:\/\/apuntesdesanluis.com\/wp-content\/uploads\/2025\/01\/maraton-principal.png",640,420,false],"1536x1536":["https:\/\/apuntesdesanluis.com\/wp-content\/uploads\/2025\/01\/maraton-principal.png",908,596,false],"2048x2048":["https:\/\/apuntesdesanluis.com\/wp-content\/uploads\/2025\/01\/maraton-principal.png",908,596,false],"newsever-slider-full":["https:\/\/apuntesdesanluis.com\/wp-content\/uploads\/2025\/01\/maraton-principal.png",908,596,false],"newsever-featured":["https:\/\/apuntesdesanluis.com\/wp-content\/uploads\/2025\/01\/maraton-principal.png",908,596,false],"newsever-medium":["https:\/\/apuntesdesanluis.com\/wp-content\/uploads\/2025\/01\/maraton-principal-720x475.png",720,475,true]},"author_info":{"display_name":"apuntesdesanluis.com","author_link":"https:\/\/apuntesdesanluis.com\/index.php\/author\/apuntesdesanluis-com\/"},"category_info":"<a href=\"https:\/\/apuntesdesanluis.com\/index.php\/category\/ciudad-provincia\/\" rel=\"category tag\">Ciudad\/Provincia<\/a>","tag_info":"Ciudad\/Provincia","comment_count":"0","_links":{"self":[{"href":"https:\/\/apuntesdesanluis.com\/index.php\/wp-json\/wp\/v2\/posts\/27955","targetHints":{"allow":["GET"]}}],"collection":[{"href":"https:\/\/apuntesdesanluis.com\/index.php\/wp-json\/wp\/v2\/posts"}],"about":[{"href":"https:\/\/apuntesdesanluis.com\/index.php\/wp-json\/wp\/v2\/types\/post"}],"author":[{"embeddable":true,"href":"https:\/\/apuntesdesanluis.com\/index.php\/wp-json\/wp\/v2\/users\/1"}],"replies":[{"embeddable":true,"href":"https:\/\/apuntesdesanluis.com\/index.php\/wp-json\/wp\/v2\/comments?post=27955"}],"version-history":[{"count":4,"href":"https:\/\/apuntesdesanluis.com\/index.php\/wp-json\/wp\/v2\/posts\/27955\/revisions"}],"predecessor-version":[{"id":27967,"href":"https:\/\/apuntesdesanluis.com\/index.php\/wp-json\/wp\/v2\/posts\/27955\/revisions\/27967"}],"wp:featuredmedia":[{"embeddable":true,"href":"https:\/\/apuntesdesanluis.com\/index.php\/wp-json\/wp\/v2\/media\/27956"}],"wp:attachment":[{"href":"https:\/\/apuntesdesanluis.com\/index.php\/wp-json\/wp\/v2\/media?parent=27955"}],"wp:term":[{"taxonomy":"category","embeddable":true,"href":"https:\/\/apuntesdesanluis.com\/index.php\/wp-json\/wp\/v2\/categories?post=27955"},{"taxonomy":"post_tag","embeddable":true,"href":"https:\/\/apuntesdesanluis.com\/index.php\/wp-json\/wp\/v2\/tags?post=27955"}],"curies":[{"name":"wp","href":"https:\/\/api.w.org\/{rel}","templated":true}]}}