{"id":27968,"date":"2025-01-17T19:22:27","date_gmt":"2025-01-17T22:22:27","guid":{"rendered":"https:\/\/apuntesdesanluis.com\/?p=27968"},"modified":"2025-01-19T19:28:43","modified_gmt":"2025-01-19T22:28:43","slug":"historico-las-leonas-convocaron-a-la-sanluisena-ariana-arias","status":"publish","type":"post","link":"https:\/\/apuntesdesanluis.com\/index.php\/2025\/01\/17\/historico-las-leonas-convocaron-a-la-sanluisena-ariana-arias\/","title":{"rendered":"HIST\u00d3RICO: LAS LEONAS CONVOCARON A LA SANLUISE\u00d1A ARIANA ARIAS"},"content":{"rendered":"<h3>Con apenas 20 a\u00f1os, <strong>la joven jugadora oriunda de Carpinter\u00eda<\/strong> comenz\u00f3 los entrenamientos de pretemporada en el CeNARD esta semana y dio el primer paso hacia un sue\u00f1o deportivo largamente anhelado, convirti\u00e9ndose en la primera sanluise\u00f1a en vestir la camiseta celeste y blanca de la selecci\u00f3n mayor de h\u00f3ckey, Las Leonas.<\/h3>\n<h3>Luego de la preparaci\u00f3n inicial en Buenos Aires, el equipo viajar\u00e1 a Salta para continuar con los entrenamientos de cara a la Pro League. Este importante torneo internacional se disputar\u00e1 entre el 19 y el 24 de febrero en Santiago del Estero, donde Las Leonas se enfrentar\u00e1n a los combinados de Australia y B\u00e9lgica.<\/h3>\n<h3><img fetchpriority=\"high\" decoding=\"async\" class=\"wp-image-27970 aligncenter\" src=\"https:\/\/apuntesdesanluis.com\/wp-content\/uploads\/2025\/01\/las-leonas-300x211.png\" alt=\"\" width=\"661\" height=\"465\" srcset=\"https:\/\/apuntesdesanluis.com\/wp-content\/uploads\/2025\/01\/las-leonas-300x211.png 300w, https:\/\/apuntesdesanluis.com\/wp-content\/uploads\/2025\/01\/las-leonas.png 681w\" sizes=\"(max-width: 661px) 100vw, 661px\" \/><\/h3>\n<h3><strong>Ariana Arias<\/strong> tuvo un destacado paso por Las Leoncitas, que la proyect\u00f3 hacia la \u00e9lite del h\u00f3ckey argentino. En San Luis, inici\u00f3 su carrera en Alerces de Merlo y luego en GEPU, equipo en el cual jug\u00f3 hasta 2022 antes de dar el salto a Buenos Aires. All\u00ed, se uni\u00f3 al Club Banco Naci\u00f3n, que compite en la prestigiosa Liga Metropolitana, la m\u00e1s competitiva del pa\u00eds a nivel de clubes.<\/h3>\n<h3>En sus primeras declaraciones tras la convocatoria, Ariana expres\u00f3 su emoci\u00f3n y gratitud. \u201cHace poquito sali\u00f3 una lista del seleccionado mayor de Argentina, Las Leonas, en la que fui convocada. Somos 38 jugadoras, y la verdad es que estoy muy contenta. Si bien estoy entrenando hace dos meses con Las Leonas, cuando me llamaron no lo pod\u00eda creer. Es lo que siempre so\u00f1\u00e9. Creo que toda chica, toda nena que juega al h\u00f3ckey desea eso\u201d, cont\u00f3.<\/h3>\n<h3>La jugadora record\u00f3 c\u00f3mo desde peque\u00f1a so\u00f1aba con este momento. \u201cDesde muy chiquita, dec\u00eda que quer\u00eda ser una Leona. Admiraba y ve\u00eda jugar a jugadoras con las que hoy en d\u00eda comparto entrenamientos y cancha. Es una completa locura. Sigo sin poder caer todav\u00eda, pero estoy viviendo el momento, aprovechando esta oportunidad. Siempre queriendo crecer, aprendiendo de las jugadoras que m\u00e1s experiencia tienen, del cuerpo t\u00e9cnico, y estoy muy contenta y agradecida con todo esto que me est\u00e1 pasando\u201d.<\/h3>\n<h3>La carrera de Ariana Arias es un ejemplo de esfuerzo, dedicaci\u00f3n y pasi\u00f3n por el deporte. Su lugar en Las Leonas es motivo de orgullo para toda la provincia de San Luis.<\/h3>\n<p>&nbsp;<\/p>\n<p>&nbsp;<\/p>\n<p>&nbsp;<\/p>\n","protected":false},"excerpt":{"rendered":"<p>Con apenas 20 a\u00f1os, la joven jugadora oriunda de Carpinter\u00eda comenz\u00f3 los entrenamientos de pretemporada&#8230;<\/p>\n","protected":false},"author":1,"featured_media":27969,"comment_status":"closed","ping_status":"closed","sticky":false,"template":"","format":"standard","meta":{"footnotes":""},"categories":[6],"tags":[],"class_list":["post-27968","post","type-post","status-publish","format-standard","has-post-thumbnail","hentry","category-ciudad-provincia"],"yoast_head":"<!-- This site is optimized with the Yoast SEO plugin v26.1.1 - https:\/\/yoast.com\/wordpress\/plugins\/seo\/ -->\n<title>HIST\u00d3RICO: LAS LEONAS CONVOCARON A LA SANLUISE\u00d1A ARIANA ARIAS - Apuntes de San Luis<\/title>\n<meta name=\"robots\" content=\"index, follow, max-snippet:-1, max-image-preview:large, max-video-preview:-1\" \/>\n<link rel=\"canonical\" href=\"https:\/\/apuntesdesanluis.com\/index.php\/2025\/01\/17\/historico-las-leonas-convocaron-a-la-sanluisena-ariana-arias\/\" \/>\n<meta property=\"og:locale\" content=\"es_ES\" \/>\n<meta property=\"og:type\" content=\"article\" \/>\n<meta property=\"og:title\" content=\"HIST\u00d3RICO: LAS LEONAS CONVOCARON A LA SANLUISE\u00d1A ARIANA ARIAS - Apuntes de San Luis\" \/>\n<meta property=\"og:description\" content=\"Con apenas 20 a\u00f1os, la joven jugadora oriunda de Carpinter\u00eda comenz\u00f3 los entrenamientos de pretemporada...\" \/>\n<meta property=\"og:url\" content=\"https:\/\/apuntesdesanluis.com\/index.php\/2025\/01\/17\/historico-las-leonas-convocaron-a-la-sanluisena-ariana-arias\/\" \/>\n<meta property=\"og:site_name\" content=\"Apuntes de San Luis\" \/>\n<meta property=\"article:published_time\" content=\"2025-01-17T22:22:27+00:00\" \/>\n<meta property=\"article:modified_time\" content=\"2025-01-19T22:28:43+00:00\" \/>\n<meta property=\"og:image\" content=\"https:\/\/apuntesdesanluis.com\/wp-content\/uploads\/2025\/01\/ariadna.png\" \/>\n\t<meta property=\"og:image:width\" content=\"600\" \/>\n\t<meta property=\"og:image:height\" content=\"396\" \/>\n\t<meta property=\"og:image:type\" content=\"image\/png\" \/>\n<meta name=\"author\" content=\"apuntesdesanluis.com\" \/>\n<meta name=\"twitter:card\" content=\"summary_large_image\" \/>\n<meta name=\"twitter:label1\" content=\"Escrito por\" \/>\n\t<meta name=\"twitter:data1\" content=\"apuntesdesanluis.com\" \/>\n\t<meta name=\"twitter:label2\" content=\"Tiempo de lectura\" \/>\n\t<meta name=\"twitter:data2\" content=\"3 minutos\" \/>\n<script type=\"application\/ld+json\" class=\"yoast-schema-graph\">{\"@context\":\"https:\/\/schema.org\",\"@graph\":[{\"@type\":\"Article\",\"@id\":\"https:\/\/apuntesdesanluis.com\/index.php\/2025\/01\/17\/historico-las-leonas-convocaron-a-la-sanluisena-ariana-arias\/#article\",\"isPartOf\":{\"@id\":\"https:\/\/apuntesdesanluis.com\/index.php\/2025\/01\/17\/historico-las-leonas-convocaron-a-la-sanluisena-ariana-arias\/\"},\"author\":{\"name\":\"apuntesdesanluis.com\",\"@id\":\"https:\/\/apuntesdesanluis.com\/#\/schema\/person\/b55151d52296fcce64d1a72538a70b90\"},\"headline\":\"HIST\u00d3RICO: LAS LEONAS CONVOCARON A LA SANLUISE\u00d1A ARIANA ARIAS\",\"datePublished\":\"2025-01-17T22:22:27+00:00\",\"dateModified\":\"2025-01-19T22:28:43+00:00\",\"mainEntityOfPage\":{\"@id\":\"https:\/\/apuntesdesanluis.com\/index.php\/2025\/01\/17\/historico-las-leonas-convocaron-a-la-sanluisena-ariana-arias\/\"},\"wordCount\":400,\"publisher\":{\"@id\":\"https:\/\/apuntesdesanluis.com\/#\/schema\/person\/b55151d52296fcce64d1a72538a70b90\"},\"image\":{\"@id\":\"https:\/\/apuntesdesanluis.com\/index.php\/2025\/01\/17\/historico-las-leonas-convocaron-a-la-sanluisena-ariana-arias\/#primaryimage\"},\"thumbnailUrl\":\"https:\/\/apuntesdesanluis.com\/wp-content\/uploads\/2025\/01\/ariadna.png\",\"articleSection\":[\"Ciudad\/Provincia\"],\"inLanguage\":\"es-AR\"},{\"@type\":\"WebPage\",\"@id\":\"https:\/\/apuntesdesanluis.com\/index.php\/2025\/01\/17\/historico-las-leonas-convocaron-a-la-sanluisena-ariana-arias\/\",\"url\":\"https:\/\/apuntesdesanluis.com\/index.php\/2025\/01\/17\/historico-las-leonas-convocaron-a-la-sanluisena-ariana-arias\/\",\"name\":\"HIST\u00d3RICO: LAS LEONAS CONVOCARON A LA SANLUISE\u00d1A ARIANA ARIAS - Apuntes de San Luis\",\"isPartOf\":{\"@id\":\"https:\/\/apuntesdesanluis.com\/#website\"},\"primaryImageOfPage\":{\"@id\":\"https:\/\/apuntesdesanluis.com\/index.php\/2025\/01\/17\/historico-las-leonas-convocaron-a-la-sanluisena-ariana-arias\/#primaryimage\"},\"image\":{\"@id\":\"https:\/\/apuntesdesanluis.com\/index.php\/2025\/01\/17\/historico-las-leonas-convocaron-a-la-sanluisena-ariana-arias\/#primaryimage\"},\"thumbnailUrl\":\"https:\/\/apuntesdesanluis.com\/wp-content\/uploads\/2025\/01\/ariadna.png\",\"datePublished\":\"2025-01-17T22:22:27+00:00\",\"dateModified\":\"2025-01-19T22:28:43+00:00\",\"breadcrumb\":{\"@id\":\"https:\/\/apuntesdesanluis.com\/index.php\/2025\/01\/17\/historico-las-leonas-convocaron-a-la-sanluisena-ariana-arias\/#breadcrumb\"},\"inLanguage\":\"es-AR\",\"potentialAction\":[{\"@type\":\"ReadAction\",\"target\":[\"https:\/\/apuntesdesanluis.com\/index.php\/2025\/01\/17\/historico-las-leonas-convocaron-a-la-sanluisena-ariana-arias\/\"]}]},{\"@type\":\"ImageObject\",\"inLanguage\":\"es-AR\",\"@id\":\"https:\/\/apuntesdesanluis.com\/index.php\/2025\/01\/17\/historico-las-leonas-convocaron-a-la-sanluisena-ariana-arias\/#primaryimage\",\"url\":\"https:\/\/apuntesdesanluis.com\/wp-content\/uploads\/2025\/01\/ariadna.png\",\"contentUrl\":\"https:\/\/apuntesdesanluis.com\/wp-content\/uploads\/2025\/01\/ariadna.png\",\"width\":600,\"height\":396},{\"@type\":\"BreadcrumbList\",\"@id\":\"https:\/\/apuntesdesanluis.com\/index.php\/2025\/01\/17\/historico-las-leonas-convocaron-a-la-sanluisena-ariana-arias\/#breadcrumb\",\"itemListElement\":[{\"@type\":\"ListItem\",\"position\":1,\"name\":\"Inicio\",\"item\":\"https:\/\/apuntesdesanluis.com\/\"},{\"@type\":\"ListItem\",\"position\":2,\"name\":\"HIST\u00d3RICO: LAS LEONAS CONVOCARON A LA SANLUISE\u00d1A ARIANA ARIAS\"}]},{\"@type\":\"WebSite\",\"@id\":\"https:\/\/apuntesdesanluis.com\/#website\",\"url\":\"https:\/\/apuntesdesanluis.com\/\",\"name\":\"Apuntes de San Luis\",\"description\":\"\",\"publisher\":{\"@id\":\"https:\/\/apuntesdesanluis.com\/#\/schema\/person\/b55151d52296fcce64d1a72538a70b90\"},\"potentialAction\":[{\"@type\":\"SearchAction\",\"target\":{\"@type\":\"EntryPoint\",\"urlTemplate\":\"https:\/\/apuntesdesanluis.com\/?s={search_term_string}\"},\"query-input\":{\"@type\":\"PropertyValueSpecification\",\"valueRequired\":true,\"valueName\":\"search_term_string\"}}],\"inLanguage\":\"es-AR\"},{\"@type\":[\"Person\",\"Organization\"],\"@id\":\"https:\/\/apuntesdesanluis.com\/#\/schema\/person\/b55151d52296fcce64d1a72538a70b90\",\"name\":\"apuntesdesanluis.com\",\"image\":{\"@type\":\"ImageObject\",\"inLanguage\":\"es-AR\",\"@id\":\"https:\/\/apuntesdesanluis.com\/#\/schema\/person\/image\/\",\"url\":\"https:\/\/apuntesdesanluis.com\/wp-content\/uploads\/2023\/07\/cropped-apuntesdesanluis.png\",\"contentUrl\":\"https:\/\/apuntesdesanluis.com\/wp-content\/uploads\/2023\/07\/cropped-apuntesdesanluis.png\",\"width\":450,\"height\":112,\"caption\":\"apuntesdesanluis.com\"},\"logo\":{\"@id\":\"https:\/\/apuntesdesanluis.com\/#\/schema\/person\/image\/\"},\"sameAs\":[\"https:\/\/apuntesdesanluis.com\"],\"url\":\"https:\/\/apuntesdesanluis.com\/index.php\/author\/apuntesdesanluis-com\/\"}]}<\/script>\n<!-- \/ Yoast SEO plugin. -->","yoast_head_json":{"title":"HIST\u00d3RICO: LAS LEONAS CONVOCARON A LA SANLUISE\u00d1A ARIANA ARIAS - Apuntes de San Luis","robots":{"index":"index","follow":"follow","max-snippet":"max-snippet:-1","max-image-preview":"max-image-preview:large","max-video-preview":"max-video-preview:-1"},"canonical":"https:\/\/apuntesdesanluis.com\/index.php\/2025\/01\/17\/historico-las-leonas-convocaron-a-la-sanluisena-ariana-arias\/","og_locale":"es_ES","og_type":"article","og_title":"HIST\u00d3RICO: LAS LEONAS CONVOCARON A LA SANLUISE\u00d1A ARIANA ARIAS - Apuntes de San Luis","og_description":"Con apenas 20 a\u00f1os, la joven jugadora oriunda de Carpinter\u00eda comenz\u00f3 los entrenamientos de pretemporada...","og_url":"https:\/\/apuntesdesanluis.com\/index.php\/2025\/01\/17\/historico-las-leonas-convocaron-a-la-sanluisena-ariana-arias\/","og_site_name":"Apuntes de San Luis","article_published_time":"2025-01-17T22:22:27+00:00","article_modified_time":"2025-01-19T22:28:43+00:00","og_image":[{"width":600,"height":396,"url":"https:\/\/apuntesdesanluis.com\/wp-content\/uploads\/2025\/01\/ariadna.png","type":"image\/png"}],"author":"apuntesdesanluis.com","twitter_card":"summary_large_image","twitter_misc":{"Escrito por":"apuntesdesanluis.com","Tiempo de lectura":"3 minutos"},"schema":{"@context":"https:\/\/schema.org","@graph":[{"@type":"Article","@id":"https:\/\/apuntesdesanluis.com\/index.php\/2025\/01\/17\/historico-las-leonas-convocaron-a-la-sanluisena-ariana-arias\/#article","isPartOf":{"@id":"https:\/\/apuntesdesanluis.com\/index.php\/2025\/01\/17\/historico-las-leonas-convocaron-a-la-sanluisena-ariana-arias\/"},"author":{"name":"apuntesdesanluis.com","@id":"https:\/\/apuntesdesanluis.com\/#\/schema\/person\/b55151d52296fcce64d1a72538a70b90"},"headline":"HIST\u00d3RICO: LAS LEONAS CONVOCARON A LA SANLUISE\u00d1A ARIANA ARIAS","datePublished":"2025-01-17T22:22:27+00:00","dateModified":"2025-01-19T22:28:43+00:00","mainEntityOfPage":{"@id":"https:\/\/apuntesdesanluis.com\/index.php\/2025\/01\/17\/historico-las-leonas-convocaron-a-la-sanluisena-ariana-arias\/"},"wordCount":400,"publisher":{"@id":"https:\/\/apuntesdesanluis.com\/#\/schema\/person\/b55151d52296fcce64d1a72538a70b90"},"image":{"@id":"https:\/\/apuntesdesanluis.com\/index.php\/2025\/01\/17\/historico-las-leonas-convocaron-a-la-sanluisena-ariana-arias\/#primaryimage"},"thumbnailUrl":"https:\/\/apuntesdesanluis.com\/wp-content\/uploads\/2025\/01\/ariadna.png","articleSection":["Ciudad\/Provincia"],"inLanguage":"es-AR"},{"@type":"WebPage","@id":"https:\/\/apuntesdesanluis.com\/index.php\/2025\/01\/17\/historico-las-leonas-convocaron-a-la-sanluisena-ariana-arias\/","url":"https:\/\/apuntesdesanluis.com\/index.php\/2025\/01\/17\/historico-las-leonas-convocaron-a-la-sanluisena-ariana-arias\/","name":"HIST\u00d3RICO: LAS LEONAS CONVOCARON A LA SANLUISE\u00d1A ARIANA ARIAS - Apuntes de San Luis","isPartOf":{"@id":"https:\/\/apuntesdesanluis.com\/#website"},"primaryImageOfPage":{"@id":"https:\/\/apuntesdesanluis.com\/index.php\/2025\/01\/17\/historico-las-leonas-convocaron-a-la-sanluisena-ariana-arias\/#primaryimage"},"image":{"@id":"https:\/\/apuntesdesanluis.com\/index.php\/2025\/01\/17\/historico-las-leonas-convocaron-a-la-sanluisena-ariana-arias\/#primaryimage"},"thumbnailUrl":"https:\/\/apuntesdesanluis.com\/wp-content\/uploads\/2025\/01\/ariadna.png","datePublished":"2025-01-17T22:22:27+00:00","dateModified":"2025-01-19T22:28:43+00:00","breadcrumb":{"@id":"https:\/\/apuntesdesanluis.com\/index.php\/2025\/01\/17\/historico-las-leonas-convocaron-a-la-sanluisena-ariana-arias\/#breadcrumb"},"inLanguage":"es-AR","potentialAction":[{"@type":"ReadAction","target":["https:\/\/apuntesdesanluis.com\/index.php\/2025\/01\/17\/historico-las-leonas-convocaron-a-la-sanluisena-ariana-arias\/"]}]},{"@type":"ImageObject","inLanguage":"es-AR","@id":"https:\/\/apuntesdesanluis.com\/index.php\/2025\/01\/17\/historico-las-leonas-convocaron-a-la-sanluisena-ariana-arias\/#primaryimage","url":"https:\/\/apuntesdesanluis.com\/wp-content\/uploads\/2025\/01\/ariadna.png","contentUrl":"https:\/\/apuntesdesanluis.com\/wp-content\/uploads\/2025\/01\/ariadna.png","width":600,"height":396},{"@type":"BreadcrumbList","@id":"https:\/\/apuntesdesanluis.com\/index.php\/2025\/01\/17\/historico-las-leonas-convocaron-a-la-sanluisena-ariana-arias\/#breadcrumb","itemListElement":[{"@type":"ListItem","position":1,"name":"Inicio","item":"https:\/\/apuntesdesanluis.com\/"},{"@type":"ListItem","position":2,"name":"HIST\u00d3RICO: LAS LEONAS CONVOCARON A LA SANLUISE\u00d1A ARIANA ARIAS"}]},{"@type":"WebSite","@id":"https:\/\/apuntesdesanluis.com\/#website","url":"https:\/\/apuntesdesanluis.com\/","name":"Apuntes de San Luis","description":"","publisher":{"@id":"https:\/\/apuntesdesanluis.com\/#\/schema\/person\/b55151d52296fcce64d1a72538a70b90"},"potentialAction":[{"@type":"SearchAction","target":{"@type":"EntryPoint","urlTemplate":"https:\/\/apuntesdesanluis.com\/?s={search_term_string}"},"query-input":{"@type":"PropertyValueSpecification","valueRequired":true,"valueName":"search_term_string"}}],"inLanguage":"es-AR"},{"@type":["Person","Organization"],"@id":"https:\/\/apuntesdesanluis.com\/#\/schema\/person\/b55151d52296fcce64d1a72538a70b90","name":"apuntesdesanluis.com","image":{"@type":"ImageObject","inLanguage":"es-AR","@id":"https:\/\/apuntesdesanluis.com\/#\/schema\/person\/image\/","url":"https:\/\/apuntesdesanluis.com\/wp-content\/uploads\/2023\/07\/cropped-apuntesdesanluis.png","contentUrl":"https:\/\/apuntesdesanluis.com\/wp-content\/uploads\/2023\/07\/cropped-apuntesdesanluis.png","width":450,"height":112,"caption":"apuntesdesanluis.com"},"logo":{"@id":"https:\/\/apuntesdesanluis.com\/#\/schema\/person\/image\/"},"sameAs":["https:\/\/apuntesdesanluis.com"],"url":"https:\/\/apuntesdesanluis.com\/index.php\/author\/apuntesdesanluis-com\/"}]}},"featured_image_urls":{"full":["https:\/\/apuntesdesanluis.com\/wp-content\/uploads\/2025\/01\/ariadna.png",600,396,false],"thumbnail":["https:\/\/apuntesdesanluis.com\/wp-content\/uploads\/2025\/01\/ariadna-150x150.png",150,150,true],"medium":["https:\/\/apuntesdesanluis.com\/wp-content\/uploads\/2025\/01\/ariadna-300x198.png",300,198,true],"medium_large":["https:\/\/apuntesdesanluis.com\/wp-content\/uploads\/2025\/01\/ariadna.png",600,396,false],"large":["https:\/\/apuntesdesanluis.com\/wp-content\/uploads\/2025\/01\/ariadna.png",600,396,false],"1536x1536":["https:\/\/apuntesdesanluis.com\/wp-content\/uploads\/2025\/01\/ariadna.png",600,396,false],"2048x2048":["https:\/\/apuntesdesanluis.com\/wp-content\/uploads\/2025\/01\/ariadna.png",600,396,false],"newsever-slider-full":["https:\/\/apuntesdesanluis.com\/wp-content\/uploads\/2025\/01\/ariadna.png",600,396,false],"newsever-featured":["https:\/\/apuntesdesanluis.com\/wp-content\/uploads\/2025\/01\/ariadna.png",600,396,false],"newsever-medium":["https:\/\/apuntesdesanluis.com\/wp-content\/uploads\/2025\/01\/ariadna.png",600,396,false]},"author_info":{"display_name":"apuntesdesanluis.com","author_link":"https:\/\/apuntesdesanluis.com\/index.php\/author\/apuntesdesanluis-com\/"},"category_info":"<a href=\"https:\/\/apuntesdesanluis.com\/index.php\/category\/ciudad-provincia\/\" rel=\"category tag\">Ciudad\/Provincia<\/a>","tag_info":"Ciudad\/Provincia","comment_count":"0","_links":{"self":[{"href":"https:\/\/apuntesdesanluis.com\/index.php\/wp-json\/wp\/v2\/posts\/27968","targetHints":{"allow":["GET"]}}],"collection":[{"href":"https:\/\/apuntesdesanluis.com\/index.php\/wp-json\/wp\/v2\/posts"}],"about":[{"href":"https:\/\/apuntesdesanluis.com\/index.php\/wp-json\/wp\/v2\/types\/post"}],"author":[{"embeddable":true,"href":"https:\/\/apuntesdesanluis.com\/index.php\/wp-json\/wp\/v2\/users\/1"}],"replies":[{"embeddable":true,"href":"https:\/\/apuntesdesanluis.com\/index.php\/wp-json\/wp\/v2\/comments?post=27968"}],"version-history":[{"count":3,"href":"https:\/\/apuntesdesanluis.com\/index.php\/wp-json\/wp\/v2\/posts\/27968\/revisions"}],"predecessor-version":[{"id":27973,"href":"https:\/\/apuntesdesanluis.com\/index.php\/wp-json\/wp\/v2\/posts\/27968\/revisions\/27973"}],"wp:featuredmedia":[{"embeddable":true,"href":"https:\/\/apuntesdesanluis.com\/index.php\/wp-json\/wp\/v2\/media\/27969"}],"wp:attachment":[{"href":"https:\/\/apuntesdesanluis.com\/index.php\/wp-json\/wp\/v2\/media?parent=27968"}],"wp:term":[{"taxonomy":"category","embeddable":true,"href":"https:\/\/apuntesdesanluis.com\/index.php\/wp-json\/wp\/v2\/categories?post=27968"},{"taxonomy":"post_tag","embeddable":true,"href":"https:\/\/apuntesdesanluis.com\/index.php\/wp-json\/wp\/v2\/tags?post=27968"}],"curies":[{"name":"wp","href":"https:\/\/api.w.org\/{rel}","templated":true}]}}