{"id":27978,"date":"2025-01-18T19:58:16","date_gmt":"2025-01-18T22:58:16","guid":{"rendered":"https:\/\/apuntesdesanluis.com\/?p=27978"},"modified":"2025-01-19T20:00:54","modified_gmt":"2025-01-19T23:00:54","slug":"volco-un-camion-murio-el-chofer-y-saquearon-el-cargamento","status":"publish","type":"post","link":"https:\/\/apuntesdesanluis.com\/index.php\/2025\/01\/18\/volco-un-camion-murio-el-chofer-y-saquearon-el-cargamento\/","title":{"rendered":"VOLC\u00d3 UN CAMI\u00d3N, MURI\u00d3 EL CHOFER Y SAQUEARON EL CARGAMENTO"},"content":{"rendered":"<h3>La postal de gente saqueando el cargamento de un cami\u00f3n volcado volvi\u00f3 a repetirse este fin de semana en la localidad bonaerense de Pergamino. Pero esta vez, los vecinos fueron un paso m\u00e1s all\u00e1: empezaron a llevarse las cosas cuando todav\u00eda no hab\u00edan trasladado el cuerpo del conductor, que muri\u00f3 producto del siniestro vial.<\/h3>\n<h3>La tragedia ocurri\u00f3 este s\u00e1bado al mediod\u00eda, en el kil\u00f3metro 205 de la ruta nacional 8. El camionero, identificado como Mat\u00edas Marcos Gonz\u00e1lez, ten\u00eda 35 a\u00f1os y era oriundo de Mendoza. Falleci\u00f3 en el momento por la violencia del impacto.<\/h3>\n<h3>Aunque todav\u00eda est\u00e1n bajo investigaci\u00f3n las circunstancias del choque y vuelco, se sospecha que el camionero podr\u00eda haber perdido el control de su veh\u00edculo como consecuencia de las malas condiciones en las que est\u00e1 el asfalto de la ruta. Tambi\u00e9n se intenta esclarecer si manejaba por fuera de la velocidad permitida. Se confirm\u00f3 que no hubo otros involucrados en el siniestro.<\/h3>\n<p><img fetchpriority=\"high\" decoding=\"async\" class=\"wp-image-27980 aligncenter\" src=\"https:\/\/apuntesdesanluis.com\/wp-content\/uploads\/2025\/01\/camion-volcado-300x173.png\" alt=\"\" width=\"734\" height=\"423\" srcset=\"https:\/\/apuntesdesanluis.com\/wp-content\/uploads\/2025\/01\/camion-volcado-300x173.png 300w, https:\/\/apuntesdesanluis.com\/wp-content\/uploads\/2025\/01\/camion-volcado-768x444.png 768w, https:\/\/apuntesdesanluis.com\/wp-content\/uploads\/2025\/01\/camion-volcado.png 819w\" sizes=\"(max-width: 734px) 100vw, 734px\" \/><\/p>\n<h3>De acuerdo a lo informado por el portal local La Opini\u00f3n de Pergamino, el cami\u00f3n viajaba en sentido hacia Buenos Aires y ten\u00eda como destino una distribuidora de zona norte. Luego de la maniobra que antecedi\u00f3 al desastre, qued\u00f3 cruzado al otro lado de la ruta y termin\u00f3 volcando en la banquina contraria.<\/h3>\n<h3>En pocos minutos llegaron al lugar personal de la Polic\u00eda Bonaerense, Gendarmer\u00eda Nacional, Bomberos Voluntarios de Pergamino y unidades de la empresa Corredores Viales, que asisti\u00f3 con gr\u00faas.<\/h3>\n<h3>Casi al mismo tiempo arribaron los primeros curiosos, que notaron la cantidad de alimentos, bebidas, art\u00edculos de higiene y limpieza, entre otros, que hab\u00edan quedado desperdigados a lo largo y ancho de la ruta. En cuesti\u00f3n de minutos esos testigos iniciales se convirtieron en decenas de personas que rodearon la escena.<\/h3>\n<h3>Mientras las autoridades todav\u00eda llevaban adelante el operativo -que, adem\u00e1s, implic\u00f3 el corte total de la ruta durante varias horas-, la gente que se present\u00f3 en el lugar empez\u00f3 con el saqueo. Seg\u00fan relev\u00f3 la prensa local, hubo intentos de la Polic\u00eda por frenar el accionar delictivo, pero los uniformados se ve\u00edan ampliamente superados en n\u00famero, y en su mayor\u00eda estaban dedicados a la contenci\u00f3n del tr\u00e1nsito y la preservaci\u00f3n del per\u00edmetro alrededor de la v\u00edctima fatal.<\/h3>\n<h3>As\u00ed, en poco tiempo no quedaron rastros de la carga que llevaba el camionero. La situaci\u00f3n complic\u00f3, sobre todo, los esfuerzos de la Polic\u00eda Cient\u00edfica para relevar las pruebas destinadas a esclarecer que pas\u00f3 antes del vuelco.<\/h3>\n<h3>La investigaci\u00f3n est\u00e1 a cargo del fiscal Nelson Mastorchio, titular de la Unidad Funcional de Instrucci\u00f3n y Juicio N\u00ba 3 de Pergamino. Orden\u00f3 practicarle una autopsia al cuerpo del camionero antes de que los restos sean regresados a su familia.<\/h3>\n<p>&nbsp;<\/p>\n<p>&nbsp;<\/p>\n<p>&nbsp;<\/p>\n","protected":false},"excerpt":{"rendered":"<p>La postal de gente saqueando el cargamento de un cami\u00f3n volcado volvi\u00f3 a repetirse este&#8230;<\/p>\n","protected":false},"author":1,"featured_media":27979,"comment_status":"closed","ping_status":"closed","sticky":false,"template":"","format":"standard","meta":{"footnotes":""},"categories":[5],"tags":[],"class_list":["post-27978","post","type-post","status-publish","format-standard","has-post-thumbnail","hentry","category-nacionales-internacionales"],"yoast_head":"<!-- This site is optimized with the Yoast SEO plugin v26.1.1 - https:\/\/yoast.com\/wordpress\/plugins\/seo\/ -->\n<title>VOLC\u00d3 UN CAMI\u00d3N, MURI\u00d3 EL CHOFER Y SAQUEARON EL CARGAMENTO - Apuntes de San Luis<\/title>\n<meta name=\"robots\" content=\"index, follow, max-snippet:-1, max-image-preview:large, max-video-preview:-1\" \/>\n<link rel=\"canonical\" href=\"https:\/\/apuntesdesanluis.com\/index.php\/2025\/01\/18\/volco-un-camion-murio-el-chofer-y-saquearon-el-cargamento\/\" \/>\n<meta property=\"og:locale\" content=\"es_ES\" \/>\n<meta property=\"og:type\" content=\"article\" \/>\n<meta property=\"og:title\" content=\"VOLC\u00d3 UN CAMI\u00d3N, MURI\u00d3 EL CHOFER Y SAQUEARON EL CARGAMENTO - Apuntes de San Luis\" \/>\n<meta property=\"og:description\" content=\"La postal de gente saqueando el cargamento de un cami\u00f3n volcado volvi\u00f3 a repetirse este...\" \/>\n<meta property=\"og:url\" content=\"https:\/\/apuntesdesanluis.com\/index.php\/2025\/01\/18\/volco-un-camion-murio-el-chofer-y-saquearon-el-cargamento\/\" \/>\n<meta property=\"og:site_name\" content=\"Apuntes de San Luis\" \/>\n<meta property=\"article:published_time\" content=\"2025-01-18T22:58:16+00:00\" \/>\n<meta property=\"article:modified_time\" content=\"2025-01-19T23:00:54+00:00\" \/>\n<meta property=\"og:image\" content=\"https:\/\/apuntesdesanluis.com\/wp-content\/uploads\/2025\/01\/caMION-Y-Saqueo.png\" \/>\n\t<meta property=\"og:image:width\" content=\"771\" \/>\n\t<meta property=\"og:image:height\" content=\"481\" \/>\n\t<meta property=\"og:image:type\" content=\"image\/png\" \/>\n<meta name=\"author\" content=\"apuntesdesanluis.com\" \/>\n<meta name=\"twitter:card\" content=\"summary_large_image\" \/>\n<meta name=\"twitter:label1\" content=\"Escrito por\" \/>\n\t<meta name=\"twitter:data1\" content=\"apuntesdesanluis.com\" \/>\n\t<meta name=\"twitter:label2\" content=\"Tiempo de lectura\" \/>\n\t<meta name=\"twitter:data2\" content=\"3 minutos\" \/>\n<script type=\"application\/ld+json\" class=\"yoast-schema-graph\">{\"@context\":\"https:\/\/schema.org\",\"@graph\":[{\"@type\":\"Article\",\"@id\":\"https:\/\/apuntesdesanluis.com\/index.php\/2025\/01\/18\/volco-un-camion-murio-el-chofer-y-saquearon-el-cargamento\/#article\",\"isPartOf\":{\"@id\":\"https:\/\/apuntesdesanluis.com\/index.php\/2025\/01\/18\/volco-un-camion-murio-el-chofer-y-saquearon-el-cargamento\/\"},\"author\":{\"name\":\"apuntesdesanluis.com\",\"@id\":\"https:\/\/apuntesdesanluis.com\/#\/schema\/person\/b55151d52296fcce64d1a72538a70b90\"},\"headline\":\"VOLC\u00d3 UN CAMI\u00d3N, MURI\u00d3 EL CHOFER Y SAQUEARON EL CARGAMENTO\",\"datePublished\":\"2025-01-18T22:58:16+00:00\",\"dateModified\":\"2025-01-19T23:00:54+00:00\",\"mainEntityOfPage\":{\"@id\":\"https:\/\/apuntesdesanluis.com\/index.php\/2025\/01\/18\/volco-un-camion-murio-el-chofer-y-saquearon-el-cargamento\/\"},\"wordCount\":494,\"publisher\":{\"@id\":\"https:\/\/apuntesdesanluis.com\/#\/schema\/person\/b55151d52296fcce64d1a72538a70b90\"},\"image\":{\"@id\":\"https:\/\/apuntesdesanluis.com\/index.php\/2025\/01\/18\/volco-un-camion-murio-el-chofer-y-saquearon-el-cargamento\/#primaryimage\"},\"thumbnailUrl\":\"https:\/\/apuntesdesanluis.com\/wp-content\/uploads\/2025\/01\/caMION-Y-Saqueo.png\",\"articleSection\":[\"Nacionales\/Internacionales\"],\"inLanguage\":\"es-AR\"},{\"@type\":\"WebPage\",\"@id\":\"https:\/\/apuntesdesanluis.com\/index.php\/2025\/01\/18\/volco-un-camion-murio-el-chofer-y-saquearon-el-cargamento\/\",\"url\":\"https:\/\/apuntesdesanluis.com\/index.php\/2025\/01\/18\/volco-un-camion-murio-el-chofer-y-saquearon-el-cargamento\/\",\"name\":\"VOLC\u00d3 UN CAMI\u00d3N, MURI\u00d3 EL CHOFER Y SAQUEARON EL CARGAMENTO - Apuntes de San Luis\",\"isPartOf\":{\"@id\":\"https:\/\/apuntesdesanluis.com\/#website\"},\"primaryImageOfPage\":{\"@id\":\"https:\/\/apuntesdesanluis.com\/index.php\/2025\/01\/18\/volco-un-camion-murio-el-chofer-y-saquearon-el-cargamento\/#primaryimage\"},\"image\":{\"@id\":\"https:\/\/apuntesdesanluis.com\/index.php\/2025\/01\/18\/volco-un-camion-murio-el-chofer-y-saquearon-el-cargamento\/#primaryimage\"},\"thumbnailUrl\":\"https:\/\/apuntesdesanluis.com\/wp-content\/uploads\/2025\/01\/caMION-Y-Saqueo.png\",\"datePublished\":\"2025-01-18T22:58:16+00:00\",\"dateModified\":\"2025-01-19T23:00:54+00:00\",\"breadcrumb\":{\"@id\":\"https:\/\/apuntesdesanluis.com\/index.php\/2025\/01\/18\/volco-un-camion-murio-el-chofer-y-saquearon-el-cargamento\/#breadcrumb\"},\"inLanguage\":\"es-AR\",\"potentialAction\":[{\"@type\":\"ReadAction\",\"target\":[\"https:\/\/apuntesdesanluis.com\/index.php\/2025\/01\/18\/volco-un-camion-murio-el-chofer-y-saquearon-el-cargamento\/\"]}]},{\"@type\":\"ImageObject\",\"inLanguage\":\"es-AR\",\"@id\":\"https:\/\/apuntesdesanluis.com\/index.php\/2025\/01\/18\/volco-un-camion-murio-el-chofer-y-saquearon-el-cargamento\/#primaryimage\",\"url\":\"https:\/\/apuntesdesanluis.com\/wp-content\/uploads\/2025\/01\/caMION-Y-Saqueo.png\",\"contentUrl\":\"https:\/\/apuntesdesanluis.com\/wp-content\/uploads\/2025\/01\/caMION-Y-Saqueo.png\",\"width\":771,\"height\":481},{\"@type\":\"BreadcrumbList\",\"@id\":\"https:\/\/apuntesdesanluis.com\/index.php\/2025\/01\/18\/volco-un-camion-murio-el-chofer-y-saquearon-el-cargamento\/#breadcrumb\",\"itemListElement\":[{\"@type\":\"ListItem\",\"position\":1,\"name\":\"Inicio\",\"item\":\"https:\/\/apuntesdesanluis.com\/\"},{\"@type\":\"ListItem\",\"position\":2,\"name\":\"VOLC\u00d3 UN CAMI\u00d3N, MURI\u00d3 EL CHOFER Y SAQUEARON EL CARGAMENTO\"}]},{\"@type\":\"WebSite\",\"@id\":\"https:\/\/apuntesdesanluis.com\/#website\",\"url\":\"https:\/\/apuntesdesanluis.com\/\",\"name\":\"Apuntes de San Luis\",\"description\":\"\",\"publisher\":{\"@id\":\"https:\/\/apuntesdesanluis.com\/#\/schema\/person\/b55151d52296fcce64d1a72538a70b90\"},\"potentialAction\":[{\"@type\":\"SearchAction\",\"target\":{\"@type\":\"EntryPoint\",\"urlTemplate\":\"https:\/\/apuntesdesanluis.com\/?s={search_term_string}\"},\"query-input\":{\"@type\":\"PropertyValueSpecification\",\"valueRequired\":true,\"valueName\":\"search_term_string\"}}],\"inLanguage\":\"es-AR\"},{\"@type\":[\"Person\",\"Organization\"],\"@id\":\"https:\/\/apuntesdesanluis.com\/#\/schema\/person\/b55151d52296fcce64d1a72538a70b90\",\"name\":\"apuntesdesanluis.com\",\"image\":{\"@type\":\"ImageObject\",\"inLanguage\":\"es-AR\",\"@id\":\"https:\/\/apuntesdesanluis.com\/#\/schema\/person\/image\/\",\"url\":\"https:\/\/apuntesdesanluis.com\/wp-content\/uploads\/2023\/07\/cropped-apuntesdesanluis.png\",\"contentUrl\":\"https:\/\/apuntesdesanluis.com\/wp-content\/uploads\/2023\/07\/cropped-apuntesdesanluis.png\",\"width\":450,\"height\":112,\"caption\":\"apuntesdesanluis.com\"},\"logo\":{\"@id\":\"https:\/\/apuntesdesanluis.com\/#\/schema\/person\/image\/\"},\"sameAs\":[\"https:\/\/apuntesdesanluis.com\"],\"url\":\"https:\/\/apuntesdesanluis.com\/index.php\/author\/apuntesdesanluis-com\/\"}]}<\/script>\n<!-- \/ Yoast SEO plugin. -->","yoast_head_json":{"title":"VOLC\u00d3 UN CAMI\u00d3N, MURI\u00d3 EL CHOFER Y SAQUEARON EL CARGAMENTO - Apuntes de San Luis","robots":{"index":"index","follow":"follow","max-snippet":"max-snippet:-1","max-image-preview":"max-image-preview:large","max-video-preview":"max-video-preview:-1"},"canonical":"https:\/\/apuntesdesanluis.com\/index.php\/2025\/01\/18\/volco-un-camion-murio-el-chofer-y-saquearon-el-cargamento\/","og_locale":"es_ES","og_type":"article","og_title":"VOLC\u00d3 UN CAMI\u00d3N, MURI\u00d3 EL CHOFER Y SAQUEARON EL CARGAMENTO - Apuntes de San Luis","og_description":"La postal de gente saqueando el cargamento de un cami\u00f3n volcado volvi\u00f3 a repetirse este...","og_url":"https:\/\/apuntesdesanluis.com\/index.php\/2025\/01\/18\/volco-un-camion-murio-el-chofer-y-saquearon-el-cargamento\/","og_site_name":"Apuntes de San Luis","article_published_time":"2025-01-18T22:58:16+00:00","article_modified_time":"2025-01-19T23:00:54+00:00","og_image":[{"width":771,"height":481,"url":"https:\/\/apuntesdesanluis.com\/wp-content\/uploads\/2025\/01\/caMION-Y-Saqueo.png","type":"image\/png"}],"author":"apuntesdesanluis.com","twitter_card":"summary_large_image","twitter_misc":{"Escrito por":"apuntesdesanluis.com","Tiempo de lectura":"3 minutos"},"schema":{"@context":"https:\/\/schema.org","@graph":[{"@type":"Article","@id":"https:\/\/apuntesdesanluis.com\/index.php\/2025\/01\/18\/volco-un-camion-murio-el-chofer-y-saquearon-el-cargamento\/#article","isPartOf":{"@id":"https:\/\/apuntesdesanluis.com\/index.php\/2025\/01\/18\/volco-un-camion-murio-el-chofer-y-saquearon-el-cargamento\/"},"author":{"name":"apuntesdesanluis.com","@id":"https:\/\/apuntesdesanluis.com\/#\/schema\/person\/b55151d52296fcce64d1a72538a70b90"},"headline":"VOLC\u00d3 UN CAMI\u00d3N, MURI\u00d3 EL CHOFER Y SAQUEARON EL CARGAMENTO","datePublished":"2025-01-18T22:58:16+00:00","dateModified":"2025-01-19T23:00:54+00:00","mainEntityOfPage":{"@id":"https:\/\/apuntesdesanluis.com\/index.php\/2025\/01\/18\/volco-un-camion-murio-el-chofer-y-saquearon-el-cargamento\/"},"wordCount":494,"publisher":{"@id":"https:\/\/apuntesdesanluis.com\/#\/schema\/person\/b55151d52296fcce64d1a72538a70b90"},"image":{"@id":"https:\/\/apuntesdesanluis.com\/index.php\/2025\/01\/18\/volco-un-camion-murio-el-chofer-y-saquearon-el-cargamento\/#primaryimage"},"thumbnailUrl":"https:\/\/apuntesdesanluis.com\/wp-content\/uploads\/2025\/01\/caMION-Y-Saqueo.png","articleSection":["Nacionales\/Internacionales"],"inLanguage":"es-AR"},{"@type":"WebPage","@id":"https:\/\/apuntesdesanluis.com\/index.php\/2025\/01\/18\/volco-un-camion-murio-el-chofer-y-saquearon-el-cargamento\/","url":"https:\/\/apuntesdesanluis.com\/index.php\/2025\/01\/18\/volco-un-camion-murio-el-chofer-y-saquearon-el-cargamento\/","name":"VOLC\u00d3 UN CAMI\u00d3N, MURI\u00d3 EL CHOFER Y SAQUEARON EL CARGAMENTO - Apuntes de San Luis","isPartOf":{"@id":"https:\/\/apuntesdesanluis.com\/#website"},"primaryImageOfPage":{"@id":"https:\/\/apuntesdesanluis.com\/index.php\/2025\/01\/18\/volco-un-camion-murio-el-chofer-y-saquearon-el-cargamento\/#primaryimage"},"image":{"@id":"https:\/\/apuntesdesanluis.com\/index.php\/2025\/01\/18\/volco-un-camion-murio-el-chofer-y-saquearon-el-cargamento\/#primaryimage"},"thumbnailUrl":"https:\/\/apuntesdesanluis.com\/wp-content\/uploads\/2025\/01\/caMION-Y-Saqueo.png","datePublished":"2025-01-18T22:58:16+00:00","dateModified":"2025-01-19T23:00:54+00:00","breadcrumb":{"@id":"https:\/\/apuntesdesanluis.com\/index.php\/2025\/01\/18\/volco-un-camion-murio-el-chofer-y-saquearon-el-cargamento\/#breadcrumb"},"inLanguage":"es-AR","potentialAction":[{"@type":"ReadAction","target":["https:\/\/apuntesdesanluis.com\/index.php\/2025\/01\/18\/volco-un-camion-murio-el-chofer-y-saquearon-el-cargamento\/"]}]},{"@type":"ImageObject","inLanguage":"es-AR","@id":"https:\/\/apuntesdesanluis.com\/index.php\/2025\/01\/18\/volco-un-camion-murio-el-chofer-y-saquearon-el-cargamento\/#primaryimage","url":"https:\/\/apuntesdesanluis.com\/wp-content\/uploads\/2025\/01\/caMION-Y-Saqueo.png","contentUrl":"https:\/\/apuntesdesanluis.com\/wp-content\/uploads\/2025\/01\/caMION-Y-Saqueo.png","width":771,"height":481},{"@type":"BreadcrumbList","@id":"https:\/\/apuntesdesanluis.com\/index.php\/2025\/01\/18\/volco-un-camion-murio-el-chofer-y-saquearon-el-cargamento\/#breadcrumb","itemListElement":[{"@type":"ListItem","position":1,"name":"Inicio","item":"https:\/\/apuntesdesanluis.com\/"},{"@type":"ListItem","position":2,"name":"VOLC\u00d3 UN CAMI\u00d3N, MURI\u00d3 EL CHOFER Y SAQUEARON EL CARGAMENTO"}]},{"@type":"WebSite","@id":"https:\/\/apuntesdesanluis.com\/#website","url":"https:\/\/apuntesdesanluis.com\/","name":"Apuntes de San Luis","description":"","publisher":{"@id":"https:\/\/apuntesdesanluis.com\/#\/schema\/person\/b55151d52296fcce64d1a72538a70b90"},"potentialAction":[{"@type":"SearchAction","target":{"@type":"EntryPoint","urlTemplate":"https:\/\/apuntesdesanluis.com\/?s={search_term_string}"},"query-input":{"@type":"PropertyValueSpecification","valueRequired":true,"valueName":"search_term_string"}}],"inLanguage":"es-AR"},{"@type":["Person","Organization"],"@id":"https:\/\/apuntesdesanluis.com\/#\/schema\/person\/b55151d52296fcce64d1a72538a70b90","name":"apuntesdesanluis.com","image":{"@type":"ImageObject","inLanguage":"es-AR","@id":"https:\/\/apuntesdesanluis.com\/#\/schema\/person\/image\/","url":"https:\/\/apuntesdesanluis.com\/wp-content\/uploads\/2023\/07\/cropped-apuntesdesanluis.png","contentUrl":"https:\/\/apuntesdesanluis.com\/wp-content\/uploads\/2023\/07\/cropped-apuntesdesanluis.png","width":450,"height":112,"caption":"apuntesdesanluis.com"},"logo":{"@id":"https:\/\/apuntesdesanluis.com\/#\/schema\/person\/image\/"},"sameAs":["https:\/\/apuntesdesanluis.com"],"url":"https:\/\/apuntesdesanluis.com\/index.php\/author\/apuntesdesanluis-com\/"}]}},"featured_image_urls":{"full":["https:\/\/apuntesdesanluis.com\/wp-content\/uploads\/2025\/01\/caMION-Y-Saqueo.png",771,481,false],"thumbnail":["https:\/\/apuntesdesanluis.com\/wp-content\/uploads\/2025\/01\/caMION-Y-Saqueo-150x150.png",150,150,true],"medium":["https:\/\/apuntesdesanluis.com\/wp-content\/uploads\/2025\/01\/caMION-Y-Saqueo-300x187.png",300,187,true],"medium_large":["https:\/\/apuntesdesanluis.com\/wp-content\/uploads\/2025\/01\/caMION-Y-Saqueo-768x479.png",640,399,true],"large":["https:\/\/apuntesdesanluis.com\/wp-content\/uploads\/2025\/01\/caMION-Y-Saqueo.png",640,399,false],"1536x1536":["https:\/\/apuntesdesanluis.com\/wp-content\/uploads\/2025\/01\/caMION-Y-Saqueo.png",771,481,false],"2048x2048":["https:\/\/apuntesdesanluis.com\/wp-content\/uploads\/2025\/01\/caMION-Y-Saqueo.png",771,481,false],"newsever-slider-full":["https:\/\/apuntesdesanluis.com\/wp-content\/uploads\/2025\/01\/caMION-Y-Saqueo.png",771,481,false],"newsever-featured":["https:\/\/apuntesdesanluis.com\/wp-content\/uploads\/2025\/01\/caMION-Y-Saqueo.png",771,481,false],"newsever-medium":["https:\/\/apuntesdesanluis.com\/wp-content\/uploads\/2025\/01\/caMION-Y-Saqueo-720x475.png",720,475,true]},"author_info":{"display_name":"apuntesdesanluis.com","author_link":"https:\/\/apuntesdesanluis.com\/index.php\/author\/apuntesdesanluis-com\/"},"category_info":"<a href=\"https:\/\/apuntesdesanluis.com\/index.php\/category\/nacionales-internacionales\/\" rel=\"category tag\">Nacionales\/Internacionales<\/a>","tag_info":"Nacionales\/Internacionales","comment_count":"0","_links":{"self":[{"href":"https:\/\/apuntesdesanluis.com\/index.php\/wp-json\/wp\/v2\/posts\/27978","targetHints":{"allow":["GET"]}}],"collection":[{"href":"https:\/\/apuntesdesanluis.com\/index.php\/wp-json\/wp\/v2\/posts"}],"about":[{"href":"https:\/\/apuntesdesanluis.com\/index.php\/wp-json\/wp\/v2\/types\/post"}],"author":[{"embeddable":true,"href":"https:\/\/apuntesdesanluis.com\/index.php\/wp-json\/wp\/v2\/users\/1"}],"replies":[{"embeddable":true,"href":"https:\/\/apuntesdesanluis.com\/index.php\/wp-json\/wp\/v2\/comments?post=27978"}],"version-history":[{"count":1,"href":"https:\/\/apuntesdesanluis.com\/index.php\/wp-json\/wp\/v2\/posts\/27978\/revisions"}],"predecessor-version":[{"id":27981,"href":"https:\/\/apuntesdesanluis.com\/index.php\/wp-json\/wp\/v2\/posts\/27978\/revisions\/27981"}],"wp:featuredmedia":[{"embeddable":true,"href":"https:\/\/apuntesdesanluis.com\/index.php\/wp-json\/wp\/v2\/media\/27979"}],"wp:attachment":[{"href":"https:\/\/apuntesdesanluis.com\/index.php\/wp-json\/wp\/v2\/media?parent=27978"}],"wp:term":[{"taxonomy":"category","embeddable":true,"href":"https:\/\/apuntesdesanluis.com\/index.php\/wp-json\/wp\/v2\/categories?post=27978"},{"taxonomy":"post_tag","embeddable":true,"href":"https:\/\/apuntesdesanluis.com\/index.php\/wp-json\/wp\/v2\/tags?post=27978"}],"curies":[{"name":"wp","href":"https:\/\/api.w.org\/{rel}","templated":true}]}}