{"id":27982,"date":"2025-01-19T20:32:46","date_gmt":"2025-01-19T23:32:46","guid":{"rendered":"https:\/\/apuntesdesanluis.com\/?p=27982"},"modified":"2025-01-19T20:32:46","modified_gmt":"2025-01-19T23:32:46","slug":"milei-asiste-este-lunes-a-la-asuncion-de-trump-como-presidente-de-los-ee-uu","status":"publish","type":"post","link":"https:\/\/apuntesdesanluis.com\/index.php\/2025\/01\/19\/milei-asiste-este-lunes-a-la-asuncion-de-trump-como-presidente-de-los-ee-uu\/","title":{"rendered":"MILEI ASISTE ESTE LUNES A LA ASUNCI\u00d3N DE TRUMP COMO PRESIDENTE DE LOS EE.UU"},"content":{"rendered":"<h3>El presidente electo de los Estados Unidos, <strong>Donald Trump<\/strong>, asumir\u00e1 este lunes formalmente como el mandatario 47mo. del pa\u00eds del norte, en una ceremonia que, por primera vez en 40 a\u00f1os, se celebrar\u00e1 en el interior del Capitolio y no en sus escalinatas como es tradicional.<\/h3>\n<h3>Trump llevar\u00e1 a cabo su segunda toma de posesi\u00f3n como presidente de los Estados Unidos -ya ejerci\u00f3 el cargo entre 2017 y 2021- en una ceremonia que comenzar\u00e1 a las 11 hora de Washington DC, las 13 de la Argentina.<\/h3>\n<h3>Fuentes de la Casa Blanca explicaron que el cambio de escenario tiene por objetivo proteger a las autoridades entrantes y salientes, as\u00ed como a los numerosos invitados -entre ellos el presidente argentino, <strong>Javier Milei<\/strong>-, del fr\u00edo polar reinante en Washington, aunque algunas fuentes mencionaron tambi\u00e9n cuestiones de seguridad.<\/h3>\n<h3>&#8220;Los pron\u00f3sticos del clima para Washington DC, adem\u00e1s del factor del viento, podr\u00edan llevar las temperaturas a duros m\u00ednimos r\u00e9cord&#8221;, public\u00f3 Trump el viernes en su plataforma Truth Social aludiendo a que se espera una m\u00ednima de -12 grados celsius.<\/h3>\n<p><img fetchpriority=\"high\" decoding=\"async\" class=\"wp-image-27984 aligncenter\" src=\"https:\/\/apuntesdesanluis.com\/wp-content\/uploads\/2025\/01\/asume-trump-300x189.png\" alt=\"\" width=\"706\" height=\"445\" srcset=\"https:\/\/apuntesdesanluis.com\/wp-content\/uploads\/2025\/01\/asume-trump-300x189.png 300w, https:\/\/apuntesdesanluis.com\/wp-content\/uploads\/2025\/01\/asume-trump-768x483.png 768w, https:\/\/apuntesdesanluis.com\/wp-content\/uploads\/2025\/01\/asume-trump.png 904w\" sizes=\"(max-width: 706px) 100vw, 706px\" \/><\/p>\n<h3>Trump comenzar\u00e1 su actividad oficial asistiendo a una misa en la Iglesia de St. John antes de prestar juramento junto al vicepresidente James David Vance.<\/h3>\n<h3>Tras ello se llevar\u00e1 a cabo la jura, bajo el lema &#8220;Nuestra democracia duradera: una promesa constitucional&#8221;.<\/h3>\n<h3>\u00a0Luego, revisar\u00e1 tropas, encabezar\u00e1 el desfile inaugural y culminar\u00e1 el d\u00eda con tres bailes inaugurales en todos los cuales pronunciar\u00e1 discursos.<\/h3>\n<h3>Pese a que la asunci\u00f3n se realizar\u00e1 formalmente ma\u00f1ana, las ceremonias de celebraci\u00f3n comenzaron ayer, s\u00e1bado, con una recepci\u00f3n presidencial, fuegos artificiales y una cena del gabinete en Sterling, uno de los clubes de golf de Trump, situado a menos de una hora de Washington.<\/h3>\n<h3>En principio estaba previsto que cientos de miles de personas se congregaran ma\u00f1ana en la Explanada Nacional del Capitolio, pero al trasladarse la ceremonia puertas adentro se eligi\u00f3 retransmitir\u00e1 en vivo en el Capital One Arena, un estadio en el centro de Washington con capacidad para unas 20.000 personas.<\/h3>\n<h3><\/h3>\n<p>&nbsp;<\/p>\n<p>&nbsp;<\/p>\n","protected":false},"excerpt":{"rendered":"<p>El presidente electo de los Estados Unidos, Donald Trump, asumir\u00e1 este lunes formalmente como el&#8230;<\/p>\n","protected":false},"author":1,"featured_media":27983,"comment_status":"closed","ping_status":"closed","sticky":false,"template":"","format":"standard","meta":{"footnotes":""},"categories":[5],"tags":[],"class_list":["post-27982","post","type-post","status-publish","format-standard","has-post-thumbnail","hentry","category-nacionales-internacionales"],"yoast_head":"<!-- This site is optimized with the Yoast SEO plugin v26.1.1 - https:\/\/yoast.com\/wordpress\/plugins\/seo\/ -->\n<title>MILEI ASISTE ESTE LUNES A LA ASUNCI\u00d3N DE TRUMP COMO PRESIDENTE DE LOS EE.UU - Apuntes de San Luis<\/title>\n<meta name=\"robots\" content=\"index, follow, max-snippet:-1, max-image-preview:large, max-video-preview:-1\" \/>\n<link rel=\"canonical\" href=\"https:\/\/apuntesdesanluis.com\/index.php\/2025\/01\/19\/milei-asiste-este-lunes-a-la-asuncion-de-trump-como-presidente-de-los-ee-uu\/\" \/>\n<meta property=\"og:locale\" content=\"es_ES\" \/>\n<meta property=\"og:type\" content=\"article\" \/>\n<meta property=\"og:title\" content=\"MILEI ASISTE ESTE LUNES A LA ASUNCI\u00d3N DE TRUMP COMO PRESIDENTE DE LOS EE.UU - Apuntes de San Luis\" \/>\n<meta property=\"og:description\" content=\"El presidente electo de los Estados Unidos, Donald Trump, asumir\u00e1 este lunes formalmente como el...\" \/>\n<meta property=\"og:url\" content=\"https:\/\/apuntesdesanluis.com\/index.php\/2025\/01\/19\/milei-asiste-este-lunes-a-la-asuncion-de-trump-como-presidente-de-los-ee-uu\/\" \/>\n<meta property=\"og:site_name\" content=\"Apuntes de San Luis\" \/>\n<meta property=\"article:published_time\" content=\"2025-01-19T23:32:46+00:00\" \/>\n<meta property=\"og:image\" content=\"https:\/\/apuntesdesanluis.com\/wp-content\/uploads\/2025\/01\/trump-y-milei.png\" \/>\n\t<meta property=\"og:image:width\" content=\"661\" \/>\n\t<meta property=\"og:image:height\" content=\"465\" \/>\n\t<meta property=\"og:image:type\" content=\"image\/png\" \/>\n<meta name=\"author\" content=\"apuntesdesanluis.com\" \/>\n<meta name=\"twitter:card\" content=\"summary_large_image\" \/>\n<meta name=\"twitter:label1\" content=\"Escrito por\" \/>\n\t<meta name=\"twitter:data1\" content=\"apuntesdesanluis.com\" \/>\n\t<meta name=\"twitter:label2\" content=\"Tiempo de lectura\" \/>\n\t<meta name=\"twitter:data2\" content=\"2 minutos\" \/>\n<script type=\"application\/ld+json\" class=\"yoast-schema-graph\">{\"@context\":\"https:\/\/schema.org\",\"@graph\":[{\"@type\":\"Article\",\"@id\":\"https:\/\/apuntesdesanluis.com\/index.php\/2025\/01\/19\/milei-asiste-este-lunes-a-la-asuncion-de-trump-como-presidente-de-los-ee-uu\/#article\",\"isPartOf\":{\"@id\":\"https:\/\/apuntesdesanluis.com\/index.php\/2025\/01\/19\/milei-asiste-este-lunes-a-la-asuncion-de-trump-como-presidente-de-los-ee-uu\/\"},\"author\":{\"name\":\"apuntesdesanluis.com\",\"@id\":\"https:\/\/apuntesdesanluis.com\/#\/schema\/person\/b55151d52296fcce64d1a72538a70b90\"},\"headline\":\"MILEI ASISTE ESTE LUNES A LA ASUNCI\u00d3N DE TRUMP COMO PRESIDENTE DE LOS EE.UU\",\"datePublished\":\"2025-01-19T23:32:46+00:00\",\"mainEntityOfPage\":{\"@id\":\"https:\/\/apuntesdesanluis.com\/index.php\/2025\/01\/19\/milei-asiste-este-lunes-a-la-asuncion-de-trump-como-presidente-de-los-ee-uu\/\"},\"wordCount\":362,\"publisher\":{\"@id\":\"https:\/\/apuntesdesanluis.com\/#\/schema\/person\/b55151d52296fcce64d1a72538a70b90\"},\"image\":{\"@id\":\"https:\/\/apuntesdesanluis.com\/index.php\/2025\/01\/19\/milei-asiste-este-lunes-a-la-asuncion-de-trump-como-presidente-de-los-ee-uu\/#primaryimage\"},\"thumbnailUrl\":\"https:\/\/apuntesdesanluis.com\/wp-content\/uploads\/2025\/01\/trump-y-milei.png\",\"articleSection\":[\"Nacionales\/Internacionales\"],\"inLanguage\":\"es-AR\"},{\"@type\":\"WebPage\",\"@id\":\"https:\/\/apuntesdesanluis.com\/index.php\/2025\/01\/19\/milei-asiste-este-lunes-a-la-asuncion-de-trump-como-presidente-de-los-ee-uu\/\",\"url\":\"https:\/\/apuntesdesanluis.com\/index.php\/2025\/01\/19\/milei-asiste-este-lunes-a-la-asuncion-de-trump-como-presidente-de-los-ee-uu\/\",\"name\":\"MILEI ASISTE ESTE LUNES A LA ASUNCI\u00d3N DE TRUMP COMO PRESIDENTE DE LOS EE.UU - Apuntes de San Luis\",\"isPartOf\":{\"@id\":\"https:\/\/apuntesdesanluis.com\/#website\"},\"primaryImageOfPage\":{\"@id\":\"https:\/\/apuntesdesanluis.com\/index.php\/2025\/01\/19\/milei-asiste-este-lunes-a-la-asuncion-de-trump-como-presidente-de-los-ee-uu\/#primaryimage\"},\"image\":{\"@id\":\"https:\/\/apuntesdesanluis.com\/index.php\/2025\/01\/19\/milei-asiste-este-lunes-a-la-asuncion-de-trump-como-presidente-de-los-ee-uu\/#primaryimage\"},\"thumbnailUrl\":\"https:\/\/apuntesdesanluis.com\/wp-content\/uploads\/2025\/01\/trump-y-milei.png\",\"datePublished\":\"2025-01-19T23:32:46+00:00\",\"breadcrumb\":{\"@id\":\"https:\/\/apuntesdesanluis.com\/index.php\/2025\/01\/19\/milei-asiste-este-lunes-a-la-asuncion-de-trump-como-presidente-de-los-ee-uu\/#breadcrumb\"},\"inLanguage\":\"es-AR\",\"potentialAction\":[{\"@type\":\"ReadAction\",\"target\":[\"https:\/\/apuntesdesanluis.com\/index.php\/2025\/01\/19\/milei-asiste-este-lunes-a-la-asuncion-de-trump-como-presidente-de-los-ee-uu\/\"]}]},{\"@type\":\"ImageObject\",\"inLanguage\":\"es-AR\",\"@id\":\"https:\/\/apuntesdesanluis.com\/index.php\/2025\/01\/19\/milei-asiste-este-lunes-a-la-asuncion-de-trump-como-presidente-de-los-ee-uu\/#primaryimage\",\"url\":\"https:\/\/apuntesdesanluis.com\/wp-content\/uploads\/2025\/01\/trump-y-milei.png\",\"contentUrl\":\"https:\/\/apuntesdesanluis.com\/wp-content\/uploads\/2025\/01\/trump-y-milei.png\",\"width\":661,\"height\":465},{\"@type\":\"BreadcrumbList\",\"@id\":\"https:\/\/apuntesdesanluis.com\/index.php\/2025\/01\/19\/milei-asiste-este-lunes-a-la-asuncion-de-trump-como-presidente-de-los-ee-uu\/#breadcrumb\",\"itemListElement\":[{\"@type\":\"ListItem\",\"position\":1,\"name\":\"Inicio\",\"item\":\"https:\/\/apuntesdesanluis.com\/\"},{\"@type\":\"ListItem\",\"position\":2,\"name\":\"MILEI ASISTE ESTE LUNES A LA ASUNCI\u00d3N DE TRUMP COMO PRESIDENTE DE LOS EE.UU\"}]},{\"@type\":\"WebSite\",\"@id\":\"https:\/\/apuntesdesanluis.com\/#website\",\"url\":\"https:\/\/apuntesdesanluis.com\/\",\"name\":\"Apuntes de San Luis\",\"description\":\"\",\"publisher\":{\"@id\":\"https:\/\/apuntesdesanluis.com\/#\/schema\/person\/b55151d52296fcce64d1a72538a70b90\"},\"potentialAction\":[{\"@type\":\"SearchAction\",\"target\":{\"@type\":\"EntryPoint\",\"urlTemplate\":\"https:\/\/apuntesdesanluis.com\/?s={search_term_string}\"},\"query-input\":{\"@type\":\"PropertyValueSpecification\",\"valueRequired\":true,\"valueName\":\"search_term_string\"}}],\"inLanguage\":\"es-AR\"},{\"@type\":[\"Person\",\"Organization\"],\"@id\":\"https:\/\/apuntesdesanluis.com\/#\/schema\/person\/b55151d52296fcce64d1a72538a70b90\",\"name\":\"apuntesdesanluis.com\",\"image\":{\"@type\":\"ImageObject\",\"inLanguage\":\"es-AR\",\"@id\":\"https:\/\/apuntesdesanluis.com\/#\/schema\/person\/image\/\",\"url\":\"https:\/\/apuntesdesanluis.com\/wp-content\/uploads\/2023\/07\/cropped-apuntesdesanluis.png\",\"contentUrl\":\"https:\/\/apuntesdesanluis.com\/wp-content\/uploads\/2023\/07\/cropped-apuntesdesanluis.png\",\"width\":450,\"height\":112,\"caption\":\"apuntesdesanluis.com\"},\"logo\":{\"@id\":\"https:\/\/apuntesdesanluis.com\/#\/schema\/person\/image\/\"},\"sameAs\":[\"https:\/\/apuntesdesanluis.com\"],\"url\":\"https:\/\/apuntesdesanluis.com\/index.php\/author\/apuntesdesanluis-com\/\"}]}<\/script>\n<!-- \/ Yoast SEO plugin. -->","yoast_head_json":{"title":"MILEI ASISTE ESTE LUNES A LA ASUNCI\u00d3N DE TRUMP COMO PRESIDENTE DE LOS EE.UU - Apuntes de San Luis","robots":{"index":"index","follow":"follow","max-snippet":"max-snippet:-1","max-image-preview":"max-image-preview:large","max-video-preview":"max-video-preview:-1"},"canonical":"https:\/\/apuntesdesanluis.com\/index.php\/2025\/01\/19\/milei-asiste-este-lunes-a-la-asuncion-de-trump-como-presidente-de-los-ee-uu\/","og_locale":"es_ES","og_type":"article","og_title":"MILEI ASISTE ESTE LUNES A LA ASUNCI\u00d3N DE TRUMP COMO PRESIDENTE DE LOS EE.UU - Apuntes de San Luis","og_description":"El presidente electo de los Estados Unidos, Donald Trump, asumir\u00e1 este lunes formalmente como el...","og_url":"https:\/\/apuntesdesanluis.com\/index.php\/2025\/01\/19\/milei-asiste-este-lunes-a-la-asuncion-de-trump-como-presidente-de-los-ee-uu\/","og_site_name":"Apuntes de San Luis","article_published_time":"2025-01-19T23:32:46+00:00","og_image":[{"width":661,"height":465,"url":"https:\/\/apuntesdesanluis.com\/wp-content\/uploads\/2025\/01\/trump-y-milei.png","type":"image\/png"}],"author":"apuntesdesanluis.com","twitter_card":"summary_large_image","twitter_misc":{"Escrito por":"apuntesdesanluis.com","Tiempo de lectura":"2 minutos"},"schema":{"@context":"https:\/\/schema.org","@graph":[{"@type":"Article","@id":"https:\/\/apuntesdesanluis.com\/index.php\/2025\/01\/19\/milei-asiste-este-lunes-a-la-asuncion-de-trump-como-presidente-de-los-ee-uu\/#article","isPartOf":{"@id":"https:\/\/apuntesdesanluis.com\/index.php\/2025\/01\/19\/milei-asiste-este-lunes-a-la-asuncion-de-trump-como-presidente-de-los-ee-uu\/"},"author":{"name":"apuntesdesanluis.com","@id":"https:\/\/apuntesdesanluis.com\/#\/schema\/person\/b55151d52296fcce64d1a72538a70b90"},"headline":"MILEI ASISTE ESTE LUNES A LA ASUNCI\u00d3N DE TRUMP COMO PRESIDENTE DE LOS EE.UU","datePublished":"2025-01-19T23:32:46+00:00","mainEntityOfPage":{"@id":"https:\/\/apuntesdesanluis.com\/index.php\/2025\/01\/19\/milei-asiste-este-lunes-a-la-asuncion-de-trump-como-presidente-de-los-ee-uu\/"},"wordCount":362,"publisher":{"@id":"https:\/\/apuntesdesanluis.com\/#\/schema\/person\/b55151d52296fcce64d1a72538a70b90"},"image":{"@id":"https:\/\/apuntesdesanluis.com\/index.php\/2025\/01\/19\/milei-asiste-este-lunes-a-la-asuncion-de-trump-como-presidente-de-los-ee-uu\/#primaryimage"},"thumbnailUrl":"https:\/\/apuntesdesanluis.com\/wp-content\/uploads\/2025\/01\/trump-y-milei.png","articleSection":["Nacionales\/Internacionales"],"inLanguage":"es-AR"},{"@type":"WebPage","@id":"https:\/\/apuntesdesanluis.com\/index.php\/2025\/01\/19\/milei-asiste-este-lunes-a-la-asuncion-de-trump-como-presidente-de-los-ee-uu\/","url":"https:\/\/apuntesdesanluis.com\/index.php\/2025\/01\/19\/milei-asiste-este-lunes-a-la-asuncion-de-trump-como-presidente-de-los-ee-uu\/","name":"MILEI ASISTE ESTE LUNES A LA ASUNCI\u00d3N DE TRUMP COMO PRESIDENTE DE LOS EE.UU - Apuntes de San Luis","isPartOf":{"@id":"https:\/\/apuntesdesanluis.com\/#website"},"primaryImageOfPage":{"@id":"https:\/\/apuntesdesanluis.com\/index.php\/2025\/01\/19\/milei-asiste-este-lunes-a-la-asuncion-de-trump-como-presidente-de-los-ee-uu\/#primaryimage"},"image":{"@id":"https:\/\/apuntesdesanluis.com\/index.php\/2025\/01\/19\/milei-asiste-este-lunes-a-la-asuncion-de-trump-como-presidente-de-los-ee-uu\/#primaryimage"},"thumbnailUrl":"https:\/\/apuntesdesanluis.com\/wp-content\/uploads\/2025\/01\/trump-y-milei.png","datePublished":"2025-01-19T23:32:46+00:00","breadcrumb":{"@id":"https:\/\/apuntesdesanluis.com\/index.php\/2025\/01\/19\/milei-asiste-este-lunes-a-la-asuncion-de-trump-como-presidente-de-los-ee-uu\/#breadcrumb"},"inLanguage":"es-AR","potentialAction":[{"@type":"ReadAction","target":["https:\/\/apuntesdesanluis.com\/index.php\/2025\/01\/19\/milei-asiste-este-lunes-a-la-asuncion-de-trump-como-presidente-de-los-ee-uu\/"]}]},{"@type":"ImageObject","inLanguage":"es-AR","@id":"https:\/\/apuntesdesanluis.com\/index.php\/2025\/01\/19\/milei-asiste-este-lunes-a-la-asuncion-de-trump-como-presidente-de-los-ee-uu\/#primaryimage","url":"https:\/\/apuntesdesanluis.com\/wp-content\/uploads\/2025\/01\/trump-y-milei.png","contentUrl":"https:\/\/apuntesdesanluis.com\/wp-content\/uploads\/2025\/01\/trump-y-milei.png","width":661,"height":465},{"@type":"BreadcrumbList","@id":"https:\/\/apuntesdesanluis.com\/index.php\/2025\/01\/19\/milei-asiste-este-lunes-a-la-asuncion-de-trump-como-presidente-de-los-ee-uu\/#breadcrumb","itemListElement":[{"@type":"ListItem","position":1,"name":"Inicio","item":"https:\/\/apuntesdesanluis.com\/"},{"@type":"ListItem","position":2,"name":"MILEI ASISTE ESTE LUNES A LA ASUNCI\u00d3N DE TRUMP COMO PRESIDENTE DE LOS EE.UU"}]},{"@type":"WebSite","@id":"https:\/\/apuntesdesanluis.com\/#website","url":"https:\/\/apuntesdesanluis.com\/","name":"Apuntes de San Luis","description":"","publisher":{"@id":"https:\/\/apuntesdesanluis.com\/#\/schema\/person\/b55151d52296fcce64d1a72538a70b90"},"potentialAction":[{"@type":"SearchAction","target":{"@type":"EntryPoint","urlTemplate":"https:\/\/apuntesdesanluis.com\/?s={search_term_string}"},"query-input":{"@type":"PropertyValueSpecification","valueRequired":true,"valueName":"search_term_string"}}],"inLanguage":"es-AR"},{"@type":["Person","Organization"],"@id":"https:\/\/apuntesdesanluis.com\/#\/schema\/person\/b55151d52296fcce64d1a72538a70b90","name":"apuntesdesanluis.com","image":{"@type":"ImageObject","inLanguage":"es-AR","@id":"https:\/\/apuntesdesanluis.com\/#\/schema\/person\/image\/","url":"https:\/\/apuntesdesanluis.com\/wp-content\/uploads\/2023\/07\/cropped-apuntesdesanluis.png","contentUrl":"https:\/\/apuntesdesanluis.com\/wp-content\/uploads\/2023\/07\/cropped-apuntesdesanluis.png","width":450,"height":112,"caption":"apuntesdesanluis.com"},"logo":{"@id":"https:\/\/apuntesdesanluis.com\/#\/schema\/person\/image\/"},"sameAs":["https:\/\/apuntesdesanluis.com"],"url":"https:\/\/apuntesdesanluis.com\/index.php\/author\/apuntesdesanluis-com\/"}]}},"featured_image_urls":{"full":["https:\/\/apuntesdesanluis.com\/wp-content\/uploads\/2025\/01\/trump-y-milei.png",661,465,false],"thumbnail":["https:\/\/apuntesdesanluis.com\/wp-content\/uploads\/2025\/01\/trump-y-milei-150x150.png",150,150,true],"medium":["https:\/\/apuntesdesanluis.com\/wp-content\/uploads\/2025\/01\/trump-y-milei-300x211.png",300,211,true],"medium_large":["https:\/\/apuntesdesanluis.com\/wp-content\/uploads\/2025\/01\/trump-y-milei.png",640,450,false],"large":["https:\/\/apuntesdesanluis.com\/wp-content\/uploads\/2025\/01\/trump-y-milei.png",640,450,false],"1536x1536":["https:\/\/apuntesdesanluis.com\/wp-content\/uploads\/2025\/01\/trump-y-milei.png",661,465,false],"2048x2048":["https:\/\/apuntesdesanluis.com\/wp-content\/uploads\/2025\/01\/trump-y-milei.png",661,465,false],"newsever-slider-full":["https:\/\/apuntesdesanluis.com\/wp-content\/uploads\/2025\/01\/trump-y-milei.png",661,465,false],"newsever-featured":["https:\/\/apuntesdesanluis.com\/wp-content\/uploads\/2025\/01\/trump-y-milei.png",661,465,false],"newsever-medium":["https:\/\/apuntesdesanluis.com\/wp-content\/uploads\/2025\/01\/trump-y-milei.png",661,465,false]},"author_info":{"display_name":"apuntesdesanluis.com","author_link":"https:\/\/apuntesdesanluis.com\/index.php\/author\/apuntesdesanluis-com\/"},"category_info":"<a href=\"https:\/\/apuntesdesanluis.com\/index.php\/category\/nacionales-internacionales\/\" rel=\"category tag\">Nacionales\/Internacionales<\/a>","tag_info":"Nacionales\/Internacionales","comment_count":"0","_links":{"self":[{"href":"https:\/\/apuntesdesanluis.com\/index.php\/wp-json\/wp\/v2\/posts\/27982","targetHints":{"allow":["GET"]}}],"collection":[{"href":"https:\/\/apuntesdesanluis.com\/index.php\/wp-json\/wp\/v2\/posts"}],"about":[{"href":"https:\/\/apuntesdesanluis.com\/index.php\/wp-json\/wp\/v2\/types\/post"}],"author":[{"embeddable":true,"href":"https:\/\/apuntesdesanluis.com\/index.php\/wp-json\/wp\/v2\/users\/1"}],"replies":[{"embeddable":true,"href":"https:\/\/apuntesdesanluis.com\/index.php\/wp-json\/wp\/v2\/comments?post=27982"}],"version-history":[{"count":1,"href":"https:\/\/apuntesdesanluis.com\/index.php\/wp-json\/wp\/v2\/posts\/27982\/revisions"}],"predecessor-version":[{"id":27985,"href":"https:\/\/apuntesdesanluis.com\/index.php\/wp-json\/wp\/v2\/posts\/27982\/revisions\/27985"}],"wp:featuredmedia":[{"embeddable":true,"href":"https:\/\/apuntesdesanluis.com\/index.php\/wp-json\/wp\/v2\/media\/27983"}],"wp:attachment":[{"href":"https:\/\/apuntesdesanluis.com\/index.php\/wp-json\/wp\/v2\/media?parent=27982"}],"wp:term":[{"taxonomy":"category","embeddable":true,"href":"https:\/\/apuntesdesanluis.com\/index.php\/wp-json\/wp\/v2\/categories?post=27982"},{"taxonomy":"post_tag","embeddable":true,"href":"https:\/\/apuntesdesanluis.com\/index.php\/wp-json\/wp\/v2\/tags?post=27982"}],"curies":[{"name":"wp","href":"https:\/\/api.w.org\/{rel}","templated":true}]}}