{"id":27995,"date":"2025-01-20T16:58:16","date_gmt":"2025-01-20T19:58:16","guid":{"rendered":"https:\/\/apuntesdesanluis.com\/?p=27995"},"modified":"2025-01-20T22:01:35","modified_gmt":"2025-01-21T01:01:35","slug":"convocan-para-cubrir-la-direccion-del-centro-de-educacion-especial-mirlo","status":"publish","type":"post","link":"https:\/\/apuntesdesanluis.com\/index.php\/2025\/01\/20\/convocan-para-cubrir-la-direccion-del-centro-de-educacion-especial-mirlo\/","title":{"rendered":"CONVOCAN PARA CUBRIR LA DIRECCI\u00d3N DEL CENTRO DE EDUCACI\u00d3N ESPECIAL MIRLO"},"content":{"rendered":"<h3>El <strong>Centro de Educaci\u00f3n Especial Mirlo<\/strong>, instituci\u00f3n p\u00fablica de gesti\u00f3n Municipal de la<strong> Villa de Merlo<\/strong>, reiter\u00f3 el llamado para cubrir el cargo provisorio de la Direcci\u00f3n del Centro. Recepci\u00f3n de carpetas hasta el 30 de enero.<strong>\u00a0<\/strong><\/h3>\n<h3>El Municipio de la Villa de Merlo, a trav\u00e9s de la Secretar\u00eda de Desarrollo Humano, extiende formalmente la convocatoria para cubrir el cargo provisorio de la <strong>Direcci\u00f3n del Centro de Educaci\u00f3n Especial Mirlo<\/strong>.<\/h3>\n<h3>El CEE Mirlo es una instituci\u00f3n que trabaja con la convicci\u00f3n de que todos los individuos tienen el derecho de aprender, enfoc\u00e1ndose en el desarrollo de las habilidades y\u00a0 competencias de adolescentes y j\u00f3venes con necesidades educativas especiales.<\/h3>\n<p><img fetchpriority=\"high\" decoding=\"async\" class=\"wp-image-27997 aligncenter\" src=\"https:\/\/apuntesdesanluis.com\/wp-content\/uploads\/2025\/01\/mirlo-240x300.jpg\" alt=\"\" width=\"624\" height=\"780\" srcset=\"https:\/\/apuntesdesanluis.com\/wp-content\/uploads\/2025\/01\/mirlo-240x300.jpg 240w, https:\/\/apuntesdesanluis.com\/wp-content\/uploads\/2025\/01\/mirlo.jpg 700w\" sizes=\"(max-width: 624px) 100vw, 624px\" \/><\/p>\n<h3>Requisitos:<\/h3>\n<ul>\n<li>\n<h3>T\u00edtulo docente<\/h3>\n<\/li>\n<li>\n<h3>Psicof\u00edsico<\/h3>\n<\/li>\n<li>\n<h3>Experiencia docente<\/h3>\n<\/li>\n<li>\n<h3>Acreditar residencia legal en la provincia mediante DNI (m\u00ednimo de 2 a\u00f1os).<\/h3>\n<\/li>\n<li>\n<h3>Adjuntar certificado vigente de buena conducta, expedido por autoridad policial.<\/h3>\n<\/li>\n<\/ul>\n<h3>Presentaci\u00f3n de carpetas. Debe integrar la siguiente documentaci\u00f3n:<\/h3>\n<ul>\n<li>\n<h3>T\u00edtulo certificado<\/h3>\n<\/li>\n<li>\n<h3>Certificaci\u00f3n de servicios<\/h3>\n<\/li>\n<li>\n<h3>DNI certificado<\/h3>\n<\/li>\n<li>\n<h3>Curr\u00edculum Vitae PDF<\/h3>\n<\/li>\n<li>\n<h3>Certificados PDF (escaneados)<\/h3>\n<\/li>\n<\/ul>\n<h3>Recepci\u00f3n de carpeta hasta martes 30 de enero al correo:<\/h3>\n<h3><a href=\"mailto:secdesarrollohumanomvm@gmail.com\" target=\"_blank\" rel=\"noopener\">secdesarrollohumanomvm@gmail.com<\/a><\/h3>\n<p>&nbsp;<\/p>\n<p>&nbsp;<\/p>\n<p>&nbsp;<\/p>\n","protected":false},"excerpt":{"rendered":"<p>El Centro de Educaci\u00f3n Especial Mirlo, instituci\u00f3n p\u00fablica de gesti\u00f3n Municipal de la Villa de&#8230;<\/p>\n","protected":false},"author":1,"featured_media":27996,"comment_status":"closed","ping_status":"closed","sticky":false,"template":"","format":"standard","meta":{"footnotes":""},"categories":[6],"tags":[],"class_list":["post-27995","post","type-post","status-publish","format-standard","has-post-thumbnail","hentry","category-ciudad-provincia"],"yoast_head":"<!-- This site is optimized with the Yoast SEO plugin v26.1.1 - https:\/\/yoast.com\/wordpress\/plugins\/seo\/ -->\n<title>CONVOCAN PARA CUBRIR LA DIRECCI\u00d3N DEL CENTRO DE EDUCACI\u00d3N ESPECIAL MIRLO - Apuntes de San Luis<\/title>\n<meta name=\"robots\" content=\"index, follow, max-snippet:-1, max-image-preview:large, max-video-preview:-1\" \/>\n<link rel=\"canonical\" href=\"https:\/\/apuntesdesanluis.com\/index.php\/2025\/01\/20\/convocan-para-cubrir-la-direccion-del-centro-de-educacion-especial-mirlo\/\" \/>\n<meta property=\"og:locale\" content=\"es_ES\" \/>\n<meta property=\"og:type\" content=\"article\" \/>\n<meta property=\"og:title\" content=\"CONVOCAN PARA CUBRIR LA DIRECCI\u00d3N DEL CENTRO DE EDUCACI\u00d3N ESPECIAL MIRLO - Apuntes de San Luis\" \/>\n<meta property=\"og:description\" content=\"El Centro de Educaci\u00f3n Especial Mirlo, instituci\u00f3n p\u00fablica de gesti\u00f3n Municipal de la Villa de...\" \/>\n<meta property=\"og:url\" content=\"https:\/\/apuntesdesanluis.com\/index.php\/2025\/01\/20\/convocan-para-cubrir-la-direccion-del-centro-de-educacion-especial-mirlo\/\" \/>\n<meta property=\"og:site_name\" content=\"Apuntes de San Luis\" \/>\n<meta property=\"article:published_time\" content=\"2025-01-20T19:58:16+00:00\" \/>\n<meta property=\"article:modified_time\" content=\"2025-01-21T01:01:35+00:00\" \/>\n<meta property=\"og:image\" content=\"https:\/\/apuntesdesanluis.com\/wp-content\/uploads\/2025\/01\/centro-mirlo.png\" \/>\n\t<meta property=\"og:image:width\" content=\"623\" \/>\n\t<meta property=\"og:image:height\" content=\"352\" \/>\n\t<meta property=\"og:image:type\" content=\"image\/png\" \/>\n<meta name=\"author\" content=\"apuntesdesanluis.com\" \/>\n<meta name=\"twitter:card\" content=\"summary_large_image\" \/>\n<meta name=\"twitter:label1\" content=\"Escrito por\" \/>\n\t<meta name=\"twitter:data1\" content=\"apuntesdesanluis.com\" \/>\n\t<meta name=\"twitter:label2\" content=\"Tiempo de lectura\" \/>\n\t<meta name=\"twitter:data2\" content=\"2 minutos\" \/>\n<script type=\"application\/ld+json\" class=\"yoast-schema-graph\">{\"@context\":\"https:\/\/schema.org\",\"@graph\":[{\"@type\":\"Article\",\"@id\":\"https:\/\/apuntesdesanluis.com\/index.php\/2025\/01\/20\/convocan-para-cubrir-la-direccion-del-centro-de-educacion-especial-mirlo\/#article\",\"isPartOf\":{\"@id\":\"https:\/\/apuntesdesanluis.com\/index.php\/2025\/01\/20\/convocan-para-cubrir-la-direccion-del-centro-de-educacion-especial-mirlo\/\"},\"author\":{\"name\":\"apuntesdesanluis.com\",\"@id\":\"https:\/\/apuntesdesanluis.com\/#\/schema\/person\/b55151d52296fcce64d1a72538a70b90\"},\"headline\":\"CONVOCAN PARA CUBRIR LA DIRECCI\u00d3N DEL CENTRO DE EDUCACI\u00d3N ESPECIAL MIRLO\",\"datePublished\":\"2025-01-20T19:58:16+00:00\",\"dateModified\":\"2025-01-21T01:01:35+00:00\",\"mainEntityOfPage\":{\"@id\":\"https:\/\/apuntesdesanluis.com\/index.php\/2025\/01\/20\/convocan-para-cubrir-la-direccion-del-centro-de-educacion-especial-mirlo\/\"},\"wordCount\":207,\"publisher\":{\"@id\":\"https:\/\/apuntesdesanluis.com\/#\/schema\/person\/b55151d52296fcce64d1a72538a70b90\"},\"image\":{\"@id\":\"https:\/\/apuntesdesanluis.com\/index.php\/2025\/01\/20\/convocan-para-cubrir-la-direccion-del-centro-de-educacion-especial-mirlo\/#primaryimage\"},\"thumbnailUrl\":\"https:\/\/apuntesdesanluis.com\/wp-content\/uploads\/2025\/01\/centro-mirlo.png\",\"articleSection\":[\"Ciudad\/Provincia\"],\"inLanguage\":\"es-AR\"},{\"@type\":\"WebPage\",\"@id\":\"https:\/\/apuntesdesanluis.com\/index.php\/2025\/01\/20\/convocan-para-cubrir-la-direccion-del-centro-de-educacion-especial-mirlo\/\",\"url\":\"https:\/\/apuntesdesanluis.com\/index.php\/2025\/01\/20\/convocan-para-cubrir-la-direccion-del-centro-de-educacion-especial-mirlo\/\",\"name\":\"CONVOCAN PARA CUBRIR LA DIRECCI\u00d3N DEL CENTRO DE EDUCACI\u00d3N ESPECIAL MIRLO - Apuntes de San Luis\",\"isPartOf\":{\"@id\":\"https:\/\/apuntesdesanluis.com\/#website\"},\"primaryImageOfPage\":{\"@id\":\"https:\/\/apuntesdesanluis.com\/index.php\/2025\/01\/20\/convocan-para-cubrir-la-direccion-del-centro-de-educacion-especial-mirlo\/#primaryimage\"},\"image\":{\"@id\":\"https:\/\/apuntesdesanluis.com\/index.php\/2025\/01\/20\/convocan-para-cubrir-la-direccion-del-centro-de-educacion-especial-mirlo\/#primaryimage\"},\"thumbnailUrl\":\"https:\/\/apuntesdesanluis.com\/wp-content\/uploads\/2025\/01\/centro-mirlo.png\",\"datePublished\":\"2025-01-20T19:58:16+00:00\",\"dateModified\":\"2025-01-21T01:01:35+00:00\",\"breadcrumb\":{\"@id\":\"https:\/\/apuntesdesanluis.com\/index.php\/2025\/01\/20\/convocan-para-cubrir-la-direccion-del-centro-de-educacion-especial-mirlo\/#breadcrumb\"},\"inLanguage\":\"es-AR\",\"potentialAction\":[{\"@type\":\"ReadAction\",\"target\":[\"https:\/\/apuntesdesanluis.com\/index.php\/2025\/01\/20\/convocan-para-cubrir-la-direccion-del-centro-de-educacion-especial-mirlo\/\"]}]},{\"@type\":\"ImageObject\",\"inLanguage\":\"es-AR\",\"@id\":\"https:\/\/apuntesdesanluis.com\/index.php\/2025\/01\/20\/convocan-para-cubrir-la-direccion-del-centro-de-educacion-especial-mirlo\/#primaryimage\",\"url\":\"https:\/\/apuntesdesanluis.com\/wp-content\/uploads\/2025\/01\/centro-mirlo.png\",\"contentUrl\":\"https:\/\/apuntesdesanluis.com\/wp-content\/uploads\/2025\/01\/centro-mirlo.png\",\"width\":623,\"height\":352},{\"@type\":\"BreadcrumbList\",\"@id\":\"https:\/\/apuntesdesanluis.com\/index.php\/2025\/01\/20\/convocan-para-cubrir-la-direccion-del-centro-de-educacion-especial-mirlo\/#breadcrumb\",\"itemListElement\":[{\"@type\":\"ListItem\",\"position\":1,\"name\":\"Inicio\",\"item\":\"https:\/\/apuntesdesanluis.com\/\"},{\"@type\":\"ListItem\",\"position\":2,\"name\":\"CONVOCAN PARA CUBRIR LA DIRECCI\u00d3N DEL CENTRO DE EDUCACI\u00d3N ESPECIAL MIRLO\"}]},{\"@type\":\"WebSite\",\"@id\":\"https:\/\/apuntesdesanluis.com\/#website\",\"url\":\"https:\/\/apuntesdesanluis.com\/\",\"name\":\"Apuntes de San Luis\",\"description\":\"\",\"publisher\":{\"@id\":\"https:\/\/apuntesdesanluis.com\/#\/schema\/person\/b55151d52296fcce64d1a72538a70b90\"},\"potentialAction\":[{\"@type\":\"SearchAction\",\"target\":{\"@type\":\"EntryPoint\",\"urlTemplate\":\"https:\/\/apuntesdesanluis.com\/?s={search_term_string}\"},\"query-input\":{\"@type\":\"PropertyValueSpecification\",\"valueRequired\":true,\"valueName\":\"search_term_string\"}}],\"inLanguage\":\"es-AR\"},{\"@type\":[\"Person\",\"Organization\"],\"@id\":\"https:\/\/apuntesdesanluis.com\/#\/schema\/person\/b55151d52296fcce64d1a72538a70b90\",\"name\":\"apuntesdesanluis.com\",\"image\":{\"@type\":\"ImageObject\",\"inLanguage\":\"es-AR\",\"@id\":\"https:\/\/apuntesdesanluis.com\/#\/schema\/person\/image\/\",\"url\":\"https:\/\/apuntesdesanluis.com\/wp-content\/uploads\/2023\/07\/cropped-apuntesdesanluis.png\",\"contentUrl\":\"https:\/\/apuntesdesanluis.com\/wp-content\/uploads\/2023\/07\/cropped-apuntesdesanluis.png\",\"width\":450,\"height\":112,\"caption\":\"apuntesdesanluis.com\"},\"logo\":{\"@id\":\"https:\/\/apuntesdesanluis.com\/#\/schema\/person\/image\/\"},\"sameAs\":[\"https:\/\/apuntesdesanluis.com\"],\"url\":\"https:\/\/apuntesdesanluis.com\/index.php\/author\/apuntesdesanluis-com\/\"}]}<\/script>\n<!-- \/ Yoast SEO plugin. -->","yoast_head_json":{"title":"CONVOCAN PARA CUBRIR LA DIRECCI\u00d3N DEL CENTRO DE EDUCACI\u00d3N ESPECIAL MIRLO - Apuntes de San Luis","robots":{"index":"index","follow":"follow","max-snippet":"max-snippet:-1","max-image-preview":"max-image-preview:large","max-video-preview":"max-video-preview:-1"},"canonical":"https:\/\/apuntesdesanluis.com\/index.php\/2025\/01\/20\/convocan-para-cubrir-la-direccion-del-centro-de-educacion-especial-mirlo\/","og_locale":"es_ES","og_type":"article","og_title":"CONVOCAN PARA CUBRIR LA DIRECCI\u00d3N DEL CENTRO DE EDUCACI\u00d3N ESPECIAL MIRLO - Apuntes de San Luis","og_description":"El Centro de Educaci\u00f3n Especial Mirlo, instituci\u00f3n p\u00fablica de gesti\u00f3n Municipal de la Villa de...","og_url":"https:\/\/apuntesdesanluis.com\/index.php\/2025\/01\/20\/convocan-para-cubrir-la-direccion-del-centro-de-educacion-especial-mirlo\/","og_site_name":"Apuntes de San Luis","article_published_time":"2025-01-20T19:58:16+00:00","article_modified_time":"2025-01-21T01:01:35+00:00","og_image":[{"width":623,"height":352,"url":"https:\/\/apuntesdesanluis.com\/wp-content\/uploads\/2025\/01\/centro-mirlo.png","type":"image\/png"}],"author":"apuntesdesanluis.com","twitter_card":"summary_large_image","twitter_misc":{"Escrito por":"apuntesdesanluis.com","Tiempo de lectura":"2 minutos"},"schema":{"@context":"https:\/\/schema.org","@graph":[{"@type":"Article","@id":"https:\/\/apuntesdesanluis.com\/index.php\/2025\/01\/20\/convocan-para-cubrir-la-direccion-del-centro-de-educacion-especial-mirlo\/#article","isPartOf":{"@id":"https:\/\/apuntesdesanluis.com\/index.php\/2025\/01\/20\/convocan-para-cubrir-la-direccion-del-centro-de-educacion-especial-mirlo\/"},"author":{"name":"apuntesdesanluis.com","@id":"https:\/\/apuntesdesanluis.com\/#\/schema\/person\/b55151d52296fcce64d1a72538a70b90"},"headline":"CONVOCAN PARA CUBRIR LA DIRECCI\u00d3N DEL CENTRO DE EDUCACI\u00d3N ESPECIAL MIRLO","datePublished":"2025-01-20T19:58:16+00:00","dateModified":"2025-01-21T01:01:35+00:00","mainEntityOfPage":{"@id":"https:\/\/apuntesdesanluis.com\/index.php\/2025\/01\/20\/convocan-para-cubrir-la-direccion-del-centro-de-educacion-especial-mirlo\/"},"wordCount":207,"publisher":{"@id":"https:\/\/apuntesdesanluis.com\/#\/schema\/person\/b55151d52296fcce64d1a72538a70b90"},"image":{"@id":"https:\/\/apuntesdesanluis.com\/index.php\/2025\/01\/20\/convocan-para-cubrir-la-direccion-del-centro-de-educacion-especial-mirlo\/#primaryimage"},"thumbnailUrl":"https:\/\/apuntesdesanluis.com\/wp-content\/uploads\/2025\/01\/centro-mirlo.png","articleSection":["Ciudad\/Provincia"],"inLanguage":"es-AR"},{"@type":"WebPage","@id":"https:\/\/apuntesdesanluis.com\/index.php\/2025\/01\/20\/convocan-para-cubrir-la-direccion-del-centro-de-educacion-especial-mirlo\/","url":"https:\/\/apuntesdesanluis.com\/index.php\/2025\/01\/20\/convocan-para-cubrir-la-direccion-del-centro-de-educacion-especial-mirlo\/","name":"CONVOCAN PARA CUBRIR LA DIRECCI\u00d3N DEL CENTRO DE EDUCACI\u00d3N ESPECIAL MIRLO - Apuntes de San Luis","isPartOf":{"@id":"https:\/\/apuntesdesanluis.com\/#website"},"primaryImageOfPage":{"@id":"https:\/\/apuntesdesanluis.com\/index.php\/2025\/01\/20\/convocan-para-cubrir-la-direccion-del-centro-de-educacion-especial-mirlo\/#primaryimage"},"image":{"@id":"https:\/\/apuntesdesanluis.com\/index.php\/2025\/01\/20\/convocan-para-cubrir-la-direccion-del-centro-de-educacion-especial-mirlo\/#primaryimage"},"thumbnailUrl":"https:\/\/apuntesdesanluis.com\/wp-content\/uploads\/2025\/01\/centro-mirlo.png","datePublished":"2025-01-20T19:58:16+00:00","dateModified":"2025-01-21T01:01:35+00:00","breadcrumb":{"@id":"https:\/\/apuntesdesanluis.com\/index.php\/2025\/01\/20\/convocan-para-cubrir-la-direccion-del-centro-de-educacion-especial-mirlo\/#breadcrumb"},"inLanguage":"es-AR","potentialAction":[{"@type":"ReadAction","target":["https:\/\/apuntesdesanluis.com\/index.php\/2025\/01\/20\/convocan-para-cubrir-la-direccion-del-centro-de-educacion-especial-mirlo\/"]}]},{"@type":"ImageObject","inLanguage":"es-AR","@id":"https:\/\/apuntesdesanluis.com\/index.php\/2025\/01\/20\/convocan-para-cubrir-la-direccion-del-centro-de-educacion-especial-mirlo\/#primaryimage","url":"https:\/\/apuntesdesanluis.com\/wp-content\/uploads\/2025\/01\/centro-mirlo.png","contentUrl":"https:\/\/apuntesdesanluis.com\/wp-content\/uploads\/2025\/01\/centro-mirlo.png","width":623,"height":352},{"@type":"BreadcrumbList","@id":"https:\/\/apuntesdesanluis.com\/index.php\/2025\/01\/20\/convocan-para-cubrir-la-direccion-del-centro-de-educacion-especial-mirlo\/#breadcrumb","itemListElement":[{"@type":"ListItem","position":1,"name":"Inicio","item":"https:\/\/apuntesdesanluis.com\/"},{"@type":"ListItem","position":2,"name":"CONVOCAN PARA CUBRIR LA DIRECCI\u00d3N DEL CENTRO DE EDUCACI\u00d3N ESPECIAL MIRLO"}]},{"@type":"WebSite","@id":"https:\/\/apuntesdesanluis.com\/#website","url":"https:\/\/apuntesdesanluis.com\/","name":"Apuntes de San Luis","description":"","publisher":{"@id":"https:\/\/apuntesdesanluis.com\/#\/schema\/person\/b55151d52296fcce64d1a72538a70b90"},"potentialAction":[{"@type":"SearchAction","target":{"@type":"EntryPoint","urlTemplate":"https:\/\/apuntesdesanluis.com\/?s={search_term_string}"},"query-input":{"@type":"PropertyValueSpecification","valueRequired":true,"valueName":"search_term_string"}}],"inLanguage":"es-AR"},{"@type":["Person","Organization"],"@id":"https:\/\/apuntesdesanluis.com\/#\/schema\/person\/b55151d52296fcce64d1a72538a70b90","name":"apuntesdesanluis.com","image":{"@type":"ImageObject","inLanguage":"es-AR","@id":"https:\/\/apuntesdesanluis.com\/#\/schema\/person\/image\/","url":"https:\/\/apuntesdesanluis.com\/wp-content\/uploads\/2023\/07\/cropped-apuntesdesanluis.png","contentUrl":"https:\/\/apuntesdesanluis.com\/wp-content\/uploads\/2023\/07\/cropped-apuntesdesanluis.png","width":450,"height":112,"caption":"apuntesdesanluis.com"},"logo":{"@id":"https:\/\/apuntesdesanluis.com\/#\/schema\/person\/image\/"},"sameAs":["https:\/\/apuntesdesanluis.com"],"url":"https:\/\/apuntesdesanluis.com\/index.php\/author\/apuntesdesanluis-com\/"}]}},"featured_image_urls":{"full":["https:\/\/apuntesdesanluis.com\/wp-content\/uploads\/2025\/01\/centro-mirlo.png",623,352,false],"thumbnail":["https:\/\/apuntesdesanluis.com\/wp-content\/uploads\/2025\/01\/centro-mirlo-150x150.png",150,150,true],"medium":["https:\/\/apuntesdesanluis.com\/wp-content\/uploads\/2025\/01\/centro-mirlo-300x170.png",300,170,true],"medium_large":["https:\/\/apuntesdesanluis.com\/wp-content\/uploads\/2025\/01\/centro-mirlo.png",623,352,false],"large":["https:\/\/apuntesdesanluis.com\/wp-content\/uploads\/2025\/01\/centro-mirlo.png",623,352,false],"1536x1536":["https:\/\/apuntesdesanluis.com\/wp-content\/uploads\/2025\/01\/centro-mirlo.png",623,352,false],"2048x2048":["https:\/\/apuntesdesanluis.com\/wp-content\/uploads\/2025\/01\/centro-mirlo.png",623,352,false],"newsever-slider-full":["https:\/\/apuntesdesanluis.com\/wp-content\/uploads\/2025\/01\/centro-mirlo.png",623,352,false],"newsever-featured":["https:\/\/apuntesdesanluis.com\/wp-content\/uploads\/2025\/01\/centro-mirlo.png",623,352,false],"newsever-medium":["https:\/\/apuntesdesanluis.com\/wp-content\/uploads\/2025\/01\/centro-mirlo.png",623,352,false]},"author_info":{"display_name":"apuntesdesanluis.com","author_link":"https:\/\/apuntesdesanluis.com\/index.php\/author\/apuntesdesanluis-com\/"},"category_info":"<a href=\"https:\/\/apuntesdesanluis.com\/index.php\/category\/ciudad-provincia\/\" rel=\"category tag\">Ciudad\/Provincia<\/a>","tag_info":"Ciudad\/Provincia","comment_count":"0","_links":{"self":[{"href":"https:\/\/apuntesdesanluis.com\/index.php\/wp-json\/wp\/v2\/posts\/27995","targetHints":{"allow":["GET"]}}],"collection":[{"href":"https:\/\/apuntesdesanluis.com\/index.php\/wp-json\/wp\/v2\/posts"}],"about":[{"href":"https:\/\/apuntesdesanluis.com\/index.php\/wp-json\/wp\/v2\/types\/post"}],"author":[{"embeddable":true,"href":"https:\/\/apuntesdesanluis.com\/index.php\/wp-json\/wp\/v2\/users\/1"}],"replies":[{"embeddable":true,"href":"https:\/\/apuntesdesanluis.com\/index.php\/wp-json\/wp\/v2\/comments?post=27995"}],"version-history":[{"count":2,"href":"https:\/\/apuntesdesanluis.com\/index.php\/wp-json\/wp\/v2\/posts\/27995\/revisions"}],"predecessor-version":[{"id":27999,"href":"https:\/\/apuntesdesanluis.com\/index.php\/wp-json\/wp\/v2\/posts\/27995\/revisions\/27999"}],"wp:featuredmedia":[{"embeddable":true,"href":"https:\/\/apuntesdesanluis.com\/index.php\/wp-json\/wp\/v2\/media\/27996"}],"wp:attachment":[{"href":"https:\/\/apuntesdesanluis.com\/index.php\/wp-json\/wp\/v2\/media?parent=27995"}],"wp:term":[{"taxonomy":"category","embeddable":true,"href":"https:\/\/apuntesdesanluis.com\/index.php\/wp-json\/wp\/v2\/categories?post=27995"},{"taxonomy":"post_tag","embeddable":true,"href":"https:\/\/apuntesdesanluis.com\/index.php\/wp-json\/wp\/v2\/tags?post=27995"}],"curies":[{"name":"wp","href":"https:\/\/api.w.org\/{rel}","templated":true}]}}