{"id":28005,"date":"2025-01-20T22:35:36","date_gmt":"2025-01-21T01:35:36","guid":{"rendered":"https:\/\/apuntesdesanluis.com\/?p=28005"},"modified":"2025-01-20T22:35:36","modified_gmt":"2025-01-21T01:35:36","slug":"le-secuestraron-el-vehiculo-por-conduccion-alcoholica-peligrosa","status":"publish","type":"post","link":"https:\/\/apuntesdesanluis.com\/index.php\/2025\/01\/20\/le-secuestraron-el-vehiculo-por-conduccion-alcoholica-peligrosa\/","title":{"rendered":"LE SECUESTRARON EL VEH\u00cdCULO POR \u201cCONDUCCI\u00d3N ALCOH\u00d3LICA PELIGROSA\u201d"},"content":{"rendered":"<h3>Este lunes por la ma\u00f1ana, efectivos de la Comisar\u00eda Distrito 35\u00b0 y de la Direcci\u00f3n General de Polic\u00eda Caminera y Seguridad Vial llevaron a cabo un procedimiento en la ruta nacional 20, en el puesto policial ubicado a la altura de la localidad de Luj\u00e1n.<\/h3>\n<h3>En el marco de un operativo de control vehicular e identificaci\u00f3n de personas, los polic\u00edas observaron un autom\u00f3vil Toyota Corolla que se dirig\u00eda de sur a norte. El conductor del veh\u00edculo intent\u00f3 evadir el control policial y regres\u00f3 por la banquina en contramano hacia el sur, siendo interceptado en ese sitio por los efectivos policiales.<\/h3>\n<h3>Los uniformados identificaron al conductor, un hombre de 29 a\u00f1os, quien iba acompa\u00f1ado por un joven de 22 a\u00f1os de edad. En ese sentido, se le realiz\u00f3 el alcotest al individuo de 29 a\u00f1os, el cual arroj\u00f3 resultado positivo de 3,00 gr\/lts de alcohol en sangre.<\/h3>\n<p><img fetchpriority=\"high\" decoding=\"async\" class=\"wp-image-28007 aligncenter\" src=\"https:\/\/apuntesdesanluis.com\/wp-content\/uploads\/2025\/01\/Imagen-de-WhatsApp-2025-01-20-a-las-22.03.40_de8c07f3-300x226.jpg\" alt=\"\" width=\"769\" height=\"579\" srcset=\"https:\/\/apuntesdesanluis.com\/wp-content\/uploads\/2025\/01\/Imagen-de-WhatsApp-2025-01-20-a-las-22.03.40_de8c07f3-300x226.jpg 300w, https:\/\/apuntesdesanluis.com\/wp-content\/uploads\/2025\/01\/Imagen-de-WhatsApp-2025-01-20-a-las-22.03.40_de8c07f3.jpg 620w\" sizes=\"(max-width: 769px) 100vw, 769px\" \/><\/p>\n<h3>Por tal motivo, se realiz\u00f3 la retenci\u00f3n preventiva del autom\u00f3vil y se labr\u00f3 el acta de infracci\u00f3n a la Ley X-0630-2008 de Tr\u00e1nsito y Seguridad Vial de la Provincia de San Luis, por conducci\u00f3n alcoh\u00f3lica peligrosa.<\/h3>\n<p>&nbsp;<\/p>\n<p>&nbsp;<\/p>\n<p>&nbsp;<\/p>\n","protected":false},"excerpt":{"rendered":"<p>Este lunes por la ma\u00f1ana, efectivos de la Comisar\u00eda Distrito 35\u00b0 y de la Direcci\u00f3n&#8230;<\/p>\n","protected":false},"author":1,"featured_media":28006,"comment_status":"closed","ping_status":"closed","sticky":false,"template":"","format":"standard","meta":{"footnotes":""},"categories":[6],"tags":[],"class_list":["post-28005","post","type-post","status-publish","format-standard","has-post-thumbnail","hentry","category-ciudad-provincia"],"yoast_head":"<!-- This site is optimized with the Yoast SEO plugin v26.1.1 - https:\/\/yoast.com\/wordpress\/plugins\/seo\/ -->\n<title>LE SECUESTRARON EL VEH\u00cdCULO POR \u201cCONDUCCI\u00d3N ALCOH\u00d3LICA PELIGROSA\u201d - Apuntes de San Luis<\/title>\n<meta name=\"robots\" content=\"index, follow, max-snippet:-1, max-image-preview:large, max-video-preview:-1\" \/>\n<link rel=\"canonical\" href=\"https:\/\/apuntesdesanluis.com\/index.php\/2025\/01\/20\/le-secuestraron-el-vehiculo-por-conduccion-alcoholica-peligrosa\/\" \/>\n<meta property=\"og:locale\" content=\"es_ES\" \/>\n<meta property=\"og:type\" content=\"article\" \/>\n<meta property=\"og:title\" content=\"LE SECUESTRARON EL VEH\u00cdCULO POR \u201cCONDUCCI\u00d3N ALCOH\u00d3LICA PELIGROSA\u201d - Apuntes de San Luis\" \/>\n<meta property=\"og:description\" content=\"Este lunes por la ma\u00f1ana, efectivos de la Comisar\u00eda Distrito 35\u00b0 y de la Direcci\u00f3n...\" \/>\n<meta property=\"og:url\" content=\"https:\/\/apuntesdesanluis.com\/index.php\/2025\/01\/20\/le-secuestraron-el-vehiculo-por-conduccion-alcoholica-peligrosa\/\" \/>\n<meta property=\"og:site_name\" content=\"Apuntes de San Luis\" \/>\n<meta property=\"article:published_time\" content=\"2025-01-21T01:35:36+00:00\" \/>\n<meta property=\"og:image\" content=\"https:\/\/apuntesdesanluis.com\/wp-content\/uploads\/2025\/01\/Imagen-de-WhatsApp-2025-01-20-a-las-22.03.43_8afc87d6.jpg\" \/>\n\t<meta property=\"og:image:width\" content=\"800\" \/>\n\t<meta property=\"og:image:height\" content=\"491\" \/>\n\t<meta property=\"og:image:type\" content=\"image\/jpeg\" \/>\n<meta name=\"author\" content=\"apuntesdesanluis.com\" \/>\n<meta name=\"twitter:card\" content=\"summary_large_image\" \/>\n<meta name=\"twitter:label1\" content=\"Escrito por\" \/>\n\t<meta name=\"twitter:data1\" content=\"apuntesdesanluis.com\" \/>\n\t<meta name=\"twitter:label2\" content=\"Tiempo de lectura\" \/>\n\t<meta name=\"twitter:data2\" content=\"2 minutos\" \/>\n<script type=\"application\/ld+json\" class=\"yoast-schema-graph\">{\"@context\":\"https:\/\/schema.org\",\"@graph\":[{\"@type\":\"Article\",\"@id\":\"https:\/\/apuntesdesanluis.com\/index.php\/2025\/01\/20\/le-secuestraron-el-vehiculo-por-conduccion-alcoholica-peligrosa\/#article\",\"isPartOf\":{\"@id\":\"https:\/\/apuntesdesanluis.com\/index.php\/2025\/01\/20\/le-secuestraron-el-vehiculo-por-conduccion-alcoholica-peligrosa\/\"},\"author\":{\"name\":\"apuntesdesanluis.com\",\"@id\":\"https:\/\/apuntesdesanluis.com\/#\/schema\/person\/b55151d52296fcce64d1a72538a70b90\"},\"headline\":\"LE SECUESTRARON EL VEH\u00cdCULO POR \u201cCONDUCCI\u00d3N ALCOH\u00d3LICA PELIGROSA\u201d\",\"datePublished\":\"2025-01-21T01:35:36+00:00\",\"mainEntityOfPage\":{\"@id\":\"https:\/\/apuntesdesanluis.com\/index.php\/2025\/01\/20\/le-secuestraron-el-vehiculo-por-conduccion-alcoholica-peligrosa\/\"},\"wordCount\":212,\"publisher\":{\"@id\":\"https:\/\/apuntesdesanluis.com\/#\/schema\/person\/b55151d52296fcce64d1a72538a70b90\"},\"image\":{\"@id\":\"https:\/\/apuntesdesanluis.com\/index.php\/2025\/01\/20\/le-secuestraron-el-vehiculo-por-conduccion-alcoholica-peligrosa\/#primaryimage\"},\"thumbnailUrl\":\"https:\/\/apuntesdesanluis.com\/wp-content\/uploads\/2025\/01\/Imagen-de-WhatsApp-2025-01-20-a-las-22.03.43_8afc87d6.jpg\",\"articleSection\":[\"Ciudad\/Provincia\"],\"inLanguage\":\"es-AR\"},{\"@type\":\"WebPage\",\"@id\":\"https:\/\/apuntesdesanluis.com\/index.php\/2025\/01\/20\/le-secuestraron-el-vehiculo-por-conduccion-alcoholica-peligrosa\/\",\"url\":\"https:\/\/apuntesdesanluis.com\/index.php\/2025\/01\/20\/le-secuestraron-el-vehiculo-por-conduccion-alcoholica-peligrosa\/\",\"name\":\"LE SECUESTRARON EL VEH\u00cdCULO POR \u201cCONDUCCI\u00d3N ALCOH\u00d3LICA PELIGROSA\u201d - Apuntes de San Luis\",\"isPartOf\":{\"@id\":\"https:\/\/apuntesdesanluis.com\/#website\"},\"primaryImageOfPage\":{\"@id\":\"https:\/\/apuntesdesanluis.com\/index.php\/2025\/01\/20\/le-secuestraron-el-vehiculo-por-conduccion-alcoholica-peligrosa\/#primaryimage\"},\"image\":{\"@id\":\"https:\/\/apuntesdesanluis.com\/index.php\/2025\/01\/20\/le-secuestraron-el-vehiculo-por-conduccion-alcoholica-peligrosa\/#primaryimage\"},\"thumbnailUrl\":\"https:\/\/apuntesdesanluis.com\/wp-content\/uploads\/2025\/01\/Imagen-de-WhatsApp-2025-01-20-a-las-22.03.43_8afc87d6.jpg\",\"datePublished\":\"2025-01-21T01:35:36+00:00\",\"breadcrumb\":{\"@id\":\"https:\/\/apuntesdesanluis.com\/index.php\/2025\/01\/20\/le-secuestraron-el-vehiculo-por-conduccion-alcoholica-peligrosa\/#breadcrumb\"},\"inLanguage\":\"es-AR\",\"potentialAction\":[{\"@type\":\"ReadAction\",\"target\":[\"https:\/\/apuntesdesanluis.com\/index.php\/2025\/01\/20\/le-secuestraron-el-vehiculo-por-conduccion-alcoholica-peligrosa\/\"]}]},{\"@type\":\"ImageObject\",\"inLanguage\":\"es-AR\",\"@id\":\"https:\/\/apuntesdesanluis.com\/index.php\/2025\/01\/20\/le-secuestraron-el-vehiculo-por-conduccion-alcoholica-peligrosa\/#primaryimage\",\"url\":\"https:\/\/apuntesdesanluis.com\/wp-content\/uploads\/2025\/01\/Imagen-de-WhatsApp-2025-01-20-a-las-22.03.43_8afc87d6.jpg\",\"contentUrl\":\"https:\/\/apuntesdesanluis.com\/wp-content\/uploads\/2025\/01\/Imagen-de-WhatsApp-2025-01-20-a-las-22.03.43_8afc87d6.jpg\",\"width\":800,\"height\":491},{\"@type\":\"BreadcrumbList\",\"@id\":\"https:\/\/apuntesdesanluis.com\/index.php\/2025\/01\/20\/le-secuestraron-el-vehiculo-por-conduccion-alcoholica-peligrosa\/#breadcrumb\",\"itemListElement\":[{\"@type\":\"ListItem\",\"position\":1,\"name\":\"Inicio\",\"item\":\"https:\/\/apuntesdesanluis.com\/\"},{\"@type\":\"ListItem\",\"position\":2,\"name\":\"LE SECUESTRARON EL VEH\u00cdCULO POR \u201cCONDUCCI\u00d3N ALCOH\u00d3LICA PELIGROSA\u201d\"}]},{\"@type\":\"WebSite\",\"@id\":\"https:\/\/apuntesdesanluis.com\/#website\",\"url\":\"https:\/\/apuntesdesanluis.com\/\",\"name\":\"Apuntes de San Luis\",\"description\":\"\",\"publisher\":{\"@id\":\"https:\/\/apuntesdesanluis.com\/#\/schema\/person\/b55151d52296fcce64d1a72538a70b90\"},\"potentialAction\":[{\"@type\":\"SearchAction\",\"target\":{\"@type\":\"EntryPoint\",\"urlTemplate\":\"https:\/\/apuntesdesanluis.com\/?s={search_term_string}\"},\"query-input\":{\"@type\":\"PropertyValueSpecification\",\"valueRequired\":true,\"valueName\":\"search_term_string\"}}],\"inLanguage\":\"es-AR\"},{\"@type\":[\"Person\",\"Organization\"],\"@id\":\"https:\/\/apuntesdesanluis.com\/#\/schema\/person\/b55151d52296fcce64d1a72538a70b90\",\"name\":\"apuntesdesanluis.com\",\"image\":{\"@type\":\"ImageObject\",\"inLanguage\":\"es-AR\",\"@id\":\"https:\/\/apuntesdesanluis.com\/#\/schema\/person\/image\/\",\"url\":\"https:\/\/apuntesdesanluis.com\/wp-content\/uploads\/2023\/07\/cropped-apuntesdesanluis.png\",\"contentUrl\":\"https:\/\/apuntesdesanluis.com\/wp-content\/uploads\/2023\/07\/cropped-apuntesdesanluis.png\",\"width\":450,\"height\":112,\"caption\":\"apuntesdesanluis.com\"},\"logo\":{\"@id\":\"https:\/\/apuntesdesanluis.com\/#\/schema\/person\/image\/\"},\"sameAs\":[\"https:\/\/apuntesdesanluis.com\"],\"url\":\"https:\/\/apuntesdesanluis.com\/index.php\/author\/apuntesdesanluis-com\/\"}]}<\/script>\n<!-- \/ Yoast SEO plugin. -->","yoast_head_json":{"title":"LE SECUESTRARON EL VEH\u00cdCULO POR \u201cCONDUCCI\u00d3N ALCOH\u00d3LICA PELIGROSA\u201d - Apuntes de San Luis","robots":{"index":"index","follow":"follow","max-snippet":"max-snippet:-1","max-image-preview":"max-image-preview:large","max-video-preview":"max-video-preview:-1"},"canonical":"https:\/\/apuntesdesanluis.com\/index.php\/2025\/01\/20\/le-secuestraron-el-vehiculo-por-conduccion-alcoholica-peligrosa\/","og_locale":"es_ES","og_type":"article","og_title":"LE SECUESTRARON EL VEH\u00cdCULO POR \u201cCONDUCCI\u00d3N ALCOH\u00d3LICA PELIGROSA\u201d - Apuntes de San Luis","og_description":"Este lunes por la ma\u00f1ana, efectivos de la Comisar\u00eda Distrito 35\u00b0 y de la Direcci\u00f3n...","og_url":"https:\/\/apuntesdesanluis.com\/index.php\/2025\/01\/20\/le-secuestraron-el-vehiculo-por-conduccion-alcoholica-peligrosa\/","og_site_name":"Apuntes de San Luis","article_published_time":"2025-01-21T01:35:36+00:00","og_image":[{"width":800,"height":491,"url":"https:\/\/apuntesdesanluis.com\/wp-content\/uploads\/2025\/01\/Imagen-de-WhatsApp-2025-01-20-a-las-22.03.43_8afc87d6.jpg","type":"image\/jpeg"}],"author":"apuntesdesanluis.com","twitter_card":"summary_large_image","twitter_misc":{"Escrito por":"apuntesdesanluis.com","Tiempo de lectura":"2 minutos"},"schema":{"@context":"https:\/\/schema.org","@graph":[{"@type":"Article","@id":"https:\/\/apuntesdesanluis.com\/index.php\/2025\/01\/20\/le-secuestraron-el-vehiculo-por-conduccion-alcoholica-peligrosa\/#article","isPartOf":{"@id":"https:\/\/apuntesdesanluis.com\/index.php\/2025\/01\/20\/le-secuestraron-el-vehiculo-por-conduccion-alcoholica-peligrosa\/"},"author":{"name":"apuntesdesanluis.com","@id":"https:\/\/apuntesdesanluis.com\/#\/schema\/person\/b55151d52296fcce64d1a72538a70b90"},"headline":"LE SECUESTRARON EL VEH\u00cdCULO POR \u201cCONDUCCI\u00d3N ALCOH\u00d3LICA PELIGROSA\u201d","datePublished":"2025-01-21T01:35:36+00:00","mainEntityOfPage":{"@id":"https:\/\/apuntesdesanluis.com\/index.php\/2025\/01\/20\/le-secuestraron-el-vehiculo-por-conduccion-alcoholica-peligrosa\/"},"wordCount":212,"publisher":{"@id":"https:\/\/apuntesdesanluis.com\/#\/schema\/person\/b55151d52296fcce64d1a72538a70b90"},"image":{"@id":"https:\/\/apuntesdesanluis.com\/index.php\/2025\/01\/20\/le-secuestraron-el-vehiculo-por-conduccion-alcoholica-peligrosa\/#primaryimage"},"thumbnailUrl":"https:\/\/apuntesdesanluis.com\/wp-content\/uploads\/2025\/01\/Imagen-de-WhatsApp-2025-01-20-a-las-22.03.43_8afc87d6.jpg","articleSection":["Ciudad\/Provincia"],"inLanguage":"es-AR"},{"@type":"WebPage","@id":"https:\/\/apuntesdesanluis.com\/index.php\/2025\/01\/20\/le-secuestraron-el-vehiculo-por-conduccion-alcoholica-peligrosa\/","url":"https:\/\/apuntesdesanluis.com\/index.php\/2025\/01\/20\/le-secuestraron-el-vehiculo-por-conduccion-alcoholica-peligrosa\/","name":"LE SECUESTRARON EL VEH\u00cdCULO POR \u201cCONDUCCI\u00d3N ALCOH\u00d3LICA PELIGROSA\u201d - Apuntes de San Luis","isPartOf":{"@id":"https:\/\/apuntesdesanluis.com\/#website"},"primaryImageOfPage":{"@id":"https:\/\/apuntesdesanluis.com\/index.php\/2025\/01\/20\/le-secuestraron-el-vehiculo-por-conduccion-alcoholica-peligrosa\/#primaryimage"},"image":{"@id":"https:\/\/apuntesdesanluis.com\/index.php\/2025\/01\/20\/le-secuestraron-el-vehiculo-por-conduccion-alcoholica-peligrosa\/#primaryimage"},"thumbnailUrl":"https:\/\/apuntesdesanluis.com\/wp-content\/uploads\/2025\/01\/Imagen-de-WhatsApp-2025-01-20-a-las-22.03.43_8afc87d6.jpg","datePublished":"2025-01-21T01:35:36+00:00","breadcrumb":{"@id":"https:\/\/apuntesdesanluis.com\/index.php\/2025\/01\/20\/le-secuestraron-el-vehiculo-por-conduccion-alcoholica-peligrosa\/#breadcrumb"},"inLanguage":"es-AR","potentialAction":[{"@type":"ReadAction","target":["https:\/\/apuntesdesanluis.com\/index.php\/2025\/01\/20\/le-secuestraron-el-vehiculo-por-conduccion-alcoholica-peligrosa\/"]}]},{"@type":"ImageObject","inLanguage":"es-AR","@id":"https:\/\/apuntesdesanluis.com\/index.php\/2025\/01\/20\/le-secuestraron-el-vehiculo-por-conduccion-alcoholica-peligrosa\/#primaryimage","url":"https:\/\/apuntesdesanluis.com\/wp-content\/uploads\/2025\/01\/Imagen-de-WhatsApp-2025-01-20-a-las-22.03.43_8afc87d6.jpg","contentUrl":"https:\/\/apuntesdesanluis.com\/wp-content\/uploads\/2025\/01\/Imagen-de-WhatsApp-2025-01-20-a-las-22.03.43_8afc87d6.jpg","width":800,"height":491},{"@type":"BreadcrumbList","@id":"https:\/\/apuntesdesanluis.com\/index.php\/2025\/01\/20\/le-secuestraron-el-vehiculo-por-conduccion-alcoholica-peligrosa\/#breadcrumb","itemListElement":[{"@type":"ListItem","position":1,"name":"Inicio","item":"https:\/\/apuntesdesanluis.com\/"},{"@type":"ListItem","position":2,"name":"LE SECUESTRARON EL VEH\u00cdCULO POR \u201cCONDUCCI\u00d3N ALCOH\u00d3LICA PELIGROSA\u201d"}]},{"@type":"WebSite","@id":"https:\/\/apuntesdesanluis.com\/#website","url":"https:\/\/apuntesdesanluis.com\/","name":"Apuntes de San Luis","description":"","publisher":{"@id":"https:\/\/apuntesdesanluis.com\/#\/schema\/person\/b55151d52296fcce64d1a72538a70b90"},"potentialAction":[{"@type":"SearchAction","target":{"@type":"EntryPoint","urlTemplate":"https:\/\/apuntesdesanluis.com\/?s={search_term_string}"},"query-input":{"@type":"PropertyValueSpecification","valueRequired":true,"valueName":"search_term_string"}}],"inLanguage":"es-AR"},{"@type":["Person","Organization"],"@id":"https:\/\/apuntesdesanluis.com\/#\/schema\/person\/b55151d52296fcce64d1a72538a70b90","name":"apuntesdesanluis.com","image":{"@type":"ImageObject","inLanguage":"es-AR","@id":"https:\/\/apuntesdesanluis.com\/#\/schema\/person\/image\/","url":"https:\/\/apuntesdesanluis.com\/wp-content\/uploads\/2023\/07\/cropped-apuntesdesanluis.png","contentUrl":"https:\/\/apuntesdesanluis.com\/wp-content\/uploads\/2023\/07\/cropped-apuntesdesanluis.png","width":450,"height":112,"caption":"apuntesdesanluis.com"},"logo":{"@id":"https:\/\/apuntesdesanluis.com\/#\/schema\/person\/image\/"},"sameAs":["https:\/\/apuntesdesanluis.com"],"url":"https:\/\/apuntesdesanluis.com\/index.php\/author\/apuntesdesanluis-com\/"}]}},"featured_image_urls":{"full":["https:\/\/apuntesdesanluis.com\/wp-content\/uploads\/2025\/01\/Imagen-de-WhatsApp-2025-01-20-a-las-22.03.43_8afc87d6.jpg",800,491,false],"thumbnail":["https:\/\/apuntesdesanluis.com\/wp-content\/uploads\/2025\/01\/Imagen-de-WhatsApp-2025-01-20-a-las-22.03.43_8afc87d6-150x150.jpg",150,150,true],"medium":["https:\/\/apuntesdesanluis.com\/wp-content\/uploads\/2025\/01\/Imagen-de-WhatsApp-2025-01-20-a-las-22.03.43_8afc87d6-300x184.jpg",300,184,true],"medium_large":["https:\/\/apuntesdesanluis.com\/wp-content\/uploads\/2025\/01\/Imagen-de-WhatsApp-2025-01-20-a-las-22.03.43_8afc87d6-768x471.jpg",640,393,true],"large":["https:\/\/apuntesdesanluis.com\/wp-content\/uploads\/2025\/01\/Imagen-de-WhatsApp-2025-01-20-a-las-22.03.43_8afc87d6.jpg",640,393,false],"1536x1536":["https:\/\/apuntesdesanluis.com\/wp-content\/uploads\/2025\/01\/Imagen-de-WhatsApp-2025-01-20-a-las-22.03.43_8afc87d6.jpg",800,491,false],"2048x2048":["https:\/\/apuntesdesanluis.com\/wp-content\/uploads\/2025\/01\/Imagen-de-WhatsApp-2025-01-20-a-las-22.03.43_8afc87d6.jpg",800,491,false],"newsever-slider-full":["https:\/\/apuntesdesanluis.com\/wp-content\/uploads\/2025\/01\/Imagen-de-WhatsApp-2025-01-20-a-las-22.03.43_8afc87d6.jpg",800,491,false],"newsever-featured":["https:\/\/apuntesdesanluis.com\/wp-content\/uploads\/2025\/01\/Imagen-de-WhatsApp-2025-01-20-a-las-22.03.43_8afc87d6.jpg",800,491,false],"newsever-medium":["https:\/\/apuntesdesanluis.com\/wp-content\/uploads\/2025\/01\/Imagen-de-WhatsApp-2025-01-20-a-las-22.03.43_8afc87d6-720x475.jpg",720,475,true]},"author_info":{"display_name":"apuntesdesanluis.com","author_link":"https:\/\/apuntesdesanluis.com\/index.php\/author\/apuntesdesanluis-com\/"},"category_info":"<a href=\"https:\/\/apuntesdesanluis.com\/index.php\/category\/ciudad-provincia\/\" rel=\"category tag\">Ciudad\/Provincia<\/a>","tag_info":"Ciudad\/Provincia","comment_count":"0","_links":{"self":[{"href":"https:\/\/apuntesdesanluis.com\/index.php\/wp-json\/wp\/v2\/posts\/28005","targetHints":{"allow":["GET"]}}],"collection":[{"href":"https:\/\/apuntesdesanluis.com\/index.php\/wp-json\/wp\/v2\/posts"}],"about":[{"href":"https:\/\/apuntesdesanluis.com\/index.php\/wp-json\/wp\/v2\/types\/post"}],"author":[{"embeddable":true,"href":"https:\/\/apuntesdesanluis.com\/index.php\/wp-json\/wp\/v2\/users\/1"}],"replies":[{"embeddable":true,"href":"https:\/\/apuntesdesanluis.com\/index.php\/wp-json\/wp\/v2\/comments?post=28005"}],"version-history":[{"count":1,"href":"https:\/\/apuntesdesanluis.com\/index.php\/wp-json\/wp\/v2\/posts\/28005\/revisions"}],"predecessor-version":[{"id":28008,"href":"https:\/\/apuntesdesanluis.com\/index.php\/wp-json\/wp\/v2\/posts\/28005\/revisions\/28008"}],"wp:featuredmedia":[{"embeddable":true,"href":"https:\/\/apuntesdesanluis.com\/index.php\/wp-json\/wp\/v2\/media\/28006"}],"wp:attachment":[{"href":"https:\/\/apuntesdesanluis.com\/index.php\/wp-json\/wp\/v2\/media?parent=28005"}],"wp:term":[{"taxonomy":"category","embeddable":true,"href":"https:\/\/apuntesdesanluis.com\/index.php\/wp-json\/wp\/v2\/categories?post=28005"},{"taxonomy":"post_tag","embeddable":true,"href":"https:\/\/apuntesdesanluis.com\/index.php\/wp-json\/wp\/v2\/tags?post=28005"}],"curies":[{"name":"wp","href":"https:\/\/api.w.org\/{rel}","templated":true}]}}