{"id":28013,"date":"2025-01-20T22:56:37","date_gmt":"2025-01-21T01:56:37","guid":{"rendered":"https:\/\/apuntesdesanluis.com\/?p=28013"},"modified":"2025-01-20T22:59:11","modified_gmt":"2025-01-21T01:59:11","slug":"nuevas-criticas-del-poder-politico-a-la-justicia-por-el-trato-a-la-delincuencia","status":"publish","type":"post","link":"https:\/\/apuntesdesanluis.com\/index.php\/2025\/01\/20\/nuevas-criticas-del-poder-politico-a-la-justicia-por-el-trato-a-la-delincuencia\/","title":{"rendered":"NUEVAS CR\u00cdTICAS DEL PODER POL\u00cdTICO A LA JUSTICIA POR EL TRATO A LA DELINCUENCIA"},"content":{"rendered":"<h3>\u201cLos delincuentes y los narcotraficantes est\u00e1n de un lado y todo el resto, la buena ciudadan\u00eda, la Polic\u00eda de la Provincia, el Ministerio de Seguridad, estamos del otro lado\u201d, mencion\u00f3 la titular de Seguridad, <strong>Nancy Sosa<\/strong>, durante el acto de la puesta en funcionamiento del sistema de Alarma Ciudadana en el barrio Pueblo Nuevo, ocasi\u00f3n en la que mostr\u00f3 su preocupaci\u00f3n por el accionar y la aplicaci\u00f3n de la <strong>Ley de Reiterancia<\/strong> y a la vez realiz\u00f3 un pedido al Poder Judicial provincial.<\/h3>\n<h3>\u201cNecesitamos de la Justicia. Se trabaj\u00f3 mucho en el 2024 para lograr la Ley de Reiterancia, una iniciativa que hab\u00eda propuesto el Gobernador ante la preocupaci\u00f3n de ver que los delincuentes eran detenidos por la Polic\u00eda e inmediatamente quedaban en libertad. Eso no era responsabilidad de la Polic\u00eda ni del Gobierno de la provincia, eso es responsabilidad de la Justicia\u201d, se\u00f1al\u00f3 la funcionaria.<\/h3>\n<h3>A\u00f1adi\u00f3 luego: \u201cDec\u00edan que faltaba la norma, se hizo la normativa y ahora falta m\u00e1s, porque est\u00e1n 20 d\u00edas en el Servicio Penitenciario y vuelven a salir. Necesitamos que la reparaci\u00f3n del da\u00f1o, la p\u00e9rdida de la libertad, sea acorde al da\u00f1o que han causado\u201d.<\/h3>\n<p><img fetchpriority=\"high\" decoding=\"async\" class=\"wp-image-28015 aligncenter\" src=\"https:\/\/apuntesdesanluis.com\/wp-content\/uploads\/2025\/01\/POGGI-300x210.png\" alt=\"\" width=\"713\" height=\"499\" srcset=\"https:\/\/apuntesdesanluis.com\/wp-content\/uploads\/2025\/01\/POGGI-300x210.png 300w, https:\/\/apuntesdesanluis.com\/wp-content\/uploads\/2025\/01\/POGGI-768x537.png 768w, https:\/\/apuntesdesanluis.com\/wp-content\/uploads\/2025\/01\/POGGI.png 824w\" sizes=\"(max-width: 713px) 100vw, 713px\" \/><\/p>\n<h3>Por su parte, el gobernador <strong>Claudio Poggi<\/strong> tambi\u00e9n reafirm\u00f3 lo dicho por la integrante de su gabinete. \u201cNosotros nos hemos fijado como objetivo cuidar a nuestros vecinos, a nuestros hijos, a nuestros nietos y, como dec\u00eda la ministra Nancy, nosotros estamos del lado de quienes queremos cuidar a la familia, no del lado del delincuente. El delincuente tiene que estar en la c\u00e1rcel, tiene que pagar lo que hizo y para eso tenemos que trabajar los tres poderes del Estado: el Poder Ejecutivo, el Poder Legislativo que est\u00e1 acompa\u00f1ando con las leyes y el Poder Judicial que tiene las herramientas necesarias y s\u00ed necesita m\u00e1s herramientas las va a tener para que el delincuente no entre por una puerta y salga por la otra a las 2 horas\u201d.<\/h3>\n<h3>Y agreg\u00f3: \u201cLo m\u00e1s desesperante para un vecino que sufri\u00f3 un robo o un ataque o un susto es que al d\u00eda siguiente pasa de vuelta el que le hizo eso. Eso genera una sensaci\u00f3n de inseguridad brutal\u201d.<\/h3>\n<h3><\/h3>\n<h3><\/h3>\n<p>&nbsp;<\/p>\n","protected":false},"excerpt":{"rendered":"<p>\u201cLos delincuentes y los narcotraficantes est\u00e1n de un lado y todo el resto, la buena&#8230;<\/p>\n","protected":false},"author":1,"featured_media":28014,"comment_status":"closed","ping_status":"closed","sticky":false,"template":"","format":"standard","meta":{"footnotes":""},"categories":[6],"tags":[],"class_list":["post-28013","post","type-post","status-publish","format-standard","has-post-thumbnail","hentry","category-ciudad-provincia"],"yoast_head":"<!-- This site is optimized with the Yoast SEO plugin v26.1.1 - https:\/\/yoast.com\/wordpress\/plugins\/seo\/ -->\n<title>NUEVAS CR\u00cdTICAS DEL PODER POL\u00cdTICO A LA JUSTICIA POR EL TRATO A LA DELINCUENCIA - Apuntes de San Luis<\/title>\n<meta name=\"robots\" content=\"index, follow, max-snippet:-1, max-image-preview:large, max-video-preview:-1\" \/>\n<link rel=\"canonical\" href=\"https:\/\/apuntesdesanluis.com\/index.php\/2025\/01\/20\/nuevas-criticas-del-poder-politico-a-la-justicia-por-el-trato-a-la-delincuencia\/\" \/>\n<meta property=\"og:locale\" content=\"es_ES\" \/>\n<meta property=\"og:type\" content=\"article\" \/>\n<meta property=\"og:title\" content=\"NUEVAS CR\u00cdTICAS DEL PODER POL\u00cdTICO A LA JUSTICIA POR EL TRATO A LA DELINCUENCIA - Apuntes de San Luis\" \/>\n<meta property=\"og:description\" content=\"\u201cLos delincuentes y los narcotraficantes est\u00e1n de un lado y todo el resto, la buena...\" \/>\n<meta property=\"og:url\" content=\"https:\/\/apuntesdesanluis.com\/index.php\/2025\/01\/20\/nuevas-criticas-del-poder-politico-a-la-justicia-por-el-trato-a-la-delincuencia\/\" \/>\n<meta property=\"og:site_name\" content=\"Apuntes de San Luis\" \/>\n<meta property=\"article:published_time\" content=\"2025-01-21T01:56:37+00:00\" \/>\n<meta property=\"article:modified_time\" content=\"2025-01-21T01:59:11+00:00\" \/>\n<meta property=\"og:image\" content=\"https:\/\/apuntesdesanluis.com\/wp-content\/uploads\/2025\/01\/NANCY-SOSA.png\" \/>\n\t<meta property=\"og:image:width\" content=\"717\" \/>\n\t<meta property=\"og:image:height\" content=\"526\" \/>\n\t<meta property=\"og:image:type\" content=\"image\/png\" \/>\n<meta name=\"author\" content=\"apuntesdesanluis.com\" \/>\n<meta name=\"twitter:card\" content=\"summary_large_image\" \/>\n<meta name=\"twitter:label1\" content=\"Escrito por\" \/>\n\t<meta name=\"twitter:data1\" content=\"apuntesdesanluis.com\" \/>\n\t<meta name=\"twitter:label2\" content=\"Tiempo de lectura\" \/>\n\t<meta name=\"twitter:data2\" content=\"3 minutos\" \/>\n<script type=\"application\/ld+json\" class=\"yoast-schema-graph\">{\"@context\":\"https:\/\/schema.org\",\"@graph\":[{\"@type\":\"Article\",\"@id\":\"https:\/\/apuntesdesanluis.com\/index.php\/2025\/01\/20\/nuevas-criticas-del-poder-politico-a-la-justicia-por-el-trato-a-la-delincuencia\/#article\",\"isPartOf\":{\"@id\":\"https:\/\/apuntesdesanluis.com\/index.php\/2025\/01\/20\/nuevas-criticas-del-poder-politico-a-la-justicia-por-el-trato-a-la-delincuencia\/\"},\"author\":{\"name\":\"apuntesdesanluis.com\",\"@id\":\"https:\/\/apuntesdesanluis.com\/#\/schema\/person\/b55151d52296fcce64d1a72538a70b90\"},\"headline\":\"NUEVAS CR\u00cdTICAS DEL PODER POL\u00cdTICO A LA JUSTICIA POR EL TRATO A LA DELINCUENCIA\",\"datePublished\":\"2025-01-21T01:56:37+00:00\",\"dateModified\":\"2025-01-21T01:59:11+00:00\",\"mainEntityOfPage\":{\"@id\":\"https:\/\/apuntesdesanluis.com\/index.php\/2025\/01\/20\/nuevas-criticas-del-poder-politico-a-la-justicia-por-el-trato-a-la-delincuencia\/\"},\"wordCount\":399,\"publisher\":{\"@id\":\"https:\/\/apuntesdesanluis.com\/#\/schema\/person\/b55151d52296fcce64d1a72538a70b90\"},\"image\":{\"@id\":\"https:\/\/apuntesdesanluis.com\/index.php\/2025\/01\/20\/nuevas-criticas-del-poder-politico-a-la-justicia-por-el-trato-a-la-delincuencia\/#primaryimage\"},\"thumbnailUrl\":\"https:\/\/apuntesdesanluis.com\/wp-content\/uploads\/2025\/01\/NANCY-SOSA.png\",\"articleSection\":[\"Ciudad\/Provincia\"],\"inLanguage\":\"es-AR\"},{\"@type\":\"WebPage\",\"@id\":\"https:\/\/apuntesdesanluis.com\/index.php\/2025\/01\/20\/nuevas-criticas-del-poder-politico-a-la-justicia-por-el-trato-a-la-delincuencia\/\",\"url\":\"https:\/\/apuntesdesanluis.com\/index.php\/2025\/01\/20\/nuevas-criticas-del-poder-politico-a-la-justicia-por-el-trato-a-la-delincuencia\/\",\"name\":\"NUEVAS CR\u00cdTICAS DEL PODER POL\u00cdTICO A LA JUSTICIA POR EL TRATO A LA DELINCUENCIA - Apuntes de San Luis\",\"isPartOf\":{\"@id\":\"https:\/\/apuntesdesanluis.com\/#website\"},\"primaryImageOfPage\":{\"@id\":\"https:\/\/apuntesdesanluis.com\/index.php\/2025\/01\/20\/nuevas-criticas-del-poder-politico-a-la-justicia-por-el-trato-a-la-delincuencia\/#primaryimage\"},\"image\":{\"@id\":\"https:\/\/apuntesdesanluis.com\/index.php\/2025\/01\/20\/nuevas-criticas-del-poder-politico-a-la-justicia-por-el-trato-a-la-delincuencia\/#primaryimage\"},\"thumbnailUrl\":\"https:\/\/apuntesdesanluis.com\/wp-content\/uploads\/2025\/01\/NANCY-SOSA.png\",\"datePublished\":\"2025-01-21T01:56:37+00:00\",\"dateModified\":\"2025-01-21T01:59:11+00:00\",\"breadcrumb\":{\"@id\":\"https:\/\/apuntesdesanluis.com\/index.php\/2025\/01\/20\/nuevas-criticas-del-poder-politico-a-la-justicia-por-el-trato-a-la-delincuencia\/#breadcrumb\"},\"inLanguage\":\"es-AR\",\"potentialAction\":[{\"@type\":\"ReadAction\",\"target\":[\"https:\/\/apuntesdesanluis.com\/index.php\/2025\/01\/20\/nuevas-criticas-del-poder-politico-a-la-justicia-por-el-trato-a-la-delincuencia\/\"]}]},{\"@type\":\"ImageObject\",\"inLanguage\":\"es-AR\",\"@id\":\"https:\/\/apuntesdesanluis.com\/index.php\/2025\/01\/20\/nuevas-criticas-del-poder-politico-a-la-justicia-por-el-trato-a-la-delincuencia\/#primaryimage\",\"url\":\"https:\/\/apuntesdesanluis.com\/wp-content\/uploads\/2025\/01\/NANCY-SOSA.png\",\"contentUrl\":\"https:\/\/apuntesdesanluis.com\/wp-content\/uploads\/2025\/01\/NANCY-SOSA.png\",\"width\":717,\"height\":526},{\"@type\":\"BreadcrumbList\",\"@id\":\"https:\/\/apuntesdesanluis.com\/index.php\/2025\/01\/20\/nuevas-criticas-del-poder-politico-a-la-justicia-por-el-trato-a-la-delincuencia\/#breadcrumb\",\"itemListElement\":[{\"@type\":\"ListItem\",\"position\":1,\"name\":\"Inicio\",\"item\":\"https:\/\/apuntesdesanluis.com\/\"},{\"@type\":\"ListItem\",\"position\":2,\"name\":\"NUEVAS CR\u00cdTICAS DEL PODER POL\u00cdTICO A LA JUSTICIA POR EL TRATO A LA DELINCUENCIA\"}]},{\"@type\":\"WebSite\",\"@id\":\"https:\/\/apuntesdesanluis.com\/#website\",\"url\":\"https:\/\/apuntesdesanluis.com\/\",\"name\":\"Apuntes de San Luis\",\"description\":\"\",\"publisher\":{\"@id\":\"https:\/\/apuntesdesanluis.com\/#\/schema\/person\/b55151d52296fcce64d1a72538a70b90\"},\"potentialAction\":[{\"@type\":\"SearchAction\",\"target\":{\"@type\":\"EntryPoint\",\"urlTemplate\":\"https:\/\/apuntesdesanluis.com\/?s={search_term_string}\"},\"query-input\":{\"@type\":\"PropertyValueSpecification\",\"valueRequired\":true,\"valueName\":\"search_term_string\"}}],\"inLanguage\":\"es-AR\"},{\"@type\":[\"Person\",\"Organization\"],\"@id\":\"https:\/\/apuntesdesanluis.com\/#\/schema\/person\/b55151d52296fcce64d1a72538a70b90\",\"name\":\"apuntesdesanluis.com\",\"image\":{\"@type\":\"ImageObject\",\"inLanguage\":\"es-AR\",\"@id\":\"https:\/\/apuntesdesanluis.com\/#\/schema\/person\/image\/\",\"url\":\"https:\/\/apuntesdesanluis.com\/wp-content\/uploads\/2023\/07\/cropped-apuntesdesanluis.png\",\"contentUrl\":\"https:\/\/apuntesdesanluis.com\/wp-content\/uploads\/2023\/07\/cropped-apuntesdesanluis.png\",\"width\":450,\"height\":112,\"caption\":\"apuntesdesanluis.com\"},\"logo\":{\"@id\":\"https:\/\/apuntesdesanluis.com\/#\/schema\/person\/image\/\"},\"sameAs\":[\"https:\/\/apuntesdesanluis.com\"],\"url\":\"https:\/\/apuntesdesanluis.com\/index.php\/author\/apuntesdesanluis-com\/\"}]}<\/script>\n<!-- \/ Yoast SEO plugin. -->","yoast_head_json":{"title":"NUEVAS CR\u00cdTICAS DEL PODER POL\u00cdTICO A LA JUSTICIA POR EL TRATO A LA DELINCUENCIA - Apuntes de San Luis","robots":{"index":"index","follow":"follow","max-snippet":"max-snippet:-1","max-image-preview":"max-image-preview:large","max-video-preview":"max-video-preview:-1"},"canonical":"https:\/\/apuntesdesanluis.com\/index.php\/2025\/01\/20\/nuevas-criticas-del-poder-politico-a-la-justicia-por-el-trato-a-la-delincuencia\/","og_locale":"es_ES","og_type":"article","og_title":"NUEVAS CR\u00cdTICAS DEL PODER POL\u00cdTICO A LA JUSTICIA POR EL TRATO A LA DELINCUENCIA - Apuntes de San Luis","og_description":"\u201cLos delincuentes y los narcotraficantes est\u00e1n de un lado y todo el resto, la buena...","og_url":"https:\/\/apuntesdesanluis.com\/index.php\/2025\/01\/20\/nuevas-criticas-del-poder-politico-a-la-justicia-por-el-trato-a-la-delincuencia\/","og_site_name":"Apuntes de San Luis","article_published_time":"2025-01-21T01:56:37+00:00","article_modified_time":"2025-01-21T01:59:11+00:00","og_image":[{"width":717,"height":526,"url":"https:\/\/apuntesdesanluis.com\/wp-content\/uploads\/2025\/01\/NANCY-SOSA.png","type":"image\/png"}],"author":"apuntesdesanluis.com","twitter_card":"summary_large_image","twitter_misc":{"Escrito por":"apuntesdesanluis.com","Tiempo de lectura":"3 minutos"},"schema":{"@context":"https:\/\/schema.org","@graph":[{"@type":"Article","@id":"https:\/\/apuntesdesanluis.com\/index.php\/2025\/01\/20\/nuevas-criticas-del-poder-politico-a-la-justicia-por-el-trato-a-la-delincuencia\/#article","isPartOf":{"@id":"https:\/\/apuntesdesanluis.com\/index.php\/2025\/01\/20\/nuevas-criticas-del-poder-politico-a-la-justicia-por-el-trato-a-la-delincuencia\/"},"author":{"name":"apuntesdesanluis.com","@id":"https:\/\/apuntesdesanluis.com\/#\/schema\/person\/b55151d52296fcce64d1a72538a70b90"},"headline":"NUEVAS CR\u00cdTICAS DEL PODER POL\u00cdTICO A LA JUSTICIA POR EL TRATO A LA DELINCUENCIA","datePublished":"2025-01-21T01:56:37+00:00","dateModified":"2025-01-21T01:59:11+00:00","mainEntityOfPage":{"@id":"https:\/\/apuntesdesanluis.com\/index.php\/2025\/01\/20\/nuevas-criticas-del-poder-politico-a-la-justicia-por-el-trato-a-la-delincuencia\/"},"wordCount":399,"publisher":{"@id":"https:\/\/apuntesdesanluis.com\/#\/schema\/person\/b55151d52296fcce64d1a72538a70b90"},"image":{"@id":"https:\/\/apuntesdesanluis.com\/index.php\/2025\/01\/20\/nuevas-criticas-del-poder-politico-a-la-justicia-por-el-trato-a-la-delincuencia\/#primaryimage"},"thumbnailUrl":"https:\/\/apuntesdesanluis.com\/wp-content\/uploads\/2025\/01\/NANCY-SOSA.png","articleSection":["Ciudad\/Provincia"],"inLanguage":"es-AR"},{"@type":"WebPage","@id":"https:\/\/apuntesdesanluis.com\/index.php\/2025\/01\/20\/nuevas-criticas-del-poder-politico-a-la-justicia-por-el-trato-a-la-delincuencia\/","url":"https:\/\/apuntesdesanluis.com\/index.php\/2025\/01\/20\/nuevas-criticas-del-poder-politico-a-la-justicia-por-el-trato-a-la-delincuencia\/","name":"NUEVAS CR\u00cdTICAS DEL PODER POL\u00cdTICO A LA JUSTICIA POR EL TRATO A LA DELINCUENCIA - Apuntes de San Luis","isPartOf":{"@id":"https:\/\/apuntesdesanluis.com\/#website"},"primaryImageOfPage":{"@id":"https:\/\/apuntesdesanluis.com\/index.php\/2025\/01\/20\/nuevas-criticas-del-poder-politico-a-la-justicia-por-el-trato-a-la-delincuencia\/#primaryimage"},"image":{"@id":"https:\/\/apuntesdesanluis.com\/index.php\/2025\/01\/20\/nuevas-criticas-del-poder-politico-a-la-justicia-por-el-trato-a-la-delincuencia\/#primaryimage"},"thumbnailUrl":"https:\/\/apuntesdesanluis.com\/wp-content\/uploads\/2025\/01\/NANCY-SOSA.png","datePublished":"2025-01-21T01:56:37+00:00","dateModified":"2025-01-21T01:59:11+00:00","breadcrumb":{"@id":"https:\/\/apuntesdesanluis.com\/index.php\/2025\/01\/20\/nuevas-criticas-del-poder-politico-a-la-justicia-por-el-trato-a-la-delincuencia\/#breadcrumb"},"inLanguage":"es-AR","potentialAction":[{"@type":"ReadAction","target":["https:\/\/apuntesdesanluis.com\/index.php\/2025\/01\/20\/nuevas-criticas-del-poder-politico-a-la-justicia-por-el-trato-a-la-delincuencia\/"]}]},{"@type":"ImageObject","inLanguage":"es-AR","@id":"https:\/\/apuntesdesanluis.com\/index.php\/2025\/01\/20\/nuevas-criticas-del-poder-politico-a-la-justicia-por-el-trato-a-la-delincuencia\/#primaryimage","url":"https:\/\/apuntesdesanluis.com\/wp-content\/uploads\/2025\/01\/NANCY-SOSA.png","contentUrl":"https:\/\/apuntesdesanluis.com\/wp-content\/uploads\/2025\/01\/NANCY-SOSA.png","width":717,"height":526},{"@type":"BreadcrumbList","@id":"https:\/\/apuntesdesanluis.com\/index.php\/2025\/01\/20\/nuevas-criticas-del-poder-politico-a-la-justicia-por-el-trato-a-la-delincuencia\/#breadcrumb","itemListElement":[{"@type":"ListItem","position":1,"name":"Inicio","item":"https:\/\/apuntesdesanluis.com\/"},{"@type":"ListItem","position":2,"name":"NUEVAS CR\u00cdTICAS DEL PODER POL\u00cdTICO A LA JUSTICIA POR EL TRATO A LA DELINCUENCIA"}]},{"@type":"WebSite","@id":"https:\/\/apuntesdesanluis.com\/#website","url":"https:\/\/apuntesdesanluis.com\/","name":"Apuntes de San Luis","description":"","publisher":{"@id":"https:\/\/apuntesdesanluis.com\/#\/schema\/person\/b55151d52296fcce64d1a72538a70b90"},"potentialAction":[{"@type":"SearchAction","target":{"@type":"EntryPoint","urlTemplate":"https:\/\/apuntesdesanluis.com\/?s={search_term_string}"},"query-input":{"@type":"PropertyValueSpecification","valueRequired":true,"valueName":"search_term_string"}}],"inLanguage":"es-AR"},{"@type":["Person","Organization"],"@id":"https:\/\/apuntesdesanluis.com\/#\/schema\/person\/b55151d52296fcce64d1a72538a70b90","name":"apuntesdesanluis.com","image":{"@type":"ImageObject","inLanguage":"es-AR","@id":"https:\/\/apuntesdesanluis.com\/#\/schema\/person\/image\/","url":"https:\/\/apuntesdesanluis.com\/wp-content\/uploads\/2023\/07\/cropped-apuntesdesanluis.png","contentUrl":"https:\/\/apuntesdesanluis.com\/wp-content\/uploads\/2023\/07\/cropped-apuntesdesanluis.png","width":450,"height":112,"caption":"apuntesdesanluis.com"},"logo":{"@id":"https:\/\/apuntesdesanluis.com\/#\/schema\/person\/image\/"},"sameAs":["https:\/\/apuntesdesanluis.com"],"url":"https:\/\/apuntesdesanluis.com\/index.php\/author\/apuntesdesanluis-com\/"}]}},"featured_image_urls":{"full":["https:\/\/apuntesdesanluis.com\/wp-content\/uploads\/2025\/01\/NANCY-SOSA.png",717,526,false],"thumbnail":["https:\/\/apuntesdesanluis.com\/wp-content\/uploads\/2025\/01\/NANCY-SOSA-150x150.png",150,150,true],"medium":["https:\/\/apuntesdesanluis.com\/wp-content\/uploads\/2025\/01\/NANCY-SOSA-300x220.png",300,220,true],"medium_large":["https:\/\/apuntesdesanluis.com\/wp-content\/uploads\/2025\/01\/NANCY-SOSA.png",640,470,false],"large":["https:\/\/apuntesdesanluis.com\/wp-content\/uploads\/2025\/01\/NANCY-SOSA.png",640,470,false],"1536x1536":["https:\/\/apuntesdesanluis.com\/wp-content\/uploads\/2025\/01\/NANCY-SOSA.png",717,526,false],"2048x2048":["https:\/\/apuntesdesanluis.com\/wp-content\/uploads\/2025\/01\/NANCY-SOSA.png",717,526,false],"newsever-slider-full":["https:\/\/apuntesdesanluis.com\/wp-content\/uploads\/2025\/01\/NANCY-SOSA.png",717,526,false],"newsever-featured":["https:\/\/apuntesdesanluis.com\/wp-content\/uploads\/2025\/01\/NANCY-SOSA.png",717,526,false],"newsever-medium":["https:\/\/apuntesdesanluis.com\/wp-content\/uploads\/2025\/01\/NANCY-SOSA-717x475.png",717,475,true]},"author_info":{"display_name":"apuntesdesanluis.com","author_link":"https:\/\/apuntesdesanluis.com\/index.php\/author\/apuntesdesanluis-com\/"},"category_info":"<a href=\"https:\/\/apuntesdesanluis.com\/index.php\/category\/ciudad-provincia\/\" rel=\"category tag\">Ciudad\/Provincia<\/a>","tag_info":"Ciudad\/Provincia","comment_count":"0","_links":{"self":[{"href":"https:\/\/apuntesdesanluis.com\/index.php\/wp-json\/wp\/v2\/posts\/28013","targetHints":{"allow":["GET"]}}],"collection":[{"href":"https:\/\/apuntesdesanluis.com\/index.php\/wp-json\/wp\/v2\/posts"}],"about":[{"href":"https:\/\/apuntesdesanluis.com\/index.php\/wp-json\/wp\/v2\/types\/post"}],"author":[{"embeddable":true,"href":"https:\/\/apuntesdesanluis.com\/index.php\/wp-json\/wp\/v2\/users\/1"}],"replies":[{"embeddable":true,"href":"https:\/\/apuntesdesanluis.com\/index.php\/wp-json\/wp\/v2\/comments?post=28013"}],"version-history":[{"count":3,"href":"https:\/\/apuntesdesanluis.com\/index.php\/wp-json\/wp\/v2\/posts\/28013\/revisions"}],"predecessor-version":[{"id":28018,"href":"https:\/\/apuntesdesanluis.com\/index.php\/wp-json\/wp\/v2\/posts\/28013\/revisions\/28018"}],"wp:featuredmedia":[{"embeddable":true,"href":"https:\/\/apuntesdesanluis.com\/index.php\/wp-json\/wp\/v2\/media\/28014"}],"wp:attachment":[{"href":"https:\/\/apuntesdesanluis.com\/index.php\/wp-json\/wp\/v2\/media?parent=28013"}],"wp:term":[{"taxonomy":"category","embeddable":true,"href":"https:\/\/apuntesdesanluis.com\/index.php\/wp-json\/wp\/v2\/categories?post=28013"},{"taxonomy":"post_tag","embeddable":true,"href":"https:\/\/apuntesdesanluis.com\/index.php\/wp-json\/wp\/v2\/tags?post=28013"}],"curies":[{"name":"wp","href":"https:\/\/api.w.org\/{rel}","templated":true}]}}