{"id":28022,"date":"2025-01-21T01:02:06","date_gmt":"2025-01-21T04:02:06","guid":{"rendered":"https:\/\/apuntesdesanluis.com\/?p=28022"},"modified":"2025-01-21T01:02:12","modified_gmt":"2025-01-21T04:02:12","slug":"luis-juez-exigiria-la-presidencia-del-senado-para-pasarse-a-la-libertad-avanza","status":"publish","type":"post","link":"https:\/\/apuntesdesanluis.com\/index.php\/2025\/01\/21\/luis-juez-exigiria-la-presidencia-del-senado-para-pasarse-a-la-libertad-avanza\/","title":{"rendered":"LUIS JUEZ EXIGIR\u00cdA LA PRESIDENCIA DEL SENADO PARA PASARSE A LA LIBERTAD AVANZA"},"content":{"rendered":"<h3>El senador <strong>Luis Juez<\/strong> habr\u00eda pedido la presidencia provisional del Senado a cambio de su pase a La Libertad Avanza (LLA). Luego de anunciar que ya no ser\u00e1 el jefe de la bancada del Frente PRO y deslizar que quiere ser el candidato a gobernador de Javier Milei en C\u00f3rdoba, seg\u00fan fuentes del Congreso, puso el desplazamiento de <strong>Bartolom\u00e9 Abdala<\/strong> como condici\u00f3n para sacar el carnet libertario.<\/h3>\n<h3>El senador neg\u00f3 rotundamente que ese fuera su objetivo: &#8220;son todas mentiras, no s\u00e9 qui\u00e9n anda diciendo eso&#8221;, dijo. Pero LPO inform\u00f3 tras la expulsi\u00f3n de <strong>Edgardo Kueider<\/strong> que el ex intendente de C\u00f3rdoba picaba en punta, junto al salte\u00f1o Juan Carlos Romero y el juje\u00f1o Ezequiel Atauche, para recalar en el lugar de Abdala.<\/h3>\n<h3>La jugada era parte de una maniobra coordinada entre Javier Milei, su hermana Karina, Santiago Caputo, los legisladores aliados y los gobernadores peronistas para terminar de acorralar a Victoria Villarruel.<\/h3>\n<h3>Juez se convirti\u00f3 en el fetiche del primer mandatario, con quien comparte charlas mano a mano y cultiva una relaci\u00f3n de amistad. Tanto cerca del senador como en el gobierno deslizaron que el Presidente siente afecto por \u00e9l: &#8220;Se r\u00ede de sus chistes&#8221;, destacaron.<\/h3>\n<h3>En el bloque PRO admitieron que Juez mencion\u00f3 la presidencia provisional del Senado en las \u00faltimas semanas pero repusieron que, como es de rigor, el legislador neg\u00f3 que buscara un cargo. Pese a que en el macrismo le atribuyen un individualismo extremo, una senadora asegur\u00f3 a LPO: &#8220;La \u00faltima vez que lo vi hizo referencia a eso pero dijo que \u00e9l no quiere ning\u00fan cargo&#8221;.<\/h3>\n<h3>La dificultad de Juez para llegar al estrado es, justamente, el desprecio que cosech\u00f3 entre alguno de sus pares durante las \u00faltimas sesiones. &#8220;Estamos cansados de no saber c\u00f3mo vota nuestro presidente de bloque o que no vaya a las reuniones&#8221;, dijeron en un despacho macrista de la C\u00e1mara Alta.<\/h3>\n<p><img fetchpriority=\"high\" decoding=\"async\" class=\"wp-image-18507 aligncenter\" src=\"https:\/\/apuntesdesanluis.com\/wp-content\/uploads\/2024\/06\/Villarruel-y-abdala-300x169.jpg\" alt=\"\" width=\"745\" height=\"420\" srcset=\"https:\/\/apuntesdesanluis.com\/wp-content\/uploads\/2024\/06\/Villarruel-y-abdala-300x169.jpg 300w, https:\/\/apuntesdesanluis.com\/wp-content\/uploads\/2024\/06\/Villarruel-y-abdala.jpg 375w\" sizes=\"(max-width: 745px) 100vw, 745px\" \/><\/p>\n<h4 style=\"text-align: center;\">La vicepresidenta Victoria Villarruel y Bartolom\u00e9 Abdala.<\/h4>\n<h3>Esa referencia apuntaba a que el cordob\u00e9s ni siquiera se movi\u00f3 de su banca para acudir en auxilio del oficialismo cuando la Vicepresidenta convoc\u00f3 a una reuni\u00f3n en el Sal\u00f3n Rosado, detr\u00e1s del recinto, para intentar coordinar un freno a la expulsi\u00f3n de Kueider con los jefes de bloque. &#8220;Se qued\u00f3 sentado a su banca agarr\u00e1ndose la cabeza y nosotros no sab\u00edamos qu\u00e9 hacer&#8221;, comentaron.<\/h3>\n<h3>En los pasillos del Congreso, fuentes de diferentes partidos coinciden en calificar a Juez como un legislador con &#8220;poco apego&#8221; al compromiso por la tarea parlamentaria. &#8220;Es un vago tremendo y ni siquiera prepara los temas&#8221;, dijo un senador que comparti\u00f3 mandato con \u00e9l.<\/h3>\n<h3>Desde el Consejo de la Magistratura, donde asumi\u00f3 luego que cambiara la composici\u00f3n del \u00f3rgano pol\u00edtico del Poder Judicial, indicaron a LPO que &#8220;no se recuerda un integrante que labure menos que Juez&#8221;.<\/h3>\n<h3>Seg\u00fan los registros, s\u00f3lo particip\u00f3 en uno de los \u00faltimos tres plenarios y fue por Zoom. A uno de los otros dos lleg\u00f3 despu\u00e9s de las audiencias p\u00fablicas y al tercero no asisti\u00f3.&#8221;Es el \u00fanico consejero que integra solo una comisi\u00f3n, la de Disciplina, y no va nunca: de las 6 reuniones que hubo, falt\u00f3 a 4 y en una apareci\u00f3 por Zoom&#8221;, precisaron.<\/h3>\n<h3>Por eso, una pregunta que recorre los pasillos del Congreso es si Juez seguir\u00e1 siendo consejero de la Magistratura, si se va del bloque PRO. El desaf\u00edo para el macrismo ser\u00eda conseguir otro senador que sea abogado, porque el cordob\u00e9s era el \u00fanico que cumpl\u00eda ese requisito al menos.<\/h3>\n<h3>Como sea, un libertario consider\u00f3 que &#8220;es mucho premio la presidencia provisional, sin bloque, sin fuerza, cayendo de paracaidista&#8221; pero concedi\u00f3 que &#8220;todo puede ser&#8221;. Sin embargo, una fuente del Frente PRO indic\u00f3 que &#8220;Juez no se ir\u00eda con los libertarios si no tiene algo que valga m\u00e1s, porque a Atauche no lo respeta&#8221;.<\/h3>\n<h3>La descripci\u00f3n apunta a la pelea que se produjo entre el cordob\u00e9s y el juje\u00f1o al final de la \u00faltima sesi\u00f3n. Atauche encar\u00f3 a Juez y le reproch\u00f3 su cambio de postura sobre la suerte de Kueider, despu\u00e9s del oficio enviado por Sandra Arroyo Salgado, y el ex titular del bloque PRO no titube\u00f3: &#8220;vos no sab\u00e9s ni manejar un auto&#8221;, le lanz\u00f3 al libertario.<\/h3>\n<h3>La sesi\u00f3n preparatoria en la que se deben votar las nuevas autoridades del Senado deber\u00eda ocurrir el \u00faltimo jueves de febrero, antes del per\u00edodo ordinario.\u00a0 &#8220;A m\u00ed no me anoten en ninguna l\u00ednea de sucesi\u00f3n&#8221;, dijo el propio Juez a LPO y asegur\u00f3 que &#8220;son todas mentiras&#8221;. <strong>(LPO)<\/strong><\/h3>\n<p>&nbsp;<\/p>\n<p>&nbsp;<\/p>\n<p>&nbsp;<\/p>\n<h3><\/h3>\n<h3><\/h3>\n<p>&nbsp;<\/p>\n","protected":false},"excerpt":{"rendered":"<p>El senador Luis Juez habr\u00eda pedido la presidencia provisional del Senado a cambio de su&#8230;<\/p>\n","protected":false},"author":1,"featured_media":26752,"comment_status":"closed","ping_status":"closed","sticky":false,"template":"","format":"standard","meta":{"footnotes":""},"categories":[9],"tags":[],"class_list":["post-28022","post","type-post","status-publish","format-standard","has-post-thumbnail","hentry","category-opinion"],"yoast_head":"<!-- This site is optimized with the Yoast SEO plugin v26.1.1 - https:\/\/yoast.com\/wordpress\/plugins\/seo\/ -->\n<title>LUIS JUEZ EXIGIR\u00cdA LA PRESIDENCIA DEL SENADO PARA PASARSE A LA LIBERTAD AVANZA - Apuntes de San Luis<\/title>\n<meta name=\"robots\" content=\"index, follow, max-snippet:-1, max-image-preview:large, max-video-preview:-1\" \/>\n<link rel=\"canonical\" href=\"https:\/\/apuntesdesanluis.com\/index.php\/2025\/01\/21\/luis-juez-exigiria-la-presidencia-del-senado-para-pasarse-a-la-libertad-avanza\/\" \/>\n<meta property=\"og:locale\" content=\"es_ES\" \/>\n<meta property=\"og:type\" content=\"article\" \/>\n<meta property=\"og:title\" content=\"LUIS JUEZ EXIGIR\u00cdA LA PRESIDENCIA DEL SENADO PARA PASARSE A LA LIBERTAD AVANZA - Apuntes de San Luis\" \/>\n<meta property=\"og:description\" content=\"El senador Luis Juez habr\u00eda pedido la presidencia provisional del Senado a cambio de su...\" \/>\n<meta property=\"og:url\" content=\"https:\/\/apuntesdesanluis.com\/index.php\/2025\/01\/21\/luis-juez-exigiria-la-presidencia-del-senado-para-pasarse-a-la-libertad-avanza\/\" \/>\n<meta property=\"og:site_name\" content=\"Apuntes de San Luis\" \/>\n<meta property=\"article:published_time\" content=\"2025-01-21T04:02:06+00:00\" \/>\n<meta property=\"article:modified_time\" content=\"2025-01-21T04:02:12+00:00\" \/>\n<meta property=\"og:image\" content=\"https:\/\/apuntesdesanluis.com\/wp-content\/uploads\/2024\/12\/luis-juez.png\" \/>\n\t<meta property=\"og:image:width\" content=\"568\" \/>\n\t<meta property=\"og:image:height\" content=\"472\" \/>\n\t<meta property=\"og:image:type\" content=\"image\/png\" \/>\n<meta name=\"author\" content=\"apuntesdesanluis.com\" \/>\n<meta name=\"twitter:card\" content=\"summary_large_image\" \/>\n<meta name=\"twitter:label1\" content=\"Escrito por\" \/>\n\t<meta name=\"twitter:data1\" content=\"apuntesdesanluis.com\" \/>\n\t<meta name=\"twitter:label2\" content=\"Tiempo de lectura\" \/>\n\t<meta name=\"twitter:data2\" content=\"4 minutos\" \/>\n<script type=\"application\/ld+json\" class=\"yoast-schema-graph\">{\"@context\":\"https:\/\/schema.org\",\"@graph\":[{\"@type\":\"Article\",\"@id\":\"https:\/\/apuntesdesanluis.com\/index.php\/2025\/01\/21\/luis-juez-exigiria-la-presidencia-del-senado-para-pasarse-a-la-libertad-avanza\/#article\",\"isPartOf\":{\"@id\":\"https:\/\/apuntesdesanluis.com\/index.php\/2025\/01\/21\/luis-juez-exigiria-la-presidencia-del-senado-para-pasarse-a-la-libertad-avanza\/\"},\"author\":{\"name\":\"apuntesdesanluis.com\",\"@id\":\"https:\/\/apuntesdesanluis.com\/#\/schema\/person\/b55151d52296fcce64d1a72538a70b90\"},\"headline\":\"LUIS JUEZ EXIGIR\u00cdA LA PRESIDENCIA DEL SENADO PARA PASARSE A LA LIBERTAD AVANZA\",\"datePublished\":\"2025-01-21T04:02:06+00:00\",\"dateModified\":\"2025-01-21T04:02:12+00:00\",\"mainEntityOfPage\":{\"@id\":\"https:\/\/apuntesdesanluis.com\/index.php\/2025\/01\/21\/luis-juez-exigiria-la-presidencia-del-senado-para-pasarse-a-la-libertad-avanza\/\"},\"wordCount\":802,\"publisher\":{\"@id\":\"https:\/\/apuntesdesanluis.com\/#\/schema\/person\/b55151d52296fcce64d1a72538a70b90\"},\"image\":{\"@id\":\"https:\/\/apuntesdesanluis.com\/index.php\/2025\/01\/21\/luis-juez-exigiria-la-presidencia-del-senado-para-pasarse-a-la-libertad-avanza\/#primaryimage\"},\"thumbnailUrl\":\"https:\/\/apuntesdesanluis.com\/wp-content\/uploads\/2024\/12\/luis-juez.png\",\"articleSection\":[\"Opini\u00f3n\"],\"inLanguage\":\"es-AR\"},{\"@type\":\"WebPage\",\"@id\":\"https:\/\/apuntesdesanluis.com\/index.php\/2025\/01\/21\/luis-juez-exigiria-la-presidencia-del-senado-para-pasarse-a-la-libertad-avanza\/\",\"url\":\"https:\/\/apuntesdesanluis.com\/index.php\/2025\/01\/21\/luis-juez-exigiria-la-presidencia-del-senado-para-pasarse-a-la-libertad-avanza\/\",\"name\":\"LUIS JUEZ EXIGIR\u00cdA LA PRESIDENCIA DEL SENADO PARA PASARSE A LA LIBERTAD AVANZA - Apuntes de San Luis\",\"isPartOf\":{\"@id\":\"https:\/\/apuntesdesanluis.com\/#website\"},\"primaryImageOfPage\":{\"@id\":\"https:\/\/apuntesdesanluis.com\/index.php\/2025\/01\/21\/luis-juez-exigiria-la-presidencia-del-senado-para-pasarse-a-la-libertad-avanza\/#primaryimage\"},\"image\":{\"@id\":\"https:\/\/apuntesdesanluis.com\/index.php\/2025\/01\/21\/luis-juez-exigiria-la-presidencia-del-senado-para-pasarse-a-la-libertad-avanza\/#primaryimage\"},\"thumbnailUrl\":\"https:\/\/apuntesdesanluis.com\/wp-content\/uploads\/2024\/12\/luis-juez.png\",\"datePublished\":\"2025-01-21T04:02:06+00:00\",\"dateModified\":\"2025-01-21T04:02:12+00:00\",\"breadcrumb\":{\"@id\":\"https:\/\/apuntesdesanluis.com\/index.php\/2025\/01\/21\/luis-juez-exigiria-la-presidencia-del-senado-para-pasarse-a-la-libertad-avanza\/#breadcrumb\"},\"inLanguage\":\"es-AR\",\"potentialAction\":[{\"@type\":\"ReadAction\",\"target\":[\"https:\/\/apuntesdesanluis.com\/index.php\/2025\/01\/21\/luis-juez-exigiria-la-presidencia-del-senado-para-pasarse-a-la-libertad-avanza\/\"]}]},{\"@type\":\"ImageObject\",\"inLanguage\":\"es-AR\",\"@id\":\"https:\/\/apuntesdesanluis.com\/index.php\/2025\/01\/21\/luis-juez-exigiria-la-presidencia-del-senado-para-pasarse-a-la-libertad-avanza\/#primaryimage\",\"url\":\"https:\/\/apuntesdesanluis.com\/wp-content\/uploads\/2024\/12\/luis-juez.png\",\"contentUrl\":\"https:\/\/apuntesdesanluis.com\/wp-content\/uploads\/2024\/12\/luis-juez.png\",\"width\":568,\"height\":472},{\"@type\":\"BreadcrumbList\",\"@id\":\"https:\/\/apuntesdesanluis.com\/index.php\/2025\/01\/21\/luis-juez-exigiria-la-presidencia-del-senado-para-pasarse-a-la-libertad-avanza\/#breadcrumb\",\"itemListElement\":[{\"@type\":\"ListItem\",\"position\":1,\"name\":\"Inicio\",\"item\":\"https:\/\/apuntesdesanluis.com\/\"},{\"@type\":\"ListItem\",\"position\":2,\"name\":\"LUIS JUEZ EXIGIR\u00cdA LA PRESIDENCIA DEL SENADO PARA PASARSE A LA LIBERTAD AVANZA\"}]},{\"@type\":\"WebSite\",\"@id\":\"https:\/\/apuntesdesanluis.com\/#website\",\"url\":\"https:\/\/apuntesdesanluis.com\/\",\"name\":\"Apuntes de San Luis\",\"description\":\"\",\"publisher\":{\"@id\":\"https:\/\/apuntesdesanluis.com\/#\/schema\/person\/b55151d52296fcce64d1a72538a70b90\"},\"potentialAction\":[{\"@type\":\"SearchAction\",\"target\":{\"@type\":\"EntryPoint\",\"urlTemplate\":\"https:\/\/apuntesdesanluis.com\/?s={search_term_string}\"},\"query-input\":{\"@type\":\"PropertyValueSpecification\",\"valueRequired\":true,\"valueName\":\"search_term_string\"}}],\"inLanguage\":\"es-AR\"},{\"@type\":[\"Person\",\"Organization\"],\"@id\":\"https:\/\/apuntesdesanluis.com\/#\/schema\/person\/b55151d52296fcce64d1a72538a70b90\",\"name\":\"apuntesdesanluis.com\",\"image\":{\"@type\":\"ImageObject\",\"inLanguage\":\"es-AR\",\"@id\":\"https:\/\/apuntesdesanluis.com\/#\/schema\/person\/image\/\",\"url\":\"https:\/\/apuntesdesanluis.com\/wp-content\/uploads\/2023\/07\/cropped-apuntesdesanluis.png\",\"contentUrl\":\"https:\/\/apuntesdesanluis.com\/wp-content\/uploads\/2023\/07\/cropped-apuntesdesanluis.png\",\"width\":450,\"height\":112,\"caption\":\"apuntesdesanluis.com\"},\"logo\":{\"@id\":\"https:\/\/apuntesdesanluis.com\/#\/schema\/person\/image\/\"},\"sameAs\":[\"https:\/\/apuntesdesanluis.com\"],\"url\":\"https:\/\/apuntesdesanluis.com\/index.php\/author\/apuntesdesanluis-com\/\"}]}<\/script>\n<!-- \/ Yoast SEO plugin. -->","yoast_head_json":{"title":"LUIS JUEZ EXIGIR\u00cdA LA PRESIDENCIA DEL SENADO PARA PASARSE A LA LIBERTAD AVANZA - Apuntes de San Luis","robots":{"index":"index","follow":"follow","max-snippet":"max-snippet:-1","max-image-preview":"max-image-preview:large","max-video-preview":"max-video-preview:-1"},"canonical":"https:\/\/apuntesdesanluis.com\/index.php\/2025\/01\/21\/luis-juez-exigiria-la-presidencia-del-senado-para-pasarse-a-la-libertad-avanza\/","og_locale":"es_ES","og_type":"article","og_title":"LUIS JUEZ EXIGIR\u00cdA LA PRESIDENCIA DEL SENADO PARA PASARSE A LA LIBERTAD AVANZA - Apuntes de San Luis","og_description":"El senador Luis Juez habr\u00eda pedido la presidencia provisional del Senado a cambio de su...","og_url":"https:\/\/apuntesdesanluis.com\/index.php\/2025\/01\/21\/luis-juez-exigiria-la-presidencia-del-senado-para-pasarse-a-la-libertad-avanza\/","og_site_name":"Apuntes de San Luis","article_published_time":"2025-01-21T04:02:06+00:00","article_modified_time":"2025-01-21T04:02:12+00:00","og_image":[{"width":568,"height":472,"url":"https:\/\/apuntesdesanluis.com\/wp-content\/uploads\/2024\/12\/luis-juez.png","type":"image\/png"}],"author":"apuntesdesanluis.com","twitter_card":"summary_large_image","twitter_misc":{"Escrito por":"apuntesdesanluis.com","Tiempo de lectura":"4 minutos"},"schema":{"@context":"https:\/\/schema.org","@graph":[{"@type":"Article","@id":"https:\/\/apuntesdesanluis.com\/index.php\/2025\/01\/21\/luis-juez-exigiria-la-presidencia-del-senado-para-pasarse-a-la-libertad-avanza\/#article","isPartOf":{"@id":"https:\/\/apuntesdesanluis.com\/index.php\/2025\/01\/21\/luis-juez-exigiria-la-presidencia-del-senado-para-pasarse-a-la-libertad-avanza\/"},"author":{"name":"apuntesdesanluis.com","@id":"https:\/\/apuntesdesanluis.com\/#\/schema\/person\/b55151d52296fcce64d1a72538a70b90"},"headline":"LUIS JUEZ EXIGIR\u00cdA LA PRESIDENCIA DEL SENADO PARA PASARSE A LA LIBERTAD AVANZA","datePublished":"2025-01-21T04:02:06+00:00","dateModified":"2025-01-21T04:02:12+00:00","mainEntityOfPage":{"@id":"https:\/\/apuntesdesanluis.com\/index.php\/2025\/01\/21\/luis-juez-exigiria-la-presidencia-del-senado-para-pasarse-a-la-libertad-avanza\/"},"wordCount":802,"publisher":{"@id":"https:\/\/apuntesdesanluis.com\/#\/schema\/person\/b55151d52296fcce64d1a72538a70b90"},"image":{"@id":"https:\/\/apuntesdesanluis.com\/index.php\/2025\/01\/21\/luis-juez-exigiria-la-presidencia-del-senado-para-pasarse-a-la-libertad-avanza\/#primaryimage"},"thumbnailUrl":"https:\/\/apuntesdesanluis.com\/wp-content\/uploads\/2024\/12\/luis-juez.png","articleSection":["Opini\u00f3n"],"inLanguage":"es-AR"},{"@type":"WebPage","@id":"https:\/\/apuntesdesanluis.com\/index.php\/2025\/01\/21\/luis-juez-exigiria-la-presidencia-del-senado-para-pasarse-a-la-libertad-avanza\/","url":"https:\/\/apuntesdesanluis.com\/index.php\/2025\/01\/21\/luis-juez-exigiria-la-presidencia-del-senado-para-pasarse-a-la-libertad-avanza\/","name":"LUIS JUEZ EXIGIR\u00cdA LA PRESIDENCIA DEL SENADO PARA PASARSE A LA LIBERTAD AVANZA - Apuntes de San Luis","isPartOf":{"@id":"https:\/\/apuntesdesanluis.com\/#website"},"primaryImageOfPage":{"@id":"https:\/\/apuntesdesanluis.com\/index.php\/2025\/01\/21\/luis-juez-exigiria-la-presidencia-del-senado-para-pasarse-a-la-libertad-avanza\/#primaryimage"},"image":{"@id":"https:\/\/apuntesdesanluis.com\/index.php\/2025\/01\/21\/luis-juez-exigiria-la-presidencia-del-senado-para-pasarse-a-la-libertad-avanza\/#primaryimage"},"thumbnailUrl":"https:\/\/apuntesdesanluis.com\/wp-content\/uploads\/2024\/12\/luis-juez.png","datePublished":"2025-01-21T04:02:06+00:00","dateModified":"2025-01-21T04:02:12+00:00","breadcrumb":{"@id":"https:\/\/apuntesdesanluis.com\/index.php\/2025\/01\/21\/luis-juez-exigiria-la-presidencia-del-senado-para-pasarse-a-la-libertad-avanza\/#breadcrumb"},"inLanguage":"es-AR","potentialAction":[{"@type":"ReadAction","target":["https:\/\/apuntesdesanluis.com\/index.php\/2025\/01\/21\/luis-juez-exigiria-la-presidencia-del-senado-para-pasarse-a-la-libertad-avanza\/"]}]},{"@type":"ImageObject","inLanguage":"es-AR","@id":"https:\/\/apuntesdesanluis.com\/index.php\/2025\/01\/21\/luis-juez-exigiria-la-presidencia-del-senado-para-pasarse-a-la-libertad-avanza\/#primaryimage","url":"https:\/\/apuntesdesanluis.com\/wp-content\/uploads\/2024\/12\/luis-juez.png","contentUrl":"https:\/\/apuntesdesanluis.com\/wp-content\/uploads\/2024\/12\/luis-juez.png","width":568,"height":472},{"@type":"BreadcrumbList","@id":"https:\/\/apuntesdesanluis.com\/index.php\/2025\/01\/21\/luis-juez-exigiria-la-presidencia-del-senado-para-pasarse-a-la-libertad-avanza\/#breadcrumb","itemListElement":[{"@type":"ListItem","position":1,"name":"Inicio","item":"https:\/\/apuntesdesanluis.com\/"},{"@type":"ListItem","position":2,"name":"LUIS JUEZ EXIGIR\u00cdA LA PRESIDENCIA DEL SENADO PARA PASARSE A LA LIBERTAD AVANZA"}]},{"@type":"WebSite","@id":"https:\/\/apuntesdesanluis.com\/#website","url":"https:\/\/apuntesdesanluis.com\/","name":"Apuntes de San Luis","description":"","publisher":{"@id":"https:\/\/apuntesdesanluis.com\/#\/schema\/person\/b55151d52296fcce64d1a72538a70b90"},"potentialAction":[{"@type":"SearchAction","target":{"@type":"EntryPoint","urlTemplate":"https:\/\/apuntesdesanluis.com\/?s={search_term_string}"},"query-input":{"@type":"PropertyValueSpecification","valueRequired":true,"valueName":"search_term_string"}}],"inLanguage":"es-AR"},{"@type":["Person","Organization"],"@id":"https:\/\/apuntesdesanluis.com\/#\/schema\/person\/b55151d52296fcce64d1a72538a70b90","name":"apuntesdesanluis.com","image":{"@type":"ImageObject","inLanguage":"es-AR","@id":"https:\/\/apuntesdesanluis.com\/#\/schema\/person\/image\/","url":"https:\/\/apuntesdesanluis.com\/wp-content\/uploads\/2023\/07\/cropped-apuntesdesanluis.png","contentUrl":"https:\/\/apuntesdesanluis.com\/wp-content\/uploads\/2023\/07\/cropped-apuntesdesanluis.png","width":450,"height":112,"caption":"apuntesdesanluis.com"},"logo":{"@id":"https:\/\/apuntesdesanluis.com\/#\/schema\/person\/image\/"},"sameAs":["https:\/\/apuntesdesanluis.com"],"url":"https:\/\/apuntesdesanluis.com\/index.php\/author\/apuntesdesanluis-com\/"}]}},"featured_image_urls":{"full":["https:\/\/apuntesdesanluis.com\/wp-content\/uploads\/2024\/12\/luis-juez.png",568,472,false],"thumbnail":["https:\/\/apuntesdesanluis.com\/wp-content\/uploads\/2024\/12\/luis-juez-150x150.png",150,150,true],"medium":["https:\/\/apuntesdesanluis.com\/wp-content\/uploads\/2024\/12\/luis-juez-300x249.png",300,249,true],"medium_large":["https:\/\/apuntesdesanluis.com\/wp-content\/uploads\/2024\/12\/luis-juez.png",568,472,false],"large":["https:\/\/apuntesdesanluis.com\/wp-content\/uploads\/2024\/12\/luis-juez.png",568,472,false],"1536x1536":["https:\/\/apuntesdesanluis.com\/wp-content\/uploads\/2024\/12\/luis-juez.png",568,472,false],"2048x2048":["https:\/\/apuntesdesanluis.com\/wp-content\/uploads\/2024\/12\/luis-juez.png",568,472,false],"newsever-slider-full":["https:\/\/apuntesdesanluis.com\/wp-content\/uploads\/2024\/12\/luis-juez.png",568,472,false],"newsever-featured":["https:\/\/apuntesdesanluis.com\/wp-content\/uploads\/2024\/12\/luis-juez.png",568,472,false],"newsever-medium":["https:\/\/apuntesdesanluis.com\/wp-content\/uploads\/2024\/12\/luis-juez.png",568,472,false]},"author_info":{"display_name":"apuntesdesanluis.com","author_link":"https:\/\/apuntesdesanluis.com\/index.php\/author\/apuntesdesanluis-com\/"},"category_info":"<a href=\"https:\/\/apuntesdesanluis.com\/index.php\/category\/opinion\/\" rel=\"category tag\">Opini\u00f3n<\/a>","tag_info":"Opini\u00f3n","comment_count":"0","_links":{"self":[{"href":"https:\/\/apuntesdesanluis.com\/index.php\/wp-json\/wp\/v2\/posts\/28022","targetHints":{"allow":["GET"]}}],"collection":[{"href":"https:\/\/apuntesdesanluis.com\/index.php\/wp-json\/wp\/v2\/posts"}],"about":[{"href":"https:\/\/apuntesdesanluis.com\/index.php\/wp-json\/wp\/v2\/types\/post"}],"author":[{"embeddable":true,"href":"https:\/\/apuntesdesanluis.com\/index.php\/wp-json\/wp\/v2\/users\/1"}],"replies":[{"embeddable":true,"href":"https:\/\/apuntesdesanluis.com\/index.php\/wp-json\/wp\/v2\/comments?post=28022"}],"version-history":[{"count":1,"href":"https:\/\/apuntesdesanluis.com\/index.php\/wp-json\/wp\/v2\/posts\/28022\/revisions"}],"predecessor-version":[{"id":28023,"href":"https:\/\/apuntesdesanluis.com\/index.php\/wp-json\/wp\/v2\/posts\/28022\/revisions\/28023"}],"wp:featuredmedia":[{"embeddable":true,"href":"https:\/\/apuntesdesanluis.com\/index.php\/wp-json\/wp\/v2\/media\/26752"}],"wp:attachment":[{"href":"https:\/\/apuntesdesanluis.com\/index.php\/wp-json\/wp\/v2\/media?parent=28022"}],"wp:term":[{"taxonomy":"category","embeddable":true,"href":"https:\/\/apuntesdesanluis.com\/index.php\/wp-json\/wp\/v2\/categories?post=28022"},{"taxonomy":"post_tag","embeddable":true,"href":"https:\/\/apuntesdesanluis.com\/index.php\/wp-json\/wp\/v2\/tags?post=28022"}],"curies":[{"name":"wp","href":"https:\/\/api.w.org\/{rel}","templated":true}]}}