{"id":28024,"date":"2025-01-21T21:15:09","date_gmt":"2025-01-22T00:15:09","guid":{"rendered":"https:\/\/apuntesdesanluis.com\/?p=28024"},"modified":"2025-01-21T21:59:36","modified_gmt":"2025-01-22T00:59:36","slug":"informe-especial-san-luis-la-segunda-provincia-con-mayor-cantidad-de-suicidios-del-pais","status":"publish","type":"post","link":"https:\/\/apuntesdesanluis.com\/index.php\/2025\/01\/21\/informe-especial-san-luis-la-segunda-provincia-con-mayor-cantidad-de-suicidios-del-pais\/","title":{"rendered":"INFORME ESPECIAL: SAN LUIS, LA SEGUNDA PROVINCIA CON MAYOR CANTIDAD DE SUICIDIOS DEL PA\u00cdS"},"content":{"rendered":"<h3>Por <strong>Eduardo Gargiulo<\/strong><\/h3>\n<h3>Recientemente en nuestra provincia se produjo una gran pol\u00e9mica, a partir de conocerse el suicidio de un joven de 16 a\u00f1os, dominado por las adicciones. Desde la Justicia se descarg\u00f3 responsabilidad en el gobierno, el que luego devolvi\u00f3 acusaciones al Poder Judicial.<\/h3>\n<h3>Como es un tema del que poco se habla, y que period\u00edstica y policialmente casi nunca se informa, resulta inc\u00f3modo y para algunos pol\u00edticamente incorrecto abordarlo. Por aquello de que \u201cmencionar el tema induce a concretarlo\u201d. Sin embargo, ya no es una cuesti\u00f3n menor, incluso a nivel nacional, por lo que negarlo u omitirlo pasa a ser un acto de irresponsabilidad m\u00e1s que de prudencia o discreci\u00f3n.<\/h3>\n<h3>La gravedad del tema est\u00e1 dado por un dato contundente: no solo han aumentado los casos, sino que adem\u00e1s <strong>el suicidio ha pasado a ser la principal causa de muerte en nuestro pa\u00eds, por encima de los accidentes viales<\/strong>.<\/h3>\n<h3>A fines del a\u00f1o pasado, el <strong>Ministerio de Seguridad<\/strong> de la naci\u00f3n public\u00f3 las \u00faltimas estad\u00edsticas criminales y, entre ellas, la cantidad de suicidios registrados en el pa\u00eds. Pero la informaci\u00f3n mereci\u00f3 escasa difusi\u00f3n.<\/h3>\n<h3><strong>\u201cSistema de Alerta Temprana. Sistema Nacional de Informaci\u00f3n Criminal. Suicidios. A\u00f1os 2017-2023\u201d<\/strong>, se titula este completo informe de Diciembre 2024, seg\u00fan el cual en <strong>2023 hubo 6% m\u00e1s suicidios que en 2022<\/strong>, cuando ya hab\u00edan subido 7,4% respecto del anterior.<\/h3>\n<h3>Seg\u00fan esos datos oficiales, en <strong>2023 <\/strong>y por primera vez, el <strong>suicidio fue la principal causa de muerte en nuestro pa\u00eds<\/strong> (4.197), superando a los decesos por <strong>siniestros viales<\/strong> (3.955), los <strong>homicidios dolosos<\/strong> (2.046) y los <strong>homicidios culposos por otras causas<\/strong> (821).<\/h3>\n<h3><img fetchpriority=\"high\" decoding=\"async\" class=\"wp-image-28025 aligncenter\" src=\"https:\/\/apuntesdesanluis.com\/wp-content\/uploads\/2025\/01\/cuadro-estad.-nacional-231x300.png\" alt=\"\" width=\"790\" height=\"1026\" srcset=\"https:\/\/apuntesdesanluis.com\/wp-content\/uploads\/2025\/01\/cuadro-estad.-nacional-231x300.png 231w, https:\/\/apuntesdesanluis.com\/wp-content\/uploads\/2025\/01\/cuadro-estad.-nacional.png 621w\" sizes=\"(max-width: 790px) 100vw, 790px\" \/><\/h3>\n<h3><\/h3>\n<h3><strong>SITUACI\u00d3N EN SAN LUIS<\/strong><\/h3>\n<h3>En 2022, la <strong>Direcci\u00f3n de Estad\u00edsticas y Censos<\/strong> de la provincia public\u00f3 un informe que abarca los a\u00f1os 2017 hasta 2022, per\u00edodo en el que se registraron un total de 348 suicidios, de los cuales 55 fueron el \u00faltimo a\u00f1o.<\/h3>\n<h3><img decoding=\"async\" class=\"wp-image-28026 aligncenter\" src=\"https:\/\/apuntesdesanluis.com\/wp-content\/uploads\/2025\/01\/caSOS-DE-SUICIDIOS-EN-SAN-LUIS-HASTA-2022-300x137.png\" alt=\"\" width=\"812\" height=\"371\" srcset=\"https:\/\/apuntesdesanluis.com\/wp-content\/uploads\/2025\/01\/caSOS-DE-SUICIDIOS-EN-SAN-LUIS-HASTA-2022-300x137.png 300w, https:\/\/apuntesdesanluis.com\/wp-content\/uploads\/2025\/01\/caSOS-DE-SUICIDIOS-EN-SAN-LUIS-HASTA-2022-768x350.png 768w, https:\/\/apuntesdesanluis.com\/wp-content\/uploads\/2025\/01\/caSOS-DE-SUICIDIOS-EN-SAN-LUIS-HASTA-2022.png 1016w\" sizes=\"(max-width: 812px) 100vw, 812px\" \/><\/h3>\n<h3>Sin embargo, la recurrencia de este modo de morir aument\u00f3 en San Luis m\u00e1s de un 40% un a\u00f1o despu\u00e9s. Seg\u00fan el informe nacional, en 2023 la provincia con m\u00e1s suicidios del pa\u00eds -ajustada por poblaci\u00f3n- fue <strong>Entre R\u00edos <\/strong>(247), con una tasa de <strong>18,8<\/strong>. Y en segundo lugar aparece <strong>San Luis<\/strong> (79), con una tasa de <strong>16,3<\/strong>. Muy por encima de la <strong>tasa nacional<\/strong>, que fue <strong>9,8<\/strong>.<\/h3>\n<p><img decoding=\"async\" class=\"wp-image-28027 aligncenter\" src=\"https:\/\/apuntesdesanluis.com\/wp-content\/uploads\/2025\/01\/mapa-1-300x258.png\" alt=\"\" width=\"754\" height=\"649\" srcset=\"https:\/\/apuntesdesanluis.com\/wp-content\/uploads\/2025\/01\/mapa-1-300x258.png 300w, https:\/\/apuntesdesanluis.com\/wp-content\/uploads\/2025\/01\/mapa-1.png 669w\" sizes=\"(max-width: 754px) 100vw, 754px\" \/><\/p>\n<h3><img loading=\"lazy\" decoding=\"async\" class=\"wp-image-28028 aligncenter\" src=\"https:\/\/apuntesdesanluis.com\/wp-content\/uploads\/2025\/01\/suicidios-por-jurisdiccion-220x300.png\" alt=\"\" width=\"694\" height=\"946\" srcset=\"https:\/\/apuntesdesanluis.com\/wp-content\/uploads\/2025\/01\/suicidios-por-jurisdiccion-220x300.png 220w, https:\/\/apuntesdesanluis.com\/wp-content\/uploads\/2025\/01\/suicidios-por-jurisdiccion.png 555w\" sizes=\"(max-width: 694px) 100vw, 694px\" \/><\/h3>\n<h3><strong>Apuntes de San Luis<\/strong>, a pesar del hermetismo en torno al tema, pudo obtener un dato parcial de 2024, que acrecienta la preocupaci\u00f3n por el aumento de suicidios. Se refiere espec\u00edficamente a la <strong>segunda circunscripci\u00f3n<\/strong>, que abarca los Departamentos Pedernera y Vicente Dupuy.<\/h3>\n<h3><strong>Sobre un total de 75 v\u00edctimas registradas en 2024, ocurridas de manera violenta, 27 fueron producto de suicidios<\/strong>, de los cuales 24 fueron hombres y 3 mujeres. Registro que super\u00f3 las muertes por accidentes de tr\u00e1nsito en ruta (2), accidentes en Villa Mercedes (14), o por arma blanca o armas de fuego, entre otras causas. Es decir que coincide con el dato nacional, que marca que los decesos por suicidio superaron a los fallecimientos por siniestros viales.<\/h3>\n<h3>Una fuente que exigi\u00f3 reserva de identidad, asegur\u00f3 que \u201cen San Luis se registran a\u00fan m\u00e1s suicidios que en Villa Mercedes. Por caso, el 31 de diciembre hubo dos, pero no se dio informaci\u00f3n\u201d.<\/h3>\n<h3>Esta informaci\u00f3n coincide con el informe de la Direcci\u00f3n de Estad\u00edsticas y Censos de nuestra provincia, discriminada por departamentos.<\/h3>\n<p><img loading=\"lazy\" decoding=\"async\" class=\"wp-image-28029 aligncenter\" src=\"https:\/\/apuntesdesanluis.com\/wp-content\/uploads\/2025\/01\/suicidios-por-departamento-en-san-luis-300x136.png\" alt=\"\" width=\"752\" height=\"341\" srcset=\"https:\/\/apuntesdesanluis.com\/wp-content\/uploads\/2025\/01\/suicidios-por-departamento-en-san-luis-300x136.png 300w, https:\/\/apuntesdesanluis.com\/wp-content\/uploads\/2025\/01\/suicidios-por-departamento-en-san-luis-768x347.png 768w, https:\/\/apuntesdesanluis.com\/wp-content\/uploads\/2025\/01\/suicidios-por-departamento-en-san-luis.png 931w\" sizes=\"(max-width: 752px) 100vw, 752px\" \/><\/p>\n<h3>Pero las cifras no resultan del todo cre\u00edbles, del citado trabajo, cuando se mencionan las localidades donde se registraron mayor cantidad de suicidios, en la que aparecen primero <strong>Zanjitas<\/strong>, una peque\u00f1a localidad del departamento Juan Mart\u00edn de Pueyrred\u00f3n de menos de 300 habitantes, y luego <strong>Villa Mercedes<\/strong>.<\/h3>\n<p><img loading=\"lazy\" decoding=\"async\" class=\"wp-image-28030 aligncenter\" src=\"https:\/\/apuntesdesanluis.com\/wp-content\/uploads\/2025\/01\/casos-por-localidad-300x159.png\" alt=\"\" width=\"794\" height=\"421\" srcset=\"https:\/\/apuntesdesanluis.com\/wp-content\/uploads\/2025\/01\/casos-por-localidad-300x159.png 300w, https:\/\/apuntesdesanluis.com\/wp-content\/uploads\/2025\/01\/casos-por-localidad-1024x543.png 1024w, https:\/\/apuntesdesanluis.com\/wp-content\/uploads\/2025\/01\/casos-por-localidad-768x408.png 768w, https:\/\/apuntesdesanluis.com\/wp-content\/uploads\/2025\/01\/casos-por-localidad.png 1042w\" sizes=\"(max-width: 794px) 100vw, 794px\" \/><\/p>\n<h3>Con respecto a la estructura asistencial y de contenci\u00f3n para atender los problemas de salud mental, como la depresi\u00f3n, se\u00f1alada como la causa principal del suicidio, la fuente consultada indic\u00f3 que es escasa en la segunda circunscripci\u00f3n. \u201cPara que te des una idea, en el sistema p\u00fablico de la ciudad Capital existen cerca de doce (12) psiquiatras, en tanto que en el Hospital Juan Domingo Per\u00f3n apenas dos (2)\u201d.<\/h3>\n<h3>A\u00f1adi\u00f3 adem\u00e1s que si bien existe una planilla en la que los m\u00e9dicos deben apuntar la causa de muerte, muchos no lo hacen o la llenan mal.<\/h3>\n<h3>\u201cPrefieren poner como causa de muerte el paro cardiorrespiratorio, que es lo m\u00e1s simple para evitar la burocracia o el papeler\u00edo judicial. Pero nosotros vemos muchas veces que el cad\u00e1ver presenta en el cuello claros signos de ahorcamiento. Y s\u00ed, dej\u00f3 de respirar y le dio un infarto, pero no fue natural. Por eso la estad\u00edstica tampoco puede tomarse como muy cierta\u201d, apunt\u00f3.<\/h3>\n<h3><strong>CARACTERIZACI\u00d3N DE LOS SUICIDIOS <\/strong><\/h3>\n<h3>En el informe nacional, entre otras variables recabadas se analizan los distintos tipos de lugar en los que se llev\u00f3 a cabo el suicidio y qu\u00e9 tipo de mecanismo o arma fue utilizada.<\/h3>\n<h3>Respecto al lugar del hecho, la categor\u00eda de mayor importancia fue <strong>Domicilio particular<\/strong> en todo el periodo analizado, mientras que la categor\u00eda <strong>V\u00eda p\u00fablica<\/strong> ocup\u00f3 el segundo lugar. Se observa un incremento en la categor\u00eda \u201cSin determinar\u201d para los \u00faltimos a\u00f1os.<\/h3>\n<h3>En particular, durante 2023 el lugar de ocurrencia predominante fue el domicilio particular (66,3% de los casos). La v\u00eda p\u00fablica ocupa el segundo lugar (11,2%). En conjunto, ambas categor\u00edas acumulan el 77,6% del total.<\/h3>\n<h3><img loading=\"lazy\" decoding=\"async\" class=\"wp-image-28031 aligncenter\" src=\"https:\/\/apuntesdesanluis.com\/wp-content\/uploads\/2025\/01\/lugar-del-suicidio-300x208.png\" alt=\"\" width=\"726\" height=\"503\" srcset=\"https:\/\/apuntesdesanluis.com\/wp-content\/uploads\/2025\/01\/lugar-del-suicidio-300x208.png 300w, https:\/\/apuntesdesanluis.com\/wp-content\/uploads\/2025\/01\/lugar-del-suicidio.png 609w\" sizes=\"(max-width: 726px) 100vw, 726px\" \/><\/h3>\n<h3>En todo el per\u00edodo analizado, la modalidad empleada con mayor frecuencia fue el <strong>ahorcamiento<\/strong>, <strong>66,5%<\/strong> de los suicidios en los \u00faltimos 7 a\u00f1os. En segundo lugar, se encuentran los hechos producidos con <strong>armas de fuego<\/strong> (15,1%).<\/h3>\n<h3><img loading=\"lazy\" decoding=\"async\" class=\"wp-image-28033 aligncenter\" src=\"https:\/\/apuntesdesanluis.com\/wp-content\/uploads\/2025\/01\/mecanismo-de-suicidio-300x207.png\" alt=\"\" width=\"737\" height=\"509\" srcset=\"https:\/\/apuntesdesanluis.com\/wp-content\/uploads\/2025\/01\/mecanismo-de-suicidio-300x207.png 300w, https:\/\/apuntesdesanluis.com\/wp-content\/uploads\/2025\/01\/mecanismo-de-suicidio.png 606w\" sizes=\"(max-width: 737px) 100vw, 737px\" \/><\/h3>\n<h3>Esta informaci\u00f3n coincide con lo se\u00f1alado para nuestra provincia, a partir del informe difundido por la <strong>Direcci\u00f3n de Estad\u00edstica y Censo<\/strong>, que abarca hasta 2022. El ahorcamiento y la muerte por disparo de arma de fuego aparecen como las v\u00edas m\u00e1s elegidas para quitarse la vida.<\/h3>\n<h3><strong> <img loading=\"lazy\" decoding=\"async\" class=\"wp-image-28034 aligncenter\" src=\"https:\/\/apuntesdesanluis.com\/wp-content\/uploads\/2025\/01\/causas-en-san-luis-300x144.png\" alt=\"\" width=\"738\" height=\"354\" srcset=\"https:\/\/apuntesdesanluis.com\/wp-content\/uploads\/2025\/01\/causas-en-san-luis-300x144.png 300w, https:\/\/apuntesdesanluis.com\/wp-content\/uploads\/2025\/01\/causas-en-san-luis-1024x490.png 1024w, https:\/\/apuntesdesanluis.com\/wp-content\/uploads\/2025\/01\/causas-en-san-luis-768x368.png 768w, https:\/\/apuntesdesanluis.com\/wp-content\/uploads\/2025\/01\/causas-en-san-luis.png 1099w\" sizes=\"(max-width: 738px) 100vw, 738px\" \/><\/strong><\/h3>\n<h3><strong>CARACTERIZACI\u00d3N DE LAS V\u00cdCTIMAS DE SUICIDIOS\u00a0 <\/strong><\/h3>\n<h3>Otros datos del informe nacional. Si se analiza la cantidad de v\u00edctimas seg\u00fan el sexo registrado, es posible \u00a0determinar que en los \u00faltimos siete a\u00f1os el <strong>78,7% de los suicidas fueron de sexo masculino<\/strong>. Cabe destacar que la participaci\u00f3n de sexo femenino y masculino se mantuvo relativamente estable durante el per\u00edodo analizado.<\/h3>\n<p><img loading=\"lazy\" decoding=\"async\" class=\"wp-image-28035 aligncenter\" src=\"https:\/\/apuntesdesanluis.com\/wp-content\/uploads\/2025\/01\/genero-del-suicidio-300x175.png\" alt=\"\" width=\"734\" height=\"428\" srcset=\"https:\/\/apuntesdesanluis.com\/wp-content\/uploads\/2025\/01\/genero-del-suicidio-300x175.png 300w, https:\/\/apuntesdesanluis.com\/wp-content\/uploads\/2025\/01\/genero-del-suicidio.png 689w\" sizes=\"(max-width: 734px) 100vw, 734px\" \/><\/p>\n<h3>En tanto que en San Luis, seg\u00fan los datos de 2022, el 85% de los suicidios fueron obra de varones.<\/h3>\n<h3>En lo que respecta a las edades de las v\u00edctimas, es posible observar que, para el per\u00edodo analizado, las franjas etarias con mayor frecuencia fueron de <strong>20 a 24<\/strong> a\u00f1os, de <strong>25 a 29<\/strong> a\u00f1os y de <strong>30 a 34<\/strong> a\u00f1os. Resulta llamativo y preocupante que en 2023, el <strong>38,6% de los suicidios se presentaron en la franja etaria de entre 20 y 34 a\u00f1os<\/strong>, registrando asimismo la mayor tasa.<\/h3>\n<p><img loading=\"lazy\" decoding=\"async\" class=\"wp-image-28036 aligncenter\" src=\"https:\/\/apuntesdesanluis.com\/wp-content\/uploads\/2025\/01\/edades-de-mayor-siucidio-300x281.png\" alt=\"\" width=\"733\" height=\"687\" srcset=\"https:\/\/apuntesdesanluis.com\/wp-content\/uploads\/2025\/01\/edades-de-mayor-siucidio-300x281.png 300w, https:\/\/apuntesdesanluis.com\/wp-content\/uploads\/2025\/01\/edades-de-mayor-siucidio.png 589w\" sizes=\"(max-width: 733px) 100vw, 733px\" \/><\/p>\n<h3>En nuestra provincia tambi\u00e9n se verifica la misma estad\u00edstica, en cuanto a las edades.<\/h3>\n<h3><strong>CONCLUSI\u00d3N<\/strong><\/h3>\n<h3>El aumento registrado en el n\u00famero de casos de suicidios constituye una luz de alarma para el sistema p\u00fablico de salud de San Luis. Se desconoce si se est\u00e1n trabajando estrategias para abordar esta problem\u00e1tica o campa\u00f1as de prevenci\u00f3n.<\/h3>\n<h3>Queda claro que en nuestra provincia, por m\u00e1s que la polic\u00eda no informe la causa de muerte cuando se trata de un suicidio, y los medios tampoco, el problema es real y va en aumento.<\/h3>\n<p><img loading=\"lazy\" decoding=\"async\" class=\"wp-image-28038 aligncenter\" src=\"https:\/\/apuntesdesanluis.com\/wp-content\/uploads\/2025\/01\/hablar-300x235.png\" alt=\"\" width=\"851\" height=\"666\" srcset=\"https:\/\/apuntesdesanluis.com\/wp-content\/uploads\/2025\/01\/hablar-300x235.png 300w, https:\/\/apuntesdesanluis.com\/wp-content\/uploads\/2025\/01\/hablar.png 677w\" sizes=\"(max-width: 851px) 100vw, 851px\" \/><\/p>\n<h3>Como sociedad, es hora que asumamos la existencia de este drama. No para generar p\u00e1nico, sino para abordar con profundidad y madurez esta compleja problem\u00e1tica, tratar de descubrir las razones por la que qu\u00e9 cada vez m\u00e1s personas j\u00f3venes eligen quitarse la vida antes de vivirla en plenitud. Ver en qu\u00e9 estamos fallando. Involucrar a todos los sectores de la sociedad civil.<\/h3>\n<h3>S\u00f3lo as\u00ed ser\u00e1 posible elaborar estrategias y redes de ayuda efectivas que permitan reducir la incidencia del suicidio en nuestra provincia.<\/h3>\n<h3 style=\"text-align: center;\">&#8230;&#8230;&#8230;&#8230;&#8230;&#8230;&#8230;&#8230;&#8230;&#8230;&#8230;&#8230;.<\/h3>\n<h3 style=\"text-align: center;\"><span style=\"color: #3366ff;\"><strong>CONSEJOS PARA PREVENIR EL SUICIDIO<\/strong><\/span><\/h3>\n<h3>La representaci\u00f3n m\u00e1s extendida sobre el suicidio est\u00e1 asociada a la imagen de un acto individual con un prop\u00f3sito claro. Sin embargo, cada vez m\u00e1s, este evento de la vida humana es considerado en toda su complejidad, teniendo un alcance colectivo, como problema sanitario y social. El suicidio es un tema de salud que requiere un abordaje comunitario y responsable.<\/h3>\n<h3>Es importante saber que:<\/h3>\n<ul>\n<li>\n<h3>La persona que se suicida no desea morir. La persona que tiene ideas suicidas est\u00e1 transitando una situaci\u00f3n de ambivalencia en su vida, es decir, desear\u00eda morir si su vida contin\u00faa de la misma manera.<\/h3>\n<\/li>\n<li>\n<h3>Se cree que el que dice o amenaza con quitarse la vida, no lo hace. Sin embargo, la mayor\u00eda de las personas que se suicidan, hicieron saber el prop\u00f3sito de acabar con su vida. Toda persona antes de cometer un intento de suicidio evidencia una serie de se\u00f1ales que de ser detectada a tiempo puede ayudar a evitarlo.<\/h3>\n<\/li>\n<li>\n<h3>El suicidio o intento de suicidio puede ocurrir durante un proceso depresivo o no. Los comportamientos suicidas se han asociado con depresi\u00f3n, abuso de sustancias, esquizofrenia y otros padecimientos mentales, adem\u00e1s de comportamientos destructivos y agresivos. Sin embargo, esta asociaci\u00f3n no se debe sobrestimar. No hay una relaci\u00f3n directa entre el sufrimiento que padece quien desea terminar con su vida y los padecimientos o enfermedades mentales.<\/h3>\n<\/li>\n<li>\n<h3>Hablar con una persona sobre sus intenciones de matarse no incrementa la posibilidad de cometer suicidio. Dialogar sobre el tema reduce la posibilidad de cometerlo y puede ser una oportunidad para ayudar a quien est\u00e1 padeciendo.<\/h3>\n<\/li>\n<li>\n<h3>No debe asociarse el suicidio y el intento de suicidio con acciones de cobard\u00eda o valent\u00eda, tampoco con hechos rom\u00e1nticos o heroicos. La acostumbrada asociaci\u00f3n que se realiza desde los medios de comunicaci\u00f3n del suicidio con hechos delictivos al anunciarlos en las secciones policiales debe ser cuestionada.<\/h3>\n<\/li>\n<li>\n<h3>La tendencia al suicidio no es hereditaria. Lo que s\u00ed puede trasmitirse por medio de la educaci\u00f3n es la visi\u00f3n sobre el suicidio como una forma de soluci\u00f3n a los problemas.<\/h3>\n<\/li>\n<\/ul>\n<h3><strong>\u00bfC\u00f3mo prevenirlo? <\/strong><\/h3>\n<ul>\n<li>\n<h3>Reconociendo los signos de alerta: aislamiento; persistencia de ideas negativas; dificultad para comer, dormir y trabajar; desesperanza; llanto inconsolable; repentino cambio de conducta.<\/h3>\n<\/li>\n<li>\n<h3>Mostrando inter\u00e9s y apoyo.<\/h3>\n<\/li>\n<li>\n<h3>Respetando las diferentes expresiones de sentimientos.<\/h3>\n<\/li>\n<li>\n<h3>Eliminando prejuicios. El suicidio no es ni bueno ni malo, tampoco un hecho delictivo, es una situaci\u00f3n de sufrimiento.<\/h3>\n<\/li>\n<li>\n<h3>Desde casa, desde la escuela, desde cada espacio, motivando a las personas:<\/h3>\n<\/li>\n<li>\n<h3>Para que hablen sobre c\u00f3mo se sienten.<\/h3>\n<\/li>\n<li>\n<h3>Para que tengan amistades saludables.<\/h3>\n<\/li>\n<li>\n<h3>Para que tomen decisiones de manera aut\u00f3noma.<\/h3>\n<\/li>\n<li>\n<h3>Para que aprendan a manejar situaciones de estr\u00e9s y dificultad.<\/h3>\n<\/li>\n<li>\n<h3>Para que aprendan a perseverar cuando la ocasi\u00f3n lo requiera y a renunciar cuando sea necesario.<\/h3>\n<\/li>\n<li>\n<h3>Para que tengan buena autoestima.<\/h3>\n<\/li>\n<li>\n<h3>Para que desarrollen habilidades e inteligencia emocional para resolver.<\/h3>\n<\/li>\n<\/ul>\n<h3><strong>El desarrollo de habilidades sociales previene el suicidio. <\/strong><\/h3>\n<h3>Debemos tener en cuenta que:<\/h3>\n<ul>\n<li>\n<h3>Estar atentos es la forma de acompa\u00f1ar. El di\u00e1logo no es un interrogatorio, sino compartir un momento.<\/h3>\n<\/li>\n<li>\n<h3>Si la persona no accede a realizar un tratamiento no hay que obligarla. Seguir acompa\u00f1ando y dialogando, mientras uno mismo realiza una consulta con un profesional.<\/h3>\n<\/li>\n<\/ul>\n<h3><strong>Si est\u00e1s preocupado por alguien o necesitas acompa\u00f1amiento, no est\u00e1s solo. Podes pedir ayuda: a amigos, familia, en centros de salud, en un hospital, en la escuela, en el club de tu barrio, en una instituci\u00f3n religiosa.<\/strong><\/h3>\n<h3><strong>\u00a0<\/strong><\/h3>\n<h3><span style=\"color: #3366ff;\"><strong>FUENTES: <\/strong><\/span><\/h3>\n<ul>\n<li>\n<h3><strong>Propias<\/strong><\/h3>\n<\/li>\n<li>\n<h3><strong>Informe <a href=\"https:\/\/apuntesdesanluis.com\/wp-content\/uploads\/2025\/01\/Informe_Suicidios_2023.pdf\" target=\"_blank\" rel=\"noopener\">Ministerio de Seguridad de la Naci\u00f3n<\/a><\/strong><\/h3>\n<\/li>\n<li>\n<h3><strong>Informe <a href=\"https:\/\/estadistica.sanluis.gov.ar\/wp-content\/uploads\/Casos-de-suicidios-consumados-periodo-2017-2022.pdf\" target=\"_blank\" rel=\"noopener\">Direcci\u00f3n de Estad\u00edstica y Censo de San Luis<\/a><\/strong><\/h3>\n<\/li>\n<\/ul>\n<p>&nbsp;<\/p>\n<p><img loading=\"lazy\" decoding=\"async\" class=\"wp-image-28049 aligncenter\" src=\"https:\/\/apuntesdesanluis.com\/wp-content\/uploads\/2025\/01\/prevencion-300x300.png\" alt=\"\" width=\"489\" height=\"489\" srcset=\"https:\/\/apuntesdesanluis.com\/wp-content\/uploads\/2025\/01\/prevencion-300x300.png 300w, https:\/\/apuntesdesanluis.com\/wp-content\/uploads\/2025\/01\/prevencion-150x150.png 150w\" sizes=\"(max-width: 489px) 100vw, 489px\" \/><\/p>\n<p><strong>\u00a0<\/strong><\/p>\n<p>&nbsp;<\/p>\n","protected":false},"excerpt":{"rendered":"<p>Por Eduardo Gargiulo Recientemente en nuestra provincia se produjo una gran pol\u00e9mica, a partir de&#8230;<\/p>\n","protected":false},"author":1,"featured_media":28037,"comment_status":"closed","ping_status":"closed","sticky":false,"template":"","format":"standard","meta":{"footnotes":""},"categories":[9],"tags":[],"class_list":["post-28024","post","type-post","status-publish","format-standard","has-post-thumbnail","hentry","category-opinion"],"yoast_head":"<!-- This site is optimized with the Yoast SEO plugin v26.1.1 - https:\/\/yoast.com\/wordpress\/plugins\/seo\/ -->\n<title>INFORME ESPECIAL: SAN LUIS, LA SEGUNDA PROVINCIA CON MAYOR CANTIDAD DE SUICIDIOS DEL PA\u00cdS - Apuntes de San Luis<\/title>\n<meta name=\"robots\" content=\"index, follow, max-snippet:-1, max-image-preview:large, max-video-preview:-1\" \/>\n<link rel=\"canonical\" href=\"https:\/\/apuntesdesanluis.com\/index.php\/2025\/01\/21\/informe-especial-san-luis-la-segunda-provincia-con-mayor-cantidad-de-suicidios-del-pais\/\" \/>\n<meta property=\"og:locale\" content=\"es_ES\" \/>\n<meta property=\"og:type\" content=\"article\" \/>\n<meta property=\"og:title\" content=\"INFORME ESPECIAL: SAN LUIS, LA SEGUNDA PROVINCIA CON MAYOR CANTIDAD DE SUICIDIOS DEL PA\u00cdS - Apuntes de San Luis\" \/>\n<meta property=\"og:description\" content=\"Por Eduardo Gargiulo Recientemente en nuestra provincia se produjo una gran pol\u00e9mica, a partir de...\" \/>\n<meta property=\"og:url\" content=\"https:\/\/apuntesdesanluis.com\/index.php\/2025\/01\/21\/informe-especial-san-luis-la-segunda-provincia-con-mayor-cantidad-de-suicidios-del-pais\/\" \/>\n<meta property=\"og:site_name\" content=\"Apuntes de San Luis\" \/>\n<meta property=\"article:published_time\" content=\"2025-01-22T00:15:09+00:00\" \/>\n<meta property=\"article:modified_time\" content=\"2025-01-22T00:59:36+00:00\" \/>\n<meta property=\"og:image\" content=\"https:\/\/apuntesdesanluis.com\/wp-content\/uploads\/2025\/01\/suicidio-portada.png\" \/>\n\t<meta property=\"og:image:width\" content=\"571\" \/>\n\t<meta property=\"og:image:height\" content=\"382\" \/>\n\t<meta property=\"og:image:type\" content=\"image\/png\" \/>\n<meta name=\"author\" content=\"apuntesdesanluis.com\" \/>\n<meta name=\"twitter:card\" content=\"summary_large_image\" \/>\n<meta name=\"twitter:label1\" content=\"Escrito por\" \/>\n\t<meta name=\"twitter:data1\" content=\"apuntesdesanluis.com\" \/>\n\t<meta name=\"twitter:label2\" content=\"Tiempo de lectura\" \/>\n\t<meta name=\"twitter:data2\" content=\"12 minutos\" \/>\n<script type=\"application\/ld+json\" class=\"yoast-schema-graph\">{\"@context\":\"https:\/\/schema.org\",\"@graph\":[{\"@type\":\"Article\",\"@id\":\"https:\/\/apuntesdesanluis.com\/index.php\/2025\/01\/21\/informe-especial-san-luis-la-segunda-provincia-con-mayor-cantidad-de-suicidios-del-pais\/#article\",\"isPartOf\":{\"@id\":\"https:\/\/apuntesdesanluis.com\/index.php\/2025\/01\/21\/informe-especial-san-luis-la-segunda-provincia-con-mayor-cantidad-de-suicidios-del-pais\/\"},\"author\":{\"name\":\"apuntesdesanluis.com\",\"@id\":\"https:\/\/apuntesdesanluis.com\/#\/schema\/person\/b55151d52296fcce64d1a72538a70b90\"},\"headline\":\"INFORME ESPECIAL: SAN LUIS, LA SEGUNDA PROVINCIA CON MAYOR CANTIDAD DE SUICIDIOS DEL PA\u00cdS\",\"datePublished\":\"2025-01-22T00:15:09+00:00\",\"dateModified\":\"2025-01-22T00:59:36+00:00\",\"mainEntityOfPage\":{\"@id\":\"https:\/\/apuntesdesanluis.com\/index.php\/2025\/01\/21\/informe-especial-san-luis-la-segunda-provincia-con-mayor-cantidad-de-suicidios-del-pais\/\"},\"wordCount\":1963,\"publisher\":{\"@id\":\"https:\/\/apuntesdesanluis.com\/#\/schema\/person\/b55151d52296fcce64d1a72538a70b90\"},\"image\":{\"@id\":\"https:\/\/apuntesdesanluis.com\/index.php\/2025\/01\/21\/informe-especial-san-luis-la-segunda-provincia-con-mayor-cantidad-de-suicidios-del-pais\/#primaryimage\"},\"thumbnailUrl\":\"https:\/\/apuntesdesanluis.com\/wp-content\/uploads\/2025\/01\/suicidio-portada.png\",\"articleSection\":[\"Opini\u00f3n\"],\"inLanguage\":\"es-AR\"},{\"@type\":\"WebPage\",\"@id\":\"https:\/\/apuntesdesanluis.com\/index.php\/2025\/01\/21\/informe-especial-san-luis-la-segunda-provincia-con-mayor-cantidad-de-suicidios-del-pais\/\",\"url\":\"https:\/\/apuntesdesanluis.com\/index.php\/2025\/01\/21\/informe-especial-san-luis-la-segunda-provincia-con-mayor-cantidad-de-suicidios-del-pais\/\",\"name\":\"INFORME ESPECIAL: SAN LUIS, LA SEGUNDA PROVINCIA CON MAYOR CANTIDAD DE SUICIDIOS DEL PA\u00cdS - Apuntes de San Luis\",\"isPartOf\":{\"@id\":\"https:\/\/apuntesdesanluis.com\/#website\"},\"primaryImageOfPage\":{\"@id\":\"https:\/\/apuntesdesanluis.com\/index.php\/2025\/01\/21\/informe-especial-san-luis-la-segunda-provincia-con-mayor-cantidad-de-suicidios-del-pais\/#primaryimage\"},\"image\":{\"@id\":\"https:\/\/apuntesdesanluis.com\/index.php\/2025\/01\/21\/informe-especial-san-luis-la-segunda-provincia-con-mayor-cantidad-de-suicidios-del-pais\/#primaryimage\"},\"thumbnailUrl\":\"https:\/\/apuntesdesanluis.com\/wp-content\/uploads\/2025\/01\/suicidio-portada.png\",\"datePublished\":\"2025-01-22T00:15:09+00:00\",\"dateModified\":\"2025-01-22T00:59:36+00:00\",\"breadcrumb\":{\"@id\":\"https:\/\/apuntesdesanluis.com\/index.php\/2025\/01\/21\/informe-especial-san-luis-la-segunda-provincia-con-mayor-cantidad-de-suicidios-del-pais\/#breadcrumb\"},\"inLanguage\":\"es-AR\",\"potentialAction\":[{\"@type\":\"ReadAction\",\"target\":[\"https:\/\/apuntesdesanluis.com\/index.php\/2025\/01\/21\/informe-especial-san-luis-la-segunda-provincia-con-mayor-cantidad-de-suicidios-del-pais\/\"]}]},{\"@type\":\"ImageObject\",\"inLanguage\":\"es-AR\",\"@id\":\"https:\/\/apuntesdesanluis.com\/index.php\/2025\/01\/21\/informe-especial-san-luis-la-segunda-provincia-con-mayor-cantidad-de-suicidios-del-pais\/#primaryimage\",\"url\":\"https:\/\/apuntesdesanluis.com\/wp-content\/uploads\/2025\/01\/suicidio-portada.png\",\"contentUrl\":\"https:\/\/apuntesdesanluis.com\/wp-content\/uploads\/2025\/01\/suicidio-portada.png\",\"width\":571,\"height\":382},{\"@type\":\"BreadcrumbList\",\"@id\":\"https:\/\/apuntesdesanluis.com\/index.php\/2025\/01\/21\/informe-especial-san-luis-la-segunda-provincia-con-mayor-cantidad-de-suicidios-del-pais\/#breadcrumb\",\"itemListElement\":[{\"@type\":\"ListItem\",\"position\":1,\"name\":\"Inicio\",\"item\":\"https:\/\/apuntesdesanluis.com\/\"},{\"@type\":\"ListItem\",\"position\":2,\"name\":\"INFORME ESPECIAL: SAN LUIS, LA SEGUNDA PROVINCIA CON MAYOR CANTIDAD DE SUICIDIOS DEL PA\u00cdS\"}]},{\"@type\":\"WebSite\",\"@id\":\"https:\/\/apuntesdesanluis.com\/#website\",\"url\":\"https:\/\/apuntesdesanluis.com\/\",\"name\":\"Apuntes de San Luis\",\"description\":\"\",\"publisher\":{\"@id\":\"https:\/\/apuntesdesanluis.com\/#\/schema\/person\/b55151d52296fcce64d1a72538a70b90\"},\"potentialAction\":[{\"@type\":\"SearchAction\",\"target\":{\"@type\":\"EntryPoint\",\"urlTemplate\":\"https:\/\/apuntesdesanluis.com\/?s={search_term_string}\"},\"query-input\":{\"@type\":\"PropertyValueSpecification\",\"valueRequired\":true,\"valueName\":\"search_term_string\"}}],\"inLanguage\":\"es-AR\"},{\"@type\":[\"Person\",\"Organization\"],\"@id\":\"https:\/\/apuntesdesanluis.com\/#\/schema\/person\/b55151d52296fcce64d1a72538a70b90\",\"name\":\"apuntesdesanluis.com\",\"image\":{\"@type\":\"ImageObject\",\"inLanguage\":\"es-AR\",\"@id\":\"https:\/\/apuntesdesanluis.com\/#\/schema\/person\/image\/\",\"url\":\"https:\/\/apuntesdesanluis.com\/wp-content\/uploads\/2023\/07\/cropped-apuntesdesanluis.png\",\"contentUrl\":\"https:\/\/apuntesdesanluis.com\/wp-content\/uploads\/2023\/07\/cropped-apuntesdesanluis.png\",\"width\":450,\"height\":112,\"caption\":\"apuntesdesanluis.com\"},\"logo\":{\"@id\":\"https:\/\/apuntesdesanluis.com\/#\/schema\/person\/image\/\"},\"sameAs\":[\"https:\/\/apuntesdesanluis.com\"],\"url\":\"https:\/\/apuntesdesanluis.com\/index.php\/author\/apuntesdesanluis-com\/\"}]}<\/script>\n<!-- \/ Yoast SEO plugin. -->","yoast_head_json":{"title":"INFORME ESPECIAL: SAN LUIS, LA SEGUNDA PROVINCIA CON MAYOR CANTIDAD DE SUICIDIOS DEL PA\u00cdS - Apuntes de San Luis","robots":{"index":"index","follow":"follow","max-snippet":"max-snippet:-1","max-image-preview":"max-image-preview:large","max-video-preview":"max-video-preview:-1"},"canonical":"https:\/\/apuntesdesanluis.com\/index.php\/2025\/01\/21\/informe-especial-san-luis-la-segunda-provincia-con-mayor-cantidad-de-suicidios-del-pais\/","og_locale":"es_ES","og_type":"article","og_title":"INFORME ESPECIAL: SAN LUIS, LA SEGUNDA PROVINCIA CON MAYOR CANTIDAD DE SUICIDIOS DEL PA\u00cdS - Apuntes de San Luis","og_description":"Por Eduardo Gargiulo Recientemente en nuestra provincia se produjo una gran pol\u00e9mica, a partir de...","og_url":"https:\/\/apuntesdesanluis.com\/index.php\/2025\/01\/21\/informe-especial-san-luis-la-segunda-provincia-con-mayor-cantidad-de-suicidios-del-pais\/","og_site_name":"Apuntes de San Luis","article_published_time":"2025-01-22T00:15:09+00:00","article_modified_time":"2025-01-22T00:59:36+00:00","og_image":[{"width":571,"height":382,"url":"https:\/\/apuntesdesanluis.com\/wp-content\/uploads\/2025\/01\/suicidio-portada.png","type":"image\/png"}],"author":"apuntesdesanluis.com","twitter_card":"summary_large_image","twitter_misc":{"Escrito por":"apuntesdesanluis.com","Tiempo de lectura":"12 minutos"},"schema":{"@context":"https:\/\/schema.org","@graph":[{"@type":"Article","@id":"https:\/\/apuntesdesanluis.com\/index.php\/2025\/01\/21\/informe-especial-san-luis-la-segunda-provincia-con-mayor-cantidad-de-suicidios-del-pais\/#article","isPartOf":{"@id":"https:\/\/apuntesdesanluis.com\/index.php\/2025\/01\/21\/informe-especial-san-luis-la-segunda-provincia-con-mayor-cantidad-de-suicidios-del-pais\/"},"author":{"name":"apuntesdesanluis.com","@id":"https:\/\/apuntesdesanluis.com\/#\/schema\/person\/b55151d52296fcce64d1a72538a70b90"},"headline":"INFORME ESPECIAL: SAN LUIS, LA SEGUNDA PROVINCIA CON MAYOR CANTIDAD DE SUICIDIOS DEL PA\u00cdS","datePublished":"2025-01-22T00:15:09+00:00","dateModified":"2025-01-22T00:59:36+00:00","mainEntityOfPage":{"@id":"https:\/\/apuntesdesanluis.com\/index.php\/2025\/01\/21\/informe-especial-san-luis-la-segunda-provincia-con-mayor-cantidad-de-suicidios-del-pais\/"},"wordCount":1963,"publisher":{"@id":"https:\/\/apuntesdesanluis.com\/#\/schema\/person\/b55151d52296fcce64d1a72538a70b90"},"image":{"@id":"https:\/\/apuntesdesanluis.com\/index.php\/2025\/01\/21\/informe-especial-san-luis-la-segunda-provincia-con-mayor-cantidad-de-suicidios-del-pais\/#primaryimage"},"thumbnailUrl":"https:\/\/apuntesdesanluis.com\/wp-content\/uploads\/2025\/01\/suicidio-portada.png","articleSection":["Opini\u00f3n"],"inLanguage":"es-AR"},{"@type":"WebPage","@id":"https:\/\/apuntesdesanluis.com\/index.php\/2025\/01\/21\/informe-especial-san-luis-la-segunda-provincia-con-mayor-cantidad-de-suicidios-del-pais\/","url":"https:\/\/apuntesdesanluis.com\/index.php\/2025\/01\/21\/informe-especial-san-luis-la-segunda-provincia-con-mayor-cantidad-de-suicidios-del-pais\/","name":"INFORME ESPECIAL: SAN LUIS, LA SEGUNDA PROVINCIA CON MAYOR CANTIDAD DE SUICIDIOS DEL PA\u00cdS - Apuntes de San Luis","isPartOf":{"@id":"https:\/\/apuntesdesanluis.com\/#website"},"primaryImageOfPage":{"@id":"https:\/\/apuntesdesanluis.com\/index.php\/2025\/01\/21\/informe-especial-san-luis-la-segunda-provincia-con-mayor-cantidad-de-suicidios-del-pais\/#primaryimage"},"image":{"@id":"https:\/\/apuntesdesanluis.com\/index.php\/2025\/01\/21\/informe-especial-san-luis-la-segunda-provincia-con-mayor-cantidad-de-suicidios-del-pais\/#primaryimage"},"thumbnailUrl":"https:\/\/apuntesdesanluis.com\/wp-content\/uploads\/2025\/01\/suicidio-portada.png","datePublished":"2025-01-22T00:15:09+00:00","dateModified":"2025-01-22T00:59:36+00:00","breadcrumb":{"@id":"https:\/\/apuntesdesanluis.com\/index.php\/2025\/01\/21\/informe-especial-san-luis-la-segunda-provincia-con-mayor-cantidad-de-suicidios-del-pais\/#breadcrumb"},"inLanguage":"es-AR","potentialAction":[{"@type":"ReadAction","target":["https:\/\/apuntesdesanluis.com\/index.php\/2025\/01\/21\/informe-especial-san-luis-la-segunda-provincia-con-mayor-cantidad-de-suicidios-del-pais\/"]}]},{"@type":"ImageObject","inLanguage":"es-AR","@id":"https:\/\/apuntesdesanluis.com\/index.php\/2025\/01\/21\/informe-especial-san-luis-la-segunda-provincia-con-mayor-cantidad-de-suicidios-del-pais\/#primaryimage","url":"https:\/\/apuntesdesanluis.com\/wp-content\/uploads\/2025\/01\/suicidio-portada.png","contentUrl":"https:\/\/apuntesdesanluis.com\/wp-content\/uploads\/2025\/01\/suicidio-portada.png","width":571,"height":382},{"@type":"BreadcrumbList","@id":"https:\/\/apuntesdesanluis.com\/index.php\/2025\/01\/21\/informe-especial-san-luis-la-segunda-provincia-con-mayor-cantidad-de-suicidios-del-pais\/#breadcrumb","itemListElement":[{"@type":"ListItem","position":1,"name":"Inicio","item":"https:\/\/apuntesdesanluis.com\/"},{"@type":"ListItem","position":2,"name":"INFORME ESPECIAL: SAN LUIS, LA SEGUNDA PROVINCIA CON MAYOR CANTIDAD DE SUICIDIOS DEL PA\u00cdS"}]},{"@type":"WebSite","@id":"https:\/\/apuntesdesanluis.com\/#website","url":"https:\/\/apuntesdesanluis.com\/","name":"Apuntes de San Luis","description":"","publisher":{"@id":"https:\/\/apuntesdesanluis.com\/#\/schema\/person\/b55151d52296fcce64d1a72538a70b90"},"potentialAction":[{"@type":"SearchAction","target":{"@type":"EntryPoint","urlTemplate":"https:\/\/apuntesdesanluis.com\/?s={search_term_string}"},"query-input":{"@type":"PropertyValueSpecification","valueRequired":true,"valueName":"search_term_string"}}],"inLanguage":"es-AR"},{"@type":["Person","Organization"],"@id":"https:\/\/apuntesdesanluis.com\/#\/schema\/person\/b55151d52296fcce64d1a72538a70b90","name":"apuntesdesanluis.com","image":{"@type":"ImageObject","inLanguage":"es-AR","@id":"https:\/\/apuntesdesanluis.com\/#\/schema\/person\/image\/","url":"https:\/\/apuntesdesanluis.com\/wp-content\/uploads\/2023\/07\/cropped-apuntesdesanluis.png","contentUrl":"https:\/\/apuntesdesanluis.com\/wp-content\/uploads\/2023\/07\/cropped-apuntesdesanluis.png","width":450,"height":112,"caption":"apuntesdesanluis.com"},"logo":{"@id":"https:\/\/apuntesdesanluis.com\/#\/schema\/person\/image\/"},"sameAs":["https:\/\/apuntesdesanluis.com"],"url":"https:\/\/apuntesdesanluis.com\/index.php\/author\/apuntesdesanluis-com\/"}]}},"featured_image_urls":{"full":["https:\/\/apuntesdesanluis.com\/wp-content\/uploads\/2025\/01\/suicidio-portada.png",571,382,false],"thumbnail":["https:\/\/apuntesdesanluis.com\/wp-content\/uploads\/2025\/01\/suicidio-portada-150x150.png",150,150,true],"medium":["https:\/\/apuntesdesanluis.com\/wp-content\/uploads\/2025\/01\/suicidio-portada-300x201.png",300,201,true],"medium_large":["https:\/\/apuntesdesanluis.com\/wp-content\/uploads\/2025\/01\/suicidio-portada.png",571,382,false],"large":["https:\/\/apuntesdesanluis.com\/wp-content\/uploads\/2025\/01\/suicidio-portada.png",571,382,false],"1536x1536":["https:\/\/apuntesdesanluis.com\/wp-content\/uploads\/2025\/01\/suicidio-portada.png",571,382,false],"2048x2048":["https:\/\/apuntesdesanluis.com\/wp-content\/uploads\/2025\/01\/suicidio-portada.png",571,382,false],"newsever-slider-full":["https:\/\/apuntesdesanluis.com\/wp-content\/uploads\/2025\/01\/suicidio-portada.png",571,382,false],"newsever-featured":["https:\/\/apuntesdesanluis.com\/wp-content\/uploads\/2025\/01\/suicidio-portada.png",571,382,false],"newsever-medium":["https:\/\/apuntesdesanluis.com\/wp-content\/uploads\/2025\/01\/suicidio-portada.png",571,382,false]},"author_info":{"display_name":"apuntesdesanluis.com","author_link":"https:\/\/apuntesdesanluis.com\/index.php\/author\/apuntesdesanluis-com\/"},"category_info":"<a href=\"https:\/\/apuntesdesanluis.com\/index.php\/category\/opinion\/\" rel=\"category tag\">Opini\u00f3n<\/a>","tag_info":"Opini\u00f3n","comment_count":"0","_links":{"self":[{"href":"https:\/\/apuntesdesanluis.com\/index.php\/wp-json\/wp\/v2\/posts\/28024","targetHints":{"allow":["GET"]}}],"collection":[{"href":"https:\/\/apuntesdesanluis.com\/index.php\/wp-json\/wp\/v2\/posts"}],"about":[{"href":"https:\/\/apuntesdesanluis.com\/index.php\/wp-json\/wp\/v2\/types\/post"}],"author":[{"embeddable":true,"href":"https:\/\/apuntesdesanluis.com\/index.php\/wp-json\/wp\/v2\/users\/1"}],"replies":[{"embeddable":true,"href":"https:\/\/apuntesdesanluis.com\/index.php\/wp-json\/wp\/v2\/comments?post=28024"}],"version-history":[{"count":13,"href":"https:\/\/apuntesdesanluis.com\/index.php\/wp-json\/wp\/v2\/posts\/28024\/revisions"}],"predecessor-version":[{"id":28053,"href":"https:\/\/apuntesdesanluis.com\/index.php\/wp-json\/wp\/v2\/posts\/28024\/revisions\/28053"}],"wp:featuredmedia":[{"embeddable":true,"href":"https:\/\/apuntesdesanluis.com\/index.php\/wp-json\/wp\/v2\/media\/28037"}],"wp:attachment":[{"href":"https:\/\/apuntesdesanluis.com\/index.php\/wp-json\/wp\/v2\/media?parent=28024"}],"wp:term":[{"taxonomy":"category","embeddable":true,"href":"https:\/\/apuntesdesanluis.com\/index.php\/wp-json\/wp\/v2\/categories?post=28024"},{"taxonomy":"post_tag","embeddable":true,"href":"https:\/\/apuntesdesanluis.com\/index.php\/wp-json\/wp\/v2\/tags?post=28024"}],"curies":[{"name":"wp","href":"https:\/\/api.w.org\/{rel}","templated":true}]}}