{"id":28069,"date":"2025-01-22T16:39:28","date_gmt":"2025-01-22T19:39:28","guid":{"rendered":"https:\/\/apuntesdesanluis.com\/?p=28069"},"modified":"2025-01-22T16:39:28","modified_gmt":"2025-01-22T19:39:28","slug":"nuevo-servicio-de-transporte-conecta-localidades-del-norte-con-provincias-vecinas","status":"publish","type":"post","link":"https:\/\/apuntesdesanluis.com\/index.php\/2025\/01\/22\/nuevo-servicio-de-transporte-conecta-localidades-del-norte-con-provincias-vecinas\/","title":{"rendered":"NUEVO SERVICIO DE TRANSPORTE CONECTA LOCALIDADES DEL NORTE CON PROVINCIAS VECINAS"},"content":{"rendered":"<h3>Desde el pasado lunes 20, la empresa <strong>Blanca Paloma<\/strong> comenz\u00f3 a operar un nuevo corredor de transporte p\u00fablico que conecta localidades de la provincia de <strong>San Juan, La Rioja, San Luis y C\u00f3rdoba<\/strong>.<\/h3>\n<h3>Este nuevo servicio brindar\u00e1 la posibilidad de conectar a los vecinos de las localidades de Quines, Candelaria, Lafinur y Merlo, entre otras, con Ulapes y Chepes en La Rioja, la ciudad de San Juan y Villa Dolores, en C\u00f3rdoba. Son dos frecuencias diarias, una de ida y otra de vuelta, disponibles de lunes a viernes.<\/h3>\n<h3>\u201cEste nuevo corredor de transporte p\u00fablico es un paso fundamental para mejorar la conectividad entre localidades de distintas provincias, beneficiando a los vecinos que, por motivos educativos, laborales o familiares, necesitan desplazarse con mayor facilidad\u201d, expres\u00f3 el director de Transporte, <strong>Gabriel Busto<\/strong>.<\/h3>\n<h3><strong>Horarios de Ida:<\/strong><\/h3>\n<h3>San Juan: 06:00<\/h3>\n<h3>Caucete: 06:25<\/h3>\n<h3>Vallecito: 07:00<\/h3>\n<h3>Bermejo: 07:35<\/h3>\n<h3>Chepes: 08:50Ulapes: 09:55<\/h3>\n<h3>Candelaria: 11:00<\/h3>\n<h3>Quines: 11:25<\/h3>\n<h3>Lafinur: 12:00<\/h3>\n<h3>Villa Dolores: 12:30<\/h3>\n<h3>Merlo: 14:00<\/h3>\n<h3>Santa Rosa: 14:25<\/h3>\n<h3>Concar\u00e1n: 15:00<\/h3>\n<h3>Tilisarao: 15:25<\/h3>\n<h3>Naschel: 15:50<\/h3>\n<h3>La Toma: 16:20<\/h3>\n<h3>San Luis: 17:20<\/h3>\n<h3><strong>Horarios de vuelta:<\/strong><\/h3>\n<h3>San Luis: 05:30<\/h3>\n<h3>La Toma: 07:00<\/h3>\n<h3>Naschel: 07:25<\/h3>\n<h3>Tilisarao: 07:50<\/h3>\n<h3>Concar\u00e1n: 08:20<\/h3>\n<h3>Villa Larca: 08:50<\/h3>\n<h3>Merlo: 09:20<\/h3>\n<h3>Villa Dolores: 10:40<\/h3>\n<h3>Lafinur: 11:20<\/h3>\n<h3>Quines: 11:50<\/h3>\n<h3>Candelaria: 12:25<\/h3>\n<h3>Ulapes: 13:30<\/h3>\n<h3>Chepes: 14:30<\/h3>\n<h3>Bermejo: 15:50<\/h3>\n<h3>Vallecito: 16:30<\/h3>\n<h3>Caucete: 17:10<\/h3>\n<h3>San Juan: 17:40<\/h3>\n<h3><\/h3>\n<p>&nbsp;<\/p>\n<p>&nbsp;<\/p>\n<p>&nbsp;<\/p>\n<h3><\/h3>\n<p>&nbsp;<\/p>\n","protected":false},"excerpt":{"rendered":"<p>Desde el pasado lunes 20, la empresa Blanca Paloma comenz\u00f3 a operar un nuevo corredor&#8230;<\/p>\n","protected":false},"author":1,"featured_media":28070,"comment_status":"closed","ping_status":"closed","sticky":false,"template":"","format":"standard","meta":{"footnotes":""},"categories":[6],"tags":[],"class_list":["post-28069","post","type-post","status-publish","format-standard","has-post-thumbnail","hentry","category-ciudad-provincia"],"yoast_head":"<!-- This site is optimized with the Yoast SEO plugin v26.1.1 - https:\/\/yoast.com\/wordpress\/plugins\/seo\/ -->\n<title>NUEVO SERVICIO DE TRANSPORTE CONECTA LOCALIDADES DEL NORTE CON PROVINCIAS VECINAS - Apuntes de San Luis<\/title>\n<meta name=\"robots\" content=\"index, follow, max-snippet:-1, max-image-preview:large, max-video-preview:-1\" \/>\n<link rel=\"canonical\" href=\"https:\/\/apuntesdesanluis.com\/index.php\/2025\/01\/22\/nuevo-servicio-de-transporte-conecta-localidades-del-norte-con-provincias-vecinas\/\" \/>\n<meta property=\"og:locale\" content=\"es_ES\" \/>\n<meta property=\"og:type\" content=\"article\" \/>\n<meta property=\"og:title\" content=\"NUEVO SERVICIO DE TRANSPORTE CONECTA LOCALIDADES DEL NORTE CON PROVINCIAS VECINAS - Apuntes de San Luis\" \/>\n<meta property=\"og:description\" content=\"Desde el pasado lunes 20, la empresa Blanca Paloma comenz\u00f3 a operar un nuevo corredor...\" \/>\n<meta property=\"og:url\" content=\"https:\/\/apuntesdesanluis.com\/index.php\/2025\/01\/22\/nuevo-servicio-de-transporte-conecta-localidades-del-norte-con-provincias-vecinas\/\" \/>\n<meta property=\"og:site_name\" content=\"Apuntes de San Luis\" \/>\n<meta property=\"article:published_time\" content=\"2025-01-22T19:39:28+00:00\" \/>\n<meta property=\"og:image\" content=\"https:\/\/apuntesdesanluis.com\/wp-content\/uploads\/2025\/01\/empresa-blanca-paloma.png\" \/>\n\t<meta property=\"og:image:width\" content=\"696\" \/>\n\t<meta property=\"og:image:height\" content=\"449\" \/>\n\t<meta property=\"og:image:type\" content=\"image\/png\" \/>\n<meta name=\"author\" content=\"apuntesdesanluis.com\" \/>\n<meta name=\"twitter:card\" content=\"summary_large_image\" \/>\n<meta name=\"twitter:label1\" content=\"Escrito por\" \/>\n\t<meta name=\"twitter:data1\" content=\"apuntesdesanluis.com\" \/>\n\t<meta name=\"twitter:label2\" content=\"Tiempo de lectura\" \/>\n\t<meta name=\"twitter:data2\" content=\"2 minutos\" \/>\n<script type=\"application\/ld+json\" class=\"yoast-schema-graph\">{\"@context\":\"https:\/\/schema.org\",\"@graph\":[{\"@type\":\"Article\",\"@id\":\"https:\/\/apuntesdesanluis.com\/index.php\/2025\/01\/22\/nuevo-servicio-de-transporte-conecta-localidades-del-norte-con-provincias-vecinas\/#article\",\"isPartOf\":{\"@id\":\"https:\/\/apuntesdesanluis.com\/index.php\/2025\/01\/22\/nuevo-servicio-de-transporte-conecta-localidades-del-norte-con-provincias-vecinas\/\"},\"author\":{\"name\":\"apuntesdesanluis.com\",\"@id\":\"https:\/\/apuntesdesanluis.com\/#\/schema\/person\/b55151d52296fcce64d1a72538a70b90\"},\"headline\":\"NUEVO SERVICIO DE TRANSPORTE CONECTA LOCALIDADES DEL NORTE CON PROVINCIAS VECINAS\",\"datePublished\":\"2025-01-22T19:39:28+00:00\",\"mainEntityOfPage\":{\"@id\":\"https:\/\/apuntesdesanluis.com\/index.php\/2025\/01\/22\/nuevo-servicio-de-transporte-conecta-localidades-del-norte-con-provincias-vecinas\/\"},\"wordCount\":200,\"publisher\":{\"@id\":\"https:\/\/apuntesdesanluis.com\/#\/schema\/person\/b55151d52296fcce64d1a72538a70b90\"},\"image\":{\"@id\":\"https:\/\/apuntesdesanluis.com\/index.php\/2025\/01\/22\/nuevo-servicio-de-transporte-conecta-localidades-del-norte-con-provincias-vecinas\/#primaryimage\"},\"thumbnailUrl\":\"https:\/\/apuntesdesanluis.com\/wp-content\/uploads\/2025\/01\/empresa-blanca-paloma.png\",\"articleSection\":[\"Ciudad\/Provincia\"],\"inLanguage\":\"es-AR\"},{\"@type\":\"WebPage\",\"@id\":\"https:\/\/apuntesdesanluis.com\/index.php\/2025\/01\/22\/nuevo-servicio-de-transporte-conecta-localidades-del-norte-con-provincias-vecinas\/\",\"url\":\"https:\/\/apuntesdesanluis.com\/index.php\/2025\/01\/22\/nuevo-servicio-de-transporte-conecta-localidades-del-norte-con-provincias-vecinas\/\",\"name\":\"NUEVO SERVICIO DE TRANSPORTE CONECTA LOCALIDADES DEL NORTE CON PROVINCIAS VECINAS - Apuntes de San Luis\",\"isPartOf\":{\"@id\":\"https:\/\/apuntesdesanluis.com\/#website\"},\"primaryImageOfPage\":{\"@id\":\"https:\/\/apuntesdesanluis.com\/index.php\/2025\/01\/22\/nuevo-servicio-de-transporte-conecta-localidades-del-norte-con-provincias-vecinas\/#primaryimage\"},\"image\":{\"@id\":\"https:\/\/apuntesdesanluis.com\/index.php\/2025\/01\/22\/nuevo-servicio-de-transporte-conecta-localidades-del-norte-con-provincias-vecinas\/#primaryimage\"},\"thumbnailUrl\":\"https:\/\/apuntesdesanluis.com\/wp-content\/uploads\/2025\/01\/empresa-blanca-paloma.png\",\"datePublished\":\"2025-01-22T19:39:28+00:00\",\"breadcrumb\":{\"@id\":\"https:\/\/apuntesdesanluis.com\/index.php\/2025\/01\/22\/nuevo-servicio-de-transporte-conecta-localidades-del-norte-con-provincias-vecinas\/#breadcrumb\"},\"inLanguage\":\"es-AR\",\"potentialAction\":[{\"@type\":\"ReadAction\",\"target\":[\"https:\/\/apuntesdesanluis.com\/index.php\/2025\/01\/22\/nuevo-servicio-de-transporte-conecta-localidades-del-norte-con-provincias-vecinas\/\"]}]},{\"@type\":\"ImageObject\",\"inLanguage\":\"es-AR\",\"@id\":\"https:\/\/apuntesdesanluis.com\/index.php\/2025\/01\/22\/nuevo-servicio-de-transporte-conecta-localidades-del-norte-con-provincias-vecinas\/#primaryimage\",\"url\":\"https:\/\/apuntesdesanluis.com\/wp-content\/uploads\/2025\/01\/empresa-blanca-paloma.png\",\"contentUrl\":\"https:\/\/apuntesdesanluis.com\/wp-content\/uploads\/2025\/01\/empresa-blanca-paloma.png\",\"width\":696,\"height\":449},{\"@type\":\"BreadcrumbList\",\"@id\":\"https:\/\/apuntesdesanluis.com\/index.php\/2025\/01\/22\/nuevo-servicio-de-transporte-conecta-localidades-del-norte-con-provincias-vecinas\/#breadcrumb\",\"itemListElement\":[{\"@type\":\"ListItem\",\"position\":1,\"name\":\"Inicio\",\"item\":\"https:\/\/apuntesdesanluis.com\/\"},{\"@type\":\"ListItem\",\"position\":2,\"name\":\"NUEVO SERVICIO DE TRANSPORTE CONECTA LOCALIDADES DEL NORTE CON PROVINCIAS VECINAS\"}]},{\"@type\":\"WebSite\",\"@id\":\"https:\/\/apuntesdesanluis.com\/#website\",\"url\":\"https:\/\/apuntesdesanluis.com\/\",\"name\":\"Apuntes de San Luis\",\"description\":\"\",\"publisher\":{\"@id\":\"https:\/\/apuntesdesanluis.com\/#\/schema\/person\/b55151d52296fcce64d1a72538a70b90\"},\"potentialAction\":[{\"@type\":\"SearchAction\",\"target\":{\"@type\":\"EntryPoint\",\"urlTemplate\":\"https:\/\/apuntesdesanluis.com\/?s={search_term_string}\"},\"query-input\":{\"@type\":\"PropertyValueSpecification\",\"valueRequired\":true,\"valueName\":\"search_term_string\"}}],\"inLanguage\":\"es-AR\"},{\"@type\":[\"Person\",\"Organization\"],\"@id\":\"https:\/\/apuntesdesanluis.com\/#\/schema\/person\/b55151d52296fcce64d1a72538a70b90\",\"name\":\"apuntesdesanluis.com\",\"image\":{\"@type\":\"ImageObject\",\"inLanguage\":\"es-AR\",\"@id\":\"https:\/\/apuntesdesanluis.com\/#\/schema\/person\/image\/\",\"url\":\"https:\/\/apuntesdesanluis.com\/wp-content\/uploads\/2023\/07\/cropped-apuntesdesanluis.png\",\"contentUrl\":\"https:\/\/apuntesdesanluis.com\/wp-content\/uploads\/2023\/07\/cropped-apuntesdesanluis.png\",\"width\":450,\"height\":112,\"caption\":\"apuntesdesanluis.com\"},\"logo\":{\"@id\":\"https:\/\/apuntesdesanluis.com\/#\/schema\/person\/image\/\"},\"sameAs\":[\"https:\/\/apuntesdesanluis.com\"],\"url\":\"https:\/\/apuntesdesanluis.com\/index.php\/author\/apuntesdesanluis-com\/\"}]}<\/script>\n<!-- \/ Yoast SEO plugin. -->","yoast_head_json":{"title":"NUEVO SERVICIO DE TRANSPORTE CONECTA LOCALIDADES DEL NORTE CON PROVINCIAS VECINAS - Apuntes de San Luis","robots":{"index":"index","follow":"follow","max-snippet":"max-snippet:-1","max-image-preview":"max-image-preview:large","max-video-preview":"max-video-preview:-1"},"canonical":"https:\/\/apuntesdesanluis.com\/index.php\/2025\/01\/22\/nuevo-servicio-de-transporte-conecta-localidades-del-norte-con-provincias-vecinas\/","og_locale":"es_ES","og_type":"article","og_title":"NUEVO SERVICIO DE TRANSPORTE CONECTA LOCALIDADES DEL NORTE CON PROVINCIAS VECINAS - Apuntes de San Luis","og_description":"Desde el pasado lunes 20, la empresa Blanca Paloma comenz\u00f3 a operar un nuevo corredor...","og_url":"https:\/\/apuntesdesanluis.com\/index.php\/2025\/01\/22\/nuevo-servicio-de-transporte-conecta-localidades-del-norte-con-provincias-vecinas\/","og_site_name":"Apuntes de San Luis","article_published_time":"2025-01-22T19:39:28+00:00","og_image":[{"width":696,"height":449,"url":"https:\/\/apuntesdesanluis.com\/wp-content\/uploads\/2025\/01\/empresa-blanca-paloma.png","type":"image\/png"}],"author":"apuntesdesanluis.com","twitter_card":"summary_large_image","twitter_misc":{"Escrito por":"apuntesdesanluis.com","Tiempo de lectura":"2 minutos"},"schema":{"@context":"https:\/\/schema.org","@graph":[{"@type":"Article","@id":"https:\/\/apuntesdesanluis.com\/index.php\/2025\/01\/22\/nuevo-servicio-de-transporte-conecta-localidades-del-norte-con-provincias-vecinas\/#article","isPartOf":{"@id":"https:\/\/apuntesdesanluis.com\/index.php\/2025\/01\/22\/nuevo-servicio-de-transporte-conecta-localidades-del-norte-con-provincias-vecinas\/"},"author":{"name":"apuntesdesanluis.com","@id":"https:\/\/apuntesdesanluis.com\/#\/schema\/person\/b55151d52296fcce64d1a72538a70b90"},"headline":"NUEVO SERVICIO DE TRANSPORTE CONECTA LOCALIDADES DEL NORTE CON PROVINCIAS VECINAS","datePublished":"2025-01-22T19:39:28+00:00","mainEntityOfPage":{"@id":"https:\/\/apuntesdesanluis.com\/index.php\/2025\/01\/22\/nuevo-servicio-de-transporte-conecta-localidades-del-norte-con-provincias-vecinas\/"},"wordCount":200,"publisher":{"@id":"https:\/\/apuntesdesanluis.com\/#\/schema\/person\/b55151d52296fcce64d1a72538a70b90"},"image":{"@id":"https:\/\/apuntesdesanluis.com\/index.php\/2025\/01\/22\/nuevo-servicio-de-transporte-conecta-localidades-del-norte-con-provincias-vecinas\/#primaryimage"},"thumbnailUrl":"https:\/\/apuntesdesanluis.com\/wp-content\/uploads\/2025\/01\/empresa-blanca-paloma.png","articleSection":["Ciudad\/Provincia"],"inLanguage":"es-AR"},{"@type":"WebPage","@id":"https:\/\/apuntesdesanluis.com\/index.php\/2025\/01\/22\/nuevo-servicio-de-transporte-conecta-localidades-del-norte-con-provincias-vecinas\/","url":"https:\/\/apuntesdesanluis.com\/index.php\/2025\/01\/22\/nuevo-servicio-de-transporte-conecta-localidades-del-norte-con-provincias-vecinas\/","name":"NUEVO SERVICIO DE TRANSPORTE CONECTA LOCALIDADES DEL NORTE CON PROVINCIAS VECINAS - Apuntes de San Luis","isPartOf":{"@id":"https:\/\/apuntesdesanluis.com\/#website"},"primaryImageOfPage":{"@id":"https:\/\/apuntesdesanluis.com\/index.php\/2025\/01\/22\/nuevo-servicio-de-transporte-conecta-localidades-del-norte-con-provincias-vecinas\/#primaryimage"},"image":{"@id":"https:\/\/apuntesdesanluis.com\/index.php\/2025\/01\/22\/nuevo-servicio-de-transporte-conecta-localidades-del-norte-con-provincias-vecinas\/#primaryimage"},"thumbnailUrl":"https:\/\/apuntesdesanluis.com\/wp-content\/uploads\/2025\/01\/empresa-blanca-paloma.png","datePublished":"2025-01-22T19:39:28+00:00","breadcrumb":{"@id":"https:\/\/apuntesdesanluis.com\/index.php\/2025\/01\/22\/nuevo-servicio-de-transporte-conecta-localidades-del-norte-con-provincias-vecinas\/#breadcrumb"},"inLanguage":"es-AR","potentialAction":[{"@type":"ReadAction","target":["https:\/\/apuntesdesanluis.com\/index.php\/2025\/01\/22\/nuevo-servicio-de-transporte-conecta-localidades-del-norte-con-provincias-vecinas\/"]}]},{"@type":"ImageObject","inLanguage":"es-AR","@id":"https:\/\/apuntesdesanluis.com\/index.php\/2025\/01\/22\/nuevo-servicio-de-transporte-conecta-localidades-del-norte-con-provincias-vecinas\/#primaryimage","url":"https:\/\/apuntesdesanluis.com\/wp-content\/uploads\/2025\/01\/empresa-blanca-paloma.png","contentUrl":"https:\/\/apuntesdesanluis.com\/wp-content\/uploads\/2025\/01\/empresa-blanca-paloma.png","width":696,"height":449},{"@type":"BreadcrumbList","@id":"https:\/\/apuntesdesanluis.com\/index.php\/2025\/01\/22\/nuevo-servicio-de-transporte-conecta-localidades-del-norte-con-provincias-vecinas\/#breadcrumb","itemListElement":[{"@type":"ListItem","position":1,"name":"Inicio","item":"https:\/\/apuntesdesanluis.com\/"},{"@type":"ListItem","position":2,"name":"NUEVO SERVICIO DE TRANSPORTE CONECTA LOCALIDADES DEL NORTE CON PROVINCIAS VECINAS"}]},{"@type":"WebSite","@id":"https:\/\/apuntesdesanluis.com\/#website","url":"https:\/\/apuntesdesanluis.com\/","name":"Apuntes de San Luis","description":"","publisher":{"@id":"https:\/\/apuntesdesanluis.com\/#\/schema\/person\/b55151d52296fcce64d1a72538a70b90"},"potentialAction":[{"@type":"SearchAction","target":{"@type":"EntryPoint","urlTemplate":"https:\/\/apuntesdesanluis.com\/?s={search_term_string}"},"query-input":{"@type":"PropertyValueSpecification","valueRequired":true,"valueName":"search_term_string"}}],"inLanguage":"es-AR"},{"@type":["Person","Organization"],"@id":"https:\/\/apuntesdesanluis.com\/#\/schema\/person\/b55151d52296fcce64d1a72538a70b90","name":"apuntesdesanluis.com","image":{"@type":"ImageObject","inLanguage":"es-AR","@id":"https:\/\/apuntesdesanluis.com\/#\/schema\/person\/image\/","url":"https:\/\/apuntesdesanluis.com\/wp-content\/uploads\/2023\/07\/cropped-apuntesdesanluis.png","contentUrl":"https:\/\/apuntesdesanluis.com\/wp-content\/uploads\/2023\/07\/cropped-apuntesdesanluis.png","width":450,"height":112,"caption":"apuntesdesanluis.com"},"logo":{"@id":"https:\/\/apuntesdesanluis.com\/#\/schema\/person\/image\/"},"sameAs":["https:\/\/apuntesdesanluis.com"],"url":"https:\/\/apuntesdesanluis.com\/index.php\/author\/apuntesdesanluis-com\/"}]}},"featured_image_urls":{"full":["https:\/\/apuntesdesanluis.com\/wp-content\/uploads\/2025\/01\/empresa-blanca-paloma.png",696,449,false],"thumbnail":["https:\/\/apuntesdesanluis.com\/wp-content\/uploads\/2025\/01\/empresa-blanca-paloma-150x150.png",150,150,true],"medium":["https:\/\/apuntesdesanluis.com\/wp-content\/uploads\/2025\/01\/empresa-blanca-paloma-300x194.png",300,194,true],"medium_large":["https:\/\/apuntesdesanluis.com\/wp-content\/uploads\/2025\/01\/empresa-blanca-paloma.png",640,413,false],"large":["https:\/\/apuntesdesanluis.com\/wp-content\/uploads\/2025\/01\/empresa-blanca-paloma.png",640,413,false],"1536x1536":["https:\/\/apuntesdesanluis.com\/wp-content\/uploads\/2025\/01\/empresa-blanca-paloma.png",696,449,false],"2048x2048":["https:\/\/apuntesdesanluis.com\/wp-content\/uploads\/2025\/01\/empresa-blanca-paloma.png",696,449,false],"newsever-slider-full":["https:\/\/apuntesdesanluis.com\/wp-content\/uploads\/2025\/01\/empresa-blanca-paloma.png",696,449,false],"newsever-featured":["https:\/\/apuntesdesanluis.com\/wp-content\/uploads\/2025\/01\/empresa-blanca-paloma.png",696,449,false],"newsever-medium":["https:\/\/apuntesdesanluis.com\/wp-content\/uploads\/2025\/01\/empresa-blanca-paloma.png",696,449,false]},"author_info":{"display_name":"apuntesdesanluis.com","author_link":"https:\/\/apuntesdesanluis.com\/index.php\/author\/apuntesdesanluis-com\/"},"category_info":"<a href=\"https:\/\/apuntesdesanluis.com\/index.php\/category\/ciudad-provincia\/\" rel=\"category tag\">Ciudad\/Provincia<\/a>","tag_info":"Ciudad\/Provincia","comment_count":"0","_links":{"self":[{"href":"https:\/\/apuntesdesanluis.com\/index.php\/wp-json\/wp\/v2\/posts\/28069","targetHints":{"allow":["GET"]}}],"collection":[{"href":"https:\/\/apuntesdesanluis.com\/index.php\/wp-json\/wp\/v2\/posts"}],"about":[{"href":"https:\/\/apuntesdesanluis.com\/index.php\/wp-json\/wp\/v2\/types\/post"}],"author":[{"embeddable":true,"href":"https:\/\/apuntesdesanluis.com\/index.php\/wp-json\/wp\/v2\/users\/1"}],"replies":[{"embeddable":true,"href":"https:\/\/apuntesdesanluis.com\/index.php\/wp-json\/wp\/v2\/comments?post=28069"}],"version-history":[{"count":1,"href":"https:\/\/apuntesdesanluis.com\/index.php\/wp-json\/wp\/v2\/posts\/28069\/revisions"}],"predecessor-version":[{"id":28071,"href":"https:\/\/apuntesdesanluis.com\/index.php\/wp-json\/wp\/v2\/posts\/28069\/revisions\/28071"}],"wp:featuredmedia":[{"embeddable":true,"href":"https:\/\/apuntesdesanluis.com\/index.php\/wp-json\/wp\/v2\/media\/28070"}],"wp:attachment":[{"href":"https:\/\/apuntesdesanluis.com\/index.php\/wp-json\/wp\/v2\/media?parent=28069"}],"wp:term":[{"taxonomy":"category","embeddable":true,"href":"https:\/\/apuntesdesanluis.com\/index.php\/wp-json\/wp\/v2\/categories?post=28069"},{"taxonomy":"post_tag","embeddable":true,"href":"https:\/\/apuntesdesanluis.com\/index.php\/wp-json\/wp\/v2\/tags?post=28069"}],"curies":[{"name":"wp","href":"https:\/\/api.w.org\/{rel}","templated":true}]}}