{"id":28072,"date":"2025-01-22T16:51:20","date_gmt":"2025-01-22T19:51:20","guid":{"rendered":"https:\/\/apuntesdesanluis.com\/?p=28072"},"modified":"2025-01-22T16:51:20","modified_gmt":"2025-01-22T19:51:20","slug":"la-vacuna-contra-el-dengue-no-sera-masiva-sino-para-dos-sectores-especificos","status":"publish","type":"post","link":"https:\/\/apuntesdesanluis.com\/index.php\/2025\/01\/22\/la-vacuna-contra-el-dengue-no-sera-masiva-sino-para-dos-sectores-especificos\/","title":{"rendered":"LA VACUNA CONTRA EL DENGUE NO SER\u00c1 MASIVA SINO PARA DOS SECTORES ESPEC\u00cdFICOS"},"content":{"rendered":"<h3>El ministerio de Salud de la Provincia inform\u00f3 que la vacuna del dengue no ser\u00e1 masiva sino sectorizada. En una primera etapa, ser\u00e1n convocados los pacientes que hayan sido registrados por haber contra\u00eddo dengue. La segunda ser\u00e1 suministrada al personal sanitario de la provincia.<\/h3>\n<h3>El director de Epidemiolog\u00eda y Bioestad\u00edstica, <strong>Edgar Ribba<\/strong>, asegur\u00f3 que las personas notificadas no recibir\u00e1n ning\u00fan link o formulario, como tampoco tendr\u00e1n que brindar datos personales. Ser\u00e1n notificados a trav\u00e9s de un mensaje de texto a celulares y deber\u00e1n acudir al centro de salud de referencia con su DNI.<\/h3>\n<h3>En la ciudad de San Luis, podr\u00e1n asistir a los hospitales del Sur, del Oeste y del Norte, como tambi\u00e9n a los hospitales del Cerro de la Cruz, La Punta y Juana Koslay. Adem\u00e1s, cuentan con el centro de salud \u2018Malvinas Argentinas\u2019, que es un centro vacunatorio por excelencia, seleccionado para hacer la aplicaci\u00f3n. En la ciudad de Villa Mercedes, que es el lugar donde hubo m\u00e1s casos positivos (alrededor 3.000), los hospitales de referencia son Eva Per\u00f3n y Braulio Moyano. El resto de la provincia dispone de CAPS u hospitales.<\/h3>\n<p><iframe title=\"Edgar Ribba, director de Epidemiolog\u00eda y Bioestad\u00edstica\" width=\"640\" height=\"360\" src=\"https:\/\/www.youtube.com\/embed\/ZjszN03HDP0?feature=oembed\" frameborder=\"0\" allow=\"accelerometer; autoplay; clipboard-write; encrypted-media; gyroscope; picture-in-picture; web-share\" referrerpolicy=\"strict-origin-when-cross-origin\" allowfullscreen><\/iframe><\/p>\n<h3>Quienes no figuren en la lista, deber\u00e1n concurrir a un centro m\u00e9dico con el DNI, el informe del laboratorio que consignan que si fueron reactivos o positivos y la constancia m\u00e9dica que indique la vacunaci\u00f3n. Para el caso de los estudiantes o personas hayan estado en C\u00f3rdoba y se hayan vacunado, podr\u00e1n completar el programa de vacunaci\u00f3n con una segunda dosis.<\/h3>\n<h3>Ribba puntualiz\u00f3 que se decidi\u00f3 comenzar esta campa\u00f1a con las personas que ya tuvieron la enfermedad para prever una segunda infecci\u00f3n, en el caso de que desarrolle o genere un cuadro de dengue m\u00e1s grave.<\/h3>\n<h3>\u201cEn otras provincias han tomado otra normativa: algunas han decidido vacunar por grupo de edad y otras no han comprado las vacunas. Hay distintas modalidades debido a que el ministerio de Salud de la Naci\u00f3n no aport\u00f3 la vacuna como una campa\u00f1a nacional general\u201d, afirm\u00f3.<\/h3>\n<h3>Asimismo, el Director inform\u00f3 que la vacuna se encuentra contraindicada para menores de cinco a\u00f1os, embarazadas en per\u00edodo de lactancia y en pacientes inmuno-comprometidos, ya que es una vacuna compuesta por virus vivos atenuados. No es recomendada para personas mayores de 60 a\u00f1os.<\/h3>\n<h3>Adem\u00e1s, el funcionario detall\u00f3 que los casos en la provincia, el pa\u00eds y Latinoam\u00e9rica son menos que el a\u00f1o pasado: \u201cA excepci\u00f3n de Brasil, que tiene mantiene la tendencia de aumento de casos, en San Luis no tenemos casos confirmados como importados o aut\u00f3ctonos de dengue\u201d.<\/h3>\n<h3>En suma, Ribba record\u00f3 cu\u00e1les son los s\u00edntomas de dengue: fiebre de m\u00e1s de 38, durante m\u00e1s de dos d\u00edas y menos de siete, sin s\u00edntomas respiratorios. Estar\u00e1 acompa\u00f1ado de cefaleas intensas, dolor retroocular muy intenso, dolores musculares, dolores articulares, v\u00f3mitos, erupciones y manchas rojas en la piel.<\/h3>\n<p>&nbsp;<\/p>\n<p>&nbsp;<\/p>\n<p>&nbsp;<\/p>\n","protected":false},"excerpt":{"rendered":"<p>El ministerio de Salud de la Provincia inform\u00f3 que la vacuna del dengue no ser\u00e1&#8230;<\/p>\n","protected":false},"author":1,"featured_media":28073,"comment_status":"closed","ping_status":"closed","sticky":false,"template":"","format":"standard","meta":{"footnotes":""},"categories":[6],"tags":[],"class_list":["post-28072","post","type-post","status-publish","format-standard","has-post-thumbnail","hentry","category-ciudad-provincia"],"yoast_head":"<!-- This site is optimized with the Yoast SEO plugin v26.1.1 - https:\/\/yoast.com\/wordpress\/plugins\/seo\/ -->\n<title>LA VACUNA CONTRA EL DENGUE NO SER\u00c1 MASIVA SINO PARA DOS SECTORES ESPEC\u00cdFICOS - Apuntes de San Luis<\/title>\n<meta name=\"robots\" content=\"index, follow, max-snippet:-1, max-image-preview:large, max-video-preview:-1\" \/>\n<link rel=\"canonical\" href=\"https:\/\/apuntesdesanluis.com\/index.php\/2025\/01\/22\/la-vacuna-contra-el-dengue-no-sera-masiva-sino-para-dos-sectores-especificos\/\" \/>\n<meta property=\"og:locale\" content=\"es_ES\" \/>\n<meta property=\"og:type\" content=\"article\" \/>\n<meta property=\"og:title\" content=\"LA VACUNA CONTRA EL DENGUE NO SER\u00c1 MASIVA SINO PARA DOS SECTORES ESPEC\u00cdFICOS - Apuntes de San Luis\" \/>\n<meta property=\"og:description\" content=\"El ministerio de Salud de la Provincia inform\u00f3 que la vacuna del dengue no ser\u00e1...\" \/>\n<meta property=\"og:url\" content=\"https:\/\/apuntesdesanluis.com\/index.php\/2025\/01\/22\/la-vacuna-contra-el-dengue-no-sera-masiva-sino-para-dos-sectores-especificos\/\" \/>\n<meta property=\"og:site_name\" content=\"Apuntes de San Luis\" \/>\n<meta property=\"article:published_time\" content=\"2025-01-22T19:51:20+00:00\" \/>\n<meta property=\"og:image\" content=\"https:\/\/apuntesdesanluis.com\/wp-content\/uploads\/2025\/01\/VACUNA-PAL-DENGUE.png\" \/>\n\t<meta property=\"og:image:width\" content=\"659\" \/>\n\t<meta property=\"og:image:height\" content=\"398\" \/>\n\t<meta property=\"og:image:type\" content=\"image\/png\" \/>\n<meta name=\"author\" content=\"apuntesdesanluis.com\" \/>\n<meta name=\"twitter:card\" content=\"summary_large_image\" \/>\n<meta name=\"twitter:label1\" content=\"Escrito por\" \/>\n\t<meta name=\"twitter:data1\" content=\"apuntesdesanluis.com\" \/>\n\t<meta name=\"twitter:label2\" content=\"Tiempo de lectura\" \/>\n\t<meta name=\"twitter:data2\" content=\"3 minutos\" \/>\n<script type=\"application\/ld+json\" class=\"yoast-schema-graph\">{\"@context\":\"https:\/\/schema.org\",\"@graph\":[{\"@type\":\"Article\",\"@id\":\"https:\/\/apuntesdesanluis.com\/index.php\/2025\/01\/22\/la-vacuna-contra-el-dengue-no-sera-masiva-sino-para-dos-sectores-especificos\/#article\",\"isPartOf\":{\"@id\":\"https:\/\/apuntesdesanluis.com\/index.php\/2025\/01\/22\/la-vacuna-contra-el-dengue-no-sera-masiva-sino-para-dos-sectores-especificos\/\"},\"author\":{\"name\":\"apuntesdesanluis.com\",\"@id\":\"https:\/\/apuntesdesanluis.com\/#\/schema\/person\/b55151d52296fcce64d1a72538a70b90\"},\"headline\":\"LA VACUNA CONTRA EL DENGUE NO SER\u00c1 MASIVA SINO PARA DOS SECTORES ESPEC\u00cdFICOS\",\"datePublished\":\"2025-01-22T19:51:20+00:00\",\"mainEntityOfPage\":{\"@id\":\"https:\/\/apuntesdesanluis.com\/index.php\/2025\/01\/22\/la-vacuna-contra-el-dengue-no-sera-masiva-sino-para-dos-sectores-especificos\/\"},\"wordCount\":528,\"publisher\":{\"@id\":\"https:\/\/apuntesdesanluis.com\/#\/schema\/person\/b55151d52296fcce64d1a72538a70b90\"},\"image\":{\"@id\":\"https:\/\/apuntesdesanluis.com\/index.php\/2025\/01\/22\/la-vacuna-contra-el-dengue-no-sera-masiva-sino-para-dos-sectores-especificos\/#primaryimage\"},\"thumbnailUrl\":\"https:\/\/apuntesdesanluis.com\/wp-content\/uploads\/2025\/01\/VACUNA-PAL-DENGUE.png\",\"articleSection\":[\"Ciudad\/Provincia\"],\"inLanguage\":\"es-AR\"},{\"@type\":\"WebPage\",\"@id\":\"https:\/\/apuntesdesanluis.com\/index.php\/2025\/01\/22\/la-vacuna-contra-el-dengue-no-sera-masiva-sino-para-dos-sectores-especificos\/\",\"url\":\"https:\/\/apuntesdesanluis.com\/index.php\/2025\/01\/22\/la-vacuna-contra-el-dengue-no-sera-masiva-sino-para-dos-sectores-especificos\/\",\"name\":\"LA VACUNA CONTRA EL DENGUE NO SER\u00c1 MASIVA SINO PARA DOS SECTORES ESPEC\u00cdFICOS - Apuntes de San Luis\",\"isPartOf\":{\"@id\":\"https:\/\/apuntesdesanluis.com\/#website\"},\"primaryImageOfPage\":{\"@id\":\"https:\/\/apuntesdesanluis.com\/index.php\/2025\/01\/22\/la-vacuna-contra-el-dengue-no-sera-masiva-sino-para-dos-sectores-especificos\/#primaryimage\"},\"image\":{\"@id\":\"https:\/\/apuntesdesanluis.com\/index.php\/2025\/01\/22\/la-vacuna-contra-el-dengue-no-sera-masiva-sino-para-dos-sectores-especificos\/#primaryimage\"},\"thumbnailUrl\":\"https:\/\/apuntesdesanluis.com\/wp-content\/uploads\/2025\/01\/VACUNA-PAL-DENGUE.png\",\"datePublished\":\"2025-01-22T19:51:20+00:00\",\"breadcrumb\":{\"@id\":\"https:\/\/apuntesdesanluis.com\/index.php\/2025\/01\/22\/la-vacuna-contra-el-dengue-no-sera-masiva-sino-para-dos-sectores-especificos\/#breadcrumb\"},\"inLanguage\":\"es-AR\",\"potentialAction\":[{\"@type\":\"ReadAction\",\"target\":[\"https:\/\/apuntesdesanluis.com\/index.php\/2025\/01\/22\/la-vacuna-contra-el-dengue-no-sera-masiva-sino-para-dos-sectores-especificos\/\"]}]},{\"@type\":\"ImageObject\",\"inLanguage\":\"es-AR\",\"@id\":\"https:\/\/apuntesdesanluis.com\/index.php\/2025\/01\/22\/la-vacuna-contra-el-dengue-no-sera-masiva-sino-para-dos-sectores-especificos\/#primaryimage\",\"url\":\"https:\/\/apuntesdesanluis.com\/wp-content\/uploads\/2025\/01\/VACUNA-PAL-DENGUE.png\",\"contentUrl\":\"https:\/\/apuntesdesanluis.com\/wp-content\/uploads\/2025\/01\/VACUNA-PAL-DENGUE.png\",\"width\":659,\"height\":398},{\"@type\":\"BreadcrumbList\",\"@id\":\"https:\/\/apuntesdesanluis.com\/index.php\/2025\/01\/22\/la-vacuna-contra-el-dengue-no-sera-masiva-sino-para-dos-sectores-especificos\/#breadcrumb\",\"itemListElement\":[{\"@type\":\"ListItem\",\"position\":1,\"name\":\"Inicio\",\"item\":\"https:\/\/apuntesdesanluis.com\/\"},{\"@type\":\"ListItem\",\"position\":2,\"name\":\"LA VACUNA CONTRA EL DENGUE NO SER\u00c1 MASIVA SINO PARA DOS SECTORES ESPEC\u00cdFICOS\"}]},{\"@type\":\"WebSite\",\"@id\":\"https:\/\/apuntesdesanluis.com\/#website\",\"url\":\"https:\/\/apuntesdesanluis.com\/\",\"name\":\"Apuntes de San Luis\",\"description\":\"\",\"publisher\":{\"@id\":\"https:\/\/apuntesdesanluis.com\/#\/schema\/person\/b55151d52296fcce64d1a72538a70b90\"},\"potentialAction\":[{\"@type\":\"SearchAction\",\"target\":{\"@type\":\"EntryPoint\",\"urlTemplate\":\"https:\/\/apuntesdesanluis.com\/?s={search_term_string}\"},\"query-input\":{\"@type\":\"PropertyValueSpecification\",\"valueRequired\":true,\"valueName\":\"search_term_string\"}}],\"inLanguage\":\"es-AR\"},{\"@type\":[\"Person\",\"Organization\"],\"@id\":\"https:\/\/apuntesdesanluis.com\/#\/schema\/person\/b55151d52296fcce64d1a72538a70b90\",\"name\":\"apuntesdesanluis.com\",\"image\":{\"@type\":\"ImageObject\",\"inLanguage\":\"es-AR\",\"@id\":\"https:\/\/apuntesdesanluis.com\/#\/schema\/person\/image\/\",\"url\":\"https:\/\/apuntesdesanluis.com\/wp-content\/uploads\/2023\/07\/cropped-apuntesdesanluis.png\",\"contentUrl\":\"https:\/\/apuntesdesanluis.com\/wp-content\/uploads\/2023\/07\/cropped-apuntesdesanluis.png\",\"width\":450,\"height\":112,\"caption\":\"apuntesdesanluis.com\"},\"logo\":{\"@id\":\"https:\/\/apuntesdesanluis.com\/#\/schema\/person\/image\/\"},\"sameAs\":[\"https:\/\/apuntesdesanluis.com\"],\"url\":\"https:\/\/apuntesdesanluis.com\/index.php\/author\/apuntesdesanluis-com\/\"}]}<\/script>\n<!-- \/ Yoast SEO plugin. -->","yoast_head_json":{"title":"LA VACUNA CONTRA EL DENGUE NO SER\u00c1 MASIVA SINO PARA DOS SECTORES ESPEC\u00cdFICOS - Apuntes de San Luis","robots":{"index":"index","follow":"follow","max-snippet":"max-snippet:-1","max-image-preview":"max-image-preview:large","max-video-preview":"max-video-preview:-1"},"canonical":"https:\/\/apuntesdesanluis.com\/index.php\/2025\/01\/22\/la-vacuna-contra-el-dengue-no-sera-masiva-sino-para-dos-sectores-especificos\/","og_locale":"es_ES","og_type":"article","og_title":"LA VACUNA CONTRA EL DENGUE NO SER\u00c1 MASIVA SINO PARA DOS SECTORES ESPEC\u00cdFICOS - Apuntes de San Luis","og_description":"El ministerio de Salud de la Provincia inform\u00f3 que la vacuna del dengue no ser\u00e1...","og_url":"https:\/\/apuntesdesanluis.com\/index.php\/2025\/01\/22\/la-vacuna-contra-el-dengue-no-sera-masiva-sino-para-dos-sectores-especificos\/","og_site_name":"Apuntes de San Luis","article_published_time":"2025-01-22T19:51:20+00:00","og_image":[{"width":659,"height":398,"url":"https:\/\/apuntesdesanluis.com\/wp-content\/uploads\/2025\/01\/VACUNA-PAL-DENGUE.png","type":"image\/png"}],"author":"apuntesdesanluis.com","twitter_card":"summary_large_image","twitter_misc":{"Escrito por":"apuntesdesanluis.com","Tiempo de lectura":"3 minutos"},"schema":{"@context":"https:\/\/schema.org","@graph":[{"@type":"Article","@id":"https:\/\/apuntesdesanluis.com\/index.php\/2025\/01\/22\/la-vacuna-contra-el-dengue-no-sera-masiva-sino-para-dos-sectores-especificos\/#article","isPartOf":{"@id":"https:\/\/apuntesdesanluis.com\/index.php\/2025\/01\/22\/la-vacuna-contra-el-dengue-no-sera-masiva-sino-para-dos-sectores-especificos\/"},"author":{"name":"apuntesdesanluis.com","@id":"https:\/\/apuntesdesanluis.com\/#\/schema\/person\/b55151d52296fcce64d1a72538a70b90"},"headline":"LA VACUNA CONTRA EL DENGUE NO SER\u00c1 MASIVA SINO PARA DOS SECTORES ESPEC\u00cdFICOS","datePublished":"2025-01-22T19:51:20+00:00","mainEntityOfPage":{"@id":"https:\/\/apuntesdesanluis.com\/index.php\/2025\/01\/22\/la-vacuna-contra-el-dengue-no-sera-masiva-sino-para-dos-sectores-especificos\/"},"wordCount":528,"publisher":{"@id":"https:\/\/apuntesdesanluis.com\/#\/schema\/person\/b55151d52296fcce64d1a72538a70b90"},"image":{"@id":"https:\/\/apuntesdesanluis.com\/index.php\/2025\/01\/22\/la-vacuna-contra-el-dengue-no-sera-masiva-sino-para-dos-sectores-especificos\/#primaryimage"},"thumbnailUrl":"https:\/\/apuntesdesanluis.com\/wp-content\/uploads\/2025\/01\/VACUNA-PAL-DENGUE.png","articleSection":["Ciudad\/Provincia"],"inLanguage":"es-AR"},{"@type":"WebPage","@id":"https:\/\/apuntesdesanluis.com\/index.php\/2025\/01\/22\/la-vacuna-contra-el-dengue-no-sera-masiva-sino-para-dos-sectores-especificos\/","url":"https:\/\/apuntesdesanluis.com\/index.php\/2025\/01\/22\/la-vacuna-contra-el-dengue-no-sera-masiva-sino-para-dos-sectores-especificos\/","name":"LA VACUNA CONTRA EL DENGUE NO SER\u00c1 MASIVA SINO PARA DOS SECTORES ESPEC\u00cdFICOS - Apuntes de San Luis","isPartOf":{"@id":"https:\/\/apuntesdesanluis.com\/#website"},"primaryImageOfPage":{"@id":"https:\/\/apuntesdesanluis.com\/index.php\/2025\/01\/22\/la-vacuna-contra-el-dengue-no-sera-masiva-sino-para-dos-sectores-especificos\/#primaryimage"},"image":{"@id":"https:\/\/apuntesdesanluis.com\/index.php\/2025\/01\/22\/la-vacuna-contra-el-dengue-no-sera-masiva-sino-para-dos-sectores-especificos\/#primaryimage"},"thumbnailUrl":"https:\/\/apuntesdesanluis.com\/wp-content\/uploads\/2025\/01\/VACUNA-PAL-DENGUE.png","datePublished":"2025-01-22T19:51:20+00:00","breadcrumb":{"@id":"https:\/\/apuntesdesanluis.com\/index.php\/2025\/01\/22\/la-vacuna-contra-el-dengue-no-sera-masiva-sino-para-dos-sectores-especificos\/#breadcrumb"},"inLanguage":"es-AR","potentialAction":[{"@type":"ReadAction","target":["https:\/\/apuntesdesanluis.com\/index.php\/2025\/01\/22\/la-vacuna-contra-el-dengue-no-sera-masiva-sino-para-dos-sectores-especificos\/"]}]},{"@type":"ImageObject","inLanguage":"es-AR","@id":"https:\/\/apuntesdesanluis.com\/index.php\/2025\/01\/22\/la-vacuna-contra-el-dengue-no-sera-masiva-sino-para-dos-sectores-especificos\/#primaryimage","url":"https:\/\/apuntesdesanluis.com\/wp-content\/uploads\/2025\/01\/VACUNA-PAL-DENGUE.png","contentUrl":"https:\/\/apuntesdesanluis.com\/wp-content\/uploads\/2025\/01\/VACUNA-PAL-DENGUE.png","width":659,"height":398},{"@type":"BreadcrumbList","@id":"https:\/\/apuntesdesanluis.com\/index.php\/2025\/01\/22\/la-vacuna-contra-el-dengue-no-sera-masiva-sino-para-dos-sectores-especificos\/#breadcrumb","itemListElement":[{"@type":"ListItem","position":1,"name":"Inicio","item":"https:\/\/apuntesdesanluis.com\/"},{"@type":"ListItem","position":2,"name":"LA VACUNA CONTRA EL DENGUE NO SER\u00c1 MASIVA SINO PARA DOS SECTORES ESPEC\u00cdFICOS"}]},{"@type":"WebSite","@id":"https:\/\/apuntesdesanluis.com\/#website","url":"https:\/\/apuntesdesanluis.com\/","name":"Apuntes de San Luis","description":"","publisher":{"@id":"https:\/\/apuntesdesanluis.com\/#\/schema\/person\/b55151d52296fcce64d1a72538a70b90"},"potentialAction":[{"@type":"SearchAction","target":{"@type":"EntryPoint","urlTemplate":"https:\/\/apuntesdesanluis.com\/?s={search_term_string}"},"query-input":{"@type":"PropertyValueSpecification","valueRequired":true,"valueName":"search_term_string"}}],"inLanguage":"es-AR"},{"@type":["Person","Organization"],"@id":"https:\/\/apuntesdesanluis.com\/#\/schema\/person\/b55151d52296fcce64d1a72538a70b90","name":"apuntesdesanluis.com","image":{"@type":"ImageObject","inLanguage":"es-AR","@id":"https:\/\/apuntesdesanluis.com\/#\/schema\/person\/image\/","url":"https:\/\/apuntesdesanluis.com\/wp-content\/uploads\/2023\/07\/cropped-apuntesdesanluis.png","contentUrl":"https:\/\/apuntesdesanluis.com\/wp-content\/uploads\/2023\/07\/cropped-apuntesdesanluis.png","width":450,"height":112,"caption":"apuntesdesanluis.com"},"logo":{"@id":"https:\/\/apuntesdesanluis.com\/#\/schema\/person\/image\/"},"sameAs":["https:\/\/apuntesdesanluis.com"],"url":"https:\/\/apuntesdesanluis.com\/index.php\/author\/apuntesdesanluis-com\/"}]}},"featured_image_urls":{"full":["https:\/\/apuntesdesanluis.com\/wp-content\/uploads\/2025\/01\/VACUNA-PAL-DENGUE.png",659,398,false],"thumbnail":["https:\/\/apuntesdesanluis.com\/wp-content\/uploads\/2025\/01\/VACUNA-PAL-DENGUE-150x150.png",150,150,true],"medium":["https:\/\/apuntesdesanluis.com\/wp-content\/uploads\/2025\/01\/VACUNA-PAL-DENGUE-300x181.png",300,181,true],"medium_large":["https:\/\/apuntesdesanluis.com\/wp-content\/uploads\/2025\/01\/VACUNA-PAL-DENGUE.png",640,387,false],"large":["https:\/\/apuntesdesanluis.com\/wp-content\/uploads\/2025\/01\/VACUNA-PAL-DENGUE.png",640,387,false],"1536x1536":["https:\/\/apuntesdesanluis.com\/wp-content\/uploads\/2025\/01\/VACUNA-PAL-DENGUE.png",659,398,false],"2048x2048":["https:\/\/apuntesdesanluis.com\/wp-content\/uploads\/2025\/01\/VACUNA-PAL-DENGUE.png",659,398,false],"newsever-slider-full":["https:\/\/apuntesdesanluis.com\/wp-content\/uploads\/2025\/01\/VACUNA-PAL-DENGUE.png",659,398,false],"newsever-featured":["https:\/\/apuntesdesanluis.com\/wp-content\/uploads\/2025\/01\/VACUNA-PAL-DENGUE.png",659,398,false],"newsever-medium":["https:\/\/apuntesdesanluis.com\/wp-content\/uploads\/2025\/01\/VACUNA-PAL-DENGUE.png",659,398,false]},"author_info":{"display_name":"apuntesdesanluis.com","author_link":"https:\/\/apuntesdesanluis.com\/index.php\/author\/apuntesdesanluis-com\/"},"category_info":"<a href=\"https:\/\/apuntesdesanluis.com\/index.php\/category\/ciudad-provincia\/\" rel=\"category tag\">Ciudad\/Provincia<\/a>","tag_info":"Ciudad\/Provincia","comment_count":"0","_links":{"self":[{"href":"https:\/\/apuntesdesanluis.com\/index.php\/wp-json\/wp\/v2\/posts\/28072","targetHints":{"allow":["GET"]}}],"collection":[{"href":"https:\/\/apuntesdesanluis.com\/index.php\/wp-json\/wp\/v2\/posts"}],"about":[{"href":"https:\/\/apuntesdesanluis.com\/index.php\/wp-json\/wp\/v2\/types\/post"}],"author":[{"embeddable":true,"href":"https:\/\/apuntesdesanluis.com\/index.php\/wp-json\/wp\/v2\/users\/1"}],"replies":[{"embeddable":true,"href":"https:\/\/apuntesdesanluis.com\/index.php\/wp-json\/wp\/v2\/comments?post=28072"}],"version-history":[{"count":1,"href":"https:\/\/apuntesdesanluis.com\/index.php\/wp-json\/wp\/v2\/posts\/28072\/revisions"}],"predecessor-version":[{"id":28074,"href":"https:\/\/apuntesdesanluis.com\/index.php\/wp-json\/wp\/v2\/posts\/28072\/revisions\/28074"}],"wp:featuredmedia":[{"embeddable":true,"href":"https:\/\/apuntesdesanluis.com\/index.php\/wp-json\/wp\/v2\/media\/28073"}],"wp:attachment":[{"href":"https:\/\/apuntesdesanluis.com\/index.php\/wp-json\/wp\/v2\/media?parent=28072"}],"wp:term":[{"taxonomy":"category","embeddable":true,"href":"https:\/\/apuntesdesanluis.com\/index.php\/wp-json\/wp\/v2\/categories?post=28072"},{"taxonomy":"post_tag","embeddable":true,"href":"https:\/\/apuntesdesanluis.com\/index.php\/wp-json\/wp\/v2\/tags?post=28072"}],"curies":[{"name":"wp","href":"https:\/\/api.w.org\/{rel}","templated":true}]}}