{"id":28080,"date":"2025-01-22T17:24:02","date_gmt":"2025-01-22T20:24:02","guid":{"rendered":"https:\/\/apuntesdesanluis.com\/?p=28080"},"modified":"2025-01-22T17:25:02","modified_gmt":"2025-01-22T20:25:02","slug":"el-municipio-de-merlo-acordo-con-los-gremios-un-aumento-salarial","status":"publish","type":"post","link":"https:\/\/apuntesdesanluis.com\/index.php\/2025\/01\/22\/el-municipio-de-merlo-acordo-con-los-gremios-un-aumento-salarial\/","title":{"rendered":"EL MUNICIPIO DE MERLO ACORD\u00d3 CON LOS GREMIOS UN AUMENTO SALARIAL"},"content":{"rendered":"<h3>La gesti\u00f3n municipal de la <strong>Villa de Merlo<\/strong> realizar\u00e1 un incremento salarial significativo para todos los trabajadores, incluyendo tanto a la planta permanente como a los contratados. <strong>Ser\u00e1 un total de 45%, dado en dos veces: 30% en enero sobre el b\u00e1sico y 15% a trav\u00e9s de \u00edtems de productividad<\/strong>.<\/h3>\n<h3>\u201cBajo una exitosa reuni\u00f3n donde se lleg\u00f3 a un mutuo acuerdo entre los gremios y el municipio, el ejecutivo propuso sumar al salario b\u00e1sico de este a\u00f1o todos los aumentos otorgados durante 2024, incluido el bono. Sobre esta base, se aplicar\u00e1 un incremento del 30% retroactivo al mes de enero, cuyo pago se realizar\u00eda el \u00faltimo d\u00eda h\u00e1bil de este mes y el 15% ser\u00e1 abonado en febrero a trav\u00e9s de los \u00edtems de productividad, llevando un aumento interanual del 160%\u201d, inform\u00f3 el municipio.<\/h3>\n<h3>Este 15% adicional, responde a un esquema para fomentar la productividad de los trabajadores municipales. Este incluir\u00e1 mejoras en conceptos como presentismo, antig\u00fcedad, el pago por t\u00edtulos acad\u00e9micos, las diferencias entre categor\u00edas laborales, buscando construir un sistema m\u00e1s justo y motivador que premie la eficiencia y el compromiso del personal.<\/h3>\n<h3>En este marco, el Municipio destac\u00f3 que \u201cestas medidas son posibles gracias a una administraci\u00f3n ordenada y eficiente, el pago de las tasas de los vecinos y la coparticipaci\u00f3n provincial, lo que ha permitido mantener el equilibrio fiscal pese a las dificultades econ\u00f3micas\u201d.<\/h3>\n<h3>\u201cEl Ejecutivo Municipal reafirma su compromiso de hacer el m\u00e1ximo esfuerzo para mejorar la situaci\u00f3n de sus trabajadores, conscientes de que los salarios actuales resultan insuficientes frente al contexto econ\u00f3mico, pero determinados a buscar soluciones que refuercen el bienestar de su equipo humano\u201d, concluy\u00f3 la informaci\u00f3n oficial.<\/h3>\n<h3><\/h3>\n<h3><\/h3>\n<p>&nbsp;<\/p>\n","protected":false},"excerpt":{"rendered":"<p>La gesti\u00f3n municipal de la Villa de Merlo realizar\u00e1 un incremento salarial significativo para todos&#8230;<\/p>\n","protected":false},"author":1,"featured_media":3002,"comment_status":"closed","ping_status":"closed","sticky":false,"template":"","format":"standard","meta":{"footnotes":""},"categories":[6],"tags":[],"class_list":["post-28080","post","type-post","status-publish","format-standard","has-post-thumbnail","hentry","category-ciudad-provincia"],"yoast_head":"<!-- This site is optimized with the Yoast SEO plugin v26.1.1 - https:\/\/yoast.com\/wordpress\/plugins\/seo\/ -->\n<title>EL MUNICIPIO DE MERLO ACORD\u00d3 CON LOS GREMIOS UN AUMENTO SALARIAL - Apuntes de San Luis<\/title>\n<meta name=\"robots\" content=\"index, follow, max-snippet:-1, max-image-preview:large, max-video-preview:-1\" \/>\n<link rel=\"canonical\" href=\"https:\/\/apuntesdesanluis.com\/index.php\/2025\/01\/22\/el-municipio-de-merlo-acordo-con-los-gremios-un-aumento-salarial\/\" \/>\n<meta property=\"og:locale\" content=\"es_ES\" \/>\n<meta property=\"og:type\" content=\"article\" \/>\n<meta property=\"og:title\" content=\"EL MUNICIPIO DE MERLO ACORD\u00d3 CON LOS GREMIOS UN AUMENTO SALARIAL - Apuntes de San Luis\" \/>\n<meta property=\"og:description\" content=\"La gesti\u00f3n municipal de la Villa de Merlo realizar\u00e1 un incremento salarial significativo para todos...\" \/>\n<meta property=\"og:url\" content=\"https:\/\/apuntesdesanluis.com\/index.php\/2025\/01\/22\/el-municipio-de-merlo-acordo-con-los-gremios-un-aumento-salarial\/\" \/>\n<meta property=\"og:site_name\" content=\"Apuntes de San Luis\" \/>\n<meta property=\"article:published_time\" content=\"2025-01-22T20:24:02+00:00\" \/>\n<meta property=\"article:modified_time\" content=\"2025-01-22T20:25:02+00:00\" \/>\n<meta property=\"og:image\" content=\"https:\/\/apuntesdesanluis.com\/wp-content\/uploads\/2023\/09\/MUNICIPALIDAD-DE-MERLO.png\" \/>\n\t<meta property=\"og:image:width\" content=\"629\" \/>\n\t<meta property=\"og:image:height\" content=\"377\" \/>\n\t<meta property=\"og:image:type\" content=\"image\/png\" \/>\n<meta name=\"author\" content=\"apuntesdesanluis.com\" \/>\n<meta name=\"twitter:card\" content=\"summary_large_image\" \/>\n<meta name=\"twitter:label1\" content=\"Escrito por\" \/>\n\t<meta name=\"twitter:data1\" content=\"apuntesdesanluis.com\" \/>\n\t<meta name=\"twitter:label2\" content=\"Tiempo de lectura\" \/>\n\t<meta name=\"twitter:data2\" content=\"2 minutos\" \/>\n<script type=\"application\/ld+json\" class=\"yoast-schema-graph\">{\"@context\":\"https:\/\/schema.org\",\"@graph\":[{\"@type\":\"Article\",\"@id\":\"https:\/\/apuntesdesanluis.com\/index.php\/2025\/01\/22\/el-municipio-de-merlo-acordo-con-los-gremios-un-aumento-salarial\/#article\",\"isPartOf\":{\"@id\":\"https:\/\/apuntesdesanluis.com\/index.php\/2025\/01\/22\/el-municipio-de-merlo-acordo-con-los-gremios-un-aumento-salarial\/\"},\"author\":{\"name\":\"apuntesdesanluis.com\",\"@id\":\"https:\/\/apuntesdesanluis.com\/#\/schema\/person\/b55151d52296fcce64d1a72538a70b90\"},\"headline\":\"EL MUNICIPIO DE MERLO ACORD\u00d3 CON LOS GREMIOS UN AUMENTO SALARIAL\",\"datePublished\":\"2025-01-22T20:24:02+00:00\",\"dateModified\":\"2025-01-22T20:25:02+00:00\",\"mainEntityOfPage\":{\"@id\":\"https:\/\/apuntesdesanluis.com\/index.php\/2025\/01\/22\/el-municipio-de-merlo-acordo-con-los-gremios-un-aumento-salarial\/\"},\"wordCount\":300,\"publisher\":{\"@id\":\"https:\/\/apuntesdesanluis.com\/#\/schema\/person\/b55151d52296fcce64d1a72538a70b90\"},\"image\":{\"@id\":\"https:\/\/apuntesdesanluis.com\/index.php\/2025\/01\/22\/el-municipio-de-merlo-acordo-con-los-gremios-un-aumento-salarial\/#primaryimage\"},\"thumbnailUrl\":\"https:\/\/apuntesdesanluis.com\/wp-content\/uploads\/2023\/09\/MUNICIPALIDAD-DE-MERLO.png\",\"articleSection\":[\"Ciudad\/Provincia\"],\"inLanguage\":\"es-AR\"},{\"@type\":\"WebPage\",\"@id\":\"https:\/\/apuntesdesanluis.com\/index.php\/2025\/01\/22\/el-municipio-de-merlo-acordo-con-los-gremios-un-aumento-salarial\/\",\"url\":\"https:\/\/apuntesdesanluis.com\/index.php\/2025\/01\/22\/el-municipio-de-merlo-acordo-con-los-gremios-un-aumento-salarial\/\",\"name\":\"EL MUNICIPIO DE MERLO ACORD\u00d3 CON LOS GREMIOS UN AUMENTO SALARIAL - Apuntes de San Luis\",\"isPartOf\":{\"@id\":\"https:\/\/apuntesdesanluis.com\/#website\"},\"primaryImageOfPage\":{\"@id\":\"https:\/\/apuntesdesanluis.com\/index.php\/2025\/01\/22\/el-municipio-de-merlo-acordo-con-los-gremios-un-aumento-salarial\/#primaryimage\"},\"image\":{\"@id\":\"https:\/\/apuntesdesanluis.com\/index.php\/2025\/01\/22\/el-municipio-de-merlo-acordo-con-los-gremios-un-aumento-salarial\/#primaryimage\"},\"thumbnailUrl\":\"https:\/\/apuntesdesanluis.com\/wp-content\/uploads\/2023\/09\/MUNICIPALIDAD-DE-MERLO.png\",\"datePublished\":\"2025-01-22T20:24:02+00:00\",\"dateModified\":\"2025-01-22T20:25:02+00:00\",\"breadcrumb\":{\"@id\":\"https:\/\/apuntesdesanluis.com\/index.php\/2025\/01\/22\/el-municipio-de-merlo-acordo-con-los-gremios-un-aumento-salarial\/#breadcrumb\"},\"inLanguage\":\"es-AR\",\"potentialAction\":[{\"@type\":\"ReadAction\",\"target\":[\"https:\/\/apuntesdesanluis.com\/index.php\/2025\/01\/22\/el-municipio-de-merlo-acordo-con-los-gremios-un-aumento-salarial\/\"]}]},{\"@type\":\"ImageObject\",\"inLanguage\":\"es-AR\",\"@id\":\"https:\/\/apuntesdesanluis.com\/index.php\/2025\/01\/22\/el-municipio-de-merlo-acordo-con-los-gremios-un-aumento-salarial\/#primaryimage\",\"url\":\"https:\/\/apuntesdesanluis.com\/wp-content\/uploads\/2023\/09\/MUNICIPALIDAD-DE-MERLO.png\",\"contentUrl\":\"https:\/\/apuntesdesanluis.com\/wp-content\/uploads\/2023\/09\/MUNICIPALIDAD-DE-MERLO.png\",\"width\":629,\"height\":377},{\"@type\":\"BreadcrumbList\",\"@id\":\"https:\/\/apuntesdesanluis.com\/index.php\/2025\/01\/22\/el-municipio-de-merlo-acordo-con-los-gremios-un-aumento-salarial\/#breadcrumb\",\"itemListElement\":[{\"@type\":\"ListItem\",\"position\":1,\"name\":\"Inicio\",\"item\":\"https:\/\/apuntesdesanluis.com\/\"},{\"@type\":\"ListItem\",\"position\":2,\"name\":\"EL MUNICIPIO DE MERLO ACORD\u00d3 CON LOS GREMIOS UN AUMENTO SALARIAL\"}]},{\"@type\":\"WebSite\",\"@id\":\"https:\/\/apuntesdesanluis.com\/#website\",\"url\":\"https:\/\/apuntesdesanluis.com\/\",\"name\":\"Apuntes de San Luis\",\"description\":\"\",\"publisher\":{\"@id\":\"https:\/\/apuntesdesanluis.com\/#\/schema\/person\/b55151d52296fcce64d1a72538a70b90\"},\"potentialAction\":[{\"@type\":\"SearchAction\",\"target\":{\"@type\":\"EntryPoint\",\"urlTemplate\":\"https:\/\/apuntesdesanluis.com\/?s={search_term_string}\"},\"query-input\":{\"@type\":\"PropertyValueSpecification\",\"valueRequired\":true,\"valueName\":\"search_term_string\"}}],\"inLanguage\":\"es-AR\"},{\"@type\":[\"Person\",\"Organization\"],\"@id\":\"https:\/\/apuntesdesanluis.com\/#\/schema\/person\/b55151d52296fcce64d1a72538a70b90\",\"name\":\"apuntesdesanluis.com\",\"image\":{\"@type\":\"ImageObject\",\"inLanguage\":\"es-AR\",\"@id\":\"https:\/\/apuntesdesanluis.com\/#\/schema\/person\/image\/\",\"url\":\"https:\/\/apuntesdesanluis.com\/wp-content\/uploads\/2023\/07\/cropped-apuntesdesanluis.png\",\"contentUrl\":\"https:\/\/apuntesdesanluis.com\/wp-content\/uploads\/2023\/07\/cropped-apuntesdesanluis.png\",\"width\":450,\"height\":112,\"caption\":\"apuntesdesanluis.com\"},\"logo\":{\"@id\":\"https:\/\/apuntesdesanluis.com\/#\/schema\/person\/image\/\"},\"sameAs\":[\"https:\/\/apuntesdesanluis.com\"],\"url\":\"https:\/\/apuntesdesanluis.com\/index.php\/author\/apuntesdesanluis-com\/\"}]}<\/script>\n<!-- \/ Yoast SEO plugin. -->","yoast_head_json":{"title":"EL MUNICIPIO DE MERLO ACORD\u00d3 CON LOS GREMIOS UN AUMENTO SALARIAL - Apuntes de San Luis","robots":{"index":"index","follow":"follow","max-snippet":"max-snippet:-1","max-image-preview":"max-image-preview:large","max-video-preview":"max-video-preview:-1"},"canonical":"https:\/\/apuntesdesanluis.com\/index.php\/2025\/01\/22\/el-municipio-de-merlo-acordo-con-los-gremios-un-aumento-salarial\/","og_locale":"es_ES","og_type":"article","og_title":"EL MUNICIPIO DE MERLO ACORD\u00d3 CON LOS GREMIOS UN AUMENTO SALARIAL - Apuntes de San Luis","og_description":"La gesti\u00f3n municipal de la Villa de Merlo realizar\u00e1 un incremento salarial significativo para todos...","og_url":"https:\/\/apuntesdesanluis.com\/index.php\/2025\/01\/22\/el-municipio-de-merlo-acordo-con-los-gremios-un-aumento-salarial\/","og_site_name":"Apuntes de San Luis","article_published_time":"2025-01-22T20:24:02+00:00","article_modified_time":"2025-01-22T20:25:02+00:00","og_image":[{"width":629,"height":377,"url":"https:\/\/apuntesdesanluis.com\/wp-content\/uploads\/2023\/09\/MUNICIPALIDAD-DE-MERLO.png","type":"image\/png"}],"author":"apuntesdesanluis.com","twitter_card":"summary_large_image","twitter_misc":{"Escrito por":"apuntesdesanluis.com","Tiempo de lectura":"2 minutos"},"schema":{"@context":"https:\/\/schema.org","@graph":[{"@type":"Article","@id":"https:\/\/apuntesdesanluis.com\/index.php\/2025\/01\/22\/el-municipio-de-merlo-acordo-con-los-gremios-un-aumento-salarial\/#article","isPartOf":{"@id":"https:\/\/apuntesdesanluis.com\/index.php\/2025\/01\/22\/el-municipio-de-merlo-acordo-con-los-gremios-un-aumento-salarial\/"},"author":{"name":"apuntesdesanluis.com","@id":"https:\/\/apuntesdesanluis.com\/#\/schema\/person\/b55151d52296fcce64d1a72538a70b90"},"headline":"EL MUNICIPIO DE MERLO ACORD\u00d3 CON LOS GREMIOS UN AUMENTO SALARIAL","datePublished":"2025-01-22T20:24:02+00:00","dateModified":"2025-01-22T20:25:02+00:00","mainEntityOfPage":{"@id":"https:\/\/apuntesdesanluis.com\/index.php\/2025\/01\/22\/el-municipio-de-merlo-acordo-con-los-gremios-un-aumento-salarial\/"},"wordCount":300,"publisher":{"@id":"https:\/\/apuntesdesanluis.com\/#\/schema\/person\/b55151d52296fcce64d1a72538a70b90"},"image":{"@id":"https:\/\/apuntesdesanluis.com\/index.php\/2025\/01\/22\/el-municipio-de-merlo-acordo-con-los-gremios-un-aumento-salarial\/#primaryimage"},"thumbnailUrl":"https:\/\/apuntesdesanluis.com\/wp-content\/uploads\/2023\/09\/MUNICIPALIDAD-DE-MERLO.png","articleSection":["Ciudad\/Provincia"],"inLanguage":"es-AR"},{"@type":"WebPage","@id":"https:\/\/apuntesdesanluis.com\/index.php\/2025\/01\/22\/el-municipio-de-merlo-acordo-con-los-gremios-un-aumento-salarial\/","url":"https:\/\/apuntesdesanluis.com\/index.php\/2025\/01\/22\/el-municipio-de-merlo-acordo-con-los-gremios-un-aumento-salarial\/","name":"EL MUNICIPIO DE MERLO ACORD\u00d3 CON LOS GREMIOS UN AUMENTO SALARIAL - Apuntes de San Luis","isPartOf":{"@id":"https:\/\/apuntesdesanluis.com\/#website"},"primaryImageOfPage":{"@id":"https:\/\/apuntesdesanluis.com\/index.php\/2025\/01\/22\/el-municipio-de-merlo-acordo-con-los-gremios-un-aumento-salarial\/#primaryimage"},"image":{"@id":"https:\/\/apuntesdesanluis.com\/index.php\/2025\/01\/22\/el-municipio-de-merlo-acordo-con-los-gremios-un-aumento-salarial\/#primaryimage"},"thumbnailUrl":"https:\/\/apuntesdesanluis.com\/wp-content\/uploads\/2023\/09\/MUNICIPALIDAD-DE-MERLO.png","datePublished":"2025-01-22T20:24:02+00:00","dateModified":"2025-01-22T20:25:02+00:00","breadcrumb":{"@id":"https:\/\/apuntesdesanluis.com\/index.php\/2025\/01\/22\/el-municipio-de-merlo-acordo-con-los-gremios-un-aumento-salarial\/#breadcrumb"},"inLanguage":"es-AR","potentialAction":[{"@type":"ReadAction","target":["https:\/\/apuntesdesanluis.com\/index.php\/2025\/01\/22\/el-municipio-de-merlo-acordo-con-los-gremios-un-aumento-salarial\/"]}]},{"@type":"ImageObject","inLanguage":"es-AR","@id":"https:\/\/apuntesdesanluis.com\/index.php\/2025\/01\/22\/el-municipio-de-merlo-acordo-con-los-gremios-un-aumento-salarial\/#primaryimage","url":"https:\/\/apuntesdesanluis.com\/wp-content\/uploads\/2023\/09\/MUNICIPALIDAD-DE-MERLO.png","contentUrl":"https:\/\/apuntesdesanluis.com\/wp-content\/uploads\/2023\/09\/MUNICIPALIDAD-DE-MERLO.png","width":629,"height":377},{"@type":"BreadcrumbList","@id":"https:\/\/apuntesdesanluis.com\/index.php\/2025\/01\/22\/el-municipio-de-merlo-acordo-con-los-gremios-un-aumento-salarial\/#breadcrumb","itemListElement":[{"@type":"ListItem","position":1,"name":"Inicio","item":"https:\/\/apuntesdesanluis.com\/"},{"@type":"ListItem","position":2,"name":"EL MUNICIPIO DE MERLO ACORD\u00d3 CON LOS GREMIOS UN AUMENTO SALARIAL"}]},{"@type":"WebSite","@id":"https:\/\/apuntesdesanluis.com\/#website","url":"https:\/\/apuntesdesanluis.com\/","name":"Apuntes de San Luis","description":"","publisher":{"@id":"https:\/\/apuntesdesanluis.com\/#\/schema\/person\/b55151d52296fcce64d1a72538a70b90"},"potentialAction":[{"@type":"SearchAction","target":{"@type":"EntryPoint","urlTemplate":"https:\/\/apuntesdesanluis.com\/?s={search_term_string}"},"query-input":{"@type":"PropertyValueSpecification","valueRequired":true,"valueName":"search_term_string"}}],"inLanguage":"es-AR"},{"@type":["Person","Organization"],"@id":"https:\/\/apuntesdesanluis.com\/#\/schema\/person\/b55151d52296fcce64d1a72538a70b90","name":"apuntesdesanluis.com","image":{"@type":"ImageObject","inLanguage":"es-AR","@id":"https:\/\/apuntesdesanluis.com\/#\/schema\/person\/image\/","url":"https:\/\/apuntesdesanluis.com\/wp-content\/uploads\/2023\/07\/cropped-apuntesdesanluis.png","contentUrl":"https:\/\/apuntesdesanluis.com\/wp-content\/uploads\/2023\/07\/cropped-apuntesdesanluis.png","width":450,"height":112,"caption":"apuntesdesanluis.com"},"logo":{"@id":"https:\/\/apuntesdesanluis.com\/#\/schema\/person\/image\/"},"sameAs":["https:\/\/apuntesdesanluis.com"],"url":"https:\/\/apuntesdesanluis.com\/index.php\/author\/apuntesdesanluis-com\/"}]}},"featured_image_urls":{"full":["https:\/\/apuntesdesanluis.com\/wp-content\/uploads\/2023\/09\/MUNICIPALIDAD-DE-MERLO.png",629,377,false],"thumbnail":["https:\/\/apuntesdesanluis.com\/wp-content\/uploads\/2023\/09\/MUNICIPALIDAD-DE-MERLO-150x150.png",150,150,true],"medium":["https:\/\/apuntesdesanluis.com\/wp-content\/uploads\/2023\/09\/MUNICIPALIDAD-DE-MERLO-300x180.png",300,180,true],"medium_large":["https:\/\/apuntesdesanluis.com\/wp-content\/uploads\/2023\/09\/MUNICIPALIDAD-DE-MERLO.png",629,377,false],"large":["https:\/\/apuntesdesanluis.com\/wp-content\/uploads\/2023\/09\/MUNICIPALIDAD-DE-MERLO.png",629,377,false],"1536x1536":["https:\/\/apuntesdesanluis.com\/wp-content\/uploads\/2023\/09\/MUNICIPALIDAD-DE-MERLO.png",629,377,false],"2048x2048":["https:\/\/apuntesdesanluis.com\/wp-content\/uploads\/2023\/09\/MUNICIPALIDAD-DE-MERLO.png",629,377,false],"newsever-slider-full":["https:\/\/apuntesdesanluis.com\/wp-content\/uploads\/2023\/09\/MUNICIPALIDAD-DE-MERLO.png",629,377,false],"newsever-featured":["https:\/\/apuntesdesanluis.com\/wp-content\/uploads\/2023\/09\/MUNICIPALIDAD-DE-MERLO.png",629,377,false],"newsever-medium":["https:\/\/apuntesdesanluis.com\/wp-content\/uploads\/2023\/09\/MUNICIPALIDAD-DE-MERLO.png",629,377,false]},"author_info":{"display_name":"apuntesdesanluis.com","author_link":"https:\/\/apuntesdesanluis.com\/index.php\/author\/apuntesdesanluis-com\/"},"category_info":"<a href=\"https:\/\/apuntesdesanluis.com\/index.php\/category\/ciudad-provincia\/\" rel=\"category tag\">Ciudad\/Provincia<\/a>","tag_info":"Ciudad\/Provincia","comment_count":"0","_links":{"self":[{"href":"https:\/\/apuntesdesanluis.com\/index.php\/wp-json\/wp\/v2\/posts\/28080","targetHints":{"allow":["GET"]}}],"collection":[{"href":"https:\/\/apuntesdesanluis.com\/index.php\/wp-json\/wp\/v2\/posts"}],"about":[{"href":"https:\/\/apuntesdesanluis.com\/index.php\/wp-json\/wp\/v2\/types\/post"}],"author":[{"embeddable":true,"href":"https:\/\/apuntesdesanluis.com\/index.php\/wp-json\/wp\/v2\/users\/1"}],"replies":[{"embeddable":true,"href":"https:\/\/apuntesdesanluis.com\/index.php\/wp-json\/wp\/v2\/comments?post=28080"}],"version-history":[{"count":2,"href":"https:\/\/apuntesdesanluis.com\/index.php\/wp-json\/wp\/v2\/posts\/28080\/revisions"}],"predecessor-version":[{"id":28082,"href":"https:\/\/apuntesdesanluis.com\/index.php\/wp-json\/wp\/v2\/posts\/28080\/revisions\/28082"}],"wp:featuredmedia":[{"embeddable":true,"href":"https:\/\/apuntesdesanluis.com\/index.php\/wp-json\/wp\/v2\/media\/3002"}],"wp:attachment":[{"href":"https:\/\/apuntesdesanluis.com\/index.php\/wp-json\/wp\/v2\/media?parent=28080"}],"wp:term":[{"taxonomy":"category","embeddable":true,"href":"https:\/\/apuntesdesanluis.com\/index.php\/wp-json\/wp\/v2\/categories?post=28080"},{"taxonomy":"post_tag","embeddable":true,"href":"https:\/\/apuntesdesanluis.com\/index.php\/wp-json\/wp\/v2\/tags?post=28080"}],"curies":[{"name":"wp","href":"https:\/\/api.w.org\/{rel}","templated":true}]}}