{"id":28093,"date":"2025-01-23T12:50:10","date_gmt":"2025-01-23T15:50:10","guid":{"rendered":"https:\/\/apuntesdesanluis.com\/?p=28093"},"modified":"2025-01-23T19:25:28","modified_gmt":"2025-01-23T22:25:28","slug":"el-sur-y-centro-de-san-luis-estan-bajo-alerta-por-tormentas-fuertes","status":"publish","type":"post","link":"https:\/\/apuntesdesanluis.com\/index.php\/2025\/01\/23\/el-sur-y-centro-de-san-luis-estan-bajo-alerta-por-tormentas-fuertes\/","title":{"rendered":"EL SUR Y CENTRO DE SAN LUIS EST\u00c1N BAJO ALERTA POR TORMENTAS FUERTES"},"content":{"rendered":"<h3>La <strong>Red de Estaciones Meteorol\u00f3gicas<\/strong> (REM) de San Luis emiti\u00f3 esta ma\u00f1ana una <strong>alerta por tormentas fuertes para las regiones sur y centro de la provincia, que luego renov\u00f3 a las 18:42 h.<\/strong><\/h3>\n<h3>El informe matutino advierti\u00f3 que pasado el mediod\u00eda dichas regiones podr\u00edan ser azotadas por fuertes vientos, actividad el\u00e9ctrica intensa, lluvias intensas en cortos periodos de tiempo y posible ca\u00edda de granizo. Dicho pron\u00f3stico estuvo vigente hasta las 18:00.<\/h3>\n<p><img fetchpriority=\"high\" decoding=\"async\" class=\"wp-image-28094 aligncenter\" src=\"https:\/\/apuntesdesanluis.com\/wp-content\/uploads\/2025\/01\/alerta-300x263.png\" alt=\"\" width=\"686\" height=\"601\" srcset=\"https:\/\/apuntesdesanluis.com\/wp-content\/uploads\/2025\/01\/alerta-300x263.png 300w, https:\/\/apuntesdesanluis.com\/wp-content\/uploads\/2025\/01\/alerta-768x674.png 768w, https:\/\/apuntesdesanluis.com\/wp-content\/uploads\/2025\/01\/alerta.png 816w\" sizes=\"(max-width: 686px) 100vw, 686px\" \/><\/p>\n<h3>Respecto al clima en general, la REM anuncia un d\u00eda inestable con una ma\u00f1ana que comenzar\u00e1 despejada pero con nubes que ir\u00e1n cubriendo el cielo paulatinamente desde el sur hacia el centro con el correr de las horas. \u201cLas temperaturas oscilar\u00e1n entre 19\u00b0C y 35\u00b0C en promedio provincial\u201d, inform\u00f3 el organismo, aunque en la capital el term\u00f3metro pod\u00eda superar los 36\u00ba.<\/h3>\n<h3>Los vientos por la ma\u00f1ana predominar\u00e1n del sector norte con r\u00e1fagas de hasta 65 kil\u00f3metros por hora en la regi\u00f3n noroeste, y por la tarde rotar\u00e1n al sureste disminuyendo hacia la noche.<\/h3>\n<h3>Luego, a las 18:42 la REM renov\u00f3 la alerta meteorol\u00f3gica, hasta las 07:00 de este viernes 24.<\/h3>\n<p><img decoding=\"async\" class=\"wp-image-28109 aligncenter\" src=\"https:\/\/apuntesdesanluis.com\/wp-content\/uploads\/2025\/01\/474655013_928982596044224_3741905318641758189_n-300x265.jpg\" alt=\"\" width=\"686\" height=\"606\" srcset=\"https:\/\/apuntesdesanluis.com\/wp-content\/uploads\/2025\/01\/474655013_928982596044224_3741905318641758189_n-300x265.jpg 300w, https:\/\/apuntesdesanluis.com\/wp-content\/uploads\/2025\/01\/474655013_928982596044224_3741905318641758189_n.jpg 600w\" sizes=\"(max-width: 686px) 100vw, 686px\" \/><\/p>\n<p>&nbsp;<\/p>\n<p>&nbsp;<\/p>\n<p>&nbsp;<\/p>\n<p>&nbsp;<\/p>\n<p>&nbsp;<\/p>\n<p>&nbsp;<\/p>\n<p>&nbsp;<\/p>\n","protected":false},"excerpt":{"rendered":"<p>La Red de Estaciones Meteorol\u00f3gicas (REM) de San Luis emiti\u00f3 esta ma\u00f1ana una alerta por&#8230;<\/p>\n","protected":false},"author":1,"featured_media":5529,"comment_status":"closed","ping_status":"closed","sticky":false,"template":"","format":"standard","meta":{"footnotes":""},"categories":[6],"tags":[],"class_list":["post-28093","post","type-post","status-publish","format-standard","has-post-thumbnail","hentry","category-ciudad-provincia"],"yoast_head":"<!-- This site is optimized with the Yoast SEO plugin v26.1.1 - https:\/\/yoast.com\/wordpress\/plugins\/seo\/ -->\n<title>EL SUR Y CENTRO DE SAN LUIS EST\u00c1N BAJO ALERTA POR TORMENTAS FUERTES - Apuntes de San Luis<\/title>\n<meta name=\"robots\" content=\"index, follow, max-snippet:-1, max-image-preview:large, max-video-preview:-1\" \/>\n<link rel=\"canonical\" href=\"https:\/\/apuntesdesanluis.com\/index.php\/2025\/01\/23\/el-sur-y-centro-de-san-luis-estan-bajo-alerta-por-tormentas-fuertes\/\" \/>\n<meta property=\"og:locale\" content=\"es_ES\" \/>\n<meta property=\"og:type\" content=\"article\" \/>\n<meta property=\"og:title\" content=\"EL SUR Y CENTRO DE SAN LUIS EST\u00c1N BAJO ALERTA POR TORMENTAS FUERTES - Apuntes de San Luis\" \/>\n<meta property=\"og:description\" content=\"La Red de Estaciones Meteorol\u00f3gicas (REM) de San Luis emiti\u00f3 esta ma\u00f1ana una alerta por...\" \/>\n<meta property=\"og:url\" content=\"https:\/\/apuntesdesanluis.com\/index.php\/2025\/01\/23\/el-sur-y-centro-de-san-luis-estan-bajo-alerta-por-tormentas-fuertes\/\" \/>\n<meta property=\"og:site_name\" content=\"Apuntes de San Luis\" \/>\n<meta property=\"article:published_time\" content=\"2025-01-23T15:50:10+00:00\" \/>\n<meta property=\"article:modified_time\" content=\"2025-01-23T22:25:28+00:00\" \/>\n<meta property=\"og:image\" content=\"https:\/\/apuntesdesanluis.com\/wp-content\/uploads\/2023\/10\/TORMENTA.png\" \/>\n\t<meta property=\"og:image:width\" content=\"683\" \/>\n\t<meta property=\"og:image:height\" content=\"398\" \/>\n\t<meta property=\"og:image:type\" content=\"image\/png\" \/>\n<meta name=\"author\" content=\"apuntesdesanluis.com\" \/>\n<meta name=\"twitter:card\" content=\"summary_large_image\" \/>\n<meta name=\"twitter:label1\" content=\"Escrito por\" \/>\n\t<meta name=\"twitter:data1\" content=\"apuntesdesanluis.com\" \/>\n\t<meta name=\"twitter:label2\" content=\"Tiempo de lectura\" \/>\n\t<meta name=\"twitter:data2\" content=\"2 minutos\" \/>\n<script type=\"application\/ld+json\" class=\"yoast-schema-graph\">{\"@context\":\"https:\/\/schema.org\",\"@graph\":[{\"@type\":\"Article\",\"@id\":\"https:\/\/apuntesdesanluis.com\/index.php\/2025\/01\/23\/el-sur-y-centro-de-san-luis-estan-bajo-alerta-por-tormentas-fuertes\/#article\",\"isPartOf\":{\"@id\":\"https:\/\/apuntesdesanluis.com\/index.php\/2025\/01\/23\/el-sur-y-centro-de-san-luis-estan-bajo-alerta-por-tormentas-fuertes\/\"},\"author\":{\"name\":\"apuntesdesanluis.com\",\"@id\":\"https:\/\/apuntesdesanluis.com\/#\/schema\/person\/b55151d52296fcce64d1a72538a70b90\"},\"headline\":\"EL SUR Y CENTRO DE SAN LUIS EST\u00c1N BAJO ALERTA POR TORMENTAS FUERTES\",\"datePublished\":\"2025-01-23T15:50:10+00:00\",\"dateModified\":\"2025-01-23T22:25:28+00:00\",\"mainEntityOfPage\":{\"@id\":\"https:\/\/apuntesdesanluis.com\/index.php\/2025\/01\/23\/el-sur-y-centro-de-san-luis-estan-bajo-alerta-por-tormentas-fuertes\/\"},\"wordCount\":215,\"publisher\":{\"@id\":\"https:\/\/apuntesdesanluis.com\/#\/schema\/person\/b55151d52296fcce64d1a72538a70b90\"},\"image\":{\"@id\":\"https:\/\/apuntesdesanluis.com\/index.php\/2025\/01\/23\/el-sur-y-centro-de-san-luis-estan-bajo-alerta-por-tormentas-fuertes\/#primaryimage\"},\"thumbnailUrl\":\"https:\/\/apuntesdesanluis.com\/wp-content\/uploads\/2023\/10\/TORMENTA.png\",\"articleSection\":[\"Ciudad\/Provincia\"],\"inLanguage\":\"es-AR\"},{\"@type\":\"WebPage\",\"@id\":\"https:\/\/apuntesdesanluis.com\/index.php\/2025\/01\/23\/el-sur-y-centro-de-san-luis-estan-bajo-alerta-por-tormentas-fuertes\/\",\"url\":\"https:\/\/apuntesdesanluis.com\/index.php\/2025\/01\/23\/el-sur-y-centro-de-san-luis-estan-bajo-alerta-por-tormentas-fuertes\/\",\"name\":\"EL SUR Y CENTRO DE SAN LUIS EST\u00c1N BAJO ALERTA POR TORMENTAS FUERTES - Apuntes de San Luis\",\"isPartOf\":{\"@id\":\"https:\/\/apuntesdesanluis.com\/#website\"},\"primaryImageOfPage\":{\"@id\":\"https:\/\/apuntesdesanluis.com\/index.php\/2025\/01\/23\/el-sur-y-centro-de-san-luis-estan-bajo-alerta-por-tormentas-fuertes\/#primaryimage\"},\"image\":{\"@id\":\"https:\/\/apuntesdesanluis.com\/index.php\/2025\/01\/23\/el-sur-y-centro-de-san-luis-estan-bajo-alerta-por-tormentas-fuertes\/#primaryimage\"},\"thumbnailUrl\":\"https:\/\/apuntesdesanluis.com\/wp-content\/uploads\/2023\/10\/TORMENTA.png\",\"datePublished\":\"2025-01-23T15:50:10+00:00\",\"dateModified\":\"2025-01-23T22:25:28+00:00\",\"breadcrumb\":{\"@id\":\"https:\/\/apuntesdesanluis.com\/index.php\/2025\/01\/23\/el-sur-y-centro-de-san-luis-estan-bajo-alerta-por-tormentas-fuertes\/#breadcrumb\"},\"inLanguage\":\"es-AR\",\"potentialAction\":[{\"@type\":\"ReadAction\",\"target\":[\"https:\/\/apuntesdesanluis.com\/index.php\/2025\/01\/23\/el-sur-y-centro-de-san-luis-estan-bajo-alerta-por-tormentas-fuertes\/\"]}]},{\"@type\":\"ImageObject\",\"inLanguage\":\"es-AR\",\"@id\":\"https:\/\/apuntesdesanluis.com\/index.php\/2025\/01\/23\/el-sur-y-centro-de-san-luis-estan-bajo-alerta-por-tormentas-fuertes\/#primaryimage\",\"url\":\"https:\/\/apuntesdesanluis.com\/wp-content\/uploads\/2023\/10\/TORMENTA.png\",\"contentUrl\":\"https:\/\/apuntesdesanluis.com\/wp-content\/uploads\/2023\/10\/TORMENTA.png\",\"width\":683,\"height\":398},{\"@type\":\"BreadcrumbList\",\"@id\":\"https:\/\/apuntesdesanluis.com\/index.php\/2025\/01\/23\/el-sur-y-centro-de-san-luis-estan-bajo-alerta-por-tormentas-fuertes\/#breadcrumb\",\"itemListElement\":[{\"@type\":\"ListItem\",\"position\":1,\"name\":\"Inicio\",\"item\":\"https:\/\/apuntesdesanluis.com\/\"},{\"@type\":\"ListItem\",\"position\":2,\"name\":\"EL SUR Y CENTRO DE SAN LUIS EST\u00c1N BAJO ALERTA POR TORMENTAS FUERTES\"}]},{\"@type\":\"WebSite\",\"@id\":\"https:\/\/apuntesdesanluis.com\/#website\",\"url\":\"https:\/\/apuntesdesanluis.com\/\",\"name\":\"Apuntes de San Luis\",\"description\":\"\",\"publisher\":{\"@id\":\"https:\/\/apuntesdesanluis.com\/#\/schema\/person\/b55151d52296fcce64d1a72538a70b90\"},\"potentialAction\":[{\"@type\":\"SearchAction\",\"target\":{\"@type\":\"EntryPoint\",\"urlTemplate\":\"https:\/\/apuntesdesanluis.com\/?s={search_term_string}\"},\"query-input\":{\"@type\":\"PropertyValueSpecification\",\"valueRequired\":true,\"valueName\":\"search_term_string\"}}],\"inLanguage\":\"es-AR\"},{\"@type\":[\"Person\",\"Organization\"],\"@id\":\"https:\/\/apuntesdesanluis.com\/#\/schema\/person\/b55151d52296fcce64d1a72538a70b90\",\"name\":\"apuntesdesanluis.com\",\"image\":{\"@type\":\"ImageObject\",\"inLanguage\":\"es-AR\",\"@id\":\"https:\/\/apuntesdesanluis.com\/#\/schema\/person\/image\/\",\"url\":\"https:\/\/apuntesdesanluis.com\/wp-content\/uploads\/2023\/07\/cropped-apuntesdesanluis.png\",\"contentUrl\":\"https:\/\/apuntesdesanluis.com\/wp-content\/uploads\/2023\/07\/cropped-apuntesdesanluis.png\",\"width\":450,\"height\":112,\"caption\":\"apuntesdesanluis.com\"},\"logo\":{\"@id\":\"https:\/\/apuntesdesanluis.com\/#\/schema\/person\/image\/\"},\"sameAs\":[\"https:\/\/apuntesdesanluis.com\"],\"url\":\"https:\/\/apuntesdesanluis.com\/index.php\/author\/apuntesdesanluis-com\/\"}]}<\/script>\n<!-- \/ Yoast SEO plugin. -->","yoast_head_json":{"title":"EL SUR Y CENTRO DE SAN LUIS EST\u00c1N BAJO ALERTA POR TORMENTAS FUERTES - Apuntes de San Luis","robots":{"index":"index","follow":"follow","max-snippet":"max-snippet:-1","max-image-preview":"max-image-preview:large","max-video-preview":"max-video-preview:-1"},"canonical":"https:\/\/apuntesdesanluis.com\/index.php\/2025\/01\/23\/el-sur-y-centro-de-san-luis-estan-bajo-alerta-por-tormentas-fuertes\/","og_locale":"es_ES","og_type":"article","og_title":"EL SUR Y CENTRO DE SAN LUIS EST\u00c1N BAJO ALERTA POR TORMENTAS FUERTES - Apuntes de San Luis","og_description":"La Red de Estaciones Meteorol\u00f3gicas (REM) de San Luis emiti\u00f3 esta ma\u00f1ana una alerta por...","og_url":"https:\/\/apuntesdesanluis.com\/index.php\/2025\/01\/23\/el-sur-y-centro-de-san-luis-estan-bajo-alerta-por-tormentas-fuertes\/","og_site_name":"Apuntes de San Luis","article_published_time":"2025-01-23T15:50:10+00:00","article_modified_time":"2025-01-23T22:25:28+00:00","og_image":[{"width":683,"height":398,"url":"https:\/\/apuntesdesanluis.com\/wp-content\/uploads\/2023\/10\/TORMENTA.png","type":"image\/png"}],"author":"apuntesdesanluis.com","twitter_card":"summary_large_image","twitter_misc":{"Escrito por":"apuntesdesanluis.com","Tiempo de lectura":"2 minutos"},"schema":{"@context":"https:\/\/schema.org","@graph":[{"@type":"Article","@id":"https:\/\/apuntesdesanluis.com\/index.php\/2025\/01\/23\/el-sur-y-centro-de-san-luis-estan-bajo-alerta-por-tormentas-fuertes\/#article","isPartOf":{"@id":"https:\/\/apuntesdesanluis.com\/index.php\/2025\/01\/23\/el-sur-y-centro-de-san-luis-estan-bajo-alerta-por-tormentas-fuertes\/"},"author":{"name":"apuntesdesanluis.com","@id":"https:\/\/apuntesdesanluis.com\/#\/schema\/person\/b55151d52296fcce64d1a72538a70b90"},"headline":"EL SUR Y CENTRO DE SAN LUIS EST\u00c1N BAJO ALERTA POR TORMENTAS FUERTES","datePublished":"2025-01-23T15:50:10+00:00","dateModified":"2025-01-23T22:25:28+00:00","mainEntityOfPage":{"@id":"https:\/\/apuntesdesanluis.com\/index.php\/2025\/01\/23\/el-sur-y-centro-de-san-luis-estan-bajo-alerta-por-tormentas-fuertes\/"},"wordCount":215,"publisher":{"@id":"https:\/\/apuntesdesanluis.com\/#\/schema\/person\/b55151d52296fcce64d1a72538a70b90"},"image":{"@id":"https:\/\/apuntesdesanluis.com\/index.php\/2025\/01\/23\/el-sur-y-centro-de-san-luis-estan-bajo-alerta-por-tormentas-fuertes\/#primaryimage"},"thumbnailUrl":"https:\/\/apuntesdesanluis.com\/wp-content\/uploads\/2023\/10\/TORMENTA.png","articleSection":["Ciudad\/Provincia"],"inLanguage":"es-AR"},{"@type":"WebPage","@id":"https:\/\/apuntesdesanluis.com\/index.php\/2025\/01\/23\/el-sur-y-centro-de-san-luis-estan-bajo-alerta-por-tormentas-fuertes\/","url":"https:\/\/apuntesdesanluis.com\/index.php\/2025\/01\/23\/el-sur-y-centro-de-san-luis-estan-bajo-alerta-por-tormentas-fuertes\/","name":"EL SUR Y CENTRO DE SAN LUIS EST\u00c1N BAJO ALERTA POR TORMENTAS FUERTES - Apuntes de San Luis","isPartOf":{"@id":"https:\/\/apuntesdesanluis.com\/#website"},"primaryImageOfPage":{"@id":"https:\/\/apuntesdesanluis.com\/index.php\/2025\/01\/23\/el-sur-y-centro-de-san-luis-estan-bajo-alerta-por-tormentas-fuertes\/#primaryimage"},"image":{"@id":"https:\/\/apuntesdesanluis.com\/index.php\/2025\/01\/23\/el-sur-y-centro-de-san-luis-estan-bajo-alerta-por-tormentas-fuertes\/#primaryimage"},"thumbnailUrl":"https:\/\/apuntesdesanluis.com\/wp-content\/uploads\/2023\/10\/TORMENTA.png","datePublished":"2025-01-23T15:50:10+00:00","dateModified":"2025-01-23T22:25:28+00:00","breadcrumb":{"@id":"https:\/\/apuntesdesanluis.com\/index.php\/2025\/01\/23\/el-sur-y-centro-de-san-luis-estan-bajo-alerta-por-tormentas-fuertes\/#breadcrumb"},"inLanguage":"es-AR","potentialAction":[{"@type":"ReadAction","target":["https:\/\/apuntesdesanluis.com\/index.php\/2025\/01\/23\/el-sur-y-centro-de-san-luis-estan-bajo-alerta-por-tormentas-fuertes\/"]}]},{"@type":"ImageObject","inLanguage":"es-AR","@id":"https:\/\/apuntesdesanluis.com\/index.php\/2025\/01\/23\/el-sur-y-centro-de-san-luis-estan-bajo-alerta-por-tormentas-fuertes\/#primaryimage","url":"https:\/\/apuntesdesanluis.com\/wp-content\/uploads\/2023\/10\/TORMENTA.png","contentUrl":"https:\/\/apuntesdesanluis.com\/wp-content\/uploads\/2023\/10\/TORMENTA.png","width":683,"height":398},{"@type":"BreadcrumbList","@id":"https:\/\/apuntesdesanluis.com\/index.php\/2025\/01\/23\/el-sur-y-centro-de-san-luis-estan-bajo-alerta-por-tormentas-fuertes\/#breadcrumb","itemListElement":[{"@type":"ListItem","position":1,"name":"Inicio","item":"https:\/\/apuntesdesanluis.com\/"},{"@type":"ListItem","position":2,"name":"EL SUR Y CENTRO DE SAN LUIS EST\u00c1N BAJO ALERTA POR TORMENTAS FUERTES"}]},{"@type":"WebSite","@id":"https:\/\/apuntesdesanluis.com\/#website","url":"https:\/\/apuntesdesanluis.com\/","name":"Apuntes de San Luis","description":"","publisher":{"@id":"https:\/\/apuntesdesanluis.com\/#\/schema\/person\/b55151d52296fcce64d1a72538a70b90"},"potentialAction":[{"@type":"SearchAction","target":{"@type":"EntryPoint","urlTemplate":"https:\/\/apuntesdesanluis.com\/?s={search_term_string}"},"query-input":{"@type":"PropertyValueSpecification","valueRequired":true,"valueName":"search_term_string"}}],"inLanguage":"es-AR"},{"@type":["Person","Organization"],"@id":"https:\/\/apuntesdesanluis.com\/#\/schema\/person\/b55151d52296fcce64d1a72538a70b90","name":"apuntesdesanluis.com","image":{"@type":"ImageObject","inLanguage":"es-AR","@id":"https:\/\/apuntesdesanluis.com\/#\/schema\/person\/image\/","url":"https:\/\/apuntesdesanluis.com\/wp-content\/uploads\/2023\/07\/cropped-apuntesdesanluis.png","contentUrl":"https:\/\/apuntesdesanluis.com\/wp-content\/uploads\/2023\/07\/cropped-apuntesdesanluis.png","width":450,"height":112,"caption":"apuntesdesanluis.com"},"logo":{"@id":"https:\/\/apuntesdesanluis.com\/#\/schema\/person\/image\/"},"sameAs":["https:\/\/apuntesdesanluis.com"],"url":"https:\/\/apuntesdesanluis.com\/index.php\/author\/apuntesdesanluis-com\/"}]}},"featured_image_urls":{"full":["https:\/\/apuntesdesanluis.com\/wp-content\/uploads\/2023\/10\/TORMENTA.png",683,398,false],"thumbnail":["https:\/\/apuntesdesanluis.com\/wp-content\/uploads\/2023\/10\/TORMENTA-150x150.png",150,150,true],"medium":["https:\/\/apuntesdesanluis.com\/wp-content\/uploads\/2023\/10\/TORMENTA-300x175.png",300,175,true],"medium_large":["https:\/\/apuntesdesanluis.com\/wp-content\/uploads\/2023\/10\/TORMENTA.png",640,373,false],"large":["https:\/\/apuntesdesanluis.com\/wp-content\/uploads\/2023\/10\/TORMENTA.png",640,373,false],"1536x1536":["https:\/\/apuntesdesanluis.com\/wp-content\/uploads\/2023\/10\/TORMENTA.png",683,398,false],"2048x2048":["https:\/\/apuntesdesanluis.com\/wp-content\/uploads\/2023\/10\/TORMENTA.png",683,398,false],"newsever-slider-full":["https:\/\/apuntesdesanluis.com\/wp-content\/uploads\/2023\/10\/TORMENTA.png",683,398,false],"newsever-featured":["https:\/\/apuntesdesanluis.com\/wp-content\/uploads\/2023\/10\/TORMENTA.png",683,398,false],"newsever-medium":["https:\/\/apuntesdesanluis.com\/wp-content\/uploads\/2023\/10\/TORMENTA.png",683,398,false]},"author_info":{"display_name":"apuntesdesanluis.com","author_link":"https:\/\/apuntesdesanluis.com\/index.php\/author\/apuntesdesanluis-com\/"},"category_info":"<a href=\"https:\/\/apuntesdesanluis.com\/index.php\/category\/ciudad-provincia\/\" rel=\"category tag\">Ciudad\/Provincia<\/a>","tag_info":"Ciudad\/Provincia","comment_count":"0","_links":{"self":[{"href":"https:\/\/apuntesdesanluis.com\/index.php\/wp-json\/wp\/v2\/posts\/28093","targetHints":{"allow":["GET"]}}],"collection":[{"href":"https:\/\/apuntesdesanluis.com\/index.php\/wp-json\/wp\/v2\/posts"}],"about":[{"href":"https:\/\/apuntesdesanluis.com\/index.php\/wp-json\/wp\/v2\/types\/post"}],"author":[{"embeddable":true,"href":"https:\/\/apuntesdesanluis.com\/index.php\/wp-json\/wp\/v2\/users\/1"}],"replies":[{"embeddable":true,"href":"https:\/\/apuntesdesanluis.com\/index.php\/wp-json\/wp\/v2\/comments?post=28093"}],"version-history":[{"count":4,"href":"https:\/\/apuntesdesanluis.com\/index.php\/wp-json\/wp\/v2\/posts\/28093\/revisions"}],"predecessor-version":[{"id":28110,"href":"https:\/\/apuntesdesanluis.com\/index.php\/wp-json\/wp\/v2\/posts\/28093\/revisions\/28110"}],"wp:featuredmedia":[{"embeddable":true,"href":"https:\/\/apuntesdesanluis.com\/index.php\/wp-json\/wp\/v2\/media\/5529"}],"wp:attachment":[{"href":"https:\/\/apuntesdesanluis.com\/index.php\/wp-json\/wp\/v2\/media?parent=28093"}],"wp:term":[{"taxonomy":"category","embeddable":true,"href":"https:\/\/apuntesdesanluis.com\/index.php\/wp-json\/wp\/v2\/categories?post=28093"},{"taxonomy":"post_tag","embeddable":true,"href":"https:\/\/apuntesdesanluis.com\/index.php\/wp-json\/wp\/v2\/tags?post=28093"}],"curies":[{"name":"wp","href":"https:\/\/api.w.org\/{rel}","templated":true}]}}