{"id":28101,"date":"2025-01-23T13:04:42","date_gmt":"2025-01-23T16:04:42","guid":{"rendered":"https:\/\/apuntesdesanluis.com\/?p=28101"},"modified":"2025-01-23T13:04:42","modified_gmt":"2025-01-23T16:04:42","slug":"tremendo-accidente-de-automovilista-al-embestir-a-un-caballo","status":"publish","type":"post","link":"https:\/\/apuntesdesanluis.com\/index.php\/2025\/01\/23\/tremendo-accidente-de-automovilista-al-embestir-a-un-caballo\/","title":{"rendered":"TREMENDO ACCIDENTE DE AUTOMOVILISTA AL EMBESTIR A UN CABALLO"},"content":{"rendered":"<h3>Este jueves, alrededor de las 00:30, se produjo un accidente de tr\u00e1nsito en la ruta nacional 146, a la altura del kil\u00f3metro 25, cerca de la localidad de Leandro N. Alem.<\/h3>\n<h3>De acuerdo a las averiguaciones policiales, un auto Ford Ka que circulaba de norte a sur impact\u00f3 en ese sector de la ruta a un animal equino. Producto del impacto, el animal muri\u00f3 en el lugar.<\/h3>\n<p><img fetchpriority=\"high\" decoding=\"async\" class=\"wp-image-28103 aligncenter\" src=\"https:\/\/apuntesdesanluis.com\/wp-content\/uploads\/2025\/01\/Imagen-de-WhatsApp-2025-01-23-a-las-12.16.34_7f9fc102-300x234.jpg\" alt=\"\" width=\"683\" height=\"533\" srcset=\"https:\/\/apuntesdesanluis.com\/wp-content\/uploads\/2025\/01\/Imagen-de-WhatsApp-2025-01-23-a-las-12.16.34_7f9fc102-300x234.jpg 300w, https:\/\/apuntesdesanluis.com\/wp-content\/uploads\/2025\/01\/Imagen-de-WhatsApp-2025-01-23-a-las-12.16.34_7f9fc102-768x598.jpg 768w, https:\/\/apuntesdesanluis.com\/wp-content\/uploads\/2025\/01\/Imagen-de-WhatsApp-2025-01-23-a-las-12.16.34_7f9fc102.jpg 800w\" sizes=\"(max-width: 683px) 100vw, 683px\" \/><\/p>\n<h3>El veh\u00edculo era conducido por un hombre de 35 a\u00f1os de edad (con domicilio en Quines), quien iba en compa\u00f1\u00eda de dos j\u00f3venes -ambos de 23 a\u00f1os de edad- (uno con domicilio en Quines y otro con domicilio en la provincia de Mendoza), y un adolescente de 17 a\u00f1os de edad (con domicilio en la ciudad de La Punta).<\/h3>\n<h3>Los cuatro individuos que viajaban en el veh\u00edculo -el cual sufri\u00f3 da\u00f1os materiales en su parte frontal y rotura del parabrisas- fueron trasladados en ambulancia hacia el hospital de Quines para una mejor atenci\u00f3n m\u00e9dica.<\/h3>\n<h3>En el lugar trabajaron efectivos policiales de las comisar\u00edas de Luj\u00e1n y San Francisco del Monte de Oro y de la Direcci\u00f3n General de Polic\u00eda Caminera y Seguridad Vial.<\/h3>\n<h3><\/h3>\n<h3><\/h3>\n<p>&nbsp;<\/p>\n","protected":false},"excerpt":{"rendered":"<p>Este jueves, alrededor de las 00:30, se produjo un accidente de tr\u00e1nsito en la ruta&#8230;<\/p>\n","protected":false},"author":1,"featured_media":28102,"comment_status":"closed","ping_status":"closed","sticky":false,"template":"","format":"standard","meta":{"footnotes":""},"categories":[6],"tags":[],"class_list":["post-28101","post","type-post","status-publish","format-standard","has-post-thumbnail","hentry","category-ciudad-provincia"],"yoast_head":"<!-- This site is optimized with the Yoast SEO plugin v26.1.1 - https:\/\/yoast.com\/wordpress\/plugins\/seo\/ -->\n<title>TREMENDO ACCIDENTE DE AUTOMOVILISTA AL EMBESTIR A UN CABALLO - Apuntes de San Luis<\/title>\n<meta name=\"robots\" content=\"index, follow, max-snippet:-1, max-image-preview:large, max-video-preview:-1\" \/>\n<link rel=\"canonical\" href=\"https:\/\/apuntesdesanluis.com\/index.php\/2025\/01\/23\/tremendo-accidente-de-automovilista-al-embestir-a-un-caballo\/\" \/>\n<meta property=\"og:locale\" content=\"es_ES\" \/>\n<meta property=\"og:type\" content=\"article\" \/>\n<meta property=\"og:title\" content=\"TREMENDO ACCIDENTE DE AUTOMOVILISTA AL EMBESTIR A UN CABALLO - Apuntes de San Luis\" \/>\n<meta property=\"og:description\" content=\"Este jueves, alrededor de las 00:30, se produjo un accidente de tr\u00e1nsito en la ruta...\" \/>\n<meta property=\"og:url\" content=\"https:\/\/apuntesdesanluis.com\/index.php\/2025\/01\/23\/tremendo-accidente-de-automovilista-al-embestir-a-un-caballo\/\" \/>\n<meta property=\"og:site_name\" content=\"Apuntes de San Luis\" \/>\n<meta property=\"article:published_time\" content=\"2025-01-23T16:04:42+00:00\" \/>\n<meta property=\"og:image\" content=\"https:\/\/apuntesdesanluis.com\/wp-content\/uploads\/2025\/01\/Imagen-de-WhatsApp-2025-01-23-a-las-12.16.30_7f25457e.jpg\" \/>\n\t<meta property=\"og:image:width\" content=\"800\" \/>\n\t<meta property=\"og:image:height\" content=\"642\" \/>\n\t<meta property=\"og:image:type\" content=\"image\/jpeg\" \/>\n<meta name=\"author\" content=\"apuntesdesanluis.com\" \/>\n<meta name=\"twitter:card\" content=\"summary_large_image\" \/>\n<meta name=\"twitter:label1\" content=\"Escrito por\" \/>\n\t<meta name=\"twitter:data1\" content=\"apuntesdesanluis.com\" \/>\n\t<meta name=\"twitter:label2\" content=\"Tiempo de lectura\" \/>\n\t<meta name=\"twitter:data2\" content=\"2 minutos\" \/>\n<script type=\"application\/ld+json\" class=\"yoast-schema-graph\">{\"@context\":\"https:\/\/schema.org\",\"@graph\":[{\"@type\":\"Article\",\"@id\":\"https:\/\/apuntesdesanluis.com\/index.php\/2025\/01\/23\/tremendo-accidente-de-automovilista-al-embestir-a-un-caballo\/#article\",\"isPartOf\":{\"@id\":\"https:\/\/apuntesdesanluis.com\/index.php\/2025\/01\/23\/tremendo-accidente-de-automovilista-al-embestir-a-un-caballo\/\"},\"author\":{\"name\":\"apuntesdesanluis.com\",\"@id\":\"https:\/\/apuntesdesanluis.com\/#\/schema\/person\/b55151d52296fcce64d1a72538a70b90\"},\"headline\":\"TREMENDO ACCIDENTE DE AUTOMOVILISTA AL EMBESTIR A UN CABALLO\",\"datePublished\":\"2025-01-23T16:04:42+00:00\",\"mainEntityOfPage\":{\"@id\":\"https:\/\/apuntesdesanluis.com\/index.php\/2025\/01\/23\/tremendo-accidente-de-automovilista-al-embestir-a-un-caballo\/\"},\"wordCount\":210,\"publisher\":{\"@id\":\"https:\/\/apuntesdesanluis.com\/#\/schema\/person\/b55151d52296fcce64d1a72538a70b90\"},\"image\":{\"@id\":\"https:\/\/apuntesdesanluis.com\/index.php\/2025\/01\/23\/tremendo-accidente-de-automovilista-al-embestir-a-un-caballo\/#primaryimage\"},\"thumbnailUrl\":\"https:\/\/apuntesdesanluis.com\/wp-content\/uploads\/2025\/01\/Imagen-de-WhatsApp-2025-01-23-a-las-12.16.30_7f25457e.jpg\",\"articleSection\":[\"Ciudad\/Provincia\"],\"inLanguage\":\"es-AR\"},{\"@type\":\"WebPage\",\"@id\":\"https:\/\/apuntesdesanluis.com\/index.php\/2025\/01\/23\/tremendo-accidente-de-automovilista-al-embestir-a-un-caballo\/\",\"url\":\"https:\/\/apuntesdesanluis.com\/index.php\/2025\/01\/23\/tremendo-accidente-de-automovilista-al-embestir-a-un-caballo\/\",\"name\":\"TREMENDO ACCIDENTE DE AUTOMOVILISTA AL EMBESTIR A UN CABALLO - Apuntes de San Luis\",\"isPartOf\":{\"@id\":\"https:\/\/apuntesdesanluis.com\/#website\"},\"primaryImageOfPage\":{\"@id\":\"https:\/\/apuntesdesanluis.com\/index.php\/2025\/01\/23\/tremendo-accidente-de-automovilista-al-embestir-a-un-caballo\/#primaryimage\"},\"image\":{\"@id\":\"https:\/\/apuntesdesanluis.com\/index.php\/2025\/01\/23\/tremendo-accidente-de-automovilista-al-embestir-a-un-caballo\/#primaryimage\"},\"thumbnailUrl\":\"https:\/\/apuntesdesanluis.com\/wp-content\/uploads\/2025\/01\/Imagen-de-WhatsApp-2025-01-23-a-las-12.16.30_7f25457e.jpg\",\"datePublished\":\"2025-01-23T16:04:42+00:00\",\"breadcrumb\":{\"@id\":\"https:\/\/apuntesdesanluis.com\/index.php\/2025\/01\/23\/tremendo-accidente-de-automovilista-al-embestir-a-un-caballo\/#breadcrumb\"},\"inLanguage\":\"es-AR\",\"potentialAction\":[{\"@type\":\"ReadAction\",\"target\":[\"https:\/\/apuntesdesanluis.com\/index.php\/2025\/01\/23\/tremendo-accidente-de-automovilista-al-embestir-a-un-caballo\/\"]}]},{\"@type\":\"ImageObject\",\"inLanguage\":\"es-AR\",\"@id\":\"https:\/\/apuntesdesanluis.com\/index.php\/2025\/01\/23\/tremendo-accidente-de-automovilista-al-embestir-a-un-caballo\/#primaryimage\",\"url\":\"https:\/\/apuntesdesanluis.com\/wp-content\/uploads\/2025\/01\/Imagen-de-WhatsApp-2025-01-23-a-las-12.16.30_7f25457e.jpg\",\"contentUrl\":\"https:\/\/apuntesdesanluis.com\/wp-content\/uploads\/2025\/01\/Imagen-de-WhatsApp-2025-01-23-a-las-12.16.30_7f25457e.jpg\",\"width\":800,\"height\":642},{\"@type\":\"BreadcrumbList\",\"@id\":\"https:\/\/apuntesdesanluis.com\/index.php\/2025\/01\/23\/tremendo-accidente-de-automovilista-al-embestir-a-un-caballo\/#breadcrumb\",\"itemListElement\":[{\"@type\":\"ListItem\",\"position\":1,\"name\":\"Inicio\",\"item\":\"https:\/\/apuntesdesanluis.com\/\"},{\"@type\":\"ListItem\",\"position\":2,\"name\":\"TREMENDO ACCIDENTE DE AUTOMOVILISTA AL EMBESTIR A UN CABALLO\"}]},{\"@type\":\"WebSite\",\"@id\":\"https:\/\/apuntesdesanluis.com\/#website\",\"url\":\"https:\/\/apuntesdesanluis.com\/\",\"name\":\"Apuntes de San Luis\",\"description\":\"\",\"publisher\":{\"@id\":\"https:\/\/apuntesdesanluis.com\/#\/schema\/person\/b55151d52296fcce64d1a72538a70b90\"},\"potentialAction\":[{\"@type\":\"SearchAction\",\"target\":{\"@type\":\"EntryPoint\",\"urlTemplate\":\"https:\/\/apuntesdesanluis.com\/?s={search_term_string}\"},\"query-input\":{\"@type\":\"PropertyValueSpecification\",\"valueRequired\":true,\"valueName\":\"search_term_string\"}}],\"inLanguage\":\"es-AR\"},{\"@type\":[\"Person\",\"Organization\"],\"@id\":\"https:\/\/apuntesdesanluis.com\/#\/schema\/person\/b55151d52296fcce64d1a72538a70b90\",\"name\":\"apuntesdesanluis.com\",\"image\":{\"@type\":\"ImageObject\",\"inLanguage\":\"es-AR\",\"@id\":\"https:\/\/apuntesdesanluis.com\/#\/schema\/person\/image\/\",\"url\":\"https:\/\/apuntesdesanluis.com\/wp-content\/uploads\/2023\/07\/cropped-apuntesdesanluis.png\",\"contentUrl\":\"https:\/\/apuntesdesanluis.com\/wp-content\/uploads\/2023\/07\/cropped-apuntesdesanluis.png\",\"width\":450,\"height\":112,\"caption\":\"apuntesdesanluis.com\"},\"logo\":{\"@id\":\"https:\/\/apuntesdesanluis.com\/#\/schema\/person\/image\/\"},\"sameAs\":[\"https:\/\/apuntesdesanluis.com\"],\"url\":\"https:\/\/apuntesdesanluis.com\/index.php\/author\/apuntesdesanluis-com\/\"}]}<\/script>\n<!-- \/ Yoast SEO plugin. -->","yoast_head_json":{"title":"TREMENDO ACCIDENTE DE AUTOMOVILISTA AL EMBESTIR A UN CABALLO - Apuntes de San Luis","robots":{"index":"index","follow":"follow","max-snippet":"max-snippet:-1","max-image-preview":"max-image-preview:large","max-video-preview":"max-video-preview:-1"},"canonical":"https:\/\/apuntesdesanluis.com\/index.php\/2025\/01\/23\/tremendo-accidente-de-automovilista-al-embestir-a-un-caballo\/","og_locale":"es_ES","og_type":"article","og_title":"TREMENDO ACCIDENTE DE AUTOMOVILISTA AL EMBESTIR A UN CABALLO - Apuntes de San Luis","og_description":"Este jueves, alrededor de las 00:30, se produjo un accidente de tr\u00e1nsito en la ruta...","og_url":"https:\/\/apuntesdesanluis.com\/index.php\/2025\/01\/23\/tremendo-accidente-de-automovilista-al-embestir-a-un-caballo\/","og_site_name":"Apuntes de San Luis","article_published_time":"2025-01-23T16:04:42+00:00","og_image":[{"width":800,"height":642,"url":"https:\/\/apuntesdesanluis.com\/wp-content\/uploads\/2025\/01\/Imagen-de-WhatsApp-2025-01-23-a-las-12.16.30_7f25457e.jpg","type":"image\/jpeg"}],"author":"apuntesdesanluis.com","twitter_card":"summary_large_image","twitter_misc":{"Escrito por":"apuntesdesanluis.com","Tiempo de lectura":"2 minutos"},"schema":{"@context":"https:\/\/schema.org","@graph":[{"@type":"Article","@id":"https:\/\/apuntesdesanluis.com\/index.php\/2025\/01\/23\/tremendo-accidente-de-automovilista-al-embestir-a-un-caballo\/#article","isPartOf":{"@id":"https:\/\/apuntesdesanluis.com\/index.php\/2025\/01\/23\/tremendo-accidente-de-automovilista-al-embestir-a-un-caballo\/"},"author":{"name":"apuntesdesanluis.com","@id":"https:\/\/apuntesdesanluis.com\/#\/schema\/person\/b55151d52296fcce64d1a72538a70b90"},"headline":"TREMENDO ACCIDENTE DE AUTOMOVILISTA AL EMBESTIR A UN CABALLO","datePublished":"2025-01-23T16:04:42+00:00","mainEntityOfPage":{"@id":"https:\/\/apuntesdesanluis.com\/index.php\/2025\/01\/23\/tremendo-accidente-de-automovilista-al-embestir-a-un-caballo\/"},"wordCount":210,"publisher":{"@id":"https:\/\/apuntesdesanluis.com\/#\/schema\/person\/b55151d52296fcce64d1a72538a70b90"},"image":{"@id":"https:\/\/apuntesdesanluis.com\/index.php\/2025\/01\/23\/tremendo-accidente-de-automovilista-al-embestir-a-un-caballo\/#primaryimage"},"thumbnailUrl":"https:\/\/apuntesdesanluis.com\/wp-content\/uploads\/2025\/01\/Imagen-de-WhatsApp-2025-01-23-a-las-12.16.30_7f25457e.jpg","articleSection":["Ciudad\/Provincia"],"inLanguage":"es-AR"},{"@type":"WebPage","@id":"https:\/\/apuntesdesanluis.com\/index.php\/2025\/01\/23\/tremendo-accidente-de-automovilista-al-embestir-a-un-caballo\/","url":"https:\/\/apuntesdesanluis.com\/index.php\/2025\/01\/23\/tremendo-accidente-de-automovilista-al-embestir-a-un-caballo\/","name":"TREMENDO ACCIDENTE DE AUTOMOVILISTA AL EMBESTIR A UN CABALLO - Apuntes de San Luis","isPartOf":{"@id":"https:\/\/apuntesdesanluis.com\/#website"},"primaryImageOfPage":{"@id":"https:\/\/apuntesdesanluis.com\/index.php\/2025\/01\/23\/tremendo-accidente-de-automovilista-al-embestir-a-un-caballo\/#primaryimage"},"image":{"@id":"https:\/\/apuntesdesanluis.com\/index.php\/2025\/01\/23\/tremendo-accidente-de-automovilista-al-embestir-a-un-caballo\/#primaryimage"},"thumbnailUrl":"https:\/\/apuntesdesanluis.com\/wp-content\/uploads\/2025\/01\/Imagen-de-WhatsApp-2025-01-23-a-las-12.16.30_7f25457e.jpg","datePublished":"2025-01-23T16:04:42+00:00","breadcrumb":{"@id":"https:\/\/apuntesdesanluis.com\/index.php\/2025\/01\/23\/tremendo-accidente-de-automovilista-al-embestir-a-un-caballo\/#breadcrumb"},"inLanguage":"es-AR","potentialAction":[{"@type":"ReadAction","target":["https:\/\/apuntesdesanluis.com\/index.php\/2025\/01\/23\/tremendo-accidente-de-automovilista-al-embestir-a-un-caballo\/"]}]},{"@type":"ImageObject","inLanguage":"es-AR","@id":"https:\/\/apuntesdesanluis.com\/index.php\/2025\/01\/23\/tremendo-accidente-de-automovilista-al-embestir-a-un-caballo\/#primaryimage","url":"https:\/\/apuntesdesanluis.com\/wp-content\/uploads\/2025\/01\/Imagen-de-WhatsApp-2025-01-23-a-las-12.16.30_7f25457e.jpg","contentUrl":"https:\/\/apuntesdesanluis.com\/wp-content\/uploads\/2025\/01\/Imagen-de-WhatsApp-2025-01-23-a-las-12.16.30_7f25457e.jpg","width":800,"height":642},{"@type":"BreadcrumbList","@id":"https:\/\/apuntesdesanluis.com\/index.php\/2025\/01\/23\/tremendo-accidente-de-automovilista-al-embestir-a-un-caballo\/#breadcrumb","itemListElement":[{"@type":"ListItem","position":1,"name":"Inicio","item":"https:\/\/apuntesdesanluis.com\/"},{"@type":"ListItem","position":2,"name":"TREMENDO ACCIDENTE DE AUTOMOVILISTA AL EMBESTIR A UN CABALLO"}]},{"@type":"WebSite","@id":"https:\/\/apuntesdesanluis.com\/#website","url":"https:\/\/apuntesdesanluis.com\/","name":"Apuntes de San Luis","description":"","publisher":{"@id":"https:\/\/apuntesdesanluis.com\/#\/schema\/person\/b55151d52296fcce64d1a72538a70b90"},"potentialAction":[{"@type":"SearchAction","target":{"@type":"EntryPoint","urlTemplate":"https:\/\/apuntesdesanluis.com\/?s={search_term_string}"},"query-input":{"@type":"PropertyValueSpecification","valueRequired":true,"valueName":"search_term_string"}}],"inLanguage":"es-AR"},{"@type":["Person","Organization"],"@id":"https:\/\/apuntesdesanluis.com\/#\/schema\/person\/b55151d52296fcce64d1a72538a70b90","name":"apuntesdesanluis.com","image":{"@type":"ImageObject","inLanguage":"es-AR","@id":"https:\/\/apuntesdesanluis.com\/#\/schema\/person\/image\/","url":"https:\/\/apuntesdesanluis.com\/wp-content\/uploads\/2023\/07\/cropped-apuntesdesanluis.png","contentUrl":"https:\/\/apuntesdesanluis.com\/wp-content\/uploads\/2023\/07\/cropped-apuntesdesanluis.png","width":450,"height":112,"caption":"apuntesdesanluis.com"},"logo":{"@id":"https:\/\/apuntesdesanluis.com\/#\/schema\/person\/image\/"},"sameAs":["https:\/\/apuntesdesanluis.com"],"url":"https:\/\/apuntesdesanluis.com\/index.php\/author\/apuntesdesanluis-com\/"}]}},"featured_image_urls":{"full":["https:\/\/apuntesdesanluis.com\/wp-content\/uploads\/2025\/01\/Imagen-de-WhatsApp-2025-01-23-a-las-12.16.30_7f25457e.jpg",800,642,false],"thumbnail":["https:\/\/apuntesdesanluis.com\/wp-content\/uploads\/2025\/01\/Imagen-de-WhatsApp-2025-01-23-a-las-12.16.30_7f25457e-150x150.jpg",150,150,true],"medium":["https:\/\/apuntesdesanluis.com\/wp-content\/uploads\/2025\/01\/Imagen-de-WhatsApp-2025-01-23-a-las-12.16.30_7f25457e-300x241.jpg",300,241,true],"medium_large":["https:\/\/apuntesdesanluis.com\/wp-content\/uploads\/2025\/01\/Imagen-de-WhatsApp-2025-01-23-a-las-12.16.30_7f25457e-768x616.jpg",640,513,true],"large":["https:\/\/apuntesdesanluis.com\/wp-content\/uploads\/2025\/01\/Imagen-de-WhatsApp-2025-01-23-a-las-12.16.30_7f25457e.jpg",640,514,false],"1536x1536":["https:\/\/apuntesdesanluis.com\/wp-content\/uploads\/2025\/01\/Imagen-de-WhatsApp-2025-01-23-a-las-12.16.30_7f25457e.jpg",800,642,false],"2048x2048":["https:\/\/apuntesdesanluis.com\/wp-content\/uploads\/2025\/01\/Imagen-de-WhatsApp-2025-01-23-a-las-12.16.30_7f25457e.jpg",800,642,false],"newsever-slider-full":["https:\/\/apuntesdesanluis.com\/wp-content\/uploads\/2025\/01\/Imagen-de-WhatsApp-2025-01-23-a-las-12.16.30_7f25457e.jpg",800,642,false],"newsever-featured":["https:\/\/apuntesdesanluis.com\/wp-content\/uploads\/2025\/01\/Imagen-de-WhatsApp-2025-01-23-a-las-12.16.30_7f25457e.jpg",800,642,false],"newsever-medium":["https:\/\/apuntesdesanluis.com\/wp-content\/uploads\/2025\/01\/Imagen-de-WhatsApp-2025-01-23-a-las-12.16.30_7f25457e-720x475.jpg",720,475,true]},"author_info":{"display_name":"apuntesdesanluis.com","author_link":"https:\/\/apuntesdesanluis.com\/index.php\/author\/apuntesdesanluis-com\/"},"category_info":"<a href=\"https:\/\/apuntesdesanluis.com\/index.php\/category\/ciudad-provincia\/\" rel=\"category tag\">Ciudad\/Provincia<\/a>","tag_info":"Ciudad\/Provincia","comment_count":"0","_links":{"self":[{"href":"https:\/\/apuntesdesanluis.com\/index.php\/wp-json\/wp\/v2\/posts\/28101","targetHints":{"allow":["GET"]}}],"collection":[{"href":"https:\/\/apuntesdesanluis.com\/index.php\/wp-json\/wp\/v2\/posts"}],"about":[{"href":"https:\/\/apuntesdesanluis.com\/index.php\/wp-json\/wp\/v2\/types\/post"}],"author":[{"embeddable":true,"href":"https:\/\/apuntesdesanluis.com\/index.php\/wp-json\/wp\/v2\/users\/1"}],"replies":[{"embeddable":true,"href":"https:\/\/apuntesdesanluis.com\/index.php\/wp-json\/wp\/v2\/comments?post=28101"}],"version-history":[{"count":1,"href":"https:\/\/apuntesdesanluis.com\/index.php\/wp-json\/wp\/v2\/posts\/28101\/revisions"}],"predecessor-version":[{"id":28104,"href":"https:\/\/apuntesdesanluis.com\/index.php\/wp-json\/wp\/v2\/posts\/28101\/revisions\/28104"}],"wp:featuredmedia":[{"embeddable":true,"href":"https:\/\/apuntesdesanluis.com\/index.php\/wp-json\/wp\/v2\/media\/28102"}],"wp:attachment":[{"href":"https:\/\/apuntesdesanluis.com\/index.php\/wp-json\/wp\/v2\/media?parent=28101"}],"wp:term":[{"taxonomy":"category","embeddable":true,"href":"https:\/\/apuntesdesanluis.com\/index.php\/wp-json\/wp\/v2\/categories?post=28101"},{"taxonomy":"post_tag","embeddable":true,"href":"https:\/\/apuntesdesanluis.com\/index.php\/wp-json\/wp\/v2\/tags?post=28101"}],"curies":[{"name":"wp","href":"https:\/\/api.w.org\/{rel}","templated":true}]}}