{"id":28118,"date":"2025-01-23T20:09:53","date_gmt":"2025-01-23T23:09:53","guid":{"rendered":"https:\/\/apuntesdesanluis.com\/?p=28118"},"modified":"2025-01-23T20:12:49","modified_gmt":"2025-01-23T23:12:49","slug":"otra-tragedia-en-la-costa-motociclista-murio-en-la-playa-tras-chocar-de-frente-contra-un-cuatriciclo","status":"publish","type":"post","link":"https:\/\/apuntesdesanluis.com\/index.php\/2025\/01\/23\/otra-tragedia-en-la-costa-motociclista-murio-en-la-playa-tras-chocar-de-frente-contra-un-cuatriciclo\/","title":{"rendered":"OTRA TRAGEDIA EN LA COSTA: MOTOCICLISTA MURI\u00d3 EN LA PLAYA TRAS CHOCAR DE FRENTE CONTRA UN CUATRICICLO"},"content":{"rendered":"<h3>El accidente ocurri\u00f3 hoy por la tarde, cerca de las 17 horas, en un circuito de m\u00e9danos lindero a la Ruta 11, en Villa Gesell.<\/h3>\n<h3>Pese a que los equipos de emergencias m\u00e9dicas llegaron hasta el lugar en veh\u00edculos de doble tracci\u00f3n, poco pudieron hacer ya que el conductor hab\u00eda fallecido en el acto.<\/h3>\n<h3>Seg\u00fan indicaron fuentes en el lugar, la v\u00edctima llevaba casco pero no lo ten\u00eda colocado con las medidas de seguridad que corresponden.<\/h3>\n<h3>La v\u00edctima fatal fue identificada como <strong>Gabriel Cozzolino<\/strong>, quien realizaba pr\u00e1cticas de enduro, mientras que <strong>Vital Alberto Cazanave<\/strong> era quien manejaba el cuatriciclo.<\/h3>\n<h3>Seg\u00fan indicaron fuentes en el lugar, Cozzolino llevaba casco pero no lo ten\u00eda colocado con las medidas de seguridad que corresponden.<\/h3>\n<h3>Este es el segundo caso fatal que se da en las playas bonaerenses ya que ayer se conoci\u00f3 la muerte del conductor de un veh\u00edculo UTV, de mayor envergadura, en el Partido de la Costa.<\/h3>\n<h3><\/h3>\n<h3><\/h3>\n<h3><\/h3>\n","protected":false},"excerpt":{"rendered":"<p>El accidente ocurri\u00f3 hoy por la tarde, cerca de las 17 horas, en un circuito&#8230;<\/p>\n","protected":false},"author":1,"featured_media":28119,"comment_status":"closed","ping_status":"closed","sticky":false,"template":"","format":"standard","meta":{"footnotes":""},"categories":[5],"tags":[],"class_list":["post-28118","post","type-post","status-publish","format-standard","has-post-thumbnail","hentry","category-nacionales-internacionales"],"yoast_head":"<!-- This site is optimized with the Yoast SEO plugin v26.1.1 - https:\/\/yoast.com\/wordpress\/plugins\/seo\/ -->\n<title>OTRA TRAGEDIA EN LA COSTA: MOTOCICLISTA MURI\u00d3 EN LA PLAYA TRAS CHOCAR DE FRENTE CONTRA UN CUATRICICLO - Apuntes de San Luis<\/title>\n<meta name=\"robots\" content=\"index, follow, max-snippet:-1, max-image-preview:large, max-video-preview:-1\" \/>\n<link rel=\"canonical\" href=\"https:\/\/apuntesdesanluis.com\/index.php\/2025\/01\/23\/otra-tragedia-en-la-costa-motociclista-murio-en-la-playa-tras-chocar-de-frente-contra-un-cuatriciclo\/\" \/>\n<meta property=\"og:locale\" content=\"es_ES\" \/>\n<meta property=\"og:type\" content=\"article\" \/>\n<meta property=\"og:title\" content=\"OTRA TRAGEDIA EN LA COSTA: MOTOCICLISTA MURI\u00d3 EN LA PLAYA TRAS CHOCAR DE FRENTE CONTRA UN CUATRICICLO - Apuntes de San Luis\" \/>\n<meta property=\"og:description\" content=\"El accidente ocurri\u00f3 hoy por la tarde, cerca de las 17 horas, en un circuito...\" \/>\n<meta property=\"og:url\" content=\"https:\/\/apuntesdesanluis.com\/index.php\/2025\/01\/23\/otra-tragedia-en-la-costa-motociclista-murio-en-la-playa-tras-chocar-de-frente-contra-un-cuatriciclo\/\" \/>\n<meta property=\"og:site_name\" content=\"Apuntes de San Luis\" \/>\n<meta property=\"article:published_time\" content=\"2025-01-23T23:09:53+00:00\" \/>\n<meta property=\"article:modified_time\" content=\"2025-01-23T23:12:49+00:00\" \/>\n<meta property=\"og:image\" content=\"https:\/\/apuntesdesanluis.com\/wp-content\/uploads\/2025\/01\/accidente-2.png\" \/>\n\t<meta property=\"og:image:width\" content=\"727\" \/>\n\t<meta property=\"og:image:height\" content=\"441\" \/>\n\t<meta property=\"og:image:type\" content=\"image\/png\" \/>\n<meta name=\"author\" content=\"apuntesdesanluis.com\" \/>\n<meta name=\"twitter:card\" content=\"summary_large_image\" \/>\n<meta name=\"twitter:label1\" content=\"Escrito por\" \/>\n\t<meta name=\"twitter:data1\" content=\"apuntesdesanluis.com\" \/>\n\t<meta name=\"twitter:label2\" content=\"Tiempo de lectura\" \/>\n\t<meta name=\"twitter:data2\" content=\"1 minuto\" \/>\n<script type=\"application\/ld+json\" class=\"yoast-schema-graph\">{\"@context\":\"https:\/\/schema.org\",\"@graph\":[{\"@type\":\"Article\",\"@id\":\"https:\/\/apuntesdesanluis.com\/index.php\/2025\/01\/23\/otra-tragedia-en-la-costa-motociclista-murio-en-la-playa-tras-chocar-de-frente-contra-un-cuatriciclo\/#article\",\"isPartOf\":{\"@id\":\"https:\/\/apuntesdesanluis.com\/index.php\/2025\/01\/23\/otra-tragedia-en-la-costa-motociclista-murio-en-la-playa-tras-chocar-de-frente-contra-un-cuatriciclo\/\"},\"author\":{\"name\":\"apuntesdesanluis.com\",\"@id\":\"https:\/\/apuntesdesanluis.com\/#\/schema\/person\/b55151d52296fcce64d1a72538a70b90\"},\"headline\":\"OTRA TRAGEDIA EN LA COSTA: MOTOCICLISTA MURI\u00d3 EN LA PLAYA TRAS CHOCAR DE FRENTE CONTRA UN CUATRICICLO\",\"datePublished\":\"2025-01-23T23:09:53+00:00\",\"dateModified\":\"2025-01-23T23:12:49+00:00\",\"mainEntityOfPage\":{\"@id\":\"https:\/\/apuntesdesanluis.com\/index.php\/2025\/01\/23\/otra-tragedia-en-la-costa-motociclista-murio-en-la-playa-tras-chocar-de-frente-contra-un-cuatriciclo\/\"},\"wordCount\":183,\"publisher\":{\"@id\":\"https:\/\/apuntesdesanluis.com\/#\/schema\/person\/b55151d52296fcce64d1a72538a70b90\"},\"image\":{\"@id\":\"https:\/\/apuntesdesanluis.com\/index.php\/2025\/01\/23\/otra-tragedia-en-la-costa-motociclista-murio-en-la-playa-tras-chocar-de-frente-contra-un-cuatriciclo\/#primaryimage\"},\"thumbnailUrl\":\"https:\/\/apuntesdesanluis.com\/wp-content\/uploads\/2025\/01\/accidente-2.png\",\"articleSection\":[\"Nacionales\/Internacionales\"],\"inLanguage\":\"es-AR\"},{\"@type\":\"WebPage\",\"@id\":\"https:\/\/apuntesdesanluis.com\/index.php\/2025\/01\/23\/otra-tragedia-en-la-costa-motociclista-murio-en-la-playa-tras-chocar-de-frente-contra-un-cuatriciclo\/\",\"url\":\"https:\/\/apuntesdesanluis.com\/index.php\/2025\/01\/23\/otra-tragedia-en-la-costa-motociclista-murio-en-la-playa-tras-chocar-de-frente-contra-un-cuatriciclo\/\",\"name\":\"OTRA TRAGEDIA EN LA COSTA: MOTOCICLISTA MURI\u00d3 EN LA PLAYA TRAS CHOCAR DE FRENTE CONTRA UN CUATRICICLO - Apuntes de San Luis\",\"isPartOf\":{\"@id\":\"https:\/\/apuntesdesanluis.com\/#website\"},\"primaryImageOfPage\":{\"@id\":\"https:\/\/apuntesdesanluis.com\/index.php\/2025\/01\/23\/otra-tragedia-en-la-costa-motociclista-murio-en-la-playa-tras-chocar-de-frente-contra-un-cuatriciclo\/#primaryimage\"},\"image\":{\"@id\":\"https:\/\/apuntesdesanluis.com\/index.php\/2025\/01\/23\/otra-tragedia-en-la-costa-motociclista-murio-en-la-playa-tras-chocar-de-frente-contra-un-cuatriciclo\/#primaryimage\"},\"thumbnailUrl\":\"https:\/\/apuntesdesanluis.com\/wp-content\/uploads\/2025\/01\/accidente-2.png\",\"datePublished\":\"2025-01-23T23:09:53+00:00\",\"dateModified\":\"2025-01-23T23:12:49+00:00\",\"breadcrumb\":{\"@id\":\"https:\/\/apuntesdesanluis.com\/index.php\/2025\/01\/23\/otra-tragedia-en-la-costa-motociclista-murio-en-la-playa-tras-chocar-de-frente-contra-un-cuatriciclo\/#breadcrumb\"},\"inLanguage\":\"es-AR\",\"potentialAction\":[{\"@type\":\"ReadAction\",\"target\":[\"https:\/\/apuntesdesanluis.com\/index.php\/2025\/01\/23\/otra-tragedia-en-la-costa-motociclista-murio-en-la-playa-tras-chocar-de-frente-contra-un-cuatriciclo\/\"]}]},{\"@type\":\"ImageObject\",\"inLanguage\":\"es-AR\",\"@id\":\"https:\/\/apuntesdesanluis.com\/index.php\/2025\/01\/23\/otra-tragedia-en-la-costa-motociclista-murio-en-la-playa-tras-chocar-de-frente-contra-un-cuatriciclo\/#primaryimage\",\"url\":\"https:\/\/apuntesdesanluis.com\/wp-content\/uploads\/2025\/01\/accidente-2.png\",\"contentUrl\":\"https:\/\/apuntesdesanluis.com\/wp-content\/uploads\/2025\/01\/accidente-2.png\",\"width\":727,\"height\":441},{\"@type\":\"BreadcrumbList\",\"@id\":\"https:\/\/apuntesdesanluis.com\/index.php\/2025\/01\/23\/otra-tragedia-en-la-costa-motociclista-murio-en-la-playa-tras-chocar-de-frente-contra-un-cuatriciclo\/#breadcrumb\",\"itemListElement\":[{\"@type\":\"ListItem\",\"position\":1,\"name\":\"Inicio\",\"item\":\"https:\/\/apuntesdesanluis.com\/\"},{\"@type\":\"ListItem\",\"position\":2,\"name\":\"OTRA TRAGEDIA EN LA COSTA: MOTOCICLISTA MURI\u00d3 EN LA PLAYA TRAS CHOCAR DE FRENTE CONTRA UN CUATRICICLO\"}]},{\"@type\":\"WebSite\",\"@id\":\"https:\/\/apuntesdesanluis.com\/#website\",\"url\":\"https:\/\/apuntesdesanluis.com\/\",\"name\":\"Apuntes de San Luis\",\"description\":\"\",\"publisher\":{\"@id\":\"https:\/\/apuntesdesanluis.com\/#\/schema\/person\/b55151d52296fcce64d1a72538a70b90\"},\"potentialAction\":[{\"@type\":\"SearchAction\",\"target\":{\"@type\":\"EntryPoint\",\"urlTemplate\":\"https:\/\/apuntesdesanluis.com\/?s={search_term_string}\"},\"query-input\":{\"@type\":\"PropertyValueSpecification\",\"valueRequired\":true,\"valueName\":\"search_term_string\"}}],\"inLanguage\":\"es-AR\"},{\"@type\":[\"Person\",\"Organization\"],\"@id\":\"https:\/\/apuntesdesanluis.com\/#\/schema\/person\/b55151d52296fcce64d1a72538a70b90\",\"name\":\"apuntesdesanluis.com\",\"image\":{\"@type\":\"ImageObject\",\"inLanguage\":\"es-AR\",\"@id\":\"https:\/\/apuntesdesanluis.com\/#\/schema\/person\/image\/\",\"url\":\"https:\/\/apuntesdesanluis.com\/wp-content\/uploads\/2023\/07\/cropped-apuntesdesanluis.png\",\"contentUrl\":\"https:\/\/apuntesdesanluis.com\/wp-content\/uploads\/2023\/07\/cropped-apuntesdesanluis.png\",\"width\":450,\"height\":112,\"caption\":\"apuntesdesanluis.com\"},\"logo\":{\"@id\":\"https:\/\/apuntesdesanluis.com\/#\/schema\/person\/image\/\"},\"sameAs\":[\"https:\/\/apuntesdesanluis.com\"],\"url\":\"https:\/\/apuntesdesanluis.com\/index.php\/author\/apuntesdesanluis-com\/\"}]}<\/script>\n<!-- \/ Yoast SEO plugin. -->","yoast_head_json":{"title":"OTRA TRAGEDIA EN LA COSTA: MOTOCICLISTA MURI\u00d3 EN LA PLAYA TRAS CHOCAR DE FRENTE CONTRA UN CUATRICICLO - Apuntes de San Luis","robots":{"index":"index","follow":"follow","max-snippet":"max-snippet:-1","max-image-preview":"max-image-preview:large","max-video-preview":"max-video-preview:-1"},"canonical":"https:\/\/apuntesdesanluis.com\/index.php\/2025\/01\/23\/otra-tragedia-en-la-costa-motociclista-murio-en-la-playa-tras-chocar-de-frente-contra-un-cuatriciclo\/","og_locale":"es_ES","og_type":"article","og_title":"OTRA TRAGEDIA EN LA COSTA: MOTOCICLISTA MURI\u00d3 EN LA PLAYA TRAS CHOCAR DE FRENTE CONTRA UN CUATRICICLO - Apuntes de San Luis","og_description":"El accidente ocurri\u00f3 hoy por la tarde, cerca de las 17 horas, en un circuito...","og_url":"https:\/\/apuntesdesanluis.com\/index.php\/2025\/01\/23\/otra-tragedia-en-la-costa-motociclista-murio-en-la-playa-tras-chocar-de-frente-contra-un-cuatriciclo\/","og_site_name":"Apuntes de San Luis","article_published_time":"2025-01-23T23:09:53+00:00","article_modified_time":"2025-01-23T23:12:49+00:00","og_image":[{"width":727,"height":441,"url":"https:\/\/apuntesdesanluis.com\/wp-content\/uploads\/2025\/01\/accidente-2.png","type":"image\/png"}],"author":"apuntesdesanluis.com","twitter_card":"summary_large_image","twitter_misc":{"Escrito por":"apuntesdesanluis.com","Tiempo de lectura":"1 minuto"},"schema":{"@context":"https:\/\/schema.org","@graph":[{"@type":"Article","@id":"https:\/\/apuntesdesanluis.com\/index.php\/2025\/01\/23\/otra-tragedia-en-la-costa-motociclista-murio-en-la-playa-tras-chocar-de-frente-contra-un-cuatriciclo\/#article","isPartOf":{"@id":"https:\/\/apuntesdesanluis.com\/index.php\/2025\/01\/23\/otra-tragedia-en-la-costa-motociclista-murio-en-la-playa-tras-chocar-de-frente-contra-un-cuatriciclo\/"},"author":{"name":"apuntesdesanluis.com","@id":"https:\/\/apuntesdesanluis.com\/#\/schema\/person\/b55151d52296fcce64d1a72538a70b90"},"headline":"OTRA TRAGEDIA EN LA COSTA: MOTOCICLISTA MURI\u00d3 EN LA PLAYA TRAS CHOCAR DE FRENTE CONTRA UN CUATRICICLO","datePublished":"2025-01-23T23:09:53+00:00","dateModified":"2025-01-23T23:12:49+00:00","mainEntityOfPage":{"@id":"https:\/\/apuntesdesanluis.com\/index.php\/2025\/01\/23\/otra-tragedia-en-la-costa-motociclista-murio-en-la-playa-tras-chocar-de-frente-contra-un-cuatriciclo\/"},"wordCount":183,"publisher":{"@id":"https:\/\/apuntesdesanluis.com\/#\/schema\/person\/b55151d52296fcce64d1a72538a70b90"},"image":{"@id":"https:\/\/apuntesdesanluis.com\/index.php\/2025\/01\/23\/otra-tragedia-en-la-costa-motociclista-murio-en-la-playa-tras-chocar-de-frente-contra-un-cuatriciclo\/#primaryimage"},"thumbnailUrl":"https:\/\/apuntesdesanluis.com\/wp-content\/uploads\/2025\/01\/accidente-2.png","articleSection":["Nacionales\/Internacionales"],"inLanguage":"es-AR"},{"@type":"WebPage","@id":"https:\/\/apuntesdesanluis.com\/index.php\/2025\/01\/23\/otra-tragedia-en-la-costa-motociclista-murio-en-la-playa-tras-chocar-de-frente-contra-un-cuatriciclo\/","url":"https:\/\/apuntesdesanluis.com\/index.php\/2025\/01\/23\/otra-tragedia-en-la-costa-motociclista-murio-en-la-playa-tras-chocar-de-frente-contra-un-cuatriciclo\/","name":"OTRA TRAGEDIA EN LA COSTA: MOTOCICLISTA MURI\u00d3 EN LA PLAYA TRAS CHOCAR DE FRENTE CONTRA UN CUATRICICLO - Apuntes de San Luis","isPartOf":{"@id":"https:\/\/apuntesdesanluis.com\/#website"},"primaryImageOfPage":{"@id":"https:\/\/apuntesdesanluis.com\/index.php\/2025\/01\/23\/otra-tragedia-en-la-costa-motociclista-murio-en-la-playa-tras-chocar-de-frente-contra-un-cuatriciclo\/#primaryimage"},"image":{"@id":"https:\/\/apuntesdesanluis.com\/index.php\/2025\/01\/23\/otra-tragedia-en-la-costa-motociclista-murio-en-la-playa-tras-chocar-de-frente-contra-un-cuatriciclo\/#primaryimage"},"thumbnailUrl":"https:\/\/apuntesdesanluis.com\/wp-content\/uploads\/2025\/01\/accidente-2.png","datePublished":"2025-01-23T23:09:53+00:00","dateModified":"2025-01-23T23:12:49+00:00","breadcrumb":{"@id":"https:\/\/apuntesdesanluis.com\/index.php\/2025\/01\/23\/otra-tragedia-en-la-costa-motociclista-murio-en-la-playa-tras-chocar-de-frente-contra-un-cuatriciclo\/#breadcrumb"},"inLanguage":"es-AR","potentialAction":[{"@type":"ReadAction","target":["https:\/\/apuntesdesanluis.com\/index.php\/2025\/01\/23\/otra-tragedia-en-la-costa-motociclista-murio-en-la-playa-tras-chocar-de-frente-contra-un-cuatriciclo\/"]}]},{"@type":"ImageObject","inLanguage":"es-AR","@id":"https:\/\/apuntesdesanluis.com\/index.php\/2025\/01\/23\/otra-tragedia-en-la-costa-motociclista-murio-en-la-playa-tras-chocar-de-frente-contra-un-cuatriciclo\/#primaryimage","url":"https:\/\/apuntesdesanluis.com\/wp-content\/uploads\/2025\/01\/accidente-2.png","contentUrl":"https:\/\/apuntesdesanluis.com\/wp-content\/uploads\/2025\/01\/accidente-2.png","width":727,"height":441},{"@type":"BreadcrumbList","@id":"https:\/\/apuntesdesanluis.com\/index.php\/2025\/01\/23\/otra-tragedia-en-la-costa-motociclista-murio-en-la-playa-tras-chocar-de-frente-contra-un-cuatriciclo\/#breadcrumb","itemListElement":[{"@type":"ListItem","position":1,"name":"Inicio","item":"https:\/\/apuntesdesanluis.com\/"},{"@type":"ListItem","position":2,"name":"OTRA TRAGEDIA EN LA COSTA: MOTOCICLISTA MURI\u00d3 EN LA PLAYA TRAS CHOCAR DE FRENTE CONTRA UN CUATRICICLO"}]},{"@type":"WebSite","@id":"https:\/\/apuntesdesanluis.com\/#website","url":"https:\/\/apuntesdesanluis.com\/","name":"Apuntes de San Luis","description":"","publisher":{"@id":"https:\/\/apuntesdesanluis.com\/#\/schema\/person\/b55151d52296fcce64d1a72538a70b90"},"potentialAction":[{"@type":"SearchAction","target":{"@type":"EntryPoint","urlTemplate":"https:\/\/apuntesdesanluis.com\/?s={search_term_string}"},"query-input":{"@type":"PropertyValueSpecification","valueRequired":true,"valueName":"search_term_string"}}],"inLanguage":"es-AR"},{"@type":["Person","Organization"],"@id":"https:\/\/apuntesdesanluis.com\/#\/schema\/person\/b55151d52296fcce64d1a72538a70b90","name":"apuntesdesanluis.com","image":{"@type":"ImageObject","inLanguage":"es-AR","@id":"https:\/\/apuntesdesanluis.com\/#\/schema\/person\/image\/","url":"https:\/\/apuntesdesanluis.com\/wp-content\/uploads\/2023\/07\/cropped-apuntesdesanluis.png","contentUrl":"https:\/\/apuntesdesanluis.com\/wp-content\/uploads\/2023\/07\/cropped-apuntesdesanluis.png","width":450,"height":112,"caption":"apuntesdesanluis.com"},"logo":{"@id":"https:\/\/apuntesdesanluis.com\/#\/schema\/person\/image\/"},"sameAs":["https:\/\/apuntesdesanluis.com"],"url":"https:\/\/apuntesdesanluis.com\/index.php\/author\/apuntesdesanluis-com\/"}]}},"featured_image_urls":{"full":["https:\/\/apuntesdesanluis.com\/wp-content\/uploads\/2025\/01\/accidente-2.png",727,441,false],"thumbnail":["https:\/\/apuntesdesanluis.com\/wp-content\/uploads\/2025\/01\/accidente-2-150x150.png",150,150,true],"medium":["https:\/\/apuntesdesanluis.com\/wp-content\/uploads\/2025\/01\/accidente-2-300x182.png",300,182,true],"medium_large":["https:\/\/apuntesdesanluis.com\/wp-content\/uploads\/2025\/01\/accidente-2.png",640,388,false],"large":["https:\/\/apuntesdesanluis.com\/wp-content\/uploads\/2025\/01\/accidente-2.png",640,388,false],"1536x1536":["https:\/\/apuntesdesanluis.com\/wp-content\/uploads\/2025\/01\/accidente-2.png",727,441,false],"2048x2048":["https:\/\/apuntesdesanluis.com\/wp-content\/uploads\/2025\/01\/accidente-2.png",727,441,false],"newsever-slider-full":["https:\/\/apuntesdesanluis.com\/wp-content\/uploads\/2025\/01\/accidente-2.png",727,441,false],"newsever-featured":["https:\/\/apuntesdesanluis.com\/wp-content\/uploads\/2025\/01\/accidente-2.png",727,441,false],"newsever-medium":["https:\/\/apuntesdesanluis.com\/wp-content\/uploads\/2025\/01\/accidente-2-720x441.png",720,441,true]},"author_info":{"display_name":"apuntesdesanluis.com","author_link":"https:\/\/apuntesdesanluis.com\/index.php\/author\/apuntesdesanluis-com\/"},"category_info":"<a href=\"https:\/\/apuntesdesanluis.com\/index.php\/category\/nacionales-internacionales\/\" rel=\"category tag\">Nacionales\/Internacionales<\/a>","tag_info":"Nacionales\/Internacionales","comment_count":"0","_links":{"self":[{"href":"https:\/\/apuntesdesanluis.com\/index.php\/wp-json\/wp\/v2\/posts\/28118","targetHints":{"allow":["GET"]}}],"collection":[{"href":"https:\/\/apuntesdesanluis.com\/index.php\/wp-json\/wp\/v2\/posts"}],"about":[{"href":"https:\/\/apuntesdesanluis.com\/index.php\/wp-json\/wp\/v2\/types\/post"}],"author":[{"embeddable":true,"href":"https:\/\/apuntesdesanluis.com\/index.php\/wp-json\/wp\/v2\/users\/1"}],"replies":[{"embeddable":true,"href":"https:\/\/apuntesdesanluis.com\/index.php\/wp-json\/wp\/v2\/comments?post=28118"}],"version-history":[{"count":2,"href":"https:\/\/apuntesdesanluis.com\/index.php\/wp-json\/wp\/v2\/posts\/28118\/revisions"}],"predecessor-version":[{"id":28121,"href":"https:\/\/apuntesdesanluis.com\/index.php\/wp-json\/wp\/v2\/posts\/28118\/revisions\/28121"}],"wp:featuredmedia":[{"embeddable":true,"href":"https:\/\/apuntesdesanluis.com\/index.php\/wp-json\/wp\/v2\/media\/28119"}],"wp:attachment":[{"href":"https:\/\/apuntesdesanluis.com\/index.php\/wp-json\/wp\/v2\/media?parent=28118"}],"wp:term":[{"taxonomy":"category","embeddable":true,"href":"https:\/\/apuntesdesanluis.com\/index.php\/wp-json\/wp\/v2\/categories?post=28118"},{"taxonomy":"post_tag","embeddable":true,"href":"https:\/\/apuntesdesanluis.com\/index.php\/wp-json\/wp\/v2\/tags?post=28118"}],"curies":[{"name":"wp","href":"https:\/\/api.w.org\/{rel}","templated":true}]}}