{"id":2812,"date":"2023-09-06T20:56:49","date_gmt":"2023-09-06T23:56:49","guid":{"rendered":"https:\/\/apuntesdesanluis.com\/?p=2812"},"modified":"2023-09-06T20:57:49","modified_gmt":"2023-09-06T23:57:49","slug":"continuaran-detenidos-los-dos-sospechosos-del-homicidio-de-mafalda-sanchez","status":"publish","type":"post","link":"https:\/\/apuntesdesanluis.com\/index.php\/2023\/09\/06\/continuaran-detenidos-los-dos-sospechosos-del-homicidio-de-mafalda-sanchez\/","title":{"rendered":"CONTINUAR\u00c1N DETENIDOS LOS DOS SOSPECHOSOS DEL HOMICIDIO DE MAFALDA S\u00c1NCHEZ"},"content":{"rendered":"<h3>Les formularon cargos por el delito de homicidio en ocasi\u00f3n de robo y les concedieron una pr\u00f3rroga de detenci\u00f3n de 8 d\u00edas.<\/h3>\n<h3>Este mi\u00e9rcoles en el Juzgado de Garant\u00edas N\u00ba 4,\u00a0 se desarroll\u00f3 la audiencia de formulaci\u00f3n de cargos en el marco de la investigaci\u00f3n que lleva adelante el Ministerio P\u00fablico Fiscal de la Segunda Circunscripci\u00f3n Judicial en relaci\u00f3n al hecho ocurrido en el Barrio La Rioja de Villa Mercedes y que tuvo como resultado la muerte de la Sra. Mafalda Sanchez de 67 a\u00f1os.<\/h3>\n<h3>El Dr. Maximiliano Bazla \u2013Fiscal de Instrucci\u00f3n \u2013 interviene junto a los fiscales adjuntos Dres. Gast\u00f3n Yllera y Gisela Milstein.<\/h3>\n<h3>El fiscal relat\u00f3 que el pasado 4 de septiembre entre las 12:15 y 12:30, aproximadamente, dos personas ingresaron \u2013por calle Chacabuco-\u00a0 al primer m\u00f3dulo del complejo habitacional del B\u00ba La Rioja. Una vez all\u00ed procedieron a cortar un cable de un tablero el\u00e9ctrico y dejaron sin luz el departamento de la v\u00edctima.<\/h3>\n<h3>Es en ese momento \u2013relat\u00f3 el Dr. Bazla-, uno de ellos ingres\u00f3 al inmueble sin forzar la puerta, recorri\u00f3 todos los ambientes, y procedi\u00f3 a violentar a la se\u00f1ora mientras que el otro hombre se qued\u00f3 esperando en el hall. Luego se retiraron del lugar con un elemento que funcionaba como alcanc\u00eda. Ambos aparentaban ser personal de la empresa el\u00e9ctrica, dijo.<\/h3>\n<h3>El Dr. Bazla formul\u00f3 cargos por el delito de homicidio en ocasi\u00f3n de robo. Hizo menci\u00f3n a la evidencia con la que se cuenta hasta el momento, entre ellas,\u00a0 allanamientos, videos de c\u00e1maras de seguridad y a las entrevistas de testigos y a las descripciones que ellos hicieron, las cuales se relacionan con caracter\u00edsticas de los imputados.<\/h3>\n<h3>Por otra parte el Dr. Gast\u00f3n Yllera inform\u00f3 que la autopsia determin\u00f3 que la v\u00edctima presentaba signos de violencia, lesiones en el cr\u00e1neo, cara, brazos, manos y en el t\u00f3rax dos costillas fracturadas. La causa de la muerte, explic\u00f3 el fiscal, fue edema agudo pulmonar, que es una afecci\u00f3n grave causada por l\u00edquido en los pulmones.<\/h3>\n<h3>Los imputados se abstuvieron de declarar en esta oportunidad. La defensa estuvo representada por el Dr. Hern\u00e1n Herrera \u2013Defensor Oficial- y la Dra. Ximena Bertoldi.<\/h3>\n<h3>El Dr. Herrera expres\u00f3 que no comparte la teor\u00eda del caso de fiscal\u00eda y plante\u00f3 reserva en cuanto a la participaci\u00f3n de los imputados, al valor probatorio de algunas evidencias, de la acreditaci\u00f3n del v\u00ednculo causal del deceso con la patolog\u00eda, etc. Solicit\u00f3 una pr\u00f3rroga de detenci\u00f3n por ocho d\u00edas a los fines de incorporar y analizar evidencia.<\/h3>\n<h3>Finalmente, el Dr. Santiago Ortiz formul\u00f3 cargos de manera provisoria a los dos hombres por el delito de homicidio en ocasi\u00f3n de robo (previsto y penado en el art. 165 del C\u00f3digo Penal) en calidad de co-autores (art. 45 C.P). Adem\u00e1s concedi\u00f3 la pr\u00f3rroga de detenci\u00f3n de ocho d\u00edas.<\/h3>\n<h3>Luego de la audiencia, los fiscales a cargo de la investigaci\u00f3n brindaron una conferencia de prensa a medios de comunicaci\u00f3n locales (<strong>ver video<\/strong>).<\/h3>\n<p><iframe title=\"Conferencia de Prensa\" width=\"640\" height=\"360\" src=\"https:\/\/www.youtube.com\/embed\/vKfbcjDcX1o?feature=oembed\" frameborder=\"0\" allow=\"accelerometer; autoplay; clipboard-write; encrypted-media; gyroscope; picture-in-picture; web-share\" referrerpolicy=\"strict-origin-when-cross-origin\" allowfullscreen><\/iframe><\/p>\n","protected":false},"excerpt":{"rendered":"<p>Les formularon cargos por el delito de homicidio en ocasi\u00f3n de robo y les concedieron&#8230;<\/p>\n","protected":false},"author":1,"featured_media":2813,"comment_status":"closed","ping_status":"closed","sticky":false,"template":"","format":"standard","meta":{"footnotes":""},"categories":[6],"tags":[],"class_list":["post-2812","post","type-post","status-publish","format-standard","has-post-thumbnail","hentry","category-ciudad-provincia"],"yoast_head":"<!-- This site is optimized with the Yoast SEO plugin v26.1.1 - https:\/\/yoast.com\/wordpress\/plugins\/seo\/ -->\n<title>CONTINUAR\u00c1N DETENIDOS LOS DOS SOSPECHOSOS DEL HOMICIDIO DE MAFALDA S\u00c1NCHEZ - Apuntes de San Luis<\/title>\n<meta name=\"robots\" content=\"index, follow, max-snippet:-1, max-image-preview:large, max-video-preview:-1\" \/>\n<link rel=\"canonical\" href=\"https:\/\/apuntesdesanluis.com\/index.php\/2023\/09\/06\/continuaran-detenidos-los-dos-sospechosos-del-homicidio-de-mafalda-sanchez\/\" \/>\n<meta property=\"og:locale\" content=\"es_ES\" \/>\n<meta property=\"og:type\" content=\"article\" \/>\n<meta property=\"og:title\" content=\"CONTINUAR\u00c1N DETENIDOS LOS DOS SOSPECHOSOS DEL HOMICIDIO DE MAFALDA S\u00c1NCHEZ - Apuntes de San Luis\" \/>\n<meta property=\"og:description\" content=\"Les formularon cargos por el delito de homicidio en ocasi\u00f3n de robo y les concedieron...\" \/>\n<meta property=\"og:url\" content=\"https:\/\/apuntesdesanluis.com\/index.php\/2023\/09\/06\/continuaran-detenidos-los-dos-sospechosos-del-homicidio-de-mafalda-sanchez\/\" \/>\n<meta property=\"og:site_name\" content=\"Apuntes de San Luis\" \/>\n<meta property=\"article:published_time\" content=\"2023-09-06T23:56:49+00:00\" \/>\n<meta property=\"article:modified_time\" content=\"2023-09-06T23:57:49+00:00\" \/>\n<meta property=\"og:image\" content=\"https:\/\/apuntesdesanluis.com\/wp-content\/uploads\/2023\/09\/fiscales.png\" \/>\n\t<meta property=\"og:image:width\" content=\"600\" \/>\n\t<meta property=\"og:image:height\" content=\"355\" \/>\n\t<meta property=\"og:image:type\" content=\"image\/png\" \/>\n<meta name=\"author\" content=\"apuntesdesanluis.com\" \/>\n<meta name=\"twitter:card\" content=\"summary_large_image\" \/>\n<meta name=\"twitter:label1\" content=\"Escrito por\" \/>\n\t<meta name=\"twitter:data1\" content=\"apuntesdesanluis.com\" \/>\n\t<meta name=\"twitter:label2\" content=\"Tiempo de lectura\" \/>\n\t<meta name=\"twitter:data2\" content=\"3 minutos\" \/>\n<script type=\"application\/ld+json\" class=\"yoast-schema-graph\">{\"@context\":\"https:\/\/schema.org\",\"@graph\":[{\"@type\":\"Article\",\"@id\":\"https:\/\/apuntesdesanluis.com\/index.php\/2023\/09\/06\/continuaran-detenidos-los-dos-sospechosos-del-homicidio-de-mafalda-sanchez\/#article\",\"isPartOf\":{\"@id\":\"https:\/\/apuntesdesanluis.com\/index.php\/2023\/09\/06\/continuaran-detenidos-los-dos-sospechosos-del-homicidio-de-mafalda-sanchez\/\"},\"author\":{\"name\":\"apuntesdesanluis.com\",\"@id\":\"https:\/\/apuntesdesanluis.com\/#\/schema\/person\/b55151d52296fcce64d1a72538a70b90\"},\"headline\":\"CONTINUAR\u00c1N DETENIDOS LOS DOS SOSPECHOSOS DEL HOMICIDIO DE MAFALDA S\u00c1NCHEZ\",\"datePublished\":\"2023-09-06T23:56:49+00:00\",\"dateModified\":\"2023-09-06T23:57:49+00:00\",\"mainEntityOfPage\":{\"@id\":\"https:\/\/apuntesdesanluis.com\/index.php\/2023\/09\/06\/continuaran-detenidos-los-dos-sospechosos-del-homicidio-de-mafalda-sanchez\/\"},\"wordCount\":545,\"publisher\":{\"@id\":\"https:\/\/apuntesdesanluis.com\/#\/schema\/person\/b55151d52296fcce64d1a72538a70b90\"},\"image\":{\"@id\":\"https:\/\/apuntesdesanluis.com\/index.php\/2023\/09\/06\/continuaran-detenidos-los-dos-sospechosos-del-homicidio-de-mafalda-sanchez\/#primaryimage\"},\"thumbnailUrl\":\"https:\/\/apuntesdesanluis.com\/wp-content\/uploads\/2023\/09\/fiscales.png\",\"articleSection\":[\"Ciudad\/Provincia\"],\"inLanguage\":\"es-AR\"},{\"@type\":\"WebPage\",\"@id\":\"https:\/\/apuntesdesanluis.com\/index.php\/2023\/09\/06\/continuaran-detenidos-los-dos-sospechosos-del-homicidio-de-mafalda-sanchez\/\",\"url\":\"https:\/\/apuntesdesanluis.com\/index.php\/2023\/09\/06\/continuaran-detenidos-los-dos-sospechosos-del-homicidio-de-mafalda-sanchez\/\",\"name\":\"CONTINUAR\u00c1N DETENIDOS LOS DOS SOSPECHOSOS DEL HOMICIDIO DE MAFALDA S\u00c1NCHEZ - Apuntes de San Luis\",\"isPartOf\":{\"@id\":\"https:\/\/apuntesdesanluis.com\/#website\"},\"primaryImageOfPage\":{\"@id\":\"https:\/\/apuntesdesanluis.com\/index.php\/2023\/09\/06\/continuaran-detenidos-los-dos-sospechosos-del-homicidio-de-mafalda-sanchez\/#primaryimage\"},\"image\":{\"@id\":\"https:\/\/apuntesdesanluis.com\/index.php\/2023\/09\/06\/continuaran-detenidos-los-dos-sospechosos-del-homicidio-de-mafalda-sanchez\/#primaryimage\"},\"thumbnailUrl\":\"https:\/\/apuntesdesanluis.com\/wp-content\/uploads\/2023\/09\/fiscales.png\",\"datePublished\":\"2023-09-06T23:56:49+00:00\",\"dateModified\":\"2023-09-06T23:57:49+00:00\",\"breadcrumb\":{\"@id\":\"https:\/\/apuntesdesanluis.com\/index.php\/2023\/09\/06\/continuaran-detenidos-los-dos-sospechosos-del-homicidio-de-mafalda-sanchez\/#breadcrumb\"},\"inLanguage\":\"es-AR\",\"potentialAction\":[{\"@type\":\"ReadAction\",\"target\":[\"https:\/\/apuntesdesanluis.com\/index.php\/2023\/09\/06\/continuaran-detenidos-los-dos-sospechosos-del-homicidio-de-mafalda-sanchez\/\"]}]},{\"@type\":\"ImageObject\",\"inLanguage\":\"es-AR\",\"@id\":\"https:\/\/apuntesdesanluis.com\/index.php\/2023\/09\/06\/continuaran-detenidos-los-dos-sospechosos-del-homicidio-de-mafalda-sanchez\/#primaryimage\",\"url\":\"https:\/\/apuntesdesanluis.com\/wp-content\/uploads\/2023\/09\/fiscales.png\",\"contentUrl\":\"https:\/\/apuntesdesanluis.com\/wp-content\/uploads\/2023\/09\/fiscales.png\",\"width\":600,\"height\":355},{\"@type\":\"BreadcrumbList\",\"@id\":\"https:\/\/apuntesdesanluis.com\/index.php\/2023\/09\/06\/continuaran-detenidos-los-dos-sospechosos-del-homicidio-de-mafalda-sanchez\/#breadcrumb\",\"itemListElement\":[{\"@type\":\"ListItem\",\"position\":1,\"name\":\"Inicio\",\"item\":\"https:\/\/apuntesdesanluis.com\/\"},{\"@type\":\"ListItem\",\"position\":2,\"name\":\"CONTINUAR\u00c1N DETENIDOS LOS DOS SOSPECHOSOS DEL HOMICIDIO DE MAFALDA S\u00c1NCHEZ\"}]},{\"@type\":\"WebSite\",\"@id\":\"https:\/\/apuntesdesanluis.com\/#website\",\"url\":\"https:\/\/apuntesdesanluis.com\/\",\"name\":\"Apuntes de San Luis\",\"description\":\"\",\"publisher\":{\"@id\":\"https:\/\/apuntesdesanluis.com\/#\/schema\/person\/b55151d52296fcce64d1a72538a70b90\"},\"potentialAction\":[{\"@type\":\"SearchAction\",\"target\":{\"@type\":\"EntryPoint\",\"urlTemplate\":\"https:\/\/apuntesdesanluis.com\/?s={search_term_string}\"},\"query-input\":{\"@type\":\"PropertyValueSpecification\",\"valueRequired\":true,\"valueName\":\"search_term_string\"}}],\"inLanguage\":\"es-AR\"},{\"@type\":[\"Person\",\"Organization\"],\"@id\":\"https:\/\/apuntesdesanluis.com\/#\/schema\/person\/b55151d52296fcce64d1a72538a70b90\",\"name\":\"apuntesdesanluis.com\",\"image\":{\"@type\":\"ImageObject\",\"inLanguage\":\"es-AR\",\"@id\":\"https:\/\/apuntesdesanluis.com\/#\/schema\/person\/image\/\",\"url\":\"https:\/\/apuntesdesanluis.com\/wp-content\/uploads\/2023\/07\/cropped-apuntesdesanluis.png\",\"contentUrl\":\"https:\/\/apuntesdesanluis.com\/wp-content\/uploads\/2023\/07\/cropped-apuntesdesanluis.png\",\"width\":450,\"height\":112,\"caption\":\"apuntesdesanluis.com\"},\"logo\":{\"@id\":\"https:\/\/apuntesdesanluis.com\/#\/schema\/person\/image\/\"},\"sameAs\":[\"https:\/\/apuntesdesanluis.com\"],\"url\":\"https:\/\/apuntesdesanluis.com\/index.php\/author\/apuntesdesanluis-com\/\"}]}<\/script>\n<!-- \/ Yoast SEO plugin. -->","yoast_head_json":{"title":"CONTINUAR\u00c1N DETENIDOS LOS DOS SOSPECHOSOS DEL HOMICIDIO DE MAFALDA S\u00c1NCHEZ - Apuntes de San Luis","robots":{"index":"index","follow":"follow","max-snippet":"max-snippet:-1","max-image-preview":"max-image-preview:large","max-video-preview":"max-video-preview:-1"},"canonical":"https:\/\/apuntesdesanluis.com\/index.php\/2023\/09\/06\/continuaran-detenidos-los-dos-sospechosos-del-homicidio-de-mafalda-sanchez\/","og_locale":"es_ES","og_type":"article","og_title":"CONTINUAR\u00c1N DETENIDOS LOS DOS SOSPECHOSOS DEL HOMICIDIO DE MAFALDA S\u00c1NCHEZ - Apuntes de San Luis","og_description":"Les formularon cargos por el delito de homicidio en ocasi\u00f3n de robo y les concedieron...","og_url":"https:\/\/apuntesdesanluis.com\/index.php\/2023\/09\/06\/continuaran-detenidos-los-dos-sospechosos-del-homicidio-de-mafalda-sanchez\/","og_site_name":"Apuntes de San Luis","article_published_time":"2023-09-06T23:56:49+00:00","article_modified_time":"2023-09-06T23:57:49+00:00","og_image":[{"width":600,"height":355,"url":"https:\/\/apuntesdesanluis.com\/wp-content\/uploads\/2023\/09\/fiscales.png","type":"image\/png"}],"author":"apuntesdesanluis.com","twitter_card":"summary_large_image","twitter_misc":{"Escrito por":"apuntesdesanluis.com","Tiempo de lectura":"3 minutos"},"schema":{"@context":"https:\/\/schema.org","@graph":[{"@type":"Article","@id":"https:\/\/apuntesdesanluis.com\/index.php\/2023\/09\/06\/continuaran-detenidos-los-dos-sospechosos-del-homicidio-de-mafalda-sanchez\/#article","isPartOf":{"@id":"https:\/\/apuntesdesanluis.com\/index.php\/2023\/09\/06\/continuaran-detenidos-los-dos-sospechosos-del-homicidio-de-mafalda-sanchez\/"},"author":{"name":"apuntesdesanluis.com","@id":"https:\/\/apuntesdesanluis.com\/#\/schema\/person\/b55151d52296fcce64d1a72538a70b90"},"headline":"CONTINUAR\u00c1N DETENIDOS LOS DOS SOSPECHOSOS DEL HOMICIDIO DE MAFALDA S\u00c1NCHEZ","datePublished":"2023-09-06T23:56:49+00:00","dateModified":"2023-09-06T23:57:49+00:00","mainEntityOfPage":{"@id":"https:\/\/apuntesdesanluis.com\/index.php\/2023\/09\/06\/continuaran-detenidos-los-dos-sospechosos-del-homicidio-de-mafalda-sanchez\/"},"wordCount":545,"publisher":{"@id":"https:\/\/apuntesdesanluis.com\/#\/schema\/person\/b55151d52296fcce64d1a72538a70b90"},"image":{"@id":"https:\/\/apuntesdesanluis.com\/index.php\/2023\/09\/06\/continuaran-detenidos-los-dos-sospechosos-del-homicidio-de-mafalda-sanchez\/#primaryimage"},"thumbnailUrl":"https:\/\/apuntesdesanluis.com\/wp-content\/uploads\/2023\/09\/fiscales.png","articleSection":["Ciudad\/Provincia"],"inLanguage":"es-AR"},{"@type":"WebPage","@id":"https:\/\/apuntesdesanluis.com\/index.php\/2023\/09\/06\/continuaran-detenidos-los-dos-sospechosos-del-homicidio-de-mafalda-sanchez\/","url":"https:\/\/apuntesdesanluis.com\/index.php\/2023\/09\/06\/continuaran-detenidos-los-dos-sospechosos-del-homicidio-de-mafalda-sanchez\/","name":"CONTINUAR\u00c1N DETENIDOS LOS DOS SOSPECHOSOS DEL HOMICIDIO DE MAFALDA S\u00c1NCHEZ - Apuntes de San Luis","isPartOf":{"@id":"https:\/\/apuntesdesanluis.com\/#website"},"primaryImageOfPage":{"@id":"https:\/\/apuntesdesanluis.com\/index.php\/2023\/09\/06\/continuaran-detenidos-los-dos-sospechosos-del-homicidio-de-mafalda-sanchez\/#primaryimage"},"image":{"@id":"https:\/\/apuntesdesanluis.com\/index.php\/2023\/09\/06\/continuaran-detenidos-los-dos-sospechosos-del-homicidio-de-mafalda-sanchez\/#primaryimage"},"thumbnailUrl":"https:\/\/apuntesdesanluis.com\/wp-content\/uploads\/2023\/09\/fiscales.png","datePublished":"2023-09-06T23:56:49+00:00","dateModified":"2023-09-06T23:57:49+00:00","breadcrumb":{"@id":"https:\/\/apuntesdesanluis.com\/index.php\/2023\/09\/06\/continuaran-detenidos-los-dos-sospechosos-del-homicidio-de-mafalda-sanchez\/#breadcrumb"},"inLanguage":"es-AR","potentialAction":[{"@type":"ReadAction","target":["https:\/\/apuntesdesanluis.com\/index.php\/2023\/09\/06\/continuaran-detenidos-los-dos-sospechosos-del-homicidio-de-mafalda-sanchez\/"]}]},{"@type":"ImageObject","inLanguage":"es-AR","@id":"https:\/\/apuntesdesanluis.com\/index.php\/2023\/09\/06\/continuaran-detenidos-los-dos-sospechosos-del-homicidio-de-mafalda-sanchez\/#primaryimage","url":"https:\/\/apuntesdesanluis.com\/wp-content\/uploads\/2023\/09\/fiscales.png","contentUrl":"https:\/\/apuntesdesanluis.com\/wp-content\/uploads\/2023\/09\/fiscales.png","width":600,"height":355},{"@type":"BreadcrumbList","@id":"https:\/\/apuntesdesanluis.com\/index.php\/2023\/09\/06\/continuaran-detenidos-los-dos-sospechosos-del-homicidio-de-mafalda-sanchez\/#breadcrumb","itemListElement":[{"@type":"ListItem","position":1,"name":"Inicio","item":"https:\/\/apuntesdesanluis.com\/"},{"@type":"ListItem","position":2,"name":"CONTINUAR\u00c1N DETENIDOS LOS DOS SOSPECHOSOS DEL HOMICIDIO DE MAFALDA S\u00c1NCHEZ"}]},{"@type":"WebSite","@id":"https:\/\/apuntesdesanluis.com\/#website","url":"https:\/\/apuntesdesanluis.com\/","name":"Apuntes de San Luis","description":"","publisher":{"@id":"https:\/\/apuntesdesanluis.com\/#\/schema\/person\/b55151d52296fcce64d1a72538a70b90"},"potentialAction":[{"@type":"SearchAction","target":{"@type":"EntryPoint","urlTemplate":"https:\/\/apuntesdesanluis.com\/?s={search_term_string}"},"query-input":{"@type":"PropertyValueSpecification","valueRequired":true,"valueName":"search_term_string"}}],"inLanguage":"es-AR"},{"@type":["Person","Organization"],"@id":"https:\/\/apuntesdesanluis.com\/#\/schema\/person\/b55151d52296fcce64d1a72538a70b90","name":"apuntesdesanluis.com","image":{"@type":"ImageObject","inLanguage":"es-AR","@id":"https:\/\/apuntesdesanluis.com\/#\/schema\/person\/image\/","url":"https:\/\/apuntesdesanluis.com\/wp-content\/uploads\/2023\/07\/cropped-apuntesdesanluis.png","contentUrl":"https:\/\/apuntesdesanluis.com\/wp-content\/uploads\/2023\/07\/cropped-apuntesdesanluis.png","width":450,"height":112,"caption":"apuntesdesanluis.com"},"logo":{"@id":"https:\/\/apuntesdesanluis.com\/#\/schema\/person\/image\/"},"sameAs":["https:\/\/apuntesdesanluis.com"],"url":"https:\/\/apuntesdesanluis.com\/index.php\/author\/apuntesdesanluis-com\/"}]}},"featured_image_urls":{"full":["https:\/\/apuntesdesanluis.com\/wp-content\/uploads\/2023\/09\/fiscales.png",600,355,false],"thumbnail":["https:\/\/apuntesdesanluis.com\/wp-content\/uploads\/2023\/09\/fiscales-150x150.png",150,150,true],"medium":["https:\/\/apuntesdesanluis.com\/wp-content\/uploads\/2023\/09\/fiscales-300x178.png",300,178,true],"medium_large":["https:\/\/apuntesdesanluis.com\/wp-content\/uploads\/2023\/09\/fiscales.png",600,355,false],"large":["https:\/\/apuntesdesanluis.com\/wp-content\/uploads\/2023\/09\/fiscales.png",600,355,false],"1536x1536":["https:\/\/apuntesdesanluis.com\/wp-content\/uploads\/2023\/09\/fiscales.png",600,355,false],"2048x2048":["https:\/\/apuntesdesanluis.com\/wp-content\/uploads\/2023\/09\/fiscales.png",600,355,false],"newsever-slider-full":["https:\/\/apuntesdesanluis.com\/wp-content\/uploads\/2023\/09\/fiscales.png",600,355,false],"newsever-featured":["https:\/\/apuntesdesanluis.com\/wp-content\/uploads\/2023\/09\/fiscales.png",600,355,false],"newsever-medium":["https:\/\/apuntesdesanluis.com\/wp-content\/uploads\/2023\/09\/fiscales.png",600,355,false]},"author_info":{"display_name":"apuntesdesanluis.com","author_link":"https:\/\/apuntesdesanluis.com\/index.php\/author\/apuntesdesanluis-com\/"},"category_info":"<a href=\"https:\/\/apuntesdesanluis.com\/index.php\/category\/ciudad-provincia\/\" rel=\"category tag\">Ciudad\/Provincia<\/a>","tag_info":"Ciudad\/Provincia","comment_count":"0","_links":{"self":[{"href":"https:\/\/apuntesdesanluis.com\/index.php\/wp-json\/wp\/v2\/posts\/2812","targetHints":{"allow":["GET"]}}],"collection":[{"href":"https:\/\/apuntesdesanluis.com\/index.php\/wp-json\/wp\/v2\/posts"}],"about":[{"href":"https:\/\/apuntesdesanluis.com\/index.php\/wp-json\/wp\/v2\/types\/post"}],"author":[{"embeddable":true,"href":"https:\/\/apuntesdesanluis.com\/index.php\/wp-json\/wp\/v2\/users\/1"}],"replies":[{"embeddable":true,"href":"https:\/\/apuntesdesanluis.com\/index.php\/wp-json\/wp\/v2\/comments?post=2812"}],"version-history":[{"count":3,"href":"https:\/\/apuntesdesanluis.com\/index.php\/wp-json\/wp\/v2\/posts\/2812\/revisions"}],"predecessor-version":[{"id":2816,"href":"https:\/\/apuntesdesanluis.com\/index.php\/wp-json\/wp\/v2\/posts\/2812\/revisions\/2816"}],"wp:featuredmedia":[{"embeddable":true,"href":"https:\/\/apuntesdesanluis.com\/index.php\/wp-json\/wp\/v2\/media\/2813"}],"wp:attachment":[{"href":"https:\/\/apuntesdesanluis.com\/index.php\/wp-json\/wp\/v2\/media?parent=2812"}],"wp:term":[{"taxonomy":"category","embeddable":true,"href":"https:\/\/apuntesdesanluis.com\/index.php\/wp-json\/wp\/v2\/categories?post=2812"},{"taxonomy":"post_tag","embeddable":true,"href":"https:\/\/apuntesdesanluis.com\/index.php\/wp-json\/wp\/v2\/tags?post=2812"}],"curies":[{"name":"wp","href":"https:\/\/api.w.org\/{rel}","templated":true}]}}