{"id":28126,"date":"2025-01-23T20:36:52","date_gmt":"2025-01-23T23:36:52","guid":{"rendered":"https:\/\/apuntesdesanluis.com\/?p=28126"},"modified":"2025-01-23T20:36:52","modified_gmt":"2025-01-23T23:36:52","slug":"milei-en-davos-dijo-que-argentina-es-un-ejemplo-mundial-y-considero-a-la-ideologia-woke-un-virus-mental","status":"publish","type":"post","link":"https:\/\/apuntesdesanluis.com\/index.php\/2025\/01\/23\/milei-en-davos-dijo-que-argentina-es-un-ejemplo-mundial-y-considero-a-la-ideologia-woke-un-virus-mental\/","title":{"rendered":"MILEI EN DAVOS: DIJO QUE ARGENTINA ES UN \u201cEJEMPLO MUNDIAL\u201d Y CONSIDER\u00d3 A LA IDEOLOG\u00cdA WOKE UN \u201cVIRUS MENTAL\u201d"},"content":{"rendered":"<h3>El presidente Javier Milei habl\u00f3 en el Foro Econ\u00f3mico Mundial de Davos, la cumbre que re\u00fane cada enero a m\u00e1s de 3 mil l\u00edderes globales para analizar los retos estrat\u00e9gicos y fomentar la cooperaci\u00f3n entre naciones. Al inicio de su discurso, el mandatario sostuvo: \u201cEl mundo ha abrazado a la Argentina, que se ha convertido en ejemplo mundial\u201d.<\/h3>\n<h3>El mandatario realiz\u00f3 un fuerte descargo contra la ideolog\u00eda woke, y consider\u00f3 que \u201ces la epidemia que hay que curar y el c\u00e1ncer que hay que extirpar\u201d. Adem\u00e1s, apunt\u00f3 contra el rol del Foro, los organismos multilaterales de cr\u00e9dito y las naciones de la Uni\u00f3n Europea por haber impulsado y defendido el progresismo internacional, y cuestion\u00f3 a la ideolog\u00eda de g\u00e9nero, el feminismo, el ecologismo radical y la bandera de cambio clim\u00e1tico.<\/h3>\n<h3>A su vez, Milei record\u00f3 su participaci\u00f3n en la edici\u00f3n 2024 de este mismo Foro: \u201cLes dije que era el comienzo de una nueva argentina que estaba infectada de socialismos durante mucho tiempo\u201d, asegur\u00f3, y destac\u00f3: \u201cYa no me siento tan solo\u201d.<\/h3>\n<h3>\u201cLentamente, se ha ido formando una alianza internacional de todas las naciones que queremos ser libres y abrazar la ideas de la libertad\u201d, plante\u00f3.<\/h3>\n<h3>Y enumer\u00f3: \u201cA lo largo de este a\u00f1o he podido encontrar compa\u00f1eros en esta pelea en todos los rincones del planeta, desde el maravilloso Elon Musk, hasta la feroz dama italiana, mi querida amiga Giorgia Meloni; desde (Nayib) Bukele en El Salvador a Viktor Orb\u00e1n en Hungr\u00eda; desde Benjam\u00edn Netanyahu en Israel, a Donald Trump en Estados Unidos\u201d.<\/h3>\n<h3>CR\u00cdTICAS AL \u201cWOKISMO\u201d Y DEFENSA DEL LIBERALISMO<\/h3>\n<h3>Milei dedic\u00f3 gran parte de su discurso a criticar lo que describi\u00f3 como \u201cel virus mental de la ideolog\u00eda woke\u201d, al que acus\u00f3 de distorsionar los valores fundamentales de la civilizaci\u00f3n occidental. Seg\u00fan el mandatario, esta corriente ideol\u00f3gica \u201cha colonizado instituciones importantes, desde partidos pol\u00edticos y universidades, hasta medios de comunicaci\u00f3n y organismos internacionales\u201d.<\/h3>\n<h3>\u201cEl feminismo radical, la ideolog\u00eda de g\u00e9nero, el ecologismo extremo, entre otras causas, han sido manipuladas para justificar la expansi\u00f3n del Estado y erosionar la libertad individual\u201d, sostuvo. Asimismo, se\u00f1al\u00f3 que el cambio clim\u00e1tico y otras problem\u00e1ticas han sido \u201cpervertidas\u201d para promover una agenda que, en su opini\u00f3n, debilita el progreso econ\u00f3mico y social.<\/h3>\n<h3>Adem\u00e1s, Milei critic\u00f3 duramente la \u201cdistribuci\u00f3n arbitraria de la riqueza\u201d y el crecimiento del aparato estatal, compar\u00e1ndolo con los sistemas colectivistas que, seg\u00fan \u00e9l, llevaron a Occidente a perder el rumbo durante el siglo XX. Citando a la escritora Ayn Rand, calific\u00f3 esta situaci\u00f3n como un reflejo del \u201cpartido del Estado\u201d, que prioriza sus propios intereses por encima de los ciudadanos libres.<\/h3>\n<h3>En otro pasaje de su intervenci\u00f3n, Milei volvi\u00f3 a defender a Elon Musk: \u201cAprovecho esta oportunidad para saludar al maravilloso Elon Musk, quien con su lucha contra la censura y su visi\u00f3n por la libertad de expresi\u00f3n nos ha inspirado a muchos de nosotros. Argentina se siente cerca de personas como usted, que han entendido que la libertad es el motor del progreso\u201d, afirm\u00f3 el presidente.<\/h3>\n<h3>\u201cInjustamente ha sido vilipendiado por el wokismo, en las \u00faltimas horas, por un inocente gesto que lo \u00fanico que significa es su (inaudible) y gratitud con la gente\u201d, plante\u00f3.<\/h3>\n<h3>Luego de participar de la asunci\u00f3n presidencial de Donald Trump en los Estados Unidos, Milei continu\u00f3 con su gira oficial y viaj\u00f3 a Suiza para participar del Foro, que este a\u00f1o se desarrollar\u00e1 hasta el 24 de enero, bajo el lema: \u201cColaboraci\u00f3n para la Era Inteligente\u201d. Los temas de la agenda a debatir contemplan la inteligencia artificial, el crecimiento sostenible y la lucha contra el cambio clim\u00e1tico.<\/h3>\n<h3>Esta es la segunda vez que Milei habla frente en el Foro Econ\u00f3mico Mundial de Davos, puesto que su primera participaci\u00f3n fue en enero del a\u00f1o pasado, cuando llevaba tan solo un mes al frente de gesti\u00f3n. En esa oportunidad, lanz\u00f3 fuertes cr\u00edticas contra el socialismo y advirti\u00f3 que \u201cOccidente est\u00e1 en peligro\u201d.<\/h3>\n<h3>En esta ocasi\u00f3n, el jefe de Estado record\u00f3 aquella primera participaci\u00f3n y marc\u00f3 una diferencia: \u201cCu\u00e1nto ha cambiado en tan poco tiempo&#8230; Hace un a\u00f1o me par\u00e9 aqu\u00ed frente a ustedes en soledad y dije algunas verdades sobre el estado del mundo occidental que fueron recibidas con cierta sorpresa y estupor por buena parte del establishment pol\u00edtico, econ\u00f3mico y medi\u00e1tico de Occidente\u201d.<\/h3>\n<h3>En el mismo sentido, apunt\u00f3: \u201cUn a\u00f1o despu\u00e9s debo decir que ya no me siento tan solo porque el mundo ha abrazado a la Argentina, que se ha convertido en ejemplo mundial de responsabilidad fiscal, de compromiso con nuestras obligaciones, de c\u00f3mo terminar con el problema de la inflaci\u00f3n y tambi\u00e9n de una nueva forma de hacer pol\u00edtica, que consiste en decirle la verdad a la gente en la cara y confiar en que la gente entender\u00e1\u201c.<\/h3>\n<p>&nbsp;<\/p>\n<p>&nbsp;<\/p>\n","protected":false},"excerpt":{"rendered":"<p>El presidente Javier Milei habl\u00f3 en el Foro Econ\u00f3mico Mundial de Davos, la cumbre que&#8230;<\/p>\n","protected":false},"author":1,"featured_media":28127,"comment_status":"closed","ping_status":"closed","sticky":false,"template":"","format":"standard","meta":{"footnotes":""},"categories":[5],"tags":[],"class_list":["post-28126","post","type-post","status-publish","format-standard","has-post-thumbnail","hentry","category-nacionales-internacionales"],"yoast_head":"<!-- This site is optimized with the Yoast SEO plugin v26.1.1 - https:\/\/yoast.com\/wordpress\/plugins\/seo\/ -->\n<title>MILEI EN DAVOS: DIJO QUE ARGENTINA ES UN \u201cEJEMPLO MUNDIAL\u201d Y CONSIDER\u00d3 A LA IDEOLOG\u00cdA WOKE UN \u201cVIRUS MENTAL\u201d - Apuntes de San Luis<\/title>\n<meta name=\"robots\" content=\"index, follow, max-snippet:-1, max-image-preview:large, max-video-preview:-1\" \/>\n<link rel=\"canonical\" href=\"https:\/\/apuntesdesanluis.com\/index.php\/2025\/01\/23\/milei-en-davos-dijo-que-argentina-es-un-ejemplo-mundial-y-considero-a-la-ideologia-woke-un-virus-mental\/\" \/>\n<meta property=\"og:locale\" content=\"es_ES\" \/>\n<meta property=\"og:type\" content=\"article\" \/>\n<meta property=\"og:title\" content=\"MILEI EN DAVOS: DIJO QUE ARGENTINA ES UN \u201cEJEMPLO MUNDIAL\u201d Y CONSIDER\u00d3 A LA IDEOLOG\u00cdA WOKE UN \u201cVIRUS MENTAL\u201d - Apuntes de San Luis\" \/>\n<meta property=\"og:description\" content=\"El presidente Javier Milei habl\u00f3 en el Foro Econ\u00f3mico Mundial de Davos, la cumbre que...\" \/>\n<meta property=\"og:url\" content=\"https:\/\/apuntesdesanluis.com\/index.php\/2025\/01\/23\/milei-en-davos-dijo-que-argentina-es-un-ejemplo-mundial-y-considero-a-la-ideologia-woke-un-virus-mental\/\" \/>\n<meta property=\"og:site_name\" content=\"Apuntes de San Luis\" \/>\n<meta property=\"article:published_time\" content=\"2025-01-23T23:36:52+00:00\" \/>\n<meta property=\"og:image\" content=\"https:\/\/apuntesdesanluis.com\/wp-content\/uploads\/2025\/01\/MILEI-2.png\" \/>\n\t<meta property=\"og:image:width\" content=\"829\" \/>\n\t<meta property=\"og:image:height\" content=\"526\" \/>\n\t<meta property=\"og:image:type\" content=\"image\/png\" \/>\n<meta name=\"author\" content=\"apuntesdesanluis.com\" \/>\n<meta name=\"twitter:card\" content=\"summary_large_image\" \/>\n<meta name=\"twitter:label1\" content=\"Escrito por\" \/>\n\t<meta name=\"twitter:data1\" content=\"apuntesdesanluis.com\" \/>\n\t<meta name=\"twitter:label2\" content=\"Tiempo de lectura\" \/>\n\t<meta name=\"twitter:data2\" content=\"4 minutos\" \/>\n<script type=\"application\/ld+json\" class=\"yoast-schema-graph\">{\"@context\":\"https:\/\/schema.org\",\"@graph\":[{\"@type\":\"Article\",\"@id\":\"https:\/\/apuntesdesanluis.com\/index.php\/2025\/01\/23\/milei-en-davos-dijo-que-argentina-es-un-ejemplo-mundial-y-considero-a-la-ideologia-woke-un-virus-mental\/#article\",\"isPartOf\":{\"@id\":\"https:\/\/apuntesdesanluis.com\/index.php\/2025\/01\/23\/milei-en-davos-dijo-que-argentina-es-un-ejemplo-mundial-y-considero-a-la-ideologia-woke-un-virus-mental\/\"},\"author\":{\"name\":\"apuntesdesanluis.com\",\"@id\":\"https:\/\/apuntesdesanluis.com\/#\/schema\/person\/b55151d52296fcce64d1a72538a70b90\"},\"headline\":\"MILEI EN DAVOS: DIJO QUE ARGENTINA ES UN \u201cEJEMPLO MUNDIAL\u201d Y CONSIDER\u00d3 A LA IDEOLOG\u00cdA WOKE UN \u201cVIRUS MENTAL\u201d\",\"datePublished\":\"2025-01-23T23:36:52+00:00\",\"mainEntityOfPage\":{\"@id\":\"https:\/\/apuntesdesanluis.com\/index.php\/2025\/01\/23\/milei-en-davos-dijo-que-argentina-es-un-ejemplo-mundial-y-considero-a-la-ideologia-woke-un-virus-mental\/\"},\"wordCount\":870,\"publisher\":{\"@id\":\"https:\/\/apuntesdesanluis.com\/#\/schema\/person\/b55151d52296fcce64d1a72538a70b90\"},\"image\":{\"@id\":\"https:\/\/apuntesdesanluis.com\/index.php\/2025\/01\/23\/milei-en-davos-dijo-que-argentina-es-un-ejemplo-mundial-y-considero-a-la-ideologia-woke-un-virus-mental\/#primaryimage\"},\"thumbnailUrl\":\"https:\/\/apuntesdesanluis.com\/wp-content\/uploads\/2025\/01\/MILEI-2.png\",\"articleSection\":[\"Nacionales\/Internacionales\"],\"inLanguage\":\"es-AR\"},{\"@type\":\"WebPage\",\"@id\":\"https:\/\/apuntesdesanluis.com\/index.php\/2025\/01\/23\/milei-en-davos-dijo-que-argentina-es-un-ejemplo-mundial-y-considero-a-la-ideologia-woke-un-virus-mental\/\",\"url\":\"https:\/\/apuntesdesanluis.com\/index.php\/2025\/01\/23\/milei-en-davos-dijo-que-argentina-es-un-ejemplo-mundial-y-considero-a-la-ideologia-woke-un-virus-mental\/\",\"name\":\"MILEI EN DAVOS: DIJO QUE ARGENTINA ES UN \u201cEJEMPLO MUNDIAL\u201d Y CONSIDER\u00d3 A LA IDEOLOG\u00cdA WOKE UN \u201cVIRUS MENTAL\u201d - Apuntes de San Luis\",\"isPartOf\":{\"@id\":\"https:\/\/apuntesdesanluis.com\/#website\"},\"primaryImageOfPage\":{\"@id\":\"https:\/\/apuntesdesanluis.com\/index.php\/2025\/01\/23\/milei-en-davos-dijo-que-argentina-es-un-ejemplo-mundial-y-considero-a-la-ideologia-woke-un-virus-mental\/#primaryimage\"},\"image\":{\"@id\":\"https:\/\/apuntesdesanluis.com\/index.php\/2025\/01\/23\/milei-en-davos-dijo-que-argentina-es-un-ejemplo-mundial-y-considero-a-la-ideologia-woke-un-virus-mental\/#primaryimage\"},\"thumbnailUrl\":\"https:\/\/apuntesdesanluis.com\/wp-content\/uploads\/2025\/01\/MILEI-2.png\",\"datePublished\":\"2025-01-23T23:36:52+00:00\",\"breadcrumb\":{\"@id\":\"https:\/\/apuntesdesanluis.com\/index.php\/2025\/01\/23\/milei-en-davos-dijo-que-argentina-es-un-ejemplo-mundial-y-considero-a-la-ideologia-woke-un-virus-mental\/#breadcrumb\"},\"inLanguage\":\"es-AR\",\"potentialAction\":[{\"@type\":\"ReadAction\",\"target\":[\"https:\/\/apuntesdesanluis.com\/index.php\/2025\/01\/23\/milei-en-davos-dijo-que-argentina-es-un-ejemplo-mundial-y-considero-a-la-ideologia-woke-un-virus-mental\/\"]}]},{\"@type\":\"ImageObject\",\"inLanguage\":\"es-AR\",\"@id\":\"https:\/\/apuntesdesanluis.com\/index.php\/2025\/01\/23\/milei-en-davos-dijo-que-argentina-es-un-ejemplo-mundial-y-considero-a-la-ideologia-woke-un-virus-mental\/#primaryimage\",\"url\":\"https:\/\/apuntesdesanluis.com\/wp-content\/uploads\/2025\/01\/MILEI-2.png\",\"contentUrl\":\"https:\/\/apuntesdesanluis.com\/wp-content\/uploads\/2025\/01\/MILEI-2.png\",\"width\":829,\"height\":526},{\"@type\":\"BreadcrumbList\",\"@id\":\"https:\/\/apuntesdesanluis.com\/index.php\/2025\/01\/23\/milei-en-davos-dijo-que-argentina-es-un-ejemplo-mundial-y-considero-a-la-ideologia-woke-un-virus-mental\/#breadcrumb\",\"itemListElement\":[{\"@type\":\"ListItem\",\"position\":1,\"name\":\"Inicio\",\"item\":\"https:\/\/apuntesdesanluis.com\/\"},{\"@type\":\"ListItem\",\"position\":2,\"name\":\"MILEI EN DAVOS: DIJO QUE ARGENTINA ES UN \u201cEJEMPLO MUNDIAL\u201d Y CONSIDER\u00d3 A LA IDEOLOG\u00cdA WOKE UN \u201cVIRUS MENTAL\u201d\"}]},{\"@type\":\"WebSite\",\"@id\":\"https:\/\/apuntesdesanluis.com\/#website\",\"url\":\"https:\/\/apuntesdesanluis.com\/\",\"name\":\"Apuntes de San Luis\",\"description\":\"\",\"publisher\":{\"@id\":\"https:\/\/apuntesdesanluis.com\/#\/schema\/person\/b55151d52296fcce64d1a72538a70b90\"},\"potentialAction\":[{\"@type\":\"SearchAction\",\"target\":{\"@type\":\"EntryPoint\",\"urlTemplate\":\"https:\/\/apuntesdesanluis.com\/?s={search_term_string}\"},\"query-input\":{\"@type\":\"PropertyValueSpecification\",\"valueRequired\":true,\"valueName\":\"search_term_string\"}}],\"inLanguage\":\"es-AR\"},{\"@type\":[\"Person\",\"Organization\"],\"@id\":\"https:\/\/apuntesdesanluis.com\/#\/schema\/person\/b55151d52296fcce64d1a72538a70b90\",\"name\":\"apuntesdesanluis.com\",\"image\":{\"@type\":\"ImageObject\",\"inLanguage\":\"es-AR\",\"@id\":\"https:\/\/apuntesdesanluis.com\/#\/schema\/person\/image\/\",\"url\":\"https:\/\/apuntesdesanluis.com\/wp-content\/uploads\/2023\/07\/cropped-apuntesdesanluis.png\",\"contentUrl\":\"https:\/\/apuntesdesanluis.com\/wp-content\/uploads\/2023\/07\/cropped-apuntesdesanluis.png\",\"width\":450,\"height\":112,\"caption\":\"apuntesdesanluis.com\"},\"logo\":{\"@id\":\"https:\/\/apuntesdesanluis.com\/#\/schema\/person\/image\/\"},\"sameAs\":[\"https:\/\/apuntesdesanluis.com\"],\"url\":\"https:\/\/apuntesdesanluis.com\/index.php\/author\/apuntesdesanluis-com\/\"}]}<\/script>\n<!-- \/ Yoast SEO plugin. -->","yoast_head_json":{"title":"MILEI EN DAVOS: DIJO QUE ARGENTINA ES UN \u201cEJEMPLO MUNDIAL\u201d Y CONSIDER\u00d3 A LA IDEOLOG\u00cdA WOKE UN \u201cVIRUS MENTAL\u201d - Apuntes de San Luis","robots":{"index":"index","follow":"follow","max-snippet":"max-snippet:-1","max-image-preview":"max-image-preview:large","max-video-preview":"max-video-preview:-1"},"canonical":"https:\/\/apuntesdesanluis.com\/index.php\/2025\/01\/23\/milei-en-davos-dijo-que-argentina-es-un-ejemplo-mundial-y-considero-a-la-ideologia-woke-un-virus-mental\/","og_locale":"es_ES","og_type":"article","og_title":"MILEI EN DAVOS: DIJO QUE ARGENTINA ES UN \u201cEJEMPLO MUNDIAL\u201d Y CONSIDER\u00d3 A LA IDEOLOG\u00cdA WOKE UN \u201cVIRUS MENTAL\u201d - Apuntes de San Luis","og_description":"El presidente Javier Milei habl\u00f3 en el Foro Econ\u00f3mico Mundial de Davos, la cumbre que...","og_url":"https:\/\/apuntesdesanluis.com\/index.php\/2025\/01\/23\/milei-en-davos-dijo-que-argentina-es-un-ejemplo-mundial-y-considero-a-la-ideologia-woke-un-virus-mental\/","og_site_name":"Apuntes de San Luis","article_published_time":"2025-01-23T23:36:52+00:00","og_image":[{"width":829,"height":526,"url":"https:\/\/apuntesdesanluis.com\/wp-content\/uploads\/2025\/01\/MILEI-2.png","type":"image\/png"}],"author":"apuntesdesanluis.com","twitter_card":"summary_large_image","twitter_misc":{"Escrito por":"apuntesdesanluis.com","Tiempo de lectura":"4 minutos"},"schema":{"@context":"https:\/\/schema.org","@graph":[{"@type":"Article","@id":"https:\/\/apuntesdesanluis.com\/index.php\/2025\/01\/23\/milei-en-davos-dijo-que-argentina-es-un-ejemplo-mundial-y-considero-a-la-ideologia-woke-un-virus-mental\/#article","isPartOf":{"@id":"https:\/\/apuntesdesanluis.com\/index.php\/2025\/01\/23\/milei-en-davos-dijo-que-argentina-es-un-ejemplo-mundial-y-considero-a-la-ideologia-woke-un-virus-mental\/"},"author":{"name":"apuntesdesanluis.com","@id":"https:\/\/apuntesdesanluis.com\/#\/schema\/person\/b55151d52296fcce64d1a72538a70b90"},"headline":"MILEI EN DAVOS: DIJO QUE ARGENTINA ES UN \u201cEJEMPLO MUNDIAL\u201d Y CONSIDER\u00d3 A LA IDEOLOG\u00cdA WOKE UN \u201cVIRUS MENTAL\u201d","datePublished":"2025-01-23T23:36:52+00:00","mainEntityOfPage":{"@id":"https:\/\/apuntesdesanluis.com\/index.php\/2025\/01\/23\/milei-en-davos-dijo-que-argentina-es-un-ejemplo-mundial-y-considero-a-la-ideologia-woke-un-virus-mental\/"},"wordCount":870,"publisher":{"@id":"https:\/\/apuntesdesanluis.com\/#\/schema\/person\/b55151d52296fcce64d1a72538a70b90"},"image":{"@id":"https:\/\/apuntesdesanluis.com\/index.php\/2025\/01\/23\/milei-en-davos-dijo-que-argentina-es-un-ejemplo-mundial-y-considero-a-la-ideologia-woke-un-virus-mental\/#primaryimage"},"thumbnailUrl":"https:\/\/apuntesdesanluis.com\/wp-content\/uploads\/2025\/01\/MILEI-2.png","articleSection":["Nacionales\/Internacionales"],"inLanguage":"es-AR"},{"@type":"WebPage","@id":"https:\/\/apuntesdesanluis.com\/index.php\/2025\/01\/23\/milei-en-davos-dijo-que-argentina-es-un-ejemplo-mundial-y-considero-a-la-ideologia-woke-un-virus-mental\/","url":"https:\/\/apuntesdesanluis.com\/index.php\/2025\/01\/23\/milei-en-davos-dijo-que-argentina-es-un-ejemplo-mundial-y-considero-a-la-ideologia-woke-un-virus-mental\/","name":"MILEI EN DAVOS: DIJO QUE ARGENTINA ES UN \u201cEJEMPLO MUNDIAL\u201d Y CONSIDER\u00d3 A LA IDEOLOG\u00cdA WOKE UN \u201cVIRUS MENTAL\u201d - Apuntes de San Luis","isPartOf":{"@id":"https:\/\/apuntesdesanluis.com\/#website"},"primaryImageOfPage":{"@id":"https:\/\/apuntesdesanluis.com\/index.php\/2025\/01\/23\/milei-en-davos-dijo-que-argentina-es-un-ejemplo-mundial-y-considero-a-la-ideologia-woke-un-virus-mental\/#primaryimage"},"image":{"@id":"https:\/\/apuntesdesanluis.com\/index.php\/2025\/01\/23\/milei-en-davos-dijo-que-argentina-es-un-ejemplo-mundial-y-considero-a-la-ideologia-woke-un-virus-mental\/#primaryimage"},"thumbnailUrl":"https:\/\/apuntesdesanluis.com\/wp-content\/uploads\/2025\/01\/MILEI-2.png","datePublished":"2025-01-23T23:36:52+00:00","breadcrumb":{"@id":"https:\/\/apuntesdesanluis.com\/index.php\/2025\/01\/23\/milei-en-davos-dijo-que-argentina-es-un-ejemplo-mundial-y-considero-a-la-ideologia-woke-un-virus-mental\/#breadcrumb"},"inLanguage":"es-AR","potentialAction":[{"@type":"ReadAction","target":["https:\/\/apuntesdesanluis.com\/index.php\/2025\/01\/23\/milei-en-davos-dijo-que-argentina-es-un-ejemplo-mundial-y-considero-a-la-ideologia-woke-un-virus-mental\/"]}]},{"@type":"ImageObject","inLanguage":"es-AR","@id":"https:\/\/apuntesdesanluis.com\/index.php\/2025\/01\/23\/milei-en-davos-dijo-que-argentina-es-un-ejemplo-mundial-y-considero-a-la-ideologia-woke-un-virus-mental\/#primaryimage","url":"https:\/\/apuntesdesanluis.com\/wp-content\/uploads\/2025\/01\/MILEI-2.png","contentUrl":"https:\/\/apuntesdesanluis.com\/wp-content\/uploads\/2025\/01\/MILEI-2.png","width":829,"height":526},{"@type":"BreadcrumbList","@id":"https:\/\/apuntesdesanluis.com\/index.php\/2025\/01\/23\/milei-en-davos-dijo-que-argentina-es-un-ejemplo-mundial-y-considero-a-la-ideologia-woke-un-virus-mental\/#breadcrumb","itemListElement":[{"@type":"ListItem","position":1,"name":"Inicio","item":"https:\/\/apuntesdesanluis.com\/"},{"@type":"ListItem","position":2,"name":"MILEI EN DAVOS: DIJO QUE ARGENTINA ES UN \u201cEJEMPLO MUNDIAL\u201d Y CONSIDER\u00d3 A LA IDEOLOG\u00cdA WOKE UN \u201cVIRUS MENTAL\u201d"}]},{"@type":"WebSite","@id":"https:\/\/apuntesdesanluis.com\/#website","url":"https:\/\/apuntesdesanluis.com\/","name":"Apuntes de San Luis","description":"","publisher":{"@id":"https:\/\/apuntesdesanluis.com\/#\/schema\/person\/b55151d52296fcce64d1a72538a70b90"},"potentialAction":[{"@type":"SearchAction","target":{"@type":"EntryPoint","urlTemplate":"https:\/\/apuntesdesanluis.com\/?s={search_term_string}"},"query-input":{"@type":"PropertyValueSpecification","valueRequired":true,"valueName":"search_term_string"}}],"inLanguage":"es-AR"},{"@type":["Person","Organization"],"@id":"https:\/\/apuntesdesanluis.com\/#\/schema\/person\/b55151d52296fcce64d1a72538a70b90","name":"apuntesdesanluis.com","image":{"@type":"ImageObject","inLanguage":"es-AR","@id":"https:\/\/apuntesdesanluis.com\/#\/schema\/person\/image\/","url":"https:\/\/apuntesdesanluis.com\/wp-content\/uploads\/2023\/07\/cropped-apuntesdesanluis.png","contentUrl":"https:\/\/apuntesdesanluis.com\/wp-content\/uploads\/2023\/07\/cropped-apuntesdesanluis.png","width":450,"height":112,"caption":"apuntesdesanluis.com"},"logo":{"@id":"https:\/\/apuntesdesanluis.com\/#\/schema\/person\/image\/"},"sameAs":["https:\/\/apuntesdesanluis.com"],"url":"https:\/\/apuntesdesanluis.com\/index.php\/author\/apuntesdesanluis-com\/"}]}},"featured_image_urls":{"full":["https:\/\/apuntesdesanluis.com\/wp-content\/uploads\/2025\/01\/MILEI-2.png",829,526,false],"thumbnail":["https:\/\/apuntesdesanluis.com\/wp-content\/uploads\/2025\/01\/MILEI-2-150x150.png",150,150,true],"medium":["https:\/\/apuntesdesanluis.com\/wp-content\/uploads\/2025\/01\/MILEI-2-300x190.png",300,190,true],"medium_large":["https:\/\/apuntesdesanluis.com\/wp-content\/uploads\/2025\/01\/MILEI-2-768x487.png",640,406,true],"large":["https:\/\/apuntesdesanluis.com\/wp-content\/uploads\/2025\/01\/MILEI-2.png",640,406,false],"1536x1536":["https:\/\/apuntesdesanluis.com\/wp-content\/uploads\/2025\/01\/MILEI-2.png",829,526,false],"2048x2048":["https:\/\/apuntesdesanluis.com\/wp-content\/uploads\/2025\/01\/MILEI-2.png",829,526,false],"newsever-slider-full":["https:\/\/apuntesdesanluis.com\/wp-content\/uploads\/2025\/01\/MILEI-2.png",829,526,false],"newsever-featured":["https:\/\/apuntesdesanluis.com\/wp-content\/uploads\/2025\/01\/MILEI-2.png",829,526,false],"newsever-medium":["https:\/\/apuntesdesanluis.com\/wp-content\/uploads\/2025\/01\/MILEI-2-720x475.png",720,475,true]},"author_info":{"display_name":"apuntesdesanluis.com","author_link":"https:\/\/apuntesdesanluis.com\/index.php\/author\/apuntesdesanluis-com\/"},"category_info":"<a href=\"https:\/\/apuntesdesanluis.com\/index.php\/category\/nacionales-internacionales\/\" rel=\"category tag\">Nacionales\/Internacionales<\/a>","tag_info":"Nacionales\/Internacionales","comment_count":"0","_links":{"self":[{"href":"https:\/\/apuntesdesanluis.com\/index.php\/wp-json\/wp\/v2\/posts\/28126","targetHints":{"allow":["GET"]}}],"collection":[{"href":"https:\/\/apuntesdesanluis.com\/index.php\/wp-json\/wp\/v2\/posts"}],"about":[{"href":"https:\/\/apuntesdesanluis.com\/index.php\/wp-json\/wp\/v2\/types\/post"}],"author":[{"embeddable":true,"href":"https:\/\/apuntesdesanluis.com\/index.php\/wp-json\/wp\/v2\/users\/1"}],"replies":[{"embeddable":true,"href":"https:\/\/apuntesdesanluis.com\/index.php\/wp-json\/wp\/v2\/comments?post=28126"}],"version-history":[{"count":1,"href":"https:\/\/apuntesdesanluis.com\/index.php\/wp-json\/wp\/v2\/posts\/28126\/revisions"}],"predecessor-version":[{"id":28128,"href":"https:\/\/apuntesdesanluis.com\/index.php\/wp-json\/wp\/v2\/posts\/28126\/revisions\/28128"}],"wp:featuredmedia":[{"embeddable":true,"href":"https:\/\/apuntesdesanluis.com\/index.php\/wp-json\/wp\/v2\/media\/28127"}],"wp:attachment":[{"href":"https:\/\/apuntesdesanluis.com\/index.php\/wp-json\/wp\/v2\/media?parent=28126"}],"wp:term":[{"taxonomy":"category","embeddable":true,"href":"https:\/\/apuntesdesanluis.com\/index.php\/wp-json\/wp\/v2\/categories?post=28126"},{"taxonomy":"post_tag","embeddable":true,"href":"https:\/\/apuntesdesanluis.com\/index.php\/wp-json\/wp\/v2\/tags?post=28126"}],"curies":[{"name":"wp","href":"https:\/\/api.w.org\/{rel}","templated":true}]}}