{"id":28132,"date":"2025-01-23T21:10:28","date_gmt":"2025-01-24T00:10:28","guid":{"rendered":"https:\/\/apuntesdesanluis.com\/?p=28132"},"modified":"2025-01-23T21:15:18","modified_gmt":"2025-01-24T00:15:18","slug":"el-gobierno-enfria-el-ascenso-de-luis-juez-a-la-presidencia-del-senado","status":"publish","type":"post","link":"https:\/\/apuntesdesanluis.com\/index.php\/2025\/01\/23\/el-gobierno-enfria-el-ascenso-de-luis-juez-a-la-presidencia-del-senado\/","title":{"rendered":"EL GOBIERNO ENFR\u00cdA EL ASCENSO DE LUIS JUEZ A LA PRESIDENCIA PROVISIONAL DEL SENADO"},"content":{"rendered":"<h3>En una cumbre en el Senado, encabezada por <strong>Villarruel<\/strong>, se avanz\u00f3 con la idea de dejar que por ahora siga el libertario <strong>Bartolom\u00e9<\/strong> <strong>Abdala <\/strong>como presidente provisional.<\/h3>\n<h3><strong>Victoria Villarruel, Bartolom\u00e9 Abdala y Ezequiel Atauche<\/strong> siguieron reunidos este mi\u00e9rcoles, cuando concluy\u00f3 la visita de <strong>Guillermo Francos<\/strong> a los legisladores aliados. En esa reuni\u00f3n se analiz\u00f3 el cambio de clima en la Casa Rosada, donde en principio enfriaron la posibilidad que <strong>Luis Juez<\/strong> reemplace al puntano en la presidencia provisional del Senado. &#8220;Acordaron que todo tiene que quedar como est\u00e1&#8221;, afirm\u00f3 a LPO un senador al tanto de las conversaciones.<\/h3>\n<p><img fetchpriority=\"high\" decoding=\"async\" class=\"wp-image-28134 aligncenter\" src=\"https:\/\/apuntesdesanluis.com\/wp-content\/uploads\/2025\/01\/bartolo-abdala-300x200.png\" alt=\"\" width=\"752\" height=\"501\" srcset=\"https:\/\/apuntesdesanluis.com\/wp-content\/uploads\/2025\/01\/bartolo-abdala-300x200.png 300w, https:\/\/apuntesdesanluis.com\/wp-content\/uploads\/2025\/01\/bartolo-abdala-768x512.png 768w, https:\/\/apuntesdesanluis.com\/wp-content\/uploads\/2025\/01\/bartolo-abdala.png 783w\" sizes=\"(max-width: 752px) 100vw, 752px\" \/><\/p>\n<h3>La frase remite no solo al puesto de Abdala en la l\u00ednea de sucesi\u00f3n presidencial, por debajo de la Vicepresidenta, sino tambi\u00e9n a las secretar\u00edas Parlamentaria y Administrativa, prosecretar\u00edas y direcciones. Ese reparto de cargos fue el saldo de la mayor\u00eda de 39 senadores, compuesta por el PRO, la UCR, los libertarios y los provinciales, que despojaron en diciembre de 2023 al kirchnerismo en las comisiones.<\/h3>\n<h3>El giro tiene como principal afectado a Luis Juez, quien ven\u00eda reclamando la presidencia provisional para terminar de confirmar su pase a La Libertad Avanza. El cordob\u00e9s encima tuvo la mala suerte que la decisi\u00f3n se termin\u00f3 de conversar en una cumbre a la que no pudo asistir porque estaba de vacaciones en la s\u00faper exclusiva isla de Aruba.<\/h3>\n<h3>&#8220;El gobierno entendi\u00f3 que no le conviene arriesgarse a una negociaci\u00f3n en la que podr\u00eda ser devorado por el peronismo, que en el tramo final de la discusi\u00f3n podr\u00eda quedarse con la presidencia provisional y meter as\u00ed uno propio en la l\u00ednea de sucesi\u00f3n&#8221;, agreg\u00f3 el senador.<\/h3>\n<h3>&#8220;Mantener los cargos a los que est\u00e1n contra el peronismo es lo \u00fanico que podr\u00eda servirles para sostener el esquema de reparto de poder que se configur\u00f3 con los 39 de diciembre de 2023&#8221;, precis\u00f3.<\/h3>\n<h3>Durante el encuentro con el jefe de Gabinete, ese riesgo fue expuesto con claridad por el radical Pablo Blanco, sentado a la mesa en reemplazo de Eduardo Vischi, el jefe de bloque de la UCR ausente por razones familiares. &#8220;Blanco explic\u00f3 que estaba toda la mesa de conducci\u00f3n de la casa en riesgo si abr\u00edan la discusi\u00f3n sobre la presidencia provisional&#8221;, resumi\u00f3 otro senador al tanto de lo conversado.<\/h3>\n<h3>En Balcarce 50 sobran indicios para mostrarse precavidos. El formose\u00f1o Jos\u00e9 Mayans mand\u00f3 a decir esta semana que no se sentar\u00eda en su banca durante las sesiones extraordinarias, lo que complica los planes del gobierno para aprobar los pliegos de los candidatos a la Corte Suprema, <strong>Ariel Lijo y Manuel Garc\u00eda Mansilla<\/strong>: &#8220;Si no viene a sentarse Mayans, no vienen los 33 y no hay dos tercios&#8221;, dijeron en un despacho af\u00edn al oficialismo.<\/h3>\n<h3>LPO hab\u00eda revelado el golpe que se preparaba contra Villarruel y Abdala. La maniobra inclu\u00eda la participaci\u00f3n de gobernadores peronistas y aliados, adem\u00e1s de legisladores sin techo, para barrer al puntano de la conducci\u00f3n de la C\u00e1mara y colocar a uno que les responda.<\/h3>\n<h3>La Casa Rosada, enfrentada sin cuartel con Villarruel, tambi\u00e9n atend\u00eda a la jugada bajo la suposici\u00f3n de que el legislador puntano respond\u00eda a la Vicepresidenta.<\/h3>\n<h3>Sin embargo, un diputado libertario aclar\u00f3 que &#8220;Abdala no es de Villarruel, pero se lleva bien&#8221;. &#8220;Antes le conven\u00eda decir que era de ella, aunque ahora no tanto&#8221;, apunt\u00f3.<\/h3>\n<h3>Los tres candidatos a relevarlo en ese puesto eran el jefe de bloque de La Libertad Avanza, Ezequiel Atauche, el cordob\u00e9s Luis Juez y el salte\u00f1o Juan Carlos Romero. Atauche es un hombre de Karina Milei pero desde su entorno negaron sistem\u00e1ticamente que aspirase a esa silla, mientras que Juez, como inform\u00f3 LPO, negociaba su pase al oficialismo a cambio del lugar de Abdala. Romero, por su parte, no mostraba mayor inter\u00e9s, pese a que sus colegas lo consideraban el m\u00e1s apto, por cercan\u00eda con Milei y trayectoria pol\u00edtica.<\/h3>\n<h3>Si bien falta un mes para la sesi\u00f3n preparatoria en la que deber\u00e1n ratificarse o no las autoridades del Senado, el acuerdo entre Villarruel y Atauche para respaldar a Abdala podr\u00eda funcionar como un llamado a los aliados, hartos de la interna entre Milei y la Vicepresidenta.<\/h3>\n<h3>De hecho, Villarruel recibi\u00f3 luego a los macristas Alfredo De Angeli y Enrique Mart\u00edn Goerling Lara, para comunicarles la postura libertaria. Los dos senadores del PRO pulsean para quedarse con la jefatura del bloque, despu\u00e9s que Juez la dejara vacante, y ser\u00edan los encargados de garantizar los seis votos de su bancada. (LPO)<\/h3>\n<h3><\/h3>\n<h3><\/h3>\n<p>&nbsp;<\/p>\n","protected":false},"excerpt":{"rendered":"<p>En una cumbre en el Senado, encabezada por Villarruel, se avanz\u00f3 con la idea de&#8230;<\/p>\n","protected":false},"author":1,"featured_media":28133,"comment_status":"closed","ping_status":"closed","sticky":false,"template":"","format":"standard","meta":{"footnotes":""},"categories":[9],"tags":[],"class_list":["post-28132","post","type-post","status-publish","format-standard","has-post-thumbnail","hentry","category-opinion"],"yoast_head":"<!-- This site is optimized with the Yoast SEO plugin v26.1.1 - https:\/\/yoast.com\/wordpress\/plugins\/seo\/ -->\n<title>EL GOBIERNO ENFR\u00cdA EL ASCENSO DE LUIS JUEZ A LA PRESIDENCIA PROVISIONAL DEL SENADO - Apuntes de San Luis<\/title>\n<meta name=\"robots\" content=\"index, follow, max-snippet:-1, max-image-preview:large, max-video-preview:-1\" \/>\n<link rel=\"canonical\" href=\"https:\/\/apuntesdesanluis.com\/index.php\/2025\/01\/23\/el-gobierno-enfria-el-ascenso-de-luis-juez-a-la-presidencia-del-senado\/\" \/>\n<meta property=\"og:locale\" content=\"es_ES\" \/>\n<meta property=\"og:type\" content=\"article\" \/>\n<meta property=\"og:title\" content=\"EL GOBIERNO ENFR\u00cdA EL ASCENSO DE LUIS JUEZ A LA PRESIDENCIA PROVISIONAL DEL SENADO - Apuntes de San Luis\" \/>\n<meta property=\"og:description\" content=\"En una cumbre en el Senado, encabezada por Villarruel, se avanz\u00f3 con la idea de...\" \/>\n<meta property=\"og:url\" content=\"https:\/\/apuntesdesanluis.com\/index.php\/2025\/01\/23\/el-gobierno-enfria-el-ascenso-de-luis-juez-a-la-presidencia-del-senado\/\" \/>\n<meta property=\"og:site_name\" content=\"Apuntes de San Luis\" \/>\n<meta property=\"article:published_time\" content=\"2025-01-24T00:10:28+00:00\" \/>\n<meta property=\"article:modified_time\" content=\"2025-01-24T00:15:18+00:00\" \/>\n<meta property=\"og:image\" content=\"https:\/\/apuntesdesanluis.com\/wp-content\/uploads\/2025\/01\/luis-juez.png\" \/>\n\t<meta property=\"og:image:width\" content=\"923\" \/>\n\t<meta property=\"og:image:height\" content=\"543\" \/>\n\t<meta property=\"og:image:type\" content=\"image\/png\" \/>\n<meta name=\"author\" content=\"apuntesdesanluis.com\" \/>\n<meta name=\"twitter:card\" content=\"summary_large_image\" \/>\n<meta name=\"twitter:label1\" content=\"Escrito por\" \/>\n\t<meta name=\"twitter:data1\" content=\"apuntesdesanluis.com\" \/>\n\t<meta name=\"twitter:label2\" content=\"Tiempo de lectura\" \/>\n\t<meta name=\"twitter:data2\" content=\"4 minutos\" \/>\n<script type=\"application\/ld+json\" class=\"yoast-schema-graph\">{\"@context\":\"https:\/\/schema.org\",\"@graph\":[{\"@type\":\"Article\",\"@id\":\"https:\/\/apuntesdesanluis.com\/index.php\/2025\/01\/23\/el-gobierno-enfria-el-ascenso-de-luis-juez-a-la-presidencia-del-senado\/#article\",\"isPartOf\":{\"@id\":\"https:\/\/apuntesdesanluis.com\/index.php\/2025\/01\/23\/el-gobierno-enfria-el-ascenso-de-luis-juez-a-la-presidencia-del-senado\/\"},\"author\":{\"name\":\"apuntesdesanluis.com\",\"@id\":\"https:\/\/apuntesdesanluis.com\/#\/schema\/person\/b55151d52296fcce64d1a72538a70b90\"},\"headline\":\"EL GOBIERNO ENFR\u00cdA EL ASCENSO DE LUIS JUEZ A LA PRESIDENCIA PROVISIONAL DEL SENADO\",\"datePublished\":\"2025-01-24T00:10:28+00:00\",\"dateModified\":\"2025-01-24T00:15:18+00:00\",\"mainEntityOfPage\":{\"@id\":\"https:\/\/apuntesdesanluis.com\/index.php\/2025\/01\/23\/el-gobierno-enfria-el-ascenso-de-luis-juez-a-la-presidencia-del-senado\/\"},\"wordCount\":796,\"publisher\":{\"@id\":\"https:\/\/apuntesdesanluis.com\/#\/schema\/person\/b55151d52296fcce64d1a72538a70b90\"},\"image\":{\"@id\":\"https:\/\/apuntesdesanluis.com\/index.php\/2025\/01\/23\/el-gobierno-enfria-el-ascenso-de-luis-juez-a-la-presidencia-del-senado\/#primaryimage\"},\"thumbnailUrl\":\"https:\/\/apuntesdesanluis.com\/wp-content\/uploads\/2025\/01\/luis-juez.png\",\"articleSection\":[\"Opini\u00f3n\"],\"inLanguage\":\"es-AR\"},{\"@type\":\"WebPage\",\"@id\":\"https:\/\/apuntesdesanluis.com\/index.php\/2025\/01\/23\/el-gobierno-enfria-el-ascenso-de-luis-juez-a-la-presidencia-del-senado\/\",\"url\":\"https:\/\/apuntesdesanluis.com\/index.php\/2025\/01\/23\/el-gobierno-enfria-el-ascenso-de-luis-juez-a-la-presidencia-del-senado\/\",\"name\":\"EL GOBIERNO ENFR\u00cdA EL ASCENSO DE LUIS JUEZ A LA PRESIDENCIA PROVISIONAL DEL SENADO - Apuntes de San Luis\",\"isPartOf\":{\"@id\":\"https:\/\/apuntesdesanluis.com\/#website\"},\"primaryImageOfPage\":{\"@id\":\"https:\/\/apuntesdesanluis.com\/index.php\/2025\/01\/23\/el-gobierno-enfria-el-ascenso-de-luis-juez-a-la-presidencia-del-senado\/#primaryimage\"},\"image\":{\"@id\":\"https:\/\/apuntesdesanluis.com\/index.php\/2025\/01\/23\/el-gobierno-enfria-el-ascenso-de-luis-juez-a-la-presidencia-del-senado\/#primaryimage\"},\"thumbnailUrl\":\"https:\/\/apuntesdesanluis.com\/wp-content\/uploads\/2025\/01\/luis-juez.png\",\"datePublished\":\"2025-01-24T00:10:28+00:00\",\"dateModified\":\"2025-01-24T00:15:18+00:00\",\"breadcrumb\":{\"@id\":\"https:\/\/apuntesdesanluis.com\/index.php\/2025\/01\/23\/el-gobierno-enfria-el-ascenso-de-luis-juez-a-la-presidencia-del-senado\/#breadcrumb\"},\"inLanguage\":\"es-AR\",\"potentialAction\":[{\"@type\":\"ReadAction\",\"target\":[\"https:\/\/apuntesdesanluis.com\/index.php\/2025\/01\/23\/el-gobierno-enfria-el-ascenso-de-luis-juez-a-la-presidencia-del-senado\/\"]}]},{\"@type\":\"ImageObject\",\"inLanguage\":\"es-AR\",\"@id\":\"https:\/\/apuntesdesanluis.com\/index.php\/2025\/01\/23\/el-gobierno-enfria-el-ascenso-de-luis-juez-a-la-presidencia-del-senado\/#primaryimage\",\"url\":\"https:\/\/apuntesdesanluis.com\/wp-content\/uploads\/2025\/01\/luis-juez.png\",\"contentUrl\":\"https:\/\/apuntesdesanluis.com\/wp-content\/uploads\/2025\/01\/luis-juez.png\",\"width\":923,\"height\":543},{\"@type\":\"BreadcrumbList\",\"@id\":\"https:\/\/apuntesdesanluis.com\/index.php\/2025\/01\/23\/el-gobierno-enfria-el-ascenso-de-luis-juez-a-la-presidencia-del-senado\/#breadcrumb\",\"itemListElement\":[{\"@type\":\"ListItem\",\"position\":1,\"name\":\"Inicio\",\"item\":\"https:\/\/apuntesdesanluis.com\/\"},{\"@type\":\"ListItem\",\"position\":2,\"name\":\"EL GOBIERNO ENFR\u00cdA EL ASCENSO DE LUIS JUEZ A LA PRESIDENCIA PROVISIONAL DEL SENADO\"}]},{\"@type\":\"WebSite\",\"@id\":\"https:\/\/apuntesdesanluis.com\/#website\",\"url\":\"https:\/\/apuntesdesanluis.com\/\",\"name\":\"Apuntes de San Luis\",\"description\":\"\",\"publisher\":{\"@id\":\"https:\/\/apuntesdesanluis.com\/#\/schema\/person\/b55151d52296fcce64d1a72538a70b90\"},\"potentialAction\":[{\"@type\":\"SearchAction\",\"target\":{\"@type\":\"EntryPoint\",\"urlTemplate\":\"https:\/\/apuntesdesanluis.com\/?s={search_term_string}\"},\"query-input\":{\"@type\":\"PropertyValueSpecification\",\"valueRequired\":true,\"valueName\":\"search_term_string\"}}],\"inLanguage\":\"es-AR\"},{\"@type\":[\"Person\",\"Organization\"],\"@id\":\"https:\/\/apuntesdesanluis.com\/#\/schema\/person\/b55151d52296fcce64d1a72538a70b90\",\"name\":\"apuntesdesanluis.com\",\"image\":{\"@type\":\"ImageObject\",\"inLanguage\":\"es-AR\",\"@id\":\"https:\/\/apuntesdesanluis.com\/#\/schema\/person\/image\/\",\"url\":\"https:\/\/apuntesdesanluis.com\/wp-content\/uploads\/2023\/07\/cropped-apuntesdesanluis.png\",\"contentUrl\":\"https:\/\/apuntesdesanluis.com\/wp-content\/uploads\/2023\/07\/cropped-apuntesdesanluis.png\",\"width\":450,\"height\":112,\"caption\":\"apuntesdesanluis.com\"},\"logo\":{\"@id\":\"https:\/\/apuntesdesanluis.com\/#\/schema\/person\/image\/\"},\"sameAs\":[\"https:\/\/apuntesdesanluis.com\"],\"url\":\"https:\/\/apuntesdesanluis.com\/index.php\/author\/apuntesdesanluis-com\/\"}]}<\/script>\n<!-- \/ Yoast SEO plugin. -->","yoast_head_json":{"title":"EL GOBIERNO ENFR\u00cdA EL ASCENSO DE LUIS JUEZ A LA PRESIDENCIA PROVISIONAL DEL SENADO - Apuntes de San Luis","robots":{"index":"index","follow":"follow","max-snippet":"max-snippet:-1","max-image-preview":"max-image-preview:large","max-video-preview":"max-video-preview:-1"},"canonical":"https:\/\/apuntesdesanluis.com\/index.php\/2025\/01\/23\/el-gobierno-enfria-el-ascenso-de-luis-juez-a-la-presidencia-del-senado\/","og_locale":"es_ES","og_type":"article","og_title":"EL GOBIERNO ENFR\u00cdA EL ASCENSO DE LUIS JUEZ A LA PRESIDENCIA PROVISIONAL DEL SENADO - Apuntes de San Luis","og_description":"En una cumbre en el Senado, encabezada por Villarruel, se avanz\u00f3 con la idea de...","og_url":"https:\/\/apuntesdesanluis.com\/index.php\/2025\/01\/23\/el-gobierno-enfria-el-ascenso-de-luis-juez-a-la-presidencia-del-senado\/","og_site_name":"Apuntes de San Luis","article_published_time":"2025-01-24T00:10:28+00:00","article_modified_time":"2025-01-24T00:15:18+00:00","og_image":[{"width":923,"height":543,"url":"https:\/\/apuntesdesanluis.com\/wp-content\/uploads\/2025\/01\/luis-juez.png","type":"image\/png"}],"author":"apuntesdesanluis.com","twitter_card":"summary_large_image","twitter_misc":{"Escrito por":"apuntesdesanluis.com","Tiempo de lectura":"4 minutos"},"schema":{"@context":"https:\/\/schema.org","@graph":[{"@type":"Article","@id":"https:\/\/apuntesdesanluis.com\/index.php\/2025\/01\/23\/el-gobierno-enfria-el-ascenso-de-luis-juez-a-la-presidencia-del-senado\/#article","isPartOf":{"@id":"https:\/\/apuntesdesanluis.com\/index.php\/2025\/01\/23\/el-gobierno-enfria-el-ascenso-de-luis-juez-a-la-presidencia-del-senado\/"},"author":{"name":"apuntesdesanluis.com","@id":"https:\/\/apuntesdesanluis.com\/#\/schema\/person\/b55151d52296fcce64d1a72538a70b90"},"headline":"EL GOBIERNO ENFR\u00cdA EL ASCENSO DE LUIS JUEZ A LA PRESIDENCIA PROVISIONAL DEL SENADO","datePublished":"2025-01-24T00:10:28+00:00","dateModified":"2025-01-24T00:15:18+00:00","mainEntityOfPage":{"@id":"https:\/\/apuntesdesanluis.com\/index.php\/2025\/01\/23\/el-gobierno-enfria-el-ascenso-de-luis-juez-a-la-presidencia-del-senado\/"},"wordCount":796,"publisher":{"@id":"https:\/\/apuntesdesanluis.com\/#\/schema\/person\/b55151d52296fcce64d1a72538a70b90"},"image":{"@id":"https:\/\/apuntesdesanluis.com\/index.php\/2025\/01\/23\/el-gobierno-enfria-el-ascenso-de-luis-juez-a-la-presidencia-del-senado\/#primaryimage"},"thumbnailUrl":"https:\/\/apuntesdesanluis.com\/wp-content\/uploads\/2025\/01\/luis-juez.png","articleSection":["Opini\u00f3n"],"inLanguage":"es-AR"},{"@type":"WebPage","@id":"https:\/\/apuntesdesanluis.com\/index.php\/2025\/01\/23\/el-gobierno-enfria-el-ascenso-de-luis-juez-a-la-presidencia-del-senado\/","url":"https:\/\/apuntesdesanluis.com\/index.php\/2025\/01\/23\/el-gobierno-enfria-el-ascenso-de-luis-juez-a-la-presidencia-del-senado\/","name":"EL GOBIERNO ENFR\u00cdA EL ASCENSO DE LUIS JUEZ A LA PRESIDENCIA PROVISIONAL DEL SENADO - Apuntes de San Luis","isPartOf":{"@id":"https:\/\/apuntesdesanluis.com\/#website"},"primaryImageOfPage":{"@id":"https:\/\/apuntesdesanluis.com\/index.php\/2025\/01\/23\/el-gobierno-enfria-el-ascenso-de-luis-juez-a-la-presidencia-del-senado\/#primaryimage"},"image":{"@id":"https:\/\/apuntesdesanluis.com\/index.php\/2025\/01\/23\/el-gobierno-enfria-el-ascenso-de-luis-juez-a-la-presidencia-del-senado\/#primaryimage"},"thumbnailUrl":"https:\/\/apuntesdesanluis.com\/wp-content\/uploads\/2025\/01\/luis-juez.png","datePublished":"2025-01-24T00:10:28+00:00","dateModified":"2025-01-24T00:15:18+00:00","breadcrumb":{"@id":"https:\/\/apuntesdesanluis.com\/index.php\/2025\/01\/23\/el-gobierno-enfria-el-ascenso-de-luis-juez-a-la-presidencia-del-senado\/#breadcrumb"},"inLanguage":"es-AR","potentialAction":[{"@type":"ReadAction","target":["https:\/\/apuntesdesanluis.com\/index.php\/2025\/01\/23\/el-gobierno-enfria-el-ascenso-de-luis-juez-a-la-presidencia-del-senado\/"]}]},{"@type":"ImageObject","inLanguage":"es-AR","@id":"https:\/\/apuntesdesanluis.com\/index.php\/2025\/01\/23\/el-gobierno-enfria-el-ascenso-de-luis-juez-a-la-presidencia-del-senado\/#primaryimage","url":"https:\/\/apuntesdesanluis.com\/wp-content\/uploads\/2025\/01\/luis-juez.png","contentUrl":"https:\/\/apuntesdesanluis.com\/wp-content\/uploads\/2025\/01\/luis-juez.png","width":923,"height":543},{"@type":"BreadcrumbList","@id":"https:\/\/apuntesdesanluis.com\/index.php\/2025\/01\/23\/el-gobierno-enfria-el-ascenso-de-luis-juez-a-la-presidencia-del-senado\/#breadcrumb","itemListElement":[{"@type":"ListItem","position":1,"name":"Inicio","item":"https:\/\/apuntesdesanluis.com\/"},{"@type":"ListItem","position":2,"name":"EL GOBIERNO ENFR\u00cdA EL ASCENSO DE LUIS JUEZ A LA PRESIDENCIA PROVISIONAL DEL SENADO"}]},{"@type":"WebSite","@id":"https:\/\/apuntesdesanluis.com\/#website","url":"https:\/\/apuntesdesanluis.com\/","name":"Apuntes de San Luis","description":"","publisher":{"@id":"https:\/\/apuntesdesanluis.com\/#\/schema\/person\/b55151d52296fcce64d1a72538a70b90"},"potentialAction":[{"@type":"SearchAction","target":{"@type":"EntryPoint","urlTemplate":"https:\/\/apuntesdesanluis.com\/?s={search_term_string}"},"query-input":{"@type":"PropertyValueSpecification","valueRequired":true,"valueName":"search_term_string"}}],"inLanguage":"es-AR"},{"@type":["Person","Organization"],"@id":"https:\/\/apuntesdesanluis.com\/#\/schema\/person\/b55151d52296fcce64d1a72538a70b90","name":"apuntesdesanluis.com","image":{"@type":"ImageObject","inLanguage":"es-AR","@id":"https:\/\/apuntesdesanluis.com\/#\/schema\/person\/image\/","url":"https:\/\/apuntesdesanluis.com\/wp-content\/uploads\/2023\/07\/cropped-apuntesdesanluis.png","contentUrl":"https:\/\/apuntesdesanluis.com\/wp-content\/uploads\/2023\/07\/cropped-apuntesdesanluis.png","width":450,"height":112,"caption":"apuntesdesanluis.com"},"logo":{"@id":"https:\/\/apuntesdesanluis.com\/#\/schema\/person\/image\/"},"sameAs":["https:\/\/apuntesdesanluis.com"],"url":"https:\/\/apuntesdesanluis.com\/index.php\/author\/apuntesdesanluis-com\/"}]}},"featured_image_urls":{"full":["https:\/\/apuntesdesanluis.com\/wp-content\/uploads\/2025\/01\/luis-juez.png",923,543,false],"thumbnail":["https:\/\/apuntesdesanluis.com\/wp-content\/uploads\/2025\/01\/luis-juez-150x150.png",150,150,true],"medium":["https:\/\/apuntesdesanluis.com\/wp-content\/uploads\/2025\/01\/luis-juez-300x176.png",300,176,true],"medium_large":["https:\/\/apuntesdesanluis.com\/wp-content\/uploads\/2025\/01\/luis-juez-768x452.png",640,377,true],"large":["https:\/\/apuntesdesanluis.com\/wp-content\/uploads\/2025\/01\/luis-juez.png",640,377,false],"1536x1536":["https:\/\/apuntesdesanluis.com\/wp-content\/uploads\/2025\/01\/luis-juez.png",923,543,false],"2048x2048":["https:\/\/apuntesdesanluis.com\/wp-content\/uploads\/2025\/01\/luis-juez.png",923,543,false],"newsever-slider-full":["https:\/\/apuntesdesanluis.com\/wp-content\/uploads\/2025\/01\/luis-juez.png",923,543,false],"newsever-featured":["https:\/\/apuntesdesanluis.com\/wp-content\/uploads\/2025\/01\/luis-juez.png",923,543,false],"newsever-medium":["https:\/\/apuntesdesanluis.com\/wp-content\/uploads\/2025\/01\/luis-juez-720x475.png",720,475,true]},"author_info":{"display_name":"apuntesdesanluis.com","author_link":"https:\/\/apuntesdesanluis.com\/index.php\/author\/apuntesdesanluis-com\/"},"category_info":"<a href=\"https:\/\/apuntesdesanluis.com\/index.php\/category\/opinion\/\" rel=\"category tag\">Opini\u00f3n<\/a>","tag_info":"Opini\u00f3n","comment_count":"0","_links":{"self":[{"href":"https:\/\/apuntesdesanluis.com\/index.php\/wp-json\/wp\/v2\/posts\/28132","targetHints":{"allow":["GET"]}}],"collection":[{"href":"https:\/\/apuntesdesanluis.com\/index.php\/wp-json\/wp\/v2\/posts"}],"about":[{"href":"https:\/\/apuntesdesanluis.com\/index.php\/wp-json\/wp\/v2\/types\/post"}],"author":[{"embeddable":true,"href":"https:\/\/apuntesdesanluis.com\/index.php\/wp-json\/wp\/v2\/users\/1"}],"replies":[{"embeddable":true,"href":"https:\/\/apuntesdesanluis.com\/index.php\/wp-json\/wp\/v2\/comments?post=28132"}],"version-history":[{"count":2,"href":"https:\/\/apuntesdesanluis.com\/index.php\/wp-json\/wp\/v2\/posts\/28132\/revisions"}],"predecessor-version":[{"id":28136,"href":"https:\/\/apuntesdesanluis.com\/index.php\/wp-json\/wp\/v2\/posts\/28132\/revisions\/28136"}],"wp:featuredmedia":[{"embeddable":true,"href":"https:\/\/apuntesdesanluis.com\/index.php\/wp-json\/wp\/v2\/media\/28133"}],"wp:attachment":[{"href":"https:\/\/apuntesdesanluis.com\/index.php\/wp-json\/wp\/v2\/media?parent=28132"}],"wp:term":[{"taxonomy":"category","embeddable":true,"href":"https:\/\/apuntesdesanluis.com\/index.php\/wp-json\/wp\/v2\/categories?post=28132"},{"taxonomy":"post_tag","embeddable":true,"href":"https:\/\/apuntesdesanluis.com\/index.php\/wp-json\/wp\/v2\/tags?post=28132"}],"curies":[{"name":"wp","href":"https:\/\/api.w.org\/{rel}","templated":true}]}}