{"id":28137,"date":"2025-01-23T21:58:03","date_gmt":"2025-01-24T00:58:03","guid":{"rendered":"https:\/\/apuntesdesanluis.com\/?p=28137"},"modified":"2025-01-23T22:00:16","modified_gmt":"2025-01-24T01:00:16","slug":"caputo-bajo-las-retenciones-por-6-meses-para-que-el-campo-le-suelte-los-dolares","status":"publish","type":"post","link":"https:\/\/apuntesdesanluis.com\/index.php\/2025\/01\/23\/caputo-bajo-las-retenciones-por-6-meses-para-que-el-campo-le-suelte-los-dolares\/","title":{"rendered":"CAPUTO BAJ\u00d3 LAS RETENCIONES POR 6 MESES PARA QUE EL CAMPO LE SUELTE LOS D\u00d3LARES"},"content":{"rendered":"<h3>El Gobierno anunci\u00f3 hoy la <strong>eliminaci\u00f3n de retenciones a las econom\u00edas regionales y la baja de los derechos de exportaci\u00f3n para todos los cultivos<\/strong> hasta junio pr\u00f3ximo.<\/h3>\n<h3>El ministro de Econom\u00eda anunci\u00f3 que la baja ser\u00e1 solo hasta el 30 de junio. En el campo interpretaron que el gobierno busca los d\u00f3lares de la cosecha. Caputo debi\u00f3 ceder ante la presi\u00f3n de los gobernadores de la zona n\u00facleo.<\/h3>\n<h3>\u00a0&#8220;Estar\u00eda bueno que las exigencias empiecen a hacerse m\u00e1s a nivel de provincias y municipios&#8221;, se quej\u00f3 Caputo, luego del cruce que tuvo con los gobernadores<strong> Rogelio Frigerio, Mart\u00edn Llaryora y Maxi Pullaro<\/strong>, que se abroquelaron para pedirle la baja de retenciones.<\/h3>\n<h3>Al hacer el anuncio en la Casa Rosada, el ministro de Econom\u00eda, <strong>Luis Caputo<\/strong>, destac\u00f3 que \u201ceste gobierno vino a bajar impuestos\u201d.\u00a0El funcionario justific\u00f3 la decisi\u00f3n en el impacto de la sequ\u00eda sobre el sector, y tambi\u00e9n la baja de los precios internacionales.<\/h3>\n<h3>La medida alcanza a la soja, el trigo, el ma\u00edz, la harina, la cebada y el girasol, entre otros cultivos y regir\u00e1 desde el lunes pr\u00f3ximo y hasta fines de junio.<\/h3>\n<p><img fetchpriority=\"high\" decoding=\"async\" class=\"wp-image-28139 aligncenter\" src=\"https:\/\/apuntesdesanluis.com\/wp-content\/uploads\/2025\/01\/cosecha-300x161.png\" alt=\"\" width=\"680\" height=\"365\" srcset=\"https:\/\/apuntesdesanluis.com\/wp-content\/uploads\/2025\/01\/cosecha-300x161.png 300w, https:\/\/apuntesdesanluis.com\/wp-content\/uploads\/2025\/01\/cosecha.png 661w\" sizes=\"(max-width: 680px) 100vw, 680px\" \/><\/p>\n<h3>La baja de retenciones era un pedido en el que insist\u00edan desde el sector agropecuario y los gobernadores de provincias con fuerte producci\u00f3n agropecuaria.<\/h3>\n<h3>El vocero presidencial, Manuel Adorni, dijo que \u201cproducto de la consolidaci\u00f3n del super\u00e1vit financiero que fue posible gracias al esfuerzo de los argentinos y al riguroso plan econ\u00f3mico ortodoxo que aplic\u00f3 el ministro Caputo, el Gobierno bajar\u00e1 las retenciones al campo&#8221;.<\/h3>\n<h3>&#8220;Se va a reducir la al\u00edcuota a los principales cultivos y se van a eliminar las retenciones a las econom\u00edas regionales. Es un trabajo que se viene haciendo especialmente desde el \u00faltimo trimestre de 2024\u2033, explic\u00f3.<\/h3>\n<h3>Por su parte, Caputo dio detalles de la medida. &#8220;Estamos bajando temporariamente las retenciones a los principales cultivos, esto es soja poroto, soja aceite y harina, trigo, cebada, sorgo, ma\u00edz y girasol. Esto va a ser desde el lunes hasta fin de junio&#8221;, indic\u00f3.<\/h3>\n<h3>Al justificar la medida, dijo que se consider\u00f3 el contexto de baja de precios internacionales de las commodities y la sequ\u00eda que aquej\u00f3 a los productores.<\/h3>\n<h3>&#8220;La raz\u00f3n por la que no podemos hacerlo permanente es porque no tenemos los recursos. Pero s\u00ed quer\u00edamos darle la se\u00f1al al campo, particularmente que es un sector que tanto apoya al pa\u00eds, que estamos encima de su situaci\u00f3n. No nos es indiferente&#8221;, a\u00f1adi\u00f3 el ministro.<\/h3>\n<h3>La noticia encontr\u00f3 al presidente Javier Milei en Davos, donde participa del foro econ\u00f3mico.<\/h3>\n<h3>Caputo no lo acompa\u00f1\u00f3 excus\u00e1ndose en el trabajo pendiente que ten\u00eda en Buenos Aires, donde ya se encuentra una misi\u00f3n del FMI.<\/h3>\n<h3>Desde Estados Unidos, el ministro de Econom\u00eda hab\u00eda anticipado que se reunir\u00eda a su vuelta de la gira con la Mesa de Enlace.<\/h3>\n<h3>Se esperaba que ese encuentro tuviera lugar en febrero, por la agenda recargada de Econom\u00eda en los \u00faltimos d\u00edas de enero.<\/h3>\n<h3><\/h3>\n<h3><\/h3>\n<p>&nbsp;<\/p>\n","protected":false},"excerpt":{"rendered":"<p>El Gobierno anunci\u00f3 hoy la eliminaci\u00f3n de retenciones a las econom\u00edas regionales y la baja&#8230;<\/p>\n","protected":false},"author":1,"featured_media":28141,"comment_status":"closed","ping_status":"closed","sticky":false,"template":"","format":"standard","meta":{"footnotes":""},"categories":[5],"tags":[],"class_list":["post-28137","post","type-post","status-publish","format-standard","has-post-thumbnail","hentry","category-nacionales-internacionales"],"yoast_head":"<!-- This site is optimized with the Yoast SEO plugin v26.1.1 - https:\/\/yoast.com\/wordpress\/plugins\/seo\/ -->\n<title>CAPUTO BAJ\u00d3 LAS RETENCIONES POR 6 MESES PARA QUE EL CAMPO LE SUELTE LOS D\u00d3LARES - Apuntes de San Luis<\/title>\n<meta name=\"robots\" content=\"index, follow, max-snippet:-1, max-image-preview:large, max-video-preview:-1\" \/>\n<link rel=\"canonical\" href=\"https:\/\/apuntesdesanluis.com\/index.php\/2025\/01\/23\/caputo-bajo-las-retenciones-por-6-meses-para-que-el-campo-le-suelte-los-dolares\/\" \/>\n<meta property=\"og:locale\" content=\"es_ES\" \/>\n<meta property=\"og:type\" content=\"article\" \/>\n<meta property=\"og:title\" content=\"CAPUTO BAJ\u00d3 LAS RETENCIONES POR 6 MESES PARA QUE EL CAMPO LE SUELTE LOS D\u00d3LARES - Apuntes de San Luis\" \/>\n<meta property=\"og:description\" content=\"El Gobierno anunci\u00f3 hoy la eliminaci\u00f3n de retenciones a las econom\u00edas regionales y la baja...\" \/>\n<meta property=\"og:url\" content=\"https:\/\/apuntesdesanluis.com\/index.php\/2025\/01\/23\/caputo-bajo-las-retenciones-por-6-meses-para-que-el-campo-le-suelte-los-dolares\/\" \/>\n<meta property=\"og:site_name\" content=\"Apuntes de San Luis\" \/>\n<meta property=\"article:published_time\" content=\"2025-01-24T00:58:03+00:00\" \/>\n<meta property=\"article:modified_time\" content=\"2025-01-24T01:00:16+00:00\" \/>\n<meta property=\"og:image\" content=\"https:\/\/apuntesdesanluis.com\/wp-content\/uploads\/2025\/01\/CAPUTO-Y-ADORNI.png\" \/>\n\t<meta property=\"og:image:width\" content=\"807\" \/>\n\t<meta property=\"og:image:height\" content=\"543\" \/>\n\t<meta property=\"og:image:type\" content=\"image\/png\" \/>\n<meta name=\"author\" content=\"apuntesdesanluis.com\" \/>\n<meta name=\"twitter:card\" content=\"summary_large_image\" \/>\n<meta name=\"twitter:label1\" content=\"Escrito por\" \/>\n\t<meta name=\"twitter:data1\" content=\"apuntesdesanluis.com\" \/>\n\t<meta name=\"twitter:label2\" content=\"Tiempo de lectura\" \/>\n\t<meta name=\"twitter:data2\" content=\"3 minutos\" \/>\n<script type=\"application\/ld+json\" class=\"yoast-schema-graph\">{\"@context\":\"https:\/\/schema.org\",\"@graph\":[{\"@type\":\"Article\",\"@id\":\"https:\/\/apuntesdesanluis.com\/index.php\/2025\/01\/23\/caputo-bajo-las-retenciones-por-6-meses-para-que-el-campo-le-suelte-los-dolares\/#article\",\"isPartOf\":{\"@id\":\"https:\/\/apuntesdesanluis.com\/index.php\/2025\/01\/23\/caputo-bajo-las-retenciones-por-6-meses-para-que-el-campo-le-suelte-los-dolares\/\"},\"author\":{\"name\":\"apuntesdesanluis.com\",\"@id\":\"https:\/\/apuntesdesanluis.com\/#\/schema\/person\/b55151d52296fcce64d1a72538a70b90\"},\"headline\":\"CAPUTO BAJ\u00d3 LAS RETENCIONES POR 6 MESES PARA QUE EL CAMPO LE SUELTE LOS D\u00d3LARES\",\"datePublished\":\"2025-01-24T00:58:03+00:00\",\"dateModified\":\"2025-01-24T01:00:16+00:00\",\"mainEntityOfPage\":{\"@id\":\"https:\/\/apuntesdesanluis.com\/index.php\/2025\/01\/23\/caputo-bajo-las-retenciones-por-6-meses-para-que-el-campo-le-suelte-los-dolares\/\"},\"wordCount\":537,\"publisher\":{\"@id\":\"https:\/\/apuntesdesanluis.com\/#\/schema\/person\/b55151d52296fcce64d1a72538a70b90\"},\"image\":{\"@id\":\"https:\/\/apuntesdesanluis.com\/index.php\/2025\/01\/23\/caputo-bajo-las-retenciones-por-6-meses-para-que-el-campo-le-suelte-los-dolares\/#primaryimage\"},\"thumbnailUrl\":\"https:\/\/apuntesdesanluis.com\/wp-content\/uploads\/2025\/01\/CAPUTO-Y-ADORNI.png\",\"articleSection\":[\"Nacionales\/Internacionales\"],\"inLanguage\":\"es-AR\"},{\"@type\":\"WebPage\",\"@id\":\"https:\/\/apuntesdesanluis.com\/index.php\/2025\/01\/23\/caputo-bajo-las-retenciones-por-6-meses-para-que-el-campo-le-suelte-los-dolares\/\",\"url\":\"https:\/\/apuntesdesanluis.com\/index.php\/2025\/01\/23\/caputo-bajo-las-retenciones-por-6-meses-para-que-el-campo-le-suelte-los-dolares\/\",\"name\":\"CAPUTO BAJ\u00d3 LAS RETENCIONES POR 6 MESES PARA QUE EL CAMPO LE SUELTE LOS D\u00d3LARES - Apuntes de San Luis\",\"isPartOf\":{\"@id\":\"https:\/\/apuntesdesanluis.com\/#website\"},\"primaryImageOfPage\":{\"@id\":\"https:\/\/apuntesdesanluis.com\/index.php\/2025\/01\/23\/caputo-bajo-las-retenciones-por-6-meses-para-que-el-campo-le-suelte-los-dolares\/#primaryimage\"},\"image\":{\"@id\":\"https:\/\/apuntesdesanluis.com\/index.php\/2025\/01\/23\/caputo-bajo-las-retenciones-por-6-meses-para-que-el-campo-le-suelte-los-dolares\/#primaryimage\"},\"thumbnailUrl\":\"https:\/\/apuntesdesanluis.com\/wp-content\/uploads\/2025\/01\/CAPUTO-Y-ADORNI.png\",\"datePublished\":\"2025-01-24T00:58:03+00:00\",\"dateModified\":\"2025-01-24T01:00:16+00:00\",\"breadcrumb\":{\"@id\":\"https:\/\/apuntesdesanluis.com\/index.php\/2025\/01\/23\/caputo-bajo-las-retenciones-por-6-meses-para-que-el-campo-le-suelte-los-dolares\/#breadcrumb\"},\"inLanguage\":\"es-AR\",\"potentialAction\":[{\"@type\":\"ReadAction\",\"target\":[\"https:\/\/apuntesdesanluis.com\/index.php\/2025\/01\/23\/caputo-bajo-las-retenciones-por-6-meses-para-que-el-campo-le-suelte-los-dolares\/\"]}]},{\"@type\":\"ImageObject\",\"inLanguage\":\"es-AR\",\"@id\":\"https:\/\/apuntesdesanluis.com\/index.php\/2025\/01\/23\/caputo-bajo-las-retenciones-por-6-meses-para-que-el-campo-le-suelte-los-dolares\/#primaryimage\",\"url\":\"https:\/\/apuntesdesanluis.com\/wp-content\/uploads\/2025\/01\/CAPUTO-Y-ADORNI.png\",\"contentUrl\":\"https:\/\/apuntesdesanluis.com\/wp-content\/uploads\/2025\/01\/CAPUTO-Y-ADORNI.png\",\"width\":807,\"height\":543},{\"@type\":\"BreadcrumbList\",\"@id\":\"https:\/\/apuntesdesanluis.com\/index.php\/2025\/01\/23\/caputo-bajo-las-retenciones-por-6-meses-para-que-el-campo-le-suelte-los-dolares\/#breadcrumb\",\"itemListElement\":[{\"@type\":\"ListItem\",\"position\":1,\"name\":\"Inicio\",\"item\":\"https:\/\/apuntesdesanluis.com\/\"},{\"@type\":\"ListItem\",\"position\":2,\"name\":\"CAPUTO BAJ\u00d3 LAS RETENCIONES POR 6 MESES PARA QUE EL CAMPO LE SUELTE LOS D\u00d3LARES\"}]},{\"@type\":\"WebSite\",\"@id\":\"https:\/\/apuntesdesanluis.com\/#website\",\"url\":\"https:\/\/apuntesdesanluis.com\/\",\"name\":\"Apuntes de San Luis\",\"description\":\"\",\"publisher\":{\"@id\":\"https:\/\/apuntesdesanluis.com\/#\/schema\/person\/b55151d52296fcce64d1a72538a70b90\"},\"potentialAction\":[{\"@type\":\"SearchAction\",\"target\":{\"@type\":\"EntryPoint\",\"urlTemplate\":\"https:\/\/apuntesdesanluis.com\/?s={search_term_string}\"},\"query-input\":{\"@type\":\"PropertyValueSpecification\",\"valueRequired\":true,\"valueName\":\"search_term_string\"}}],\"inLanguage\":\"es-AR\"},{\"@type\":[\"Person\",\"Organization\"],\"@id\":\"https:\/\/apuntesdesanluis.com\/#\/schema\/person\/b55151d52296fcce64d1a72538a70b90\",\"name\":\"apuntesdesanluis.com\",\"image\":{\"@type\":\"ImageObject\",\"inLanguage\":\"es-AR\",\"@id\":\"https:\/\/apuntesdesanluis.com\/#\/schema\/person\/image\/\",\"url\":\"https:\/\/apuntesdesanluis.com\/wp-content\/uploads\/2023\/07\/cropped-apuntesdesanluis.png\",\"contentUrl\":\"https:\/\/apuntesdesanluis.com\/wp-content\/uploads\/2023\/07\/cropped-apuntesdesanluis.png\",\"width\":450,\"height\":112,\"caption\":\"apuntesdesanluis.com\"},\"logo\":{\"@id\":\"https:\/\/apuntesdesanluis.com\/#\/schema\/person\/image\/\"},\"sameAs\":[\"https:\/\/apuntesdesanluis.com\"],\"url\":\"https:\/\/apuntesdesanluis.com\/index.php\/author\/apuntesdesanluis-com\/\"}]}<\/script>\n<!-- \/ Yoast SEO plugin. -->","yoast_head_json":{"title":"CAPUTO BAJ\u00d3 LAS RETENCIONES POR 6 MESES PARA QUE EL CAMPO LE SUELTE LOS D\u00d3LARES - Apuntes de San Luis","robots":{"index":"index","follow":"follow","max-snippet":"max-snippet:-1","max-image-preview":"max-image-preview:large","max-video-preview":"max-video-preview:-1"},"canonical":"https:\/\/apuntesdesanluis.com\/index.php\/2025\/01\/23\/caputo-bajo-las-retenciones-por-6-meses-para-que-el-campo-le-suelte-los-dolares\/","og_locale":"es_ES","og_type":"article","og_title":"CAPUTO BAJ\u00d3 LAS RETENCIONES POR 6 MESES PARA QUE EL CAMPO LE SUELTE LOS D\u00d3LARES - Apuntes de San Luis","og_description":"El Gobierno anunci\u00f3 hoy la eliminaci\u00f3n de retenciones a las econom\u00edas regionales y la baja...","og_url":"https:\/\/apuntesdesanluis.com\/index.php\/2025\/01\/23\/caputo-bajo-las-retenciones-por-6-meses-para-que-el-campo-le-suelte-los-dolares\/","og_site_name":"Apuntes de San Luis","article_published_time":"2025-01-24T00:58:03+00:00","article_modified_time":"2025-01-24T01:00:16+00:00","og_image":[{"width":807,"height":543,"url":"https:\/\/apuntesdesanluis.com\/wp-content\/uploads\/2025\/01\/CAPUTO-Y-ADORNI.png","type":"image\/png"}],"author":"apuntesdesanluis.com","twitter_card":"summary_large_image","twitter_misc":{"Escrito por":"apuntesdesanluis.com","Tiempo de lectura":"3 minutos"},"schema":{"@context":"https:\/\/schema.org","@graph":[{"@type":"Article","@id":"https:\/\/apuntesdesanluis.com\/index.php\/2025\/01\/23\/caputo-bajo-las-retenciones-por-6-meses-para-que-el-campo-le-suelte-los-dolares\/#article","isPartOf":{"@id":"https:\/\/apuntesdesanluis.com\/index.php\/2025\/01\/23\/caputo-bajo-las-retenciones-por-6-meses-para-que-el-campo-le-suelte-los-dolares\/"},"author":{"name":"apuntesdesanluis.com","@id":"https:\/\/apuntesdesanluis.com\/#\/schema\/person\/b55151d52296fcce64d1a72538a70b90"},"headline":"CAPUTO BAJ\u00d3 LAS RETENCIONES POR 6 MESES PARA QUE EL CAMPO LE SUELTE LOS D\u00d3LARES","datePublished":"2025-01-24T00:58:03+00:00","dateModified":"2025-01-24T01:00:16+00:00","mainEntityOfPage":{"@id":"https:\/\/apuntesdesanluis.com\/index.php\/2025\/01\/23\/caputo-bajo-las-retenciones-por-6-meses-para-que-el-campo-le-suelte-los-dolares\/"},"wordCount":537,"publisher":{"@id":"https:\/\/apuntesdesanluis.com\/#\/schema\/person\/b55151d52296fcce64d1a72538a70b90"},"image":{"@id":"https:\/\/apuntesdesanluis.com\/index.php\/2025\/01\/23\/caputo-bajo-las-retenciones-por-6-meses-para-que-el-campo-le-suelte-los-dolares\/#primaryimage"},"thumbnailUrl":"https:\/\/apuntesdesanluis.com\/wp-content\/uploads\/2025\/01\/CAPUTO-Y-ADORNI.png","articleSection":["Nacionales\/Internacionales"],"inLanguage":"es-AR"},{"@type":"WebPage","@id":"https:\/\/apuntesdesanluis.com\/index.php\/2025\/01\/23\/caputo-bajo-las-retenciones-por-6-meses-para-que-el-campo-le-suelte-los-dolares\/","url":"https:\/\/apuntesdesanluis.com\/index.php\/2025\/01\/23\/caputo-bajo-las-retenciones-por-6-meses-para-que-el-campo-le-suelte-los-dolares\/","name":"CAPUTO BAJ\u00d3 LAS RETENCIONES POR 6 MESES PARA QUE EL CAMPO LE SUELTE LOS D\u00d3LARES - Apuntes de San Luis","isPartOf":{"@id":"https:\/\/apuntesdesanluis.com\/#website"},"primaryImageOfPage":{"@id":"https:\/\/apuntesdesanluis.com\/index.php\/2025\/01\/23\/caputo-bajo-las-retenciones-por-6-meses-para-que-el-campo-le-suelte-los-dolares\/#primaryimage"},"image":{"@id":"https:\/\/apuntesdesanluis.com\/index.php\/2025\/01\/23\/caputo-bajo-las-retenciones-por-6-meses-para-que-el-campo-le-suelte-los-dolares\/#primaryimage"},"thumbnailUrl":"https:\/\/apuntesdesanluis.com\/wp-content\/uploads\/2025\/01\/CAPUTO-Y-ADORNI.png","datePublished":"2025-01-24T00:58:03+00:00","dateModified":"2025-01-24T01:00:16+00:00","breadcrumb":{"@id":"https:\/\/apuntesdesanluis.com\/index.php\/2025\/01\/23\/caputo-bajo-las-retenciones-por-6-meses-para-que-el-campo-le-suelte-los-dolares\/#breadcrumb"},"inLanguage":"es-AR","potentialAction":[{"@type":"ReadAction","target":["https:\/\/apuntesdesanluis.com\/index.php\/2025\/01\/23\/caputo-bajo-las-retenciones-por-6-meses-para-que-el-campo-le-suelte-los-dolares\/"]}]},{"@type":"ImageObject","inLanguage":"es-AR","@id":"https:\/\/apuntesdesanluis.com\/index.php\/2025\/01\/23\/caputo-bajo-las-retenciones-por-6-meses-para-que-el-campo-le-suelte-los-dolares\/#primaryimage","url":"https:\/\/apuntesdesanluis.com\/wp-content\/uploads\/2025\/01\/CAPUTO-Y-ADORNI.png","contentUrl":"https:\/\/apuntesdesanluis.com\/wp-content\/uploads\/2025\/01\/CAPUTO-Y-ADORNI.png","width":807,"height":543},{"@type":"BreadcrumbList","@id":"https:\/\/apuntesdesanluis.com\/index.php\/2025\/01\/23\/caputo-bajo-las-retenciones-por-6-meses-para-que-el-campo-le-suelte-los-dolares\/#breadcrumb","itemListElement":[{"@type":"ListItem","position":1,"name":"Inicio","item":"https:\/\/apuntesdesanluis.com\/"},{"@type":"ListItem","position":2,"name":"CAPUTO BAJ\u00d3 LAS RETENCIONES POR 6 MESES PARA QUE EL CAMPO LE SUELTE LOS D\u00d3LARES"}]},{"@type":"WebSite","@id":"https:\/\/apuntesdesanluis.com\/#website","url":"https:\/\/apuntesdesanluis.com\/","name":"Apuntes de San Luis","description":"","publisher":{"@id":"https:\/\/apuntesdesanluis.com\/#\/schema\/person\/b55151d52296fcce64d1a72538a70b90"},"potentialAction":[{"@type":"SearchAction","target":{"@type":"EntryPoint","urlTemplate":"https:\/\/apuntesdesanluis.com\/?s={search_term_string}"},"query-input":{"@type":"PropertyValueSpecification","valueRequired":true,"valueName":"search_term_string"}}],"inLanguage":"es-AR"},{"@type":["Person","Organization"],"@id":"https:\/\/apuntesdesanluis.com\/#\/schema\/person\/b55151d52296fcce64d1a72538a70b90","name":"apuntesdesanluis.com","image":{"@type":"ImageObject","inLanguage":"es-AR","@id":"https:\/\/apuntesdesanluis.com\/#\/schema\/person\/image\/","url":"https:\/\/apuntesdesanluis.com\/wp-content\/uploads\/2023\/07\/cropped-apuntesdesanluis.png","contentUrl":"https:\/\/apuntesdesanluis.com\/wp-content\/uploads\/2023\/07\/cropped-apuntesdesanluis.png","width":450,"height":112,"caption":"apuntesdesanluis.com"},"logo":{"@id":"https:\/\/apuntesdesanluis.com\/#\/schema\/person\/image\/"},"sameAs":["https:\/\/apuntesdesanluis.com"],"url":"https:\/\/apuntesdesanluis.com\/index.php\/author\/apuntesdesanluis-com\/"}]}},"featured_image_urls":{"full":["https:\/\/apuntesdesanluis.com\/wp-content\/uploads\/2025\/01\/CAPUTO-Y-ADORNI.png",807,543,false],"thumbnail":["https:\/\/apuntesdesanluis.com\/wp-content\/uploads\/2025\/01\/CAPUTO-Y-ADORNI-150x150.png",150,150,true],"medium":["https:\/\/apuntesdesanluis.com\/wp-content\/uploads\/2025\/01\/CAPUTO-Y-ADORNI-300x202.png",300,202,true],"medium_large":["https:\/\/apuntesdesanluis.com\/wp-content\/uploads\/2025\/01\/CAPUTO-Y-ADORNI-768x517.png",640,431,true],"large":["https:\/\/apuntesdesanluis.com\/wp-content\/uploads\/2025\/01\/CAPUTO-Y-ADORNI.png",640,431,false],"1536x1536":["https:\/\/apuntesdesanluis.com\/wp-content\/uploads\/2025\/01\/CAPUTO-Y-ADORNI.png",807,543,false],"2048x2048":["https:\/\/apuntesdesanluis.com\/wp-content\/uploads\/2025\/01\/CAPUTO-Y-ADORNI.png",807,543,false],"newsever-slider-full":["https:\/\/apuntesdesanluis.com\/wp-content\/uploads\/2025\/01\/CAPUTO-Y-ADORNI.png",807,543,false],"newsever-featured":["https:\/\/apuntesdesanluis.com\/wp-content\/uploads\/2025\/01\/CAPUTO-Y-ADORNI.png",807,543,false],"newsever-medium":["https:\/\/apuntesdesanluis.com\/wp-content\/uploads\/2025\/01\/CAPUTO-Y-ADORNI-720x475.png",720,475,true]},"author_info":{"display_name":"apuntesdesanluis.com","author_link":"https:\/\/apuntesdesanluis.com\/index.php\/author\/apuntesdesanluis-com\/"},"category_info":"<a href=\"https:\/\/apuntesdesanluis.com\/index.php\/category\/nacionales-internacionales\/\" rel=\"category tag\">Nacionales\/Internacionales<\/a>","tag_info":"Nacionales\/Internacionales","comment_count":"0","_links":{"self":[{"href":"https:\/\/apuntesdesanluis.com\/index.php\/wp-json\/wp\/v2\/posts\/28137","targetHints":{"allow":["GET"]}}],"collection":[{"href":"https:\/\/apuntesdesanluis.com\/index.php\/wp-json\/wp\/v2\/posts"}],"about":[{"href":"https:\/\/apuntesdesanluis.com\/index.php\/wp-json\/wp\/v2\/types\/post"}],"author":[{"embeddable":true,"href":"https:\/\/apuntesdesanluis.com\/index.php\/wp-json\/wp\/v2\/users\/1"}],"replies":[{"embeddable":true,"href":"https:\/\/apuntesdesanluis.com\/index.php\/wp-json\/wp\/v2\/comments?post=28137"}],"version-history":[{"count":2,"href":"https:\/\/apuntesdesanluis.com\/index.php\/wp-json\/wp\/v2\/posts\/28137\/revisions"}],"predecessor-version":[{"id":28142,"href":"https:\/\/apuntesdesanluis.com\/index.php\/wp-json\/wp\/v2\/posts\/28137\/revisions\/28142"}],"wp:featuredmedia":[{"embeddable":true,"href":"https:\/\/apuntesdesanluis.com\/index.php\/wp-json\/wp\/v2\/media\/28141"}],"wp:attachment":[{"href":"https:\/\/apuntesdesanluis.com\/index.php\/wp-json\/wp\/v2\/media?parent=28137"}],"wp:term":[{"taxonomy":"category","embeddable":true,"href":"https:\/\/apuntesdesanluis.com\/index.php\/wp-json\/wp\/v2\/categories?post=28137"},{"taxonomy":"post_tag","embeddable":true,"href":"https:\/\/apuntesdesanluis.com\/index.php\/wp-json\/wp\/v2\/tags?post=28137"}],"curies":[{"name":"wp","href":"https:\/\/api.w.org\/{rel}","templated":true}]}}