{"id":28143,"date":"2025-01-23T22:11:10","date_gmt":"2025-01-24T01:11:10","guid":{"rendered":"https:\/\/apuntesdesanluis.com\/?p=28143"},"modified":"2025-01-23T22:11:10","modified_gmt":"2025-01-24T01:11:10","slug":"fuertes-criticas-de-la-ucr-a-milei-por-su-discurso-en-davos","status":"publish","type":"post","link":"https:\/\/apuntesdesanluis.com\/index.php\/2025\/01\/23\/fuertes-criticas-de-la-ucr-a-milei-por-su-discurso-en-davos\/","title":{"rendered":"FUERTES CR\u00cdTICAS DE LA UCR A MILEI POR SU DISCURSO EN DAVOS"},"content":{"rendered":"<h3>Las declaraciones del presidente <strong>Javier Milei<\/strong> en el Foro de Davos generaron una inmediata reacci\u00f3n tanto en redes sociales como entre referentes y espacios pol\u00edticos de diversos sectores.\u00a0La <strong>Uni\u00f3n C\u00edvica Radical<\/strong> lanz\u00f3 un duro comunicado expresando &#8220;solidaridad con los ciudadanos y ciudadanas despreciados y agredidos por el presidente&#8221;.<\/h3>\n<h3>&#8220;Asistimos azorados a una nueva aberraci\u00f3n del presidente Javier Milei y expresamos nuestra solidaridad con los ciudadanos y ciudadanas despreciados y agredidos en su discurso ante el Foro de Davos. A inmigrantes, mujeres, miembros de la colectividad LGBT y militantes pol\u00edticos, les acercamos nuestro abrazo fraterno&#8221;, reza el comunicado en su inicio.<\/h3>\n<h3>Y agregan: &#8220;Exigimos que Milei cese con los agravios a quienes piensan diferente, termine con la propagaci\u00f3n de informaci\u00f3n falsa sin ninguna rigurosidad cient\u00edfica y pida disculpas a los millones de ciudadanos heridos por sus palabras&#8221;.<\/h3>\n<h3>&#8220;Argentina debe ir a los Foros Econ\u00f3micos a buscar inversiones, a relacionarse con el mundo desarrollado y a promover nuestros productos, y no a utilizar el \u00e1mbito de Davos para promocionar su extravagancia conceptual plagada de falsedad, afirmaciones racistas y discriminatorias&#8221;.<\/h3>\n<h3>Por \u00faltimo, la UCR reafirma: &#8220;Es hora que el Presidente deje a un lado sus guerras imaginarias y sus ansias de liderazgo mundial y regrese al pa\u00eds para cumplir con las responsabilidades para las que fue votado&#8221;.<\/h3>\n<h3><img fetchpriority=\"high\" decoding=\"async\" class=\"wp-image-28145 aligncenter\" src=\"https:\/\/apuntesdesanluis.com\/wp-content\/uploads\/2025\/01\/COMUNICADO-300x289.png\" alt=\"\" width=\"589\" height=\"567\" srcset=\"https:\/\/apuntesdesanluis.com\/wp-content\/uploads\/2025\/01\/COMUNICADO-300x289.png 300w, https:\/\/apuntesdesanluis.com\/wp-content\/uploads\/2025\/01\/COMUNICADO.png 696w\" sizes=\"(max-width: 589px) 100vw, 589px\" \/><\/h3>\n<h3>En l\u00ednea con este pronunciamiento partidario, recientemente el presidente de la UCR, <strong>Mart\u00edn Lousteau<\/strong>, hab\u00eda hecho una publicaci\u00f3n criticando la violencia del discurso presidencial.<\/h3>\n<p><img decoding=\"async\" class=\"wp-image-28146 aligncenter\" src=\"https:\/\/apuntesdesanluis.com\/wp-content\/uploads\/2025\/01\/Imagen-de-WhatsApp-2025-01-23-a-las-12.02.46_31529159-270x300.jpg\" alt=\"\" width=\"624\" height=\"694\" srcset=\"https:\/\/apuntesdesanluis.com\/wp-content\/uploads\/2025\/01\/Imagen-de-WhatsApp-2025-01-23-a-las-12.02.46_31529159-270x300.jpg 270w, https:\/\/apuntesdesanluis.com\/wp-content\/uploads\/2025\/01\/Imagen-de-WhatsApp-2025-01-23-a-las-12.02.46_31529159.jpg 720w\" sizes=\"(max-width: 624px) 100vw, 624px\" \/><\/p>\n<h3><\/h3>\n<p>&nbsp;<\/p>\n<p>&nbsp;<\/p>\n<p>&nbsp;<\/p>\n","protected":false},"excerpt":{"rendered":"<p>Las declaraciones del presidente Javier Milei en el Foro de Davos generaron una inmediata reacci\u00f3n&#8230;<\/p>\n","protected":false},"author":1,"featured_media":28144,"comment_status":"closed","ping_status":"closed","sticky":false,"template":"","format":"standard","meta":{"footnotes":""},"categories":[5],"tags":[],"class_list":["post-28143","post","type-post","status-publish","format-standard","has-post-thumbnail","hentry","category-nacionales-internacionales"],"yoast_head":"<!-- This site is optimized with the Yoast SEO plugin v26.1.1 - https:\/\/yoast.com\/wordpress\/plugins\/seo\/ -->\n<title>FUERTES CR\u00cdTICAS DE LA UCR A MILEI POR SU DISCURSO EN DAVOS - Apuntes de San Luis<\/title>\n<meta name=\"robots\" content=\"index, follow, max-snippet:-1, max-image-preview:large, max-video-preview:-1\" \/>\n<link rel=\"canonical\" href=\"https:\/\/apuntesdesanluis.com\/index.php\/2025\/01\/23\/fuertes-criticas-de-la-ucr-a-milei-por-su-discurso-en-davos\/\" \/>\n<meta property=\"og:locale\" content=\"es_ES\" \/>\n<meta property=\"og:type\" content=\"article\" \/>\n<meta property=\"og:title\" content=\"FUERTES CR\u00cdTICAS DE LA UCR A MILEI POR SU DISCURSO EN DAVOS - Apuntes de San Luis\" \/>\n<meta property=\"og:description\" content=\"Las declaraciones del presidente Javier Milei en el Foro de Davos generaron una inmediata reacci\u00f3n...\" \/>\n<meta property=\"og:url\" content=\"https:\/\/apuntesdesanluis.com\/index.php\/2025\/01\/23\/fuertes-criticas-de-la-ucr-a-milei-por-su-discurso-en-davos\/\" \/>\n<meta property=\"og:site_name\" content=\"Apuntes de San Luis\" \/>\n<meta property=\"article:published_time\" content=\"2025-01-24T01:11:10+00:00\" \/>\n<meta property=\"og:image\" content=\"https:\/\/apuntesdesanluis.com\/wp-content\/uploads\/2025\/01\/UCR.png\" \/>\n\t<meta property=\"og:image:width\" content=\"693\" \/>\n\t<meta property=\"og:image:height\" content=\"409\" \/>\n\t<meta property=\"og:image:type\" content=\"image\/png\" \/>\n<meta name=\"author\" content=\"apuntesdesanluis.com\" \/>\n<meta name=\"twitter:card\" content=\"summary_large_image\" \/>\n<meta name=\"twitter:label1\" content=\"Escrito por\" \/>\n\t<meta name=\"twitter:data1\" content=\"apuntesdesanluis.com\" \/>\n\t<meta name=\"twitter:label2\" content=\"Tiempo de lectura\" \/>\n\t<meta name=\"twitter:data2\" content=\"2 minutos\" \/>\n<script type=\"application\/ld+json\" class=\"yoast-schema-graph\">{\"@context\":\"https:\/\/schema.org\",\"@graph\":[{\"@type\":\"Article\",\"@id\":\"https:\/\/apuntesdesanluis.com\/index.php\/2025\/01\/23\/fuertes-criticas-de-la-ucr-a-milei-por-su-discurso-en-davos\/#article\",\"isPartOf\":{\"@id\":\"https:\/\/apuntesdesanluis.com\/index.php\/2025\/01\/23\/fuertes-criticas-de-la-ucr-a-milei-por-su-discurso-en-davos\/\"},\"author\":{\"name\":\"apuntesdesanluis.com\",\"@id\":\"https:\/\/apuntesdesanluis.com\/#\/schema\/person\/b55151d52296fcce64d1a72538a70b90\"},\"headline\":\"FUERTES CR\u00cdTICAS DE LA UCR A MILEI POR SU DISCURSO EN DAVOS\",\"datePublished\":\"2025-01-24T01:11:10+00:00\",\"mainEntityOfPage\":{\"@id\":\"https:\/\/apuntesdesanluis.com\/index.php\/2025\/01\/23\/fuertes-criticas-de-la-ucr-a-milei-por-su-discurso-en-davos\/\"},\"wordCount\":270,\"publisher\":{\"@id\":\"https:\/\/apuntesdesanluis.com\/#\/schema\/person\/b55151d52296fcce64d1a72538a70b90\"},\"image\":{\"@id\":\"https:\/\/apuntesdesanluis.com\/index.php\/2025\/01\/23\/fuertes-criticas-de-la-ucr-a-milei-por-su-discurso-en-davos\/#primaryimage\"},\"thumbnailUrl\":\"https:\/\/apuntesdesanluis.com\/wp-content\/uploads\/2025\/01\/UCR.png\",\"articleSection\":[\"Nacionales\/Internacionales\"],\"inLanguage\":\"es-AR\"},{\"@type\":\"WebPage\",\"@id\":\"https:\/\/apuntesdesanluis.com\/index.php\/2025\/01\/23\/fuertes-criticas-de-la-ucr-a-milei-por-su-discurso-en-davos\/\",\"url\":\"https:\/\/apuntesdesanluis.com\/index.php\/2025\/01\/23\/fuertes-criticas-de-la-ucr-a-milei-por-su-discurso-en-davos\/\",\"name\":\"FUERTES CR\u00cdTICAS DE LA UCR A MILEI POR SU DISCURSO EN DAVOS - Apuntes de San Luis\",\"isPartOf\":{\"@id\":\"https:\/\/apuntesdesanluis.com\/#website\"},\"primaryImageOfPage\":{\"@id\":\"https:\/\/apuntesdesanluis.com\/index.php\/2025\/01\/23\/fuertes-criticas-de-la-ucr-a-milei-por-su-discurso-en-davos\/#primaryimage\"},\"image\":{\"@id\":\"https:\/\/apuntesdesanluis.com\/index.php\/2025\/01\/23\/fuertes-criticas-de-la-ucr-a-milei-por-su-discurso-en-davos\/#primaryimage\"},\"thumbnailUrl\":\"https:\/\/apuntesdesanluis.com\/wp-content\/uploads\/2025\/01\/UCR.png\",\"datePublished\":\"2025-01-24T01:11:10+00:00\",\"breadcrumb\":{\"@id\":\"https:\/\/apuntesdesanluis.com\/index.php\/2025\/01\/23\/fuertes-criticas-de-la-ucr-a-milei-por-su-discurso-en-davos\/#breadcrumb\"},\"inLanguage\":\"es-AR\",\"potentialAction\":[{\"@type\":\"ReadAction\",\"target\":[\"https:\/\/apuntesdesanluis.com\/index.php\/2025\/01\/23\/fuertes-criticas-de-la-ucr-a-milei-por-su-discurso-en-davos\/\"]}]},{\"@type\":\"ImageObject\",\"inLanguage\":\"es-AR\",\"@id\":\"https:\/\/apuntesdesanluis.com\/index.php\/2025\/01\/23\/fuertes-criticas-de-la-ucr-a-milei-por-su-discurso-en-davos\/#primaryimage\",\"url\":\"https:\/\/apuntesdesanluis.com\/wp-content\/uploads\/2025\/01\/UCR.png\",\"contentUrl\":\"https:\/\/apuntesdesanluis.com\/wp-content\/uploads\/2025\/01\/UCR.png\",\"width\":693,\"height\":409},{\"@type\":\"BreadcrumbList\",\"@id\":\"https:\/\/apuntesdesanluis.com\/index.php\/2025\/01\/23\/fuertes-criticas-de-la-ucr-a-milei-por-su-discurso-en-davos\/#breadcrumb\",\"itemListElement\":[{\"@type\":\"ListItem\",\"position\":1,\"name\":\"Inicio\",\"item\":\"https:\/\/apuntesdesanluis.com\/\"},{\"@type\":\"ListItem\",\"position\":2,\"name\":\"FUERTES CR\u00cdTICAS DE LA UCR A MILEI POR SU DISCURSO EN DAVOS\"}]},{\"@type\":\"WebSite\",\"@id\":\"https:\/\/apuntesdesanluis.com\/#website\",\"url\":\"https:\/\/apuntesdesanluis.com\/\",\"name\":\"Apuntes de San Luis\",\"description\":\"\",\"publisher\":{\"@id\":\"https:\/\/apuntesdesanluis.com\/#\/schema\/person\/b55151d52296fcce64d1a72538a70b90\"},\"potentialAction\":[{\"@type\":\"SearchAction\",\"target\":{\"@type\":\"EntryPoint\",\"urlTemplate\":\"https:\/\/apuntesdesanluis.com\/?s={search_term_string}\"},\"query-input\":{\"@type\":\"PropertyValueSpecification\",\"valueRequired\":true,\"valueName\":\"search_term_string\"}}],\"inLanguage\":\"es-AR\"},{\"@type\":[\"Person\",\"Organization\"],\"@id\":\"https:\/\/apuntesdesanluis.com\/#\/schema\/person\/b55151d52296fcce64d1a72538a70b90\",\"name\":\"apuntesdesanluis.com\",\"image\":{\"@type\":\"ImageObject\",\"inLanguage\":\"es-AR\",\"@id\":\"https:\/\/apuntesdesanluis.com\/#\/schema\/person\/image\/\",\"url\":\"https:\/\/apuntesdesanluis.com\/wp-content\/uploads\/2023\/07\/cropped-apuntesdesanluis.png\",\"contentUrl\":\"https:\/\/apuntesdesanluis.com\/wp-content\/uploads\/2023\/07\/cropped-apuntesdesanluis.png\",\"width\":450,\"height\":112,\"caption\":\"apuntesdesanluis.com\"},\"logo\":{\"@id\":\"https:\/\/apuntesdesanluis.com\/#\/schema\/person\/image\/\"},\"sameAs\":[\"https:\/\/apuntesdesanluis.com\"],\"url\":\"https:\/\/apuntesdesanluis.com\/index.php\/author\/apuntesdesanluis-com\/\"}]}<\/script>\n<!-- \/ Yoast SEO plugin. -->","yoast_head_json":{"title":"FUERTES CR\u00cdTICAS DE LA UCR A MILEI POR SU DISCURSO EN DAVOS - Apuntes de San Luis","robots":{"index":"index","follow":"follow","max-snippet":"max-snippet:-1","max-image-preview":"max-image-preview:large","max-video-preview":"max-video-preview:-1"},"canonical":"https:\/\/apuntesdesanluis.com\/index.php\/2025\/01\/23\/fuertes-criticas-de-la-ucr-a-milei-por-su-discurso-en-davos\/","og_locale":"es_ES","og_type":"article","og_title":"FUERTES CR\u00cdTICAS DE LA UCR A MILEI POR SU DISCURSO EN DAVOS - Apuntes de San Luis","og_description":"Las declaraciones del presidente Javier Milei en el Foro de Davos generaron una inmediata reacci\u00f3n...","og_url":"https:\/\/apuntesdesanluis.com\/index.php\/2025\/01\/23\/fuertes-criticas-de-la-ucr-a-milei-por-su-discurso-en-davos\/","og_site_name":"Apuntes de San Luis","article_published_time":"2025-01-24T01:11:10+00:00","og_image":[{"width":693,"height":409,"url":"https:\/\/apuntesdesanluis.com\/wp-content\/uploads\/2025\/01\/UCR.png","type":"image\/png"}],"author":"apuntesdesanluis.com","twitter_card":"summary_large_image","twitter_misc":{"Escrito por":"apuntesdesanluis.com","Tiempo de lectura":"2 minutos"},"schema":{"@context":"https:\/\/schema.org","@graph":[{"@type":"Article","@id":"https:\/\/apuntesdesanluis.com\/index.php\/2025\/01\/23\/fuertes-criticas-de-la-ucr-a-milei-por-su-discurso-en-davos\/#article","isPartOf":{"@id":"https:\/\/apuntesdesanluis.com\/index.php\/2025\/01\/23\/fuertes-criticas-de-la-ucr-a-milei-por-su-discurso-en-davos\/"},"author":{"name":"apuntesdesanluis.com","@id":"https:\/\/apuntesdesanluis.com\/#\/schema\/person\/b55151d52296fcce64d1a72538a70b90"},"headline":"FUERTES CR\u00cdTICAS DE LA UCR A MILEI POR SU DISCURSO EN DAVOS","datePublished":"2025-01-24T01:11:10+00:00","mainEntityOfPage":{"@id":"https:\/\/apuntesdesanluis.com\/index.php\/2025\/01\/23\/fuertes-criticas-de-la-ucr-a-milei-por-su-discurso-en-davos\/"},"wordCount":270,"publisher":{"@id":"https:\/\/apuntesdesanluis.com\/#\/schema\/person\/b55151d52296fcce64d1a72538a70b90"},"image":{"@id":"https:\/\/apuntesdesanluis.com\/index.php\/2025\/01\/23\/fuertes-criticas-de-la-ucr-a-milei-por-su-discurso-en-davos\/#primaryimage"},"thumbnailUrl":"https:\/\/apuntesdesanluis.com\/wp-content\/uploads\/2025\/01\/UCR.png","articleSection":["Nacionales\/Internacionales"],"inLanguage":"es-AR"},{"@type":"WebPage","@id":"https:\/\/apuntesdesanluis.com\/index.php\/2025\/01\/23\/fuertes-criticas-de-la-ucr-a-milei-por-su-discurso-en-davos\/","url":"https:\/\/apuntesdesanluis.com\/index.php\/2025\/01\/23\/fuertes-criticas-de-la-ucr-a-milei-por-su-discurso-en-davos\/","name":"FUERTES CR\u00cdTICAS DE LA UCR A MILEI POR SU DISCURSO EN DAVOS - Apuntes de San Luis","isPartOf":{"@id":"https:\/\/apuntesdesanluis.com\/#website"},"primaryImageOfPage":{"@id":"https:\/\/apuntesdesanluis.com\/index.php\/2025\/01\/23\/fuertes-criticas-de-la-ucr-a-milei-por-su-discurso-en-davos\/#primaryimage"},"image":{"@id":"https:\/\/apuntesdesanluis.com\/index.php\/2025\/01\/23\/fuertes-criticas-de-la-ucr-a-milei-por-su-discurso-en-davos\/#primaryimage"},"thumbnailUrl":"https:\/\/apuntesdesanluis.com\/wp-content\/uploads\/2025\/01\/UCR.png","datePublished":"2025-01-24T01:11:10+00:00","breadcrumb":{"@id":"https:\/\/apuntesdesanluis.com\/index.php\/2025\/01\/23\/fuertes-criticas-de-la-ucr-a-milei-por-su-discurso-en-davos\/#breadcrumb"},"inLanguage":"es-AR","potentialAction":[{"@type":"ReadAction","target":["https:\/\/apuntesdesanluis.com\/index.php\/2025\/01\/23\/fuertes-criticas-de-la-ucr-a-milei-por-su-discurso-en-davos\/"]}]},{"@type":"ImageObject","inLanguage":"es-AR","@id":"https:\/\/apuntesdesanluis.com\/index.php\/2025\/01\/23\/fuertes-criticas-de-la-ucr-a-milei-por-su-discurso-en-davos\/#primaryimage","url":"https:\/\/apuntesdesanluis.com\/wp-content\/uploads\/2025\/01\/UCR.png","contentUrl":"https:\/\/apuntesdesanluis.com\/wp-content\/uploads\/2025\/01\/UCR.png","width":693,"height":409},{"@type":"BreadcrumbList","@id":"https:\/\/apuntesdesanluis.com\/index.php\/2025\/01\/23\/fuertes-criticas-de-la-ucr-a-milei-por-su-discurso-en-davos\/#breadcrumb","itemListElement":[{"@type":"ListItem","position":1,"name":"Inicio","item":"https:\/\/apuntesdesanluis.com\/"},{"@type":"ListItem","position":2,"name":"FUERTES CR\u00cdTICAS DE LA UCR A MILEI POR SU DISCURSO EN DAVOS"}]},{"@type":"WebSite","@id":"https:\/\/apuntesdesanluis.com\/#website","url":"https:\/\/apuntesdesanluis.com\/","name":"Apuntes de San Luis","description":"","publisher":{"@id":"https:\/\/apuntesdesanluis.com\/#\/schema\/person\/b55151d52296fcce64d1a72538a70b90"},"potentialAction":[{"@type":"SearchAction","target":{"@type":"EntryPoint","urlTemplate":"https:\/\/apuntesdesanluis.com\/?s={search_term_string}"},"query-input":{"@type":"PropertyValueSpecification","valueRequired":true,"valueName":"search_term_string"}}],"inLanguage":"es-AR"},{"@type":["Person","Organization"],"@id":"https:\/\/apuntesdesanluis.com\/#\/schema\/person\/b55151d52296fcce64d1a72538a70b90","name":"apuntesdesanluis.com","image":{"@type":"ImageObject","inLanguage":"es-AR","@id":"https:\/\/apuntesdesanluis.com\/#\/schema\/person\/image\/","url":"https:\/\/apuntesdesanluis.com\/wp-content\/uploads\/2023\/07\/cropped-apuntesdesanluis.png","contentUrl":"https:\/\/apuntesdesanluis.com\/wp-content\/uploads\/2023\/07\/cropped-apuntesdesanluis.png","width":450,"height":112,"caption":"apuntesdesanluis.com"},"logo":{"@id":"https:\/\/apuntesdesanluis.com\/#\/schema\/person\/image\/"},"sameAs":["https:\/\/apuntesdesanluis.com"],"url":"https:\/\/apuntesdesanluis.com\/index.php\/author\/apuntesdesanluis-com\/"}]}},"featured_image_urls":{"full":["https:\/\/apuntesdesanluis.com\/wp-content\/uploads\/2025\/01\/UCR.png",693,409,false],"thumbnail":["https:\/\/apuntesdesanluis.com\/wp-content\/uploads\/2025\/01\/UCR-150x150.png",150,150,true],"medium":["https:\/\/apuntesdesanluis.com\/wp-content\/uploads\/2025\/01\/UCR-300x177.png",300,177,true],"medium_large":["https:\/\/apuntesdesanluis.com\/wp-content\/uploads\/2025\/01\/UCR.png",640,378,false],"large":["https:\/\/apuntesdesanluis.com\/wp-content\/uploads\/2025\/01\/UCR.png",640,378,false],"1536x1536":["https:\/\/apuntesdesanluis.com\/wp-content\/uploads\/2025\/01\/UCR.png",693,409,false],"2048x2048":["https:\/\/apuntesdesanluis.com\/wp-content\/uploads\/2025\/01\/UCR.png",693,409,false],"newsever-slider-full":["https:\/\/apuntesdesanluis.com\/wp-content\/uploads\/2025\/01\/UCR.png",693,409,false],"newsever-featured":["https:\/\/apuntesdesanluis.com\/wp-content\/uploads\/2025\/01\/UCR.png",693,409,false],"newsever-medium":["https:\/\/apuntesdesanluis.com\/wp-content\/uploads\/2025\/01\/UCR.png",693,409,false]},"author_info":{"display_name":"apuntesdesanluis.com","author_link":"https:\/\/apuntesdesanluis.com\/index.php\/author\/apuntesdesanluis-com\/"},"category_info":"<a href=\"https:\/\/apuntesdesanluis.com\/index.php\/category\/nacionales-internacionales\/\" rel=\"category tag\">Nacionales\/Internacionales<\/a>","tag_info":"Nacionales\/Internacionales","comment_count":"0","_links":{"self":[{"href":"https:\/\/apuntesdesanluis.com\/index.php\/wp-json\/wp\/v2\/posts\/28143","targetHints":{"allow":["GET"]}}],"collection":[{"href":"https:\/\/apuntesdesanluis.com\/index.php\/wp-json\/wp\/v2\/posts"}],"about":[{"href":"https:\/\/apuntesdesanluis.com\/index.php\/wp-json\/wp\/v2\/types\/post"}],"author":[{"embeddable":true,"href":"https:\/\/apuntesdesanluis.com\/index.php\/wp-json\/wp\/v2\/users\/1"}],"replies":[{"embeddable":true,"href":"https:\/\/apuntesdesanluis.com\/index.php\/wp-json\/wp\/v2\/comments?post=28143"}],"version-history":[{"count":1,"href":"https:\/\/apuntesdesanluis.com\/index.php\/wp-json\/wp\/v2\/posts\/28143\/revisions"}],"predecessor-version":[{"id":28147,"href":"https:\/\/apuntesdesanluis.com\/index.php\/wp-json\/wp\/v2\/posts\/28143\/revisions\/28147"}],"wp:featuredmedia":[{"embeddable":true,"href":"https:\/\/apuntesdesanluis.com\/index.php\/wp-json\/wp\/v2\/media\/28144"}],"wp:attachment":[{"href":"https:\/\/apuntesdesanluis.com\/index.php\/wp-json\/wp\/v2\/media?parent=28143"}],"wp:term":[{"taxonomy":"category","embeddable":true,"href":"https:\/\/apuntesdesanluis.com\/index.php\/wp-json\/wp\/v2\/categories?post=28143"},{"taxonomy":"post_tag","embeddable":true,"href":"https:\/\/apuntesdesanluis.com\/index.php\/wp-json\/wp\/v2\/tags?post=28143"}],"curies":[{"name":"wp","href":"https:\/\/api.w.org\/{rel}","templated":true}]}}