{"id":28153,"date":"2025-01-24T21:03:25","date_gmt":"2025-01-25T00:03:25","guid":{"rendered":"https:\/\/apuntesdesanluis.com\/?p=28153"},"modified":"2025-01-25T21:08:03","modified_gmt":"2025-01-26T00:08:03","slug":"grave-situacion-en-justo-daract-clausuran-geriatrico-clandestino","status":"publish","type":"post","link":"https:\/\/apuntesdesanluis.com\/index.php\/2025\/01\/24\/grave-situacion-en-justo-daract-clausuran-geriatrico-clandestino\/","title":{"rendered":"GRAVE SITUACI\u00d3N EN JUSTO DARACT: CLAUSURAN GERI\u00c1TRICO CLANDESTINO"},"content":{"rendered":"<h3>En un allanamiento realizado en la ma\u00f1ana del viernes 24, en un inmueble ubicado sobre la avenida Hip\u00f3lito Irigoyen entre calles San Mart\u00edn y Rivadavia, en la localidad de <strong>Justo Daract<\/strong>, se constat\u00f3 el funcionamiento ilegal de un geri\u00e1trico.<\/h3>\n<h3>El lugar albergaba a ocho adultos mayores, cinco mujeres y tres hombres de avanzada edad, bajo el cuidado de una \u00fanica persona, quien adem\u00e1s es propietaria del establecimiento.<\/h3>\n<h3>La propiedad no contaba con habilitaci\u00f3n emitida por el Ministerio de Salud de la provincia ni por el municipio. Seg\u00fan se constat\u00f3, los residentes viv\u00edan en condiciones de insalubridad y vulnerabilidad extrema, con indicios de deshidrataci\u00f3n y desnutrici\u00f3n. En el domicilio, se encontraron evidencias de maltrato, incluyendo la presencia de un adulto mayor atado a una cama con cintas.<\/h3>\n<p><img fetchpriority=\"high\" decoding=\"async\" class=\"wp-image-28155 aligncenter\" src=\"https:\/\/apuntesdesanluis.com\/wp-content\/uploads\/2025\/01\/cama-geriatrico-284x300.jpg\" alt=\"\" width=\"684\" height=\"723\" srcset=\"https:\/\/apuntesdesanluis.com\/wp-content\/uploads\/2025\/01\/cama-geriatrico-284x300.jpg 284w, https:\/\/apuntesdesanluis.com\/wp-content\/uploads\/2025\/01\/cama-geriatrico.jpg 695w\" sizes=\"(max-width: 684px) 100vw, 684px\" \/><\/p>\n<h3>La denuncia que permiti\u00f3 actuar en la intervenci\u00f3n fue posible gracias a la exposici\u00f3n realizada por una mujer en dependencia policial, la cual estaba en situaci\u00f3n de calle junto a su hija, quien hab\u00eda llegado desde R\u00edo Negro en busca de trabajo.<\/h3>\n<h3>La propietaria del lugar la contrat\u00f3 por una suma irrisoria, pero al observar las condiciones en que viv\u00edan los adultos mayores, decidi\u00f3 dar aviso a la polic\u00eda.<\/h3>\n<h3>La Justicia, a trav\u00e9s de la Fiscal\u00eda N\u00b0 3 de Villa Mercedes, encabezada por el Dr. Olgu\u00edn, orden\u00f3 un operativo de allanamiento con la participaci\u00f3n de efectivos policiales, profesionales de Medicina del Interior y autoridades municipales. Se procedi\u00f3 al traslado de seis de los adultos mayores bajo la custodia de sus familiares, mientras que dos fueron internados en el hospital local por complicaciones de salud, incluyendo a un abuelo oriundo de C\u00f3rdoba sin familiares en San Luis.<\/h3>\n<p><img decoding=\"async\" class=\"wp-image-28156 aligncenter\" src=\"https:\/\/apuntesdesanluis.com\/wp-content\/uploads\/2025\/01\/geriatrico-sucio-300x231.jpg\" alt=\"\" width=\"684\" height=\"527\" srcset=\"https:\/\/apuntesdesanluis.com\/wp-content\/uploads\/2025\/01\/geriatrico-sucio-300x231.jpg 300w, https:\/\/apuntesdesanluis.com\/wp-content\/uploads\/2025\/01\/geriatrico-sucio.jpg 700w\" sizes=\"(max-width: 684px) 100vw, 684px\" \/><\/p>\n<h3>El lugar fue clausurado por no cumplir con las normativas vigentes y operar fuera del marco legal. Adem\u00e1s, dos personas fueron demoradas y quedaron a disposici\u00f3n de la Justicia, que evaluar\u00e1 las posibles imputaciones penales.<\/h3>\n<h3>Este caso pone de relieve la importancia de la regulaci\u00f3n y supervisi\u00f3n de los espacios destinados al cuidado de adultos mayores, a fin de garantizar su bienestar y derechos fundamentales.<\/h3>\n<h3><\/h3>\n<p>&nbsp;<\/p>\n<p>&nbsp;<\/p>\n","protected":false},"excerpt":{"rendered":"<p>En un allanamiento realizado en la ma\u00f1ana del viernes 24, en un inmueble ubicado sobre&#8230;<\/p>\n","protected":false},"author":1,"featured_media":28154,"comment_status":"closed","ping_status":"closed","sticky":false,"template":"","format":"standard","meta":{"footnotes":""},"categories":[6],"tags":[],"class_list":["post-28153","post","type-post","status-publish","format-standard","has-post-thumbnail","hentry","category-ciudad-provincia"],"yoast_head":"<!-- This site is optimized with the Yoast SEO plugin v26.1.1 - https:\/\/yoast.com\/wordpress\/plugins\/seo\/ -->\n<title>GRAVE SITUACI\u00d3N EN JUSTO DARACT: CLAUSURAN GERI\u00c1TRICO CLANDESTINO - Apuntes de San Luis<\/title>\n<meta name=\"robots\" content=\"index, follow, max-snippet:-1, max-image-preview:large, max-video-preview:-1\" \/>\n<link rel=\"canonical\" href=\"https:\/\/apuntesdesanluis.com\/index.php\/2025\/01\/24\/grave-situacion-en-justo-daract-clausuran-geriatrico-clandestino\/\" \/>\n<meta property=\"og:locale\" content=\"es_ES\" \/>\n<meta property=\"og:type\" content=\"article\" \/>\n<meta property=\"og:title\" content=\"GRAVE SITUACI\u00d3N EN JUSTO DARACT: CLAUSURAN GERI\u00c1TRICO CLANDESTINO - Apuntes de San Luis\" \/>\n<meta property=\"og:description\" content=\"En un allanamiento realizado en la ma\u00f1ana del viernes 24, en un inmueble ubicado sobre...\" \/>\n<meta property=\"og:url\" content=\"https:\/\/apuntesdesanluis.com\/index.php\/2025\/01\/24\/grave-situacion-en-justo-daract-clausuran-geriatrico-clandestino\/\" \/>\n<meta property=\"og:site_name\" content=\"Apuntes de San Luis\" \/>\n<meta property=\"article:published_time\" content=\"2025-01-25T00:03:25+00:00\" \/>\n<meta property=\"article:modified_time\" content=\"2025-01-26T00:08:03+00:00\" \/>\n<meta property=\"og:image\" content=\"https:\/\/apuntesdesanluis.com\/wp-content\/uploads\/2025\/01\/clausura-de-geriatrico.jpg\" \/>\n\t<meta property=\"og:image:width\" content=\"792\" \/>\n\t<meta property=\"og:image:height\" content=\"542\" \/>\n\t<meta property=\"og:image:type\" content=\"image\/jpeg\" \/>\n<meta name=\"author\" content=\"apuntesdesanluis.com\" \/>\n<meta name=\"twitter:card\" content=\"summary_large_image\" \/>\n<meta name=\"twitter:label1\" content=\"Escrito por\" \/>\n\t<meta name=\"twitter:data1\" content=\"apuntesdesanluis.com\" \/>\n\t<meta name=\"twitter:label2\" content=\"Tiempo de lectura\" \/>\n\t<meta name=\"twitter:data2\" content=\"3 minutos\" \/>\n<script type=\"application\/ld+json\" class=\"yoast-schema-graph\">{\"@context\":\"https:\/\/schema.org\",\"@graph\":[{\"@type\":\"Article\",\"@id\":\"https:\/\/apuntesdesanluis.com\/index.php\/2025\/01\/24\/grave-situacion-en-justo-daract-clausuran-geriatrico-clandestino\/#article\",\"isPartOf\":{\"@id\":\"https:\/\/apuntesdesanluis.com\/index.php\/2025\/01\/24\/grave-situacion-en-justo-daract-clausuran-geriatrico-clandestino\/\"},\"author\":{\"name\":\"apuntesdesanluis.com\",\"@id\":\"https:\/\/apuntesdesanluis.com\/#\/schema\/person\/b55151d52296fcce64d1a72538a70b90\"},\"headline\":\"GRAVE SITUACI\u00d3N EN JUSTO DARACT: CLAUSURAN GERI\u00c1TRICO CLANDESTINO\",\"datePublished\":\"2025-01-25T00:03:25+00:00\",\"dateModified\":\"2025-01-26T00:08:03+00:00\",\"mainEntityOfPage\":{\"@id\":\"https:\/\/apuntesdesanluis.com\/index.php\/2025\/01\/24\/grave-situacion-en-justo-daract-clausuran-geriatrico-clandestino\/\"},\"wordCount\":373,\"publisher\":{\"@id\":\"https:\/\/apuntesdesanluis.com\/#\/schema\/person\/b55151d52296fcce64d1a72538a70b90\"},\"image\":{\"@id\":\"https:\/\/apuntesdesanluis.com\/index.php\/2025\/01\/24\/grave-situacion-en-justo-daract-clausuran-geriatrico-clandestino\/#primaryimage\"},\"thumbnailUrl\":\"https:\/\/apuntesdesanluis.com\/wp-content\/uploads\/2025\/01\/clausura-de-geriatrico.jpg\",\"articleSection\":[\"Ciudad\/Provincia\"],\"inLanguage\":\"es-AR\"},{\"@type\":\"WebPage\",\"@id\":\"https:\/\/apuntesdesanluis.com\/index.php\/2025\/01\/24\/grave-situacion-en-justo-daract-clausuran-geriatrico-clandestino\/\",\"url\":\"https:\/\/apuntesdesanluis.com\/index.php\/2025\/01\/24\/grave-situacion-en-justo-daract-clausuran-geriatrico-clandestino\/\",\"name\":\"GRAVE SITUACI\u00d3N EN JUSTO DARACT: CLAUSURAN GERI\u00c1TRICO CLANDESTINO - Apuntes de San Luis\",\"isPartOf\":{\"@id\":\"https:\/\/apuntesdesanluis.com\/#website\"},\"primaryImageOfPage\":{\"@id\":\"https:\/\/apuntesdesanluis.com\/index.php\/2025\/01\/24\/grave-situacion-en-justo-daract-clausuran-geriatrico-clandestino\/#primaryimage\"},\"image\":{\"@id\":\"https:\/\/apuntesdesanluis.com\/index.php\/2025\/01\/24\/grave-situacion-en-justo-daract-clausuran-geriatrico-clandestino\/#primaryimage\"},\"thumbnailUrl\":\"https:\/\/apuntesdesanluis.com\/wp-content\/uploads\/2025\/01\/clausura-de-geriatrico.jpg\",\"datePublished\":\"2025-01-25T00:03:25+00:00\",\"dateModified\":\"2025-01-26T00:08:03+00:00\",\"breadcrumb\":{\"@id\":\"https:\/\/apuntesdesanluis.com\/index.php\/2025\/01\/24\/grave-situacion-en-justo-daract-clausuran-geriatrico-clandestino\/#breadcrumb\"},\"inLanguage\":\"es-AR\",\"potentialAction\":[{\"@type\":\"ReadAction\",\"target\":[\"https:\/\/apuntesdesanluis.com\/index.php\/2025\/01\/24\/grave-situacion-en-justo-daract-clausuran-geriatrico-clandestino\/\"]}]},{\"@type\":\"ImageObject\",\"inLanguage\":\"es-AR\",\"@id\":\"https:\/\/apuntesdesanluis.com\/index.php\/2025\/01\/24\/grave-situacion-en-justo-daract-clausuran-geriatrico-clandestino\/#primaryimage\",\"url\":\"https:\/\/apuntesdesanluis.com\/wp-content\/uploads\/2025\/01\/clausura-de-geriatrico.jpg\",\"contentUrl\":\"https:\/\/apuntesdesanluis.com\/wp-content\/uploads\/2025\/01\/clausura-de-geriatrico.jpg\",\"width\":792,\"height\":542},{\"@type\":\"BreadcrumbList\",\"@id\":\"https:\/\/apuntesdesanluis.com\/index.php\/2025\/01\/24\/grave-situacion-en-justo-daract-clausuran-geriatrico-clandestino\/#breadcrumb\",\"itemListElement\":[{\"@type\":\"ListItem\",\"position\":1,\"name\":\"Inicio\",\"item\":\"https:\/\/apuntesdesanluis.com\/\"},{\"@type\":\"ListItem\",\"position\":2,\"name\":\"GRAVE SITUACI\u00d3N EN JUSTO DARACT: CLAUSURAN GERI\u00c1TRICO CLANDESTINO\"}]},{\"@type\":\"WebSite\",\"@id\":\"https:\/\/apuntesdesanluis.com\/#website\",\"url\":\"https:\/\/apuntesdesanluis.com\/\",\"name\":\"Apuntes de San Luis\",\"description\":\"\",\"publisher\":{\"@id\":\"https:\/\/apuntesdesanluis.com\/#\/schema\/person\/b55151d52296fcce64d1a72538a70b90\"},\"potentialAction\":[{\"@type\":\"SearchAction\",\"target\":{\"@type\":\"EntryPoint\",\"urlTemplate\":\"https:\/\/apuntesdesanluis.com\/?s={search_term_string}\"},\"query-input\":{\"@type\":\"PropertyValueSpecification\",\"valueRequired\":true,\"valueName\":\"search_term_string\"}}],\"inLanguage\":\"es-AR\"},{\"@type\":[\"Person\",\"Organization\"],\"@id\":\"https:\/\/apuntesdesanluis.com\/#\/schema\/person\/b55151d52296fcce64d1a72538a70b90\",\"name\":\"apuntesdesanluis.com\",\"image\":{\"@type\":\"ImageObject\",\"inLanguage\":\"es-AR\",\"@id\":\"https:\/\/apuntesdesanluis.com\/#\/schema\/person\/image\/\",\"url\":\"https:\/\/apuntesdesanluis.com\/wp-content\/uploads\/2023\/07\/cropped-apuntesdesanluis.png\",\"contentUrl\":\"https:\/\/apuntesdesanluis.com\/wp-content\/uploads\/2023\/07\/cropped-apuntesdesanluis.png\",\"width\":450,\"height\":112,\"caption\":\"apuntesdesanluis.com\"},\"logo\":{\"@id\":\"https:\/\/apuntesdesanluis.com\/#\/schema\/person\/image\/\"},\"sameAs\":[\"https:\/\/apuntesdesanluis.com\"],\"url\":\"https:\/\/apuntesdesanluis.com\/index.php\/author\/apuntesdesanluis-com\/\"}]}<\/script>\n<!-- \/ Yoast SEO plugin. -->","yoast_head_json":{"title":"GRAVE SITUACI\u00d3N EN JUSTO DARACT: CLAUSURAN GERI\u00c1TRICO CLANDESTINO - Apuntes de San Luis","robots":{"index":"index","follow":"follow","max-snippet":"max-snippet:-1","max-image-preview":"max-image-preview:large","max-video-preview":"max-video-preview:-1"},"canonical":"https:\/\/apuntesdesanluis.com\/index.php\/2025\/01\/24\/grave-situacion-en-justo-daract-clausuran-geriatrico-clandestino\/","og_locale":"es_ES","og_type":"article","og_title":"GRAVE SITUACI\u00d3N EN JUSTO DARACT: CLAUSURAN GERI\u00c1TRICO CLANDESTINO - Apuntes de San Luis","og_description":"En un allanamiento realizado en la ma\u00f1ana del viernes 24, en un inmueble ubicado sobre...","og_url":"https:\/\/apuntesdesanluis.com\/index.php\/2025\/01\/24\/grave-situacion-en-justo-daract-clausuran-geriatrico-clandestino\/","og_site_name":"Apuntes de San Luis","article_published_time":"2025-01-25T00:03:25+00:00","article_modified_time":"2025-01-26T00:08:03+00:00","og_image":[{"width":792,"height":542,"url":"https:\/\/apuntesdesanluis.com\/wp-content\/uploads\/2025\/01\/clausura-de-geriatrico.jpg","type":"image\/jpeg"}],"author":"apuntesdesanluis.com","twitter_card":"summary_large_image","twitter_misc":{"Escrito por":"apuntesdesanluis.com","Tiempo de lectura":"3 minutos"},"schema":{"@context":"https:\/\/schema.org","@graph":[{"@type":"Article","@id":"https:\/\/apuntesdesanluis.com\/index.php\/2025\/01\/24\/grave-situacion-en-justo-daract-clausuran-geriatrico-clandestino\/#article","isPartOf":{"@id":"https:\/\/apuntesdesanluis.com\/index.php\/2025\/01\/24\/grave-situacion-en-justo-daract-clausuran-geriatrico-clandestino\/"},"author":{"name":"apuntesdesanluis.com","@id":"https:\/\/apuntesdesanluis.com\/#\/schema\/person\/b55151d52296fcce64d1a72538a70b90"},"headline":"GRAVE SITUACI\u00d3N EN JUSTO DARACT: CLAUSURAN GERI\u00c1TRICO CLANDESTINO","datePublished":"2025-01-25T00:03:25+00:00","dateModified":"2025-01-26T00:08:03+00:00","mainEntityOfPage":{"@id":"https:\/\/apuntesdesanluis.com\/index.php\/2025\/01\/24\/grave-situacion-en-justo-daract-clausuran-geriatrico-clandestino\/"},"wordCount":373,"publisher":{"@id":"https:\/\/apuntesdesanluis.com\/#\/schema\/person\/b55151d52296fcce64d1a72538a70b90"},"image":{"@id":"https:\/\/apuntesdesanluis.com\/index.php\/2025\/01\/24\/grave-situacion-en-justo-daract-clausuran-geriatrico-clandestino\/#primaryimage"},"thumbnailUrl":"https:\/\/apuntesdesanluis.com\/wp-content\/uploads\/2025\/01\/clausura-de-geriatrico.jpg","articleSection":["Ciudad\/Provincia"],"inLanguage":"es-AR"},{"@type":"WebPage","@id":"https:\/\/apuntesdesanluis.com\/index.php\/2025\/01\/24\/grave-situacion-en-justo-daract-clausuran-geriatrico-clandestino\/","url":"https:\/\/apuntesdesanluis.com\/index.php\/2025\/01\/24\/grave-situacion-en-justo-daract-clausuran-geriatrico-clandestino\/","name":"GRAVE SITUACI\u00d3N EN JUSTO DARACT: CLAUSURAN GERI\u00c1TRICO CLANDESTINO - Apuntes de San Luis","isPartOf":{"@id":"https:\/\/apuntesdesanluis.com\/#website"},"primaryImageOfPage":{"@id":"https:\/\/apuntesdesanluis.com\/index.php\/2025\/01\/24\/grave-situacion-en-justo-daract-clausuran-geriatrico-clandestino\/#primaryimage"},"image":{"@id":"https:\/\/apuntesdesanluis.com\/index.php\/2025\/01\/24\/grave-situacion-en-justo-daract-clausuran-geriatrico-clandestino\/#primaryimage"},"thumbnailUrl":"https:\/\/apuntesdesanluis.com\/wp-content\/uploads\/2025\/01\/clausura-de-geriatrico.jpg","datePublished":"2025-01-25T00:03:25+00:00","dateModified":"2025-01-26T00:08:03+00:00","breadcrumb":{"@id":"https:\/\/apuntesdesanluis.com\/index.php\/2025\/01\/24\/grave-situacion-en-justo-daract-clausuran-geriatrico-clandestino\/#breadcrumb"},"inLanguage":"es-AR","potentialAction":[{"@type":"ReadAction","target":["https:\/\/apuntesdesanluis.com\/index.php\/2025\/01\/24\/grave-situacion-en-justo-daract-clausuran-geriatrico-clandestino\/"]}]},{"@type":"ImageObject","inLanguage":"es-AR","@id":"https:\/\/apuntesdesanluis.com\/index.php\/2025\/01\/24\/grave-situacion-en-justo-daract-clausuran-geriatrico-clandestino\/#primaryimage","url":"https:\/\/apuntesdesanluis.com\/wp-content\/uploads\/2025\/01\/clausura-de-geriatrico.jpg","contentUrl":"https:\/\/apuntesdesanluis.com\/wp-content\/uploads\/2025\/01\/clausura-de-geriatrico.jpg","width":792,"height":542},{"@type":"BreadcrumbList","@id":"https:\/\/apuntesdesanluis.com\/index.php\/2025\/01\/24\/grave-situacion-en-justo-daract-clausuran-geriatrico-clandestino\/#breadcrumb","itemListElement":[{"@type":"ListItem","position":1,"name":"Inicio","item":"https:\/\/apuntesdesanluis.com\/"},{"@type":"ListItem","position":2,"name":"GRAVE SITUACI\u00d3N EN JUSTO DARACT: CLAUSURAN GERI\u00c1TRICO CLANDESTINO"}]},{"@type":"WebSite","@id":"https:\/\/apuntesdesanluis.com\/#website","url":"https:\/\/apuntesdesanluis.com\/","name":"Apuntes de San Luis","description":"","publisher":{"@id":"https:\/\/apuntesdesanluis.com\/#\/schema\/person\/b55151d52296fcce64d1a72538a70b90"},"potentialAction":[{"@type":"SearchAction","target":{"@type":"EntryPoint","urlTemplate":"https:\/\/apuntesdesanluis.com\/?s={search_term_string}"},"query-input":{"@type":"PropertyValueSpecification","valueRequired":true,"valueName":"search_term_string"}}],"inLanguage":"es-AR"},{"@type":["Person","Organization"],"@id":"https:\/\/apuntesdesanluis.com\/#\/schema\/person\/b55151d52296fcce64d1a72538a70b90","name":"apuntesdesanluis.com","image":{"@type":"ImageObject","inLanguage":"es-AR","@id":"https:\/\/apuntesdesanluis.com\/#\/schema\/person\/image\/","url":"https:\/\/apuntesdesanluis.com\/wp-content\/uploads\/2023\/07\/cropped-apuntesdesanluis.png","contentUrl":"https:\/\/apuntesdesanluis.com\/wp-content\/uploads\/2023\/07\/cropped-apuntesdesanluis.png","width":450,"height":112,"caption":"apuntesdesanluis.com"},"logo":{"@id":"https:\/\/apuntesdesanluis.com\/#\/schema\/person\/image\/"},"sameAs":["https:\/\/apuntesdesanluis.com"],"url":"https:\/\/apuntesdesanluis.com\/index.php\/author\/apuntesdesanluis-com\/"}]}},"featured_image_urls":{"full":["https:\/\/apuntesdesanluis.com\/wp-content\/uploads\/2025\/01\/clausura-de-geriatrico.jpg",792,542,false],"thumbnail":["https:\/\/apuntesdesanluis.com\/wp-content\/uploads\/2025\/01\/clausura-de-geriatrico-150x150.jpg",150,150,true],"medium":["https:\/\/apuntesdesanluis.com\/wp-content\/uploads\/2025\/01\/clausura-de-geriatrico-300x205.jpg",300,205,true],"medium_large":["https:\/\/apuntesdesanluis.com\/wp-content\/uploads\/2025\/01\/clausura-de-geriatrico-768x526.jpg",640,438,true],"large":["https:\/\/apuntesdesanluis.com\/wp-content\/uploads\/2025\/01\/clausura-de-geriatrico.jpg",640,438,false],"1536x1536":["https:\/\/apuntesdesanluis.com\/wp-content\/uploads\/2025\/01\/clausura-de-geriatrico.jpg",792,542,false],"2048x2048":["https:\/\/apuntesdesanluis.com\/wp-content\/uploads\/2025\/01\/clausura-de-geriatrico.jpg",792,542,false],"newsever-slider-full":["https:\/\/apuntesdesanluis.com\/wp-content\/uploads\/2025\/01\/clausura-de-geriatrico.jpg",792,542,false],"newsever-featured":["https:\/\/apuntesdesanluis.com\/wp-content\/uploads\/2025\/01\/clausura-de-geriatrico.jpg",792,542,false],"newsever-medium":["https:\/\/apuntesdesanluis.com\/wp-content\/uploads\/2025\/01\/clausura-de-geriatrico-720x475.jpg",720,475,true]},"author_info":{"display_name":"apuntesdesanluis.com","author_link":"https:\/\/apuntesdesanluis.com\/index.php\/author\/apuntesdesanluis-com\/"},"category_info":"<a href=\"https:\/\/apuntesdesanluis.com\/index.php\/category\/ciudad-provincia\/\" rel=\"category tag\">Ciudad\/Provincia<\/a>","tag_info":"Ciudad\/Provincia","comment_count":"0","_links":{"self":[{"href":"https:\/\/apuntesdesanluis.com\/index.php\/wp-json\/wp\/v2\/posts\/28153","targetHints":{"allow":["GET"]}}],"collection":[{"href":"https:\/\/apuntesdesanluis.com\/index.php\/wp-json\/wp\/v2\/posts"}],"about":[{"href":"https:\/\/apuntesdesanluis.com\/index.php\/wp-json\/wp\/v2\/types\/post"}],"author":[{"embeddable":true,"href":"https:\/\/apuntesdesanluis.com\/index.php\/wp-json\/wp\/v2\/users\/1"}],"replies":[{"embeddable":true,"href":"https:\/\/apuntesdesanluis.com\/index.php\/wp-json\/wp\/v2\/comments?post=28153"}],"version-history":[{"count":1,"href":"https:\/\/apuntesdesanluis.com\/index.php\/wp-json\/wp\/v2\/posts\/28153\/revisions"}],"predecessor-version":[{"id":28157,"href":"https:\/\/apuntesdesanluis.com\/index.php\/wp-json\/wp\/v2\/posts\/28153\/revisions\/28157"}],"wp:featuredmedia":[{"embeddable":true,"href":"https:\/\/apuntesdesanluis.com\/index.php\/wp-json\/wp\/v2\/media\/28154"}],"wp:attachment":[{"href":"https:\/\/apuntesdesanluis.com\/index.php\/wp-json\/wp\/v2\/media?parent=28153"}],"wp:term":[{"taxonomy":"category","embeddable":true,"href":"https:\/\/apuntesdesanluis.com\/index.php\/wp-json\/wp\/v2\/categories?post=28153"},{"taxonomy":"post_tag","embeddable":true,"href":"https:\/\/apuntesdesanluis.com\/index.php\/wp-json\/wp\/v2\/tags?post=28153"}],"curies":[{"name":"wp","href":"https:\/\/api.w.org\/{rel}","templated":true}]}}