{"id":28167,"date":"2025-01-24T20:05:37","date_gmt":"2025-01-24T23:05:37","guid":{"rendered":"https:\/\/apuntesdesanluis.com\/?p=28167"},"modified":"2025-01-26T00:51:38","modified_gmt":"2025-01-26T03:51:38","slug":"perlita-en-la-calle-angosta-un-mercedino-cumplio-el-sueno-de-cantar-con-jorge-rojas","status":"publish","type":"post","link":"https:\/\/apuntesdesanluis.com\/index.php\/2025\/01\/24\/perlita-en-la-calle-angosta-un-mercedino-cumplio-el-sueno-de-cantar-con-jorge-rojas\/","title":{"rendered":"PERLITA EN LA CALLE ANGOSTA: UN MERCEDINO CUMPLI\u00d3 EL SUE\u00d1O DE CANTAR CON JORGE ROJAS"},"content":{"rendered":"<h3>La primera noche de la <strong>Fiesta Nacional de la Calle Angosta<\/strong> regal\u00f3 a los presentes una de esas historias inolvidables que suelen darse en momentos excepcionales y que seguramente impactar\u00e1 en la vida de su protagonista. Se trata de <strong>Luis Garc\u00eda<\/strong>, un villamercedino que forma parte de una familia de m\u00fasicos y es fan\u00e1tico del cantante salte\u00f1o.<\/h3>\n<h3>El mismo se vio sorprendido cuando <strong>Jorge Rojas<\/strong>, desde el escenario, lo invit\u00f3 a interpretar <strong>\u00abNo saber de ti\u00bb<\/strong>, una de las canciones m\u00e1s emblem\u00e1ticas de Los Nocheros.<\/h3>\n<h3>El momento, que Luis describi\u00f3 como \u00abm\u00e1gico\u00bb, ocurri\u00f3 cuando Jorge Rojas baj\u00f3 del escenario Alfonso y Zavala, se acerc\u00f3 a \u00e9l y le ofreci\u00f3 el micr\u00f3fono. \u00abFue algo que anhelaba, me temblaba todo, pero fue un sue\u00f1o cumplido\u00bb, confes\u00f3 Luis Garc\u00eda tras el emotivo encuentro, que r\u00e1pidamente se hizo viral en las redes sociales.<\/h3>\n<h3>Luis, de 41 a\u00f1os, trabaja en el Policl\u00ednico \u201cJuan Domingo Per\u00f3n\u201d y en sus ratos libres se dedica a la m\u00fasica junto a su hermano Carlos, con quien forma el Carlos Garc\u00eda Tr\u00edo.<\/h3>\n<h3>Su fanatismo por Jorge Rojas comenz\u00f3 cuando el artista salte\u00f1o dej\u00f3 Los Nocheros y lanz\u00f3 su carrera como solista. En la noche de la Fiesta, el p\u00fablico no solo aplaudi\u00f3 su talento, sino que tambi\u00e9n lo reconoci\u00f3 en las pantallas gigantes, d\u00e1ndole una ovaci\u00f3n que qued\u00f3 en su memoria.<\/h3>\n<h3>\u00abCuando pidieron que iluminaran el predio con los celulares, fue una postal que nunca olvidar\u00e9\u00bb, record\u00f3 Garc\u00eda, visiblemente emocionado. Adem\u00e1s, no dej\u00f3 de agradecer la cantidad de mensajes y apoyo recibido por parte del p\u00fablico, lo que hizo que esa noche fuera a\u00fan m\u00e1s especial para \u00e9l.<\/h3>\n<h3>Este inolvidable momento quedar\u00e1 marcado en la historia de la fiesta, como una muestra de c\u00f3mo la m\u00fasica y los sue\u00f1os se pueden hacer realidad en el escenario de la Calle Angosta.<\/h3>\n<h4 style=\"text-align: center;\"><a href=\"https:\/\/www.facebook.com\/reel\/1098101808776064\" target=\"_blank\" rel=\"noopener\"><img fetchpriority=\"high\" decoding=\"async\" class=\"wp-image-28168 aligncenter\" src=\"https:\/\/apuntesdesanluis.com\/wp-content\/uploads\/2025\/01\/LUIS-GARCIA-167x300.png\" alt=\"\" width=\"347\" height=\"623\" srcset=\"https:\/\/apuntesdesanluis.com\/wp-content\/uploads\/2025\/01\/LUIS-GARCIA-167x300.png 167w, https:\/\/apuntesdesanluis.com\/wp-content\/uploads\/2025\/01\/LUIS-GARCIA.png 474w\" sizes=\"(max-width: 347px) 100vw, 347px\" \/><\/a><\/h4>\n<h4 style=\"text-align: center;\"><span style=\"color: #3366ff;\"><em>(Hacer click sobre la imagen)<\/em><\/span><\/h4>\n<p>&nbsp;<\/p>\n<p>&nbsp;<\/p>\n<p>&nbsp;<\/p>\n","protected":false},"excerpt":{"rendered":"<p>La primera noche de la Fiesta Nacional de la Calle Angosta regal\u00f3 a los presentes&#8230;<\/p>\n","protected":false},"author":1,"featured_media":28169,"comment_status":"closed","ping_status":"closed","sticky":false,"template":"","format":"standard","meta":{"footnotes":""},"categories":[6],"tags":[],"class_list":["post-28167","post","type-post","status-publish","format-standard","has-post-thumbnail","hentry","category-ciudad-provincia"],"yoast_head":"<!-- This site is optimized with the Yoast SEO plugin v26.1.1 - https:\/\/yoast.com\/wordpress\/plugins\/seo\/ -->\n<title>PERLITA EN LA CALLE ANGOSTA: UN MERCEDINO CUMPLI\u00d3 EL SUE\u00d1O DE CANTAR CON JORGE ROJAS - Apuntes de San Luis<\/title>\n<meta name=\"robots\" content=\"index, follow, max-snippet:-1, max-image-preview:large, max-video-preview:-1\" \/>\n<link rel=\"canonical\" href=\"https:\/\/apuntesdesanluis.com\/index.php\/2025\/01\/24\/perlita-en-la-calle-angosta-un-mercedino-cumplio-el-sueno-de-cantar-con-jorge-rojas\/\" \/>\n<meta property=\"og:locale\" content=\"es_ES\" \/>\n<meta property=\"og:type\" content=\"article\" \/>\n<meta property=\"og:title\" content=\"PERLITA EN LA CALLE ANGOSTA: UN MERCEDINO CUMPLI\u00d3 EL SUE\u00d1O DE CANTAR CON JORGE ROJAS - Apuntes de San Luis\" \/>\n<meta property=\"og:description\" content=\"La primera noche de la Fiesta Nacional de la Calle Angosta regal\u00f3 a los presentes...\" \/>\n<meta property=\"og:url\" content=\"https:\/\/apuntesdesanluis.com\/index.php\/2025\/01\/24\/perlita-en-la-calle-angosta-un-mercedino-cumplio-el-sueno-de-cantar-con-jorge-rojas\/\" \/>\n<meta property=\"og:site_name\" content=\"Apuntes de San Luis\" \/>\n<meta property=\"article:published_time\" content=\"2025-01-24T23:05:37+00:00\" \/>\n<meta property=\"article:modified_time\" content=\"2025-01-26T03:51:38+00:00\" \/>\n<meta property=\"og:image\" content=\"https:\/\/apuntesdesanluis.com\/wp-content\/uploads\/2025\/01\/jorge-rojas-2.png\" \/>\n\t<meta property=\"og:image:width\" content=\"479\" \/>\n\t<meta property=\"og:image:height\" content=\"362\" \/>\n\t<meta property=\"og:image:type\" content=\"image\/png\" \/>\n<meta name=\"author\" content=\"apuntesdesanluis.com\" \/>\n<meta name=\"twitter:card\" content=\"summary_large_image\" \/>\n<meta name=\"twitter:label1\" content=\"Escrito por\" \/>\n\t<meta name=\"twitter:data1\" content=\"apuntesdesanluis.com\" \/>\n\t<meta name=\"twitter:label2\" content=\"Tiempo de lectura\" \/>\n\t<meta name=\"twitter:data2\" content=\"2 minutos\" \/>\n<script type=\"application\/ld+json\" class=\"yoast-schema-graph\">{\"@context\":\"https:\/\/schema.org\",\"@graph\":[{\"@type\":\"Article\",\"@id\":\"https:\/\/apuntesdesanluis.com\/index.php\/2025\/01\/24\/perlita-en-la-calle-angosta-un-mercedino-cumplio-el-sueno-de-cantar-con-jorge-rojas\/#article\",\"isPartOf\":{\"@id\":\"https:\/\/apuntesdesanluis.com\/index.php\/2025\/01\/24\/perlita-en-la-calle-angosta-un-mercedino-cumplio-el-sueno-de-cantar-con-jorge-rojas\/\"},\"author\":{\"name\":\"apuntesdesanluis.com\",\"@id\":\"https:\/\/apuntesdesanluis.com\/#\/schema\/person\/b55151d52296fcce64d1a72538a70b90\"},\"headline\":\"PERLITA EN LA CALLE ANGOSTA: UN MERCEDINO CUMPLI\u00d3 EL SUE\u00d1O DE CANTAR CON JORGE ROJAS\",\"datePublished\":\"2025-01-24T23:05:37+00:00\",\"dateModified\":\"2025-01-26T03:51:38+00:00\",\"mainEntityOfPage\":{\"@id\":\"https:\/\/apuntesdesanluis.com\/index.php\/2025\/01\/24\/perlita-en-la-calle-angosta-un-mercedino-cumplio-el-sueno-de-cantar-con-jorge-rojas\/\"},\"wordCount\":353,\"publisher\":{\"@id\":\"https:\/\/apuntesdesanluis.com\/#\/schema\/person\/b55151d52296fcce64d1a72538a70b90\"},\"image\":{\"@id\":\"https:\/\/apuntesdesanluis.com\/index.php\/2025\/01\/24\/perlita-en-la-calle-angosta-un-mercedino-cumplio-el-sueno-de-cantar-con-jorge-rojas\/#primaryimage\"},\"thumbnailUrl\":\"https:\/\/apuntesdesanluis.com\/wp-content\/uploads\/2025\/01\/jorge-rojas-2.png\",\"articleSection\":[\"Ciudad\/Provincia\"],\"inLanguage\":\"es-AR\"},{\"@type\":\"WebPage\",\"@id\":\"https:\/\/apuntesdesanluis.com\/index.php\/2025\/01\/24\/perlita-en-la-calle-angosta-un-mercedino-cumplio-el-sueno-de-cantar-con-jorge-rojas\/\",\"url\":\"https:\/\/apuntesdesanluis.com\/index.php\/2025\/01\/24\/perlita-en-la-calle-angosta-un-mercedino-cumplio-el-sueno-de-cantar-con-jorge-rojas\/\",\"name\":\"PERLITA EN LA CALLE ANGOSTA: UN MERCEDINO CUMPLI\u00d3 EL SUE\u00d1O DE CANTAR CON JORGE ROJAS - Apuntes de San Luis\",\"isPartOf\":{\"@id\":\"https:\/\/apuntesdesanluis.com\/#website\"},\"primaryImageOfPage\":{\"@id\":\"https:\/\/apuntesdesanluis.com\/index.php\/2025\/01\/24\/perlita-en-la-calle-angosta-un-mercedino-cumplio-el-sueno-de-cantar-con-jorge-rojas\/#primaryimage\"},\"image\":{\"@id\":\"https:\/\/apuntesdesanluis.com\/index.php\/2025\/01\/24\/perlita-en-la-calle-angosta-un-mercedino-cumplio-el-sueno-de-cantar-con-jorge-rojas\/#primaryimage\"},\"thumbnailUrl\":\"https:\/\/apuntesdesanluis.com\/wp-content\/uploads\/2025\/01\/jorge-rojas-2.png\",\"datePublished\":\"2025-01-24T23:05:37+00:00\",\"dateModified\":\"2025-01-26T03:51:38+00:00\",\"breadcrumb\":{\"@id\":\"https:\/\/apuntesdesanluis.com\/index.php\/2025\/01\/24\/perlita-en-la-calle-angosta-un-mercedino-cumplio-el-sueno-de-cantar-con-jorge-rojas\/#breadcrumb\"},\"inLanguage\":\"es-AR\",\"potentialAction\":[{\"@type\":\"ReadAction\",\"target\":[\"https:\/\/apuntesdesanluis.com\/index.php\/2025\/01\/24\/perlita-en-la-calle-angosta-un-mercedino-cumplio-el-sueno-de-cantar-con-jorge-rojas\/\"]}]},{\"@type\":\"ImageObject\",\"inLanguage\":\"es-AR\",\"@id\":\"https:\/\/apuntesdesanluis.com\/index.php\/2025\/01\/24\/perlita-en-la-calle-angosta-un-mercedino-cumplio-el-sueno-de-cantar-con-jorge-rojas\/#primaryimage\",\"url\":\"https:\/\/apuntesdesanluis.com\/wp-content\/uploads\/2025\/01\/jorge-rojas-2.png\",\"contentUrl\":\"https:\/\/apuntesdesanluis.com\/wp-content\/uploads\/2025\/01\/jorge-rojas-2.png\",\"width\":479,\"height\":362},{\"@type\":\"BreadcrumbList\",\"@id\":\"https:\/\/apuntesdesanluis.com\/index.php\/2025\/01\/24\/perlita-en-la-calle-angosta-un-mercedino-cumplio-el-sueno-de-cantar-con-jorge-rojas\/#breadcrumb\",\"itemListElement\":[{\"@type\":\"ListItem\",\"position\":1,\"name\":\"Inicio\",\"item\":\"https:\/\/apuntesdesanluis.com\/\"},{\"@type\":\"ListItem\",\"position\":2,\"name\":\"PERLITA EN LA CALLE ANGOSTA: UN MERCEDINO CUMPLI\u00d3 EL SUE\u00d1O DE CANTAR CON JORGE ROJAS\"}]},{\"@type\":\"WebSite\",\"@id\":\"https:\/\/apuntesdesanluis.com\/#website\",\"url\":\"https:\/\/apuntesdesanluis.com\/\",\"name\":\"Apuntes de San Luis\",\"description\":\"\",\"publisher\":{\"@id\":\"https:\/\/apuntesdesanluis.com\/#\/schema\/person\/b55151d52296fcce64d1a72538a70b90\"},\"potentialAction\":[{\"@type\":\"SearchAction\",\"target\":{\"@type\":\"EntryPoint\",\"urlTemplate\":\"https:\/\/apuntesdesanluis.com\/?s={search_term_string}\"},\"query-input\":{\"@type\":\"PropertyValueSpecification\",\"valueRequired\":true,\"valueName\":\"search_term_string\"}}],\"inLanguage\":\"es-AR\"},{\"@type\":[\"Person\",\"Organization\"],\"@id\":\"https:\/\/apuntesdesanluis.com\/#\/schema\/person\/b55151d52296fcce64d1a72538a70b90\",\"name\":\"apuntesdesanluis.com\",\"image\":{\"@type\":\"ImageObject\",\"inLanguage\":\"es-AR\",\"@id\":\"https:\/\/apuntesdesanluis.com\/#\/schema\/person\/image\/\",\"url\":\"https:\/\/apuntesdesanluis.com\/wp-content\/uploads\/2023\/07\/cropped-apuntesdesanluis.png\",\"contentUrl\":\"https:\/\/apuntesdesanluis.com\/wp-content\/uploads\/2023\/07\/cropped-apuntesdesanluis.png\",\"width\":450,\"height\":112,\"caption\":\"apuntesdesanluis.com\"},\"logo\":{\"@id\":\"https:\/\/apuntesdesanluis.com\/#\/schema\/person\/image\/\"},\"sameAs\":[\"https:\/\/apuntesdesanluis.com\"],\"url\":\"https:\/\/apuntesdesanluis.com\/index.php\/author\/apuntesdesanluis-com\/\"}]}<\/script>\n<!-- \/ Yoast SEO plugin. -->","yoast_head_json":{"title":"PERLITA EN LA CALLE ANGOSTA: UN MERCEDINO CUMPLI\u00d3 EL SUE\u00d1O DE CANTAR CON JORGE ROJAS - Apuntes de San Luis","robots":{"index":"index","follow":"follow","max-snippet":"max-snippet:-1","max-image-preview":"max-image-preview:large","max-video-preview":"max-video-preview:-1"},"canonical":"https:\/\/apuntesdesanluis.com\/index.php\/2025\/01\/24\/perlita-en-la-calle-angosta-un-mercedino-cumplio-el-sueno-de-cantar-con-jorge-rojas\/","og_locale":"es_ES","og_type":"article","og_title":"PERLITA EN LA CALLE ANGOSTA: UN MERCEDINO CUMPLI\u00d3 EL SUE\u00d1O DE CANTAR CON JORGE ROJAS - Apuntes de San Luis","og_description":"La primera noche de la Fiesta Nacional de la Calle Angosta regal\u00f3 a los presentes...","og_url":"https:\/\/apuntesdesanluis.com\/index.php\/2025\/01\/24\/perlita-en-la-calle-angosta-un-mercedino-cumplio-el-sueno-de-cantar-con-jorge-rojas\/","og_site_name":"Apuntes de San Luis","article_published_time":"2025-01-24T23:05:37+00:00","article_modified_time":"2025-01-26T03:51:38+00:00","og_image":[{"width":479,"height":362,"url":"https:\/\/apuntesdesanluis.com\/wp-content\/uploads\/2025\/01\/jorge-rojas-2.png","type":"image\/png"}],"author":"apuntesdesanluis.com","twitter_card":"summary_large_image","twitter_misc":{"Escrito por":"apuntesdesanluis.com","Tiempo de lectura":"2 minutos"},"schema":{"@context":"https:\/\/schema.org","@graph":[{"@type":"Article","@id":"https:\/\/apuntesdesanluis.com\/index.php\/2025\/01\/24\/perlita-en-la-calle-angosta-un-mercedino-cumplio-el-sueno-de-cantar-con-jorge-rojas\/#article","isPartOf":{"@id":"https:\/\/apuntesdesanluis.com\/index.php\/2025\/01\/24\/perlita-en-la-calle-angosta-un-mercedino-cumplio-el-sueno-de-cantar-con-jorge-rojas\/"},"author":{"name":"apuntesdesanluis.com","@id":"https:\/\/apuntesdesanluis.com\/#\/schema\/person\/b55151d52296fcce64d1a72538a70b90"},"headline":"PERLITA EN LA CALLE ANGOSTA: UN MERCEDINO CUMPLI\u00d3 EL SUE\u00d1O DE CANTAR CON JORGE ROJAS","datePublished":"2025-01-24T23:05:37+00:00","dateModified":"2025-01-26T03:51:38+00:00","mainEntityOfPage":{"@id":"https:\/\/apuntesdesanluis.com\/index.php\/2025\/01\/24\/perlita-en-la-calle-angosta-un-mercedino-cumplio-el-sueno-de-cantar-con-jorge-rojas\/"},"wordCount":353,"publisher":{"@id":"https:\/\/apuntesdesanluis.com\/#\/schema\/person\/b55151d52296fcce64d1a72538a70b90"},"image":{"@id":"https:\/\/apuntesdesanluis.com\/index.php\/2025\/01\/24\/perlita-en-la-calle-angosta-un-mercedino-cumplio-el-sueno-de-cantar-con-jorge-rojas\/#primaryimage"},"thumbnailUrl":"https:\/\/apuntesdesanluis.com\/wp-content\/uploads\/2025\/01\/jorge-rojas-2.png","articleSection":["Ciudad\/Provincia"],"inLanguage":"es-AR"},{"@type":"WebPage","@id":"https:\/\/apuntesdesanluis.com\/index.php\/2025\/01\/24\/perlita-en-la-calle-angosta-un-mercedino-cumplio-el-sueno-de-cantar-con-jorge-rojas\/","url":"https:\/\/apuntesdesanluis.com\/index.php\/2025\/01\/24\/perlita-en-la-calle-angosta-un-mercedino-cumplio-el-sueno-de-cantar-con-jorge-rojas\/","name":"PERLITA EN LA CALLE ANGOSTA: UN MERCEDINO CUMPLI\u00d3 EL SUE\u00d1O DE CANTAR CON JORGE ROJAS - Apuntes de San Luis","isPartOf":{"@id":"https:\/\/apuntesdesanluis.com\/#website"},"primaryImageOfPage":{"@id":"https:\/\/apuntesdesanluis.com\/index.php\/2025\/01\/24\/perlita-en-la-calle-angosta-un-mercedino-cumplio-el-sueno-de-cantar-con-jorge-rojas\/#primaryimage"},"image":{"@id":"https:\/\/apuntesdesanluis.com\/index.php\/2025\/01\/24\/perlita-en-la-calle-angosta-un-mercedino-cumplio-el-sueno-de-cantar-con-jorge-rojas\/#primaryimage"},"thumbnailUrl":"https:\/\/apuntesdesanluis.com\/wp-content\/uploads\/2025\/01\/jorge-rojas-2.png","datePublished":"2025-01-24T23:05:37+00:00","dateModified":"2025-01-26T03:51:38+00:00","breadcrumb":{"@id":"https:\/\/apuntesdesanluis.com\/index.php\/2025\/01\/24\/perlita-en-la-calle-angosta-un-mercedino-cumplio-el-sueno-de-cantar-con-jorge-rojas\/#breadcrumb"},"inLanguage":"es-AR","potentialAction":[{"@type":"ReadAction","target":["https:\/\/apuntesdesanluis.com\/index.php\/2025\/01\/24\/perlita-en-la-calle-angosta-un-mercedino-cumplio-el-sueno-de-cantar-con-jorge-rojas\/"]}]},{"@type":"ImageObject","inLanguage":"es-AR","@id":"https:\/\/apuntesdesanluis.com\/index.php\/2025\/01\/24\/perlita-en-la-calle-angosta-un-mercedino-cumplio-el-sueno-de-cantar-con-jorge-rojas\/#primaryimage","url":"https:\/\/apuntesdesanluis.com\/wp-content\/uploads\/2025\/01\/jorge-rojas-2.png","contentUrl":"https:\/\/apuntesdesanluis.com\/wp-content\/uploads\/2025\/01\/jorge-rojas-2.png","width":479,"height":362},{"@type":"BreadcrumbList","@id":"https:\/\/apuntesdesanluis.com\/index.php\/2025\/01\/24\/perlita-en-la-calle-angosta-un-mercedino-cumplio-el-sueno-de-cantar-con-jorge-rojas\/#breadcrumb","itemListElement":[{"@type":"ListItem","position":1,"name":"Inicio","item":"https:\/\/apuntesdesanluis.com\/"},{"@type":"ListItem","position":2,"name":"PERLITA EN LA CALLE ANGOSTA: UN MERCEDINO CUMPLI\u00d3 EL SUE\u00d1O DE CANTAR CON JORGE ROJAS"}]},{"@type":"WebSite","@id":"https:\/\/apuntesdesanluis.com\/#website","url":"https:\/\/apuntesdesanluis.com\/","name":"Apuntes de San Luis","description":"","publisher":{"@id":"https:\/\/apuntesdesanluis.com\/#\/schema\/person\/b55151d52296fcce64d1a72538a70b90"},"potentialAction":[{"@type":"SearchAction","target":{"@type":"EntryPoint","urlTemplate":"https:\/\/apuntesdesanluis.com\/?s={search_term_string}"},"query-input":{"@type":"PropertyValueSpecification","valueRequired":true,"valueName":"search_term_string"}}],"inLanguage":"es-AR"},{"@type":["Person","Organization"],"@id":"https:\/\/apuntesdesanluis.com\/#\/schema\/person\/b55151d52296fcce64d1a72538a70b90","name":"apuntesdesanluis.com","image":{"@type":"ImageObject","inLanguage":"es-AR","@id":"https:\/\/apuntesdesanluis.com\/#\/schema\/person\/image\/","url":"https:\/\/apuntesdesanluis.com\/wp-content\/uploads\/2023\/07\/cropped-apuntesdesanluis.png","contentUrl":"https:\/\/apuntesdesanluis.com\/wp-content\/uploads\/2023\/07\/cropped-apuntesdesanluis.png","width":450,"height":112,"caption":"apuntesdesanluis.com"},"logo":{"@id":"https:\/\/apuntesdesanluis.com\/#\/schema\/person\/image\/"},"sameAs":["https:\/\/apuntesdesanluis.com"],"url":"https:\/\/apuntesdesanluis.com\/index.php\/author\/apuntesdesanluis-com\/"}]}},"featured_image_urls":{"full":["https:\/\/apuntesdesanluis.com\/wp-content\/uploads\/2025\/01\/jorge-rojas-2.png",479,362,false],"thumbnail":["https:\/\/apuntesdesanluis.com\/wp-content\/uploads\/2025\/01\/jorge-rojas-2-150x150.png",150,150,true],"medium":["https:\/\/apuntesdesanluis.com\/wp-content\/uploads\/2025\/01\/jorge-rojas-2-300x227.png",300,227,true],"medium_large":["https:\/\/apuntesdesanluis.com\/wp-content\/uploads\/2025\/01\/jorge-rojas-2.png",479,362,false],"large":["https:\/\/apuntesdesanluis.com\/wp-content\/uploads\/2025\/01\/jorge-rojas-2.png",479,362,false],"1536x1536":["https:\/\/apuntesdesanluis.com\/wp-content\/uploads\/2025\/01\/jorge-rojas-2.png",479,362,false],"2048x2048":["https:\/\/apuntesdesanluis.com\/wp-content\/uploads\/2025\/01\/jorge-rojas-2.png",479,362,false],"newsever-slider-full":["https:\/\/apuntesdesanluis.com\/wp-content\/uploads\/2025\/01\/jorge-rojas-2.png",479,362,false],"newsever-featured":["https:\/\/apuntesdesanluis.com\/wp-content\/uploads\/2025\/01\/jorge-rojas-2.png",479,362,false],"newsever-medium":["https:\/\/apuntesdesanluis.com\/wp-content\/uploads\/2025\/01\/jorge-rojas-2.png",479,362,false]},"author_info":{"display_name":"apuntesdesanluis.com","author_link":"https:\/\/apuntesdesanluis.com\/index.php\/author\/apuntesdesanluis-com\/"},"category_info":"<a href=\"https:\/\/apuntesdesanluis.com\/index.php\/category\/ciudad-provincia\/\" rel=\"category tag\">Ciudad\/Provincia<\/a>","tag_info":"Ciudad\/Provincia","comment_count":"0","_links":{"self":[{"href":"https:\/\/apuntesdesanluis.com\/index.php\/wp-json\/wp\/v2\/posts\/28167","targetHints":{"allow":["GET"]}}],"collection":[{"href":"https:\/\/apuntesdesanluis.com\/index.php\/wp-json\/wp\/v2\/posts"}],"about":[{"href":"https:\/\/apuntesdesanluis.com\/index.php\/wp-json\/wp\/v2\/types\/post"}],"author":[{"embeddable":true,"href":"https:\/\/apuntesdesanluis.com\/index.php\/wp-json\/wp\/v2\/users\/1"}],"replies":[{"embeddable":true,"href":"https:\/\/apuntesdesanluis.com\/index.php\/wp-json\/wp\/v2\/comments?post=28167"}],"version-history":[{"count":2,"href":"https:\/\/apuntesdesanluis.com\/index.php\/wp-json\/wp\/v2\/posts\/28167\/revisions"}],"predecessor-version":[{"id":28188,"href":"https:\/\/apuntesdesanluis.com\/index.php\/wp-json\/wp\/v2\/posts\/28167\/revisions\/28188"}],"wp:featuredmedia":[{"embeddable":true,"href":"https:\/\/apuntesdesanluis.com\/index.php\/wp-json\/wp\/v2\/media\/28169"}],"wp:attachment":[{"href":"https:\/\/apuntesdesanluis.com\/index.php\/wp-json\/wp\/v2\/media?parent=28167"}],"wp:term":[{"taxonomy":"category","embeddable":true,"href":"https:\/\/apuntesdesanluis.com\/index.php\/wp-json\/wp\/v2\/categories?post=28167"},{"taxonomy":"post_tag","embeddable":true,"href":"https:\/\/apuntesdesanluis.com\/index.php\/wp-json\/wp\/v2\/tags?post=28167"}],"curies":[{"name":"wp","href":"https:\/\/api.w.org\/{rel}","templated":true}]}}