{"id":2817,"date":"2023-09-06T21:23:28","date_gmt":"2023-09-07T00:23:28","guid":{"rendered":"https:\/\/apuntesdesanluis.com\/?p=2817"},"modified":"2023-09-07T00:06:18","modified_gmt":"2023-09-07T03:06:18","slug":"paritarias-propuesta-de-aumento-a-docentes-universitarios-y-acuerdo-con-no-docentes","status":"publish","type":"post","link":"https:\/\/apuntesdesanluis.com\/index.php\/2023\/09\/06\/paritarias-propuesta-de-aumento-a-docentes-universitarios-y-acuerdo-con-no-docentes\/","title":{"rendered":"PARITARIAS: PROPUESTA DE AUMENTO A DOCENTES UNIVERSITARIOS Y ACUERDO CON NODOCENTES"},"content":{"rendered":"<h3 class=\"yiv7409174924ydp6329976emsonormal\" style=\"text-align: justify; background: white;\"><span style=\"font-family: 'Arial','sans-serif'; color: #1d2228;\">Tras el pedido de reapertura de la paritaria salarial, en funci\u00f3n de la inflaci\u00f3n conocida, y en cumplimiento de los plazos del \u00faltimo acuerdo, este mi\u00e9rcoles se realiz\u00f3 un nuevo encuentro en el Ministerio de Educaci\u00f3n, entre representantes gubernamentales y paritarios de docentes y trabajadores nodocentes de las universidades nacionales.<\/span><\/h3>\n<h3 class=\"yiv7409174924ydp6329976emsonormal\" style=\"text-align: justify; background: white;\"><span style=\"font-family: 'Arial','sans-serif'; color: #1d2228;\">Los primeros recibieron un ofrecimiento y han convocado a un plenario para analizarlo, en tanto que los \u201cnodos\u201d aceptaron un ofrecimiento del 21% para el trimestre setiembre-noviembre.<\/span><\/h3>\n<h3 class=\"yiv7409174924ydp6329976emsonormal\" style=\"text-align: justify; background: white;\"><span style=\"font-family: 'Arial','sans-serif'; color: #1d2228;\">Por el lado de los docentes universitarios, participaron como delegados paritarios el titular de Conadu, <strong>Carlos De Feo<\/strong>, acompa\u00f1ado por el Secretario General de ADOI Villa Mercedes, <strong>Arnoldo Pucci<\/strong>, y <strong>Ayel\u00e9n D\u00edaz<\/strong>.<\/span><\/h3>\n<h3 class=\"yiv7409174924ydp6329976emsonormal\" style=\"text-align: justify; background: white;\"><span style=\"font-family: 'Arial','sans-serif'; color: #1d2228;\">Prec\u00edsamente Pucci inform\u00f3 que \u201cla cartera educativa contin\u00faa tomando la propuesta de per\u00edodos cortos promovida por la Conadu, que toma como base de c\u00e1lculo inicial los incrementos consolidados del \u00faltimo trimestre\u201d.<\/span><\/h3>\n<h3 class=\"yiv7409174924ydp6329976emsonormal\" style=\"text-align: justify; background: white;\"><span style=\"font-family: 'Arial','sans-serif'; color: #1d2228;\">En base a esto, \u201cla propuesta salarial ofertada hoy fue de un 10% de aumento para el mes de septiembre, sobre el salario consolidado de agosto, y nueva revisi\u00f3n en Octubre\u201d, detall\u00f3.<\/span><\/h3>\n<h3 class=\"yiv7409174924ydp6329976emsonormal\" style=\"text-align: justify; background: white;\"><span style=\"font-family: 'Arial','sans-serif'; color: #1d2228;\">El Secretario General de ADOI agreg\u00f3: \u201cAdem\u00e1s la SPU inform\u00f3 que en lo referido a la implementaci\u00f3n de la exenci\u00f3n del impuesto a las ganancias propuesto, esa secretaria habia tenido una reuni\u00f3n con areas t\u00e9cnicas de la AFIP y que por lo informado por dicha repartici\u00f3n, ten\u00edan una \u201capreciaci\u00f3n favorable en el acuerdo planteado\u201d y que en la pr\u00f3xima semana se reunir\u00edan con la Secretaria de Ingresos P\u00fablicos para continuar con la reglamentaci\u00f3n\u201d<\/span><\/h3>\n<h3 class=\"yiv7409174924ydp6329976emsonormal\" style=\"text-align: justify; background: white;\"><span style=\"font-family: 'Arial','sans-serif'; color: #1d2228;\">\u201cA fin de elevar una respuesta en lo relacionado con la propuesta salarial en una pr\u00f3xima reuni\u00f3n convocada para el martes pr\u00f3ximo, Conadu convoc\u00f3 a un plenario de Secretarios Generales el lunes 11 a las 14 hs, de forma hi\u00edbrida, para evaluar la misma\u201d, concluy\u00f3.<\/span><\/h3>\n<h3 class=\"yiv7409174924ydp6329976emsonormal\" style=\"text-align: justify; background: white;\"><strong><span style=\"font-family: 'Arial','sans-serif'; color: #1d2228;\">ACUERDO DE NODOCENTES<\/span><\/strong><\/h3>\n<h3 class=\"yiv7409174924ydp6329976emsonormal\" style=\"text-align: justify; background: white;\"><span style=\"font-family: 'Arial','sans-serif'; color: #1d2228;\">Por otro lado, en el d\u00eda de la fecha tambi\u00e9n se reuni\u00f3 la Comisi\u00f3n de Seguimiento Salarial, seg\u00fan se acordara oportunamente, en las que participaron, por la Federaci\u00f3n de Trabajadores de Universidades Nacionales (FATUN), su Secretario General <strong>Walter Merkis<\/strong>, junto a<strong> Jorge Anr\u00f3<\/strong> y<strong> Daniel Villa<\/strong>.<\/span><\/h3>\n<h3 class=\"yiv7409174924ydp6329976emsonormal\" style=\"text-align: justify; background: white;\"><span style=\"font-family: 'Arial','sans-serif'; color: #1d2228;\">Dicha reuni\u00f3n cont\u00f3 con la participaci\u00f3n del Ministro de Educaci\u00f3n, <strong>Jaime Perczyk<\/strong>, el Secretario de Pol\u00edticas Universitarias, <strong>Oscar Alpa<\/strong>, autoridades de dicha Secretar\u00eda y del Consejo Interuniversitario Nacional, como contraparte en la Paritaria Nivel General.<\/span><\/h3>\n<h3 class=\"yiv7409174924ydp6329976emsonormal\" style=\"text-align: justify; background: white;\"><span style=\"font-family: 'Arial','sans-serif'; color: #1d2228;\">Luego de un intercambio de opiniones, se convino en el otorgamiento de un aumento salarial del 21% (veintiuno por ciento) para el trimestre septiembre \u2013 noviembre de 2023, de acuerdo con la siguiente distribuci\u00f3n:<\/span><\/h3>\n<h3 class=\"yiv7409174924ydp6329976emsonormal\" style=\"text-align: justify; background: white;\"><span style=\"font-family: 'Arial','sans-serif'; color: #1d2228;\">&#8211; 10% (diez por ciento) sobre los b\u00e1sicos del mes de agosto de 2023.<\/span><\/h3>\n<h3 class=\"yiv7409174924ydp6329976emsonormal\" style=\"text-align: justify; background: white;\"><span style=\"font-family: 'Arial','sans-serif'; color: #1d2228;\">&#8211; 11% (once por ciento) a distribuir conforme al acuerdo que se arribe en la reuni\u00f3n convocada a tal efecto, durante el mes de octubre de 2023.<\/span><\/h3>\n<h3 class=\"yiv7409174924ydp6329976emsonormal\" style=\"text-align: justify; background: white;\"><span style=\"font-family: 'Arial','sans-serif'; color: #1d2228;\">Independientemente del acuerdo alcanzado, FATUN ratific\u00f3 la necesidad que se resuelva el tema de los alcances de las deducciones y\/o exenciones referidas a la cuarta categor\u00eda del impuesto a las ganancias, de los adicionales y suplementos acordados en la Paritaria Nivel General del pasado mes de agosto.<\/span><\/h3>\n<h3 class=\"yiv7409174924ydp6329976emsonormal\" style=\"text-align: justify; background: white;\"><span style=\"font-family: 'Arial','sans-serif'; color: #1d2228;\">Al mismo tiempo, las partes acordaron continuar con el funcionamiento de la citada Comisi\u00f3n de Seguimiento de la evoluci\u00f3n del salario y del impacto de la inflaci\u00f3n en el mismo.<\/span><\/h3>\n<p>&nbsp;<\/p>\n<p>&nbsp;<\/p>\n<p>&nbsp;<\/p>\n<p>&nbsp;<\/p>\n","protected":false},"excerpt":{"rendered":"<p>Tras el pedido de reapertura de la paritaria salarial, en funci\u00f3n de la inflaci\u00f3n conocida,&#8230;<\/p>\n","protected":false},"author":1,"featured_media":2818,"comment_status":"closed","ping_status":"closed","sticky":false,"template":"","format":"standard","meta":{"footnotes":""},"categories":[5],"tags":[],"class_list":["post-2817","post","type-post","status-publish","format-standard","has-post-thumbnail","hentry","category-nacionales-internacionales"],"yoast_head":"<!-- This site is optimized with the Yoast SEO plugin v26.1.1 - https:\/\/yoast.com\/wordpress\/plugins\/seo\/ -->\n<title>PARITARIAS: PROPUESTA DE AUMENTO A DOCENTES UNIVERSITARIOS Y ACUERDO CON NODOCENTES - Apuntes de San Luis<\/title>\n<meta name=\"robots\" content=\"index, follow, max-snippet:-1, max-image-preview:large, max-video-preview:-1\" \/>\n<link rel=\"canonical\" href=\"https:\/\/apuntesdesanluis.com\/index.php\/2023\/09\/06\/paritarias-propuesta-de-aumento-a-docentes-universitarios-y-acuerdo-con-no-docentes\/\" \/>\n<meta property=\"og:locale\" content=\"es_ES\" \/>\n<meta property=\"og:type\" content=\"article\" \/>\n<meta property=\"og:title\" content=\"PARITARIAS: PROPUESTA DE AUMENTO A DOCENTES UNIVERSITARIOS Y ACUERDO CON NODOCENTES - Apuntes de San Luis\" \/>\n<meta property=\"og:description\" content=\"Tras el pedido de reapertura de la paritaria salarial, en funci\u00f3n de la inflaci\u00f3n conocida,...\" \/>\n<meta property=\"og:url\" content=\"https:\/\/apuntesdesanluis.com\/index.php\/2023\/09\/06\/paritarias-propuesta-de-aumento-a-docentes-universitarios-y-acuerdo-con-no-docentes\/\" \/>\n<meta property=\"og:site_name\" content=\"Apuntes de San Luis\" \/>\n<meta property=\"article:published_time\" content=\"2023-09-07T00:23:28+00:00\" \/>\n<meta property=\"article:modified_time\" content=\"2023-09-07T03:06:18+00:00\" \/>\n<meta property=\"og:image\" content=\"https:\/\/apuntesdesanluis.com\/wp-content\/uploads\/2023\/09\/paritarias.webp\" \/>\n\t<meta property=\"og:image:width\" content=\"1200\" \/>\n\t<meta property=\"og:image:height\" content=\"675\" \/>\n\t<meta property=\"og:image:type\" content=\"image\/webp\" \/>\n<meta name=\"author\" content=\"apuntesdesanluis.com\" \/>\n<meta name=\"twitter:card\" content=\"summary_large_image\" \/>\n<meta name=\"twitter:label1\" content=\"Escrito por\" \/>\n\t<meta name=\"twitter:data1\" content=\"apuntesdesanluis.com\" \/>\n\t<meta name=\"twitter:label2\" content=\"Tiempo de lectura\" \/>\n\t<meta name=\"twitter:data2\" content=\"3 minutos\" \/>\n<script type=\"application\/ld+json\" class=\"yoast-schema-graph\">{\"@context\":\"https:\/\/schema.org\",\"@graph\":[{\"@type\":\"Article\",\"@id\":\"https:\/\/apuntesdesanluis.com\/index.php\/2023\/09\/06\/paritarias-propuesta-de-aumento-a-docentes-universitarios-y-acuerdo-con-no-docentes\/#article\",\"isPartOf\":{\"@id\":\"https:\/\/apuntesdesanluis.com\/index.php\/2023\/09\/06\/paritarias-propuesta-de-aumento-a-docentes-universitarios-y-acuerdo-con-no-docentes\/\"},\"author\":{\"name\":\"apuntesdesanluis.com\",\"@id\":\"https:\/\/apuntesdesanluis.com\/#\/schema\/person\/b55151d52296fcce64d1a72538a70b90\"},\"headline\":\"PARITARIAS: PROPUESTA DE AUMENTO A DOCENTES UNIVERSITARIOS Y ACUERDO CON NODOCENTES\",\"datePublished\":\"2023-09-07T00:23:28+00:00\",\"dateModified\":\"2023-09-07T03:06:18+00:00\",\"mainEntityOfPage\":{\"@id\":\"https:\/\/apuntesdesanluis.com\/index.php\/2023\/09\/06\/paritarias-propuesta-de-aumento-a-docentes-universitarios-y-acuerdo-con-no-docentes\/\"},\"wordCount\":576,\"publisher\":{\"@id\":\"https:\/\/apuntesdesanluis.com\/#\/schema\/person\/b55151d52296fcce64d1a72538a70b90\"},\"image\":{\"@id\":\"https:\/\/apuntesdesanluis.com\/index.php\/2023\/09\/06\/paritarias-propuesta-de-aumento-a-docentes-universitarios-y-acuerdo-con-no-docentes\/#primaryimage\"},\"thumbnailUrl\":\"https:\/\/apuntesdesanluis.com\/wp-content\/uploads\/2023\/09\/paritarias.webp\",\"articleSection\":[\"Nacionales\/Internacionales\"],\"inLanguage\":\"es-AR\"},{\"@type\":\"WebPage\",\"@id\":\"https:\/\/apuntesdesanluis.com\/index.php\/2023\/09\/06\/paritarias-propuesta-de-aumento-a-docentes-universitarios-y-acuerdo-con-no-docentes\/\",\"url\":\"https:\/\/apuntesdesanluis.com\/index.php\/2023\/09\/06\/paritarias-propuesta-de-aumento-a-docentes-universitarios-y-acuerdo-con-no-docentes\/\",\"name\":\"PARITARIAS: PROPUESTA DE AUMENTO A DOCENTES UNIVERSITARIOS Y ACUERDO CON NODOCENTES - Apuntes de San Luis\",\"isPartOf\":{\"@id\":\"https:\/\/apuntesdesanluis.com\/#website\"},\"primaryImageOfPage\":{\"@id\":\"https:\/\/apuntesdesanluis.com\/index.php\/2023\/09\/06\/paritarias-propuesta-de-aumento-a-docentes-universitarios-y-acuerdo-con-no-docentes\/#primaryimage\"},\"image\":{\"@id\":\"https:\/\/apuntesdesanluis.com\/index.php\/2023\/09\/06\/paritarias-propuesta-de-aumento-a-docentes-universitarios-y-acuerdo-con-no-docentes\/#primaryimage\"},\"thumbnailUrl\":\"https:\/\/apuntesdesanluis.com\/wp-content\/uploads\/2023\/09\/paritarias.webp\",\"datePublished\":\"2023-09-07T00:23:28+00:00\",\"dateModified\":\"2023-09-07T03:06:18+00:00\",\"breadcrumb\":{\"@id\":\"https:\/\/apuntesdesanluis.com\/index.php\/2023\/09\/06\/paritarias-propuesta-de-aumento-a-docentes-universitarios-y-acuerdo-con-no-docentes\/#breadcrumb\"},\"inLanguage\":\"es-AR\",\"potentialAction\":[{\"@type\":\"ReadAction\",\"target\":[\"https:\/\/apuntesdesanluis.com\/index.php\/2023\/09\/06\/paritarias-propuesta-de-aumento-a-docentes-universitarios-y-acuerdo-con-no-docentes\/\"]}]},{\"@type\":\"ImageObject\",\"inLanguage\":\"es-AR\",\"@id\":\"https:\/\/apuntesdesanluis.com\/index.php\/2023\/09\/06\/paritarias-propuesta-de-aumento-a-docentes-universitarios-y-acuerdo-con-no-docentes\/#primaryimage\",\"url\":\"https:\/\/apuntesdesanluis.com\/wp-content\/uploads\/2023\/09\/paritarias.webp\",\"contentUrl\":\"https:\/\/apuntesdesanluis.com\/wp-content\/uploads\/2023\/09\/paritarias.webp\",\"width\":1200,\"height\":675},{\"@type\":\"BreadcrumbList\",\"@id\":\"https:\/\/apuntesdesanluis.com\/index.php\/2023\/09\/06\/paritarias-propuesta-de-aumento-a-docentes-universitarios-y-acuerdo-con-no-docentes\/#breadcrumb\",\"itemListElement\":[{\"@type\":\"ListItem\",\"position\":1,\"name\":\"Inicio\",\"item\":\"https:\/\/apuntesdesanluis.com\/\"},{\"@type\":\"ListItem\",\"position\":2,\"name\":\"PARITARIAS: PROPUESTA DE AUMENTO A DOCENTES UNIVERSITARIOS Y ACUERDO CON NODOCENTES\"}]},{\"@type\":\"WebSite\",\"@id\":\"https:\/\/apuntesdesanluis.com\/#website\",\"url\":\"https:\/\/apuntesdesanluis.com\/\",\"name\":\"Apuntes de San Luis\",\"description\":\"\",\"publisher\":{\"@id\":\"https:\/\/apuntesdesanluis.com\/#\/schema\/person\/b55151d52296fcce64d1a72538a70b90\"},\"potentialAction\":[{\"@type\":\"SearchAction\",\"target\":{\"@type\":\"EntryPoint\",\"urlTemplate\":\"https:\/\/apuntesdesanluis.com\/?s={search_term_string}\"},\"query-input\":{\"@type\":\"PropertyValueSpecification\",\"valueRequired\":true,\"valueName\":\"search_term_string\"}}],\"inLanguage\":\"es-AR\"},{\"@type\":[\"Person\",\"Organization\"],\"@id\":\"https:\/\/apuntesdesanluis.com\/#\/schema\/person\/b55151d52296fcce64d1a72538a70b90\",\"name\":\"apuntesdesanluis.com\",\"image\":{\"@type\":\"ImageObject\",\"inLanguage\":\"es-AR\",\"@id\":\"https:\/\/apuntesdesanluis.com\/#\/schema\/person\/image\/\",\"url\":\"https:\/\/apuntesdesanluis.com\/wp-content\/uploads\/2023\/07\/cropped-apuntesdesanluis.png\",\"contentUrl\":\"https:\/\/apuntesdesanluis.com\/wp-content\/uploads\/2023\/07\/cropped-apuntesdesanluis.png\",\"width\":450,\"height\":112,\"caption\":\"apuntesdesanluis.com\"},\"logo\":{\"@id\":\"https:\/\/apuntesdesanluis.com\/#\/schema\/person\/image\/\"},\"sameAs\":[\"https:\/\/apuntesdesanluis.com\"],\"url\":\"https:\/\/apuntesdesanluis.com\/index.php\/author\/apuntesdesanluis-com\/\"}]}<\/script>\n<!-- \/ Yoast SEO plugin. -->","yoast_head_json":{"title":"PARITARIAS: PROPUESTA DE AUMENTO A DOCENTES UNIVERSITARIOS Y ACUERDO CON NODOCENTES - Apuntes de San Luis","robots":{"index":"index","follow":"follow","max-snippet":"max-snippet:-1","max-image-preview":"max-image-preview:large","max-video-preview":"max-video-preview:-1"},"canonical":"https:\/\/apuntesdesanluis.com\/index.php\/2023\/09\/06\/paritarias-propuesta-de-aumento-a-docentes-universitarios-y-acuerdo-con-no-docentes\/","og_locale":"es_ES","og_type":"article","og_title":"PARITARIAS: PROPUESTA DE AUMENTO A DOCENTES UNIVERSITARIOS Y ACUERDO CON NODOCENTES - Apuntes de San Luis","og_description":"Tras el pedido de reapertura de la paritaria salarial, en funci\u00f3n de la inflaci\u00f3n conocida,...","og_url":"https:\/\/apuntesdesanluis.com\/index.php\/2023\/09\/06\/paritarias-propuesta-de-aumento-a-docentes-universitarios-y-acuerdo-con-no-docentes\/","og_site_name":"Apuntes de San Luis","article_published_time":"2023-09-07T00:23:28+00:00","article_modified_time":"2023-09-07T03:06:18+00:00","og_image":[{"width":1200,"height":675,"url":"https:\/\/apuntesdesanluis.com\/wp-content\/uploads\/2023\/09\/paritarias.webp","type":"image\/webp"}],"author":"apuntesdesanluis.com","twitter_card":"summary_large_image","twitter_misc":{"Escrito por":"apuntesdesanluis.com","Tiempo de lectura":"3 minutos"},"schema":{"@context":"https:\/\/schema.org","@graph":[{"@type":"Article","@id":"https:\/\/apuntesdesanluis.com\/index.php\/2023\/09\/06\/paritarias-propuesta-de-aumento-a-docentes-universitarios-y-acuerdo-con-no-docentes\/#article","isPartOf":{"@id":"https:\/\/apuntesdesanluis.com\/index.php\/2023\/09\/06\/paritarias-propuesta-de-aumento-a-docentes-universitarios-y-acuerdo-con-no-docentes\/"},"author":{"name":"apuntesdesanluis.com","@id":"https:\/\/apuntesdesanluis.com\/#\/schema\/person\/b55151d52296fcce64d1a72538a70b90"},"headline":"PARITARIAS: PROPUESTA DE AUMENTO A DOCENTES UNIVERSITARIOS Y ACUERDO CON NODOCENTES","datePublished":"2023-09-07T00:23:28+00:00","dateModified":"2023-09-07T03:06:18+00:00","mainEntityOfPage":{"@id":"https:\/\/apuntesdesanluis.com\/index.php\/2023\/09\/06\/paritarias-propuesta-de-aumento-a-docentes-universitarios-y-acuerdo-con-no-docentes\/"},"wordCount":576,"publisher":{"@id":"https:\/\/apuntesdesanluis.com\/#\/schema\/person\/b55151d52296fcce64d1a72538a70b90"},"image":{"@id":"https:\/\/apuntesdesanluis.com\/index.php\/2023\/09\/06\/paritarias-propuesta-de-aumento-a-docentes-universitarios-y-acuerdo-con-no-docentes\/#primaryimage"},"thumbnailUrl":"https:\/\/apuntesdesanluis.com\/wp-content\/uploads\/2023\/09\/paritarias.webp","articleSection":["Nacionales\/Internacionales"],"inLanguage":"es-AR"},{"@type":"WebPage","@id":"https:\/\/apuntesdesanluis.com\/index.php\/2023\/09\/06\/paritarias-propuesta-de-aumento-a-docentes-universitarios-y-acuerdo-con-no-docentes\/","url":"https:\/\/apuntesdesanluis.com\/index.php\/2023\/09\/06\/paritarias-propuesta-de-aumento-a-docentes-universitarios-y-acuerdo-con-no-docentes\/","name":"PARITARIAS: PROPUESTA DE AUMENTO A DOCENTES UNIVERSITARIOS Y ACUERDO CON NODOCENTES - Apuntes de San Luis","isPartOf":{"@id":"https:\/\/apuntesdesanluis.com\/#website"},"primaryImageOfPage":{"@id":"https:\/\/apuntesdesanluis.com\/index.php\/2023\/09\/06\/paritarias-propuesta-de-aumento-a-docentes-universitarios-y-acuerdo-con-no-docentes\/#primaryimage"},"image":{"@id":"https:\/\/apuntesdesanluis.com\/index.php\/2023\/09\/06\/paritarias-propuesta-de-aumento-a-docentes-universitarios-y-acuerdo-con-no-docentes\/#primaryimage"},"thumbnailUrl":"https:\/\/apuntesdesanluis.com\/wp-content\/uploads\/2023\/09\/paritarias.webp","datePublished":"2023-09-07T00:23:28+00:00","dateModified":"2023-09-07T03:06:18+00:00","breadcrumb":{"@id":"https:\/\/apuntesdesanluis.com\/index.php\/2023\/09\/06\/paritarias-propuesta-de-aumento-a-docentes-universitarios-y-acuerdo-con-no-docentes\/#breadcrumb"},"inLanguage":"es-AR","potentialAction":[{"@type":"ReadAction","target":["https:\/\/apuntesdesanluis.com\/index.php\/2023\/09\/06\/paritarias-propuesta-de-aumento-a-docentes-universitarios-y-acuerdo-con-no-docentes\/"]}]},{"@type":"ImageObject","inLanguage":"es-AR","@id":"https:\/\/apuntesdesanluis.com\/index.php\/2023\/09\/06\/paritarias-propuesta-de-aumento-a-docentes-universitarios-y-acuerdo-con-no-docentes\/#primaryimage","url":"https:\/\/apuntesdesanluis.com\/wp-content\/uploads\/2023\/09\/paritarias.webp","contentUrl":"https:\/\/apuntesdesanluis.com\/wp-content\/uploads\/2023\/09\/paritarias.webp","width":1200,"height":675},{"@type":"BreadcrumbList","@id":"https:\/\/apuntesdesanluis.com\/index.php\/2023\/09\/06\/paritarias-propuesta-de-aumento-a-docentes-universitarios-y-acuerdo-con-no-docentes\/#breadcrumb","itemListElement":[{"@type":"ListItem","position":1,"name":"Inicio","item":"https:\/\/apuntesdesanluis.com\/"},{"@type":"ListItem","position":2,"name":"PARITARIAS: PROPUESTA DE AUMENTO A DOCENTES UNIVERSITARIOS Y ACUERDO CON NODOCENTES"}]},{"@type":"WebSite","@id":"https:\/\/apuntesdesanluis.com\/#website","url":"https:\/\/apuntesdesanluis.com\/","name":"Apuntes de San Luis","description":"","publisher":{"@id":"https:\/\/apuntesdesanluis.com\/#\/schema\/person\/b55151d52296fcce64d1a72538a70b90"},"potentialAction":[{"@type":"SearchAction","target":{"@type":"EntryPoint","urlTemplate":"https:\/\/apuntesdesanluis.com\/?s={search_term_string}"},"query-input":{"@type":"PropertyValueSpecification","valueRequired":true,"valueName":"search_term_string"}}],"inLanguage":"es-AR"},{"@type":["Person","Organization"],"@id":"https:\/\/apuntesdesanluis.com\/#\/schema\/person\/b55151d52296fcce64d1a72538a70b90","name":"apuntesdesanluis.com","image":{"@type":"ImageObject","inLanguage":"es-AR","@id":"https:\/\/apuntesdesanluis.com\/#\/schema\/person\/image\/","url":"https:\/\/apuntesdesanluis.com\/wp-content\/uploads\/2023\/07\/cropped-apuntesdesanluis.png","contentUrl":"https:\/\/apuntesdesanluis.com\/wp-content\/uploads\/2023\/07\/cropped-apuntesdesanluis.png","width":450,"height":112,"caption":"apuntesdesanluis.com"},"logo":{"@id":"https:\/\/apuntesdesanluis.com\/#\/schema\/person\/image\/"},"sameAs":["https:\/\/apuntesdesanluis.com"],"url":"https:\/\/apuntesdesanluis.com\/index.php\/author\/apuntesdesanluis-com\/"}]}},"featured_image_urls":{"full":["https:\/\/apuntesdesanluis.com\/wp-content\/uploads\/2023\/09\/paritarias.webp",1200,675,false],"thumbnail":["https:\/\/apuntesdesanluis.com\/wp-content\/uploads\/2023\/09\/paritarias-150x150.webp",150,150,true],"medium":["https:\/\/apuntesdesanluis.com\/wp-content\/uploads\/2023\/09\/paritarias-300x169.webp",300,169,true],"medium_large":["https:\/\/apuntesdesanluis.com\/wp-content\/uploads\/2023\/09\/paritarias-768x432.webp",640,360,true],"large":["https:\/\/apuntesdesanluis.com\/wp-content\/uploads\/2023\/09\/paritarias-1024x576.webp",640,360,true],"1536x1536":["https:\/\/apuntesdesanluis.com\/wp-content\/uploads\/2023\/09\/paritarias.webp",1200,675,false],"2048x2048":["https:\/\/apuntesdesanluis.com\/wp-content\/uploads\/2023\/09\/paritarias.webp",1200,675,false],"newsever-slider-full":["https:\/\/apuntesdesanluis.com\/wp-content\/uploads\/2023\/09\/paritarias.webp",1200,675,false],"newsever-featured":["https:\/\/apuntesdesanluis.com\/wp-content\/uploads\/2023\/09\/paritarias-1024x576.webp",1024,576,true],"newsever-medium":["https:\/\/apuntesdesanluis.com\/wp-content\/uploads\/2023\/09\/paritarias-720x475.webp",720,475,true]},"author_info":{"display_name":"apuntesdesanluis.com","author_link":"https:\/\/apuntesdesanluis.com\/index.php\/author\/apuntesdesanluis-com\/"},"category_info":"<a href=\"https:\/\/apuntesdesanluis.com\/index.php\/category\/nacionales-internacionales\/\" rel=\"category tag\">Nacionales\/Internacionales<\/a>","tag_info":"Nacionales\/Internacionales","comment_count":"0","_links":{"self":[{"href":"https:\/\/apuntesdesanluis.com\/index.php\/wp-json\/wp\/v2\/posts\/2817","targetHints":{"allow":["GET"]}}],"collection":[{"href":"https:\/\/apuntesdesanluis.com\/index.php\/wp-json\/wp\/v2\/posts"}],"about":[{"href":"https:\/\/apuntesdesanluis.com\/index.php\/wp-json\/wp\/v2\/types\/post"}],"author":[{"embeddable":true,"href":"https:\/\/apuntesdesanluis.com\/index.php\/wp-json\/wp\/v2\/users\/1"}],"replies":[{"embeddable":true,"href":"https:\/\/apuntesdesanluis.com\/index.php\/wp-json\/wp\/v2\/comments?post=2817"}],"version-history":[{"count":8,"href":"https:\/\/apuntesdesanluis.com\/index.php\/wp-json\/wp\/v2\/posts\/2817\/revisions"}],"predecessor-version":[{"id":2860,"href":"https:\/\/apuntesdesanluis.com\/index.php\/wp-json\/wp\/v2\/posts\/2817\/revisions\/2860"}],"wp:featuredmedia":[{"embeddable":true,"href":"https:\/\/apuntesdesanluis.com\/index.php\/wp-json\/wp\/v2\/media\/2818"}],"wp:attachment":[{"href":"https:\/\/apuntesdesanluis.com\/index.php\/wp-json\/wp\/v2\/media?parent=2817"}],"wp:term":[{"taxonomy":"category","embeddable":true,"href":"https:\/\/apuntesdesanluis.com\/index.php\/wp-json\/wp\/v2\/categories?post=2817"},{"taxonomy":"post_tag","embeddable":true,"href":"https:\/\/apuntesdesanluis.com\/index.php\/wp-json\/wp\/v2\/tags?post=2817"}],"curies":[{"name":"wp","href":"https:\/\/api.w.org\/{rel}","templated":true}]}}