{"id":28175,"date":"2025-01-24T21:37:22","date_gmt":"2025-01-25T00:37:22","guid":{"rendered":"https:\/\/apuntesdesanluis.com\/?p=28175"},"modified":"2025-01-25T22:38:28","modified_gmt":"2025-01-26T01:38:28","slug":"poggi-participo-de-la-reinauguracion-de-la-plaza-ejercito-de-los-andes","status":"publish","type":"post","link":"https:\/\/apuntesdesanluis.com\/index.php\/2025\/01\/24\/poggi-participo-de-la-reinauguracion-de-la-plaza-ejercito-de-los-andes\/","title":{"rendered":"POGGI PARTICIP\u00d3 DE LA REINAUGURACI\u00d3N DE LA PLAZA EJ\u00c9RCITO DE LOS ANDES"},"content":{"rendered":"<h3>El gobernador <strong>Claudio Poggi<\/strong> particip\u00f3 el viernes del segundo acto del programa \u2018Volv\u00e9 a tu Plaza\u2019, con el que la Municipalidad de San Luis pretende poner en valor 40 espacios de esparcimiento en toda la ciudad durante 2025.<\/h3>\n<h3>En esta ocasi\u00f3n fue la plaza Ej\u00e9rcito de los Andes, com\u00fanmente conocida como \u2018Plaza del Carmen\u2019, que luce totalmente renovada con nuevos senderos, murales, la instalaci\u00f3n de modernos juegos infantiles, rampas y accesos inclusivos para personas con discapacidad o movilidad reducida.<\/h3>\n<h3>\u201cEl esp\u00edritu de este Plan, b\u00e1sicamente, tiene que ver con devolverle al vecino un espacio p\u00fablico renovado, con todas las condiciones para que pueda disfrutarlo con sus hijos, sus nietos. Por eso estamos haciendo inversiones en distintas plazas de la ciudad y el objetivo que hemos trazado es poner en valor 40 plazas para este 2025, con la particularidad de que las \u2018aggiornamos\u2019 con juegos de las \u00e9pocas de hoy: mangrullos, trepadores, paneles de memoria, etc\u00e9tera, sin perjuicio de que se mantienen, por supuesto, los juegos tradicionales como hamacas, sube y baja y toboganes\u201d, explic\u00f3 el intendente, Gast\u00f3n Hissa, ante los vecinos.<\/h3>\n<p><img fetchpriority=\"high\" decoding=\"async\" class=\"wp-image-28177 aligncenter\" src=\"https:\/\/apuntesdesanluis.com\/wp-content\/uploads\/2025\/01\/HISSA-300x195.png\" alt=\"\" width=\"738\" height=\"480\" srcset=\"https:\/\/apuntesdesanluis.com\/wp-content\/uploads\/2025\/01\/HISSA-300x195.png 300w, https:\/\/apuntesdesanluis.com\/wp-content\/uploads\/2025\/01\/HISSA-768x500.png 768w, https:\/\/apuntesdesanluis.com\/wp-content\/uploads\/2025\/01\/HISSA.png 930w\" sizes=\"(max-width: 738px) 100vw, 738px\" \/><\/p>\n<h3>Los trabajos tambi\u00e9n incluyeron nueva carteler\u00eda, la creaci\u00f3n de senderos internos adaptados para que tanto personas mayores como madres con cochecitos puedan transitar, iluminaci\u00f3n en ciertos sectores, la instalaci\u00f3n de una garita de colectivos frente al espacio verde, pintura de cordones y veredas, bicisendas, forestaci\u00f3n y la incorporaci\u00f3n de un nuevo placero, Julio, que se sumar\u00e1 a Rosario y Daniel, que mantienen todo a punto en el turno ma\u00f1ana.<\/h3>\n<h3>\u201cEl objetivo es devolverle al vecino la tranquilidad y que pueda tomarse un mate, pasar un domingo en un lugar agradable, recreativo y tambi\u00e9n, por supuesto, pueda realizar actividades f\u00edsicas\u201d, destac\u00f3 Hissa, y hasta brome\u00f3 con que su hija de 7 a\u00f1os, que lo acompa\u00f1\u00f3 en el acto, hizo de una especie de \u2018jefa de obra\u2019, ya que utiliza los juegos habitualmente y se encarg\u00f3 de transmitirle cu\u00e1les estaban rotos.<\/h3>\n<p><iframe title=\"Claudio Poggi en Plaza &quot;Ej\u00e9rcito de los Andes&quot;\" width=\"640\" height=\"360\" src=\"https:\/\/www.youtube.com\/embed\/GjGy7zfjD5Y?feature=oembed\" frameborder=\"0\" allow=\"accelerometer; autoplay; clipboard-write; encrypted-media; gyroscope; picture-in-picture; web-share\" referrerpolicy=\"strict-origin-when-cross-origin\" allowfullscreen><\/iframe><\/p>\n<h3>Al tomar la palabra, Poggi destac\u00f3 la iniciativa \u201cdel Intendente, del Municipio, de poner en valor estos espacios p\u00fablicos y que son lugares de encuentro, de la familia, de los chicos, de los mayores. Hay que mantener bien cuidaditos estos espacios para que no sean usados con otro sentido\u201d.<\/h3>\n<h3>En su discurso, el Primer Mandatario aprovech\u00f3 para hacer menci\u00f3n a otras dos cuestiones. La primera es el fomento de la vida saludable, y adelant\u00f3 que en los pr\u00f3ximos d\u00edas relanzar\u00e1 el plan TuBi para impulsar el uso de la bicicleta como medio de movilidad y, a su vez, de ejercitaci\u00f3n.<\/h3>\n<p>&nbsp;<\/p>\n<p>&nbsp;<\/p>\n","protected":false},"excerpt":{"rendered":"<p>El gobernador Claudio Poggi particip\u00f3 el viernes del segundo acto del programa \u2018Volv\u00e9 a tu&#8230;<\/p>\n","protected":false},"author":1,"featured_media":28176,"comment_status":"closed","ping_status":"closed","sticky":false,"template":"","format":"standard","meta":{"footnotes":""},"categories":[6],"tags":[],"class_list":["post-28175","post","type-post","status-publish","format-standard","has-post-thumbnail","hentry","category-ciudad-provincia"],"yoast_head":"<!-- This site is optimized with the Yoast SEO plugin v26.1.1 - https:\/\/yoast.com\/wordpress\/plugins\/seo\/ -->\n<title>POGGI PARTICIP\u00d3 DE LA REINAUGURACI\u00d3N DE LA PLAZA EJ\u00c9RCITO DE LOS ANDES - Apuntes de San Luis<\/title>\n<meta name=\"robots\" content=\"index, follow, max-snippet:-1, max-image-preview:large, max-video-preview:-1\" \/>\n<link rel=\"canonical\" href=\"https:\/\/apuntesdesanluis.com\/index.php\/2025\/01\/24\/poggi-participo-de-la-reinauguracion-de-la-plaza-ejercito-de-los-andes\/\" \/>\n<meta property=\"og:locale\" content=\"es_ES\" \/>\n<meta property=\"og:type\" content=\"article\" \/>\n<meta property=\"og:title\" content=\"POGGI PARTICIP\u00d3 DE LA REINAUGURACI\u00d3N DE LA PLAZA EJ\u00c9RCITO DE LOS ANDES - Apuntes de San Luis\" \/>\n<meta property=\"og:description\" content=\"El gobernador Claudio Poggi particip\u00f3 el viernes del segundo acto del programa \u2018Volv\u00e9 a tu...\" \/>\n<meta property=\"og:url\" content=\"https:\/\/apuntesdesanluis.com\/index.php\/2025\/01\/24\/poggi-participo-de-la-reinauguracion-de-la-plaza-ejercito-de-los-andes\/\" \/>\n<meta property=\"og:site_name\" content=\"Apuntes de San Luis\" \/>\n<meta property=\"article:published_time\" content=\"2025-01-25T00:37:22+00:00\" \/>\n<meta property=\"article:modified_time\" content=\"2025-01-26T01:38:28+00:00\" \/>\n<meta property=\"og:image\" content=\"https:\/\/apuntesdesanluis.com\/wp-content\/uploads\/2025\/01\/PLAZA.png\" \/>\n\t<meta property=\"og:image:width\" content=\"934\" \/>\n\t<meta property=\"og:image:height\" content=\"545\" \/>\n\t<meta property=\"og:image:type\" content=\"image\/png\" \/>\n<meta name=\"author\" content=\"apuntesdesanluis.com\" \/>\n<meta name=\"twitter:card\" content=\"summary_large_image\" \/>\n<meta name=\"twitter:label1\" content=\"Escrito por\" \/>\n\t<meta name=\"twitter:data1\" content=\"apuntesdesanluis.com\" \/>\n\t<meta name=\"twitter:label2\" content=\"Tiempo de lectura\" \/>\n\t<meta name=\"twitter:data2\" content=\"3 minutos\" \/>\n<script type=\"application\/ld+json\" class=\"yoast-schema-graph\">{\"@context\":\"https:\/\/schema.org\",\"@graph\":[{\"@type\":\"Article\",\"@id\":\"https:\/\/apuntesdesanluis.com\/index.php\/2025\/01\/24\/poggi-participo-de-la-reinauguracion-de-la-plaza-ejercito-de-los-andes\/#article\",\"isPartOf\":{\"@id\":\"https:\/\/apuntesdesanluis.com\/index.php\/2025\/01\/24\/poggi-participo-de-la-reinauguracion-de-la-plaza-ejercito-de-los-andes\/\"},\"author\":{\"name\":\"apuntesdesanluis.com\",\"@id\":\"https:\/\/apuntesdesanluis.com\/#\/schema\/person\/b55151d52296fcce64d1a72538a70b90\"},\"headline\":\"POGGI PARTICIP\u00d3 DE LA REINAUGURACI\u00d3N DE LA PLAZA EJ\u00c9RCITO DE LOS ANDES\",\"datePublished\":\"2025-01-25T00:37:22+00:00\",\"dateModified\":\"2025-01-26T01:38:28+00:00\",\"mainEntityOfPage\":{\"@id\":\"https:\/\/apuntesdesanluis.com\/index.php\/2025\/01\/24\/poggi-participo-de-la-reinauguracion-de-la-plaza-ejercito-de-los-andes\/\"},\"wordCount\":465,\"publisher\":{\"@id\":\"https:\/\/apuntesdesanluis.com\/#\/schema\/person\/b55151d52296fcce64d1a72538a70b90\"},\"image\":{\"@id\":\"https:\/\/apuntesdesanluis.com\/index.php\/2025\/01\/24\/poggi-participo-de-la-reinauguracion-de-la-plaza-ejercito-de-los-andes\/#primaryimage\"},\"thumbnailUrl\":\"https:\/\/apuntesdesanluis.com\/wp-content\/uploads\/2025\/01\/PLAZA.png\",\"articleSection\":[\"Ciudad\/Provincia\"],\"inLanguage\":\"es-AR\"},{\"@type\":\"WebPage\",\"@id\":\"https:\/\/apuntesdesanluis.com\/index.php\/2025\/01\/24\/poggi-participo-de-la-reinauguracion-de-la-plaza-ejercito-de-los-andes\/\",\"url\":\"https:\/\/apuntesdesanluis.com\/index.php\/2025\/01\/24\/poggi-participo-de-la-reinauguracion-de-la-plaza-ejercito-de-los-andes\/\",\"name\":\"POGGI PARTICIP\u00d3 DE LA REINAUGURACI\u00d3N DE LA PLAZA EJ\u00c9RCITO DE LOS ANDES - Apuntes de San Luis\",\"isPartOf\":{\"@id\":\"https:\/\/apuntesdesanluis.com\/#website\"},\"primaryImageOfPage\":{\"@id\":\"https:\/\/apuntesdesanluis.com\/index.php\/2025\/01\/24\/poggi-participo-de-la-reinauguracion-de-la-plaza-ejercito-de-los-andes\/#primaryimage\"},\"image\":{\"@id\":\"https:\/\/apuntesdesanluis.com\/index.php\/2025\/01\/24\/poggi-participo-de-la-reinauguracion-de-la-plaza-ejercito-de-los-andes\/#primaryimage\"},\"thumbnailUrl\":\"https:\/\/apuntesdesanluis.com\/wp-content\/uploads\/2025\/01\/PLAZA.png\",\"datePublished\":\"2025-01-25T00:37:22+00:00\",\"dateModified\":\"2025-01-26T01:38:28+00:00\",\"breadcrumb\":{\"@id\":\"https:\/\/apuntesdesanluis.com\/index.php\/2025\/01\/24\/poggi-participo-de-la-reinauguracion-de-la-plaza-ejercito-de-los-andes\/#breadcrumb\"},\"inLanguage\":\"es-AR\",\"potentialAction\":[{\"@type\":\"ReadAction\",\"target\":[\"https:\/\/apuntesdesanluis.com\/index.php\/2025\/01\/24\/poggi-participo-de-la-reinauguracion-de-la-plaza-ejercito-de-los-andes\/\"]}]},{\"@type\":\"ImageObject\",\"inLanguage\":\"es-AR\",\"@id\":\"https:\/\/apuntesdesanluis.com\/index.php\/2025\/01\/24\/poggi-participo-de-la-reinauguracion-de-la-plaza-ejercito-de-los-andes\/#primaryimage\",\"url\":\"https:\/\/apuntesdesanluis.com\/wp-content\/uploads\/2025\/01\/PLAZA.png\",\"contentUrl\":\"https:\/\/apuntesdesanluis.com\/wp-content\/uploads\/2025\/01\/PLAZA.png\",\"width\":934,\"height\":545},{\"@type\":\"BreadcrumbList\",\"@id\":\"https:\/\/apuntesdesanluis.com\/index.php\/2025\/01\/24\/poggi-participo-de-la-reinauguracion-de-la-plaza-ejercito-de-los-andes\/#breadcrumb\",\"itemListElement\":[{\"@type\":\"ListItem\",\"position\":1,\"name\":\"Inicio\",\"item\":\"https:\/\/apuntesdesanluis.com\/\"},{\"@type\":\"ListItem\",\"position\":2,\"name\":\"POGGI PARTICIP\u00d3 DE LA REINAUGURACI\u00d3N DE LA PLAZA EJ\u00c9RCITO DE LOS ANDES\"}]},{\"@type\":\"WebSite\",\"@id\":\"https:\/\/apuntesdesanluis.com\/#website\",\"url\":\"https:\/\/apuntesdesanluis.com\/\",\"name\":\"Apuntes de San Luis\",\"description\":\"\",\"publisher\":{\"@id\":\"https:\/\/apuntesdesanluis.com\/#\/schema\/person\/b55151d52296fcce64d1a72538a70b90\"},\"potentialAction\":[{\"@type\":\"SearchAction\",\"target\":{\"@type\":\"EntryPoint\",\"urlTemplate\":\"https:\/\/apuntesdesanluis.com\/?s={search_term_string}\"},\"query-input\":{\"@type\":\"PropertyValueSpecification\",\"valueRequired\":true,\"valueName\":\"search_term_string\"}}],\"inLanguage\":\"es-AR\"},{\"@type\":[\"Person\",\"Organization\"],\"@id\":\"https:\/\/apuntesdesanluis.com\/#\/schema\/person\/b55151d52296fcce64d1a72538a70b90\",\"name\":\"apuntesdesanluis.com\",\"image\":{\"@type\":\"ImageObject\",\"inLanguage\":\"es-AR\",\"@id\":\"https:\/\/apuntesdesanluis.com\/#\/schema\/person\/image\/\",\"url\":\"https:\/\/apuntesdesanluis.com\/wp-content\/uploads\/2023\/07\/cropped-apuntesdesanluis.png\",\"contentUrl\":\"https:\/\/apuntesdesanluis.com\/wp-content\/uploads\/2023\/07\/cropped-apuntesdesanluis.png\",\"width\":450,\"height\":112,\"caption\":\"apuntesdesanluis.com\"},\"logo\":{\"@id\":\"https:\/\/apuntesdesanluis.com\/#\/schema\/person\/image\/\"},\"sameAs\":[\"https:\/\/apuntesdesanluis.com\"],\"url\":\"https:\/\/apuntesdesanluis.com\/index.php\/author\/apuntesdesanluis-com\/\"}]}<\/script>\n<!-- \/ Yoast SEO plugin. -->","yoast_head_json":{"title":"POGGI PARTICIP\u00d3 DE LA REINAUGURACI\u00d3N DE LA PLAZA EJ\u00c9RCITO DE LOS ANDES - Apuntes de San Luis","robots":{"index":"index","follow":"follow","max-snippet":"max-snippet:-1","max-image-preview":"max-image-preview:large","max-video-preview":"max-video-preview:-1"},"canonical":"https:\/\/apuntesdesanluis.com\/index.php\/2025\/01\/24\/poggi-participo-de-la-reinauguracion-de-la-plaza-ejercito-de-los-andes\/","og_locale":"es_ES","og_type":"article","og_title":"POGGI PARTICIP\u00d3 DE LA REINAUGURACI\u00d3N DE LA PLAZA EJ\u00c9RCITO DE LOS ANDES - Apuntes de San Luis","og_description":"El gobernador Claudio Poggi particip\u00f3 el viernes del segundo acto del programa \u2018Volv\u00e9 a tu...","og_url":"https:\/\/apuntesdesanluis.com\/index.php\/2025\/01\/24\/poggi-participo-de-la-reinauguracion-de-la-plaza-ejercito-de-los-andes\/","og_site_name":"Apuntes de San Luis","article_published_time":"2025-01-25T00:37:22+00:00","article_modified_time":"2025-01-26T01:38:28+00:00","og_image":[{"width":934,"height":545,"url":"https:\/\/apuntesdesanluis.com\/wp-content\/uploads\/2025\/01\/PLAZA.png","type":"image\/png"}],"author":"apuntesdesanluis.com","twitter_card":"summary_large_image","twitter_misc":{"Escrito por":"apuntesdesanluis.com","Tiempo de lectura":"3 minutos"},"schema":{"@context":"https:\/\/schema.org","@graph":[{"@type":"Article","@id":"https:\/\/apuntesdesanluis.com\/index.php\/2025\/01\/24\/poggi-participo-de-la-reinauguracion-de-la-plaza-ejercito-de-los-andes\/#article","isPartOf":{"@id":"https:\/\/apuntesdesanluis.com\/index.php\/2025\/01\/24\/poggi-participo-de-la-reinauguracion-de-la-plaza-ejercito-de-los-andes\/"},"author":{"name":"apuntesdesanluis.com","@id":"https:\/\/apuntesdesanluis.com\/#\/schema\/person\/b55151d52296fcce64d1a72538a70b90"},"headline":"POGGI PARTICIP\u00d3 DE LA REINAUGURACI\u00d3N DE LA PLAZA EJ\u00c9RCITO DE LOS ANDES","datePublished":"2025-01-25T00:37:22+00:00","dateModified":"2025-01-26T01:38:28+00:00","mainEntityOfPage":{"@id":"https:\/\/apuntesdesanluis.com\/index.php\/2025\/01\/24\/poggi-participo-de-la-reinauguracion-de-la-plaza-ejercito-de-los-andes\/"},"wordCount":465,"publisher":{"@id":"https:\/\/apuntesdesanluis.com\/#\/schema\/person\/b55151d52296fcce64d1a72538a70b90"},"image":{"@id":"https:\/\/apuntesdesanluis.com\/index.php\/2025\/01\/24\/poggi-participo-de-la-reinauguracion-de-la-plaza-ejercito-de-los-andes\/#primaryimage"},"thumbnailUrl":"https:\/\/apuntesdesanluis.com\/wp-content\/uploads\/2025\/01\/PLAZA.png","articleSection":["Ciudad\/Provincia"],"inLanguage":"es-AR"},{"@type":"WebPage","@id":"https:\/\/apuntesdesanluis.com\/index.php\/2025\/01\/24\/poggi-participo-de-la-reinauguracion-de-la-plaza-ejercito-de-los-andes\/","url":"https:\/\/apuntesdesanluis.com\/index.php\/2025\/01\/24\/poggi-participo-de-la-reinauguracion-de-la-plaza-ejercito-de-los-andes\/","name":"POGGI PARTICIP\u00d3 DE LA REINAUGURACI\u00d3N DE LA PLAZA EJ\u00c9RCITO DE LOS ANDES - Apuntes de San Luis","isPartOf":{"@id":"https:\/\/apuntesdesanluis.com\/#website"},"primaryImageOfPage":{"@id":"https:\/\/apuntesdesanluis.com\/index.php\/2025\/01\/24\/poggi-participo-de-la-reinauguracion-de-la-plaza-ejercito-de-los-andes\/#primaryimage"},"image":{"@id":"https:\/\/apuntesdesanluis.com\/index.php\/2025\/01\/24\/poggi-participo-de-la-reinauguracion-de-la-plaza-ejercito-de-los-andes\/#primaryimage"},"thumbnailUrl":"https:\/\/apuntesdesanluis.com\/wp-content\/uploads\/2025\/01\/PLAZA.png","datePublished":"2025-01-25T00:37:22+00:00","dateModified":"2025-01-26T01:38:28+00:00","breadcrumb":{"@id":"https:\/\/apuntesdesanluis.com\/index.php\/2025\/01\/24\/poggi-participo-de-la-reinauguracion-de-la-plaza-ejercito-de-los-andes\/#breadcrumb"},"inLanguage":"es-AR","potentialAction":[{"@type":"ReadAction","target":["https:\/\/apuntesdesanluis.com\/index.php\/2025\/01\/24\/poggi-participo-de-la-reinauguracion-de-la-plaza-ejercito-de-los-andes\/"]}]},{"@type":"ImageObject","inLanguage":"es-AR","@id":"https:\/\/apuntesdesanluis.com\/index.php\/2025\/01\/24\/poggi-participo-de-la-reinauguracion-de-la-plaza-ejercito-de-los-andes\/#primaryimage","url":"https:\/\/apuntesdesanluis.com\/wp-content\/uploads\/2025\/01\/PLAZA.png","contentUrl":"https:\/\/apuntesdesanluis.com\/wp-content\/uploads\/2025\/01\/PLAZA.png","width":934,"height":545},{"@type":"BreadcrumbList","@id":"https:\/\/apuntesdesanluis.com\/index.php\/2025\/01\/24\/poggi-participo-de-la-reinauguracion-de-la-plaza-ejercito-de-los-andes\/#breadcrumb","itemListElement":[{"@type":"ListItem","position":1,"name":"Inicio","item":"https:\/\/apuntesdesanluis.com\/"},{"@type":"ListItem","position":2,"name":"POGGI PARTICIP\u00d3 DE LA REINAUGURACI\u00d3N DE LA PLAZA EJ\u00c9RCITO DE LOS ANDES"}]},{"@type":"WebSite","@id":"https:\/\/apuntesdesanluis.com\/#website","url":"https:\/\/apuntesdesanluis.com\/","name":"Apuntes de San Luis","description":"","publisher":{"@id":"https:\/\/apuntesdesanluis.com\/#\/schema\/person\/b55151d52296fcce64d1a72538a70b90"},"potentialAction":[{"@type":"SearchAction","target":{"@type":"EntryPoint","urlTemplate":"https:\/\/apuntesdesanluis.com\/?s={search_term_string}"},"query-input":{"@type":"PropertyValueSpecification","valueRequired":true,"valueName":"search_term_string"}}],"inLanguage":"es-AR"},{"@type":["Person","Organization"],"@id":"https:\/\/apuntesdesanluis.com\/#\/schema\/person\/b55151d52296fcce64d1a72538a70b90","name":"apuntesdesanluis.com","image":{"@type":"ImageObject","inLanguage":"es-AR","@id":"https:\/\/apuntesdesanluis.com\/#\/schema\/person\/image\/","url":"https:\/\/apuntesdesanluis.com\/wp-content\/uploads\/2023\/07\/cropped-apuntesdesanluis.png","contentUrl":"https:\/\/apuntesdesanluis.com\/wp-content\/uploads\/2023\/07\/cropped-apuntesdesanluis.png","width":450,"height":112,"caption":"apuntesdesanluis.com"},"logo":{"@id":"https:\/\/apuntesdesanluis.com\/#\/schema\/person\/image\/"},"sameAs":["https:\/\/apuntesdesanluis.com"],"url":"https:\/\/apuntesdesanluis.com\/index.php\/author\/apuntesdesanluis-com\/"}]}},"featured_image_urls":{"full":["https:\/\/apuntesdesanluis.com\/wp-content\/uploads\/2025\/01\/PLAZA.png",934,545,false],"thumbnail":["https:\/\/apuntesdesanluis.com\/wp-content\/uploads\/2025\/01\/PLAZA-150x150.png",150,150,true],"medium":["https:\/\/apuntesdesanluis.com\/wp-content\/uploads\/2025\/01\/PLAZA-300x175.png",300,175,true],"medium_large":["https:\/\/apuntesdesanluis.com\/wp-content\/uploads\/2025\/01\/PLAZA-768x448.png",640,373,true],"large":["https:\/\/apuntesdesanluis.com\/wp-content\/uploads\/2025\/01\/PLAZA.png",640,373,false],"1536x1536":["https:\/\/apuntesdesanluis.com\/wp-content\/uploads\/2025\/01\/PLAZA.png",934,545,false],"2048x2048":["https:\/\/apuntesdesanluis.com\/wp-content\/uploads\/2025\/01\/PLAZA.png",934,545,false],"newsever-slider-full":["https:\/\/apuntesdesanluis.com\/wp-content\/uploads\/2025\/01\/PLAZA.png",934,545,false],"newsever-featured":["https:\/\/apuntesdesanluis.com\/wp-content\/uploads\/2025\/01\/PLAZA.png",934,545,false],"newsever-medium":["https:\/\/apuntesdesanluis.com\/wp-content\/uploads\/2025\/01\/PLAZA-720x475.png",720,475,true]},"author_info":{"display_name":"apuntesdesanluis.com","author_link":"https:\/\/apuntesdesanluis.com\/index.php\/author\/apuntesdesanluis-com\/"},"category_info":"<a href=\"https:\/\/apuntesdesanluis.com\/index.php\/category\/ciudad-provincia\/\" rel=\"category tag\">Ciudad\/Provincia<\/a>","tag_info":"Ciudad\/Provincia","comment_count":"0","_links":{"self":[{"href":"https:\/\/apuntesdesanluis.com\/index.php\/wp-json\/wp\/v2\/posts\/28175","targetHints":{"allow":["GET"]}}],"collection":[{"href":"https:\/\/apuntesdesanluis.com\/index.php\/wp-json\/wp\/v2\/posts"}],"about":[{"href":"https:\/\/apuntesdesanluis.com\/index.php\/wp-json\/wp\/v2\/types\/post"}],"author":[{"embeddable":true,"href":"https:\/\/apuntesdesanluis.com\/index.php\/wp-json\/wp\/v2\/users\/1"}],"replies":[{"embeddable":true,"href":"https:\/\/apuntesdesanluis.com\/index.php\/wp-json\/wp\/v2\/comments?post=28175"}],"version-history":[{"count":1,"href":"https:\/\/apuntesdesanluis.com\/index.php\/wp-json\/wp\/v2\/posts\/28175\/revisions"}],"predecessor-version":[{"id":28178,"href":"https:\/\/apuntesdesanluis.com\/index.php\/wp-json\/wp\/v2\/posts\/28175\/revisions\/28178"}],"wp:featuredmedia":[{"embeddable":true,"href":"https:\/\/apuntesdesanluis.com\/index.php\/wp-json\/wp\/v2\/media\/28176"}],"wp:attachment":[{"href":"https:\/\/apuntesdesanluis.com\/index.php\/wp-json\/wp\/v2\/media?parent=28175"}],"wp:term":[{"taxonomy":"category","embeddable":true,"href":"https:\/\/apuntesdesanluis.com\/index.php\/wp-json\/wp\/v2\/categories?post=28175"},{"taxonomy":"post_tag","embeddable":true,"href":"https:\/\/apuntesdesanluis.com\/index.php\/wp-json\/wp\/v2\/tags?post=28175"}],"curies":[{"name":"wp","href":"https:\/\/api.w.org\/{rel}","templated":true}]}}