{"id":28210,"date":"2025-01-26T21:05:16","date_gmt":"2025-01-27T00:05:16","guid":{"rendered":"https:\/\/apuntesdesanluis.com\/?p=28210"},"modified":"2025-01-26T21:05:16","modified_gmt":"2025-01-27T00:05:16","slug":"ante-denuncia-de-maltratos-y-abandono-de-adultos-allanan-dos-geriatricos","status":"publish","type":"post","link":"https:\/\/apuntesdesanluis.com\/index.php\/2025\/01\/26\/ante-denuncia-de-maltratos-y-abandono-de-adultos-allanan-dos-geriatricos\/","title":{"rendered":"ANTE DENUNCIA DE MALTRATOS Y ABANDONO DE ADULTOS, ALLANAN DOS GERI\u00c1TRICOS"},"content":{"rendered":"<h3>En respuesta a <strong>denuncias p\u00fablicas realizadas en redes sociales sobre presuntos maltratos y condiciones insalubres en dos geri\u00e1tricos de la ciudad de San Luis<\/strong>, personal policial, junto con organismos provinciales y municipales, llev\u00f3 a cabo allanamientos e inspecciones en los establecimientos.<\/h3>\n<h3>El primer allanamiento fue un Geri\u00e1trico en calle <strong>Pedernera 565<\/strong>, el s\u00e1bado a las 16:40 horas. En el lugar resid\u00edan 15 adultos mayores (9 mujeres y 6 hombres), quienes fueron examinados por personal de salud. Durante la inspecci\u00f3n, se constat\u00f3: Falta de higiene general en el establecimiento, mercader\u00eda en mal estado en la heladera, que no funcionaba correctamente, decomisada por Bromatolog\u00eda; colchones en mal estado, ropa sucia acumulada y condiciones sanitarias deficientes.<\/h3>\n<p><img fetchpriority=\"high\" decoding=\"async\" class=\"wp-image-28212 aligncenter\" src=\"https:\/\/apuntesdesanluis.com\/wp-content\/uploads\/2025\/01\/ALLANAMIENTO-2-300x245.png\" alt=\"\" width=\"618\" height=\"505\" srcset=\"https:\/\/apuntesdesanluis.com\/wp-content\/uploads\/2025\/01\/ALLANAMIENTO-2-300x245.png 300w, https:\/\/apuntesdesanluis.com\/wp-content\/uploads\/2025\/01\/ALLANAMIENTO-2.png 559w\" sizes=\"(max-width: 618px) 100vw, 618px\" \/><\/p>\n<h3>Las autoridades notificaron a los familiares que disponen de un plazo de 48 horas para reubicar a los adultos mayores, ya que el establecimiento ser\u00e1 clausurado el 27 de enero.<\/h3>\n<h3>El segundo allanamiento ocurri\u00f3 en un Geri\u00e1trico en <strong>Avenida Sarmiento 690<\/strong>, el mismo d\u00eda. All\u00ed resid\u00edan 14 mujeres adultas mayores. En este lugar se encontraron las siguientes irregularidades: Obstrucciones en salidas de emergencia, falta de medidas de seguridad en el patio externo, cercano a una pileta; acumulaci\u00f3n de ropa sucia en ba\u00f1os y deficiencias en la fumigaci\u00f3n y limpieza general.<\/h3>\n<h3>El Ministerio de Salud otorg\u00f3 un plazo de 72 horas para que el establecimiento regularice las condiciones, bajo apercibimiento de cierre definitivo. Se exigi\u00f3 la capacitaci\u00f3n del personal y levant\u00f3 actas sobre las condiciones de seguridad.<\/h3>\n<p><img decoding=\"async\" class=\"wp-image-28213 aligncenter\" src=\"https:\/\/apuntesdesanluis.com\/wp-content\/uploads\/2025\/01\/ALLANAMIENTO-SEGUNDO-300x208.png\" alt=\"\" width=\"625\" height=\"433\" srcset=\"https:\/\/apuntesdesanluis.com\/wp-content\/uploads\/2025\/01\/ALLANAMIENTO-SEGUNDO-300x208.png 300w, https:\/\/apuntesdesanluis.com\/wp-content\/uploads\/2025\/01\/ALLANAMIENTO-SEGUNDO.png 741w\" sizes=\"(max-width: 625px) 100vw, 625px\" \/><\/p>\n<h3><strong>ORIGEN DE LA INVESTIGACI\u00d3N<\/strong><\/h3>\n<h3>La denuncia inicial surgi\u00f3 a partir de publicaciones en Facebook realizadas por una mujer que trabaj\u00f3 brevemente en uno de los geri\u00e1tricos. Seg\u00fan su testimonio, los residentes eran v\u00edctimas de maltratos, recib\u00edan alimentaci\u00f3n deficiente (principalmente fideos y arroz), y viv\u00edan en condiciones de insalubridad, con camas en mal estado y una cocina sucia. Adem\u00e1s, otra denunciante aport\u00f3 pruebas sobre situaciones similares en el segundo geri\u00e1trico.<\/h3>\n<h3><strong>INTERVENCI\u00d3N JUDICIAL<\/strong><\/h3>\n<h3>La investigaci\u00f3n est\u00e1 a cargo del Juzgado de Garant\u00edas N\u00b0 4, a cargo de la Dra. Mar\u00eda Agustina Dopazo Samper, quien caratul\u00f3 el caso como \u201cMedidas Penales: Delito de Abandono de Personas y Lesiones\u201d.<\/h3>\n<h3>En ambos establecimientos, se secuestraron historias cl\u00ednicas, documentaci\u00f3n, tel\u00e9fonos celulares y otros elementos de inter\u00e9s para la investigaci\u00f3n. Las autoridades continuar\u00e1n el seguimiento del caso, priorizando el bienestar de los adultos mayores y evaluando posibles sanciones legales contra los responsables.<\/h3>\n<h3>Este caso expone la urgente necesidad de garantizar condiciones dignas en los establecimientos destinados al cuidado de adultos mayores.<\/h3>\n<p>&nbsp;<\/p>\n<p>&nbsp;<\/p>\n<p>&nbsp;<\/p>\n","protected":false},"excerpt":{"rendered":"<p>En respuesta a denuncias p\u00fablicas realizadas en redes sociales sobre presuntos maltratos y condiciones insalubres&#8230;<\/p>\n","protected":false},"author":1,"featured_media":28211,"comment_status":"closed","ping_status":"closed","sticky":false,"template":"","format":"standard","meta":{"footnotes":""},"categories":[6],"tags":[],"class_list":["post-28210","post","type-post","status-publish","format-standard","has-post-thumbnail","hentry","category-ciudad-provincia"],"yoast_head":"<!-- This site is optimized with the Yoast SEO plugin v26.1.1 - https:\/\/yoast.com\/wordpress\/plugins\/seo\/ -->\n<title>ANTE DENUNCIA DE MALTRATOS Y ABANDONO DE ADULTOS, ALLANAN DOS GERI\u00c1TRICOS - Apuntes de San Luis<\/title>\n<meta name=\"robots\" content=\"index, follow, max-snippet:-1, max-image-preview:large, max-video-preview:-1\" \/>\n<link rel=\"canonical\" href=\"https:\/\/apuntesdesanluis.com\/index.php\/2025\/01\/26\/ante-denuncia-de-maltratos-y-abandono-de-adultos-allanan-dos-geriatricos\/\" \/>\n<meta property=\"og:locale\" content=\"es_ES\" \/>\n<meta property=\"og:type\" content=\"article\" \/>\n<meta property=\"og:title\" content=\"ANTE DENUNCIA DE MALTRATOS Y ABANDONO DE ADULTOS, ALLANAN DOS GERI\u00c1TRICOS - Apuntes de San Luis\" \/>\n<meta property=\"og:description\" content=\"En respuesta a denuncias p\u00fablicas realizadas en redes sociales sobre presuntos maltratos y condiciones insalubres...\" \/>\n<meta property=\"og:url\" content=\"https:\/\/apuntesdesanluis.com\/index.php\/2025\/01\/26\/ante-denuncia-de-maltratos-y-abandono-de-adultos-allanan-dos-geriatricos\/\" \/>\n<meta property=\"og:site_name\" content=\"Apuntes de San Luis\" \/>\n<meta property=\"article:published_time\" content=\"2025-01-27T00:05:16+00:00\" \/>\n<meta property=\"og:image\" content=\"https:\/\/apuntesdesanluis.com\/wp-content\/uploads\/2025\/01\/ALLANAMIENTO-1.png\" \/>\n\t<meta property=\"og:image:width\" content=\"754\" \/>\n\t<meta property=\"og:image:height\" content=\"513\" \/>\n\t<meta property=\"og:image:type\" content=\"image\/png\" \/>\n<meta name=\"author\" content=\"apuntesdesanluis.com\" \/>\n<meta name=\"twitter:card\" content=\"summary_large_image\" \/>\n<meta name=\"twitter:label1\" content=\"Escrito por\" \/>\n\t<meta name=\"twitter:data1\" content=\"apuntesdesanluis.com\" \/>\n\t<meta name=\"twitter:label2\" content=\"Tiempo de lectura\" \/>\n\t<meta name=\"twitter:data2\" content=\"3 minutos\" \/>\n<script type=\"application\/ld+json\" class=\"yoast-schema-graph\">{\"@context\":\"https:\/\/schema.org\",\"@graph\":[{\"@type\":\"Article\",\"@id\":\"https:\/\/apuntesdesanluis.com\/index.php\/2025\/01\/26\/ante-denuncia-de-maltratos-y-abandono-de-adultos-allanan-dos-geriatricos\/#article\",\"isPartOf\":{\"@id\":\"https:\/\/apuntesdesanluis.com\/index.php\/2025\/01\/26\/ante-denuncia-de-maltratos-y-abandono-de-adultos-allanan-dos-geriatricos\/\"},\"author\":{\"name\":\"apuntesdesanluis.com\",\"@id\":\"https:\/\/apuntesdesanluis.com\/#\/schema\/person\/b55151d52296fcce64d1a72538a70b90\"},\"headline\":\"ANTE DENUNCIA DE MALTRATOS Y ABANDONO DE ADULTOS, ALLANAN DOS GERI\u00c1TRICOS\",\"datePublished\":\"2025-01-27T00:05:16+00:00\",\"mainEntityOfPage\":{\"@id\":\"https:\/\/apuntesdesanluis.com\/index.php\/2025\/01\/26\/ante-denuncia-de-maltratos-y-abandono-de-adultos-allanan-dos-geriatricos\/\"},\"wordCount\":441,\"publisher\":{\"@id\":\"https:\/\/apuntesdesanluis.com\/#\/schema\/person\/b55151d52296fcce64d1a72538a70b90\"},\"image\":{\"@id\":\"https:\/\/apuntesdesanluis.com\/index.php\/2025\/01\/26\/ante-denuncia-de-maltratos-y-abandono-de-adultos-allanan-dos-geriatricos\/#primaryimage\"},\"thumbnailUrl\":\"https:\/\/apuntesdesanluis.com\/wp-content\/uploads\/2025\/01\/ALLANAMIENTO-1.png\",\"articleSection\":[\"Ciudad\/Provincia\"],\"inLanguage\":\"es-AR\"},{\"@type\":\"WebPage\",\"@id\":\"https:\/\/apuntesdesanluis.com\/index.php\/2025\/01\/26\/ante-denuncia-de-maltratos-y-abandono-de-adultos-allanan-dos-geriatricos\/\",\"url\":\"https:\/\/apuntesdesanluis.com\/index.php\/2025\/01\/26\/ante-denuncia-de-maltratos-y-abandono-de-adultos-allanan-dos-geriatricos\/\",\"name\":\"ANTE DENUNCIA DE MALTRATOS Y ABANDONO DE ADULTOS, ALLANAN DOS GERI\u00c1TRICOS - Apuntes de San Luis\",\"isPartOf\":{\"@id\":\"https:\/\/apuntesdesanluis.com\/#website\"},\"primaryImageOfPage\":{\"@id\":\"https:\/\/apuntesdesanluis.com\/index.php\/2025\/01\/26\/ante-denuncia-de-maltratos-y-abandono-de-adultos-allanan-dos-geriatricos\/#primaryimage\"},\"image\":{\"@id\":\"https:\/\/apuntesdesanluis.com\/index.php\/2025\/01\/26\/ante-denuncia-de-maltratos-y-abandono-de-adultos-allanan-dos-geriatricos\/#primaryimage\"},\"thumbnailUrl\":\"https:\/\/apuntesdesanluis.com\/wp-content\/uploads\/2025\/01\/ALLANAMIENTO-1.png\",\"datePublished\":\"2025-01-27T00:05:16+00:00\",\"breadcrumb\":{\"@id\":\"https:\/\/apuntesdesanluis.com\/index.php\/2025\/01\/26\/ante-denuncia-de-maltratos-y-abandono-de-adultos-allanan-dos-geriatricos\/#breadcrumb\"},\"inLanguage\":\"es-AR\",\"potentialAction\":[{\"@type\":\"ReadAction\",\"target\":[\"https:\/\/apuntesdesanluis.com\/index.php\/2025\/01\/26\/ante-denuncia-de-maltratos-y-abandono-de-adultos-allanan-dos-geriatricos\/\"]}]},{\"@type\":\"ImageObject\",\"inLanguage\":\"es-AR\",\"@id\":\"https:\/\/apuntesdesanluis.com\/index.php\/2025\/01\/26\/ante-denuncia-de-maltratos-y-abandono-de-adultos-allanan-dos-geriatricos\/#primaryimage\",\"url\":\"https:\/\/apuntesdesanluis.com\/wp-content\/uploads\/2025\/01\/ALLANAMIENTO-1.png\",\"contentUrl\":\"https:\/\/apuntesdesanluis.com\/wp-content\/uploads\/2025\/01\/ALLANAMIENTO-1.png\",\"width\":754,\"height\":513},{\"@type\":\"BreadcrumbList\",\"@id\":\"https:\/\/apuntesdesanluis.com\/index.php\/2025\/01\/26\/ante-denuncia-de-maltratos-y-abandono-de-adultos-allanan-dos-geriatricos\/#breadcrumb\",\"itemListElement\":[{\"@type\":\"ListItem\",\"position\":1,\"name\":\"Inicio\",\"item\":\"https:\/\/apuntesdesanluis.com\/\"},{\"@type\":\"ListItem\",\"position\":2,\"name\":\"ANTE DENUNCIA DE MALTRATOS Y ABANDONO DE ADULTOS, ALLANAN DOS GERI\u00c1TRICOS\"}]},{\"@type\":\"WebSite\",\"@id\":\"https:\/\/apuntesdesanluis.com\/#website\",\"url\":\"https:\/\/apuntesdesanluis.com\/\",\"name\":\"Apuntes de San Luis\",\"description\":\"\",\"publisher\":{\"@id\":\"https:\/\/apuntesdesanluis.com\/#\/schema\/person\/b55151d52296fcce64d1a72538a70b90\"},\"potentialAction\":[{\"@type\":\"SearchAction\",\"target\":{\"@type\":\"EntryPoint\",\"urlTemplate\":\"https:\/\/apuntesdesanluis.com\/?s={search_term_string}\"},\"query-input\":{\"@type\":\"PropertyValueSpecification\",\"valueRequired\":true,\"valueName\":\"search_term_string\"}}],\"inLanguage\":\"es-AR\"},{\"@type\":[\"Person\",\"Organization\"],\"@id\":\"https:\/\/apuntesdesanluis.com\/#\/schema\/person\/b55151d52296fcce64d1a72538a70b90\",\"name\":\"apuntesdesanluis.com\",\"image\":{\"@type\":\"ImageObject\",\"inLanguage\":\"es-AR\",\"@id\":\"https:\/\/apuntesdesanluis.com\/#\/schema\/person\/image\/\",\"url\":\"https:\/\/apuntesdesanluis.com\/wp-content\/uploads\/2023\/07\/cropped-apuntesdesanluis.png\",\"contentUrl\":\"https:\/\/apuntesdesanluis.com\/wp-content\/uploads\/2023\/07\/cropped-apuntesdesanluis.png\",\"width\":450,\"height\":112,\"caption\":\"apuntesdesanluis.com\"},\"logo\":{\"@id\":\"https:\/\/apuntesdesanluis.com\/#\/schema\/person\/image\/\"},\"sameAs\":[\"https:\/\/apuntesdesanluis.com\"],\"url\":\"https:\/\/apuntesdesanluis.com\/index.php\/author\/apuntesdesanluis-com\/\"}]}<\/script>\n<!-- \/ Yoast SEO plugin. -->","yoast_head_json":{"title":"ANTE DENUNCIA DE MALTRATOS Y ABANDONO DE ADULTOS, ALLANAN DOS GERI\u00c1TRICOS - Apuntes de San Luis","robots":{"index":"index","follow":"follow","max-snippet":"max-snippet:-1","max-image-preview":"max-image-preview:large","max-video-preview":"max-video-preview:-1"},"canonical":"https:\/\/apuntesdesanluis.com\/index.php\/2025\/01\/26\/ante-denuncia-de-maltratos-y-abandono-de-adultos-allanan-dos-geriatricos\/","og_locale":"es_ES","og_type":"article","og_title":"ANTE DENUNCIA DE MALTRATOS Y ABANDONO DE ADULTOS, ALLANAN DOS GERI\u00c1TRICOS - Apuntes de San Luis","og_description":"En respuesta a denuncias p\u00fablicas realizadas en redes sociales sobre presuntos maltratos y condiciones insalubres...","og_url":"https:\/\/apuntesdesanluis.com\/index.php\/2025\/01\/26\/ante-denuncia-de-maltratos-y-abandono-de-adultos-allanan-dos-geriatricos\/","og_site_name":"Apuntes de San Luis","article_published_time":"2025-01-27T00:05:16+00:00","og_image":[{"width":754,"height":513,"url":"https:\/\/apuntesdesanluis.com\/wp-content\/uploads\/2025\/01\/ALLANAMIENTO-1.png","type":"image\/png"}],"author":"apuntesdesanluis.com","twitter_card":"summary_large_image","twitter_misc":{"Escrito por":"apuntesdesanluis.com","Tiempo de lectura":"3 minutos"},"schema":{"@context":"https:\/\/schema.org","@graph":[{"@type":"Article","@id":"https:\/\/apuntesdesanluis.com\/index.php\/2025\/01\/26\/ante-denuncia-de-maltratos-y-abandono-de-adultos-allanan-dos-geriatricos\/#article","isPartOf":{"@id":"https:\/\/apuntesdesanluis.com\/index.php\/2025\/01\/26\/ante-denuncia-de-maltratos-y-abandono-de-adultos-allanan-dos-geriatricos\/"},"author":{"name":"apuntesdesanluis.com","@id":"https:\/\/apuntesdesanluis.com\/#\/schema\/person\/b55151d52296fcce64d1a72538a70b90"},"headline":"ANTE DENUNCIA DE MALTRATOS Y ABANDONO DE ADULTOS, ALLANAN DOS GERI\u00c1TRICOS","datePublished":"2025-01-27T00:05:16+00:00","mainEntityOfPage":{"@id":"https:\/\/apuntesdesanluis.com\/index.php\/2025\/01\/26\/ante-denuncia-de-maltratos-y-abandono-de-adultos-allanan-dos-geriatricos\/"},"wordCount":441,"publisher":{"@id":"https:\/\/apuntesdesanluis.com\/#\/schema\/person\/b55151d52296fcce64d1a72538a70b90"},"image":{"@id":"https:\/\/apuntesdesanluis.com\/index.php\/2025\/01\/26\/ante-denuncia-de-maltratos-y-abandono-de-adultos-allanan-dos-geriatricos\/#primaryimage"},"thumbnailUrl":"https:\/\/apuntesdesanluis.com\/wp-content\/uploads\/2025\/01\/ALLANAMIENTO-1.png","articleSection":["Ciudad\/Provincia"],"inLanguage":"es-AR"},{"@type":"WebPage","@id":"https:\/\/apuntesdesanluis.com\/index.php\/2025\/01\/26\/ante-denuncia-de-maltratos-y-abandono-de-adultos-allanan-dos-geriatricos\/","url":"https:\/\/apuntesdesanluis.com\/index.php\/2025\/01\/26\/ante-denuncia-de-maltratos-y-abandono-de-adultos-allanan-dos-geriatricos\/","name":"ANTE DENUNCIA DE MALTRATOS Y ABANDONO DE ADULTOS, ALLANAN DOS GERI\u00c1TRICOS - Apuntes de San Luis","isPartOf":{"@id":"https:\/\/apuntesdesanluis.com\/#website"},"primaryImageOfPage":{"@id":"https:\/\/apuntesdesanluis.com\/index.php\/2025\/01\/26\/ante-denuncia-de-maltratos-y-abandono-de-adultos-allanan-dos-geriatricos\/#primaryimage"},"image":{"@id":"https:\/\/apuntesdesanluis.com\/index.php\/2025\/01\/26\/ante-denuncia-de-maltratos-y-abandono-de-adultos-allanan-dos-geriatricos\/#primaryimage"},"thumbnailUrl":"https:\/\/apuntesdesanluis.com\/wp-content\/uploads\/2025\/01\/ALLANAMIENTO-1.png","datePublished":"2025-01-27T00:05:16+00:00","breadcrumb":{"@id":"https:\/\/apuntesdesanluis.com\/index.php\/2025\/01\/26\/ante-denuncia-de-maltratos-y-abandono-de-adultos-allanan-dos-geriatricos\/#breadcrumb"},"inLanguage":"es-AR","potentialAction":[{"@type":"ReadAction","target":["https:\/\/apuntesdesanluis.com\/index.php\/2025\/01\/26\/ante-denuncia-de-maltratos-y-abandono-de-adultos-allanan-dos-geriatricos\/"]}]},{"@type":"ImageObject","inLanguage":"es-AR","@id":"https:\/\/apuntesdesanluis.com\/index.php\/2025\/01\/26\/ante-denuncia-de-maltratos-y-abandono-de-adultos-allanan-dos-geriatricos\/#primaryimage","url":"https:\/\/apuntesdesanluis.com\/wp-content\/uploads\/2025\/01\/ALLANAMIENTO-1.png","contentUrl":"https:\/\/apuntesdesanluis.com\/wp-content\/uploads\/2025\/01\/ALLANAMIENTO-1.png","width":754,"height":513},{"@type":"BreadcrumbList","@id":"https:\/\/apuntesdesanluis.com\/index.php\/2025\/01\/26\/ante-denuncia-de-maltratos-y-abandono-de-adultos-allanan-dos-geriatricos\/#breadcrumb","itemListElement":[{"@type":"ListItem","position":1,"name":"Inicio","item":"https:\/\/apuntesdesanluis.com\/"},{"@type":"ListItem","position":2,"name":"ANTE DENUNCIA DE MALTRATOS Y ABANDONO DE ADULTOS, ALLANAN DOS GERI\u00c1TRICOS"}]},{"@type":"WebSite","@id":"https:\/\/apuntesdesanluis.com\/#website","url":"https:\/\/apuntesdesanluis.com\/","name":"Apuntes de San Luis","description":"","publisher":{"@id":"https:\/\/apuntesdesanluis.com\/#\/schema\/person\/b55151d52296fcce64d1a72538a70b90"},"potentialAction":[{"@type":"SearchAction","target":{"@type":"EntryPoint","urlTemplate":"https:\/\/apuntesdesanluis.com\/?s={search_term_string}"},"query-input":{"@type":"PropertyValueSpecification","valueRequired":true,"valueName":"search_term_string"}}],"inLanguage":"es-AR"},{"@type":["Person","Organization"],"@id":"https:\/\/apuntesdesanluis.com\/#\/schema\/person\/b55151d52296fcce64d1a72538a70b90","name":"apuntesdesanluis.com","image":{"@type":"ImageObject","inLanguage":"es-AR","@id":"https:\/\/apuntesdesanluis.com\/#\/schema\/person\/image\/","url":"https:\/\/apuntesdesanluis.com\/wp-content\/uploads\/2023\/07\/cropped-apuntesdesanluis.png","contentUrl":"https:\/\/apuntesdesanluis.com\/wp-content\/uploads\/2023\/07\/cropped-apuntesdesanluis.png","width":450,"height":112,"caption":"apuntesdesanluis.com"},"logo":{"@id":"https:\/\/apuntesdesanluis.com\/#\/schema\/person\/image\/"},"sameAs":["https:\/\/apuntesdesanluis.com"],"url":"https:\/\/apuntesdesanluis.com\/index.php\/author\/apuntesdesanluis-com\/"}]}},"featured_image_urls":{"full":["https:\/\/apuntesdesanluis.com\/wp-content\/uploads\/2025\/01\/ALLANAMIENTO-1.png",754,513,false],"thumbnail":["https:\/\/apuntesdesanluis.com\/wp-content\/uploads\/2025\/01\/ALLANAMIENTO-1-150x150.png",150,150,true],"medium":["https:\/\/apuntesdesanluis.com\/wp-content\/uploads\/2025\/01\/ALLANAMIENTO-1-300x204.png",300,204,true],"medium_large":["https:\/\/apuntesdesanluis.com\/wp-content\/uploads\/2025\/01\/ALLANAMIENTO-1.png",640,435,false],"large":["https:\/\/apuntesdesanluis.com\/wp-content\/uploads\/2025\/01\/ALLANAMIENTO-1.png",640,435,false],"1536x1536":["https:\/\/apuntesdesanluis.com\/wp-content\/uploads\/2025\/01\/ALLANAMIENTO-1.png",754,513,false],"2048x2048":["https:\/\/apuntesdesanluis.com\/wp-content\/uploads\/2025\/01\/ALLANAMIENTO-1.png",754,513,false],"newsever-slider-full":["https:\/\/apuntesdesanluis.com\/wp-content\/uploads\/2025\/01\/ALLANAMIENTO-1.png",754,513,false],"newsever-featured":["https:\/\/apuntesdesanluis.com\/wp-content\/uploads\/2025\/01\/ALLANAMIENTO-1.png",754,513,false],"newsever-medium":["https:\/\/apuntesdesanluis.com\/wp-content\/uploads\/2025\/01\/ALLANAMIENTO-1-720x475.png",720,475,true]},"author_info":{"display_name":"apuntesdesanluis.com","author_link":"https:\/\/apuntesdesanluis.com\/index.php\/author\/apuntesdesanluis-com\/"},"category_info":"<a href=\"https:\/\/apuntesdesanluis.com\/index.php\/category\/ciudad-provincia\/\" rel=\"category tag\">Ciudad\/Provincia<\/a>","tag_info":"Ciudad\/Provincia","comment_count":"0","_links":{"self":[{"href":"https:\/\/apuntesdesanluis.com\/index.php\/wp-json\/wp\/v2\/posts\/28210","targetHints":{"allow":["GET"]}}],"collection":[{"href":"https:\/\/apuntesdesanluis.com\/index.php\/wp-json\/wp\/v2\/posts"}],"about":[{"href":"https:\/\/apuntesdesanluis.com\/index.php\/wp-json\/wp\/v2\/types\/post"}],"author":[{"embeddable":true,"href":"https:\/\/apuntesdesanluis.com\/index.php\/wp-json\/wp\/v2\/users\/1"}],"replies":[{"embeddable":true,"href":"https:\/\/apuntesdesanluis.com\/index.php\/wp-json\/wp\/v2\/comments?post=28210"}],"version-history":[{"count":1,"href":"https:\/\/apuntesdesanluis.com\/index.php\/wp-json\/wp\/v2\/posts\/28210\/revisions"}],"predecessor-version":[{"id":28214,"href":"https:\/\/apuntesdesanluis.com\/index.php\/wp-json\/wp\/v2\/posts\/28210\/revisions\/28214"}],"wp:featuredmedia":[{"embeddable":true,"href":"https:\/\/apuntesdesanluis.com\/index.php\/wp-json\/wp\/v2\/media\/28211"}],"wp:attachment":[{"href":"https:\/\/apuntesdesanluis.com\/index.php\/wp-json\/wp\/v2\/media?parent=28210"}],"wp:term":[{"taxonomy":"category","embeddable":true,"href":"https:\/\/apuntesdesanluis.com\/index.php\/wp-json\/wp\/v2\/categories?post=28210"},{"taxonomy":"post_tag","embeddable":true,"href":"https:\/\/apuntesdesanluis.com\/index.php\/wp-json\/wp\/v2\/tags?post=28210"}],"curies":[{"name":"wp","href":"https:\/\/api.w.org\/{rel}","templated":true}]}}