{"id":28215,"date":"2025-01-26T21:22:27","date_gmt":"2025-01-27T00:22:27","guid":{"rendered":"https:\/\/apuntesdesanluis.com\/?p=28215"},"modified":"2025-01-26T21:22:27","modified_gmt":"2025-01-27T00:22:27","slug":"en-san-luis-encuentran-el-cuerpo-de-un-subcomisario-que-se-habria-quitado-la-vida","status":"publish","type":"post","link":"https:\/\/apuntesdesanluis.com\/index.php\/2025\/01\/26\/en-san-luis-encuentran-el-cuerpo-de-un-subcomisario-que-se-habria-quitado-la-vida\/","title":{"rendered":"EN SAN LUIS, ENCUENTRAN EL CUERPO DE UN SUBCOMISARIO QUE SE HABR\u00cdA QUITADO LA VIDA"},"content":{"rendered":"<h3>Se trata del subcomisario <strong>Julio Alcaraz<\/strong> de la Polic\u00eda de San Luis, que fue encontrado sin vida en su domicilio del <strong>Barrio 134 Viviendas<\/strong>, en la madrugada de este domingo.<\/h3>\n<h3>Seg\u00fan los primeros reportes, el hombre se habr\u00eda quitado la vida con un arma de fuego.<\/h3>\n<h3>Vecinos hab\u00edan alertado a la polic\u00eda tras escuchar un disparo proveniente de la vivienda del efectivo. Al llegar al lugar, los efectivos encontraron al hombre sin signos vitales.<\/h3>\n<h3>En su estado de WhatsApp, el subcomisario hab\u00eda dejado un mensaje que dec\u00eda: \u00abPOR FIN A DESCANSAR. NO MOLESTAR. QUE SOLO DIOS SEA QUIEN ME DESPIERTE, GRACIAS A TODOS\u00bb.<\/h3>\n<h3>Las autoridades investigan\u00a0 las circunstancias del tr\u00e1gico suceso.<\/h3>\n<h3>El hombre viv\u00eda solo en su vivienda y trascendi\u00f3 que hab\u00eda tramitado su retiro de la fuerza para marzo, despu\u00e9s de 37 a\u00f1os de servicio.<\/h3>\n<p><img fetchpriority=\"high\" decoding=\"async\" class=\"wp-image-28217 aligncenter\" src=\"https:\/\/apuntesdesanluis.com\/wp-content\/uploads\/2025\/01\/com-unicado-policia-300x270.png\" alt=\"\" width=\"608\" height=\"547\" srcset=\"https:\/\/apuntesdesanluis.com\/wp-content\/uploads\/2025\/01\/com-unicado-policia-300x270.png 300w, https:\/\/apuntesdesanluis.com\/wp-content\/uploads\/2025\/01\/com-unicado-policia-768x691.png 768w, https:\/\/apuntesdesanluis.com\/wp-content\/uploads\/2025\/01\/com-unicado-policia.png 917w\" sizes=\"(max-width: 608px) 100vw, 608px\" \/><\/p>\n<p>&nbsp;<\/p>\n<p><img decoding=\"async\" class=\"wp-image-28218 aligncenter\" src=\"https:\/\/apuntesdesanluis.com\/wp-content\/uploads\/2025\/01\/COMUNICADO-DE-LA-POLICIA-300x261.png\" alt=\"\" width=\"629\" height=\"547\" srcset=\"https:\/\/apuntesdesanluis.com\/wp-content\/uploads\/2025\/01\/COMUNICADO-DE-LA-POLICIA-300x261.png 300w, https:\/\/apuntesdesanluis.com\/wp-content\/uploads\/2025\/01\/COMUNICADO-DE-LA-POLICIA-768x669.png 768w, https:\/\/apuntesdesanluis.com\/wp-content\/uploads\/2025\/01\/COMUNICADO-DE-LA-POLICIA.png 826w\" sizes=\"(max-width: 629px) 100vw, 629px\" \/><\/p>\n<p>&nbsp;<\/p>\n<p>&nbsp;<\/p>\n<p>&nbsp;<\/p>\n<p>&nbsp;<\/p>\n<p>&nbsp;<\/p>\n<p>&nbsp;<\/p>\n","protected":false},"excerpt":{"rendered":"<p>Se trata del subcomisario Julio Alcaraz de la Polic\u00eda de San Luis, que fue encontrado&#8230;<\/p>\n","protected":false},"author":1,"featured_media":28216,"comment_status":"closed","ping_status":"closed","sticky":false,"template":"","format":"standard","meta":{"footnotes":""},"categories":[6],"tags":[],"class_list":["post-28215","post","type-post","status-publish","format-standard","has-post-thumbnail","hentry","category-ciudad-provincia"],"yoast_head":"<!-- This site is optimized with the Yoast SEO plugin v26.1.1 - https:\/\/yoast.com\/wordpress\/plugins\/seo\/ -->\n<title>EN SAN LUIS, ENCUENTRAN EL CUERPO DE UN SUBCOMISARIO QUE SE HABR\u00cdA QUITADO LA VIDA - Apuntes de San Luis<\/title>\n<meta name=\"robots\" content=\"index, follow, max-snippet:-1, max-image-preview:large, max-video-preview:-1\" \/>\n<link rel=\"canonical\" href=\"https:\/\/apuntesdesanluis.com\/index.php\/2025\/01\/26\/en-san-luis-encuentran-el-cuerpo-de-un-subcomisario-que-se-habria-quitado-la-vida\/\" \/>\n<meta property=\"og:locale\" content=\"es_ES\" \/>\n<meta property=\"og:type\" content=\"article\" \/>\n<meta property=\"og:title\" content=\"EN SAN LUIS, ENCUENTRAN EL CUERPO DE UN SUBCOMISARIO QUE SE HABR\u00cdA QUITADO LA VIDA - Apuntes de San Luis\" \/>\n<meta property=\"og:description\" content=\"Se trata del subcomisario Julio Alcaraz de la Polic\u00eda de San Luis, que fue encontrado...\" \/>\n<meta property=\"og:url\" content=\"https:\/\/apuntesdesanluis.com\/index.php\/2025\/01\/26\/en-san-luis-encuentran-el-cuerpo-de-un-subcomisario-que-se-habria-quitado-la-vida\/\" \/>\n<meta property=\"og:site_name\" content=\"Apuntes de San Luis\" \/>\n<meta property=\"article:published_time\" content=\"2025-01-27T00:22:27+00:00\" \/>\n<meta property=\"og:image\" content=\"https:\/\/apuntesdesanluis.com\/wp-content\/uploads\/2025\/01\/julio-alcaraz.png\" \/>\n\t<meta property=\"og:image:width\" content=\"672\" \/>\n\t<meta property=\"og:image:height\" content=\"466\" \/>\n\t<meta property=\"og:image:type\" content=\"image\/png\" \/>\n<meta name=\"author\" content=\"apuntesdesanluis.com\" \/>\n<meta name=\"twitter:card\" content=\"summary_large_image\" \/>\n<meta name=\"twitter:label1\" content=\"Escrito por\" \/>\n\t<meta name=\"twitter:data1\" content=\"apuntesdesanluis.com\" \/>\n\t<meta name=\"twitter:label2\" content=\"Tiempo de lectura\" \/>\n\t<meta name=\"twitter:data2\" content=\"2 minutos\" \/>\n<script type=\"application\/ld+json\" class=\"yoast-schema-graph\">{\"@context\":\"https:\/\/schema.org\",\"@graph\":[{\"@type\":\"Article\",\"@id\":\"https:\/\/apuntesdesanluis.com\/index.php\/2025\/01\/26\/en-san-luis-encuentran-el-cuerpo-de-un-subcomisario-que-se-habria-quitado-la-vida\/#article\",\"isPartOf\":{\"@id\":\"https:\/\/apuntesdesanluis.com\/index.php\/2025\/01\/26\/en-san-luis-encuentran-el-cuerpo-de-un-subcomisario-que-se-habria-quitado-la-vida\/\"},\"author\":{\"name\":\"apuntesdesanluis.com\",\"@id\":\"https:\/\/apuntesdesanluis.com\/#\/schema\/person\/b55151d52296fcce64d1a72538a70b90\"},\"headline\":\"EN SAN LUIS, ENCUENTRAN EL CUERPO DE UN SUBCOMISARIO QUE SE HABR\u00cdA QUITADO LA VIDA\",\"datePublished\":\"2025-01-27T00:22:27+00:00\",\"mainEntityOfPage\":{\"@id\":\"https:\/\/apuntesdesanluis.com\/index.php\/2025\/01\/26\/en-san-luis-encuentran-el-cuerpo-de-un-subcomisario-que-se-habria-quitado-la-vida\/\"},\"wordCount\":169,\"publisher\":{\"@id\":\"https:\/\/apuntesdesanluis.com\/#\/schema\/person\/b55151d52296fcce64d1a72538a70b90\"},\"image\":{\"@id\":\"https:\/\/apuntesdesanluis.com\/index.php\/2025\/01\/26\/en-san-luis-encuentran-el-cuerpo-de-un-subcomisario-que-se-habria-quitado-la-vida\/#primaryimage\"},\"thumbnailUrl\":\"https:\/\/apuntesdesanluis.com\/wp-content\/uploads\/2025\/01\/julio-alcaraz.png\",\"articleSection\":[\"Ciudad\/Provincia\"],\"inLanguage\":\"es-AR\"},{\"@type\":\"WebPage\",\"@id\":\"https:\/\/apuntesdesanluis.com\/index.php\/2025\/01\/26\/en-san-luis-encuentran-el-cuerpo-de-un-subcomisario-que-se-habria-quitado-la-vida\/\",\"url\":\"https:\/\/apuntesdesanluis.com\/index.php\/2025\/01\/26\/en-san-luis-encuentran-el-cuerpo-de-un-subcomisario-que-se-habria-quitado-la-vida\/\",\"name\":\"EN SAN LUIS, ENCUENTRAN EL CUERPO DE UN SUBCOMISARIO QUE SE HABR\u00cdA QUITADO LA VIDA - Apuntes de San Luis\",\"isPartOf\":{\"@id\":\"https:\/\/apuntesdesanluis.com\/#website\"},\"primaryImageOfPage\":{\"@id\":\"https:\/\/apuntesdesanluis.com\/index.php\/2025\/01\/26\/en-san-luis-encuentran-el-cuerpo-de-un-subcomisario-que-se-habria-quitado-la-vida\/#primaryimage\"},\"image\":{\"@id\":\"https:\/\/apuntesdesanluis.com\/index.php\/2025\/01\/26\/en-san-luis-encuentran-el-cuerpo-de-un-subcomisario-que-se-habria-quitado-la-vida\/#primaryimage\"},\"thumbnailUrl\":\"https:\/\/apuntesdesanluis.com\/wp-content\/uploads\/2025\/01\/julio-alcaraz.png\",\"datePublished\":\"2025-01-27T00:22:27+00:00\",\"breadcrumb\":{\"@id\":\"https:\/\/apuntesdesanluis.com\/index.php\/2025\/01\/26\/en-san-luis-encuentran-el-cuerpo-de-un-subcomisario-que-se-habria-quitado-la-vida\/#breadcrumb\"},\"inLanguage\":\"es-AR\",\"potentialAction\":[{\"@type\":\"ReadAction\",\"target\":[\"https:\/\/apuntesdesanluis.com\/index.php\/2025\/01\/26\/en-san-luis-encuentran-el-cuerpo-de-un-subcomisario-que-se-habria-quitado-la-vida\/\"]}]},{\"@type\":\"ImageObject\",\"inLanguage\":\"es-AR\",\"@id\":\"https:\/\/apuntesdesanluis.com\/index.php\/2025\/01\/26\/en-san-luis-encuentran-el-cuerpo-de-un-subcomisario-que-se-habria-quitado-la-vida\/#primaryimage\",\"url\":\"https:\/\/apuntesdesanluis.com\/wp-content\/uploads\/2025\/01\/julio-alcaraz.png\",\"contentUrl\":\"https:\/\/apuntesdesanluis.com\/wp-content\/uploads\/2025\/01\/julio-alcaraz.png\",\"width\":672,\"height\":466},{\"@type\":\"BreadcrumbList\",\"@id\":\"https:\/\/apuntesdesanluis.com\/index.php\/2025\/01\/26\/en-san-luis-encuentran-el-cuerpo-de-un-subcomisario-que-se-habria-quitado-la-vida\/#breadcrumb\",\"itemListElement\":[{\"@type\":\"ListItem\",\"position\":1,\"name\":\"Inicio\",\"item\":\"https:\/\/apuntesdesanluis.com\/\"},{\"@type\":\"ListItem\",\"position\":2,\"name\":\"EN SAN LUIS, ENCUENTRAN EL CUERPO DE UN SUBCOMISARIO QUE SE HABR\u00cdA QUITADO LA VIDA\"}]},{\"@type\":\"WebSite\",\"@id\":\"https:\/\/apuntesdesanluis.com\/#website\",\"url\":\"https:\/\/apuntesdesanluis.com\/\",\"name\":\"Apuntes de San Luis\",\"description\":\"\",\"publisher\":{\"@id\":\"https:\/\/apuntesdesanluis.com\/#\/schema\/person\/b55151d52296fcce64d1a72538a70b90\"},\"potentialAction\":[{\"@type\":\"SearchAction\",\"target\":{\"@type\":\"EntryPoint\",\"urlTemplate\":\"https:\/\/apuntesdesanluis.com\/?s={search_term_string}\"},\"query-input\":{\"@type\":\"PropertyValueSpecification\",\"valueRequired\":true,\"valueName\":\"search_term_string\"}}],\"inLanguage\":\"es-AR\"},{\"@type\":[\"Person\",\"Organization\"],\"@id\":\"https:\/\/apuntesdesanluis.com\/#\/schema\/person\/b55151d52296fcce64d1a72538a70b90\",\"name\":\"apuntesdesanluis.com\",\"image\":{\"@type\":\"ImageObject\",\"inLanguage\":\"es-AR\",\"@id\":\"https:\/\/apuntesdesanluis.com\/#\/schema\/person\/image\/\",\"url\":\"https:\/\/apuntesdesanluis.com\/wp-content\/uploads\/2023\/07\/cropped-apuntesdesanluis.png\",\"contentUrl\":\"https:\/\/apuntesdesanluis.com\/wp-content\/uploads\/2023\/07\/cropped-apuntesdesanluis.png\",\"width\":450,\"height\":112,\"caption\":\"apuntesdesanluis.com\"},\"logo\":{\"@id\":\"https:\/\/apuntesdesanluis.com\/#\/schema\/person\/image\/\"},\"sameAs\":[\"https:\/\/apuntesdesanluis.com\"],\"url\":\"https:\/\/apuntesdesanluis.com\/index.php\/author\/apuntesdesanluis-com\/\"}]}<\/script>\n<!-- \/ Yoast SEO plugin. -->","yoast_head_json":{"title":"EN SAN LUIS, ENCUENTRAN EL CUERPO DE UN SUBCOMISARIO QUE SE HABR\u00cdA QUITADO LA VIDA - Apuntes de San Luis","robots":{"index":"index","follow":"follow","max-snippet":"max-snippet:-1","max-image-preview":"max-image-preview:large","max-video-preview":"max-video-preview:-1"},"canonical":"https:\/\/apuntesdesanluis.com\/index.php\/2025\/01\/26\/en-san-luis-encuentran-el-cuerpo-de-un-subcomisario-que-se-habria-quitado-la-vida\/","og_locale":"es_ES","og_type":"article","og_title":"EN SAN LUIS, ENCUENTRAN EL CUERPO DE UN SUBCOMISARIO QUE SE HABR\u00cdA QUITADO LA VIDA - Apuntes de San Luis","og_description":"Se trata del subcomisario Julio Alcaraz de la Polic\u00eda de San Luis, que fue encontrado...","og_url":"https:\/\/apuntesdesanluis.com\/index.php\/2025\/01\/26\/en-san-luis-encuentran-el-cuerpo-de-un-subcomisario-que-se-habria-quitado-la-vida\/","og_site_name":"Apuntes de San Luis","article_published_time":"2025-01-27T00:22:27+00:00","og_image":[{"width":672,"height":466,"url":"https:\/\/apuntesdesanluis.com\/wp-content\/uploads\/2025\/01\/julio-alcaraz.png","type":"image\/png"}],"author":"apuntesdesanluis.com","twitter_card":"summary_large_image","twitter_misc":{"Escrito por":"apuntesdesanluis.com","Tiempo de lectura":"2 minutos"},"schema":{"@context":"https:\/\/schema.org","@graph":[{"@type":"Article","@id":"https:\/\/apuntesdesanluis.com\/index.php\/2025\/01\/26\/en-san-luis-encuentran-el-cuerpo-de-un-subcomisario-que-se-habria-quitado-la-vida\/#article","isPartOf":{"@id":"https:\/\/apuntesdesanluis.com\/index.php\/2025\/01\/26\/en-san-luis-encuentran-el-cuerpo-de-un-subcomisario-que-se-habria-quitado-la-vida\/"},"author":{"name":"apuntesdesanluis.com","@id":"https:\/\/apuntesdesanluis.com\/#\/schema\/person\/b55151d52296fcce64d1a72538a70b90"},"headline":"EN SAN LUIS, ENCUENTRAN EL CUERPO DE UN SUBCOMISARIO QUE SE HABR\u00cdA QUITADO LA VIDA","datePublished":"2025-01-27T00:22:27+00:00","mainEntityOfPage":{"@id":"https:\/\/apuntesdesanluis.com\/index.php\/2025\/01\/26\/en-san-luis-encuentran-el-cuerpo-de-un-subcomisario-que-se-habria-quitado-la-vida\/"},"wordCount":169,"publisher":{"@id":"https:\/\/apuntesdesanluis.com\/#\/schema\/person\/b55151d52296fcce64d1a72538a70b90"},"image":{"@id":"https:\/\/apuntesdesanluis.com\/index.php\/2025\/01\/26\/en-san-luis-encuentran-el-cuerpo-de-un-subcomisario-que-se-habria-quitado-la-vida\/#primaryimage"},"thumbnailUrl":"https:\/\/apuntesdesanluis.com\/wp-content\/uploads\/2025\/01\/julio-alcaraz.png","articleSection":["Ciudad\/Provincia"],"inLanguage":"es-AR"},{"@type":"WebPage","@id":"https:\/\/apuntesdesanluis.com\/index.php\/2025\/01\/26\/en-san-luis-encuentran-el-cuerpo-de-un-subcomisario-que-se-habria-quitado-la-vida\/","url":"https:\/\/apuntesdesanluis.com\/index.php\/2025\/01\/26\/en-san-luis-encuentran-el-cuerpo-de-un-subcomisario-que-se-habria-quitado-la-vida\/","name":"EN SAN LUIS, ENCUENTRAN EL CUERPO DE UN SUBCOMISARIO QUE SE HABR\u00cdA QUITADO LA VIDA - Apuntes de San Luis","isPartOf":{"@id":"https:\/\/apuntesdesanluis.com\/#website"},"primaryImageOfPage":{"@id":"https:\/\/apuntesdesanluis.com\/index.php\/2025\/01\/26\/en-san-luis-encuentran-el-cuerpo-de-un-subcomisario-que-se-habria-quitado-la-vida\/#primaryimage"},"image":{"@id":"https:\/\/apuntesdesanluis.com\/index.php\/2025\/01\/26\/en-san-luis-encuentran-el-cuerpo-de-un-subcomisario-que-se-habria-quitado-la-vida\/#primaryimage"},"thumbnailUrl":"https:\/\/apuntesdesanluis.com\/wp-content\/uploads\/2025\/01\/julio-alcaraz.png","datePublished":"2025-01-27T00:22:27+00:00","breadcrumb":{"@id":"https:\/\/apuntesdesanluis.com\/index.php\/2025\/01\/26\/en-san-luis-encuentran-el-cuerpo-de-un-subcomisario-que-se-habria-quitado-la-vida\/#breadcrumb"},"inLanguage":"es-AR","potentialAction":[{"@type":"ReadAction","target":["https:\/\/apuntesdesanluis.com\/index.php\/2025\/01\/26\/en-san-luis-encuentran-el-cuerpo-de-un-subcomisario-que-se-habria-quitado-la-vida\/"]}]},{"@type":"ImageObject","inLanguage":"es-AR","@id":"https:\/\/apuntesdesanluis.com\/index.php\/2025\/01\/26\/en-san-luis-encuentran-el-cuerpo-de-un-subcomisario-que-se-habria-quitado-la-vida\/#primaryimage","url":"https:\/\/apuntesdesanluis.com\/wp-content\/uploads\/2025\/01\/julio-alcaraz.png","contentUrl":"https:\/\/apuntesdesanluis.com\/wp-content\/uploads\/2025\/01\/julio-alcaraz.png","width":672,"height":466},{"@type":"BreadcrumbList","@id":"https:\/\/apuntesdesanluis.com\/index.php\/2025\/01\/26\/en-san-luis-encuentran-el-cuerpo-de-un-subcomisario-que-se-habria-quitado-la-vida\/#breadcrumb","itemListElement":[{"@type":"ListItem","position":1,"name":"Inicio","item":"https:\/\/apuntesdesanluis.com\/"},{"@type":"ListItem","position":2,"name":"EN SAN LUIS, ENCUENTRAN EL CUERPO DE UN SUBCOMISARIO QUE SE HABR\u00cdA QUITADO LA VIDA"}]},{"@type":"WebSite","@id":"https:\/\/apuntesdesanluis.com\/#website","url":"https:\/\/apuntesdesanluis.com\/","name":"Apuntes de San Luis","description":"","publisher":{"@id":"https:\/\/apuntesdesanluis.com\/#\/schema\/person\/b55151d52296fcce64d1a72538a70b90"},"potentialAction":[{"@type":"SearchAction","target":{"@type":"EntryPoint","urlTemplate":"https:\/\/apuntesdesanluis.com\/?s={search_term_string}"},"query-input":{"@type":"PropertyValueSpecification","valueRequired":true,"valueName":"search_term_string"}}],"inLanguage":"es-AR"},{"@type":["Person","Organization"],"@id":"https:\/\/apuntesdesanluis.com\/#\/schema\/person\/b55151d52296fcce64d1a72538a70b90","name":"apuntesdesanluis.com","image":{"@type":"ImageObject","inLanguage":"es-AR","@id":"https:\/\/apuntesdesanluis.com\/#\/schema\/person\/image\/","url":"https:\/\/apuntesdesanluis.com\/wp-content\/uploads\/2023\/07\/cropped-apuntesdesanluis.png","contentUrl":"https:\/\/apuntesdesanluis.com\/wp-content\/uploads\/2023\/07\/cropped-apuntesdesanluis.png","width":450,"height":112,"caption":"apuntesdesanluis.com"},"logo":{"@id":"https:\/\/apuntesdesanluis.com\/#\/schema\/person\/image\/"},"sameAs":["https:\/\/apuntesdesanluis.com"],"url":"https:\/\/apuntesdesanluis.com\/index.php\/author\/apuntesdesanluis-com\/"}]}},"featured_image_urls":{"full":["https:\/\/apuntesdesanluis.com\/wp-content\/uploads\/2025\/01\/julio-alcaraz.png",672,466,false],"thumbnail":["https:\/\/apuntesdesanluis.com\/wp-content\/uploads\/2025\/01\/julio-alcaraz-150x150.png",150,150,true],"medium":["https:\/\/apuntesdesanluis.com\/wp-content\/uploads\/2025\/01\/julio-alcaraz-300x208.png",300,208,true],"medium_large":["https:\/\/apuntesdesanluis.com\/wp-content\/uploads\/2025\/01\/julio-alcaraz.png",640,444,false],"large":["https:\/\/apuntesdesanluis.com\/wp-content\/uploads\/2025\/01\/julio-alcaraz.png",640,444,false],"1536x1536":["https:\/\/apuntesdesanluis.com\/wp-content\/uploads\/2025\/01\/julio-alcaraz.png",672,466,false],"2048x2048":["https:\/\/apuntesdesanluis.com\/wp-content\/uploads\/2025\/01\/julio-alcaraz.png",672,466,false],"newsever-slider-full":["https:\/\/apuntesdesanluis.com\/wp-content\/uploads\/2025\/01\/julio-alcaraz.png",672,466,false],"newsever-featured":["https:\/\/apuntesdesanluis.com\/wp-content\/uploads\/2025\/01\/julio-alcaraz.png",672,466,false],"newsever-medium":["https:\/\/apuntesdesanluis.com\/wp-content\/uploads\/2025\/01\/julio-alcaraz.png",672,466,false]},"author_info":{"display_name":"apuntesdesanluis.com","author_link":"https:\/\/apuntesdesanluis.com\/index.php\/author\/apuntesdesanluis-com\/"},"category_info":"<a href=\"https:\/\/apuntesdesanluis.com\/index.php\/category\/ciudad-provincia\/\" rel=\"category tag\">Ciudad\/Provincia<\/a>","tag_info":"Ciudad\/Provincia","comment_count":"0","_links":{"self":[{"href":"https:\/\/apuntesdesanluis.com\/index.php\/wp-json\/wp\/v2\/posts\/28215","targetHints":{"allow":["GET"]}}],"collection":[{"href":"https:\/\/apuntesdesanluis.com\/index.php\/wp-json\/wp\/v2\/posts"}],"about":[{"href":"https:\/\/apuntesdesanluis.com\/index.php\/wp-json\/wp\/v2\/types\/post"}],"author":[{"embeddable":true,"href":"https:\/\/apuntesdesanluis.com\/index.php\/wp-json\/wp\/v2\/users\/1"}],"replies":[{"embeddable":true,"href":"https:\/\/apuntesdesanluis.com\/index.php\/wp-json\/wp\/v2\/comments?post=28215"}],"version-history":[{"count":1,"href":"https:\/\/apuntesdesanluis.com\/index.php\/wp-json\/wp\/v2\/posts\/28215\/revisions"}],"predecessor-version":[{"id":28219,"href":"https:\/\/apuntesdesanluis.com\/index.php\/wp-json\/wp\/v2\/posts\/28215\/revisions\/28219"}],"wp:featuredmedia":[{"embeddable":true,"href":"https:\/\/apuntesdesanluis.com\/index.php\/wp-json\/wp\/v2\/media\/28216"}],"wp:attachment":[{"href":"https:\/\/apuntesdesanluis.com\/index.php\/wp-json\/wp\/v2\/media?parent=28215"}],"wp:term":[{"taxonomy":"category","embeddable":true,"href":"https:\/\/apuntesdesanluis.com\/index.php\/wp-json\/wp\/v2\/categories?post=28215"},{"taxonomy":"post_tag","embeddable":true,"href":"https:\/\/apuntesdesanluis.com\/index.php\/wp-json\/wp\/v2\/tags?post=28215"}],"curies":[{"name":"wp","href":"https:\/\/api.w.org\/{rel}","templated":true}]}}