{"id":28224,"date":"2025-01-26T21:42:45","date_gmt":"2025-01-27T00:42:45","guid":{"rendered":"https:\/\/apuntesdesanluis.com\/?p=28224"},"modified":"2025-01-26T21:42:45","modified_gmt":"2025-01-27T00:42:45","slug":"milei-despues-de-las-criticas-por-su-discurso-en-davos-no-se-pongan-en-nuestro-camino","status":"publish","type":"post","link":"https:\/\/apuntesdesanluis.com\/index.php\/2025\/01\/26\/milei-despues-de-las-criticas-por-su-discurso-en-davos-no-se-pongan-en-nuestro-camino\/","title":{"rendered":"MILEI DESPU\u00c9S DE LAS CR\u00cdTICAS POR SU DISCURSO EN DAVOS: \u201cNO SE PONGAN EN NUESTRO CAMINO\u201d"},"content":{"rendered":"<h3>El presidente de la Naci\u00f3n, <strong>Javier Milei<\/strong>, se refiri\u00f3 a las cr\u00edticas que recibi\u00f3 por parte de la oposici\u00f3n, grupos feministas, de derechos humanos y el colectivo LGTBIQ+: \u201cNo se pongan en nuestro camino\u201d, advirti\u00f3.<\/h3>\n<h3>Desde su cuenta personal de X, sostuvo que el texto que ley\u00f3 en el foro internacional fue para hablar \u201cen la cara de las elites globales\u201d sobre la ideolog\u00eda de g\u00e9nero que \u201cnos est\u00e1 condenando al fracaso\u201d. \u201cNo nos conmueven sus actos de falsa indignaci\u00f3n\u201d, a\u00f1adi\u00f3.<\/h3>\n<h3>\u201cPlanteamos que escudados en buenas intenciones y discursos bien pensantes, pretenden imponer una agenda cuya \u00fanica consecuencia es la expansi\u00f3n infinita del Estado; y en consecuencia, la muerte de la libertad\u201d, expres\u00f3 el mandatario.<\/h3>\n<h3>En la misma l\u00ednea,\u00a0 indic\u00f3 que \u201ccomo no tienen argumentos\u201d para fundamentar sus ideas, hacen uso de \u201cla estigmatizaci\u00f3n, la categorizaci\u00f3n y las falacias\u201d con el fin de \u201cdesprestigiar\u201d a aquellos que \u201ctienen el coraje\u201d de cuestionarlos.<\/h3>\n<h3>Adem\u00e1s, remarc\u00f3 que \u201cel respeto irrestricto al proyecto de vida del pr\u00f3jimo\u201d es parte del \u201cADN\u201d liberal libertario que llevan como estandarte desde La Libertad Avanza (LLA) y que \u201cno van a tolerar nunca\u201d a quienes pretenden \u201cimponer desde el Estado un trato desigual frente a la ley\u201d, para obtener \u201cprivilegios\u201d y seguir permitiendo \u201cque los pol\u00edticos ladrones roben\u201d.<\/h3>\n<p><img fetchpriority=\"high\" decoding=\"async\" class=\"wp-image-28225 aligncenter\" src=\"https:\/\/apuntesdesanluis.com\/wp-content\/uploads\/2025\/01\/MIELI-3-256x300.png\" alt=\"\" width=\"582\" height=\"682\" srcset=\"https:\/\/apuntesdesanluis.com\/wp-content\/uploads\/2025\/01\/MIELI-3-256x300.png 256w, https:\/\/apuntesdesanluis.com\/wp-content\/uploads\/2025\/01\/MIELI-3.png 570w\" sizes=\"(max-width: 582px) 100vw, 582px\" \/><\/p>\n<p>&nbsp;<\/p>\n<p>&nbsp;<\/p>\n<p>&nbsp;<\/p>\n","protected":false},"excerpt":{"rendered":"<p>El presidente de la Naci\u00f3n, Javier Milei, se refiri\u00f3 a las cr\u00edticas que recibi\u00f3 por&#8230;<\/p>\n","protected":false},"author":1,"featured_media":28226,"comment_status":"closed","ping_status":"closed","sticky":false,"template":"","format":"standard","meta":{"footnotes":""},"categories":[5],"tags":[],"class_list":["post-28224","post","type-post","status-publish","format-standard","has-post-thumbnail","hentry","category-nacionales-internacionales"],"yoast_head":"<!-- This site is optimized with the Yoast SEO plugin v26.1.1 - https:\/\/yoast.com\/wordpress\/plugins\/seo\/ -->\n<title>MILEI DESPU\u00c9S DE LAS CR\u00cdTICAS POR SU DISCURSO EN DAVOS: \u201cNO SE PONGAN EN NUESTRO CAMINO\u201d - Apuntes de San Luis<\/title>\n<meta name=\"robots\" content=\"index, follow, max-snippet:-1, max-image-preview:large, max-video-preview:-1\" \/>\n<link rel=\"canonical\" href=\"https:\/\/apuntesdesanluis.com\/index.php\/2025\/01\/26\/milei-despues-de-las-criticas-por-su-discurso-en-davos-no-se-pongan-en-nuestro-camino\/\" \/>\n<meta property=\"og:locale\" content=\"es_ES\" \/>\n<meta property=\"og:type\" content=\"article\" \/>\n<meta property=\"og:title\" content=\"MILEI DESPU\u00c9S DE LAS CR\u00cdTICAS POR SU DISCURSO EN DAVOS: \u201cNO SE PONGAN EN NUESTRO CAMINO\u201d - Apuntes de San Luis\" \/>\n<meta property=\"og:description\" content=\"El presidente de la Naci\u00f3n, Javier Milei, se refiri\u00f3 a las cr\u00edticas que recibi\u00f3 por...\" \/>\n<meta property=\"og:url\" content=\"https:\/\/apuntesdesanluis.com\/index.php\/2025\/01\/26\/milei-despues-de-las-criticas-por-su-discurso-en-davos-no-se-pongan-en-nuestro-camino\/\" \/>\n<meta property=\"og:site_name\" content=\"Apuntes de San Luis\" \/>\n<meta property=\"article:published_time\" content=\"2025-01-27T00:42:45+00:00\" \/>\n<meta property=\"og:image\" content=\"https:\/\/apuntesdesanluis.com\/wp-content\/uploads\/2025\/01\/MILEI-3.png\" \/>\n\t<meta property=\"og:image:width\" content=\"638\" \/>\n\t<meta property=\"og:image:height\" content=\"389\" \/>\n\t<meta property=\"og:image:type\" content=\"image\/png\" \/>\n<meta name=\"author\" content=\"apuntesdesanluis.com\" \/>\n<meta name=\"twitter:card\" content=\"summary_large_image\" \/>\n<meta name=\"twitter:label1\" content=\"Escrito por\" \/>\n\t<meta name=\"twitter:data1\" content=\"apuntesdesanluis.com\" \/>\n\t<meta name=\"twitter:label2\" content=\"Tiempo de lectura\" \/>\n\t<meta name=\"twitter:data2\" content=\"2 minutos\" \/>\n<script type=\"application\/ld+json\" class=\"yoast-schema-graph\">{\"@context\":\"https:\/\/schema.org\",\"@graph\":[{\"@type\":\"Article\",\"@id\":\"https:\/\/apuntesdesanluis.com\/index.php\/2025\/01\/26\/milei-despues-de-las-criticas-por-su-discurso-en-davos-no-se-pongan-en-nuestro-camino\/#article\",\"isPartOf\":{\"@id\":\"https:\/\/apuntesdesanluis.com\/index.php\/2025\/01\/26\/milei-despues-de-las-criticas-por-su-discurso-en-davos-no-se-pongan-en-nuestro-camino\/\"},\"author\":{\"name\":\"apuntesdesanluis.com\",\"@id\":\"https:\/\/apuntesdesanluis.com\/#\/schema\/person\/b55151d52296fcce64d1a72538a70b90\"},\"headline\":\"MILEI DESPU\u00c9S DE LAS CR\u00cdTICAS POR SU DISCURSO EN DAVOS: \u201cNO SE PONGAN EN NUESTRO CAMINO\u201d\",\"datePublished\":\"2025-01-27T00:42:45+00:00\",\"mainEntityOfPage\":{\"@id\":\"https:\/\/apuntesdesanluis.com\/index.php\/2025\/01\/26\/milei-despues-de-las-criticas-por-su-discurso-en-davos-no-se-pongan-en-nuestro-camino\/\"},\"wordCount\":246,\"publisher\":{\"@id\":\"https:\/\/apuntesdesanluis.com\/#\/schema\/person\/b55151d52296fcce64d1a72538a70b90\"},\"image\":{\"@id\":\"https:\/\/apuntesdesanluis.com\/index.php\/2025\/01\/26\/milei-despues-de-las-criticas-por-su-discurso-en-davos-no-se-pongan-en-nuestro-camino\/#primaryimage\"},\"thumbnailUrl\":\"https:\/\/apuntesdesanluis.com\/wp-content\/uploads\/2025\/01\/MILEI-3.png\",\"articleSection\":[\"Nacionales\/Internacionales\"],\"inLanguage\":\"es-AR\"},{\"@type\":\"WebPage\",\"@id\":\"https:\/\/apuntesdesanluis.com\/index.php\/2025\/01\/26\/milei-despues-de-las-criticas-por-su-discurso-en-davos-no-se-pongan-en-nuestro-camino\/\",\"url\":\"https:\/\/apuntesdesanluis.com\/index.php\/2025\/01\/26\/milei-despues-de-las-criticas-por-su-discurso-en-davos-no-se-pongan-en-nuestro-camino\/\",\"name\":\"MILEI DESPU\u00c9S DE LAS CR\u00cdTICAS POR SU DISCURSO EN DAVOS: \u201cNO SE PONGAN EN NUESTRO CAMINO\u201d - Apuntes de San Luis\",\"isPartOf\":{\"@id\":\"https:\/\/apuntesdesanluis.com\/#website\"},\"primaryImageOfPage\":{\"@id\":\"https:\/\/apuntesdesanluis.com\/index.php\/2025\/01\/26\/milei-despues-de-las-criticas-por-su-discurso-en-davos-no-se-pongan-en-nuestro-camino\/#primaryimage\"},\"image\":{\"@id\":\"https:\/\/apuntesdesanluis.com\/index.php\/2025\/01\/26\/milei-despues-de-las-criticas-por-su-discurso-en-davos-no-se-pongan-en-nuestro-camino\/#primaryimage\"},\"thumbnailUrl\":\"https:\/\/apuntesdesanluis.com\/wp-content\/uploads\/2025\/01\/MILEI-3.png\",\"datePublished\":\"2025-01-27T00:42:45+00:00\",\"breadcrumb\":{\"@id\":\"https:\/\/apuntesdesanluis.com\/index.php\/2025\/01\/26\/milei-despues-de-las-criticas-por-su-discurso-en-davos-no-se-pongan-en-nuestro-camino\/#breadcrumb\"},\"inLanguage\":\"es-AR\",\"potentialAction\":[{\"@type\":\"ReadAction\",\"target\":[\"https:\/\/apuntesdesanluis.com\/index.php\/2025\/01\/26\/milei-despues-de-las-criticas-por-su-discurso-en-davos-no-se-pongan-en-nuestro-camino\/\"]}]},{\"@type\":\"ImageObject\",\"inLanguage\":\"es-AR\",\"@id\":\"https:\/\/apuntesdesanluis.com\/index.php\/2025\/01\/26\/milei-despues-de-las-criticas-por-su-discurso-en-davos-no-se-pongan-en-nuestro-camino\/#primaryimage\",\"url\":\"https:\/\/apuntesdesanluis.com\/wp-content\/uploads\/2025\/01\/MILEI-3.png\",\"contentUrl\":\"https:\/\/apuntesdesanluis.com\/wp-content\/uploads\/2025\/01\/MILEI-3.png\",\"width\":638,\"height\":389},{\"@type\":\"BreadcrumbList\",\"@id\":\"https:\/\/apuntesdesanluis.com\/index.php\/2025\/01\/26\/milei-despues-de-las-criticas-por-su-discurso-en-davos-no-se-pongan-en-nuestro-camino\/#breadcrumb\",\"itemListElement\":[{\"@type\":\"ListItem\",\"position\":1,\"name\":\"Inicio\",\"item\":\"https:\/\/apuntesdesanluis.com\/\"},{\"@type\":\"ListItem\",\"position\":2,\"name\":\"MILEI DESPU\u00c9S DE LAS CR\u00cdTICAS POR SU DISCURSO EN DAVOS: \u201cNO SE PONGAN EN NUESTRO CAMINO\u201d\"}]},{\"@type\":\"WebSite\",\"@id\":\"https:\/\/apuntesdesanluis.com\/#website\",\"url\":\"https:\/\/apuntesdesanluis.com\/\",\"name\":\"Apuntes de San Luis\",\"description\":\"\",\"publisher\":{\"@id\":\"https:\/\/apuntesdesanluis.com\/#\/schema\/person\/b55151d52296fcce64d1a72538a70b90\"},\"potentialAction\":[{\"@type\":\"SearchAction\",\"target\":{\"@type\":\"EntryPoint\",\"urlTemplate\":\"https:\/\/apuntesdesanluis.com\/?s={search_term_string}\"},\"query-input\":{\"@type\":\"PropertyValueSpecification\",\"valueRequired\":true,\"valueName\":\"search_term_string\"}}],\"inLanguage\":\"es-AR\"},{\"@type\":[\"Person\",\"Organization\"],\"@id\":\"https:\/\/apuntesdesanluis.com\/#\/schema\/person\/b55151d52296fcce64d1a72538a70b90\",\"name\":\"apuntesdesanluis.com\",\"image\":{\"@type\":\"ImageObject\",\"inLanguage\":\"es-AR\",\"@id\":\"https:\/\/apuntesdesanluis.com\/#\/schema\/person\/image\/\",\"url\":\"https:\/\/apuntesdesanluis.com\/wp-content\/uploads\/2023\/07\/cropped-apuntesdesanluis.png\",\"contentUrl\":\"https:\/\/apuntesdesanluis.com\/wp-content\/uploads\/2023\/07\/cropped-apuntesdesanluis.png\",\"width\":450,\"height\":112,\"caption\":\"apuntesdesanluis.com\"},\"logo\":{\"@id\":\"https:\/\/apuntesdesanluis.com\/#\/schema\/person\/image\/\"},\"sameAs\":[\"https:\/\/apuntesdesanluis.com\"],\"url\":\"https:\/\/apuntesdesanluis.com\/index.php\/author\/apuntesdesanluis-com\/\"}]}<\/script>\n<!-- \/ Yoast SEO plugin. -->","yoast_head_json":{"title":"MILEI DESPU\u00c9S DE LAS CR\u00cdTICAS POR SU DISCURSO EN DAVOS: \u201cNO SE PONGAN EN NUESTRO CAMINO\u201d - Apuntes de San Luis","robots":{"index":"index","follow":"follow","max-snippet":"max-snippet:-1","max-image-preview":"max-image-preview:large","max-video-preview":"max-video-preview:-1"},"canonical":"https:\/\/apuntesdesanluis.com\/index.php\/2025\/01\/26\/milei-despues-de-las-criticas-por-su-discurso-en-davos-no-se-pongan-en-nuestro-camino\/","og_locale":"es_ES","og_type":"article","og_title":"MILEI DESPU\u00c9S DE LAS CR\u00cdTICAS POR SU DISCURSO EN DAVOS: \u201cNO SE PONGAN EN NUESTRO CAMINO\u201d - Apuntes de San Luis","og_description":"El presidente de la Naci\u00f3n, Javier Milei, se refiri\u00f3 a las cr\u00edticas que recibi\u00f3 por...","og_url":"https:\/\/apuntesdesanluis.com\/index.php\/2025\/01\/26\/milei-despues-de-las-criticas-por-su-discurso-en-davos-no-se-pongan-en-nuestro-camino\/","og_site_name":"Apuntes de San Luis","article_published_time":"2025-01-27T00:42:45+00:00","og_image":[{"width":638,"height":389,"url":"https:\/\/apuntesdesanluis.com\/wp-content\/uploads\/2025\/01\/MILEI-3.png","type":"image\/png"}],"author":"apuntesdesanluis.com","twitter_card":"summary_large_image","twitter_misc":{"Escrito por":"apuntesdesanluis.com","Tiempo de lectura":"2 minutos"},"schema":{"@context":"https:\/\/schema.org","@graph":[{"@type":"Article","@id":"https:\/\/apuntesdesanluis.com\/index.php\/2025\/01\/26\/milei-despues-de-las-criticas-por-su-discurso-en-davos-no-se-pongan-en-nuestro-camino\/#article","isPartOf":{"@id":"https:\/\/apuntesdesanluis.com\/index.php\/2025\/01\/26\/milei-despues-de-las-criticas-por-su-discurso-en-davos-no-se-pongan-en-nuestro-camino\/"},"author":{"name":"apuntesdesanluis.com","@id":"https:\/\/apuntesdesanluis.com\/#\/schema\/person\/b55151d52296fcce64d1a72538a70b90"},"headline":"MILEI DESPU\u00c9S DE LAS CR\u00cdTICAS POR SU DISCURSO EN DAVOS: \u201cNO SE PONGAN EN NUESTRO CAMINO\u201d","datePublished":"2025-01-27T00:42:45+00:00","mainEntityOfPage":{"@id":"https:\/\/apuntesdesanluis.com\/index.php\/2025\/01\/26\/milei-despues-de-las-criticas-por-su-discurso-en-davos-no-se-pongan-en-nuestro-camino\/"},"wordCount":246,"publisher":{"@id":"https:\/\/apuntesdesanluis.com\/#\/schema\/person\/b55151d52296fcce64d1a72538a70b90"},"image":{"@id":"https:\/\/apuntesdesanluis.com\/index.php\/2025\/01\/26\/milei-despues-de-las-criticas-por-su-discurso-en-davos-no-se-pongan-en-nuestro-camino\/#primaryimage"},"thumbnailUrl":"https:\/\/apuntesdesanluis.com\/wp-content\/uploads\/2025\/01\/MILEI-3.png","articleSection":["Nacionales\/Internacionales"],"inLanguage":"es-AR"},{"@type":"WebPage","@id":"https:\/\/apuntesdesanluis.com\/index.php\/2025\/01\/26\/milei-despues-de-las-criticas-por-su-discurso-en-davos-no-se-pongan-en-nuestro-camino\/","url":"https:\/\/apuntesdesanluis.com\/index.php\/2025\/01\/26\/milei-despues-de-las-criticas-por-su-discurso-en-davos-no-se-pongan-en-nuestro-camino\/","name":"MILEI DESPU\u00c9S DE LAS CR\u00cdTICAS POR SU DISCURSO EN DAVOS: \u201cNO SE PONGAN EN NUESTRO CAMINO\u201d - Apuntes de San Luis","isPartOf":{"@id":"https:\/\/apuntesdesanluis.com\/#website"},"primaryImageOfPage":{"@id":"https:\/\/apuntesdesanluis.com\/index.php\/2025\/01\/26\/milei-despues-de-las-criticas-por-su-discurso-en-davos-no-se-pongan-en-nuestro-camino\/#primaryimage"},"image":{"@id":"https:\/\/apuntesdesanluis.com\/index.php\/2025\/01\/26\/milei-despues-de-las-criticas-por-su-discurso-en-davos-no-se-pongan-en-nuestro-camino\/#primaryimage"},"thumbnailUrl":"https:\/\/apuntesdesanluis.com\/wp-content\/uploads\/2025\/01\/MILEI-3.png","datePublished":"2025-01-27T00:42:45+00:00","breadcrumb":{"@id":"https:\/\/apuntesdesanluis.com\/index.php\/2025\/01\/26\/milei-despues-de-las-criticas-por-su-discurso-en-davos-no-se-pongan-en-nuestro-camino\/#breadcrumb"},"inLanguage":"es-AR","potentialAction":[{"@type":"ReadAction","target":["https:\/\/apuntesdesanluis.com\/index.php\/2025\/01\/26\/milei-despues-de-las-criticas-por-su-discurso-en-davos-no-se-pongan-en-nuestro-camino\/"]}]},{"@type":"ImageObject","inLanguage":"es-AR","@id":"https:\/\/apuntesdesanluis.com\/index.php\/2025\/01\/26\/milei-despues-de-las-criticas-por-su-discurso-en-davos-no-se-pongan-en-nuestro-camino\/#primaryimage","url":"https:\/\/apuntesdesanluis.com\/wp-content\/uploads\/2025\/01\/MILEI-3.png","contentUrl":"https:\/\/apuntesdesanluis.com\/wp-content\/uploads\/2025\/01\/MILEI-3.png","width":638,"height":389},{"@type":"BreadcrumbList","@id":"https:\/\/apuntesdesanluis.com\/index.php\/2025\/01\/26\/milei-despues-de-las-criticas-por-su-discurso-en-davos-no-se-pongan-en-nuestro-camino\/#breadcrumb","itemListElement":[{"@type":"ListItem","position":1,"name":"Inicio","item":"https:\/\/apuntesdesanluis.com\/"},{"@type":"ListItem","position":2,"name":"MILEI DESPU\u00c9S DE LAS CR\u00cdTICAS POR SU DISCURSO EN DAVOS: \u201cNO SE PONGAN EN NUESTRO CAMINO\u201d"}]},{"@type":"WebSite","@id":"https:\/\/apuntesdesanluis.com\/#website","url":"https:\/\/apuntesdesanluis.com\/","name":"Apuntes de San Luis","description":"","publisher":{"@id":"https:\/\/apuntesdesanluis.com\/#\/schema\/person\/b55151d52296fcce64d1a72538a70b90"},"potentialAction":[{"@type":"SearchAction","target":{"@type":"EntryPoint","urlTemplate":"https:\/\/apuntesdesanluis.com\/?s={search_term_string}"},"query-input":{"@type":"PropertyValueSpecification","valueRequired":true,"valueName":"search_term_string"}}],"inLanguage":"es-AR"},{"@type":["Person","Organization"],"@id":"https:\/\/apuntesdesanluis.com\/#\/schema\/person\/b55151d52296fcce64d1a72538a70b90","name":"apuntesdesanluis.com","image":{"@type":"ImageObject","inLanguage":"es-AR","@id":"https:\/\/apuntesdesanluis.com\/#\/schema\/person\/image\/","url":"https:\/\/apuntesdesanluis.com\/wp-content\/uploads\/2023\/07\/cropped-apuntesdesanluis.png","contentUrl":"https:\/\/apuntesdesanluis.com\/wp-content\/uploads\/2023\/07\/cropped-apuntesdesanluis.png","width":450,"height":112,"caption":"apuntesdesanluis.com"},"logo":{"@id":"https:\/\/apuntesdesanluis.com\/#\/schema\/person\/image\/"},"sameAs":["https:\/\/apuntesdesanluis.com"],"url":"https:\/\/apuntesdesanluis.com\/index.php\/author\/apuntesdesanluis-com\/"}]}},"featured_image_urls":{"full":["https:\/\/apuntesdesanluis.com\/wp-content\/uploads\/2025\/01\/MILEI-3.png",638,389,false],"thumbnail":["https:\/\/apuntesdesanluis.com\/wp-content\/uploads\/2025\/01\/MILEI-3-150x150.png",150,150,true],"medium":["https:\/\/apuntesdesanluis.com\/wp-content\/uploads\/2025\/01\/MILEI-3-300x183.png",300,183,true],"medium_large":["https:\/\/apuntesdesanluis.com\/wp-content\/uploads\/2025\/01\/MILEI-3.png",638,389,false],"large":["https:\/\/apuntesdesanluis.com\/wp-content\/uploads\/2025\/01\/MILEI-3.png",638,389,false],"1536x1536":["https:\/\/apuntesdesanluis.com\/wp-content\/uploads\/2025\/01\/MILEI-3.png",638,389,false],"2048x2048":["https:\/\/apuntesdesanluis.com\/wp-content\/uploads\/2025\/01\/MILEI-3.png",638,389,false],"newsever-slider-full":["https:\/\/apuntesdesanluis.com\/wp-content\/uploads\/2025\/01\/MILEI-3.png",638,389,false],"newsever-featured":["https:\/\/apuntesdesanluis.com\/wp-content\/uploads\/2025\/01\/MILEI-3.png",638,389,false],"newsever-medium":["https:\/\/apuntesdesanluis.com\/wp-content\/uploads\/2025\/01\/MILEI-3.png",638,389,false]},"author_info":{"display_name":"apuntesdesanluis.com","author_link":"https:\/\/apuntesdesanluis.com\/index.php\/author\/apuntesdesanluis-com\/"},"category_info":"<a href=\"https:\/\/apuntesdesanluis.com\/index.php\/category\/nacionales-internacionales\/\" rel=\"category tag\">Nacionales\/Internacionales<\/a>","tag_info":"Nacionales\/Internacionales","comment_count":"0","_links":{"self":[{"href":"https:\/\/apuntesdesanluis.com\/index.php\/wp-json\/wp\/v2\/posts\/28224","targetHints":{"allow":["GET"]}}],"collection":[{"href":"https:\/\/apuntesdesanluis.com\/index.php\/wp-json\/wp\/v2\/posts"}],"about":[{"href":"https:\/\/apuntesdesanluis.com\/index.php\/wp-json\/wp\/v2\/types\/post"}],"author":[{"embeddable":true,"href":"https:\/\/apuntesdesanluis.com\/index.php\/wp-json\/wp\/v2\/users\/1"}],"replies":[{"embeddable":true,"href":"https:\/\/apuntesdesanluis.com\/index.php\/wp-json\/wp\/v2\/comments?post=28224"}],"version-history":[{"count":1,"href":"https:\/\/apuntesdesanluis.com\/index.php\/wp-json\/wp\/v2\/posts\/28224\/revisions"}],"predecessor-version":[{"id":28227,"href":"https:\/\/apuntesdesanluis.com\/index.php\/wp-json\/wp\/v2\/posts\/28224\/revisions\/28227"}],"wp:featuredmedia":[{"embeddable":true,"href":"https:\/\/apuntesdesanluis.com\/index.php\/wp-json\/wp\/v2\/media\/28226"}],"wp:attachment":[{"href":"https:\/\/apuntesdesanluis.com\/index.php\/wp-json\/wp\/v2\/media?parent=28224"}],"wp:term":[{"taxonomy":"category","embeddable":true,"href":"https:\/\/apuntesdesanluis.com\/index.php\/wp-json\/wp\/v2\/categories?post=28224"},{"taxonomy":"post_tag","embeddable":true,"href":"https:\/\/apuntesdesanluis.com\/index.php\/wp-json\/wp\/v2\/tags?post=28224"}],"curies":[{"name":"wp","href":"https:\/\/api.w.org\/{rel}","templated":true}]}}