{"id":28233,"date":"2025-01-26T23:21:39","date_gmt":"2025-01-27T02:21:39","guid":{"rendered":"https:\/\/apuntesdesanluis.com\/?p=28233"},"modified":"2025-01-26T23:21:39","modified_gmt":"2025-01-27T02:21:39","slug":"insolito-ciclista-embestido-por-un-automovil-termino-incrustado-en-el-parabrisas","status":"publish","type":"post","link":"https:\/\/apuntesdesanluis.com\/index.php\/2025\/01\/26\/insolito-ciclista-embestido-por-un-automovil-termino-incrustado-en-el-parabrisas\/","title":{"rendered":"INS\u00d3LITO: CICLISTA EMBESTIDO POR UN AUTOM\u00d3VIL TERMIN\u00d3 INCRUSTADO EN EL PARABRISAS"},"content":{"rendered":"<h3>Un ciclista de 14 a\u00f1os fue embestido por un autom\u00f3vil y qued\u00f3 incrustado en el parabrisas del rodado del que debi\u00f3 ser extra\u00eddo por los bomberos con heridas que no comprometen su vida, en un espectacular accidente en el sur de la ciudad de Santa Fe que r\u00e1pidamente se viraliz\u00f3 en redes sociales.<\/h3>\n<h3>A causa del impacto el ciclista fue despedido violentamente y tras una voltereta \u00a0en el aire, qued\u00f3 incrustado en el parabrisas roto de un autom\u00f3vil Renault Clio blanco, en un siniestro cuyas causas a\u00fan no se esclarecieron.<\/h3>\n<p><iframe title=\"un ciclista fue embestido por un auto y termin\u00f3 incrustado en el parabrisas del veh\u00edculo #noticias\" width=\"640\" height=\"360\" src=\"https:\/\/www.youtube.com\/embed\/2xtoxAPdeDA?feature=oembed\" frameborder=\"0\" allow=\"accelerometer; autoplay; clipboard-write; encrypted-media; gyroscope; picture-in-picture; web-share\" referrerpolicy=\"strict-origin-when-cross-origin\" allowfullscreen><\/iframe><\/p>\n<h3>El hecho se registr\u00f3 en la intersecci\u00f3n de las avenidas Per\u00f3n e Iturraspe, en el barrio Barranquitas del sur de la capital santafecina, que debieron quedar interrumpidas al tr\u00e1nsito vehicular durante varios minutos para posibilitar extraer el adolescente de entre los vidrios.<\/h3>\n<h3>\u201cEl paciente ingres\u00f3 l\u00facido, con fractura de tibia y peron\u00e9, escoriaciones varias y vidrios clavados en distintas partes del cuerpo, pero fuera de peligro\u201d, indicaron fuentes del Hospital de Ni\u00f1os \u201cDr. Orlando Alassia\u201d, al que fue trasladado de urgencia.<\/h3>\n<h3>Por la gravedad del caso, intervinieron efectivos de la Comisar\u00eda 6ta. que se encuentra a metros del lugar y debieron solicitar apoyo urgente a personal de salud, junto con efectivos de la Agrupaci\u00f3n de Bomberos Zapadores (ABZ), quienes trabajaron para sacar al muchacho de entre los vidrios.<\/h3>\n<h3>En tanto el otro involucrado en el siniestro es un hombre, cuya identidad no trascendi\u00f3, y que era quien conduc\u00eda el Renault Clio.<\/h3>\n<h3><\/h3>\n<p>&nbsp;<\/p>\n<p>&nbsp;<\/p>\n<p>&nbsp;<\/p>\n","protected":false},"excerpt":{"rendered":"<p>Un ciclista de 14 a\u00f1os fue embestido por un autom\u00f3vil y qued\u00f3 incrustado en el&#8230;<\/p>\n","protected":false},"author":1,"featured_media":28234,"comment_status":"closed","ping_status":"closed","sticky":false,"template":"","format":"standard","meta":{"footnotes":""},"categories":[5],"tags":[],"class_list":["post-28233","post","type-post","status-publish","format-standard","has-post-thumbnail","hentry","category-nacionales-internacionales"],"yoast_head":"<!-- This site is optimized with the Yoast SEO plugin v26.1.1 - https:\/\/yoast.com\/wordpress\/plugins\/seo\/ -->\n<title>INS\u00d3LITO: CICLISTA EMBESTIDO POR UN AUTOM\u00d3VIL TERMIN\u00d3 INCRUSTADO EN EL PARABRISAS - Apuntes de San Luis<\/title>\n<meta name=\"robots\" content=\"index, follow, max-snippet:-1, max-image-preview:large, max-video-preview:-1\" \/>\n<link rel=\"canonical\" href=\"https:\/\/apuntesdesanluis.com\/index.php\/2025\/01\/26\/insolito-ciclista-embestido-por-un-automovil-termino-incrustado-en-el-parabrisas\/\" \/>\n<meta property=\"og:locale\" content=\"es_ES\" \/>\n<meta property=\"og:type\" content=\"article\" \/>\n<meta property=\"og:title\" content=\"INS\u00d3LITO: CICLISTA EMBESTIDO POR UN AUTOM\u00d3VIL TERMIN\u00d3 INCRUSTADO EN EL PARABRISAS - Apuntes de San Luis\" \/>\n<meta property=\"og:description\" content=\"Un ciclista de 14 a\u00f1os fue embestido por un autom\u00f3vil y qued\u00f3 incrustado en el...\" \/>\n<meta property=\"og:url\" content=\"https:\/\/apuntesdesanluis.com\/index.php\/2025\/01\/26\/insolito-ciclista-embestido-por-un-automovil-termino-incrustado-en-el-parabrisas\/\" \/>\n<meta property=\"og:site_name\" content=\"Apuntes de San Luis\" \/>\n<meta property=\"article:published_time\" content=\"2025-01-27T02:21:39+00:00\" \/>\n<meta property=\"og:image\" content=\"https:\/\/apuntesdesanluis.com\/wp-content\/uploads\/2025\/01\/INCRUSTADO.png\" \/>\n\t<meta property=\"og:image:width\" content=\"473\" \/>\n\t<meta property=\"og:image:height\" content=\"286\" \/>\n\t<meta property=\"og:image:type\" content=\"image\/png\" \/>\n<meta name=\"author\" content=\"apuntesdesanluis.com\" \/>\n<meta name=\"twitter:card\" content=\"summary_large_image\" \/>\n<meta name=\"twitter:label1\" content=\"Escrito por\" \/>\n\t<meta name=\"twitter:data1\" content=\"apuntesdesanluis.com\" \/>\n\t<meta name=\"twitter:label2\" content=\"Tiempo de lectura\" \/>\n\t<meta name=\"twitter:data2\" content=\"2 minutos\" \/>\n<script type=\"application\/ld+json\" class=\"yoast-schema-graph\">{\"@context\":\"https:\/\/schema.org\",\"@graph\":[{\"@type\":\"Article\",\"@id\":\"https:\/\/apuntesdesanluis.com\/index.php\/2025\/01\/26\/insolito-ciclista-embestido-por-un-automovil-termino-incrustado-en-el-parabrisas\/#article\",\"isPartOf\":{\"@id\":\"https:\/\/apuntesdesanluis.com\/index.php\/2025\/01\/26\/insolito-ciclista-embestido-por-un-automovil-termino-incrustado-en-el-parabrisas\/\"},\"author\":{\"name\":\"apuntesdesanluis.com\",\"@id\":\"https:\/\/apuntesdesanluis.com\/#\/schema\/person\/b55151d52296fcce64d1a72538a70b90\"},\"headline\":\"INS\u00d3LITO: CICLISTA EMBESTIDO POR UN AUTOM\u00d3VIL TERMIN\u00d3 INCRUSTADO EN EL PARABRISAS\",\"datePublished\":\"2025-01-27T02:21:39+00:00\",\"mainEntityOfPage\":{\"@id\":\"https:\/\/apuntesdesanluis.com\/index.php\/2025\/01\/26\/insolito-ciclista-embestido-por-un-automovil-termino-incrustado-en-el-parabrisas\/\"},\"wordCount\":278,\"publisher\":{\"@id\":\"https:\/\/apuntesdesanluis.com\/#\/schema\/person\/b55151d52296fcce64d1a72538a70b90\"},\"image\":{\"@id\":\"https:\/\/apuntesdesanluis.com\/index.php\/2025\/01\/26\/insolito-ciclista-embestido-por-un-automovil-termino-incrustado-en-el-parabrisas\/#primaryimage\"},\"thumbnailUrl\":\"https:\/\/apuntesdesanluis.com\/wp-content\/uploads\/2025\/01\/INCRUSTADO.png\",\"articleSection\":[\"Nacionales\/Internacionales\"],\"inLanguage\":\"es-AR\"},{\"@type\":\"WebPage\",\"@id\":\"https:\/\/apuntesdesanluis.com\/index.php\/2025\/01\/26\/insolito-ciclista-embestido-por-un-automovil-termino-incrustado-en-el-parabrisas\/\",\"url\":\"https:\/\/apuntesdesanluis.com\/index.php\/2025\/01\/26\/insolito-ciclista-embestido-por-un-automovil-termino-incrustado-en-el-parabrisas\/\",\"name\":\"INS\u00d3LITO: CICLISTA EMBESTIDO POR UN AUTOM\u00d3VIL TERMIN\u00d3 INCRUSTADO EN EL PARABRISAS - Apuntes de San Luis\",\"isPartOf\":{\"@id\":\"https:\/\/apuntesdesanluis.com\/#website\"},\"primaryImageOfPage\":{\"@id\":\"https:\/\/apuntesdesanluis.com\/index.php\/2025\/01\/26\/insolito-ciclista-embestido-por-un-automovil-termino-incrustado-en-el-parabrisas\/#primaryimage\"},\"image\":{\"@id\":\"https:\/\/apuntesdesanluis.com\/index.php\/2025\/01\/26\/insolito-ciclista-embestido-por-un-automovil-termino-incrustado-en-el-parabrisas\/#primaryimage\"},\"thumbnailUrl\":\"https:\/\/apuntesdesanluis.com\/wp-content\/uploads\/2025\/01\/INCRUSTADO.png\",\"datePublished\":\"2025-01-27T02:21:39+00:00\",\"breadcrumb\":{\"@id\":\"https:\/\/apuntesdesanluis.com\/index.php\/2025\/01\/26\/insolito-ciclista-embestido-por-un-automovil-termino-incrustado-en-el-parabrisas\/#breadcrumb\"},\"inLanguage\":\"es-AR\",\"potentialAction\":[{\"@type\":\"ReadAction\",\"target\":[\"https:\/\/apuntesdesanluis.com\/index.php\/2025\/01\/26\/insolito-ciclista-embestido-por-un-automovil-termino-incrustado-en-el-parabrisas\/\"]}]},{\"@type\":\"ImageObject\",\"inLanguage\":\"es-AR\",\"@id\":\"https:\/\/apuntesdesanluis.com\/index.php\/2025\/01\/26\/insolito-ciclista-embestido-por-un-automovil-termino-incrustado-en-el-parabrisas\/#primaryimage\",\"url\":\"https:\/\/apuntesdesanluis.com\/wp-content\/uploads\/2025\/01\/INCRUSTADO.png\",\"contentUrl\":\"https:\/\/apuntesdesanluis.com\/wp-content\/uploads\/2025\/01\/INCRUSTADO.png\",\"width\":473,\"height\":286},{\"@type\":\"BreadcrumbList\",\"@id\":\"https:\/\/apuntesdesanluis.com\/index.php\/2025\/01\/26\/insolito-ciclista-embestido-por-un-automovil-termino-incrustado-en-el-parabrisas\/#breadcrumb\",\"itemListElement\":[{\"@type\":\"ListItem\",\"position\":1,\"name\":\"Inicio\",\"item\":\"https:\/\/apuntesdesanluis.com\/\"},{\"@type\":\"ListItem\",\"position\":2,\"name\":\"INS\u00d3LITO: CICLISTA EMBESTIDO POR UN AUTOM\u00d3VIL TERMIN\u00d3 INCRUSTADO EN EL PARABRISAS\"}]},{\"@type\":\"WebSite\",\"@id\":\"https:\/\/apuntesdesanluis.com\/#website\",\"url\":\"https:\/\/apuntesdesanluis.com\/\",\"name\":\"Apuntes de San Luis\",\"description\":\"\",\"publisher\":{\"@id\":\"https:\/\/apuntesdesanluis.com\/#\/schema\/person\/b55151d52296fcce64d1a72538a70b90\"},\"potentialAction\":[{\"@type\":\"SearchAction\",\"target\":{\"@type\":\"EntryPoint\",\"urlTemplate\":\"https:\/\/apuntesdesanluis.com\/?s={search_term_string}\"},\"query-input\":{\"@type\":\"PropertyValueSpecification\",\"valueRequired\":true,\"valueName\":\"search_term_string\"}}],\"inLanguage\":\"es-AR\"},{\"@type\":[\"Person\",\"Organization\"],\"@id\":\"https:\/\/apuntesdesanluis.com\/#\/schema\/person\/b55151d52296fcce64d1a72538a70b90\",\"name\":\"apuntesdesanluis.com\",\"image\":{\"@type\":\"ImageObject\",\"inLanguage\":\"es-AR\",\"@id\":\"https:\/\/apuntesdesanluis.com\/#\/schema\/person\/image\/\",\"url\":\"https:\/\/apuntesdesanluis.com\/wp-content\/uploads\/2023\/07\/cropped-apuntesdesanluis.png\",\"contentUrl\":\"https:\/\/apuntesdesanluis.com\/wp-content\/uploads\/2023\/07\/cropped-apuntesdesanluis.png\",\"width\":450,\"height\":112,\"caption\":\"apuntesdesanluis.com\"},\"logo\":{\"@id\":\"https:\/\/apuntesdesanluis.com\/#\/schema\/person\/image\/\"},\"sameAs\":[\"https:\/\/apuntesdesanluis.com\"],\"url\":\"https:\/\/apuntesdesanluis.com\/index.php\/author\/apuntesdesanluis-com\/\"}]}<\/script>\n<!-- \/ Yoast SEO plugin. -->","yoast_head_json":{"title":"INS\u00d3LITO: CICLISTA EMBESTIDO POR UN AUTOM\u00d3VIL TERMIN\u00d3 INCRUSTADO EN EL PARABRISAS - Apuntes de San Luis","robots":{"index":"index","follow":"follow","max-snippet":"max-snippet:-1","max-image-preview":"max-image-preview:large","max-video-preview":"max-video-preview:-1"},"canonical":"https:\/\/apuntesdesanluis.com\/index.php\/2025\/01\/26\/insolito-ciclista-embestido-por-un-automovil-termino-incrustado-en-el-parabrisas\/","og_locale":"es_ES","og_type":"article","og_title":"INS\u00d3LITO: CICLISTA EMBESTIDO POR UN AUTOM\u00d3VIL TERMIN\u00d3 INCRUSTADO EN EL PARABRISAS - Apuntes de San Luis","og_description":"Un ciclista de 14 a\u00f1os fue embestido por un autom\u00f3vil y qued\u00f3 incrustado en el...","og_url":"https:\/\/apuntesdesanluis.com\/index.php\/2025\/01\/26\/insolito-ciclista-embestido-por-un-automovil-termino-incrustado-en-el-parabrisas\/","og_site_name":"Apuntes de San Luis","article_published_time":"2025-01-27T02:21:39+00:00","og_image":[{"width":473,"height":286,"url":"https:\/\/apuntesdesanluis.com\/wp-content\/uploads\/2025\/01\/INCRUSTADO.png","type":"image\/png"}],"author":"apuntesdesanluis.com","twitter_card":"summary_large_image","twitter_misc":{"Escrito por":"apuntesdesanluis.com","Tiempo de lectura":"2 minutos"},"schema":{"@context":"https:\/\/schema.org","@graph":[{"@type":"Article","@id":"https:\/\/apuntesdesanluis.com\/index.php\/2025\/01\/26\/insolito-ciclista-embestido-por-un-automovil-termino-incrustado-en-el-parabrisas\/#article","isPartOf":{"@id":"https:\/\/apuntesdesanluis.com\/index.php\/2025\/01\/26\/insolito-ciclista-embestido-por-un-automovil-termino-incrustado-en-el-parabrisas\/"},"author":{"name":"apuntesdesanluis.com","@id":"https:\/\/apuntesdesanluis.com\/#\/schema\/person\/b55151d52296fcce64d1a72538a70b90"},"headline":"INS\u00d3LITO: CICLISTA EMBESTIDO POR UN AUTOM\u00d3VIL TERMIN\u00d3 INCRUSTADO EN EL PARABRISAS","datePublished":"2025-01-27T02:21:39+00:00","mainEntityOfPage":{"@id":"https:\/\/apuntesdesanluis.com\/index.php\/2025\/01\/26\/insolito-ciclista-embestido-por-un-automovil-termino-incrustado-en-el-parabrisas\/"},"wordCount":278,"publisher":{"@id":"https:\/\/apuntesdesanluis.com\/#\/schema\/person\/b55151d52296fcce64d1a72538a70b90"},"image":{"@id":"https:\/\/apuntesdesanluis.com\/index.php\/2025\/01\/26\/insolito-ciclista-embestido-por-un-automovil-termino-incrustado-en-el-parabrisas\/#primaryimage"},"thumbnailUrl":"https:\/\/apuntesdesanluis.com\/wp-content\/uploads\/2025\/01\/INCRUSTADO.png","articleSection":["Nacionales\/Internacionales"],"inLanguage":"es-AR"},{"@type":"WebPage","@id":"https:\/\/apuntesdesanluis.com\/index.php\/2025\/01\/26\/insolito-ciclista-embestido-por-un-automovil-termino-incrustado-en-el-parabrisas\/","url":"https:\/\/apuntesdesanluis.com\/index.php\/2025\/01\/26\/insolito-ciclista-embestido-por-un-automovil-termino-incrustado-en-el-parabrisas\/","name":"INS\u00d3LITO: CICLISTA EMBESTIDO POR UN AUTOM\u00d3VIL TERMIN\u00d3 INCRUSTADO EN EL PARABRISAS - Apuntes de San Luis","isPartOf":{"@id":"https:\/\/apuntesdesanluis.com\/#website"},"primaryImageOfPage":{"@id":"https:\/\/apuntesdesanluis.com\/index.php\/2025\/01\/26\/insolito-ciclista-embestido-por-un-automovil-termino-incrustado-en-el-parabrisas\/#primaryimage"},"image":{"@id":"https:\/\/apuntesdesanluis.com\/index.php\/2025\/01\/26\/insolito-ciclista-embestido-por-un-automovil-termino-incrustado-en-el-parabrisas\/#primaryimage"},"thumbnailUrl":"https:\/\/apuntesdesanluis.com\/wp-content\/uploads\/2025\/01\/INCRUSTADO.png","datePublished":"2025-01-27T02:21:39+00:00","breadcrumb":{"@id":"https:\/\/apuntesdesanluis.com\/index.php\/2025\/01\/26\/insolito-ciclista-embestido-por-un-automovil-termino-incrustado-en-el-parabrisas\/#breadcrumb"},"inLanguage":"es-AR","potentialAction":[{"@type":"ReadAction","target":["https:\/\/apuntesdesanluis.com\/index.php\/2025\/01\/26\/insolito-ciclista-embestido-por-un-automovil-termino-incrustado-en-el-parabrisas\/"]}]},{"@type":"ImageObject","inLanguage":"es-AR","@id":"https:\/\/apuntesdesanluis.com\/index.php\/2025\/01\/26\/insolito-ciclista-embestido-por-un-automovil-termino-incrustado-en-el-parabrisas\/#primaryimage","url":"https:\/\/apuntesdesanluis.com\/wp-content\/uploads\/2025\/01\/INCRUSTADO.png","contentUrl":"https:\/\/apuntesdesanluis.com\/wp-content\/uploads\/2025\/01\/INCRUSTADO.png","width":473,"height":286},{"@type":"BreadcrumbList","@id":"https:\/\/apuntesdesanluis.com\/index.php\/2025\/01\/26\/insolito-ciclista-embestido-por-un-automovil-termino-incrustado-en-el-parabrisas\/#breadcrumb","itemListElement":[{"@type":"ListItem","position":1,"name":"Inicio","item":"https:\/\/apuntesdesanluis.com\/"},{"@type":"ListItem","position":2,"name":"INS\u00d3LITO: CICLISTA EMBESTIDO POR UN AUTOM\u00d3VIL TERMIN\u00d3 INCRUSTADO EN EL PARABRISAS"}]},{"@type":"WebSite","@id":"https:\/\/apuntesdesanluis.com\/#website","url":"https:\/\/apuntesdesanluis.com\/","name":"Apuntes de San Luis","description":"","publisher":{"@id":"https:\/\/apuntesdesanluis.com\/#\/schema\/person\/b55151d52296fcce64d1a72538a70b90"},"potentialAction":[{"@type":"SearchAction","target":{"@type":"EntryPoint","urlTemplate":"https:\/\/apuntesdesanluis.com\/?s={search_term_string}"},"query-input":{"@type":"PropertyValueSpecification","valueRequired":true,"valueName":"search_term_string"}}],"inLanguage":"es-AR"},{"@type":["Person","Organization"],"@id":"https:\/\/apuntesdesanluis.com\/#\/schema\/person\/b55151d52296fcce64d1a72538a70b90","name":"apuntesdesanluis.com","image":{"@type":"ImageObject","inLanguage":"es-AR","@id":"https:\/\/apuntesdesanluis.com\/#\/schema\/person\/image\/","url":"https:\/\/apuntesdesanluis.com\/wp-content\/uploads\/2023\/07\/cropped-apuntesdesanluis.png","contentUrl":"https:\/\/apuntesdesanluis.com\/wp-content\/uploads\/2023\/07\/cropped-apuntesdesanluis.png","width":450,"height":112,"caption":"apuntesdesanluis.com"},"logo":{"@id":"https:\/\/apuntesdesanluis.com\/#\/schema\/person\/image\/"},"sameAs":["https:\/\/apuntesdesanluis.com"],"url":"https:\/\/apuntesdesanluis.com\/index.php\/author\/apuntesdesanluis-com\/"}]}},"featured_image_urls":{"full":["https:\/\/apuntesdesanluis.com\/wp-content\/uploads\/2025\/01\/INCRUSTADO.png",473,286,false],"thumbnail":["https:\/\/apuntesdesanluis.com\/wp-content\/uploads\/2025\/01\/INCRUSTADO-150x150.png",150,150,true],"medium":["https:\/\/apuntesdesanluis.com\/wp-content\/uploads\/2025\/01\/INCRUSTADO-300x181.png",300,181,true],"medium_large":["https:\/\/apuntesdesanluis.com\/wp-content\/uploads\/2025\/01\/INCRUSTADO.png",473,286,false],"large":["https:\/\/apuntesdesanluis.com\/wp-content\/uploads\/2025\/01\/INCRUSTADO.png",473,286,false],"1536x1536":["https:\/\/apuntesdesanluis.com\/wp-content\/uploads\/2025\/01\/INCRUSTADO.png",473,286,false],"2048x2048":["https:\/\/apuntesdesanluis.com\/wp-content\/uploads\/2025\/01\/INCRUSTADO.png",473,286,false],"newsever-slider-full":["https:\/\/apuntesdesanluis.com\/wp-content\/uploads\/2025\/01\/INCRUSTADO.png",473,286,false],"newsever-featured":["https:\/\/apuntesdesanluis.com\/wp-content\/uploads\/2025\/01\/INCRUSTADO.png",473,286,false],"newsever-medium":["https:\/\/apuntesdesanluis.com\/wp-content\/uploads\/2025\/01\/INCRUSTADO.png",473,286,false]},"author_info":{"display_name":"apuntesdesanluis.com","author_link":"https:\/\/apuntesdesanluis.com\/index.php\/author\/apuntesdesanluis-com\/"},"category_info":"<a href=\"https:\/\/apuntesdesanluis.com\/index.php\/category\/nacionales-internacionales\/\" rel=\"category tag\">Nacionales\/Internacionales<\/a>","tag_info":"Nacionales\/Internacionales","comment_count":"0","_links":{"self":[{"href":"https:\/\/apuntesdesanluis.com\/index.php\/wp-json\/wp\/v2\/posts\/28233","targetHints":{"allow":["GET"]}}],"collection":[{"href":"https:\/\/apuntesdesanluis.com\/index.php\/wp-json\/wp\/v2\/posts"}],"about":[{"href":"https:\/\/apuntesdesanluis.com\/index.php\/wp-json\/wp\/v2\/types\/post"}],"author":[{"embeddable":true,"href":"https:\/\/apuntesdesanluis.com\/index.php\/wp-json\/wp\/v2\/users\/1"}],"replies":[{"embeddable":true,"href":"https:\/\/apuntesdesanluis.com\/index.php\/wp-json\/wp\/v2\/comments?post=28233"}],"version-history":[{"count":1,"href":"https:\/\/apuntesdesanluis.com\/index.php\/wp-json\/wp\/v2\/posts\/28233\/revisions"}],"predecessor-version":[{"id":28235,"href":"https:\/\/apuntesdesanluis.com\/index.php\/wp-json\/wp\/v2\/posts\/28233\/revisions\/28235"}],"wp:featuredmedia":[{"embeddable":true,"href":"https:\/\/apuntesdesanluis.com\/index.php\/wp-json\/wp\/v2\/media\/28234"}],"wp:attachment":[{"href":"https:\/\/apuntesdesanluis.com\/index.php\/wp-json\/wp\/v2\/media?parent=28233"}],"wp:term":[{"taxonomy":"category","embeddable":true,"href":"https:\/\/apuntesdesanluis.com\/index.php\/wp-json\/wp\/v2\/categories?post=28233"},{"taxonomy":"post_tag","embeddable":true,"href":"https:\/\/apuntesdesanluis.com\/index.php\/wp-json\/wp\/v2\/tags?post=28233"}],"curies":[{"name":"wp","href":"https:\/\/api.w.org\/{rel}","templated":true}]}}