{"id":28249,"date":"2025-01-27T19:00:42","date_gmt":"2025-01-27T22:00:42","guid":{"rendered":"https:\/\/apuntesdesanluis.com\/?p=28249"},"modified":"2025-01-27T19:00:42","modified_gmt":"2025-01-27T22:00:42","slug":"se-incendio-un-auto-en-ruta-3-pero-se-desconoce-el-propietario","status":"publish","type":"post","link":"https:\/\/apuntesdesanluis.com\/index.php\/2025\/01\/27\/se-incendio-un-auto-en-ruta-3-pero-se-desconoce-el-propietario\/","title":{"rendered":"SE INCENDI\u00d3 UN AUTO EN RUTA 3, PERO SE DESCONOCE EL PROPIETARIO"},"content":{"rendered":"<h3>Este domingo por la tarde, tras una alerta de un ciudadano, efectivos de la Direcci\u00f3n General de Polic\u00eda Caminera y Seguridad Vial, de la Direcci\u00f3n General de Bomberos de la Polic\u00eda y de la Comisar\u00eda Seccional 41\u00b0 se hicieron presentes en la ruta provincial 3, a la altura del kil\u00f3metro 4, en la zona sur de la ciudad de San Luis, debido a que en ese lugar, sobre la banquina, se estaba incendiando un veh\u00edculo.<\/h3>\n<h3>Al acudir al lugar, los efectivos constataron que se trataba de un Renault 18, en el cual no se observ\u00f3 a ning\u00fan ocupante en el veh\u00edculo en ese momento.<\/h3>\n<p><img fetchpriority=\"high\" decoding=\"async\" class=\"wp-image-28251 aligncenter\" src=\"https:\/\/apuntesdesanluis.com\/wp-content\/uploads\/2025\/01\/Imagen-de-WhatsApp-2025-01-27-a-las-10.55.59_97322ea5-300x238.jpg\" alt=\"\" width=\"702\" height=\"557\" srcset=\"https:\/\/apuntesdesanluis.com\/wp-content\/uploads\/2025\/01\/Imagen-de-WhatsApp-2025-01-27-a-las-10.55.59_97322ea5-300x238.jpg 300w, https:\/\/apuntesdesanluis.com\/wp-content\/uploads\/2025\/01\/Imagen-de-WhatsApp-2025-01-27-a-las-10.55.59_97322ea5.jpg 729w\" sizes=\"(max-width: 702px) 100vw, 702px\" \/><\/p>\n<h3>Personal de Bomberos llev\u00f3 a cabo las tareas correspondientes para extinguir las llamas. El rodado qued\u00f3 absolutamente calcinado y se logr\u00f3 evitar que las llamas se expandieran sobre el campo.<\/h3>\n<h3><\/h3>\n<h3><\/h3>\n<p>&nbsp;<\/p>\n","protected":false},"excerpt":{"rendered":"<p>Este domingo por la tarde, tras una alerta de un ciudadano, efectivos de la Direcci\u00f3n&#8230;<\/p>\n","protected":false},"author":1,"featured_media":28250,"comment_status":"closed","ping_status":"closed","sticky":false,"template":"","format":"standard","meta":{"footnotes":""},"categories":[6],"tags":[],"class_list":["post-28249","post","type-post","status-publish","format-standard","has-post-thumbnail","hentry","category-ciudad-provincia"],"yoast_head":"<!-- This site is optimized with the Yoast SEO plugin v26.1.1 - https:\/\/yoast.com\/wordpress\/plugins\/seo\/ -->\n<title>SE INCENDI\u00d3 UN AUTO EN RUTA 3, PERO SE DESCONOCE EL PROPIETARIO - Apuntes de San Luis<\/title>\n<meta name=\"robots\" content=\"index, follow, max-snippet:-1, max-image-preview:large, max-video-preview:-1\" \/>\n<link rel=\"canonical\" href=\"https:\/\/apuntesdesanluis.com\/index.php\/2025\/01\/27\/se-incendio-un-auto-en-ruta-3-pero-se-desconoce-el-propietario\/\" \/>\n<meta property=\"og:locale\" content=\"es_ES\" \/>\n<meta property=\"og:type\" content=\"article\" \/>\n<meta property=\"og:title\" content=\"SE INCENDI\u00d3 UN AUTO EN RUTA 3, PERO SE DESCONOCE EL PROPIETARIO - Apuntes de San Luis\" \/>\n<meta property=\"og:description\" content=\"Este domingo por la tarde, tras una alerta de un ciudadano, efectivos de la Direcci\u00f3n...\" \/>\n<meta property=\"og:url\" content=\"https:\/\/apuntesdesanluis.com\/index.php\/2025\/01\/27\/se-incendio-un-auto-en-ruta-3-pero-se-desconoce-el-propietario\/\" \/>\n<meta property=\"og:site_name\" content=\"Apuntes de San Luis\" \/>\n<meta property=\"article:published_time\" content=\"2025-01-27T22:00:42+00:00\" \/>\n<meta property=\"og:image\" content=\"https:\/\/apuntesdesanluis.com\/wp-content\/uploads\/2025\/01\/Imagen-de-WhatsApp-2025-01-27-a-las-10.55.59_582fe509.jpg\" \/>\n\t<meta property=\"og:image:width\" content=\"1600\" \/>\n\t<meta property=\"og:image:height\" content=\"1200\" \/>\n\t<meta property=\"og:image:type\" content=\"image\/jpeg\" \/>\n<meta name=\"author\" content=\"apuntesdesanluis.com\" \/>\n<meta name=\"twitter:card\" content=\"summary_large_image\" \/>\n<meta name=\"twitter:label1\" content=\"Escrito por\" \/>\n\t<meta name=\"twitter:data1\" content=\"apuntesdesanluis.com\" \/>\n\t<meta name=\"twitter:label2\" content=\"Tiempo de lectura\" \/>\n\t<meta name=\"twitter:data2\" content=\"2 minutos\" \/>\n<script type=\"application\/ld+json\" class=\"yoast-schema-graph\">{\"@context\":\"https:\/\/schema.org\",\"@graph\":[{\"@type\":\"Article\",\"@id\":\"https:\/\/apuntesdesanluis.com\/index.php\/2025\/01\/27\/se-incendio-un-auto-en-ruta-3-pero-se-desconoce-el-propietario\/#article\",\"isPartOf\":{\"@id\":\"https:\/\/apuntesdesanluis.com\/index.php\/2025\/01\/27\/se-incendio-un-auto-en-ruta-3-pero-se-desconoce-el-propietario\/\"},\"author\":{\"name\":\"apuntesdesanluis.com\",\"@id\":\"https:\/\/apuntesdesanluis.com\/#\/schema\/person\/b55151d52296fcce64d1a72538a70b90\"},\"headline\":\"SE INCENDI\u00d3 UN AUTO EN RUTA 3, PERO SE DESCONOCE EL PROPIETARIO\",\"datePublished\":\"2025-01-27T22:00:42+00:00\",\"mainEntityOfPage\":{\"@id\":\"https:\/\/apuntesdesanluis.com\/index.php\/2025\/01\/27\/se-incendio-un-auto-en-ruta-3-pero-se-desconoce-el-propietario\/\"},\"wordCount\":151,\"publisher\":{\"@id\":\"https:\/\/apuntesdesanluis.com\/#\/schema\/person\/b55151d52296fcce64d1a72538a70b90\"},\"image\":{\"@id\":\"https:\/\/apuntesdesanluis.com\/index.php\/2025\/01\/27\/se-incendio-un-auto-en-ruta-3-pero-se-desconoce-el-propietario\/#primaryimage\"},\"thumbnailUrl\":\"https:\/\/apuntesdesanluis.com\/wp-content\/uploads\/2025\/01\/Imagen-de-WhatsApp-2025-01-27-a-las-10.55.59_582fe509.jpg\",\"articleSection\":[\"Ciudad\/Provincia\"],\"inLanguage\":\"es-AR\"},{\"@type\":\"WebPage\",\"@id\":\"https:\/\/apuntesdesanluis.com\/index.php\/2025\/01\/27\/se-incendio-un-auto-en-ruta-3-pero-se-desconoce-el-propietario\/\",\"url\":\"https:\/\/apuntesdesanluis.com\/index.php\/2025\/01\/27\/se-incendio-un-auto-en-ruta-3-pero-se-desconoce-el-propietario\/\",\"name\":\"SE INCENDI\u00d3 UN AUTO EN RUTA 3, PERO SE DESCONOCE EL PROPIETARIO - Apuntes de San Luis\",\"isPartOf\":{\"@id\":\"https:\/\/apuntesdesanluis.com\/#website\"},\"primaryImageOfPage\":{\"@id\":\"https:\/\/apuntesdesanluis.com\/index.php\/2025\/01\/27\/se-incendio-un-auto-en-ruta-3-pero-se-desconoce-el-propietario\/#primaryimage\"},\"image\":{\"@id\":\"https:\/\/apuntesdesanluis.com\/index.php\/2025\/01\/27\/se-incendio-un-auto-en-ruta-3-pero-se-desconoce-el-propietario\/#primaryimage\"},\"thumbnailUrl\":\"https:\/\/apuntesdesanluis.com\/wp-content\/uploads\/2025\/01\/Imagen-de-WhatsApp-2025-01-27-a-las-10.55.59_582fe509.jpg\",\"datePublished\":\"2025-01-27T22:00:42+00:00\",\"breadcrumb\":{\"@id\":\"https:\/\/apuntesdesanluis.com\/index.php\/2025\/01\/27\/se-incendio-un-auto-en-ruta-3-pero-se-desconoce-el-propietario\/#breadcrumb\"},\"inLanguage\":\"es-AR\",\"potentialAction\":[{\"@type\":\"ReadAction\",\"target\":[\"https:\/\/apuntesdesanluis.com\/index.php\/2025\/01\/27\/se-incendio-un-auto-en-ruta-3-pero-se-desconoce-el-propietario\/\"]}]},{\"@type\":\"ImageObject\",\"inLanguage\":\"es-AR\",\"@id\":\"https:\/\/apuntesdesanluis.com\/index.php\/2025\/01\/27\/se-incendio-un-auto-en-ruta-3-pero-se-desconoce-el-propietario\/#primaryimage\",\"url\":\"https:\/\/apuntesdesanluis.com\/wp-content\/uploads\/2025\/01\/Imagen-de-WhatsApp-2025-01-27-a-las-10.55.59_582fe509.jpg\",\"contentUrl\":\"https:\/\/apuntesdesanluis.com\/wp-content\/uploads\/2025\/01\/Imagen-de-WhatsApp-2025-01-27-a-las-10.55.59_582fe509.jpg\",\"width\":1600,\"height\":1200},{\"@type\":\"BreadcrumbList\",\"@id\":\"https:\/\/apuntesdesanluis.com\/index.php\/2025\/01\/27\/se-incendio-un-auto-en-ruta-3-pero-se-desconoce-el-propietario\/#breadcrumb\",\"itemListElement\":[{\"@type\":\"ListItem\",\"position\":1,\"name\":\"Inicio\",\"item\":\"https:\/\/apuntesdesanluis.com\/\"},{\"@type\":\"ListItem\",\"position\":2,\"name\":\"SE INCENDI\u00d3 UN AUTO EN RUTA 3, PERO SE DESCONOCE EL PROPIETARIO\"}]},{\"@type\":\"WebSite\",\"@id\":\"https:\/\/apuntesdesanluis.com\/#website\",\"url\":\"https:\/\/apuntesdesanluis.com\/\",\"name\":\"Apuntes de San Luis\",\"description\":\"\",\"publisher\":{\"@id\":\"https:\/\/apuntesdesanluis.com\/#\/schema\/person\/b55151d52296fcce64d1a72538a70b90\"},\"potentialAction\":[{\"@type\":\"SearchAction\",\"target\":{\"@type\":\"EntryPoint\",\"urlTemplate\":\"https:\/\/apuntesdesanluis.com\/?s={search_term_string}\"},\"query-input\":{\"@type\":\"PropertyValueSpecification\",\"valueRequired\":true,\"valueName\":\"search_term_string\"}}],\"inLanguage\":\"es-AR\"},{\"@type\":[\"Person\",\"Organization\"],\"@id\":\"https:\/\/apuntesdesanluis.com\/#\/schema\/person\/b55151d52296fcce64d1a72538a70b90\",\"name\":\"apuntesdesanluis.com\",\"image\":{\"@type\":\"ImageObject\",\"inLanguage\":\"es-AR\",\"@id\":\"https:\/\/apuntesdesanluis.com\/#\/schema\/person\/image\/\",\"url\":\"https:\/\/apuntesdesanluis.com\/wp-content\/uploads\/2023\/07\/cropped-apuntesdesanluis.png\",\"contentUrl\":\"https:\/\/apuntesdesanluis.com\/wp-content\/uploads\/2023\/07\/cropped-apuntesdesanluis.png\",\"width\":450,\"height\":112,\"caption\":\"apuntesdesanluis.com\"},\"logo\":{\"@id\":\"https:\/\/apuntesdesanluis.com\/#\/schema\/person\/image\/\"},\"sameAs\":[\"https:\/\/apuntesdesanluis.com\"],\"url\":\"https:\/\/apuntesdesanluis.com\/index.php\/author\/apuntesdesanluis-com\/\"}]}<\/script>\n<!-- \/ Yoast SEO plugin. -->","yoast_head_json":{"title":"SE INCENDI\u00d3 UN AUTO EN RUTA 3, PERO SE DESCONOCE EL PROPIETARIO - Apuntes de San Luis","robots":{"index":"index","follow":"follow","max-snippet":"max-snippet:-1","max-image-preview":"max-image-preview:large","max-video-preview":"max-video-preview:-1"},"canonical":"https:\/\/apuntesdesanluis.com\/index.php\/2025\/01\/27\/se-incendio-un-auto-en-ruta-3-pero-se-desconoce-el-propietario\/","og_locale":"es_ES","og_type":"article","og_title":"SE INCENDI\u00d3 UN AUTO EN RUTA 3, PERO SE DESCONOCE EL PROPIETARIO - Apuntes de San Luis","og_description":"Este domingo por la tarde, tras una alerta de un ciudadano, efectivos de la Direcci\u00f3n...","og_url":"https:\/\/apuntesdesanluis.com\/index.php\/2025\/01\/27\/se-incendio-un-auto-en-ruta-3-pero-se-desconoce-el-propietario\/","og_site_name":"Apuntes de San Luis","article_published_time":"2025-01-27T22:00:42+00:00","og_image":[{"width":1600,"height":1200,"url":"https:\/\/apuntesdesanluis.com\/wp-content\/uploads\/2025\/01\/Imagen-de-WhatsApp-2025-01-27-a-las-10.55.59_582fe509.jpg","type":"image\/jpeg"}],"author":"apuntesdesanluis.com","twitter_card":"summary_large_image","twitter_misc":{"Escrito por":"apuntesdesanluis.com","Tiempo de lectura":"2 minutos"},"schema":{"@context":"https:\/\/schema.org","@graph":[{"@type":"Article","@id":"https:\/\/apuntesdesanluis.com\/index.php\/2025\/01\/27\/se-incendio-un-auto-en-ruta-3-pero-se-desconoce-el-propietario\/#article","isPartOf":{"@id":"https:\/\/apuntesdesanluis.com\/index.php\/2025\/01\/27\/se-incendio-un-auto-en-ruta-3-pero-se-desconoce-el-propietario\/"},"author":{"name":"apuntesdesanluis.com","@id":"https:\/\/apuntesdesanluis.com\/#\/schema\/person\/b55151d52296fcce64d1a72538a70b90"},"headline":"SE INCENDI\u00d3 UN AUTO EN RUTA 3, PERO SE DESCONOCE EL PROPIETARIO","datePublished":"2025-01-27T22:00:42+00:00","mainEntityOfPage":{"@id":"https:\/\/apuntesdesanluis.com\/index.php\/2025\/01\/27\/se-incendio-un-auto-en-ruta-3-pero-se-desconoce-el-propietario\/"},"wordCount":151,"publisher":{"@id":"https:\/\/apuntesdesanluis.com\/#\/schema\/person\/b55151d52296fcce64d1a72538a70b90"},"image":{"@id":"https:\/\/apuntesdesanluis.com\/index.php\/2025\/01\/27\/se-incendio-un-auto-en-ruta-3-pero-se-desconoce-el-propietario\/#primaryimage"},"thumbnailUrl":"https:\/\/apuntesdesanluis.com\/wp-content\/uploads\/2025\/01\/Imagen-de-WhatsApp-2025-01-27-a-las-10.55.59_582fe509.jpg","articleSection":["Ciudad\/Provincia"],"inLanguage":"es-AR"},{"@type":"WebPage","@id":"https:\/\/apuntesdesanluis.com\/index.php\/2025\/01\/27\/se-incendio-un-auto-en-ruta-3-pero-se-desconoce-el-propietario\/","url":"https:\/\/apuntesdesanluis.com\/index.php\/2025\/01\/27\/se-incendio-un-auto-en-ruta-3-pero-se-desconoce-el-propietario\/","name":"SE INCENDI\u00d3 UN AUTO EN RUTA 3, PERO SE DESCONOCE EL PROPIETARIO - Apuntes de San Luis","isPartOf":{"@id":"https:\/\/apuntesdesanluis.com\/#website"},"primaryImageOfPage":{"@id":"https:\/\/apuntesdesanluis.com\/index.php\/2025\/01\/27\/se-incendio-un-auto-en-ruta-3-pero-se-desconoce-el-propietario\/#primaryimage"},"image":{"@id":"https:\/\/apuntesdesanluis.com\/index.php\/2025\/01\/27\/se-incendio-un-auto-en-ruta-3-pero-se-desconoce-el-propietario\/#primaryimage"},"thumbnailUrl":"https:\/\/apuntesdesanluis.com\/wp-content\/uploads\/2025\/01\/Imagen-de-WhatsApp-2025-01-27-a-las-10.55.59_582fe509.jpg","datePublished":"2025-01-27T22:00:42+00:00","breadcrumb":{"@id":"https:\/\/apuntesdesanluis.com\/index.php\/2025\/01\/27\/se-incendio-un-auto-en-ruta-3-pero-se-desconoce-el-propietario\/#breadcrumb"},"inLanguage":"es-AR","potentialAction":[{"@type":"ReadAction","target":["https:\/\/apuntesdesanluis.com\/index.php\/2025\/01\/27\/se-incendio-un-auto-en-ruta-3-pero-se-desconoce-el-propietario\/"]}]},{"@type":"ImageObject","inLanguage":"es-AR","@id":"https:\/\/apuntesdesanluis.com\/index.php\/2025\/01\/27\/se-incendio-un-auto-en-ruta-3-pero-se-desconoce-el-propietario\/#primaryimage","url":"https:\/\/apuntesdesanluis.com\/wp-content\/uploads\/2025\/01\/Imagen-de-WhatsApp-2025-01-27-a-las-10.55.59_582fe509.jpg","contentUrl":"https:\/\/apuntesdesanluis.com\/wp-content\/uploads\/2025\/01\/Imagen-de-WhatsApp-2025-01-27-a-las-10.55.59_582fe509.jpg","width":1600,"height":1200},{"@type":"BreadcrumbList","@id":"https:\/\/apuntesdesanluis.com\/index.php\/2025\/01\/27\/se-incendio-un-auto-en-ruta-3-pero-se-desconoce-el-propietario\/#breadcrumb","itemListElement":[{"@type":"ListItem","position":1,"name":"Inicio","item":"https:\/\/apuntesdesanluis.com\/"},{"@type":"ListItem","position":2,"name":"SE INCENDI\u00d3 UN AUTO EN RUTA 3, PERO SE DESCONOCE EL PROPIETARIO"}]},{"@type":"WebSite","@id":"https:\/\/apuntesdesanluis.com\/#website","url":"https:\/\/apuntesdesanluis.com\/","name":"Apuntes de San Luis","description":"","publisher":{"@id":"https:\/\/apuntesdesanluis.com\/#\/schema\/person\/b55151d52296fcce64d1a72538a70b90"},"potentialAction":[{"@type":"SearchAction","target":{"@type":"EntryPoint","urlTemplate":"https:\/\/apuntesdesanluis.com\/?s={search_term_string}"},"query-input":{"@type":"PropertyValueSpecification","valueRequired":true,"valueName":"search_term_string"}}],"inLanguage":"es-AR"},{"@type":["Person","Organization"],"@id":"https:\/\/apuntesdesanluis.com\/#\/schema\/person\/b55151d52296fcce64d1a72538a70b90","name":"apuntesdesanluis.com","image":{"@type":"ImageObject","inLanguage":"es-AR","@id":"https:\/\/apuntesdesanluis.com\/#\/schema\/person\/image\/","url":"https:\/\/apuntesdesanluis.com\/wp-content\/uploads\/2023\/07\/cropped-apuntesdesanluis.png","contentUrl":"https:\/\/apuntesdesanluis.com\/wp-content\/uploads\/2023\/07\/cropped-apuntesdesanluis.png","width":450,"height":112,"caption":"apuntesdesanluis.com"},"logo":{"@id":"https:\/\/apuntesdesanluis.com\/#\/schema\/person\/image\/"},"sameAs":["https:\/\/apuntesdesanluis.com"],"url":"https:\/\/apuntesdesanluis.com\/index.php\/author\/apuntesdesanluis-com\/"}]}},"featured_image_urls":{"full":["https:\/\/apuntesdesanluis.com\/wp-content\/uploads\/2025\/01\/Imagen-de-WhatsApp-2025-01-27-a-las-10.55.59_582fe509.jpg",1600,1200,false],"thumbnail":["https:\/\/apuntesdesanluis.com\/wp-content\/uploads\/2025\/01\/Imagen-de-WhatsApp-2025-01-27-a-las-10.55.59_582fe509-150x150.jpg",150,150,true],"medium":["https:\/\/apuntesdesanluis.com\/wp-content\/uploads\/2025\/01\/Imagen-de-WhatsApp-2025-01-27-a-las-10.55.59_582fe509-300x225.jpg",300,225,true],"medium_large":["https:\/\/apuntesdesanluis.com\/wp-content\/uploads\/2025\/01\/Imagen-de-WhatsApp-2025-01-27-a-las-10.55.59_582fe509-768x576.jpg",640,480,true],"large":["https:\/\/apuntesdesanluis.com\/wp-content\/uploads\/2025\/01\/Imagen-de-WhatsApp-2025-01-27-a-las-10.55.59_582fe509-1024x768.jpg",640,480,true],"1536x1536":["https:\/\/apuntesdesanluis.com\/wp-content\/uploads\/2025\/01\/Imagen-de-WhatsApp-2025-01-27-a-las-10.55.59_582fe509-1536x1152.jpg",1536,1152,true],"2048x2048":["https:\/\/apuntesdesanluis.com\/wp-content\/uploads\/2025\/01\/Imagen-de-WhatsApp-2025-01-27-a-las-10.55.59_582fe509.jpg",1600,1200,false],"newsever-slider-full":["https:\/\/apuntesdesanluis.com\/wp-content\/uploads\/2025\/01\/Imagen-de-WhatsApp-2025-01-27-a-las-10.55.59_582fe509-1280x845.jpg",1280,845,true],"newsever-featured":["https:\/\/apuntesdesanluis.com\/wp-content\/uploads\/2025\/01\/Imagen-de-WhatsApp-2025-01-27-a-las-10.55.59_582fe509-1024x768.jpg",1024,768,true],"newsever-medium":["https:\/\/apuntesdesanluis.com\/wp-content\/uploads\/2025\/01\/Imagen-de-WhatsApp-2025-01-27-a-las-10.55.59_582fe509-720x475.jpg",720,475,true]},"author_info":{"display_name":"apuntesdesanluis.com","author_link":"https:\/\/apuntesdesanluis.com\/index.php\/author\/apuntesdesanluis-com\/"},"category_info":"<a href=\"https:\/\/apuntesdesanluis.com\/index.php\/category\/ciudad-provincia\/\" rel=\"category tag\">Ciudad\/Provincia<\/a>","tag_info":"Ciudad\/Provincia","comment_count":"0","_links":{"self":[{"href":"https:\/\/apuntesdesanluis.com\/index.php\/wp-json\/wp\/v2\/posts\/28249","targetHints":{"allow":["GET"]}}],"collection":[{"href":"https:\/\/apuntesdesanluis.com\/index.php\/wp-json\/wp\/v2\/posts"}],"about":[{"href":"https:\/\/apuntesdesanluis.com\/index.php\/wp-json\/wp\/v2\/types\/post"}],"author":[{"embeddable":true,"href":"https:\/\/apuntesdesanluis.com\/index.php\/wp-json\/wp\/v2\/users\/1"}],"replies":[{"embeddable":true,"href":"https:\/\/apuntesdesanluis.com\/index.php\/wp-json\/wp\/v2\/comments?post=28249"}],"version-history":[{"count":1,"href":"https:\/\/apuntesdesanluis.com\/index.php\/wp-json\/wp\/v2\/posts\/28249\/revisions"}],"predecessor-version":[{"id":28252,"href":"https:\/\/apuntesdesanluis.com\/index.php\/wp-json\/wp\/v2\/posts\/28249\/revisions\/28252"}],"wp:featuredmedia":[{"embeddable":true,"href":"https:\/\/apuntesdesanluis.com\/index.php\/wp-json\/wp\/v2\/media\/28250"}],"wp:attachment":[{"href":"https:\/\/apuntesdesanluis.com\/index.php\/wp-json\/wp\/v2\/media?parent=28249"}],"wp:term":[{"taxonomy":"category","embeddable":true,"href":"https:\/\/apuntesdesanluis.com\/index.php\/wp-json\/wp\/v2\/categories?post=28249"},{"taxonomy":"post_tag","embeddable":true,"href":"https:\/\/apuntesdesanluis.com\/index.php\/wp-json\/wp\/v2\/tags?post=28249"}],"curies":[{"name":"wp","href":"https:\/\/api.w.org\/{rel}","templated":true}]}}