{"id":28253,"date":"2025-01-27T19:26:32","date_gmt":"2025-01-27T22:26:32","guid":{"rendered":"https:\/\/apuntesdesanluis.com\/?p=28253"},"modified":"2025-01-27T19:35:34","modified_gmt":"2025-01-27T22:35:34","slug":"cerca-de-cien-mil-personas-pasaron-por-la-36-fiesta-nacional-de-la-calle-angosta","status":"publish","type":"post","link":"https:\/\/apuntesdesanluis.com\/index.php\/2025\/01\/27\/cerca-de-cien-mil-personas-pasaron-por-la-36-fiesta-nacional-de-la-calle-angosta\/","title":{"rendered":"CERCA DE CIEN MIL PERSONAS PASARON POR LA 36\u00b0 FIESTA NACIONAL DE LA CALLE ANGOSTA"},"content":{"rendered":"<h3><strong>La Barra<\/strong> le puso el broche de oro a cuatro noches incre\u00edbles, en las que brillaron artistas de todos los g\u00e9neros musicales y de la danza y donde el clima esta vez acompa\u00f1\u00f3 a la fiesta focl\u00f3rica m\u00e1s importante de la provincia.<\/h3>\n<h3>La <strong>Municipalidad de Villa Mercedes<\/strong> calcul\u00f3 que aproximadamente <strong>100 mil personas<\/strong> asistieron a la 36\u00b0 edici\u00f3n de la Fiesta Nacional de la Calle Angosta, la cual se desarroll\u00f3 con una excelente organizaci\u00f3n y sin que se registraran incidentes de ninguna naturaleza.<\/h3>\n<h3>Para que ello fuera posible, se afectaron m\u00e1s de 200 personas, las que trabajaron incansablemente para que la fiesta fuera un \u00e9xito.<\/h3>\n<p><img fetchpriority=\"high\" decoding=\"async\" class=\"wp-image-28268 aligncenter\" src=\"https:\/\/apuntesdesanluis.com\/wp-content\/uploads\/2025\/01\/grupal-300x156.png\" alt=\"\" width=\"644\" height=\"335\" srcset=\"https:\/\/apuntesdesanluis.com\/wp-content\/uploads\/2025\/01\/grupal-300x156.png 300w, https:\/\/apuntesdesanluis.com\/wp-content\/uploads\/2025\/01\/grupal-768x398.png 768w, https:\/\/apuntesdesanluis.com\/wp-content\/uploads\/2025\/01\/grupal.png 939w\" sizes=\"(max-width: 644px) 100vw, 644px\" \/><\/p>\n<h3>El intendente <strong>Maximiliano Frontera<\/strong> destac\u00f3 el trabajo del personal, agradeci\u00f3 la presencia y apoyo del gobierno provincial y expres\u00f3 su satisfacci\u00f3n por el desarrollo de la fiesta y lo que significa como s\u00edmbolo cultural de la ciudad.<\/h3>\n<h3><a href=\"https:\/\/www.facebook.com\/reel\/1175594037313924\" target=\"_blank\" rel=\"noopener\"><img decoding=\"async\" class=\"wp-image-28270 aligncenter\" src=\"https:\/\/apuntesdesanluis.com\/wp-content\/uploads\/2025\/01\/cien-mil-300x292.png\" alt=\"\" width=\"607\" height=\"591\" srcset=\"https:\/\/apuntesdesanluis.com\/wp-content\/uploads\/2025\/01\/cien-mil-300x292.png 300w, https:\/\/apuntesdesanluis.com\/wp-content\/uploads\/2025\/01\/cien-mil.png 499w\" sizes=\"(max-width: 607px) 100vw, 607px\" \/><\/a><\/h3>\n<h4 style=\"text-align: center;\"><span style=\"color: #3366ff;\"><em>(Hacer click sobre la imagen para ver el reel)<\/em><\/span><\/h4>\n<h3>Participaron las diferentes secretarias y \u00e1reas del Municipio que estuvieron a disposici\u00f3n de la comunidad. Tambi\u00e9n se destac\u00f3 el trabajo incansable de Defensa Civil, los Bomberos Voluntarios El Fort\u00edn que estuvieron a cargo del estacionamiento, la Polic\u00eda Municipal y Provincial, Prevenci\u00f3n Ciudadana, Personal de Salud, Ambulancias, Seguridad, personal de Cocina y \u00e1reas del gobierno provincial como Secretar\u00eda de Personas con Discapacidad.<\/h3>\n<h3><span style=\"color: #3366ff;\"><strong>GALER\u00cdA DE FOTOS<\/strong><\/span><\/h3>\n<p><img decoding=\"async\" class=\"wp-image-28255 aligncenter\" src=\"https:\/\/apuntesdesanluis.com\/wp-content\/uploads\/2025\/01\/la-barra-300x205.png\" alt=\"\" width=\"596\" height=\"407\" srcset=\"https:\/\/apuntesdesanluis.com\/wp-content\/uploads\/2025\/01\/la-barra-300x205.png 300w, https:\/\/apuntesdesanluis.com\/wp-content\/uploads\/2025\/01\/la-barra.png 737w\" sizes=\"(max-width: 596px) 100vw, 596px\" \/><\/p>\n<p><img loading=\"lazy\" decoding=\"async\" class=\"wp-image-28256 aligncenter\" src=\"https:\/\/apuntesdesanluis.com\/wp-content\/uploads\/2025\/01\/maxi-300x189.png\" alt=\"\" width=\"597\" height=\"376\" srcset=\"https:\/\/apuntesdesanluis.com\/wp-content\/uploads\/2025\/01\/maxi-300x189.png 300w, https:\/\/apuntesdesanluis.com\/wp-content\/uploads\/2025\/01\/maxi-768x485.png 768w, https:\/\/apuntesdesanluis.com\/wp-content\/uploads\/2025\/01\/maxi.png 795w\" sizes=\"(max-width: 597px) 100vw, 597px\" \/><\/p>\n<p><img loading=\"lazy\" decoding=\"async\" class=\"wp-image-28257 aligncenter\" src=\"https:\/\/apuntesdesanluis.com\/wp-content\/uploads\/2025\/01\/promotoiras-300x192.png\" alt=\"\" width=\"598\" height=\"383\" srcset=\"https:\/\/apuntesdesanluis.com\/wp-content\/uploads\/2025\/01\/promotoiras-300x192.png 300w, https:\/\/apuntesdesanluis.com\/wp-content\/uploads\/2025\/01\/promotoiras-768x493.png 768w, https:\/\/apuntesdesanluis.com\/wp-content\/uploads\/2025\/01\/promotoiras.png 890w\" sizes=\"(max-width: 598px) 100vw, 598px\" \/><\/p>\n<p><img loading=\"lazy\" decoding=\"async\" class=\"wp-image-28258 aligncenter\" src=\"https:\/\/apuntesdesanluis.com\/wp-content\/uploads\/2025\/01\/poggi-1-300x167.png\" alt=\"\" width=\"600\" height=\"334\" srcset=\"https:\/\/apuntesdesanluis.com\/wp-content\/uploads\/2025\/01\/poggi-1-300x167.png 300w, https:\/\/apuntesdesanluis.com\/wp-content\/uploads\/2025\/01\/poggi-1-768x426.png 768w, https:\/\/apuntesdesanluis.com\/wp-content\/uploads\/2025\/01\/poggi-1.png 807w\" sizes=\"(max-width: 600px) 100vw, 600px\" \/><\/p>\n<p><img loading=\"lazy\" decoding=\"async\" class=\"wp-image-28259 aligncenter\" src=\"https:\/\/apuntesdesanluis.com\/wp-content\/uploads\/2025\/01\/mujeres-300x178.png\" alt=\"\" width=\"598\" height=\"355\" srcset=\"https:\/\/apuntesdesanluis.com\/wp-content\/uploads\/2025\/01\/mujeres-300x178.png 300w, https:\/\/apuntesdesanluis.com\/wp-content\/uploads\/2025\/01\/mujeres-768x457.png 768w, https:\/\/apuntesdesanluis.com\/wp-content\/uploads\/2025\/01\/mujeres.png 866w\" sizes=\"(max-width: 598px) 100vw, 598px\" \/><\/p>\n<p><img loading=\"lazy\" decoding=\"async\" class=\"wp-image-28260 aligncenter\" src=\"https:\/\/apuntesdesanluis.com\/wp-content\/uploads\/2025\/01\/cujaretetero-300x228.png\" alt=\"\" width=\"601\" height=\"457\" srcset=\"https:\/\/apuntesdesanluis.com\/wp-content\/uploads\/2025\/01\/cujaretetero-300x228.png 300w, https:\/\/apuntesdesanluis.com\/wp-content\/uploads\/2025\/01\/cujaretetero-768x584.png 768w, https:\/\/apuntesdesanluis.com\/wp-content\/uploads\/2025\/01\/cujaretetero.png 773w\" sizes=\"(max-width: 601px) 100vw, 601px\" \/><\/p>\n<p><img loading=\"lazy\" decoding=\"async\" class=\"wp-image-28261 aligncenter\" src=\"https:\/\/apuntesdesanluis.com\/wp-content\/uploads\/2025\/01\/arneli-300x269.png\" alt=\"\" width=\"603\" height=\"541\" srcset=\"https:\/\/apuntesdesanluis.com\/wp-content\/uploads\/2025\/01\/arneli-300x269.png 300w, https:\/\/apuntesdesanluis.com\/wp-content\/uploads\/2025\/01\/arneli.png 658w\" sizes=\"(max-width: 603px) 100vw, 603px\" \/><\/p>\n<p><img loading=\"lazy\" decoding=\"async\" class=\"wp-image-28262 aligncenter\" src=\"https:\/\/apuntesdesanluis.com\/wp-content\/uploads\/2025\/01\/policia-1-300x208.png\" alt=\"\" width=\"604\" height=\"419\" srcset=\"https:\/\/apuntesdesanluis.com\/wp-content\/uploads\/2025\/01\/policia-1-300x208.png 300w, https:\/\/apuntesdesanluis.com\/wp-content\/uploads\/2025\/01\/policia-1-768x533.png 768w, https:\/\/apuntesdesanluis.com\/wp-content\/uploads\/2025\/01\/policia-1.png 880w\" sizes=\"(max-width: 604px) 100vw, 604px\" \/><\/p>\n<p><img loading=\"lazy\" decoding=\"async\" class=\"wp-image-28263 aligncenter\" src=\"https:\/\/apuntesdesanluis.com\/wp-content\/uploads\/2025\/01\/zabrosona-300x151.png\" alt=\"\" width=\"606\" height=\"305\" srcset=\"https:\/\/apuntesdesanluis.com\/wp-content\/uploads\/2025\/01\/zabrosona-300x151.png 300w, https:\/\/apuntesdesanluis.com\/wp-content\/uploads\/2025\/01\/zabrosona-768x388.png 768w, https:\/\/apuntesdesanluis.com\/wp-content\/uploads\/2025\/01\/zabrosona.png 874w\" sizes=\"(max-width: 606px) 100vw, 606px\" \/><\/p>\n<p><img loading=\"lazy\" decoding=\"async\" class=\"wp-image-28264 aligncenter\" src=\"https:\/\/apuntesdesanluis.com\/wp-content\/uploads\/2025\/01\/mas-gente-300x168.png\" alt=\"\" width=\"605\" height=\"339\" srcset=\"https:\/\/apuntesdesanluis.com\/wp-content\/uploads\/2025\/01\/mas-gente-300x168.png 300w, https:\/\/apuntesdesanluis.com\/wp-content\/uploads\/2025\/01\/mas-gente-768x431.png 768w, https:\/\/apuntesdesanluis.com\/wp-content\/uploads\/2025\/01\/mas-gente.png 956w\" sizes=\"(max-width: 605px) 100vw, 605px\" \/><\/p>\n<p><img loading=\"lazy\" decoding=\"async\" class=\"wp-image-28265 aligncenter\" src=\"https:\/\/apuntesdesanluis.com\/wp-content\/uploads\/2025\/01\/defensa-civil-300x200.png\" alt=\"\" width=\"609\" height=\"406\" srcset=\"https:\/\/apuntesdesanluis.com\/wp-content\/uploads\/2025\/01\/defensa-civil-300x200.png 300w, https:\/\/apuntesdesanluis.com\/wp-content\/uploads\/2025\/01\/defensa-civil-768x511.png 768w, https:\/\/apuntesdesanluis.com\/wp-content\/uploads\/2025\/01\/defensa-civil.png 883w\" sizes=\"(max-width: 609px) 100vw, 609px\" \/><\/p>\n<p><img loading=\"lazy\" decoding=\"async\" class=\"wp-image-28266 aligncenter\" src=\"https:\/\/apuntesdesanluis.com\/wp-content\/uploads\/2025\/01\/proyeccion-300x194.png\" alt=\"\" width=\"609\" height=\"394\" srcset=\"https:\/\/apuntesdesanluis.com\/wp-content\/uploads\/2025\/01\/proyeccion-300x194.png 300w, https:\/\/apuntesdesanluis.com\/wp-content\/uploads\/2025\/01\/proyeccion-768x496.png 768w, https:\/\/apuntesdesanluis.com\/wp-content\/uploads\/2025\/01\/proyeccion.png 847w\" sizes=\"(max-width: 609px) 100vw, 609px\" \/><\/p>\n<p><img loading=\"lazy\" decoding=\"async\" class=\"wp-image-28267 aligncenter\" src=\"https:\/\/apuntesdesanluis.com\/wp-content\/uploads\/2025\/01\/publico-300x157.png\" alt=\"\" width=\"610\" height=\"319\" srcset=\"https:\/\/apuntesdesanluis.com\/wp-content\/uploads\/2025\/01\/publico-300x157.png 300w, https:\/\/apuntesdesanluis.com\/wp-content\/uploads\/2025\/01\/publico-768x402.png 768w, https:\/\/apuntesdesanluis.com\/wp-content\/uploads\/2025\/01\/publico.png 951w\" sizes=\"(max-width: 610px) 100vw, 610px\" \/><\/p>\n<p>&nbsp;<\/p>\n","protected":false},"excerpt":{"rendered":"<p>La Barra le puso el broche de oro a cuatro noches incre\u00edbles, en las que&#8230;<\/p>\n","protected":false},"author":1,"featured_media":28254,"comment_status":"closed","ping_status":"closed","sticky":false,"template":"","format":"standard","meta":{"footnotes":""},"categories":[6],"tags":[],"class_list":["post-28253","post","type-post","status-publish","format-standard","has-post-thumbnail","hentry","category-ciudad-provincia"],"yoast_head":"<!-- This site is optimized with the Yoast SEO plugin v26.1.1 - https:\/\/yoast.com\/wordpress\/plugins\/seo\/ -->\n<title>CERCA DE CIEN MIL PERSONAS PASARON POR LA 36\u00b0 FIESTA NACIONAL DE LA CALLE ANGOSTA - Apuntes de San Luis<\/title>\n<meta name=\"robots\" content=\"index, follow, max-snippet:-1, max-image-preview:large, max-video-preview:-1\" \/>\n<link rel=\"canonical\" href=\"https:\/\/apuntesdesanluis.com\/index.php\/2025\/01\/27\/cerca-de-cien-mil-personas-pasaron-por-la-36-fiesta-nacional-de-la-calle-angosta\/\" \/>\n<meta property=\"og:locale\" content=\"es_ES\" \/>\n<meta property=\"og:type\" content=\"article\" \/>\n<meta property=\"og:title\" content=\"CERCA DE CIEN MIL PERSONAS PASARON POR LA 36\u00b0 FIESTA NACIONAL DE LA CALLE ANGOSTA - Apuntes de San Luis\" \/>\n<meta property=\"og:description\" content=\"La Barra le puso el broche de oro a cuatro noches incre\u00edbles, en las que...\" \/>\n<meta property=\"og:url\" content=\"https:\/\/apuntesdesanluis.com\/index.php\/2025\/01\/27\/cerca-de-cien-mil-personas-pasaron-por-la-36-fiesta-nacional-de-la-calle-angosta\/\" \/>\n<meta property=\"og:site_name\" content=\"Apuntes de San Luis\" \/>\n<meta property=\"article:published_time\" content=\"2025-01-27T22:26:32+00:00\" \/>\n<meta property=\"article:modified_time\" content=\"2025-01-27T22:35:34+00:00\" \/>\n<meta property=\"og:image\" content=\"https:\/\/apuntesdesanluis.com\/wp-content\/uploads\/2025\/01\/gente.png\" \/>\n\t<meta property=\"og:image:width\" content=\"955\" \/>\n\t<meta property=\"og:image:height\" content=\"514\" \/>\n\t<meta property=\"og:image:type\" content=\"image\/png\" \/>\n<meta name=\"author\" content=\"apuntesdesanluis.com\" \/>\n<meta name=\"twitter:card\" content=\"summary_large_image\" \/>\n<meta name=\"twitter:label1\" content=\"Escrito por\" \/>\n\t<meta name=\"twitter:data1\" content=\"apuntesdesanluis.com\" \/>\n\t<meta name=\"twitter:label2\" content=\"Tiempo de lectura\" \/>\n\t<meta name=\"twitter:data2\" content=\"5 minutos\" \/>\n<script type=\"application\/ld+json\" class=\"yoast-schema-graph\">{\"@context\":\"https:\/\/schema.org\",\"@graph\":[{\"@type\":\"Article\",\"@id\":\"https:\/\/apuntesdesanluis.com\/index.php\/2025\/01\/27\/cerca-de-cien-mil-personas-pasaron-por-la-36-fiesta-nacional-de-la-calle-angosta\/#article\",\"isPartOf\":{\"@id\":\"https:\/\/apuntesdesanluis.com\/index.php\/2025\/01\/27\/cerca-de-cien-mil-personas-pasaron-por-la-36-fiesta-nacional-de-la-calle-angosta\/\"},\"author\":{\"name\":\"apuntesdesanluis.com\",\"@id\":\"https:\/\/apuntesdesanluis.com\/#\/schema\/person\/b55151d52296fcce64d1a72538a70b90\"},\"headline\":\"CERCA DE CIEN MIL PERSONAS PASARON POR LA 36\u00b0 FIESTA NACIONAL DE LA CALLE ANGOSTA\",\"datePublished\":\"2025-01-27T22:26:32+00:00\",\"dateModified\":\"2025-01-27T22:35:34+00:00\",\"mainEntityOfPage\":{\"@id\":\"https:\/\/apuntesdesanluis.com\/index.php\/2025\/01\/27\/cerca-de-cien-mil-personas-pasaron-por-la-36-fiesta-nacional-de-la-calle-angosta\/\"},\"wordCount\":243,\"publisher\":{\"@id\":\"https:\/\/apuntesdesanluis.com\/#\/schema\/person\/b55151d52296fcce64d1a72538a70b90\"},\"image\":{\"@id\":\"https:\/\/apuntesdesanluis.com\/index.php\/2025\/01\/27\/cerca-de-cien-mil-personas-pasaron-por-la-36-fiesta-nacional-de-la-calle-angosta\/#primaryimage\"},\"thumbnailUrl\":\"https:\/\/apuntesdesanluis.com\/wp-content\/uploads\/2025\/01\/gente.png\",\"articleSection\":[\"Ciudad\/Provincia\"],\"inLanguage\":\"es-AR\"},{\"@type\":\"WebPage\",\"@id\":\"https:\/\/apuntesdesanluis.com\/index.php\/2025\/01\/27\/cerca-de-cien-mil-personas-pasaron-por-la-36-fiesta-nacional-de-la-calle-angosta\/\",\"url\":\"https:\/\/apuntesdesanluis.com\/index.php\/2025\/01\/27\/cerca-de-cien-mil-personas-pasaron-por-la-36-fiesta-nacional-de-la-calle-angosta\/\",\"name\":\"CERCA DE CIEN MIL PERSONAS PASARON POR LA 36\u00b0 FIESTA NACIONAL DE LA CALLE ANGOSTA - Apuntes de San Luis\",\"isPartOf\":{\"@id\":\"https:\/\/apuntesdesanluis.com\/#website\"},\"primaryImageOfPage\":{\"@id\":\"https:\/\/apuntesdesanluis.com\/index.php\/2025\/01\/27\/cerca-de-cien-mil-personas-pasaron-por-la-36-fiesta-nacional-de-la-calle-angosta\/#primaryimage\"},\"image\":{\"@id\":\"https:\/\/apuntesdesanluis.com\/index.php\/2025\/01\/27\/cerca-de-cien-mil-personas-pasaron-por-la-36-fiesta-nacional-de-la-calle-angosta\/#primaryimage\"},\"thumbnailUrl\":\"https:\/\/apuntesdesanluis.com\/wp-content\/uploads\/2025\/01\/gente.png\",\"datePublished\":\"2025-01-27T22:26:32+00:00\",\"dateModified\":\"2025-01-27T22:35:34+00:00\",\"breadcrumb\":{\"@id\":\"https:\/\/apuntesdesanluis.com\/index.php\/2025\/01\/27\/cerca-de-cien-mil-personas-pasaron-por-la-36-fiesta-nacional-de-la-calle-angosta\/#breadcrumb\"},\"inLanguage\":\"es-AR\",\"potentialAction\":[{\"@type\":\"ReadAction\",\"target\":[\"https:\/\/apuntesdesanluis.com\/index.php\/2025\/01\/27\/cerca-de-cien-mil-personas-pasaron-por-la-36-fiesta-nacional-de-la-calle-angosta\/\"]}]},{\"@type\":\"ImageObject\",\"inLanguage\":\"es-AR\",\"@id\":\"https:\/\/apuntesdesanluis.com\/index.php\/2025\/01\/27\/cerca-de-cien-mil-personas-pasaron-por-la-36-fiesta-nacional-de-la-calle-angosta\/#primaryimage\",\"url\":\"https:\/\/apuntesdesanluis.com\/wp-content\/uploads\/2025\/01\/gente.png\",\"contentUrl\":\"https:\/\/apuntesdesanluis.com\/wp-content\/uploads\/2025\/01\/gente.png\",\"width\":955,\"height\":514},{\"@type\":\"BreadcrumbList\",\"@id\":\"https:\/\/apuntesdesanluis.com\/index.php\/2025\/01\/27\/cerca-de-cien-mil-personas-pasaron-por-la-36-fiesta-nacional-de-la-calle-angosta\/#breadcrumb\",\"itemListElement\":[{\"@type\":\"ListItem\",\"position\":1,\"name\":\"Inicio\",\"item\":\"https:\/\/apuntesdesanluis.com\/\"},{\"@type\":\"ListItem\",\"position\":2,\"name\":\"CERCA DE CIEN MIL PERSONAS PASARON POR LA 36\u00b0 FIESTA NACIONAL DE LA CALLE ANGOSTA\"}]},{\"@type\":\"WebSite\",\"@id\":\"https:\/\/apuntesdesanluis.com\/#website\",\"url\":\"https:\/\/apuntesdesanluis.com\/\",\"name\":\"Apuntes de San Luis\",\"description\":\"\",\"publisher\":{\"@id\":\"https:\/\/apuntesdesanluis.com\/#\/schema\/person\/b55151d52296fcce64d1a72538a70b90\"},\"potentialAction\":[{\"@type\":\"SearchAction\",\"target\":{\"@type\":\"EntryPoint\",\"urlTemplate\":\"https:\/\/apuntesdesanluis.com\/?s={search_term_string}\"},\"query-input\":{\"@type\":\"PropertyValueSpecification\",\"valueRequired\":true,\"valueName\":\"search_term_string\"}}],\"inLanguage\":\"es-AR\"},{\"@type\":[\"Person\",\"Organization\"],\"@id\":\"https:\/\/apuntesdesanluis.com\/#\/schema\/person\/b55151d52296fcce64d1a72538a70b90\",\"name\":\"apuntesdesanluis.com\",\"image\":{\"@type\":\"ImageObject\",\"inLanguage\":\"es-AR\",\"@id\":\"https:\/\/apuntesdesanluis.com\/#\/schema\/person\/image\/\",\"url\":\"https:\/\/apuntesdesanluis.com\/wp-content\/uploads\/2023\/07\/cropped-apuntesdesanluis.png\",\"contentUrl\":\"https:\/\/apuntesdesanluis.com\/wp-content\/uploads\/2023\/07\/cropped-apuntesdesanluis.png\",\"width\":450,\"height\":112,\"caption\":\"apuntesdesanluis.com\"},\"logo\":{\"@id\":\"https:\/\/apuntesdesanluis.com\/#\/schema\/person\/image\/\"},\"sameAs\":[\"https:\/\/apuntesdesanluis.com\"],\"url\":\"https:\/\/apuntesdesanluis.com\/index.php\/author\/apuntesdesanluis-com\/\"}]}<\/script>\n<!-- \/ Yoast SEO plugin. -->","yoast_head_json":{"title":"CERCA DE CIEN MIL PERSONAS PASARON POR LA 36\u00b0 FIESTA NACIONAL DE LA CALLE ANGOSTA - Apuntes de San Luis","robots":{"index":"index","follow":"follow","max-snippet":"max-snippet:-1","max-image-preview":"max-image-preview:large","max-video-preview":"max-video-preview:-1"},"canonical":"https:\/\/apuntesdesanluis.com\/index.php\/2025\/01\/27\/cerca-de-cien-mil-personas-pasaron-por-la-36-fiesta-nacional-de-la-calle-angosta\/","og_locale":"es_ES","og_type":"article","og_title":"CERCA DE CIEN MIL PERSONAS PASARON POR LA 36\u00b0 FIESTA NACIONAL DE LA CALLE ANGOSTA - Apuntes de San Luis","og_description":"La Barra le puso el broche de oro a cuatro noches incre\u00edbles, en las que...","og_url":"https:\/\/apuntesdesanluis.com\/index.php\/2025\/01\/27\/cerca-de-cien-mil-personas-pasaron-por-la-36-fiesta-nacional-de-la-calle-angosta\/","og_site_name":"Apuntes de San Luis","article_published_time":"2025-01-27T22:26:32+00:00","article_modified_time":"2025-01-27T22:35:34+00:00","og_image":[{"width":955,"height":514,"url":"https:\/\/apuntesdesanluis.com\/wp-content\/uploads\/2025\/01\/gente.png","type":"image\/png"}],"author":"apuntesdesanluis.com","twitter_card":"summary_large_image","twitter_misc":{"Escrito por":"apuntesdesanluis.com","Tiempo de lectura":"5 minutos"},"schema":{"@context":"https:\/\/schema.org","@graph":[{"@type":"Article","@id":"https:\/\/apuntesdesanluis.com\/index.php\/2025\/01\/27\/cerca-de-cien-mil-personas-pasaron-por-la-36-fiesta-nacional-de-la-calle-angosta\/#article","isPartOf":{"@id":"https:\/\/apuntesdesanluis.com\/index.php\/2025\/01\/27\/cerca-de-cien-mil-personas-pasaron-por-la-36-fiesta-nacional-de-la-calle-angosta\/"},"author":{"name":"apuntesdesanluis.com","@id":"https:\/\/apuntesdesanluis.com\/#\/schema\/person\/b55151d52296fcce64d1a72538a70b90"},"headline":"CERCA DE CIEN MIL PERSONAS PASARON POR LA 36\u00b0 FIESTA NACIONAL DE LA CALLE ANGOSTA","datePublished":"2025-01-27T22:26:32+00:00","dateModified":"2025-01-27T22:35:34+00:00","mainEntityOfPage":{"@id":"https:\/\/apuntesdesanluis.com\/index.php\/2025\/01\/27\/cerca-de-cien-mil-personas-pasaron-por-la-36-fiesta-nacional-de-la-calle-angosta\/"},"wordCount":243,"publisher":{"@id":"https:\/\/apuntesdesanluis.com\/#\/schema\/person\/b55151d52296fcce64d1a72538a70b90"},"image":{"@id":"https:\/\/apuntesdesanluis.com\/index.php\/2025\/01\/27\/cerca-de-cien-mil-personas-pasaron-por-la-36-fiesta-nacional-de-la-calle-angosta\/#primaryimage"},"thumbnailUrl":"https:\/\/apuntesdesanluis.com\/wp-content\/uploads\/2025\/01\/gente.png","articleSection":["Ciudad\/Provincia"],"inLanguage":"es-AR"},{"@type":"WebPage","@id":"https:\/\/apuntesdesanluis.com\/index.php\/2025\/01\/27\/cerca-de-cien-mil-personas-pasaron-por-la-36-fiesta-nacional-de-la-calle-angosta\/","url":"https:\/\/apuntesdesanluis.com\/index.php\/2025\/01\/27\/cerca-de-cien-mil-personas-pasaron-por-la-36-fiesta-nacional-de-la-calle-angosta\/","name":"CERCA DE CIEN MIL PERSONAS PASARON POR LA 36\u00b0 FIESTA NACIONAL DE LA CALLE ANGOSTA - Apuntes de San Luis","isPartOf":{"@id":"https:\/\/apuntesdesanluis.com\/#website"},"primaryImageOfPage":{"@id":"https:\/\/apuntesdesanluis.com\/index.php\/2025\/01\/27\/cerca-de-cien-mil-personas-pasaron-por-la-36-fiesta-nacional-de-la-calle-angosta\/#primaryimage"},"image":{"@id":"https:\/\/apuntesdesanluis.com\/index.php\/2025\/01\/27\/cerca-de-cien-mil-personas-pasaron-por-la-36-fiesta-nacional-de-la-calle-angosta\/#primaryimage"},"thumbnailUrl":"https:\/\/apuntesdesanluis.com\/wp-content\/uploads\/2025\/01\/gente.png","datePublished":"2025-01-27T22:26:32+00:00","dateModified":"2025-01-27T22:35:34+00:00","breadcrumb":{"@id":"https:\/\/apuntesdesanluis.com\/index.php\/2025\/01\/27\/cerca-de-cien-mil-personas-pasaron-por-la-36-fiesta-nacional-de-la-calle-angosta\/#breadcrumb"},"inLanguage":"es-AR","potentialAction":[{"@type":"ReadAction","target":["https:\/\/apuntesdesanluis.com\/index.php\/2025\/01\/27\/cerca-de-cien-mil-personas-pasaron-por-la-36-fiesta-nacional-de-la-calle-angosta\/"]}]},{"@type":"ImageObject","inLanguage":"es-AR","@id":"https:\/\/apuntesdesanluis.com\/index.php\/2025\/01\/27\/cerca-de-cien-mil-personas-pasaron-por-la-36-fiesta-nacional-de-la-calle-angosta\/#primaryimage","url":"https:\/\/apuntesdesanluis.com\/wp-content\/uploads\/2025\/01\/gente.png","contentUrl":"https:\/\/apuntesdesanluis.com\/wp-content\/uploads\/2025\/01\/gente.png","width":955,"height":514},{"@type":"BreadcrumbList","@id":"https:\/\/apuntesdesanluis.com\/index.php\/2025\/01\/27\/cerca-de-cien-mil-personas-pasaron-por-la-36-fiesta-nacional-de-la-calle-angosta\/#breadcrumb","itemListElement":[{"@type":"ListItem","position":1,"name":"Inicio","item":"https:\/\/apuntesdesanluis.com\/"},{"@type":"ListItem","position":2,"name":"CERCA DE CIEN MIL PERSONAS PASARON POR LA 36\u00b0 FIESTA NACIONAL DE LA CALLE ANGOSTA"}]},{"@type":"WebSite","@id":"https:\/\/apuntesdesanluis.com\/#website","url":"https:\/\/apuntesdesanluis.com\/","name":"Apuntes de San Luis","description":"","publisher":{"@id":"https:\/\/apuntesdesanluis.com\/#\/schema\/person\/b55151d52296fcce64d1a72538a70b90"},"potentialAction":[{"@type":"SearchAction","target":{"@type":"EntryPoint","urlTemplate":"https:\/\/apuntesdesanluis.com\/?s={search_term_string}"},"query-input":{"@type":"PropertyValueSpecification","valueRequired":true,"valueName":"search_term_string"}}],"inLanguage":"es-AR"},{"@type":["Person","Organization"],"@id":"https:\/\/apuntesdesanluis.com\/#\/schema\/person\/b55151d52296fcce64d1a72538a70b90","name":"apuntesdesanluis.com","image":{"@type":"ImageObject","inLanguage":"es-AR","@id":"https:\/\/apuntesdesanluis.com\/#\/schema\/person\/image\/","url":"https:\/\/apuntesdesanluis.com\/wp-content\/uploads\/2023\/07\/cropped-apuntesdesanluis.png","contentUrl":"https:\/\/apuntesdesanluis.com\/wp-content\/uploads\/2023\/07\/cropped-apuntesdesanluis.png","width":450,"height":112,"caption":"apuntesdesanluis.com"},"logo":{"@id":"https:\/\/apuntesdesanluis.com\/#\/schema\/person\/image\/"},"sameAs":["https:\/\/apuntesdesanluis.com"],"url":"https:\/\/apuntesdesanluis.com\/index.php\/author\/apuntesdesanluis-com\/"}]}},"featured_image_urls":{"full":["https:\/\/apuntesdesanluis.com\/wp-content\/uploads\/2025\/01\/gente.png",955,514,false],"thumbnail":["https:\/\/apuntesdesanluis.com\/wp-content\/uploads\/2025\/01\/gente-150x150.png",150,150,true],"medium":["https:\/\/apuntesdesanluis.com\/wp-content\/uploads\/2025\/01\/gente-300x161.png",300,161,true],"medium_large":["https:\/\/apuntesdesanluis.com\/wp-content\/uploads\/2025\/01\/gente-768x413.png",640,344,true],"large":["https:\/\/apuntesdesanluis.com\/wp-content\/uploads\/2025\/01\/gente.png",640,344,false],"1536x1536":["https:\/\/apuntesdesanluis.com\/wp-content\/uploads\/2025\/01\/gente.png",955,514,false],"2048x2048":["https:\/\/apuntesdesanluis.com\/wp-content\/uploads\/2025\/01\/gente.png",955,514,false],"newsever-slider-full":["https:\/\/apuntesdesanluis.com\/wp-content\/uploads\/2025\/01\/gente.png",955,514,false],"newsever-featured":["https:\/\/apuntesdesanluis.com\/wp-content\/uploads\/2025\/01\/gente.png",955,514,false],"newsever-medium":["https:\/\/apuntesdesanluis.com\/wp-content\/uploads\/2025\/01\/gente-720x475.png",720,475,true]},"author_info":{"display_name":"apuntesdesanluis.com","author_link":"https:\/\/apuntesdesanluis.com\/index.php\/author\/apuntesdesanluis-com\/"},"category_info":"<a href=\"https:\/\/apuntesdesanluis.com\/index.php\/category\/ciudad-provincia\/\" rel=\"category tag\">Ciudad\/Provincia<\/a>","tag_info":"Ciudad\/Provincia","comment_count":"0","_links":{"self":[{"href":"https:\/\/apuntesdesanluis.com\/index.php\/wp-json\/wp\/v2\/posts\/28253","targetHints":{"allow":["GET"]}}],"collection":[{"href":"https:\/\/apuntesdesanluis.com\/index.php\/wp-json\/wp\/v2\/posts"}],"about":[{"href":"https:\/\/apuntesdesanluis.com\/index.php\/wp-json\/wp\/v2\/types\/post"}],"author":[{"embeddable":true,"href":"https:\/\/apuntesdesanluis.com\/index.php\/wp-json\/wp\/v2\/users\/1"}],"replies":[{"embeddable":true,"href":"https:\/\/apuntesdesanluis.com\/index.php\/wp-json\/wp\/v2\/comments?post=28253"}],"version-history":[{"count":5,"href":"https:\/\/apuntesdesanluis.com\/index.php\/wp-json\/wp\/v2\/posts\/28253\/revisions"}],"predecessor-version":[{"id":28274,"href":"https:\/\/apuntesdesanluis.com\/index.php\/wp-json\/wp\/v2\/posts\/28253\/revisions\/28274"}],"wp:featuredmedia":[{"embeddable":true,"href":"https:\/\/apuntesdesanluis.com\/index.php\/wp-json\/wp\/v2\/media\/28254"}],"wp:attachment":[{"href":"https:\/\/apuntesdesanluis.com\/index.php\/wp-json\/wp\/v2\/media?parent=28253"}],"wp:term":[{"taxonomy":"category","embeddable":true,"href":"https:\/\/apuntesdesanluis.com\/index.php\/wp-json\/wp\/v2\/categories?post=28253"},{"taxonomy":"post_tag","embeddable":true,"href":"https:\/\/apuntesdesanluis.com\/index.php\/wp-json\/wp\/v2\/tags?post=28253"}],"curies":[{"name":"wp","href":"https:\/\/api.w.org\/{rel}","templated":true}]}}