{"id":28286,"date":"2025-01-27T20:39:08","date_gmt":"2025-01-27T23:39:08","guid":{"rendered":"https:\/\/apuntesdesanluis.com\/?p=28286"},"modified":"2025-01-27T20:39:08","modified_gmt":"2025-01-27T23:39:08","slug":"en-salta-construiran-un-muro-de-200-metros-en-la-frontera-con-bolivia","status":"publish","type":"post","link":"https:\/\/apuntesdesanluis.com\/index.php\/2025\/01\/27\/en-salta-construiran-un-muro-de-200-metros-en-la-frontera-con-bolivia\/","title":{"rendered":"EN SALTA CONSTRUIR\u00c1N UN &#8220;MURO&#8221; DE 200 METROS EN LA FRONTERA CON BOLIVIA"},"content":{"rendered":"<h3>En la localidad de <strong>Aguas Blancas<\/strong>, en Salta, se construir\u00e1 un &#8220;cerco de alambre&#8221; en la frontera con <strong>Bolivia<\/strong>, con el fin de evitar el paso ilegal de personas y el contrabando, seg\u00fan se explic\u00f3 en la licitaci\u00f3n a la que se llam\u00f3 a trav\u00e9s del Bolet\u00edn Oficial provincial.<\/h3>\n<h3>La medida fue impulsada por el Ministerio de Seguridad de la Naci\u00f3n, mientras que el Gobierno boliviano expres\u00f3 su \u201cpreocupaci\u00f3n\u201d y se\u00f1al\u00f3 que puede &#8220;afectar la buena vecindad y la convivencia pac\u00edfica\u201d.<\/h3>\n<h3>Como parte del &#8220;Plan G\u00fcemes&#8221; de la cartera que conduce la ministra <strong>Patricia Bullrich<\/strong>, se convoc\u00f3 a la licitaci\u00f3n para colocar &#8220;un alambrado ol\u00edmpico a lo largo de los 200 metros&#8221; que existen entre la terminal de colectivos y la oficina de Migraciones local. Con el fin de fortalecer las fronteras del norte, ya se hab\u00edan desplegado efectivos de las fuerzas federales en esa localidad en diciembre del a\u00f1o pasado.<\/h3>\n<h3>&#8220;Del lado boliviano se construyeron controles estrictos, pero del lado argentino no hab\u00eda una delimitaci\u00f3n clara&#8221;, asegur\u00f3 Virginia Cornejo, directora Nacional de Vigilancia y Control de Fronteras del Ministerio de Seguridad, en declaraciones a El Tribuno. En ese sentido, coment\u00f3 que la situaci\u00f3n en la zona est\u00e1 desordenada debido a la falta de delimitaci\u00f3n clara entre los ejidos urbanos y la l\u00ednea de frontera, especialmente del lado argentino.<\/h3>\n<p><img fetchpriority=\"high\" decoding=\"async\" class=\"wp-image-28288 aligncenter\" src=\"https:\/\/apuntesdesanluis.com\/wp-content\/uploads\/2025\/01\/PASO-EN-SALTA-300x171.png\" alt=\"\" width=\"709\" height=\"404\" srcset=\"https:\/\/apuntesdesanluis.com\/wp-content\/uploads\/2025\/01\/PASO-EN-SALTA-300x171.png 300w, https:\/\/apuntesdesanluis.com\/wp-content\/uploads\/2025\/01\/PASO-EN-SALTA-768x438.png 768w, https:\/\/apuntesdesanluis.com\/wp-content\/uploads\/2025\/01\/PASO-EN-SALTA.png 919w\" sizes=\"(max-width: 709px) 100vw, 709px\" \/><\/p>\n<h3>&#8220;Este alambrado es una obra destinada a delimitar la l\u00ednea de frontera y garantizar el orden en una zona que hab\u00eda quedado abandonada, producto de una pol\u00edtica de zona liberada en el pasado&#8221;, explic\u00f3 la funcionaria al hablar de una zona compleja en la que se buscan soluciones para enfrentar el narcotr\u00e1fico y la trata de personas.<\/h3>\n<h3>En relaci\u00f3n a los 200 metros de largo que tendr\u00e1 el &#8220;muro&#8221;, la idea del Ministerio es obligar a las personas a tener que pasar s\u00ed o s\u00ed por la oficina de Migraciones.<\/h3>\n<h3>&#8220;El alambrado se colocar\u00e1 dentro del murall\u00f3n preventivo que se utiliza cuando el r\u00edo Bermejo crece. La idea es delimitar claramente el acceso a migraciones para evitar que la gente pase por otros lugares sin control&#8221;, justific\u00f3 el interventor de Aguas Blancas, <strong>Adri\u00e1n Zigar\u00e1n<\/strong>, quien asumi\u00f3 el cargo en octubre pasado debido a las causas penales por las que fue removido el ex intendente Carlos Alfredo &#8220;Conejo&#8221; Mart\u00ednez.<\/h3>\n<h3>Zigar\u00e1n agreg\u00f3 que la situaci\u00f3n ya hab\u00eda llegado a un punto &#8220;en el que la gente llegaba, ya sea por taxi, colectivo, por lo que sea, y de ah\u00ed saltaban un muro, que es de protecci\u00f3n por las inundaciones que genera el Bermejo, y sal\u00edan caminando e iba para las chalanas, o sea, del puesto de Migraciones, 200 metros antes&#8221;.<\/h3>\n<h3>La obra ser\u00e1 financiada por la provincia de Salta, con supervisi\u00f3n del Gobierno nacional, luego de constatarse que muchas personas cruzaban de forma ilegal.<\/h3>\n<h3><strong>C\u00d3MO SER\u00c1 EL CERCO <\/strong><\/h3>\n<h3>&#8220;El cerco ol\u00edmpico ser\u00e1 de 200 metros lineales, desde la terminal de colectivos hasta la oficina de Migraciones. Elaborado con alambre romboidal de acero calibre 14, contar\u00e1 con rombos de 5 cent\u00edmetros de tama\u00f1o, para garantizar un cierre seguro y visible&#8221;, indicaron sobre la obra que tendr\u00e1 unos tres metros de altura.<\/h3>\n<h3>Los trabajos de instalaci\u00f3n incluir\u00e1n postes de hormig\u00f3n armado de 3,5 metros de altura, de los cuales 2,8 metros estar\u00e1n expuestos, dispuestos a intervalos de 4 metros, con puntales de refuerzo cada 4 postes. Tambi\u00e9n se construir\u00e1 un z\u00f3calo de hormig\u00f3n entre los postes de 40 cent\u00edmetros de alto por 15 cent\u00edmetros de espesor.<\/h3>\n<p><img decoding=\"async\" class=\"wp-image-28289 aligncenter\" src=\"https:\/\/apuntesdesanluis.com\/wp-content\/uploads\/2025\/01\/MAPA-DEL-MURO-300x156.png\" alt=\"\" width=\"719\" height=\"374\" srcset=\"https:\/\/apuntesdesanluis.com\/wp-content\/uploads\/2025\/01\/MAPA-DEL-MURO-300x156.png 300w, https:\/\/apuntesdesanluis.com\/wp-content\/uploads\/2025\/01\/MAPA-DEL-MURO-768x400.png 768w, https:\/\/apuntesdesanluis.com\/wp-content\/uploads\/2025\/01\/MAPA-DEL-MURO.png 871w\" sizes=\"(max-width: 719px) 100vw, 719px\" \/><\/p>\n<h3>Acorde a la explicaci\u00f3n de Zigar\u00e1n, el alambrado ser\u00e1 m\u00e1s alto y reforzado que los tradicionales, similar al utilizado en canchas de f\u00fatbol, para que no se pueda saltar con facilidad.<\/h3>\n<h3><strong>LA QUEJA DEL GOBIERNO DE BOLIVIA<\/strong><\/h3>\n<h3>Tras conocerse la noticia, el Ministerio de Relaciones Exteriores del Estado Plurinacional de Bolivia emiti\u00f3 un comunicado para expresar su &#8220;preocupaci\u00f3n ante el anuncio del Gobierno de Argentina de instalar una cerca de 200 metros en la frontera entre ambos pa\u00edses\u201d.<\/h3>\n<h3>\u201cLos temas fronterizos deben ser tratados por medio de mecanismos de di\u00e1logo bilaterales establecidos entre los Estados para encontrar soluciones coordinadas a temas en com\u00fan\u201d, sostuvieron desde la administraci\u00f3n de <strong>Luis Arce<\/strong>, y por lo tanto expresaron que \u201ccualquier medida unilateral puede afectar la buena vecindad y la convivencia pac\u00edfica entre pueblos hermanos\u201d.<\/h3>\n<h3>Por este motivo, adelantaron que \u201csolicitar\u00e1 a trav\u00e9s de los canales diplom\u00e1ticos la informaci\u00f3n sobre este tema para emprender las acciones que correspondan\u201d. Finalmente, cerraron: \u201cBolivia continuar\u00e1 apoyando el di\u00e1logo constructivo como la v\u00eda para solucionar los asuntos de com\u00fan inter\u00e9s\u201d.<\/h3>\n<h3>Ante la pol\u00e9mica, Zigar\u00e1n asegur\u00f3 que la situaci\u00f3n era &#8220;un descontrol total&#8221;, y cruz\u00f3 al Gobierno boliviano. &#8220;Est\u00e1 mal informado. No entiendo por qu\u00e9. Qu\u00e9 bueno que ahora se preocupen\u201d, indic\u00f3 con iron\u00eda en declaraciones a Radio Mitre. Por \u00faltimo, el interventor de Aguas Blancas reclam\u00f3 que el pa\u00eds lim\u00edtrofe ponga m\u00e1s gente en los pasos fronterizos legales para controlar el ingreso y egreso de gente para que no se formen cuellos de botella.<\/h3>\n<h3><\/h3>\n<p>&nbsp;<\/p>\n<p>&nbsp;<\/p>\n<p>&nbsp;<\/p>\n<h3><\/h3>\n<p>&nbsp;<\/p>\n","protected":false},"excerpt":{"rendered":"<p>En la localidad de Aguas Blancas, en Salta, se construir\u00e1 un &#8220;cerco de alambre&#8221; en&#8230;<\/p>\n","protected":false},"author":1,"featured_media":28287,"comment_status":"closed","ping_status":"closed","sticky":false,"template":"","format":"standard","meta":{"footnotes":""},"categories":[5],"tags":[],"class_list":["post-28286","post","type-post","status-publish","format-standard","has-post-thumbnail","hentry","category-nacionales-internacionales"],"yoast_head":"<!-- This site is optimized with the Yoast SEO plugin v26.1.1 - https:\/\/yoast.com\/wordpress\/plugins\/seo\/ -->\n<title>EN SALTA CONSTRUIR\u00c1N UN &quot;MURO&quot; DE 200 METROS EN LA FRONTERA CON BOLIVIA - Apuntes de San Luis<\/title>\n<meta name=\"robots\" content=\"index, follow, max-snippet:-1, max-image-preview:large, max-video-preview:-1\" \/>\n<link rel=\"canonical\" href=\"https:\/\/apuntesdesanluis.com\/index.php\/2025\/01\/27\/en-salta-construiran-un-muro-de-200-metros-en-la-frontera-con-bolivia\/\" \/>\n<meta property=\"og:locale\" content=\"es_ES\" \/>\n<meta property=\"og:type\" content=\"article\" \/>\n<meta property=\"og:title\" content=\"EN SALTA CONSTRUIR\u00c1N UN &quot;MURO&quot; DE 200 METROS EN LA FRONTERA CON BOLIVIA - Apuntes de San Luis\" \/>\n<meta property=\"og:description\" content=\"En la localidad de Aguas Blancas, en Salta, se construir\u00e1 un &#8220;cerco de alambre&#8221; en...\" \/>\n<meta property=\"og:url\" content=\"https:\/\/apuntesdesanluis.com\/index.php\/2025\/01\/27\/en-salta-construiran-un-muro-de-200-metros-en-la-frontera-con-bolivia\/\" \/>\n<meta property=\"og:site_name\" content=\"Apuntes de San Luis\" \/>\n<meta property=\"article:published_time\" content=\"2025-01-27T23:39:08+00:00\" \/>\n<meta property=\"og:image\" content=\"https:\/\/apuntesdesanluis.com\/wp-content\/uploads\/2025\/01\/SAENZ.png\" \/>\n\t<meta property=\"og:image:width\" content=\"916\" \/>\n\t<meta property=\"og:image:height\" content=\"585\" \/>\n\t<meta property=\"og:image:type\" content=\"image\/png\" \/>\n<meta name=\"author\" content=\"apuntesdesanluis.com\" \/>\n<meta name=\"twitter:card\" content=\"summary_large_image\" \/>\n<meta name=\"twitter:label1\" content=\"Escrito por\" \/>\n\t<meta name=\"twitter:data1\" content=\"apuntesdesanluis.com\" \/>\n\t<meta name=\"twitter:label2\" content=\"Tiempo de lectura\" \/>\n\t<meta name=\"twitter:data2\" content=\"5 minutos\" \/>\n<script type=\"application\/ld+json\" class=\"yoast-schema-graph\">{\"@context\":\"https:\/\/schema.org\",\"@graph\":[{\"@type\":\"Article\",\"@id\":\"https:\/\/apuntesdesanluis.com\/index.php\/2025\/01\/27\/en-salta-construiran-un-muro-de-200-metros-en-la-frontera-con-bolivia\/#article\",\"isPartOf\":{\"@id\":\"https:\/\/apuntesdesanluis.com\/index.php\/2025\/01\/27\/en-salta-construiran-un-muro-de-200-metros-en-la-frontera-con-bolivia\/\"},\"author\":{\"name\":\"apuntesdesanluis.com\",\"@id\":\"https:\/\/apuntesdesanluis.com\/#\/schema\/person\/b55151d52296fcce64d1a72538a70b90\"},\"headline\":\"EN SALTA CONSTRUIR\u00c1N UN &#8220;MURO&#8221; DE 200 METROS EN LA FRONTERA CON BOLIVIA\",\"datePublished\":\"2025-01-27T23:39:08+00:00\",\"mainEntityOfPage\":{\"@id\":\"https:\/\/apuntesdesanluis.com\/index.php\/2025\/01\/27\/en-salta-construiran-un-muro-de-200-metros-en-la-frontera-con-bolivia\/\"},\"wordCount\":892,\"publisher\":{\"@id\":\"https:\/\/apuntesdesanluis.com\/#\/schema\/person\/b55151d52296fcce64d1a72538a70b90\"},\"image\":{\"@id\":\"https:\/\/apuntesdesanluis.com\/index.php\/2025\/01\/27\/en-salta-construiran-un-muro-de-200-metros-en-la-frontera-con-bolivia\/#primaryimage\"},\"thumbnailUrl\":\"https:\/\/apuntesdesanluis.com\/wp-content\/uploads\/2025\/01\/SAENZ.png\",\"articleSection\":[\"Nacionales\/Internacionales\"],\"inLanguage\":\"es-AR\"},{\"@type\":\"WebPage\",\"@id\":\"https:\/\/apuntesdesanluis.com\/index.php\/2025\/01\/27\/en-salta-construiran-un-muro-de-200-metros-en-la-frontera-con-bolivia\/\",\"url\":\"https:\/\/apuntesdesanluis.com\/index.php\/2025\/01\/27\/en-salta-construiran-un-muro-de-200-metros-en-la-frontera-con-bolivia\/\",\"name\":\"EN SALTA CONSTRUIR\u00c1N UN \\\"MURO\\\" DE 200 METROS EN LA FRONTERA CON BOLIVIA - Apuntes de San Luis\",\"isPartOf\":{\"@id\":\"https:\/\/apuntesdesanluis.com\/#website\"},\"primaryImageOfPage\":{\"@id\":\"https:\/\/apuntesdesanluis.com\/index.php\/2025\/01\/27\/en-salta-construiran-un-muro-de-200-metros-en-la-frontera-con-bolivia\/#primaryimage\"},\"image\":{\"@id\":\"https:\/\/apuntesdesanluis.com\/index.php\/2025\/01\/27\/en-salta-construiran-un-muro-de-200-metros-en-la-frontera-con-bolivia\/#primaryimage\"},\"thumbnailUrl\":\"https:\/\/apuntesdesanluis.com\/wp-content\/uploads\/2025\/01\/SAENZ.png\",\"datePublished\":\"2025-01-27T23:39:08+00:00\",\"breadcrumb\":{\"@id\":\"https:\/\/apuntesdesanluis.com\/index.php\/2025\/01\/27\/en-salta-construiran-un-muro-de-200-metros-en-la-frontera-con-bolivia\/#breadcrumb\"},\"inLanguage\":\"es-AR\",\"potentialAction\":[{\"@type\":\"ReadAction\",\"target\":[\"https:\/\/apuntesdesanluis.com\/index.php\/2025\/01\/27\/en-salta-construiran-un-muro-de-200-metros-en-la-frontera-con-bolivia\/\"]}]},{\"@type\":\"ImageObject\",\"inLanguage\":\"es-AR\",\"@id\":\"https:\/\/apuntesdesanluis.com\/index.php\/2025\/01\/27\/en-salta-construiran-un-muro-de-200-metros-en-la-frontera-con-bolivia\/#primaryimage\",\"url\":\"https:\/\/apuntesdesanluis.com\/wp-content\/uploads\/2025\/01\/SAENZ.png\",\"contentUrl\":\"https:\/\/apuntesdesanluis.com\/wp-content\/uploads\/2025\/01\/SAENZ.png\",\"width\":916,\"height\":585},{\"@type\":\"BreadcrumbList\",\"@id\":\"https:\/\/apuntesdesanluis.com\/index.php\/2025\/01\/27\/en-salta-construiran-un-muro-de-200-metros-en-la-frontera-con-bolivia\/#breadcrumb\",\"itemListElement\":[{\"@type\":\"ListItem\",\"position\":1,\"name\":\"Inicio\",\"item\":\"https:\/\/apuntesdesanluis.com\/\"},{\"@type\":\"ListItem\",\"position\":2,\"name\":\"EN SALTA CONSTRUIR\u00c1N UN &#8220;MURO&#8221; DE 200 METROS EN LA FRONTERA CON BOLIVIA\"}]},{\"@type\":\"WebSite\",\"@id\":\"https:\/\/apuntesdesanluis.com\/#website\",\"url\":\"https:\/\/apuntesdesanluis.com\/\",\"name\":\"Apuntes de San Luis\",\"description\":\"\",\"publisher\":{\"@id\":\"https:\/\/apuntesdesanluis.com\/#\/schema\/person\/b55151d52296fcce64d1a72538a70b90\"},\"potentialAction\":[{\"@type\":\"SearchAction\",\"target\":{\"@type\":\"EntryPoint\",\"urlTemplate\":\"https:\/\/apuntesdesanluis.com\/?s={search_term_string}\"},\"query-input\":{\"@type\":\"PropertyValueSpecification\",\"valueRequired\":true,\"valueName\":\"search_term_string\"}}],\"inLanguage\":\"es-AR\"},{\"@type\":[\"Person\",\"Organization\"],\"@id\":\"https:\/\/apuntesdesanluis.com\/#\/schema\/person\/b55151d52296fcce64d1a72538a70b90\",\"name\":\"apuntesdesanluis.com\",\"image\":{\"@type\":\"ImageObject\",\"inLanguage\":\"es-AR\",\"@id\":\"https:\/\/apuntesdesanluis.com\/#\/schema\/person\/image\/\",\"url\":\"https:\/\/apuntesdesanluis.com\/wp-content\/uploads\/2023\/07\/cropped-apuntesdesanluis.png\",\"contentUrl\":\"https:\/\/apuntesdesanluis.com\/wp-content\/uploads\/2023\/07\/cropped-apuntesdesanluis.png\",\"width\":450,\"height\":112,\"caption\":\"apuntesdesanluis.com\"},\"logo\":{\"@id\":\"https:\/\/apuntesdesanluis.com\/#\/schema\/person\/image\/\"},\"sameAs\":[\"https:\/\/apuntesdesanluis.com\"],\"url\":\"https:\/\/apuntesdesanluis.com\/index.php\/author\/apuntesdesanluis-com\/\"}]}<\/script>\n<!-- \/ Yoast SEO plugin. -->","yoast_head_json":{"title":"EN SALTA CONSTRUIR\u00c1N UN \"MURO\" DE 200 METROS EN LA FRONTERA CON BOLIVIA - Apuntes de San Luis","robots":{"index":"index","follow":"follow","max-snippet":"max-snippet:-1","max-image-preview":"max-image-preview:large","max-video-preview":"max-video-preview:-1"},"canonical":"https:\/\/apuntesdesanluis.com\/index.php\/2025\/01\/27\/en-salta-construiran-un-muro-de-200-metros-en-la-frontera-con-bolivia\/","og_locale":"es_ES","og_type":"article","og_title":"EN SALTA CONSTRUIR\u00c1N UN \"MURO\" DE 200 METROS EN LA FRONTERA CON BOLIVIA - Apuntes de San Luis","og_description":"En la localidad de Aguas Blancas, en Salta, se construir\u00e1 un &#8220;cerco de alambre&#8221; en...","og_url":"https:\/\/apuntesdesanluis.com\/index.php\/2025\/01\/27\/en-salta-construiran-un-muro-de-200-metros-en-la-frontera-con-bolivia\/","og_site_name":"Apuntes de San Luis","article_published_time":"2025-01-27T23:39:08+00:00","og_image":[{"width":916,"height":585,"url":"https:\/\/apuntesdesanluis.com\/wp-content\/uploads\/2025\/01\/SAENZ.png","type":"image\/png"}],"author":"apuntesdesanluis.com","twitter_card":"summary_large_image","twitter_misc":{"Escrito por":"apuntesdesanluis.com","Tiempo de lectura":"5 minutos"},"schema":{"@context":"https:\/\/schema.org","@graph":[{"@type":"Article","@id":"https:\/\/apuntesdesanluis.com\/index.php\/2025\/01\/27\/en-salta-construiran-un-muro-de-200-metros-en-la-frontera-con-bolivia\/#article","isPartOf":{"@id":"https:\/\/apuntesdesanluis.com\/index.php\/2025\/01\/27\/en-salta-construiran-un-muro-de-200-metros-en-la-frontera-con-bolivia\/"},"author":{"name":"apuntesdesanluis.com","@id":"https:\/\/apuntesdesanluis.com\/#\/schema\/person\/b55151d52296fcce64d1a72538a70b90"},"headline":"EN SALTA CONSTRUIR\u00c1N UN &#8220;MURO&#8221; DE 200 METROS EN LA FRONTERA CON BOLIVIA","datePublished":"2025-01-27T23:39:08+00:00","mainEntityOfPage":{"@id":"https:\/\/apuntesdesanluis.com\/index.php\/2025\/01\/27\/en-salta-construiran-un-muro-de-200-metros-en-la-frontera-con-bolivia\/"},"wordCount":892,"publisher":{"@id":"https:\/\/apuntesdesanluis.com\/#\/schema\/person\/b55151d52296fcce64d1a72538a70b90"},"image":{"@id":"https:\/\/apuntesdesanluis.com\/index.php\/2025\/01\/27\/en-salta-construiran-un-muro-de-200-metros-en-la-frontera-con-bolivia\/#primaryimage"},"thumbnailUrl":"https:\/\/apuntesdesanluis.com\/wp-content\/uploads\/2025\/01\/SAENZ.png","articleSection":["Nacionales\/Internacionales"],"inLanguage":"es-AR"},{"@type":"WebPage","@id":"https:\/\/apuntesdesanluis.com\/index.php\/2025\/01\/27\/en-salta-construiran-un-muro-de-200-metros-en-la-frontera-con-bolivia\/","url":"https:\/\/apuntesdesanluis.com\/index.php\/2025\/01\/27\/en-salta-construiran-un-muro-de-200-metros-en-la-frontera-con-bolivia\/","name":"EN SALTA CONSTRUIR\u00c1N UN \"MURO\" DE 200 METROS EN LA FRONTERA CON BOLIVIA - Apuntes de San Luis","isPartOf":{"@id":"https:\/\/apuntesdesanluis.com\/#website"},"primaryImageOfPage":{"@id":"https:\/\/apuntesdesanluis.com\/index.php\/2025\/01\/27\/en-salta-construiran-un-muro-de-200-metros-en-la-frontera-con-bolivia\/#primaryimage"},"image":{"@id":"https:\/\/apuntesdesanluis.com\/index.php\/2025\/01\/27\/en-salta-construiran-un-muro-de-200-metros-en-la-frontera-con-bolivia\/#primaryimage"},"thumbnailUrl":"https:\/\/apuntesdesanluis.com\/wp-content\/uploads\/2025\/01\/SAENZ.png","datePublished":"2025-01-27T23:39:08+00:00","breadcrumb":{"@id":"https:\/\/apuntesdesanluis.com\/index.php\/2025\/01\/27\/en-salta-construiran-un-muro-de-200-metros-en-la-frontera-con-bolivia\/#breadcrumb"},"inLanguage":"es-AR","potentialAction":[{"@type":"ReadAction","target":["https:\/\/apuntesdesanluis.com\/index.php\/2025\/01\/27\/en-salta-construiran-un-muro-de-200-metros-en-la-frontera-con-bolivia\/"]}]},{"@type":"ImageObject","inLanguage":"es-AR","@id":"https:\/\/apuntesdesanluis.com\/index.php\/2025\/01\/27\/en-salta-construiran-un-muro-de-200-metros-en-la-frontera-con-bolivia\/#primaryimage","url":"https:\/\/apuntesdesanluis.com\/wp-content\/uploads\/2025\/01\/SAENZ.png","contentUrl":"https:\/\/apuntesdesanluis.com\/wp-content\/uploads\/2025\/01\/SAENZ.png","width":916,"height":585},{"@type":"BreadcrumbList","@id":"https:\/\/apuntesdesanluis.com\/index.php\/2025\/01\/27\/en-salta-construiran-un-muro-de-200-metros-en-la-frontera-con-bolivia\/#breadcrumb","itemListElement":[{"@type":"ListItem","position":1,"name":"Inicio","item":"https:\/\/apuntesdesanluis.com\/"},{"@type":"ListItem","position":2,"name":"EN SALTA CONSTRUIR\u00c1N UN &#8220;MURO&#8221; DE 200 METROS EN LA FRONTERA CON BOLIVIA"}]},{"@type":"WebSite","@id":"https:\/\/apuntesdesanluis.com\/#website","url":"https:\/\/apuntesdesanluis.com\/","name":"Apuntes de San Luis","description":"","publisher":{"@id":"https:\/\/apuntesdesanluis.com\/#\/schema\/person\/b55151d52296fcce64d1a72538a70b90"},"potentialAction":[{"@type":"SearchAction","target":{"@type":"EntryPoint","urlTemplate":"https:\/\/apuntesdesanluis.com\/?s={search_term_string}"},"query-input":{"@type":"PropertyValueSpecification","valueRequired":true,"valueName":"search_term_string"}}],"inLanguage":"es-AR"},{"@type":["Person","Organization"],"@id":"https:\/\/apuntesdesanluis.com\/#\/schema\/person\/b55151d52296fcce64d1a72538a70b90","name":"apuntesdesanluis.com","image":{"@type":"ImageObject","inLanguage":"es-AR","@id":"https:\/\/apuntesdesanluis.com\/#\/schema\/person\/image\/","url":"https:\/\/apuntesdesanluis.com\/wp-content\/uploads\/2023\/07\/cropped-apuntesdesanluis.png","contentUrl":"https:\/\/apuntesdesanluis.com\/wp-content\/uploads\/2023\/07\/cropped-apuntesdesanluis.png","width":450,"height":112,"caption":"apuntesdesanluis.com"},"logo":{"@id":"https:\/\/apuntesdesanluis.com\/#\/schema\/person\/image\/"},"sameAs":["https:\/\/apuntesdesanluis.com"],"url":"https:\/\/apuntesdesanluis.com\/index.php\/author\/apuntesdesanluis-com\/"}]}},"featured_image_urls":{"full":["https:\/\/apuntesdesanluis.com\/wp-content\/uploads\/2025\/01\/SAENZ.png",916,585,false],"thumbnail":["https:\/\/apuntesdesanluis.com\/wp-content\/uploads\/2025\/01\/SAENZ-150x150.png",150,150,true],"medium":["https:\/\/apuntesdesanluis.com\/wp-content\/uploads\/2025\/01\/SAENZ-300x192.png",300,192,true],"medium_large":["https:\/\/apuntesdesanluis.com\/wp-content\/uploads\/2025\/01\/SAENZ-768x490.png",640,408,true],"large":["https:\/\/apuntesdesanluis.com\/wp-content\/uploads\/2025\/01\/SAENZ.png",640,409,false],"1536x1536":["https:\/\/apuntesdesanluis.com\/wp-content\/uploads\/2025\/01\/SAENZ.png",916,585,false],"2048x2048":["https:\/\/apuntesdesanluis.com\/wp-content\/uploads\/2025\/01\/SAENZ.png",916,585,false],"newsever-slider-full":["https:\/\/apuntesdesanluis.com\/wp-content\/uploads\/2025\/01\/SAENZ.png",916,585,false],"newsever-featured":["https:\/\/apuntesdesanluis.com\/wp-content\/uploads\/2025\/01\/SAENZ.png",916,585,false],"newsever-medium":["https:\/\/apuntesdesanluis.com\/wp-content\/uploads\/2025\/01\/SAENZ-720x475.png",720,475,true]},"author_info":{"display_name":"apuntesdesanluis.com","author_link":"https:\/\/apuntesdesanluis.com\/index.php\/author\/apuntesdesanluis-com\/"},"category_info":"<a href=\"https:\/\/apuntesdesanluis.com\/index.php\/category\/nacionales-internacionales\/\" rel=\"category tag\">Nacionales\/Internacionales<\/a>","tag_info":"Nacionales\/Internacionales","comment_count":"0","_links":{"self":[{"href":"https:\/\/apuntesdesanluis.com\/index.php\/wp-json\/wp\/v2\/posts\/28286","targetHints":{"allow":["GET"]}}],"collection":[{"href":"https:\/\/apuntesdesanluis.com\/index.php\/wp-json\/wp\/v2\/posts"}],"about":[{"href":"https:\/\/apuntesdesanluis.com\/index.php\/wp-json\/wp\/v2\/types\/post"}],"author":[{"embeddable":true,"href":"https:\/\/apuntesdesanluis.com\/index.php\/wp-json\/wp\/v2\/users\/1"}],"replies":[{"embeddable":true,"href":"https:\/\/apuntesdesanluis.com\/index.php\/wp-json\/wp\/v2\/comments?post=28286"}],"version-history":[{"count":1,"href":"https:\/\/apuntesdesanluis.com\/index.php\/wp-json\/wp\/v2\/posts\/28286\/revisions"}],"predecessor-version":[{"id":28290,"href":"https:\/\/apuntesdesanluis.com\/index.php\/wp-json\/wp\/v2\/posts\/28286\/revisions\/28290"}],"wp:featuredmedia":[{"embeddable":true,"href":"https:\/\/apuntesdesanluis.com\/index.php\/wp-json\/wp\/v2\/media\/28287"}],"wp:attachment":[{"href":"https:\/\/apuntesdesanluis.com\/index.php\/wp-json\/wp\/v2\/media?parent=28286"}],"wp:term":[{"taxonomy":"category","embeddable":true,"href":"https:\/\/apuntesdesanluis.com\/index.php\/wp-json\/wp\/v2\/categories?post=28286"},{"taxonomy":"post_tag","embeddable":true,"href":"https:\/\/apuntesdesanluis.com\/index.php\/wp-json\/wp\/v2\/tags?post=28286"}],"curies":[{"name":"wp","href":"https:\/\/api.w.org\/{rel}","templated":true}]}}