{"id":28299,"date":"2025-01-27T23:24:27","date_gmt":"2025-01-28T02:24:27","guid":{"rendered":"https:\/\/apuntesdesanluis.com\/?p=28299"},"modified":"2025-01-27T23:24:27","modified_gmt":"2025-01-28T02:24:27","slug":"el-ramon-carrillo-aseguro-que-el-peluquero-murio-por-patologias-preexistentes","status":"publish","type":"post","link":"https:\/\/apuntesdesanluis.com\/index.php\/2025\/01\/27\/el-ramon-carrillo-aseguro-que-el-peluquero-murio-por-patologias-preexistentes\/","title":{"rendered":"EL RAM\u00d3N CARRILLO ASEGUR\u00d3 QUE EL PELUQUERO MURI\u00d3 POR \u201cPATOLOG\u00cdAS PREEXISTENTES\u201d"},"content":{"rendered":"<h3>Tras la investigaci\u00f3n interna que dispuso el Ministerio de Salud por la muerte del conocido peluquero <strong>\u00c1ngel Pe\u00f1a<\/strong>, de la ciudad de San Luis, el Comit\u00e9 de Riesgos del <strong>Hospital Central Dr. Ram\u00f3n Carrillo<\/strong> descart\u00f3 que el mismo haya fallecido \u201ca causa de una neumon\u00eda\u201d.<\/h3>\n<h3>\u201cLamentablemente, el cuadro cl\u00ednico del paciente, asociado a los hallazgos detectados en los estudios complementarios realizados por equipo del Comit\u00e9 de Riesgos, indica la presencia de patolog\u00edas cr\u00f3nicas preexistentes que afectan el sistema inmunol\u00f3gico\u201d, agrega en otro p\u00e1rrafo de las conclusiones dadas a conocer este lunes por la noche.<\/h3>\n<h3>El comunicado del Hospital Dr. Ram\u00f3n Carrillo indica textual:<\/h3>\n<h3>\u201cA partir del lamentable fallecimiento de <strong>\u00c1ngel Pablo Pe\u00f1a<\/strong>, atendido en nuestra Instituci\u00f3n el pasado 22 de enero y, ante las expresiones de algunos de sus familiares y seres queridos, quienes consideran que se podr\u00eda haber incurrido en fallas en la atenci\u00f3n medica de parte de los profesionales que lo asistieron, el directorio del hospital, tal como fuera informado el pasado 24 de enero, procedi\u00f3 a la activaci\u00f3n del protocolo de gesti\u00f3n de riesgo del Comit\u00e9 de Riesgos por acta de directorio N\u00b0365.<\/h3>\n<h3>Atento a lo impartido por el directorio, el d\u00eda s\u00e1bado 25 de enero el Dr. <strong>Coria Ra\u00fal<\/strong>, actual director m\u00e9dico de la instituci\u00f3n, se constituy\u00f3 como coordinador del mismo, ejecutando diversas acciones, entre las que se destacan:<\/h3>\n<ul>\n<li>\n<h3>Revisi\u00f3n exhaustiva de la historia cl\u00ednica.<\/h3>\n<\/li>\n<li>\n<h3>B\u00fasqueda de informaci\u00f3n oficial en bases de datos federales y provinciales, pertenecientes al Ministerio de Salud de la Naci\u00f3n y del Ministerio de Salud de la Provincia, todos ellos relacionados con la historia m\u00e9dica del paciente.<\/h3>\n<\/li>\n<li>\n<h3>Entrevista con los profesionales involucrados.<\/h3>\n<\/li>\n<li>\n<h3>Solicitud de informes m\u00e9dicos adicionales de todos los participantes de los hechos detallados.<\/h3>\n<\/li>\n<\/ul>\n<h3>A partir de las conclusiones preliminares a las que se pudo abordar, en el d\u00eda de la fecha, se cita a los familiares del paciente para hacerles la devoluci\u00f3n de lo investigado y las conclusiones a las que arrib\u00f3 dicha comisi\u00f3n evaluadora; buscando de este modo poder llevar claridad sobre lo actuado desde en el punto de vista m\u00e9dico, en momentos que resultan aciagos para sus seres queridos. Los mismos declinan de la invitaci\u00f3n a conocer el informe y poder evacuar sus dudas, no concurriendo al establecimiento.<\/h3>\n<h3>Desde lo estrictamente M\u00e9dico, el hospital concluye que cuando el paciente arriba a la consulta del d\u00eda 22 de enero, por Servicio de Urgencia Emergencia, lo hace con un cuadro compatible con shock -falla cardiocirculatoria- por lo que ingresa de urgencia al Shock Room donde recibe atenci\u00f3n inicial. Inmediatamente se solicitan ex\u00e1menes complementarios de diagn\u00f3stico entre los que se encuentran pruebas de laboratorio, radiograf\u00eda de t\u00f3rax, electrocardiograma, ecocardiograma, Doppler vascular, y barrido topogr\u00e1fico con y sin contraste. Dichos ex\u00e1menes permiten descartar en primer lugar patolog\u00edas relacionadas al shock cardiog\u00e9nico, shock obstructivo y shock hipovol\u00e9mico (como el infarto agudo de miocardio, arritmias ventriculares, disecci\u00f3n de aortica, trombo embolismo pulmonar, derrame peric\u00e1rdico con taponamiento cardiaco y aneurisma de aorta complicado). Al mismo tiempo se realiza resucitaci\u00f3n con coloides y cristaloides, doble sost\u00e9n inotr\u00f3pico y asistencia respiratoria mec\u00e1nica.<\/h3>\n<h3>De los estudios realizados durante la atenci\u00f3n del paciente, se diagnostica que se encontraba cursando un cuadro de Shock Distributivo asociado a shock s\u00e9ptico sin foco aparente con fallo de m\u00faltiples \u00f3rganos.<\/h3>\n<h3>Por lo antes dicho queda descartado que el mismo halla fallecido a causa de una neumon\u00eda.<\/h3>\n<h3>Lamentablemente, el cuadro cl\u00ednico del paciente, asociado a los hallazgos detectados en los estudios complementarios realizados por equipo del Comit\u00e9 de Riesgos, indica la presencia de patolog\u00edas cr\u00f3nicas preexistentes que afectan el sistema inmunol\u00f3gico, las cuales imprimen un riesgo mayor al com\u00fan de los pacientes de su edad.<\/h3>\n<h3>Estas patolog\u00edas preexistentes se corroboran por distintos canales de investigaci\u00f3n, destac\u00e1ndose, la informaci\u00f3n oficial que se encuentra alojada en las bases de datos federales y provinciales, que dan cuenta de la historia cl\u00ednica del paciente, patolog\u00edas que no fueron informados ni por el paciente, ni por familiares al momento de las diferentes consultas. Omitir dicha informaci\u00f3n al cuerpo m\u00e9dico, actu\u00f3 en desmedro de la salud del mismo.<\/h3>\n<h3>La omisi\u00f3n de la informaci\u00f3n de esta inmunodeficiencia cr\u00f3nica hace que el cuadro cl\u00ednico que lo trae a la consulta sea catastr\u00f3fico y refractario al tratamiento m\u00e9dico instituido. El desenlace final se relaciona de forma directa con los antecedentes patol\u00f3gicos antes mencionados.<\/h3>\n<h3>No obstante, interdure la investigaci\u00f3n, desde lo Institucional el hospital resolvi\u00f3 apartar a las dos profesionales m\u00e9dicas que atendieron el paciente los d\u00edas 18 y 21 de enero.<\/h3>\n<h3>En conclusi\u00f3n. El paciente no falleci\u00f3 a causa de una neumon\u00eda, la raz\u00f3n del deceso es extremadamente m\u00e1s compleja, se encuentra asociada directamente a sus patolog\u00edas preexistentes las cuales, seg\u00fan los datos cotejados, se encontraba interrumpida en su tratamiento y las mismas fueron omitidas al cuerpo m\u00e9dico en el momento de las consultas.<\/h3>\n<h3>Habi\u00e9ndose concluido esta etapa investigativa, desde la Instituci\u00f3n renovamos nuestro acompa\u00f1amos en el dolor a quienes hoy lamentan la p\u00e9rdida irreparable de un ser amado.\u00a0 Asimismo, reafirmamos nuestro compromiso para con ellos, y para con todos los sanluise\u00f1os que depositan en el sistema p\u00fablico de salud la responsabilidad de atenderlos ante cada dolencia<\/h3>\n<h3>Los integrantes del Comit\u00e9 de Riesgos y dem\u00e1s autoridades de la instituci\u00f3n, quedan a disposici\u00f3n de familiares y seres queridos para evacuar las dudas y consultas que necesiten\u201d.<\/h3>\n<h3><\/h3>\n<h3><\/h3>\n<h3><strong>\u00a0<\/strong><\/h3>\n<p><strong>\u00a0<\/strong><\/p>\n","protected":false},"excerpt":{"rendered":"<p>Tras la investigaci\u00f3n interna que dispuso el Ministerio de Salud por la muerte del conocido&#8230;<\/p>\n","protected":false},"author":1,"featured_media":28300,"comment_status":"closed","ping_status":"closed","sticky":false,"template":"","format":"standard","meta":{"footnotes":""},"categories":[6],"tags":[],"class_list":["post-28299","post","type-post","status-publish","format-standard","has-post-thumbnail","hentry","category-ciudad-provincia"],"yoast_head":"<!-- This site is optimized with the Yoast SEO plugin v26.1.1 - https:\/\/yoast.com\/wordpress\/plugins\/seo\/ -->\n<title>EL RAM\u00d3N CARRILLO ASEGUR\u00d3 QUE EL PELUQUERO MURI\u00d3 POR \u201cPATOLOG\u00cdAS PREEXISTENTES\u201d - Apuntes de San Luis<\/title>\n<meta name=\"robots\" content=\"index, follow, max-snippet:-1, max-image-preview:large, max-video-preview:-1\" \/>\n<link rel=\"canonical\" href=\"https:\/\/apuntesdesanluis.com\/index.php\/2025\/01\/27\/el-ramon-carrillo-aseguro-que-el-peluquero-murio-por-patologias-preexistentes\/\" \/>\n<meta property=\"og:locale\" content=\"es_ES\" \/>\n<meta property=\"og:type\" content=\"article\" \/>\n<meta property=\"og:title\" content=\"EL RAM\u00d3N CARRILLO ASEGUR\u00d3 QUE EL PELUQUERO MURI\u00d3 POR \u201cPATOLOG\u00cdAS PREEXISTENTES\u201d - Apuntes de San Luis\" \/>\n<meta property=\"og:description\" content=\"Tras la investigaci\u00f3n interna que dispuso el Ministerio de Salud por la muerte del conocido...\" \/>\n<meta property=\"og:url\" content=\"https:\/\/apuntesdesanluis.com\/index.php\/2025\/01\/27\/el-ramon-carrillo-aseguro-que-el-peluquero-murio-por-patologias-preexistentes\/\" \/>\n<meta property=\"og:site_name\" content=\"Apuntes de San Luis\" \/>\n<meta property=\"article:published_time\" content=\"2025-01-28T02:24:27+00:00\" \/>\n<meta property=\"og:image\" content=\"https:\/\/apuntesdesanluis.com\/wp-content\/uploads\/2025\/01\/HOSPITAL-CENTRAL.png\" \/>\n\t<meta property=\"og:image:width\" content=\"691\" \/>\n\t<meta property=\"og:image:height\" content=\"413\" \/>\n\t<meta property=\"og:image:type\" content=\"image\/png\" \/>\n<meta name=\"author\" content=\"apuntesdesanluis.com\" \/>\n<meta name=\"twitter:card\" content=\"summary_large_image\" \/>\n<meta name=\"twitter:label1\" content=\"Escrito por\" \/>\n\t<meta name=\"twitter:data1\" content=\"apuntesdesanluis.com\" \/>\n\t<meta name=\"twitter:label2\" content=\"Tiempo de lectura\" \/>\n\t<meta name=\"twitter:data2\" content=\"5 minutos\" \/>\n<script type=\"application\/ld+json\" class=\"yoast-schema-graph\">{\"@context\":\"https:\/\/schema.org\",\"@graph\":[{\"@type\":\"Article\",\"@id\":\"https:\/\/apuntesdesanluis.com\/index.php\/2025\/01\/27\/el-ramon-carrillo-aseguro-que-el-peluquero-murio-por-patologias-preexistentes\/#article\",\"isPartOf\":{\"@id\":\"https:\/\/apuntesdesanluis.com\/index.php\/2025\/01\/27\/el-ramon-carrillo-aseguro-que-el-peluquero-murio-por-patologias-preexistentes\/\"},\"author\":{\"name\":\"apuntesdesanluis.com\",\"@id\":\"https:\/\/apuntesdesanluis.com\/#\/schema\/person\/b55151d52296fcce64d1a72538a70b90\"},\"headline\":\"EL RAM\u00d3N CARRILLO ASEGUR\u00d3 QUE EL PELUQUERO MURI\u00d3 POR \u201cPATOLOG\u00cdAS PREEXISTENTES\u201d\",\"datePublished\":\"2025-01-28T02:24:27+00:00\",\"mainEntityOfPage\":{\"@id\":\"https:\/\/apuntesdesanluis.com\/index.php\/2025\/01\/27\/el-ramon-carrillo-aseguro-que-el-peluquero-murio-por-patologias-preexistentes\/\"},\"wordCount\":973,\"publisher\":{\"@id\":\"https:\/\/apuntesdesanluis.com\/#\/schema\/person\/b55151d52296fcce64d1a72538a70b90\"},\"image\":{\"@id\":\"https:\/\/apuntesdesanluis.com\/index.php\/2025\/01\/27\/el-ramon-carrillo-aseguro-que-el-peluquero-murio-por-patologias-preexistentes\/#primaryimage\"},\"thumbnailUrl\":\"https:\/\/apuntesdesanluis.com\/wp-content\/uploads\/2025\/01\/HOSPITAL-CENTRAL.png\",\"articleSection\":[\"Ciudad\/Provincia\"],\"inLanguage\":\"es-AR\"},{\"@type\":\"WebPage\",\"@id\":\"https:\/\/apuntesdesanluis.com\/index.php\/2025\/01\/27\/el-ramon-carrillo-aseguro-que-el-peluquero-murio-por-patologias-preexistentes\/\",\"url\":\"https:\/\/apuntesdesanluis.com\/index.php\/2025\/01\/27\/el-ramon-carrillo-aseguro-que-el-peluquero-murio-por-patologias-preexistentes\/\",\"name\":\"EL RAM\u00d3N CARRILLO ASEGUR\u00d3 QUE EL PELUQUERO MURI\u00d3 POR \u201cPATOLOG\u00cdAS PREEXISTENTES\u201d - Apuntes de San Luis\",\"isPartOf\":{\"@id\":\"https:\/\/apuntesdesanluis.com\/#website\"},\"primaryImageOfPage\":{\"@id\":\"https:\/\/apuntesdesanluis.com\/index.php\/2025\/01\/27\/el-ramon-carrillo-aseguro-que-el-peluquero-murio-por-patologias-preexistentes\/#primaryimage\"},\"image\":{\"@id\":\"https:\/\/apuntesdesanluis.com\/index.php\/2025\/01\/27\/el-ramon-carrillo-aseguro-que-el-peluquero-murio-por-patologias-preexistentes\/#primaryimage\"},\"thumbnailUrl\":\"https:\/\/apuntesdesanluis.com\/wp-content\/uploads\/2025\/01\/HOSPITAL-CENTRAL.png\",\"datePublished\":\"2025-01-28T02:24:27+00:00\",\"breadcrumb\":{\"@id\":\"https:\/\/apuntesdesanluis.com\/index.php\/2025\/01\/27\/el-ramon-carrillo-aseguro-que-el-peluquero-murio-por-patologias-preexistentes\/#breadcrumb\"},\"inLanguage\":\"es-AR\",\"potentialAction\":[{\"@type\":\"ReadAction\",\"target\":[\"https:\/\/apuntesdesanluis.com\/index.php\/2025\/01\/27\/el-ramon-carrillo-aseguro-que-el-peluquero-murio-por-patologias-preexistentes\/\"]}]},{\"@type\":\"ImageObject\",\"inLanguage\":\"es-AR\",\"@id\":\"https:\/\/apuntesdesanluis.com\/index.php\/2025\/01\/27\/el-ramon-carrillo-aseguro-que-el-peluquero-murio-por-patologias-preexistentes\/#primaryimage\",\"url\":\"https:\/\/apuntesdesanluis.com\/wp-content\/uploads\/2025\/01\/HOSPITAL-CENTRAL.png\",\"contentUrl\":\"https:\/\/apuntesdesanluis.com\/wp-content\/uploads\/2025\/01\/HOSPITAL-CENTRAL.png\",\"width\":691,\"height\":413},{\"@type\":\"BreadcrumbList\",\"@id\":\"https:\/\/apuntesdesanluis.com\/index.php\/2025\/01\/27\/el-ramon-carrillo-aseguro-que-el-peluquero-murio-por-patologias-preexistentes\/#breadcrumb\",\"itemListElement\":[{\"@type\":\"ListItem\",\"position\":1,\"name\":\"Inicio\",\"item\":\"https:\/\/apuntesdesanluis.com\/\"},{\"@type\":\"ListItem\",\"position\":2,\"name\":\"EL RAM\u00d3N CARRILLO ASEGUR\u00d3 QUE EL PELUQUERO MURI\u00d3 POR \u201cPATOLOG\u00cdAS PREEXISTENTES\u201d\"}]},{\"@type\":\"WebSite\",\"@id\":\"https:\/\/apuntesdesanluis.com\/#website\",\"url\":\"https:\/\/apuntesdesanluis.com\/\",\"name\":\"Apuntes de San Luis\",\"description\":\"\",\"publisher\":{\"@id\":\"https:\/\/apuntesdesanluis.com\/#\/schema\/person\/b55151d52296fcce64d1a72538a70b90\"},\"potentialAction\":[{\"@type\":\"SearchAction\",\"target\":{\"@type\":\"EntryPoint\",\"urlTemplate\":\"https:\/\/apuntesdesanluis.com\/?s={search_term_string}\"},\"query-input\":{\"@type\":\"PropertyValueSpecification\",\"valueRequired\":true,\"valueName\":\"search_term_string\"}}],\"inLanguage\":\"es-AR\"},{\"@type\":[\"Person\",\"Organization\"],\"@id\":\"https:\/\/apuntesdesanluis.com\/#\/schema\/person\/b55151d52296fcce64d1a72538a70b90\",\"name\":\"apuntesdesanluis.com\",\"image\":{\"@type\":\"ImageObject\",\"inLanguage\":\"es-AR\",\"@id\":\"https:\/\/apuntesdesanluis.com\/#\/schema\/person\/image\/\",\"url\":\"https:\/\/apuntesdesanluis.com\/wp-content\/uploads\/2023\/07\/cropped-apuntesdesanluis.png\",\"contentUrl\":\"https:\/\/apuntesdesanluis.com\/wp-content\/uploads\/2023\/07\/cropped-apuntesdesanluis.png\",\"width\":450,\"height\":112,\"caption\":\"apuntesdesanluis.com\"},\"logo\":{\"@id\":\"https:\/\/apuntesdesanluis.com\/#\/schema\/person\/image\/\"},\"sameAs\":[\"https:\/\/apuntesdesanluis.com\"],\"url\":\"https:\/\/apuntesdesanluis.com\/index.php\/author\/apuntesdesanluis-com\/\"}]}<\/script>\n<!-- \/ Yoast SEO plugin. -->","yoast_head_json":{"title":"EL RAM\u00d3N CARRILLO ASEGUR\u00d3 QUE EL PELUQUERO MURI\u00d3 POR \u201cPATOLOG\u00cdAS PREEXISTENTES\u201d - Apuntes de San Luis","robots":{"index":"index","follow":"follow","max-snippet":"max-snippet:-1","max-image-preview":"max-image-preview:large","max-video-preview":"max-video-preview:-1"},"canonical":"https:\/\/apuntesdesanluis.com\/index.php\/2025\/01\/27\/el-ramon-carrillo-aseguro-que-el-peluquero-murio-por-patologias-preexistentes\/","og_locale":"es_ES","og_type":"article","og_title":"EL RAM\u00d3N CARRILLO ASEGUR\u00d3 QUE EL PELUQUERO MURI\u00d3 POR \u201cPATOLOG\u00cdAS PREEXISTENTES\u201d - Apuntes de San Luis","og_description":"Tras la investigaci\u00f3n interna que dispuso el Ministerio de Salud por la muerte del conocido...","og_url":"https:\/\/apuntesdesanluis.com\/index.php\/2025\/01\/27\/el-ramon-carrillo-aseguro-que-el-peluquero-murio-por-patologias-preexistentes\/","og_site_name":"Apuntes de San Luis","article_published_time":"2025-01-28T02:24:27+00:00","og_image":[{"width":691,"height":413,"url":"https:\/\/apuntesdesanluis.com\/wp-content\/uploads\/2025\/01\/HOSPITAL-CENTRAL.png","type":"image\/png"}],"author":"apuntesdesanluis.com","twitter_card":"summary_large_image","twitter_misc":{"Escrito por":"apuntesdesanluis.com","Tiempo de lectura":"5 minutos"},"schema":{"@context":"https:\/\/schema.org","@graph":[{"@type":"Article","@id":"https:\/\/apuntesdesanluis.com\/index.php\/2025\/01\/27\/el-ramon-carrillo-aseguro-que-el-peluquero-murio-por-patologias-preexistentes\/#article","isPartOf":{"@id":"https:\/\/apuntesdesanluis.com\/index.php\/2025\/01\/27\/el-ramon-carrillo-aseguro-que-el-peluquero-murio-por-patologias-preexistentes\/"},"author":{"name":"apuntesdesanluis.com","@id":"https:\/\/apuntesdesanluis.com\/#\/schema\/person\/b55151d52296fcce64d1a72538a70b90"},"headline":"EL RAM\u00d3N CARRILLO ASEGUR\u00d3 QUE EL PELUQUERO MURI\u00d3 POR \u201cPATOLOG\u00cdAS PREEXISTENTES\u201d","datePublished":"2025-01-28T02:24:27+00:00","mainEntityOfPage":{"@id":"https:\/\/apuntesdesanluis.com\/index.php\/2025\/01\/27\/el-ramon-carrillo-aseguro-que-el-peluquero-murio-por-patologias-preexistentes\/"},"wordCount":973,"publisher":{"@id":"https:\/\/apuntesdesanluis.com\/#\/schema\/person\/b55151d52296fcce64d1a72538a70b90"},"image":{"@id":"https:\/\/apuntesdesanluis.com\/index.php\/2025\/01\/27\/el-ramon-carrillo-aseguro-que-el-peluquero-murio-por-patologias-preexistentes\/#primaryimage"},"thumbnailUrl":"https:\/\/apuntesdesanluis.com\/wp-content\/uploads\/2025\/01\/HOSPITAL-CENTRAL.png","articleSection":["Ciudad\/Provincia"],"inLanguage":"es-AR"},{"@type":"WebPage","@id":"https:\/\/apuntesdesanluis.com\/index.php\/2025\/01\/27\/el-ramon-carrillo-aseguro-que-el-peluquero-murio-por-patologias-preexistentes\/","url":"https:\/\/apuntesdesanluis.com\/index.php\/2025\/01\/27\/el-ramon-carrillo-aseguro-que-el-peluquero-murio-por-patologias-preexistentes\/","name":"EL RAM\u00d3N CARRILLO ASEGUR\u00d3 QUE EL PELUQUERO MURI\u00d3 POR \u201cPATOLOG\u00cdAS PREEXISTENTES\u201d - Apuntes de San Luis","isPartOf":{"@id":"https:\/\/apuntesdesanluis.com\/#website"},"primaryImageOfPage":{"@id":"https:\/\/apuntesdesanluis.com\/index.php\/2025\/01\/27\/el-ramon-carrillo-aseguro-que-el-peluquero-murio-por-patologias-preexistentes\/#primaryimage"},"image":{"@id":"https:\/\/apuntesdesanluis.com\/index.php\/2025\/01\/27\/el-ramon-carrillo-aseguro-que-el-peluquero-murio-por-patologias-preexistentes\/#primaryimage"},"thumbnailUrl":"https:\/\/apuntesdesanluis.com\/wp-content\/uploads\/2025\/01\/HOSPITAL-CENTRAL.png","datePublished":"2025-01-28T02:24:27+00:00","breadcrumb":{"@id":"https:\/\/apuntesdesanluis.com\/index.php\/2025\/01\/27\/el-ramon-carrillo-aseguro-que-el-peluquero-murio-por-patologias-preexistentes\/#breadcrumb"},"inLanguage":"es-AR","potentialAction":[{"@type":"ReadAction","target":["https:\/\/apuntesdesanluis.com\/index.php\/2025\/01\/27\/el-ramon-carrillo-aseguro-que-el-peluquero-murio-por-patologias-preexistentes\/"]}]},{"@type":"ImageObject","inLanguage":"es-AR","@id":"https:\/\/apuntesdesanluis.com\/index.php\/2025\/01\/27\/el-ramon-carrillo-aseguro-que-el-peluquero-murio-por-patologias-preexistentes\/#primaryimage","url":"https:\/\/apuntesdesanluis.com\/wp-content\/uploads\/2025\/01\/HOSPITAL-CENTRAL.png","contentUrl":"https:\/\/apuntesdesanluis.com\/wp-content\/uploads\/2025\/01\/HOSPITAL-CENTRAL.png","width":691,"height":413},{"@type":"BreadcrumbList","@id":"https:\/\/apuntesdesanluis.com\/index.php\/2025\/01\/27\/el-ramon-carrillo-aseguro-que-el-peluquero-murio-por-patologias-preexistentes\/#breadcrumb","itemListElement":[{"@type":"ListItem","position":1,"name":"Inicio","item":"https:\/\/apuntesdesanluis.com\/"},{"@type":"ListItem","position":2,"name":"EL RAM\u00d3N CARRILLO ASEGUR\u00d3 QUE EL PELUQUERO MURI\u00d3 POR \u201cPATOLOG\u00cdAS PREEXISTENTES\u201d"}]},{"@type":"WebSite","@id":"https:\/\/apuntesdesanluis.com\/#website","url":"https:\/\/apuntesdesanluis.com\/","name":"Apuntes de San Luis","description":"","publisher":{"@id":"https:\/\/apuntesdesanluis.com\/#\/schema\/person\/b55151d52296fcce64d1a72538a70b90"},"potentialAction":[{"@type":"SearchAction","target":{"@type":"EntryPoint","urlTemplate":"https:\/\/apuntesdesanluis.com\/?s={search_term_string}"},"query-input":{"@type":"PropertyValueSpecification","valueRequired":true,"valueName":"search_term_string"}}],"inLanguage":"es-AR"},{"@type":["Person","Organization"],"@id":"https:\/\/apuntesdesanluis.com\/#\/schema\/person\/b55151d52296fcce64d1a72538a70b90","name":"apuntesdesanluis.com","image":{"@type":"ImageObject","inLanguage":"es-AR","@id":"https:\/\/apuntesdesanluis.com\/#\/schema\/person\/image\/","url":"https:\/\/apuntesdesanluis.com\/wp-content\/uploads\/2023\/07\/cropped-apuntesdesanluis.png","contentUrl":"https:\/\/apuntesdesanluis.com\/wp-content\/uploads\/2023\/07\/cropped-apuntesdesanluis.png","width":450,"height":112,"caption":"apuntesdesanluis.com"},"logo":{"@id":"https:\/\/apuntesdesanluis.com\/#\/schema\/person\/image\/"},"sameAs":["https:\/\/apuntesdesanluis.com"],"url":"https:\/\/apuntesdesanluis.com\/index.php\/author\/apuntesdesanluis-com\/"}]}},"featured_image_urls":{"full":["https:\/\/apuntesdesanluis.com\/wp-content\/uploads\/2025\/01\/HOSPITAL-CENTRAL.png",691,413,false],"thumbnail":["https:\/\/apuntesdesanluis.com\/wp-content\/uploads\/2025\/01\/HOSPITAL-CENTRAL-150x150.png",150,150,true],"medium":["https:\/\/apuntesdesanluis.com\/wp-content\/uploads\/2025\/01\/HOSPITAL-CENTRAL-300x179.png",300,179,true],"medium_large":["https:\/\/apuntesdesanluis.com\/wp-content\/uploads\/2025\/01\/HOSPITAL-CENTRAL.png",640,383,false],"large":["https:\/\/apuntesdesanluis.com\/wp-content\/uploads\/2025\/01\/HOSPITAL-CENTRAL.png",640,383,false],"1536x1536":["https:\/\/apuntesdesanluis.com\/wp-content\/uploads\/2025\/01\/HOSPITAL-CENTRAL.png",691,413,false],"2048x2048":["https:\/\/apuntesdesanluis.com\/wp-content\/uploads\/2025\/01\/HOSPITAL-CENTRAL.png",691,413,false],"newsever-slider-full":["https:\/\/apuntesdesanluis.com\/wp-content\/uploads\/2025\/01\/HOSPITAL-CENTRAL.png",691,413,false],"newsever-featured":["https:\/\/apuntesdesanluis.com\/wp-content\/uploads\/2025\/01\/HOSPITAL-CENTRAL.png",691,413,false],"newsever-medium":["https:\/\/apuntesdesanluis.com\/wp-content\/uploads\/2025\/01\/HOSPITAL-CENTRAL.png",691,413,false]},"author_info":{"display_name":"apuntesdesanluis.com","author_link":"https:\/\/apuntesdesanluis.com\/index.php\/author\/apuntesdesanluis-com\/"},"category_info":"<a href=\"https:\/\/apuntesdesanluis.com\/index.php\/category\/ciudad-provincia\/\" rel=\"category tag\">Ciudad\/Provincia<\/a>","tag_info":"Ciudad\/Provincia","comment_count":"0","_links":{"self":[{"href":"https:\/\/apuntesdesanluis.com\/index.php\/wp-json\/wp\/v2\/posts\/28299","targetHints":{"allow":["GET"]}}],"collection":[{"href":"https:\/\/apuntesdesanluis.com\/index.php\/wp-json\/wp\/v2\/posts"}],"about":[{"href":"https:\/\/apuntesdesanluis.com\/index.php\/wp-json\/wp\/v2\/types\/post"}],"author":[{"embeddable":true,"href":"https:\/\/apuntesdesanluis.com\/index.php\/wp-json\/wp\/v2\/users\/1"}],"replies":[{"embeddable":true,"href":"https:\/\/apuntesdesanluis.com\/index.php\/wp-json\/wp\/v2\/comments?post=28299"}],"version-history":[{"count":1,"href":"https:\/\/apuntesdesanluis.com\/index.php\/wp-json\/wp\/v2\/posts\/28299\/revisions"}],"predecessor-version":[{"id":28301,"href":"https:\/\/apuntesdesanluis.com\/index.php\/wp-json\/wp\/v2\/posts\/28299\/revisions\/28301"}],"wp:featuredmedia":[{"embeddable":true,"href":"https:\/\/apuntesdesanluis.com\/index.php\/wp-json\/wp\/v2\/media\/28300"}],"wp:attachment":[{"href":"https:\/\/apuntesdesanluis.com\/index.php\/wp-json\/wp\/v2\/media?parent=28299"}],"wp:term":[{"taxonomy":"category","embeddable":true,"href":"https:\/\/apuntesdesanluis.com\/index.php\/wp-json\/wp\/v2\/categories?post=28299"},{"taxonomy":"post_tag","embeddable":true,"href":"https:\/\/apuntesdesanluis.com\/index.php\/wp-json\/wp\/v2\/tags?post=28299"}],"curies":[{"name":"wp","href":"https:\/\/api.w.org\/{rel}","templated":true}]}}