{"id":28304,"date":"2025-01-28T11:20:49","date_gmt":"2025-01-28T14:20:49","guid":{"rendered":"https:\/\/apuntesdesanluis.com\/?p=28304"},"modified":"2025-01-28T11:20:49","modified_gmt":"2025-01-28T14:20:49","slug":"fuerte-choque-y-un-auto-volcado-pero-no-hubo-heridos","status":"publish","type":"post","link":"https:\/\/apuntesdesanluis.com\/index.php\/2025\/01\/28\/fuerte-choque-y-un-auto-volcado-pero-no-hubo-heridos\/","title":{"rendered":"FUERTE CHOQUE Y UN AUTO VOLCADO, PERO NO HUBO HERIDOS"},"content":{"rendered":"<h3>El impactante accidente de tr\u00e1nsito tuvo lugar en la noche del lunes, alrededor de las 21:30, entre dos autom\u00f3viles que chocaron en Villa Mercedes.<\/h3>\n<h3>De acuerdo a las averiguaciones policiales, un auto Volkswagen Up que era conducido por una joven de 18 a\u00f1os de edad y un auto Fiat Siena que era conducido por un hombre de 32 a\u00f1os de edad, chocaron en la intersecci\u00f3n de calle General Paz y avenida Pringles.<\/h3>\n<h3>El Volkswagen Up circulaba por calle General Paz, de sur a norte; mientras que el Fiat Siena transitaba por avenida Pringles, de este a oeste, y en esa intersecci\u00f3n -por razones que se tratan de establecer- impactaron, quedando el Volkswagen Up volcado sobre su costado izquierdo.<\/h3>\n<p><img fetchpriority=\"high\" decoding=\"async\" class=\"wp-image-28306 aligncenter\" src=\"https:\/\/apuntesdesanluis.com\/wp-content\/uploads\/2025\/01\/accidente-300x191.jpg\" alt=\"\" width=\"647\" height=\"412\" srcset=\"https:\/\/apuntesdesanluis.com\/wp-content\/uploads\/2025\/01\/accidente-300x191.jpg 300w, https:\/\/apuntesdesanluis.com\/wp-content\/uploads\/2025\/01\/accidente-768x490.jpg 768w, https:\/\/apuntesdesanluis.com\/wp-content\/uploads\/2025\/01\/accidente.jpg 792w\" sizes=\"(max-width: 647px) 100vw, 647px\" \/><\/p>\n<h3>Personal m\u00e9dico del Sempro que acudi\u00f3 al lugar brind\u00f3 las primeras atenciones a ambos conductores, quienes no presentaban lesiones de consideraci\u00f3n, por lo que no fue necesario el traslado hacia el policl\u00ednico.<\/h3>\n<h3>Cabe se\u00f1alar que se les realiz\u00f3 el alcotest tanto a la joven de 18 a\u00f1os como al hombre de 32 a\u00f1os, arrojando resultado negativo en ambos casos.<\/h3>\n<h3><\/h3>\n<h3><\/h3>\n<h3><\/h3>\n","protected":false},"excerpt":{"rendered":"<p>El impactante accidente de tr\u00e1nsito tuvo lugar en la noche del lunes, alrededor de las&#8230;<\/p>\n","protected":false},"author":1,"featured_media":28305,"comment_status":"closed","ping_status":"closed","sticky":false,"template":"","format":"standard","meta":{"footnotes":""},"categories":[6],"tags":[],"class_list":["post-28304","post","type-post","status-publish","format-standard","has-post-thumbnail","hentry","category-ciudad-provincia"],"yoast_head":"<!-- This site is optimized with the Yoast SEO plugin v26.1.1 - https:\/\/yoast.com\/wordpress\/plugins\/seo\/ -->\n<title>FUERTE CHOQUE Y UN AUTO VOLCADO, PERO NO HUBO HERIDOS - Apuntes de San Luis<\/title>\n<meta name=\"robots\" content=\"index, follow, max-snippet:-1, max-image-preview:large, max-video-preview:-1\" \/>\n<link rel=\"canonical\" href=\"https:\/\/apuntesdesanluis.com\/index.php\/2025\/01\/28\/fuerte-choque-y-un-auto-volcado-pero-no-hubo-heridos\/\" \/>\n<meta property=\"og:locale\" content=\"es_ES\" \/>\n<meta property=\"og:type\" content=\"article\" \/>\n<meta property=\"og:title\" content=\"FUERTE CHOQUE Y UN AUTO VOLCADO, PERO NO HUBO HERIDOS - Apuntes de San Luis\" \/>\n<meta property=\"og:description\" content=\"El impactante accidente de tr\u00e1nsito tuvo lugar en la noche del lunes, alrededor de las...\" \/>\n<meta property=\"og:url\" content=\"https:\/\/apuntesdesanluis.com\/index.php\/2025\/01\/28\/fuerte-choque-y-un-auto-volcado-pero-no-hubo-heridos\/\" \/>\n<meta property=\"og:site_name\" content=\"Apuntes de San Luis\" \/>\n<meta property=\"article:published_time\" content=\"2025-01-28T14:20:49+00:00\" \/>\n<meta property=\"og:image\" content=\"https:\/\/apuntesdesanluis.com\/wp-content\/uploads\/2025\/01\/choque-principal.jpg\" \/>\n\t<meta property=\"og:image:width\" content=\"800\" \/>\n\t<meta property=\"og:image:height\" content=\"475\" \/>\n\t<meta property=\"og:image:type\" content=\"image\/jpeg\" \/>\n<meta name=\"author\" content=\"apuntesdesanluis.com\" \/>\n<meta name=\"twitter:card\" content=\"summary_large_image\" \/>\n<meta name=\"twitter:label1\" content=\"Escrito por\" \/>\n\t<meta name=\"twitter:data1\" content=\"apuntesdesanluis.com\" \/>\n\t<meta name=\"twitter:label2\" content=\"Tiempo de lectura\" \/>\n\t<meta name=\"twitter:data2\" content=\"2 minutos\" \/>\n<script type=\"application\/ld+json\" class=\"yoast-schema-graph\">{\"@context\":\"https:\/\/schema.org\",\"@graph\":[{\"@type\":\"Article\",\"@id\":\"https:\/\/apuntesdesanluis.com\/index.php\/2025\/01\/28\/fuerte-choque-y-un-auto-volcado-pero-no-hubo-heridos\/#article\",\"isPartOf\":{\"@id\":\"https:\/\/apuntesdesanluis.com\/index.php\/2025\/01\/28\/fuerte-choque-y-un-auto-volcado-pero-no-hubo-heridos\/\"},\"author\":{\"name\":\"apuntesdesanluis.com\",\"@id\":\"https:\/\/apuntesdesanluis.com\/#\/schema\/person\/b55151d52296fcce64d1a72538a70b90\"},\"headline\":\"FUERTE CHOQUE Y UN AUTO VOLCADO, PERO NO HUBO HERIDOS\",\"datePublished\":\"2025-01-28T14:20:49+00:00\",\"mainEntityOfPage\":{\"@id\":\"https:\/\/apuntesdesanluis.com\/index.php\/2025\/01\/28\/fuerte-choque-y-un-auto-volcado-pero-no-hubo-heridos\/\"},\"wordCount\":194,\"publisher\":{\"@id\":\"https:\/\/apuntesdesanluis.com\/#\/schema\/person\/b55151d52296fcce64d1a72538a70b90\"},\"image\":{\"@id\":\"https:\/\/apuntesdesanluis.com\/index.php\/2025\/01\/28\/fuerte-choque-y-un-auto-volcado-pero-no-hubo-heridos\/#primaryimage\"},\"thumbnailUrl\":\"https:\/\/apuntesdesanluis.com\/wp-content\/uploads\/2025\/01\/choque-principal.jpg\",\"articleSection\":[\"Ciudad\/Provincia\"],\"inLanguage\":\"es-AR\"},{\"@type\":\"WebPage\",\"@id\":\"https:\/\/apuntesdesanluis.com\/index.php\/2025\/01\/28\/fuerte-choque-y-un-auto-volcado-pero-no-hubo-heridos\/\",\"url\":\"https:\/\/apuntesdesanluis.com\/index.php\/2025\/01\/28\/fuerte-choque-y-un-auto-volcado-pero-no-hubo-heridos\/\",\"name\":\"FUERTE CHOQUE Y UN AUTO VOLCADO, PERO NO HUBO HERIDOS - Apuntes de San Luis\",\"isPartOf\":{\"@id\":\"https:\/\/apuntesdesanluis.com\/#website\"},\"primaryImageOfPage\":{\"@id\":\"https:\/\/apuntesdesanluis.com\/index.php\/2025\/01\/28\/fuerte-choque-y-un-auto-volcado-pero-no-hubo-heridos\/#primaryimage\"},\"image\":{\"@id\":\"https:\/\/apuntesdesanluis.com\/index.php\/2025\/01\/28\/fuerte-choque-y-un-auto-volcado-pero-no-hubo-heridos\/#primaryimage\"},\"thumbnailUrl\":\"https:\/\/apuntesdesanluis.com\/wp-content\/uploads\/2025\/01\/choque-principal.jpg\",\"datePublished\":\"2025-01-28T14:20:49+00:00\",\"breadcrumb\":{\"@id\":\"https:\/\/apuntesdesanluis.com\/index.php\/2025\/01\/28\/fuerte-choque-y-un-auto-volcado-pero-no-hubo-heridos\/#breadcrumb\"},\"inLanguage\":\"es-AR\",\"potentialAction\":[{\"@type\":\"ReadAction\",\"target\":[\"https:\/\/apuntesdesanluis.com\/index.php\/2025\/01\/28\/fuerte-choque-y-un-auto-volcado-pero-no-hubo-heridos\/\"]}]},{\"@type\":\"ImageObject\",\"inLanguage\":\"es-AR\",\"@id\":\"https:\/\/apuntesdesanluis.com\/index.php\/2025\/01\/28\/fuerte-choque-y-un-auto-volcado-pero-no-hubo-heridos\/#primaryimage\",\"url\":\"https:\/\/apuntesdesanluis.com\/wp-content\/uploads\/2025\/01\/choque-principal.jpg\",\"contentUrl\":\"https:\/\/apuntesdesanluis.com\/wp-content\/uploads\/2025\/01\/choque-principal.jpg\",\"width\":800,\"height\":475},{\"@type\":\"BreadcrumbList\",\"@id\":\"https:\/\/apuntesdesanluis.com\/index.php\/2025\/01\/28\/fuerte-choque-y-un-auto-volcado-pero-no-hubo-heridos\/#breadcrumb\",\"itemListElement\":[{\"@type\":\"ListItem\",\"position\":1,\"name\":\"Inicio\",\"item\":\"https:\/\/apuntesdesanluis.com\/\"},{\"@type\":\"ListItem\",\"position\":2,\"name\":\"FUERTE CHOQUE Y UN AUTO VOLCADO, PERO NO HUBO HERIDOS\"}]},{\"@type\":\"WebSite\",\"@id\":\"https:\/\/apuntesdesanluis.com\/#website\",\"url\":\"https:\/\/apuntesdesanluis.com\/\",\"name\":\"Apuntes de San Luis\",\"description\":\"\",\"publisher\":{\"@id\":\"https:\/\/apuntesdesanluis.com\/#\/schema\/person\/b55151d52296fcce64d1a72538a70b90\"},\"potentialAction\":[{\"@type\":\"SearchAction\",\"target\":{\"@type\":\"EntryPoint\",\"urlTemplate\":\"https:\/\/apuntesdesanluis.com\/?s={search_term_string}\"},\"query-input\":{\"@type\":\"PropertyValueSpecification\",\"valueRequired\":true,\"valueName\":\"search_term_string\"}}],\"inLanguage\":\"es-AR\"},{\"@type\":[\"Person\",\"Organization\"],\"@id\":\"https:\/\/apuntesdesanluis.com\/#\/schema\/person\/b55151d52296fcce64d1a72538a70b90\",\"name\":\"apuntesdesanluis.com\",\"image\":{\"@type\":\"ImageObject\",\"inLanguage\":\"es-AR\",\"@id\":\"https:\/\/apuntesdesanluis.com\/#\/schema\/person\/image\/\",\"url\":\"https:\/\/apuntesdesanluis.com\/wp-content\/uploads\/2023\/07\/cropped-apuntesdesanluis.png\",\"contentUrl\":\"https:\/\/apuntesdesanluis.com\/wp-content\/uploads\/2023\/07\/cropped-apuntesdesanluis.png\",\"width\":450,\"height\":112,\"caption\":\"apuntesdesanluis.com\"},\"logo\":{\"@id\":\"https:\/\/apuntesdesanluis.com\/#\/schema\/person\/image\/\"},\"sameAs\":[\"https:\/\/apuntesdesanluis.com\"],\"url\":\"https:\/\/apuntesdesanluis.com\/index.php\/author\/apuntesdesanluis-com\/\"}]}<\/script>\n<!-- \/ Yoast SEO plugin. -->","yoast_head_json":{"title":"FUERTE CHOQUE Y UN AUTO VOLCADO, PERO NO HUBO HERIDOS - Apuntes de San Luis","robots":{"index":"index","follow":"follow","max-snippet":"max-snippet:-1","max-image-preview":"max-image-preview:large","max-video-preview":"max-video-preview:-1"},"canonical":"https:\/\/apuntesdesanluis.com\/index.php\/2025\/01\/28\/fuerte-choque-y-un-auto-volcado-pero-no-hubo-heridos\/","og_locale":"es_ES","og_type":"article","og_title":"FUERTE CHOQUE Y UN AUTO VOLCADO, PERO NO HUBO HERIDOS - Apuntes de San Luis","og_description":"El impactante accidente de tr\u00e1nsito tuvo lugar en la noche del lunes, alrededor de las...","og_url":"https:\/\/apuntesdesanluis.com\/index.php\/2025\/01\/28\/fuerte-choque-y-un-auto-volcado-pero-no-hubo-heridos\/","og_site_name":"Apuntes de San Luis","article_published_time":"2025-01-28T14:20:49+00:00","og_image":[{"width":800,"height":475,"url":"https:\/\/apuntesdesanluis.com\/wp-content\/uploads\/2025\/01\/choque-principal.jpg","type":"image\/jpeg"}],"author":"apuntesdesanluis.com","twitter_card":"summary_large_image","twitter_misc":{"Escrito por":"apuntesdesanluis.com","Tiempo de lectura":"2 minutos"},"schema":{"@context":"https:\/\/schema.org","@graph":[{"@type":"Article","@id":"https:\/\/apuntesdesanluis.com\/index.php\/2025\/01\/28\/fuerte-choque-y-un-auto-volcado-pero-no-hubo-heridos\/#article","isPartOf":{"@id":"https:\/\/apuntesdesanluis.com\/index.php\/2025\/01\/28\/fuerte-choque-y-un-auto-volcado-pero-no-hubo-heridos\/"},"author":{"name":"apuntesdesanluis.com","@id":"https:\/\/apuntesdesanluis.com\/#\/schema\/person\/b55151d52296fcce64d1a72538a70b90"},"headline":"FUERTE CHOQUE Y UN AUTO VOLCADO, PERO NO HUBO HERIDOS","datePublished":"2025-01-28T14:20:49+00:00","mainEntityOfPage":{"@id":"https:\/\/apuntesdesanluis.com\/index.php\/2025\/01\/28\/fuerte-choque-y-un-auto-volcado-pero-no-hubo-heridos\/"},"wordCount":194,"publisher":{"@id":"https:\/\/apuntesdesanluis.com\/#\/schema\/person\/b55151d52296fcce64d1a72538a70b90"},"image":{"@id":"https:\/\/apuntesdesanluis.com\/index.php\/2025\/01\/28\/fuerte-choque-y-un-auto-volcado-pero-no-hubo-heridos\/#primaryimage"},"thumbnailUrl":"https:\/\/apuntesdesanluis.com\/wp-content\/uploads\/2025\/01\/choque-principal.jpg","articleSection":["Ciudad\/Provincia"],"inLanguage":"es-AR"},{"@type":"WebPage","@id":"https:\/\/apuntesdesanluis.com\/index.php\/2025\/01\/28\/fuerte-choque-y-un-auto-volcado-pero-no-hubo-heridos\/","url":"https:\/\/apuntesdesanluis.com\/index.php\/2025\/01\/28\/fuerte-choque-y-un-auto-volcado-pero-no-hubo-heridos\/","name":"FUERTE CHOQUE Y UN AUTO VOLCADO, PERO NO HUBO HERIDOS - Apuntes de San Luis","isPartOf":{"@id":"https:\/\/apuntesdesanluis.com\/#website"},"primaryImageOfPage":{"@id":"https:\/\/apuntesdesanluis.com\/index.php\/2025\/01\/28\/fuerte-choque-y-un-auto-volcado-pero-no-hubo-heridos\/#primaryimage"},"image":{"@id":"https:\/\/apuntesdesanluis.com\/index.php\/2025\/01\/28\/fuerte-choque-y-un-auto-volcado-pero-no-hubo-heridos\/#primaryimage"},"thumbnailUrl":"https:\/\/apuntesdesanluis.com\/wp-content\/uploads\/2025\/01\/choque-principal.jpg","datePublished":"2025-01-28T14:20:49+00:00","breadcrumb":{"@id":"https:\/\/apuntesdesanluis.com\/index.php\/2025\/01\/28\/fuerte-choque-y-un-auto-volcado-pero-no-hubo-heridos\/#breadcrumb"},"inLanguage":"es-AR","potentialAction":[{"@type":"ReadAction","target":["https:\/\/apuntesdesanluis.com\/index.php\/2025\/01\/28\/fuerte-choque-y-un-auto-volcado-pero-no-hubo-heridos\/"]}]},{"@type":"ImageObject","inLanguage":"es-AR","@id":"https:\/\/apuntesdesanluis.com\/index.php\/2025\/01\/28\/fuerte-choque-y-un-auto-volcado-pero-no-hubo-heridos\/#primaryimage","url":"https:\/\/apuntesdesanluis.com\/wp-content\/uploads\/2025\/01\/choque-principal.jpg","contentUrl":"https:\/\/apuntesdesanluis.com\/wp-content\/uploads\/2025\/01\/choque-principal.jpg","width":800,"height":475},{"@type":"BreadcrumbList","@id":"https:\/\/apuntesdesanluis.com\/index.php\/2025\/01\/28\/fuerte-choque-y-un-auto-volcado-pero-no-hubo-heridos\/#breadcrumb","itemListElement":[{"@type":"ListItem","position":1,"name":"Inicio","item":"https:\/\/apuntesdesanluis.com\/"},{"@type":"ListItem","position":2,"name":"FUERTE CHOQUE Y UN AUTO VOLCADO, PERO NO HUBO HERIDOS"}]},{"@type":"WebSite","@id":"https:\/\/apuntesdesanluis.com\/#website","url":"https:\/\/apuntesdesanluis.com\/","name":"Apuntes de San Luis","description":"","publisher":{"@id":"https:\/\/apuntesdesanluis.com\/#\/schema\/person\/b55151d52296fcce64d1a72538a70b90"},"potentialAction":[{"@type":"SearchAction","target":{"@type":"EntryPoint","urlTemplate":"https:\/\/apuntesdesanluis.com\/?s={search_term_string}"},"query-input":{"@type":"PropertyValueSpecification","valueRequired":true,"valueName":"search_term_string"}}],"inLanguage":"es-AR"},{"@type":["Person","Organization"],"@id":"https:\/\/apuntesdesanluis.com\/#\/schema\/person\/b55151d52296fcce64d1a72538a70b90","name":"apuntesdesanluis.com","image":{"@type":"ImageObject","inLanguage":"es-AR","@id":"https:\/\/apuntesdesanluis.com\/#\/schema\/person\/image\/","url":"https:\/\/apuntesdesanluis.com\/wp-content\/uploads\/2023\/07\/cropped-apuntesdesanluis.png","contentUrl":"https:\/\/apuntesdesanluis.com\/wp-content\/uploads\/2023\/07\/cropped-apuntesdesanluis.png","width":450,"height":112,"caption":"apuntesdesanluis.com"},"logo":{"@id":"https:\/\/apuntesdesanluis.com\/#\/schema\/person\/image\/"},"sameAs":["https:\/\/apuntesdesanluis.com"],"url":"https:\/\/apuntesdesanluis.com\/index.php\/author\/apuntesdesanluis-com\/"}]}},"featured_image_urls":{"full":["https:\/\/apuntesdesanluis.com\/wp-content\/uploads\/2025\/01\/choque-principal.jpg",800,475,false],"thumbnail":["https:\/\/apuntesdesanluis.com\/wp-content\/uploads\/2025\/01\/choque-principal-150x150.jpg",150,150,true],"medium":["https:\/\/apuntesdesanluis.com\/wp-content\/uploads\/2025\/01\/choque-principal-300x178.jpg",300,178,true],"medium_large":["https:\/\/apuntesdesanluis.com\/wp-content\/uploads\/2025\/01\/choque-principal-768x456.jpg",640,380,true],"large":["https:\/\/apuntesdesanluis.com\/wp-content\/uploads\/2025\/01\/choque-principal.jpg",640,380,false],"1536x1536":["https:\/\/apuntesdesanluis.com\/wp-content\/uploads\/2025\/01\/choque-principal.jpg",800,475,false],"2048x2048":["https:\/\/apuntesdesanluis.com\/wp-content\/uploads\/2025\/01\/choque-principal.jpg",800,475,false],"newsever-slider-full":["https:\/\/apuntesdesanluis.com\/wp-content\/uploads\/2025\/01\/choque-principal.jpg",800,475,false],"newsever-featured":["https:\/\/apuntesdesanluis.com\/wp-content\/uploads\/2025\/01\/choque-principal.jpg",800,475,false],"newsever-medium":["https:\/\/apuntesdesanluis.com\/wp-content\/uploads\/2025\/01\/choque-principal-720x475.jpg",720,475,true]},"author_info":{"display_name":"apuntesdesanluis.com","author_link":"https:\/\/apuntesdesanluis.com\/index.php\/author\/apuntesdesanluis-com\/"},"category_info":"<a href=\"https:\/\/apuntesdesanluis.com\/index.php\/category\/ciudad-provincia\/\" rel=\"category tag\">Ciudad\/Provincia<\/a>","tag_info":"Ciudad\/Provincia","comment_count":"0","_links":{"self":[{"href":"https:\/\/apuntesdesanluis.com\/index.php\/wp-json\/wp\/v2\/posts\/28304","targetHints":{"allow":["GET"]}}],"collection":[{"href":"https:\/\/apuntesdesanluis.com\/index.php\/wp-json\/wp\/v2\/posts"}],"about":[{"href":"https:\/\/apuntesdesanluis.com\/index.php\/wp-json\/wp\/v2\/types\/post"}],"author":[{"embeddable":true,"href":"https:\/\/apuntesdesanluis.com\/index.php\/wp-json\/wp\/v2\/users\/1"}],"replies":[{"embeddable":true,"href":"https:\/\/apuntesdesanluis.com\/index.php\/wp-json\/wp\/v2\/comments?post=28304"}],"version-history":[{"count":1,"href":"https:\/\/apuntesdesanluis.com\/index.php\/wp-json\/wp\/v2\/posts\/28304\/revisions"}],"predecessor-version":[{"id":28307,"href":"https:\/\/apuntesdesanluis.com\/index.php\/wp-json\/wp\/v2\/posts\/28304\/revisions\/28307"}],"wp:featuredmedia":[{"embeddable":true,"href":"https:\/\/apuntesdesanluis.com\/index.php\/wp-json\/wp\/v2\/media\/28305"}],"wp:attachment":[{"href":"https:\/\/apuntesdesanluis.com\/index.php\/wp-json\/wp\/v2\/media?parent=28304"}],"wp:term":[{"taxonomy":"category","embeddable":true,"href":"https:\/\/apuntesdesanluis.com\/index.php\/wp-json\/wp\/v2\/categories?post=28304"},{"taxonomy":"post_tag","embeddable":true,"href":"https:\/\/apuntesdesanluis.com\/index.php\/wp-json\/wp\/v2\/tags?post=28304"}],"curies":[{"name":"wp","href":"https:\/\/api.w.org\/{rel}","templated":true}]}}