{"id":28374,"date":"2025-01-29T17:01:46","date_gmt":"2025-01-29T20:01:46","guid":{"rendered":"https:\/\/apuntesdesanluis.com\/?p=28374"},"modified":"2025-01-29T17:01:46","modified_gmt":"2025-01-29T20:01:46","slug":"impulsan-un-plan-integral-de-conduccion-responsable","status":"publish","type":"post","link":"https:\/\/apuntesdesanluis.com\/index.php\/2025\/01\/29\/impulsan-un-plan-integral-de-conduccion-responsable\/","title":{"rendered":"IMPULSAN UN PLAN INTEGRAL DE CONDUCCI\u00d3N RESPONSABLE"},"content":{"rendered":"<h3>Este operativo cont\u00f3 con la coordinaci\u00f3n de la Polic\u00eda provincial y la direcci\u00f3n de Seguridad Vial, con el fin de controlar a quienes circulan por las rutas sanluise\u00f1as.<\/h3>\n<h3>Este mi\u00e9rcoles, visitantes y vecinos de Balde ingresaron a la localidad a trav\u00e9s de un operativo de control, que se ubic\u00f3 a cinco kil\u00f3metros de distancia de su ingreso. Personal de la direcci\u00f3n General de Lucha Contra el Narcotr\u00e1fico inspeccion\u00f3 los veh\u00edculos con la asistencia de un perro polic\u00eda. A su vez, la direcci\u00f3n de Seguridad Vial realiz\u00f3 controles de alcoholemia, bajo la campa\u00f1a \u2018Tolerancia 0% alcohol\u2019. Dentro de la log\u00edstica, se incluy\u00f3 un dron para recorrer el per\u00edmetro e incrementar la eficacia de las tareas.<\/h3>\n<h3><img fetchpriority=\"high\" decoding=\"async\" class=\"wp-image-28376 aligncenter\" src=\"https:\/\/apuntesdesanluis.com\/wp-content\/uploads\/2025\/01\/PERRO-300x177.png\" alt=\"\" width=\"593\" height=\"350\" srcset=\"https:\/\/apuntesdesanluis.com\/wp-content\/uploads\/2025\/01\/PERRO-300x177.png 300w, https:\/\/apuntesdesanluis.com\/wp-content\/uploads\/2025\/01\/PERRO.png 702w\" sizes=\"(max-width: 593px) 100vw, 593px\" \/><\/h3>\n<h3>La ministro de Seguridad, <strong>Nancy Sosa<\/strong>, explic\u00f3 que estas labores forman parte de un plan de conducci\u00f3n responsable: \u201cLo que se busca es controlar a quienes transitan nuestras rutas. Es un plan integral porque est\u00e1 distribuido en seis puntos de la provincia. En este momento se est\u00e1 desarrollando, en forma simult\u00e1nea, en los corredores e ingresos que van la ciudad de Villa Mercedes, Villa de Merlo, San Francisco del Monte de Oro, La Calera, Tilisarao y Liborio Luna\u201d. Luego agreg\u00f3: \u201cCon m\u00e1s de 70 efectivos, se controla la documentaci\u00f3n, los cinturones de seguridad, las luces y, por supuesto, que el conductor no haya consumido alcohol. Todo en el marco de la Ley de Tr\u00e1nsito\u201d.<\/h3>\n<h3><img decoding=\"async\" class=\"wp-image-28377 aligncenter\" src=\"https:\/\/apuntesdesanluis.com\/wp-content\/uploads\/2025\/01\/NANCY-SOSA-Y-SUBJEFE-DE-POLICIA-300x193.png\" alt=\"\" width=\"592\" height=\"381\" srcset=\"https:\/\/apuntesdesanluis.com\/wp-content\/uploads\/2025\/01\/NANCY-SOSA-Y-SUBJEFE-DE-POLICIA-300x193.png 300w, https:\/\/apuntesdesanluis.com\/wp-content\/uploads\/2025\/01\/NANCY-SOSA-Y-SUBJEFE-DE-POLICIA-768x493.png 768w, https:\/\/apuntesdesanluis.com\/wp-content\/uploads\/2025\/01\/NANCY-SOSA-Y-SUBJEFE-DE-POLICIA.png 794w\" sizes=\"(max-width: 592px) 100vw, 592px\" \/><\/h3>\n<h4 style=\"text-align: center;\"><em>Nancy Sosa y el Subjefe de Polic\u00eda Juan Carlos Leyes.<\/em><\/h4>\n<h3>Por su parte, la directora de Seguridad Vial, <strong>Paola Carbonell<\/strong>, coment\u00f3 que el prop\u00f3sito del plan integral es controlar pero tambi\u00e9n prevenir y disminuir el riesgo de siniestros viales. \u201cEn estos procedimientos, se controla la documentaci\u00f3n para circular, el uso de elementos de protecci\u00f3n como, por ejemplo, cintur\u00f3n de seguridad, casco para motoveh\u00edculos, luces y el estado del veh\u00edculo en general. Apuntamos a generar conciencia en los conductores, debido a que cada uno toma decisiones y tiene en sus manos su vida y la de los dem\u00e1s. Estamos insistiendo mucho en lo vinculado al control de alcoholemia\u201d, especific\u00f3 Carbonell.<\/h3>\n<h3><img decoding=\"async\" class=\"wp-image-28378 aligncenter\" src=\"https:\/\/apuntesdesanluis.com\/wp-content\/uploads\/2025\/01\/paola-carbonell-300x227.png\" alt=\"\" width=\"593\" height=\"449\" srcset=\"https:\/\/apuntesdesanluis.com\/wp-content\/uploads\/2025\/01\/paola-carbonell-300x227.png 300w, https:\/\/apuntesdesanluis.com\/wp-content\/uploads\/2025\/01\/paola-carbonell.png 657w\" sizes=\"(max-width: 593px) 100vw, 593px\" \/><\/h3>\n<h3>El subjefe de la Polic\u00eda de San Luis,<strong> Juan Carlos Leyes<\/strong>, inform\u00f3 que las tareas del cuerpo policial en el operativo, con jurisdicci\u00f3n de la unidad regional N\u00b01, solicita documentaci\u00f3n reglamentaria, vigila la velocidad y examina la conservaci\u00f3n de los veh\u00edculos. \u201cBuscamos reducir la cantidad de accidentes\u201d, precis\u00f3 y le transmiti\u00f3 a la ciudadan\u00eda la sugerencia de que tenga su documentaci\u00f3n a mano, ya que los operativos ser\u00e1n sorpresivos en distintos horarios, diurno y nocturnos. \u201cLos polic\u00edas tienen las directivas para hacer respetar las normas de tr\u00e1nsito vigentes\u201d, concluy\u00f3.<\/h3>\n<p><img loading=\"lazy\" decoding=\"async\" class=\"wp-image-28379 aligncenter\" src=\"https:\/\/apuntesdesanluis.com\/wp-content\/uploads\/2025\/01\/CONTROL-DE-TRANSITO-300x197.png\" alt=\"\" width=\"592\" height=\"389\" srcset=\"https:\/\/apuntesdesanluis.com\/wp-content\/uploads\/2025\/01\/CONTROL-DE-TRANSITO-300x197.png 300w, https:\/\/apuntesdesanluis.com\/wp-content\/uploads\/2025\/01\/CONTROL-DE-TRANSITO-768x504.png 768w, https:\/\/apuntesdesanluis.com\/wp-content\/uploads\/2025\/01\/CONTROL-DE-TRANSITO.png 798w\" sizes=\"(max-width: 592px) 100vw, 592px\" \/><\/p>\n<p><img loading=\"lazy\" decoding=\"async\" class=\"wp-image-28380 aligncenter\" src=\"https:\/\/apuntesdesanluis.com\/wp-content\/uploads\/2025\/01\/DOCUMENTACION-300x153.png\" alt=\"\" width=\"592\" height=\"302\" srcset=\"https:\/\/apuntesdesanluis.com\/wp-content\/uploads\/2025\/01\/DOCUMENTACION-300x153.png 300w, https:\/\/apuntesdesanluis.com\/wp-content\/uploads\/2025\/01\/DOCUMENTACION-768x391.png 768w, https:\/\/apuntesdesanluis.com\/wp-content\/uploads\/2025\/01\/DOCUMENTACION.png 841w\" sizes=\"(max-width: 592px) 100vw, 592px\" \/><\/p>\n<p><img loading=\"lazy\" decoding=\"async\" class=\"wp-image-28381 aligncenter\" src=\"https:\/\/apuntesdesanluis.com\/wp-content\/uploads\/2025\/01\/ALCOTEST-300x172.png\" alt=\"\" width=\"591\" height=\"339\" srcset=\"https:\/\/apuntesdesanluis.com\/wp-content\/uploads\/2025\/01\/ALCOTEST-300x172.png 300w, https:\/\/apuntesdesanluis.com\/wp-content\/uploads\/2025\/01\/ALCOTEST-768x441.png 768w, https:\/\/apuntesdesanluis.com\/wp-content\/uploads\/2025\/01\/ALCOTEST.png 929w\" sizes=\"(max-width: 591px) 100vw, 591px\" \/><\/p>\n<p>&nbsp;<\/p>\n<p>&nbsp;<\/p>\n<p>&nbsp;<\/p>\n","protected":false},"excerpt":{"rendered":"<p>Este operativo cont\u00f3 con la coordinaci\u00f3n de la Polic\u00eda provincial y la direcci\u00f3n de Seguridad&#8230;<\/p>\n","protected":false},"author":1,"featured_media":28375,"comment_status":"closed","ping_status":"closed","sticky":false,"template":"","format":"standard","meta":{"footnotes":""},"categories":[6],"tags":[],"class_list":["post-28374","post","type-post","status-publish","format-standard","has-post-thumbnail","hentry","category-ciudad-provincia"],"yoast_head":"<!-- This site is optimized with the Yoast SEO plugin v26.1.1 - https:\/\/yoast.com\/wordpress\/plugins\/seo\/ -->\n<title>IMPULSAN UN PLAN INTEGRAL DE CONDUCCI\u00d3N RESPONSABLE - Apuntes de San Luis<\/title>\n<meta name=\"robots\" content=\"index, follow, max-snippet:-1, max-image-preview:large, max-video-preview:-1\" \/>\n<link rel=\"canonical\" href=\"https:\/\/apuntesdesanluis.com\/index.php\/2025\/01\/29\/impulsan-un-plan-integral-de-conduccion-responsable\/\" \/>\n<meta property=\"og:locale\" content=\"es_ES\" \/>\n<meta property=\"og:type\" content=\"article\" \/>\n<meta property=\"og:title\" content=\"IMPULSAN UN PLAN INTEGRAL DE CONDUCCI\u00d3N RESPONSABLE - Apuntes de San Luis\" \/>\n<meta property=\"og:description\" content=\"Este operativo cont\u00f3 con la coordinaci\u00f3n de la Polic\u00eda provincial y la direcci\u00f3n de Seguridad...\" \/>\n<meta property=\"og:url\" content=\"https:\/\/apuntesdesanluis.com\/index.php\/2025\/01\/29\/impulsan-un-plan-integral-de-conduccion-responsable\/\" \/>\n<meta property=\"og:site_name\" content=\"Apuntes de San Luis\" \/>\n<meta property=\"article:published_time\" content=\"2025-01-29T20:01:46+00:00\" \/>\n<meta property=\"og:image\" content=\"https:\/\/apuntesdesanluis.com\/wp-content\/uploads\/2025\/01\/ALCOCHOL-CERO.png\" \/>\n\t<meta property=\"og:image:width\" content=\"773\" \/>\n\t<meta property=\"og:image:height\" content=\"549\" \/>\n\t<meta property=\"og:image:type\" content=\"image\/png\" \/>\n<meta name=\"author\" content=\"apuntesdesanluis.com\" \/>\n<meta name=\"twitter:card\" content=\"summary_large_image\" \/>\n<meta name=\"twitter:label1\" content=\"Escrito por\" \/>\n\t<meta name=\"twitter:data1\" content=\"apuntesdesanluis.com\" \/>\n\t<meta name=\"twitter:label2\" content=\"Tiempo de lectura\" \/>\n\t<meta name=\"twitter:data2\" content=\"4 minutos\" \/>\n<script type=\"application\/ld+json\" class=\"yoast-schema-graph\">{\"@context\":\"https:\/\/schema.org\",\"@graph\":[{\"@type\":\"Article\",\"@id\":\"https:\/\/apuntesdesanluis.com\/index.php\/2025\/01\/29\/impulsan-un-plan-integral-de-conduccion-responsable\/#article\",\"isPartOf\":{\"@id\":\"https:\/\/apuntesdesanluis.com\/index.php\/2025\/01\/29\/impulsan-un-plan-integral-de-conduccion-responsable\/\"},\"author\":{\"name\":\"apuntesdesanluis.com\",\"@id\":\"https:\/\/apuntesdesanluis.com\/#\/schema\/person\/b55151d52296fcce64d1a72538a70b90\"},\"headline\":\"IMPULSAN UN PLAN INTEGRAL DE CONDUCCI\u00d3N RESPONSABLE\",\"datePublished\":\"2025-01-29T20:01:46+00:00\",\"mainEntityOfPage\":{\"@id\":\"https:\/\/apuntesdesanluis.com\/index.php\/2025\/01\/29\/impulsan-un-plan-integral-de-conduccion-responsable\/\"},\"wordCount\":474,\"publisher\":{\"@id\":\"https:\/\/apuntesdesanluis.com\/#\/schema\/person\/b55151d52296fcce64d1a72538a70b90\"},\"image\":{\"@id\":\"https:\/\/apuntesdesanluis.com\/index.php\/2025\/01\/29\/impulsan-un-plan-integral-de-conduccion-responsable\/#primaryimage\"},\"thumbnailUrl\":\"https:\/\/apuntesdesanluis.com\/wp-content\/uploads\/2025\/01\/ALCOCHOL-CERO.png\",\"articleSection\":[\"Ciudad\/Provincia\"],\"inLanguage\":\"es-AR\"},{\"@type\":\"WebPage\",\"@id\":\"https:\/\/apuntesdesanluis.com\/index.php\/2025\/01\/29\/impulsan-un-plan-integral-de-conduccion-responsable\/\",\"url\":\"https:\/\/apuntesdesanluis.com\/index.php\/2025\/01\/29\/impulsan-un-plan-integral-de-conduccion-responsable\/\",\"name\":\"IMPULSAN UN PLAN INTEGRAL DE CONDUCCI\u00d3N RESPONSABLE - Apuntes de San Luis\",\"isPartOf\":{\"@id\":\"https:\/\/apuntesdesanluis.com\/#website\"},\"primaryImageOfPage\":{\"@id\":\"https:\/\/apuntesdesanluis.com\/index.php\/2025\/01\/29\/impulsan-un-plan-integral-de-conduccion-responsable\/#primaryimage\"},\"image\":{\"@id\":\"https:\/\/apuntesdesanluis.com\/index.php\/2025\/01\/29\/impulsan-un-plan-integral-de-conduccion-responsable\/#primaryimage\"},\"thumbnailUrl\":\"https:\/\/apuntesdesanluis.com\/wp-content\/uploads\/2025\/01\/ALCOCHOL-CERO.png\",\"datePublished\":\"2025-01-29T20:01:46+00:00\",\"breadcrumb\":{\"@id\":\"https:\/\/apuntesdesanluis.com\/index.php\/2025\/01\/29\/impulsan-un-plan-integral-de-conduccion-responsable\/#breadcrumb\"},\"inLanguage\":\"es-AR\",\"potentialAction\":[{\"@type\":\"ReadAction\",\"target\":[\"https:\/\/apuntesdesanluis.com\/index.php\/2025\/01\/29\/impulsan-un-plan-integral-de-conduccion-responsable\/\"]}]},{\"@type\":\"ImageObject\",\"inLanguage\":\"es-AR\",\"@id\":\"https:\/\/apuntesdesanluis.com\/index.php\/2025\/01\/29\/impulsan-un-plan-integral-de-conduccion-responsable\/#primaryimage\",\"url\":\"https:\/\/apuntesdesanluis.com\/wp-content\/uploads\/2025\/01\/ALCOCHOL-CERO.png\",\"contentUrl\":\"https:\/\/apuntesdesanluis.com\/wp-content\/uploads\/2025\/01\/ALCOCHOL-CERO.png\",\"width\":773,\"height\":549},{\"@type\":\"BreadcrumbList\",\"@id\":\"https:\/\/apuntesdesanluis.com\/index.php\/2025\/01\/29\/impulsan-un-plan-integral-de-conduccion-responsable\/#breadcrumb\",\"itemListElement\":[{\"@type\":\"ListItem\",\"position\":1,\"name\":\"Inicio\",\"item\":\"https:\/\/apuntesdesanluis.com\/\"},{\"@type\":\"ListItem\",\"position\":2,\"name\":\"IMPULSAN UN PLAN INTEGRAL DE CONDUCCI\u00d3N RESPONSABLE\"}]},{\"@type\":\"WebSite\",\"@id\":\"https:\/\/apuntesdesanluis.com\/#website\",\"url\":\"https:\/\/apuntesdesanluis.com\/\",\"name\":\"Apuntes de San Luis\",\"description\":\"\",\"publisher\":{\"@id\":\"https:\/\/apuntesdesanluis.com\/#\/schema\/person\/b55151d52296fcce64d1a72538a70b90\"},\"potentialAction\":[{\"@type\":\"SearchAction\",\"target\":{\"@type\":\"EntryPoint\",\"urlTemplate\":\"https:\/\/apuntesdesanluis.com\/?s={search_term_string}\"},\"query-input\":{\"@type\":\"PropertyValueSpecification\",\"valueRequired\":true,\"valueName\":\"search_term_string\"}}],\"inLanguage\":\"es-AR\"},{\"@type\":[\"Person\",\"Organization\"],\"@id\":\"https:\/\/apuntesdesanluis.com\/#\/schema\/person\/b55151d52296fcce64d1a72538a70b90\",\"name\":\"apuntesdesanluis.com\",\"image\":{\"@type\":\"ImageObject\",\"inLanguage\":\"es-AR\",\"@id\":\"https:\/\/apuntesdesanluis.com\/#\/schema\/person\/image\/\",\"url\":\"https:\/\/apuntesdesanluis.com\/wp-content\/uploads\/2023\/07\/cropped-apuntesdesanluis.png\",\"contentUrl\":\"https:\/\/apuntesdesanluis.com\/wp-content\/uploads\/2023\/07\/cropped-apuntesdesanluis.png\",\"width\":450,\"height\":112,\"caption\":\"apuntesdesanluis.com\"},\"logo\":{\"@id\":\"https:\/\/apuntesdesanluis.com\/#\/schema\/person\/image\/\"},\"sameAs\":[\"https:\/\/apuntesdesanluis.com\"],\"url\":\"https:\/\/apuntesdesanluis.com\/index.php\/author\/apuntesdesanluis-com\/\"}]}<\/script>\n<!-- \/ Yoast SEO plugin. -->","yoast_head_json":{"title":"IMPULSAN UN PLAN INTEGRAL DE CONDUCCI\u00d3N RESPONSABLE - Apuntes de San Luis","robots":{"index":"index","follow":"follow","max-snippet":"max-snippet:-1","max-image-preview":"max-image-preview:large","max-video-preview":"max-video-preview:-1"},"canonical":"https:\/\/apuntesdesanluis.com\/index.php\/2025\/01\/29\/impulsan-un-plan-integral-de-conduccion-responsable\/","og_locale":"es_ES","og_type":"article","og_title":"IMPULSAN UN PLAN INTEGRAL DE CONDUCCI\u00d3N RESPONSABLE - Apuntes de San Luis","og_description":"Este operativo cont\u00f3 con la coordinaci\u00f3n de la Polic\u00eda provincial y la direcci\u00f3n de Seguridad...","og_url":"https:\/\/apuntesdesanluis.com\/index.php\/2025\/01\/29\/impulsan-un-plan-integral-de-conduccion-responsable\/","og_site_name":"Apuntes de San Luis","article_published_time":"2025-01-29T20:01:46+00:00","og_image":[{"width":773,"height":549,"url":"https:\/\/apuntesdesanluis.com\/wp-content\/uploads\/2025\/01\/ALCOCHOL-CERO.png","type":"image\/png"}],"author":"apuntesdesanluis.com","twitter_card":"summary_large_image","twitter_misc":{"Escrito por":"apuntesdesanluis.com","Tiempo de lectura":"4 minutos"},"schema":{"@context":"https:\/\/schema.org","@graph":[{"@type":"Article","@id":"https:\/\/apuntesdesanluis.com\/index.php\/2025\/01\/29\/impulsan-un-plan-integral-de-conduccion-responsable\/#article","isPartOf":{"@id":"https:\/\/apuntesdesanluis.com\/index.php\/2025\/01\/29\/impulsan-un-plan-integral-de-conduccion-responsable\/"},"author":{"name":"apuntesdesanluis.com","@id":"https:\/\/apuntesdesanluis.com\/#\/schema\/person\/b55151d52296fcce64d1a72538a70b90"},"headline":"IMPULSAN UN PLAN INTEGRAL DE CONDUCCI\u00d3N RESPONSABLE","datePublished":"2025-01-29T20:01:46+00:00","mainEntityOfPage":{"@id":"https:\/\/apuntesdesanluis.com\/index.php\/2025\/01\/29\/impulsan-un-plan-integral-de-conduccion-responsable\/"},"wordCount":474,"publisher":{"@id":"https:\/\/apuntesdesanluis.com\/#\/schema\/person\/b55151d52296fcce64d1a72538a70b90"},"image":{"@id":"https:\/\/apuntesdesanluis.com\/index.php\/2025\/01\/29\/impulsan-un-plan-integral-de-conduccion-responsable\/#primaryimage"},"thumbnailUrl":"https:\/\/apuntesdesanluis.com\/wp-content\/uploads\/2025\/01\/ALCOCHOL-CERO.png","articleSection":["Ciudad\/Provincia"],"inLanguage":"es-AR"},{"@type":"WebPage","@id":"https:\/\/apuntesdesanluis.com\/index.php\/2025\/01\/29\/impulsan-un-plan-integral-de-conduccion-responsable\/","url":"https:\/\/apuntesdesanluis.com\/index.php\/2025\/01\/29\/impulsan-un-plan-integral-de-conduccion-responsable\/","name":"IMPULSAN UN PLAN INTEGRAL DE CONDUCCI\u00d3N RESPONSABLE - Apuntes de San Luis","isPartOf":{"@id":"https:\/\/apuntesdesanluis.com\/#website"},"primaryImageOfPage":{"@id":"https:\/\/apuntesdesanluis.com\/index.php\/2025\/01\/29\/impulsan-un-plan-integral-de-conduccion-responsable\/#primaryimage"},"image":{"@id":"https:\/\/apuntesdesanluis.com\/index.php\/2025\/01\/29\/impulsan-un-plan-integral-de-conduccion-responsable\/#primaryimage"},"thumbnailUrl":"https:\/\/apuntesdesanluis.com\/wp-content\/uploads\/2025\/01\/ALCOCHOL-CERO.png","datePublished":"2025-01-29T20:01:46+00:00","breadcrumb":{"@id":"https:\/\/apuntesdesanluis.com\/index.php\/2025\/01\/29\/impulsan-un-plan-integral-de-conduccion-responsable\/#breadcrumb"},"inLanguage":"es-AR","potentialAction":[{"@type":"ReadAction","target":["https:\/\/apuntesdesanluis.com\/index.php\/2025\/01\/29\/impulsan-un-plan-integral-de-conduccion-responsable\/"]}]},{"@type":"ImageObject","inLanguage":"es-AR","@id":"https:\/\/apuntesdesanluis.com\/index.php\/2025\/01\/29\/impulsan-un-plan-integral-de-conduccion-responsable\/#primaryimage","url":"https:\/\/apuntesdesanluis.com\/wp-content\/uploads\/2025\/01\/ALCOCHOL-CERO.png","contentUrl":"https:\/\/apuntesdesanluis.com\/wp-content\/uploads\/2025\/01\/ALCOCHOL-CERO.png","width":773,"height":549},{"@type":"BreadcrumbList","@id":"https:\/\/apuntesdesanluis.com\/index.php\/2025\/01\/29\/impulsan-un-plan-integral-de-conduccion-responsable\/#breadcrumb","itemListElement":[{"@type":"ListItem","position":1,"name":"Inicio","item":"https:\/\/apuntesdesanluis.com\/"},{"@type":"ListItem","position":2,"name":"IMPULSAN UN PLAN INTEGRAL DE CONDUCCI\u00d3N RESPONSABLE"}]},{"@type":"WebSite","@id":"https:\/\/apuntesdesanluis.com\/#website","url":"https:\/\/apuntesdesanluis.com\/","name":"Apuntes de San Luis","description":"","publisher":{"@id":"https:\/\/apuntesdesanluis.com\/#\/schema\/person\/b55151d52296fcce64d1a72538a70b90"},"potentialAction":[{"@type":"SearchAction","target":{"@type":"EntryPoint","urlTemplate":"https:\/\/apuntesdesanluis.com\/?s={search_term_string}"},"query-input":{"@type":"PropertyValueSpecification","valueRequired":true,"valueName":"search_term_string"}}],"inLanguage":"es-AR"},{"@type":["Person","Organization"],"@id":"https:\/\/apuntesdesanluis.com\/#\/schema\/person\/b55151d52296fcce64d1a72538a70b90","name":"apuntesdesanluis.com","image":{"@type":"ImageObject","inLanguage":"es-AR","@id":"https:\/\/apuntesdesanluis.com\/#\/schema\/person\/image\/","url":"https:\/\/apuntesdesanluis.com\/wp-content\/uploads\/2023\/07\/cropped-apuntesdesanluis.png","contentUrl":"https:\/\/apuntesdesanluis.com\/wp-content\/uploads\/2023\/07\/cropped-apuntesdesanluis.png","width":450,"height":112,"caption":"apuntesdesanluis.com"},"logo":{"@id":"https:\/\/apuntesdesanluis.com\/#\/schema\/person\/image\/"},"sameAs":["https:\/\/apuntesdesanluis.com"],"url":"https:\/\/apuntesdesanluis.com\/index.php\/author\/apuntesdesanluis-com\/"}]}},"featured_image_urls":{"full":["https:\/\/apuntesdesanluis.com\/wp-content\/uploads\/2025\/01\/ALCOCHOL-CERO.png",773,549,false],"thumbnail":["https:\/\/apuntesdesanluis.com\/wp-content\/uploads\/2025\/01\/ALCOCHOL-CERO-150x150.png",150,150,true],"medium":["https:\/\/apuntesdesanluis.com\/wp-content\/uploads\/2025\/01\/ALCOCHOL-CERO-300x213.png",300,213,true],"medium_large":["https:\/\/apuntesdesanluis.com\/wp-content\/uploads\/2025\/01\/ALCOCHOL-CERO-768x545.png",640,454,true],"large":["https:\/\/apuntesdesanluis.com\/wp-content\/uploads\/2025\/01\/ALCOCHOL-CERO.png",640,455,false],"1536x1536":["https:\/\/apuntesdesanluis.com\/wp-content\/uploads\/2025\/01\/ALCOCHOL-CERO.png",773,549,false],"2048x2048":["https:\/\/apuntesdesanluis.com\/wp-content\/uploads\/2025\/01\/ALCOCHOL-CERO.png",773,549,false],"newsever-slider-full":["https:\/\/apuntesdesanluis.com\/wp-content\/uploads\/2025\/01\/ALCOCHOL-CERO.png",773,549,false],"newsever-featured":["https:\/\/apuntesdesanluis.com\/wp-content\/uploads\/2025\/01\/ALCOCHOL-CERO.png",773,549,false],"newsever-medium":["https:\/\/apuntesdesanluis.com\/wp-content\/uploads\/2025\/01\/ALCOCHOL-CERO-720x475.png",720,475,true]},"author_info":{"display_name":"apuntesdesanluis.com","author_link":"https:\/\/apuntesdesanluis.com\/index.php\/author\/apuntesdesanluis-com\/"},"category_info":"<a href=\"https:\/\/apuntesdesanluis.com\/index.php\/category\/ciudad-provincia\/\" rel=\"category tag\">Ciudad\/Provincia<\/a>","tag_info":"Ciudad\/Provincia","comment_count":"0","_links":{"self":[{"href":"https:\/\/apuntesdesanluis.com\/index.php\/wp-json\/wp\/v2\/posts\/28374","targetHints":{"allow":["GET"]}}],"collection":[{"href":"https:\/\/apuntesdesanluis.com\/index.php\/wp-json\/wp\/v2\/posts"}],"about":[{"href":"https:\/\/apuntesdesanluis.com\/index.php\/wp-json\/wp\/v2\/types\/post"}],"author":[{"embeddable":true,"href":"https:\/\/apuntesdesanluis.com\/index.php\/wp-json\/wp\/v2\/users\/1"}],"replies":[{"embeddable":true,"href":"https:\/\/apuntesdesanluis.com\/index.php\/wp-json\/wp\/v2\/comments?post=28374"}],"version-history":[{"count":1,"href":"https:\/\/apuntesdesanluis.com\/index.php\/wp-json\/wp\/v2\/posts\/28374\/revisions"}],"predecessor-version":[{"id":28382,"href":"https:\/\/apuntesdesanluis.com\/index.php\/wp-json\/wp\/v2\/posts\/28374\/revisions\/28382"}],"wp:featuredmedia":[{"embeddable":true,"href":"https:\/\/apuntesdesanluis.com\/index.php\/wp-json\/wp\/v2\/media\/28375"}],"wp:attachment":[{"href":"https:\/\/apuntesdesanluis.com\/index.php\/wp-json\/wp\/v2\/media?parent=28374"}],"wp:term":[{"taxonomy":"category","embeddable":true,"href":"https:\/\/apuntesdesanluis.com\/index.php\/wp-json\/wp\/v2\/categories?post=28374"},{"taxonomy":"post_tag","embeddable":true,"href":"https:\/\/apuntesdesanluis.com\/index.php\/wp-json\/wp\/v2\/tags?post=28374"}],"curies":[{"name":"wp","href":"https:\/\/api.w.org\/{rel}","templated":true}]}}