{"id":2838,"date":"2023-09-06T22:05:26","date_gmt":"2023-09-07T01:05:26","guid":{"rendered":"https:\/\/apuntesdesanluis.com\/?p=2838"},"modified":"2023-09-06T22:05:52","modified_gmt":"2023-09-07T01:05:52","slug":"sergio-massa-prometio-que-si-es-presidente-eliminara-el-impuesto-a-las-ganancias","status":"publish","type":"post","link":"https:\/\/apuntesdesanluis.com\/index.php\/2023\/09\/06\/sergio-massa-prometio-que-si-es-presidente-eliminara-el-impuesto-a-las-ganancias\/","title":{"rendered":"SERGIO MASSA PROMETI\u00d3 QUE SI ES PRESIDENTE ELIMINAR\u00c1 EL IMPUESTO A LAS GANANCIAS"},"content":{"rendered":"<h3>El candidato de Uni\u00f3n por la Patria hizo anuncios econ\u00f3micos destinados a Pymes y trabajadores, apunt\u00f3 contra Javier Milei al se\u00f1alar que propone \u201cuna devaluaci\u00f3n del 100%, como nos ped\u00eda el FMI a nosotros\u201d, y asegur\u00f3 que \u201clo peor de la crisis ya pas\u00f3\u201d.<\/h3>\n<h3><strong>Sergio Massa<\/strong> realiz\u00f3 una serie de anuncios econ\u00f3micos durante esta tarde, primero en una comunicaci\u00f3n oficial en la que suspendi\u00f3 los aportes y contribuciones patronales que pagan las Pymes, dado que \u201cson las que m\u00e1s empleo generan\u201d, y luego, en una entrevista en el canal de noticias C5N, donde adelant\u00f3 que eliminar\u00eda el Impuesto a las Ganancias que pagan los trabajadores, en caso de resultar electo presidente, \u201co tal vez antes\u201d.<\/h3>\n<h3>\u00a0\u201cUn laburante, por ahora paga Ganancias, y digo por ahora porque, si soy Presidente, no van a pagar Ganancias, y yo no soy como (el ex presidente, Mauricio) Macri, porque ya lo vengo planteando y dentro de poquito voy a mandar una ley con el tema ganancias\u201d, revel\u00f3, acompa\u00f1ando el anuncio con una chicana al ex mandatario de Cambiemos que hab\u00eda incluido la propuesta antes de llegar al poder, sin hacerla efectiva durante su gesti\u00f3n.<\/h3>\n<h3>Massa, adem\u00e1s, se hizo eco de las expresiones de Javier Milei en el Latam Economic Forum, en donde el candidato a presidente de La Libertad Avanza asegur\u00f3 que el plan de dolarizaci\u00f3n de un eventual gobierno suyo \u201cse va a hacer a precio de mercado; hoy ser\u00eda a 730 pesos\u2033. Para el postulante de Uni\u00f3n por la Patria, tal expresi\u00f3n equivale a una devaluaci\u00f3n del 100%. \u201cEs lo que nos ped\u00eda el Fondo Monetario Internacional a nosotros\u201d, se\u00f1al\u00f3 Massa.<\/h3>\n<h3>\u201cAjuste y devaluaci\u00f3n del 100%, ese es el planteo de Milei. Cuando dice 730 se le cay\u00f3 la careta, es una devaluaci\u00f3n del 100%. La Pyme tiene que saber que cuando haga la importaci\u00f3n de su insumo lo va a pagar 730 y no 360\u2033, se\u00f1al\u00f3 el actual ministro de Econom\u00eda de la Naci\u00f3n, en referencia al valor del d\u00f3lar oficial que el gobierno facilita a las empresas que importan insumos para producir en la econom\u00eda local.<\/h3>\n<h3>\u00a0\u201c(Milei) empez\u00f3 a desnudar que lo que vendi\u00f3 hasta la PASO como dolarizaci\u00f3n, que es una devaluaci\u00f3n del 100%, que es lo que nos pidi\u00f3 el Fondo a nosotros, preludiado por un ajuste que para la vida de la gente representa que pasamos de Universidades p\u00fablicas a privadas, lo tienen que saber los padres y los chicos. Arancelamiento y p\u00e9rdida de becas\u201d, dijo Massa. A ello agreg\u00f3 otros ejemplos del potencial impacto del plan de su contrincante en los precios de la vida cotidiana del ciudadano promedio. \u201cSignifica que el boleto de tren pase a valer 1100 pesos, el bondi a 600 pesos, tres palos al a\u00f1o la universidad. M\u00e1s el impacto en el consumo de todos los d\u00edas\u201d, alert\u00f3 Massa.<\/h3>\n<h3>El candidato a presidente Uni\u00f3n por la Patria se\u00f1al\u00f3 que las propuestas del economista libertario, quien result\u00f3 el candidato m\u00e1s votado de las elecciones primarias, no son otra cosa que \u201cla misma receta de siempre de la derecha argentina\u201d.<\/h3>\n<h3>Frente a ello, asegur\u00f3 que \u201clo peor de la crisis ya pas\u00f3\u201d, y augur\u00f3 un pr\u00f3ximo a\u00f1o pr\u00f3spero desde lo econ\u00f3mico, siempre y cuando \u201cno se impongan esas ideas\u201d. \u201cLa salida de Argentina es exportar m\u00e1s de lo que importa, hacer fuerte su banco central a partir de sus reservas\u201d, y record\u00f3 la experiencia de los primeros a\u00f1os posteriores a la salida de la convertibilidad.<\/h3>\n<h3>\u201cN\u00e9stor Kirchner hablaba de los super\u00e1vits gemelos, que lo que hace es transformar en virtuosa tu econom\u00eda, y lo m\u00e1s importante es el super\u00e1vit comercial\u201d, sostuvo, en contraste con la idea de quien ser\u00e1 su adversario en las elecciones generales del 22 de octubre, quien populariz\u00f3 su idea de hacer desaparecer el Banco Central.<\/h3>\n<h3>Massa adem\u00e1s brind\u00f3 una mirada optimista respecto del pr\u00f3ximo a\u00f1o para la econom\u00eda del pa\u00eds. \u201cLa econom\u00eda va a crecer, no vamos a necesitar importar energ\u00eda, el 2024 va a ser un gran a\u00f1o, salvo que ganen estas ideas, que lo que pretenden es agarrar r\u00e1pido d\u00f3lares para pagarle al FMI y a los bonistas, en lugar de defender a los argentinos\u201d.<\/h3>\n<h3>El candidato a presidente de Uni\u00f3n por la Patria hab\u00eda anunciado previamente una nueve medida econ\u00f3mica, que consiste en quitar por dos a\u00f1os los impuestos que las Pymes pagan en concepto de aportes y contribuciones patronales. Durante la entrevista con el periodista Gustavo Silvestre adelant\u00f3 adem\u00e1s que eliminar\u00eda el Impuesto a las Ganancias que alcanza a los asalariados en caso de continuar en el gobierno. \u201cDentro de poquito voy a mandar una ley con el tema ganancias\u201d, anticip\u00f3, y al ser repreguntado sobre si eliminar\u00eda ese tributo en caso de ganar la presidencia, respondi\u00f3: \u201cpor ah\u00ed antes\u201d.<\/h3>\n<h3>\u201cLo que digo es \u00bfpor qu\u00e9 no comparamos cu\u00e1nto le cobran al laburante, mientras directores de compa\u00f1\u00edas no pagan Impuesto a las Ganancias por exenciones que tienen desde el punto de vista tributario, esa es una discusi\u00f3n que hay que dar\u201d, dijo Massa.<\/h3>\n<h3>Por otro lado, el actual ministro de Econom\u00eda esboz\u00f3 una autocr\u00edtica al se\u00f1alar que el peronismo debe \u201csaber dar vuelta la p\u00e1gina y asumir errores y falencias de esta etapa\u201d, aludiendo a la experiencia de gobierno del Frente de Todos.<\/h3>\n<h3>Finalmente, el funcionario nacional adem\u00e1s reflexion\u00f3 sobre el voto bronca, que el oficialismo relaciona con la opci\u00f3n por Javier Milei. \u201cYo entiendo que est\u00e9n enojados y hay algunas que incluso a m\u00ed me enojan, porque en el momento en el que las hubi\u00e9ramos podido hacer, no las hicimos, pero lo dije donde lo ten\u00eda que decir. Pero lo peor que nos puede pasar es que por estar enojados terminemos perdiendo la universidad p\u00fablica, la indemnizaci\u00f3n, los medicamentos para los jubilados, el subsidio al tren, a la luz o al gas, una cosa es estar enojado y otra, quemar la plata\u201d.<\/h3>\n<p>&nbsp;<\/p>\n<p>&nbsp;<\/p>\n<p>&nbsp;<\/p>\n<p>&nbsp;<\/p>\n<p>&nbsp;<\/p>\n<p>&nbsp;<\/p>\n<p>&nbsp;<\/p>\n","protected":false},"excerpt":{"rendered":"<p>El candidato de Uni\u00f3n por la Patria hizo anuncios econ\u00f3micos destinados a Pymes y trabajadores,&#8230;<\/p>\n","protected":false},"author":1,"featured_media":1077,"comment_status":"closed","ping_status":"closed","sticky":false,"template":"","format":"standard","meta":{"footnotes":""},"categories":[5],"tags":[],"class_list":["post-2838","post","type-post","status-publish","format-standard","has-post-thumbnail","hentry","category-nacionales-internacionales"],"yoast_head":"<!-- This site is optimized with the Yoast SEO plugin v26.1.1 - https:\/\/yoast.com\/wordpress\/plugins\/seo\/ -->\n<title>SERGIO MASSA PROMETI\u00d3 QUE SI ES PRESIDENTE ELIMINAR\u00c1 EL IMPUESTO A LAS GANANCIAS - Apuntes de San Luis<\/title>\n<meta name=\"robots\" content=\"index, follow, max-snippet:-1, max-image-preview:large, max-video-preview:-1\" \/>\n<link rel=\"canonical\" href=\"https:\/\/apuntesdesanluis.com\/index.php\/2023\/09\/06\/sergio-massa-prometio-que-si-es-presidente-eliminara-el-impuesto-a-las-ganancias\/\" \/>\n<meta property=\"og:locale\" content=\"es_ES\" \/>\n<meta property=\"og:type\" content=\"article\" \/>\n<meta property=\"og:title\" content=\"SERGIO MASSA PROMETI\u00d3 QUE SI ES PRESIDENTE ELIMINAR\u00c1 EL IMPUESTO A LAS GANANCIAS - Apuntes de San Luis\" \/>\n<meta property=\"og:description\" content=\"El candidato de Uni\u00f3n por la Patria hizo anuncios econ\u00f3micos destinados a Pymes y trabajadores,...\" \/>\n<meta property=\"og:url\" content=\"https:\/\/apuntesdesanluis.com\/index.php\/2023\/09\/06\/sergio-massa-prometio-que-si-es-presidente-eliminara-el-impuesto-a-las-ganancias\/\" \/>\n<meta property=\"og:site_name\" content=\"Apuntes de San Luis\" \/>\n<meta property=\"article:published_time\" content=\"2023-09-07T01:05:26+00:00\" \/>\n<meta property=\"article:modified_time\" content=\"2023-09-07T01:05:52+00:00\" \/>\n<meta property=\"og:image\" content=\"https:\/\/apuntesdesanluis.com\/wp-content\/uploads\/2023\/08\/MASSA.png\" \/>\n\t<meta property=\"og:image:width\" content=\"803\" \/>\n\t<meta property=\"og:image:height\" content=\"479\" \/>\n\t<meta property=\"og:image:type\" content=\"image\/png\" \/>\n<meta name=\"author\" content=\"apuntesdesanluis.com\" \/>\n<meta name=\"twitter:card\" content=\"summary_large_image\" \/>\n<meta name=\"twitter:label1\" content=\"Escrito por\" \/>\n\t<meta name=\"twitter:data1\" content=\"apuntesdesanluis.com\" \/>\n\t<meta name=\"twitter:label2\" content=\"Tiempo de lectura\" \/>\n\t<meta name=\"twitter:data2\" content=\"5 minutos\" \/>\n<script type=\"application\/ld+json\" class=\"yoast-schema-graph\">{\"@context\":\"https:\/\/schema.org\",\"@graph\":[{\"@type\":\"Article\",\"@id\":\"https:\/\/apuntesdesanluis.com\/index.php\/2023\/09\/06\/sergio-massa-prometio-que-si-es-presidente-eliminara-el-impuesto-a-las-ganancias\/#article\",\"isPartOf\":{\"@id\":\"https:\/\/apuntesdesanluis.com\/index.php\/2023\/09\/06\/sergio-massa-prometio-que-si-es-presidente-eliminara-el-impuesto-a-las-ganancias\/\"},\"author\":{\"name\":\"apuntesdesanluis.com\",\"@id\":\"https:\/\/apuntesdesanluis.com\/#\/schema\/person\/b55151d52296fcce64d1a72538a70b90\"},\"headline\":\"SERGIO MASSA PROMETI\u00d3 QUE SI ES PRESIDENTE ELIMINAR\u00c1 EL IMPUESTO A LAS GANANCIAS\",\"datePublished\":\"2023-09-07T01:05:26+00:00\",\"dateModified\":\"2023-09-07T01:05:52+00:00\",\"mainEntityOfPage\":{\"@id\":\"https:\/\/apuntesdesanluis.com\/index.php\/2023\/09\/06\/sergio-massa-prometio-que-si-es-presidente-eliminara-el-impuesto-a-las-ganancias\/\"},\"wordCount\":1055,\"publisher\":{\"@id\":\"https:\/\/apuntesdesanluis.com\/#\/schema\/person\/b55151d52296fcce64d1a72538a70b90\"},\"image\":{\"@id\":\"https:\/\/apuntesdesanluis.com\/index.php\/2023\/09\/06\/sergio-massa-prometio-que-si-es-presidente-eliminara-el-impuesto-a-las-ganancias\/#primaryimage\"},\"thumbnailUrl\":\"https:\/\/apuntesdesanluis.com\/wp-content\/uploads\/2023\/08\/MASSA.png\",\"articleSection\":[\"Nacionales\/Internacionales\"],\"inLanguage\":\"es-AR\"},{\"@type\":\"WebPage\",\"@id\":\"https:\/\/apuntesdesanluis.com\/index.php\/2023\/09\/06\/sergio-massa-prometio-que-si-es-presidente-eliminara-el-impuesto-a-las-ganancias\/\",\"url\":\"https:\/\/apuntesdesanluis.com\/index.php\/2023\/09\/06\/sergio-massa-prometio-que-si-es-presidente-eliminara-el-impuesto-a-las-ganancias\/\",\"name\":\"SERGIO MASSA PROMETI\u00d3 QUE SI ES PRESIDENTE ELIMINAR\u00c1 EL IMPUESTO A LAS GANANCIAS - Apuntes de San Luis\",\"isPartOf\":{\"@id\":\"https:\/\/apuntesdesanluis.com\/#website\"},\"primaryImageOfPage\":{\"@id\":\"https:\/\/apuntesdesanluis.com\/index.php\/2023\/09\/06\/sergio-massa-prometio-que-si-es-presidente-eliminara-el-impuesto-a-las-ganancias\/#primaryimage\"},\"image\":{\"@id\":\"https:\/\/apuntesdesanluis.com\/index.php\/2023\/09\/06\/sergio-massa-prometio-que-si-es-presidente-eliminara-el-impuesto-a-las-ganancias\/#primaryimage\"},\"thumbnailUrl\":\"https:\/\/apuntesdesanluis.com\/wp-content\/uploads\/2023\/08\/MASSA.png\",\"datePublished\":\"2023-09-07T01:05:26+00:00\",\"dateModified\":\"2023-09-07T01:05:52+00:00\",\"breadcrumb\":{\"@id\":\"https:\/\/apuntesdesanluis.com\/index.php\/2023\/09\/06\/sergio-massa-prometio-que-si-es-presidente-eliminara-el-impuesto-a-las-ganancias\/#breadcrumb\"},\"inLanguage\":\"es-AR\",\"potentialAction\":[{\"@type\":\"ReadAction\",\"target\":[\"https:\/\/apuntesdesanluis.com\/index.php\/2023\/09\/06\/sergio-massa-prometio-que-si-es-presidente-eliminara-el-impuesto-a-las-ganancias\/\"]}]},{\"@type\":\"ImageObject\",\"inLanguage\":\"es-AR\",\"@id\":\"https:\/\/apuntesdesanluis.com\/index.php\/2023\/09\/06\/sergio-massa-prometio-que-si-es-presidente-eliminara-el-impuesto-a-las-ganancias\/#primaryimage\",\"url\":\"https:\/\/apuntesdesanluis.com\/wp-content\/uploads\/2023\/08\/MASSA.png\",\"contentUrl\":\"https:\/\/apuntesdesanluis.com\/wp-content\/uploads\/2023\/08\/MASSA.png\",\"width\":803,\"height\":479},{\"@type\":\"BreadcrumbList\",\"@id\":\"https:\/\/apuntesdesanluis.com\/index.php\/2023\/09\/06\/sergio-massa-prometio-que-si-es-presidente-eliminara-el-impuesto-a-las-ganancias\/#breadcrumb\",\"itemListElement\":[{\"@type\":\"ListItem\",\"position\":1,\"name\":\"Inicio\",\"item\":\"https:\/\/apuntesdesanluis.com\/\"},{\"@type\":\"ListItem\",\"position\":2,\"name\":\"SERGIO MASSA PROMETI\u00d3 QUE SI ES PRESIDENTE ELIMINAR\u00c1 EL IMPUESTO A LAS GANANCIAS\"}]},{\"@type\":\"WebSite\",\"@id\":\"https:\/\/apuntesdesanluis.com\/#website\",\"url\":\"https:\/\/apuntesdesanluis.com\/\",\"name\":\"Apuntes de San Luis\",\"description\":\"\",\"publisher\":{\"@id\":\"https:\/\/apuntesdesanluis.com\/#\/schema\/person\/b55151d52296fcce64d1a72538a70b90\"},\"potentialAction\":[{\"@type\":\"SearchAction\",\"target\":{\"@type\":\"EntryPoint\",\"urlTemplate\":\"https:\/\/apuntesdesanluis.com\/?s={search_term_string}\"},\"query-input\":{\"@type\":\"PropertyValueSpecification\",\"valueRequired\":true,\"valueName\":\"search_term_string\"}}],\"inLanguage\":\"es-AR\"},{\"@type\":[\"Person\",\"Organization\"],\"@id\":\"https:\/\/apuntesdesanluis.com\/#\/schema\/person\/b55151d52296fcce64d1a72538a70b90\",\"name\":\"apuntesdesanluis.com\",\"image\":{\"@type\":\"ImageObject\",\"inLanguage\":\"es-AR\",\"@id\":\"https:\/\/apuntesdesanluis.com\/#\/schema\/person\/image\/\",\"url\":\"https:\/\/apuntesdesanluis.com\/wp-content\/uploads\/2023\/07\/cropped-apuntesdesanluis.png\",\"contentUrl\":\"https:\/\/apuntesdesanluis.com\/wp-content\/uploads\/2023\/07\/cropped-apuntesdesanluis.png\",\"width\":450,\"height\":112,\"caption\":\"apuntesdesanluis.com\"},\"logo\":{\"@id\":\"https:\/\/apuntesdesanluis.com\/#\/schema\/person\/image\/\"},\"sameAs\":[\"https:\/\/apuntesdesanluis.com\"],\"url\":\"https:\/\/apuntesdesanluis.com\/index.php\/author\/apuntesdesanluis-com\/\"}]}<\/script>\n<!-- \/ Yoast SEO plugin. -->","yoast_head_json":{"title":"SERGIO MASSA PROMETI\u00d3 QUE SI ES PRESIDENTE ELIMINAR\u00c1 EL IMPUESTO A LAS GANANCIAS - Apuntes de San Luis","robots":{"index":"index","follow":"follow","max-snippet":"max-snippet:-1","max-image-preview":"max-image-preview:large","max-video-preview":"max-video-preview:-1"},"canonical":"https:\/\/apuntesdesanluis.com\/index.php\/2023\/09\/06\/sergio-massa-prometio-que-si-es-presidente-eliminara-el-impuesto-a-las-ganancias\/","og_locale":"es_ES","og_type":"article","og_title":"SERGIO MASSA PROMETI\u00d3 QUE SI ES PRESIDENTE ELIMINAR\u00c1 EL IMPUESTO A LAS GANANCIAS - Apuntes de San Luis","og_description":"El candidato de Uni\u00f3n por la Patria hizo anuncios econ\u00f3micos destinados a Pymes y trabajadores,...","og_url":"https:\/\/apuntesdesanluis.com\/index.php\/2023\/09\/06\/sergio-massa-prometio-que-si-es-presidente-eliminara-el-impuesto-a-las-ganancias\/","og_site_name":"Apuntes de San Luis","article_published_time":"2023-09-07T01:05:26+00:00","article_modified_time":"2023-09-07T01:05:52+00:00","og_image":[{"width":803,"height":479,"url":"https:\/\/apuntesdesanluis.com\/wp-content\/uploads\/2023\/08\/MASSA.png","type":"image\/png"}],"author":"apuntesdesanluis.com","twitter_card":"summary_large_image","twitter_misc":{"Escrito por":"apuntesdesanluis.com","Tiempo de lectura":"5 minutos"},"schema":{"@context":"https:\/\/schema.org","@graph":[{"@type":"Article","@id":"https:\/\/apuntesdesanluis.com\/index.php\/2023\/09\/06\/sergio-massa-prometio-que-si-es-presidente-eliminara-el-impuesto-a-las-ganancias\/#article","isPartOf":{"@id":"https:\/\/apuntesdesanluis.com\/index.php\/2023\/09\/06\/sergio-massa-prometio-que-si-es-presidente-eliminara-el-impuesto-a-las-ganancias\/"},"author":{"name":"apuntesdesanluis.com","@id":"https:\/\/apuntesdesanluis.com\/#\/schema\/person\/b55151d52296fcce64d1a72538a70b90"},"headline":"SERGIO MASSA PROMETI\u00d3 QUE SI ES PRESIDENTE ELIMINAR\u00c1 EL IMPUESTO A LAS GANANCIAS","datePublished":"2023-09-07T01:05:26+00:00","dateModified":"2023-09-07T01:05:52+00:00","mainEntityOfPage":{"@id":"https:\/\/apuntesdesanluis.com\/index.php\/2023\/09\/06\/sergio-massa-prometio-que-si-es-presidente-eliminara-el-impuesto-a-las-ganancias\/"},"wordCount":1055,"publisher":{"@id":"https:\/\/apuntesdesanluis.com\/#\/schema\/person\/b55151d52296fcce64d1a72538a70b90"},"image":{"@id":"https:\/\/apuntesdesanluis.com\/index.php\/2023\/09\/06\/sergio-massa-prometio-que-si-es-presidente-eliminara-el-impuesto-a-las-ganancias\/#primaryimage"},"thumbnailUrl":"https:\/\/apuntesdesanluis.com\/wp-content\/uploads\/2023\/08\/MASSA.png","articleSection":["Nacionales\/Internacionales"],"inLanguage":"es-AR"},{"@type":"WebPage","@id":"https:\/\/apuntesdesanluis.com\/index.php\/2023\/09\/06\/sergio-massa-prometio-que-si-es-presidente-eliminara-el-impuesto-a-las-ganancias\/","url":"https:\/\/apuntesdesanluis.com\/index.php\/2023\/09\/06\/sergio-massa-prometio-que-si-es-presidente-eliminara-el-impuesto-a-las-ganancias\/","name":"SERGIO MASSA PROMETI\u00d3 QUE SI ES PRESIDENTE ELIMINAR\u00c1 EL IMPUESTO A LAS GANANCIAS - Apuntes de San Luis","isPartOf":{"@id":"https:\/\/apuntesdesanluis.com\/#website"},"primaryImageOfPage":{"@id":"https:\/\/apuntesdesanluis.com\/index.php\/2023\/09\/06\/sergio-massa-prometio-que-si-es-presidente-eliminara-el-impuesto-a-las-ganancias\/#primaryimage"},"image":{"@id":"https:\/\/apuntesdesanluis.com\/index.php\/2023\/09\/06\/sergio-massa-prometio-que-si-es-presidente-eliminara-el-impuesto-a-las-ganancias\/#primaryimage"},"thumbnailUrl":"https:\/\/apuntesdesanluis.com\/wp-content\/uploads\/2023\/08\/MASSA.png","datePublished":"2023-09-07T01:05:26+00:00","dateModified":"2023-09-07T01:05:52+00:00","breadcrumb":{"@id":"https:\/\/apuntesdesanluis.com\/index.php\/2023\/09\/06\/sergio-massa-prometio-que-si-es-presidente-eliminara-el-impuesto-a-las-ganancias\/#breadcrumb"},"inLanguage":"es-AR","potentialAction":[{"@type":"ReadAction","target":["https:\/\/apuntesdesanluis.com\/index.php\/2023\/09\/06\/sergio-massa-prometio-que-si-es-presidente-eliminara-el-impuesto-a-las-ganancias\/"]}]},{"@type":"ImageObject","inLanguage":"es-AR","@id":"https:\/\/apuntesdesanluis.com\/index.php\/2023\/09\/06\/sergio-massa-prometio-que-si-es-presidente-eliminara-el-impuesto-a-las-ganancias\/#primaryimage","url":"https:\/\/apuntesdesanluis.com\/wp-content\/uploads\/2023\/08\/MASSA.png","contentUrl":"https:\/\/apuntesdesanluis.com\/wp-content\/uploads\/2023\/08\/MASSA.png","width":803,"height":479},{"@type":"BreadcrumbList","@id":"https:\/\/apuntesdesanluis.com\/index.php\/2023\/09\/06\/sergio-massa-prometio-que-si-es-presidente-eliminara-el-impuesto-a-las-ganancias\/#breadcrumb","itemListElement":[{"@type":"ListItem","position":1,"name":"Inicio","item":"https:\/\/apuntesdesanluis.com\/"},{"@type":"ListItem","position":2,"name":"SERGIO MASSA PROMETI\u00d3 QUE SI ES PRESIDENTE ELIMINAR\u00c1 EL IMPUESTO A LAS GANANCIAS"}]},{"@type":"WebSite","@id":"https:\/\/apuntesdesanluis.com\/#website","url":"https:\/\/apuntesdesanluis.com\/","name":"Apuntes de San Luis","description":"","publisher":{"@id":"https:\/\/apuntesdesanluis.com\/#\/schema\/person\/b55151d52296fcce64d1a72538a70b90"},"potentialAction":[{"@type":"SearchAction","target":{"@type":"EntryPoint","urlTemplate":"https:\/\/apuntesdesanluis.com\/?s={search_term_string}"},"query-input":{"@type":"PropertyValueSpecification","valueRequired":true,"valueName":"search_term_string"}}],"inLanguage":"es-AR"},{"@type":["Person","Organization"],"@id":"https:\/\/apuntesdesanluis.com\/#\/schema\/person\/b55151d52296fcce64d1a72538a70b90","name":"apuntesdesanluis.com","image":{"@type":"ImageObject","inLanguage":"es-AR","@id":"https:\/\/apuntesdesanluis.com\/#\/schema\/person\/image\/","url":"https:\/\/apuntesdesanluis.com\/wp-content\/uploads\/2023\/07\/cropped-apuntesdesanluis.png","contentUrl":"https:\/\/apuntesdesanluis.com\/wp-content\/uploads\/2023\/07\/cropped-apuntesdesanluis.png","width":450,"height":112,"caption":"apuntesdesanluis.com"},"logo":{"@id":"https:\/\/apuntesdesanluis.com\/#\/schema\/person\/image\/"},"sameAs":["https:\/\/apuntesdesanluis.com"],"url":"https:\/\/apuntesdesanluis.com\/index.php\/author\/apuntesdesanluis-com\/"}]}},"featured_image_urls":{"full":["https:\/\/apuntesdesanluis.com\/wp-content\/uploads\/2023\/08\/MASSA.png",803,479,false],"thumbnail":["https:\/\/apuntesdesanluis.com\/wp-content\/uploads\/2023\/08\/MASSA-150x150.png",150,150,true],"medium":["https:\/\/apuntesdesanluis.com\/wp-content\/uploads\/2023\/08\/MASSA-300x179.png",300,179,true],"medium_large":["https:\/\/apuntesdesanluis.com\/wp-content\/uploads\/2023\/08\/MASSA-768x458.png",640,382,true],"large":["https:\/\/apuntesdesanluis.com\/wp-content\/uploads\/2023\/08\/MASSA.png",640,382,false],"1536x1536":["https:\/\/apuntesdesanluis.com\/wp-content\/uploads\/2023\/08\/MASSA.png",803,479,false],"2048x2048":["https:\/\/apuntesdesanluis.com\/wp-content\/uploads\/2023\/08\/MASSA.png",803,479,false],"newsever-slider-full":["https:\/\/apuntesdesanluis.com\/wp-content\/uploads\/2023\/08\/MASSA.png",803,479,false],"newsever-featured":["https:\/\/apuntesdesanluis.com\/wp-content\/uploads\/2023\/08\/MASSA.png",803,479,false],"newsever-medium":["https:\/\/apuntesdesanluis.com\/wp-content\/uploads\/2023\/08\/MASSA-720x475.png",720,475,true]},"author_info":{"display_name":"apuntesdesanluis.com","author_link":"https:\/\/apuntesdesanluis.com\/index.php\/author\/apuntesdesanluis-com\/"},"category_info":"<a href=\"https:\/\/apuntesdesanluis.com\/index.php\/category\/nacionales-internacionales\/\" rel=\"category tag\">Nacionales\/Internacionales<\/a>","tag_info":"Nacionales\/Internacionales","comment_count":"0","_links":{"self":[{"href":"https:\/\/apuntesdesanluis.com\/index.php\/wp-json\/wp\/v2\/posts\/2838","targetHints":{"allow":["GET"]}}],"collection":[{"href":"https:\/\/apuntesdesanluis.com\/index.php\/wp-json\/wp\/v2\/posts"}],"about":[{"href":"https:\/\/apuntesdesanluis.com\/index.php\/wp-json\/wp\/v2\/types\/post"}],"author":[{"embeddable":true,"href":"https:\/\/apuntesdesanluis.com\/index.php\/wp-json\/wp\/v2\/users\/1"}],"replies":[{"embeddable":true,"href":"https:\/\/apuntesdesanluis.com\/index.php\/wp-json\/wp\/v2\/comments?post=2838"}],"version-history":[{"count":2,"href":"https:\/\/apuntesdesanluis.com\/index.php\/wp-json\/wp\/v2\/posts\/2838\/revisions"}],"predecessor-version":[{"id":2840,"href":"https:\/\/apuntesdesanluis.com\/index.php\/wp-json\/wp\/v2\/posts\/2838\/revisions\/2840"}],"wp:featuredmedia":[{"embeddable":true,"href":"https:\/\/apuntesdesanluis.com\/index.php\/wp-json\/wp\/v2\/media\/1077"}],"wp:attachment":[{"href":"https:\/\/apuntesdesanluis.com\/index.php\/wp-json\/wp\/v2\/media?parent=2838"}],"wp:term":[{"taxonomy":"category","embeddable":true,"href":"https:\/\/apuntesdesanluis.com\/index.php\/wp-json\/wp\/v2\/categories?post=2838"},{"taxonomy":"post_tag","embeddable":true,"href":"https:\/\/apuntesdesanluis.com\/index.php\/wp-json\/wp\/v2\/tags?post=2838"}],"curies":[{"name":"wp","href":"https:\/\/api.w.org\/{rel}","templated":true}]}}