{"id":28383,"date":"2025-01-29T17:29:30","date_gmt":"2025-01-29T20:29:30","guid":{"rendered":"https:\/\/apuntesdesanluis.com\/?p=28383"},"modified":"2025-01-29T17:29:30","modified_gmt":"2025-01-29T20:29:30","slug":"nuevas-criticas-por-la-inaccion-judicial-en-causas-de-corrupcion","status":"publish","type":"post","link":"https:\/\/apuntesdesanluis.com\/index.php\/2025\/01\/29\/nuevas-criticas-por-la-inaccion-judicial-en-causas-de-corrupcion\/","title":{"rendered":"NUEVAS CR\u00cdTICAS POR LA INACCI\u00d3N JUDICIAL EN CAUSAS DE CORRUPCI\u00d3N"},"content":{"rendered":"<h3>\u201cHa pasado un a\u00f1o y pr\u00e1cticamente nada se ha avanzado en las causas\u201d, enfatiz\u00f3 el fiscal de Estado, <strong>V\u00edctor Endeiza<\/strong>, al cuestionar la \u201cinacci\u00f3n del Poder Judicial frente a las m\u00faltiples denuncias presentadas contra funcionarios de la gesti\u00f3n de Alberto Rodr\u00edguez Sa\u00e1\u201d.<\/h3>\n<h3>\u201cSolo algunas causas avanzan con alg\u00fan esfuerzo espor\u00e1dico de alg\u00fan fiscal, pero parece como que a quienes investigan esto los tiran solitos, sin herramientas\u201d, se\u00f1al\u00f3 Endeiza, quien destac\u00f3 que, a pesar de no ser funci\u00f3n directa de la Fiscal\u00eda de Estado, el organismo mantiene un seguimiento permanente de las causas, aportando pruebas e instando su avance.<\/h3>\n<h3>\u201cEl gobierno ya deber\u00eda estar ocup\u00e1ndose en otras cosas y la justicia investigando los delitos ya anunciados\u201d, enfatiz\u00f3.<\/h3>\n<h3>Las irregularidades detectadas al inicio de la gesti\u00f3n de Poggi fueron parte de los fundamentos para declarar la emergencia provincial, seg\u00fan indic\u00f3 el Fiscal, quien reafirm\u00f3 su compromiso de continuar con el seguimiento de las causas presentadas.<\/h3>\n<h3>Se refer\u00eda a las presentaciones para que se investigue a exfuncionarios de alto rango del anterior gobierno o pol\u00edticamente vinculados a esa gesti\u00f3n, como el exministro de Seguridad, Luciano Anastasi; la exsecretaria de Deportes, Cintia Ram\u00edrez; el exsecretario general de la Gobernaci\u00f3n, Miguel Berardo; Sergio Freixes (quien tuvo varios cargos); el exministro de Seguridad, Claudio Latini; el exministro de Desarrollo Social, Nicol\u00e1s Anzulovich; el exministro de Gobierno, Fabi\u00e1n Filomena; el ministro de Hacienda, Eloy Horcajo; el exministro de Producci\u00f3n, Marcelo Amitrano; el exministro de Salud, Cristian Ni\u00f1o; la exsecretaria de Comunicaci\u00f3n, Carolina Ag\u00fcero Garc\u00eda; el exdirector de Vialidad Provincial, \u2018Timmy\u2019 Garc\u00eda Quiroga; el comisario general Marcelo Balbo; la exdiputada provincial Anabela Lucero; y, en algunos casos, funcionarios vinculados a sus equipos de trabajo.<\/h3>\n<h3>Algunos de los delitos que se investigan son: negociaciones incompatibles con la funci\u00f3n p\u00fablica, malversaci\u00f3n de caudales, peculado, enriquecimiento il\u00edcito, entre otros.<\/h3>\n<h3><\/h3>\n<p>&nbsp;<\/p>\n<p>&nbsp;<\/p>\n<p>&nbsp;<\/p>\n<h3><\/h3>\n<p>&nbsp;<\/p>\n","protected":false},"excerpt":{"rendered":"<p>\u201cHa pasado un a\u00f1o y pr\u00e1cticamente nada se ha avanzado en las causas\u201d, enfatiz\u00f3 el&#8230;<\/p>\n","protected":false},"author":1,"featured_media":28384,"comment_status":"closed","ping_status":"closed","sticky":false,"template":"","format":"standard","meta":{"footnotes":""},"categories":[6],"tags":[],"class_list":["post-28383","post","type-post","status-publish","format-standard","has-post-thumbnail","hentry","category-ciudad-provincia"],"yoast_head":"<!-- This site is optimized with the Yoast SEO plugin v26.1.1 - https:\/\/yoast.com\/wordpress\/plugins\/seo\/ -->\n<title>NUEVAS CR\u00cdTICAS POR LA INACCI\u00d3N JUDICIAL EN CAUSAS DE CORRUPCI\u00d3N - Apuntes de San Luis<\/title>\n<meta name=\"robots\" content=\"index, follow, max-snippet:-1, max-image-preview:large, max-video-preview:-1\" \/>\n<link rel=\"canonical\" href=\"https:\/\/apuntesdesanluis.com\/index.php\/2025\/01\/29\/nuevas-criticas-por-la-inaccion-judicial-en-causas-de-corrupcion\/\" \/>\n<meta property=\"og:locale\" content=\"es_ES\" \/>\n<meta property=\"og:type\" content=\"article\" \/>\n<meta property=\"og:title\" content=\"NUEVAS CR\u00cdTICAS POR LA INACCI\u00d3N JUDICIAL EN CAUSAS DE CORRUPCI\u00d3N - Apuntes de San Luis\" \/>\n<meta property=\"og:description\" content=\"\u201cHa pasado un a\u00f1o y pr\u00e1cticamente nada se ha avanzado en las causas\u201d, enfatiz\u00f3 el...\" \/>\n<meta property=\"og:url\" content=\"https:\/\/apuntesdesanluis.com\/index.php\/2025\/01\/29\/nuevas-criticas-por-la-inaccion-judicial-en-causas-de-corrupcion\/\" \/>\n<meta property=\"og:site_name\" content=\"Apuntes de San Luis\" \/>\n<meta property=\"article:published_time\" content=\"2025-01-29T20:29:30+00:00\" \/>\n<meta property=\"og:image\" content=\"https:\/\/apuntesdesanluis.com\/wp-content\/uploads\/2025\/01\/victor-endeiza.png\" \/>\n\t<meta property=\"og:image:width\" content=\"887\" \/>\n\t<meta property=\"og:image:height\" content=\"531\" \/>\n\t<meta property=\"og:image:type\" content=\"image\/png\" \/>\n<meta name=\"author\" content=\"apuntesdesanluis.com\" \/>\n<meta name=\"twitter:card\" content=\"summary_large_image\" \/>\n<meta name=\"twitter:label1\" content=\"Escrito por\" \/>\n\t<meta name=\"twitter:data1\" content=\"apuntesdesanluis.com\" \/>\n\t<meta name=\"twitter:label2\" content=\"Tiempo de lectura\" \/>\n\t<meta name=\"twitter:data2\" content=\"2 minutos\" \/>\n<script type=\"application\/ld+json\" class=\"yoast-schema-graph\">{\"@context\":\"https:\/\/schema.org\",\"@graph\":[{\"@type\":\"Article\",\"@id\":\"https:\/\/apuntesdesanluis.com\/index.php\/2025\/01\/29\/nuevas-criticas-por-la-inaccion-judicial-en-causas-de-corrupcion\/#article\",\"isPartOf\":{\"@id\":\"https:\/\/apuntesdesanluis.com\/index.php\/2025\/01\/29\/nuevas-criticas-por-la-inaccion-judicial-en-causas-de-corrupcion\/\"},\"author\":{\"name\":\"apuntesdesanluis.com\",\"@id\":\"https:\/\/apuntesdesanluis.com\/#\/schema\/person\/b55151d52296fcce64d1a72538a70b90\"},\"headline\":\"NUEVAS CR\u00cdTICAS POR LA INACCI\u00d3N JUDICIAL EN CAUSAS DE CORRUPCI\u00d3N\",\"datePublished\":\"2025-01-29T20:29:30+00:00\",\"mainEntityOfPage\":{\"@id\":\"https:\/\/apuntesdesanluis.com\/index.php\/2025\/01\/29\/nuevas-criticas-por-la-inaccion-judicial-en-causas-de-corrupcion\/\"},\"wordCount\":349,\"publisher\":{\"@id\":\"https:\/\/apuntesdesanluis.com\/#\/schema\/person\/b55151d52296fcce64d1a72538a70b90\"},\"image\":{\"@id\":\"https:\/\/apuntesdesanluis.com\/index.php\/2025\/01\/29\/nuevas-criticas-por-la-inaccion-judicial-en-causas-de-corrupcion\/#primaryimage\"},\"thumbnailUrl\":\"https:\/\/apuntesdesanluis.com\/wp-content\/uploads\/2025\/01\/victor-endeiza.png\",\"articleSection\":[\"Ciudad\/Provincia\"],\"inLanguage\":\"es-AR\"},{\"@type\":\"WebPage\",\"@id\":\"https:\/\/apuntesdesanluis.com\/index.php\/2025\/01\/29\/nuevas-criticas-por-la-inaccion-judicial-en-causas-de-corrupcion\/\",\"url\":\"https:\/\/apuntesdesanluis.com\/index.php\/2025\/01\/29\/nuevas-criticas-por-la-inaccion-judicial-en-causas-de-corrupcion\/\",\"name\":\"NUEVAS CR\u00cdTICAS POR LA INACCI\u00d3N JUDICIAL EN CAUSAS DE CORRUPCI\u00d3N - Apuntes de San Luis\",\"isPartOf\":{\"@id\":\"https:\/\/apuntesdesanluis.com\/#website\"},\"primaryImageOfPage\":{\"@id\":\"https:\/\/apuntesdesanluis.com\/index.php\/2025\/01\/29\/nuevas-criticas-por-la-inaccion-judicial-en-causas-de-corrupcion\/#primaryimage\"},\"image\":{\"@id\":\"https:\/\/apuntesdesanluis.com\/index.php\/2025\/01\/29\/nuevas-criticas-por-la-inaccion-judicial-en-causas-de-corrupcion\/#primaryimage\"},\"thumbnailUrl\":\"https:\/\/apuntesdesanluis.com\/wp-content\/uploads\/2025\/01\/victor-endeiza.png\",\"datePublished\":\"2025-01-29T20:29:30+00:00\",\"breadcrumb\":{\"@id\":\"https:\/\/apuntesdesanluis.com\/index.php\/2025\/01\/29\/nuevas-criticas-por-la-inaccion-judicial-en-causas-de-corrupcion\/#breadcrumb\"},\"inLanguage\":\"es-AR\",\"potentialAction\":[{\"@type\":\"ReadAction\",\"target\":[\"https:\/\/apuntesdesanluis.com\/index.php\/2025\/01\/29\/nuevas-criticas-por-la-inaccion-judicial-en-causas-de-corrupcion\/\"]}]},{\"@type\":\"ImageObject\",\"inLanguage\":\"es-AR\",\"@id\":\"https:\/\/apuntesdesanluis.com\/index.php\/2025\/01\/29\/nuevas-criticas-por-la-inaccion-judicial-en-causas-de-corrupcion\/#primaryimage\",\"url\":\"https:\/\/apuntesdesanluis.com\/wp-content\/uploads\/2025\/01\/victor-endeiza.png\",\"contentUrl\":\"https:\/\/apuntesdesanluis.com\/wp-content\/uploads\/2025\/01\/victor-endeiza.png\",\"width\":887,\"height\":531},{\"@type\":\"BreadcrumbList\",\"@id\":\"https:\/\/apuntesdesanluis.com\/index.php\/2025\/01\/29\/nuevas-criticas-por-la-inaccion-judicial-en-causas-de-corrupcion\/#breadcrumb\",\"itemListElement\":[{\"@type\":\"ListItem\",\"position\":1,\"name\":\"Inicio\",\"item\":\"https:\/\/apuntesdesanluis.com\/\"},{\"@type\":\"ListItem\",\"position\":2,\"name\":\"NUEVAS CR\u00cdTICAS POR LA INACCI\u00d3N JUDICIAL EN CAUSAS DE CORRUPCI\u00d3N\"}]},{\"@type\":\"WebSite\",\"@id\":\"https:\/\/apuntesdesanluis.com\/#website\",\"url\":\"https:\/\/apuntesdesanluis.com\/\",\"name\":\"Apuntes de San Luis\",\"description\":\"\",\"publisher\":{\"@id\":\"https:\/\/apuntesdesanluis.com\/#\/schema\/person\/b55151d52296fcce64d1a72538a70b90\"},\"potentialAction\":[{\"@type\":\"SearchAction\",\"target\":{\"@type\":\"EntryPoint\",\"urlTemplate\":\"https:\/\/apuntesdesanluis.com\/?s={search_term_string}\"},\"query-input\":{\"@type\":\"PropertyValueSpecification\",\"valueRequired\":true,\"valueName\":\"search_term_string\"}}],\"inLanguage\":\"es-AR\"},{\"@type\":[\"Person\",\"Organization\"],\"@id\":\"https:\/\/apuntesdesanluis.com\/#\/schema\/person\/b55151d52296fcce64d1a72538a70b90\",\"name\":\"apuntesdesanluis.com\",\"image\":{\"@type\":\"ImageObject\",\"inLanguage\":\"es-AR\",\"@id\":\"https:\/\/apuntesdesanluis.com\/#\/schema\/person\/image\/\",\"url\":\"https:\/\/apuntesdesanluis.com\/wp-content\/uploads\/2023\/07\/cropped-apuntesdesanluis.png\",\"contentUrl\":\"https:\/\/apuntesdesanluis.com\/wp-content\/uploads\/2023\/07\/cropped-apuntesdesanluis.png\",\"width\":450,\"height\":112,\"caption\":\"apuntesdesanluis.com\"},\"logo\":{\"@id\":\"https:\/\/apuntesdesanluis.com\/#\/schema\/person\/image\/\"},\"sameAs\":[\"https:\/\/apuntesdesanluis.com\"],\"url\":\"https:\/\/apuntesdesanluis.com\/index.php\/author\/apuntesdesanluis-com\/\"}]}<\/script>\n<!-- \/ Yoast SEO plugin. -->","yoast_head_json":{"title":"NUEVAS CR\u00cdTICAS POR LA INACCI\u00d3N JUDICIAL EN CAUSAS DE CORRUPCI\u00d3N - Apuntes de San Luis","robots":{"index":"index","follow":"follow","max-snippet":"max-snippet:-1","max-image-preview":"max-image-preview:large","max-video-preview":"max-video-preview:-1"},"canonical":"https:\/\/apuntesdesanluis.com\/index.php\/2025\/01\/29\/nuevas-criticas-por-la-inaccion-judicial-en-causas-de-corrupcion\/","og_locale":"es_ES","og_type":"article","og_title":"NUEVAS CR\u00cdTICAS POR LA INACCI\u00d3N JUDICIAL EN CAUSAS DE CORRUPCI\u00d3N - Apuntes de San Luis","og_description":"\u201cHa pasado un a\u00f1o y pr\u00e1cticamente nada se ha avanzado en las causas\u201d, enfatiz\u00f3 el...","og_url":"https:\/\/apuntesdesanluis.com\/index.php\/2025\/01\/29\/nuevas-criticas-por-la-inaccion-judicial-en-causas-de-corrupcion\/","og_site_name":"Apuntes de San Luis","article_published_time":"2025-01-29T20:29:30+00:00","og_image":[{"width":887,"height":531,"url":"https:\/\/apuntesdesanluis.com\/wp-content\/uploads\/2025\/01\/victor-endeiza.png","type":"image\/png"}],"author":"apuntesdesanluis.com","twitter_card":"summary_large_image","twitter_misc":{"Escrito por":"apuntesdesanluis.com","Tiempo de lectura":"2 minutos"},"schema":{"@context":"https:\/\/schema.org","@graph":[{"@type":"Article","@id":"https:\/\/apuntesdesanluis.com\/index.php\/2025\/01\/29\/nuevas-criticas-por-la-inaccion-judicial-en-causas-de-corrupcion\/#article","isPartOf":{"@id":"https:\/\/apuntesdesanluis.com\/index.php\/2025\/01\/29\/nuevas-criticas-por-la-inaccion-judicial-en-causas-de-corrupcion\/"},"author":{"name":"apuntesdesanluis.com","@id":"https:\/\/apuntesdesanluis.com\/#\/schema\/person\/b55151d52296fcce64d1a72538a70b90"},"headline":"NUEVAS CR\u00cdTICAS POR LA INACCI\u00d3N JUDICIAL EN CAUSAS DE CORRUPCI\u00d3N","datePublished":"2025-01-29T20:29:30+00:00","mainEntityOfPage":{"@id":"https:\/\/apuntesdesanluis.com\/index.php\/2025\/01\/29\/nuevas-criticas-por-la-inaccion-judicial-en-causas-de-corrupcion\/"},"wordCount":349,"publisher":{"@id":"https:\/\/apuntesdesanluis.com\/#\/schema\/person\/b55151d52296fcce64d1a72538a70b90"},"image":{"@id":"https:\/\/apuntesdesanluis.com\/index.php\/2025\/01\/29\/nuevas-criticas-por-la-inaccion-judicial-en-causas-de-corrupcion\/#primaryimage"},"thumbnailUrl":"https:\/\/apuntesdesanluis.com\/wp-content\/uploads\/2025\/01\/victor-endeiza.png","articleSection":["Ciudad\/Provincia"],"inLanguage":"es-AR"},{"@type":"WebPage","@id":"https:\/\/apuntesdesanluis.com\/index.php\/2025\/01\/29\/nuevas-criticas-por-la-inaccion-judicial-en-causas-de-corrupcion\/","url":"https:\/\/apuntesdesanluis.com\/index.php\/2025\/01\/29\/nuevas-criticas-por-la-inaccion-judicial-en-causas-de-corrupcion\/","name":"NUEVAS CR\u00cdTICAS POR LA INACCI\u00d3N JUDICIAL EN CAUSAS DE CORRUPCI\u00d3N - Apuntes de San Luis","isPartOf":{"@id":"https:\/\/apuntesdesanluis.com\/#website"},"primaryImageOfPage":{"@id":"https:\/\/apuntesdesanluis.com\/index.php\/2025\/01\/29\/nuevas-criticas-por-la-inaccion-judicial-en-causas-de-corrupcion\/#primaryimage"},"image":{"@id":"https:\/\/apuntesdesanluis.com\/index.php\/2025\/01\/29\/nuevas-criticas-por-la-inaccion-judicial-en-causas-de-corrupcion\/#primaryimage"},"thumbnailUrl":"https:\/\/apuntesdesanluis.com\/wp-content\/uploads\/2025\/01\/victor-endeiza.png","datePublished":"2025-01-29T20:29:30+00:00","breadcrumb":{"@id":"https:\/\/apuntesdesanluis.com\/index.php\/2025\/01\/29\/nuevas-criticas-por-la-inaccion-judicial-en-causas-de-corrupcion\/#breadcrumb"},"inLanguage":"es-AR","potentialAction":[{"@type":"ReadAction","target":["https:\/\/apuntesdesanluis.com\/index.php\/2025\/01\/29\/nuevas-criticas-por-la-inaccion-judicial-en-causas-de-corrupcion\/"]}]},{"@type":"ImageObject","inLanguage":"es-AR","@id":"https:\/\/apuntesdesanluis.com\/index.php\/2025\/01\/29\/nuevas-criticas-por-la-inaccion-judicial-en-causas-de-corrupcion\/#primaryimage","url":"https:\/\/apuntesdesanluis.com\/wp-content\/uploads\/2025\/01\/victor-endeiza.png","contentUrl":"https:\/\/apuntesdesanluis.com\/wp-content\/uploads\/2025\/01\/victor-endeiza.png","width":887,"height":531},{"@type":"BreadcrumbList","@id":"https:\/\/apuntesdesanluis.com\/index.php\/2025\/01\/29\/nuevas-criticas-por-la-inaccion-judicial-en-causas-de-corrupcion\/#breadcrumb","itemListElement":[{"@type":"ListItem","position":1,"name":"Inicio","item":"https:\/\/apuntesdesanluis.com\/"},{"@type":"ListItem","position":2,"name":"NUEVAS CR\u00cdTICAS POR LA INACCI\u00d3N JUDICIAL EN CAUSAS DE CORRUPCI\u00d3N"}]},{"@type":"WebSite","@id":"https:\/\/apuntesdesanluis.com\/#website","url":"https:\/\/apuntesdesanluis.com\/","name":"Apuntes de San Luis","description":"","publisher":{"@id":"https:\/\/apuntesdesanluis.com\/#\/schema\/person\/b55151d52296fcce64d1a72538a70b90"},"potentialAction":[{"@type":"SearchAction","target":{"@type":"EntryPoint","urlTemplate":"https:\/\/apuntesdesanluis.com\/?s={search_term_string}"},"query-input":{"@type":"PropertyValueSpecification","valueRequired":true,"valueName":"search_term_string"}}],"inLanguage":"es-AR"},{"@type":["Person","Organization"],"@id":"https:\/\/apuntesdesanluis.com\/#\/schema\/person\/b55151d52296fcce64d1a72538a70b90","name":"apuntesdesanluis.com","image":{"@type":"ImageObject","inLanguage":"es-AR","@id":"https:\/\/apuntesdesanluis.com\/#\/schema\/person\/image\/","url":"https:\/\/apuntesdesanluis.com\/wp-content\/uploads\/2023\/07\/cropped-apuntesdesanluis.png","contentUrl":"https:\/\/apuntesdesanluis.com\/wp-content\/uploads\/2023\/07\/cropped-apuntesdesanluis.png","width":450,"height":112,"caption":"apuntesdesanluis.com"},"logo":{"@id":"https:\/\/apuntesdesanluis.com\/#\/schema\/person\/image\/"},"sameAs":["https:\/\/apuntesdesanluis.com"],"url":"https:\/\/apuntesdesanluis.com\/index.php\/author\/apuntesdesanluis-com\/"}]}},"featured_image_urls":{"full":["https:\/\/apuntesdesanluis.com\/wp-content\/uploads\/2025\/01\/victor-endeiza.png",887,531,false],"thumbnail":["https:\/\/apuntesdesanluis.com\/wp-content\/uploads\/2025\/01\/victor-endeiza-150x150.png",150,150,true],"medium":["https:\/\/apuntesdesanluis.com\/wp-content\/uploads\/2025\/01\/victor-endeiza-300x180.png",300,180,true],"medium_large":["https:\/\/apuntesdesanluis.com\/wp-content\/uploads\/2025\/01\/victor-endeiza-768x460.png",640,383,true],"large":["https:\/\/apuntesdesanluis.com\/wp-content\/uploads\/2025\/01\/victor-endeiza.png",640,383,false],"1536x1536":["https:\/\/apuntesdesanluis.com\/wp-content\/uploads\/2025\/01\/victor-endeiza.png",887,531,false],"2048x2048":["https:\/\/apuntesdesanluis.com\/wp-content\/uploads\/2025\/01\/victor-endeiza.png",887,531,false],"newsever-slider-full":["https:\/\/apuntesdesanluis.com\/wp-content\/uploads\/2025\/01\/victor-endeiza.png",887,531,false],"newsever-featured":["https:\/\/apuntesdesanluis.com\/wp-content\/uploads\/2025\/01\/victor-endeiza.png",887,531,false],"newsever-medium":["https:\/\/apuntesdesanluis.com\/wp-content\/uploads\/2025\/01\/victor-endeiza-720x475.png",720,475,true]},"author_info":{"display_name":"apuntesdesanluis.com","author_link":"https:\/\/apuntesdesanluis.com\/index.php\/author\/apuntesdesanluis-com\/"},"category_info":"<a href=\"https:\/\/apuntesdesanluis.com\/index.php\/category\/ciudad-provincia\/\" rel=\"category tag\">Ciudad\/Provincia<\/a>","tag_info":"Ciudad\/Provincia","comment_count":"0","_links":{"self":[{"href":"https:\/\/apuntesdesanluis.com\/index.php\/wp-json\/wp\/v2\/posts\/28383","targetHints":{"allow":["GET"]}}],"collection":[{"href":"https:\/\/apuntesdesanluis.com\/index.php\/wp-json\/wp\/v2\/posts"}],"about":[{"href":"https:\/\/apuntesdesanluis.com\/index.php\/wp-json\/wp\/v2\/types\/post"}],"author":[{"embeddable":true,"href":"https:\/\/apuntesdesanluis.com\/index.php\/wp-json\/wp\/v2\/users\/1"}],"replies":[{"embeddable":true,"href":"https:\/\/apuntesdesanluis.com\/index.php\/wp-json\/wp\/v2\/comments?post=28383"}],"version-history":[{"count":1,"href":"https:\/\/apuntesdesanluis.com\/index.php\/wp-json\/wp\/v2\/posts\/28383\/revisions"}],"predecessor-version":[{"id":28385,"href":"https:\/\/apuntesdesanluis.com\/index.php\/wp-json\/wp\/v2\/posts\/28383\/revisions\/28385"}],"wp:featuredmedia":[{"embeddable":true,"href":"https:\/\/apuntesdesanluis.com\/index.php\/wp-json\/wp\/v2\/media\/28384"}],"wp:attachment":[{"href":"https:\/\/apuntesdesanluis.com\/index.php\/wp-json\/wp\/v2\/media?parent=28383"}],"wp:term":[{"taxonomy":"category","embeddable":true,"href":"https:\/\/apuntesdesanluis.com\/index.php\/wp-json\/wp\/v2\/categories?post=28383"},{"taxonomy":"post_tag","embeddable":true,"href":"https:\/\/apuntesdesanluis.com\/index.php\/wp-json\/wp\/v2\/tags?post=28383"}],"curies":[{"name":"wp","href":"https:\/\/api.w.org\/{rel}","templated":true}]}}