{"id":28386,"date":"2025-01-29T17:35:27","date_gmt":"2025-01-29T20:35:27","guid":{"rendered":"https:\/\/apuntesdesanluis.com\/?p=28386"},"modified":"2025-01-29T17:35:27","modified_gmt":"2025-01-29T20:35:27","slug":"el-ministerio-de-defensa-dio-de-baja-a-23-militares-por-tener-sentencia-firme-sobre-crimenes-de-lesa-humanidad","status":"publish","type":"post","link":"https:\/\/apuntesdesanluis.com\/index.php\/2025\/01\/29\/el-ministerio-de-defensa-dio-de-baja-a-23-militares-por-tener-sentencia-firme-sobre-crimenes-de-lesa-humanidad\/","title":{"rendered":"EL MINISTERIO DE DEFENSA DIO DE BAJA A 23 MILITARES POR TENER SENTENCIA FIRME SOBRE CR\u00cdMENES DE LESA HUMANIDAD"},"content":{"rendered":"<h3>El Ministerio de Defensa comunic\u00f3 la baja de 23 militares por tener sentencia firme sobre cr\u00edmenes de lesa humanidad y lo public\u00f3 en el Bolet\u00edn Oficial.<\/h3>\n<h3>\u201cLa Justicia nos orden\u00f3 darles de baja porque tienen una sentencia firme de lesa humanidad. Nosotros no hicimos m\u00e1s que acatar una orden de la Justicia, eso es todo\u201d, expresaron fuentes de la cartera comandada por Luis Petri.<\/h3>\n<h3>Seg\u00fan el Ministerio, las bajas \u201cno responden a una decisi\u00f3n unilateral\u201d de la cartera, sino que es una orden del Poder Judicial de la Naci\u00f3n que, a su vez, fue notificada por el Ministerio P\u00fablico Fiscal, \u201cobligando al cumplimiento de la medida\u201d que se les aplic\u00f3 a los 23 agentes militares que fueron imputados.<\/h3>\n<h3>Quien solicit\u00f3 formalmente las bajas de los efectivos, fue el fiscal nacional de Investigaciones Administrativas, Sergio Rodr\u00edguez; el documento fue enviado tanto al ministro Petri, como al jefe de la Armada Argentina, Carlos Mar\u00eda Allievi, y a su par de la Fuerza A\u00e9rea Argentina, Fernando Luis Mengo: \u201cSolicito que se repongan o requieran las bajas de los agentes retirados de dichas instituciones que han sido condenados con sentencias firmes por delitos de lesa humanidad\u201d, concluy\u00f3 el pedido.<\/h3>\n<h3>Por su parte, la Procuradur\u00eda de Investigaciones Administrativas, expres\u00f3 que solicit\u00f3 \u201cel inicio de actuaciones sumariales con el objeto de esclarecer los hechos y eventuales responsabilidades en relaci\u00f3n a las presuntas irregularidades acaecidas en la informaci\u00f3n proporcionada\u201d y que las condenas se encuentran firmes \u201cencontr\u00e1ndose agotadas todas las instancias recursivas\u201d, luego de haber sido condenados por \u201cgraves violaciones a los Derechos Humanos\u201d.<\/h3>\n<h3><\/h3>\n<p>&nbsp;<\/p>\n<p>&nbsp;<\/p>\n","protected":false},"excerpt":{"rendered":"<p>El Ministerio de Defensa comunic\u00f3 la baja de 23 militares por tener sentencia firme sobre&#8230;<\/p>\n","protected":false},"author":1,"featured_media":28387,"comment_status":"closed","ping_status":"closed","sticky":false,"template":"","format":"standard","meta":{"footnotes":""},"categories":[5],"tags":[],"class_list":["post-28386","post","type-post","status-publish","format-standard","has-post-thumbnail","hentry","category-nacionales-internacionales"],"yoast_head":"<!-- This site is optimized with the Yoast SEO plugin v26.1.1 - https:\/\/yoast.com\/wordpress\/plugins\/seo\/ -->\n<title>EL MINISTERIO DE DEFENSA DIO DE BAJA A 23 MILITARES POR TENER SENTENCIA FIRME SOBRE CR\u00cdMENES DE LESA HUMANIDAD - Apuntes de San Luis<\/title>\n<meta name=\"robots\" content=\"index, follow, max-snippet:-1, max-image-preview:large, max-video-preview:-1\" \/>\n<link rel=\"canonical\" href=\"https:\/\/apuntesdesanluis.com\/index.php\/2025\/01\/29\/el-ministerio-de-defensa-dio-de-baja-a-23-militares-por-tener-sentencia-firme-sobre-crimenes-de-lesa-humanidad\/\" \/>\n<meta property=\"og:locale\" content=\"es_ES\" \/>\n<meta property=\"og:type\" content=\"article\" \/>\n<meta property=\"og:title\" content=\"EL MINISTERIO DE DEFENSA DIO DE BAJA A 23 MILITARES POR TENER SENTENCIA FIRME SOBRE CR\u00cdMENES DE LESA HUMANIDAD - Apuntes de San Luis\" \/>\n<meta property=\"og:description\" content=\"El Ministerio de Defensa comunic\u00f3 la baja de 23 militares por tener sentencia firme sobre...\" \/>\n<meta property=\"og:url\" content=\"https:\/\/apuntesdesanluis.com\/index.php\/2025\/01\/29\/el-ministerio-de-defensa-dio-de-baja-a-23-militares-por-tener-sentencia-firme-sobre-crimenes-de-lesa-humanidad\/\" \/>\n<meta property=\"og:site_name\" content=\"Apuntes de San Luis\" \/>\n<meta property=\"article:published_time\" content=\"2025-01-29T20:35:27+00:00\" \/>\n<meta property=\"og:image\" content=\"https:\/\/apuntesdesanluis.com\/wp-content\/uploads\/2025\/01\/luis-petri.png\" \/>\n\t<meta property=\"og:image:width\" content=\"779\" \/>\n\t<meta property=\"og:image:height\" content=\"445\" \/>\n\t<meta property=\"og:image:type\" content=\"image\/png\" \/>\n<meta name=\"author\" content=\"apuntesdesanluis.com\" \/>\n<meta name=\"twitter:card\" content=\"summary_large_image\" \/>\n<meta name=\"twitter:label1\" content=\"Escrito por\" \/>\n\t<meta name=\"twitter:data1\" content=\"apuntesdesanluis.com\" \/>\n\t<meta name=\"twitter:label2\" content=\"Tiempo de lectura\" \/>\n\t<meta name=\"twitter:data2\" content=\"2 minutos\" \/>\n<script type=\"application\/ld+json\" class=\"yoast-schema-graph\">{\"@context\":\"https:\/\/schema.org\",\"@graph\":[{\"@type\":\"Article\",\"@id\":\"https:\/\/apuntesdesanluis.com\/index.php\/2025\/01\/29\/el-ministerio-de-defensa-dio-de-baja-a-23-militares-por-tener-sentencia-firme-sobre-crimenes-de-lesa-humanidad\/#article\",\"isPartOf\":{\"@id\":\"https:\/\/apuntesdesanluis.com\/index.php\/2025\/01\/29\/el-ministerio-de-defensa-dio-de-baja-a-23-militares-por-tener-sentencia-firme-sobre-crimenes-de-lesa-humanidad\/\"},\"author\":{\"name\":\"apuntesdesanluis.com\",\"@id\":\"https:\/\/apuntesdesanluis.com\/#\/schema\/person\/b55151d52296fcce64d1a72538a70b90\"},\"headline\":\"EL MINISTERIO DE DEFENSA DIO DE BAJA A 23 MILITARES POR TENER SENTENCIA FIRME SOBRE CR\u00cdMENES DE LESA HUMANIDAD\",\"datePublished\":\"2025-01-29T20:35:27+00:00\",\"mainEntityOfPage\":{\"@id\":\"https:\/\/apuntesdesanluis.com\/index.php\/2025\/01\/29\/el-ministerio-de-defensa-dio-de-baja-a-23-militares-por-tener-sentencia-firme-sobre-crimenes-de-lesa-humanidad\/\"},\"wordCount\":290,\"publisher\":{\"@id\":\"https:\/\/apuntesdesanluis.com\/#\/schema\/person\/b55151d52296fcce64d1a72538a70b90\"},\"image\":{\"@id\":\"https:\/\/apuntesdesanluis.com\/index.php\/2025\/01\/29\/el-ministerio-de-defensa-dio-de-baja-a-23-militares-por-tener-sentencia-firme-sobre-crimenes-de-lesa-humanidad\/#primaryimage\"},\"thumbnailUrl\":\"https:\/\/apuntesdesanluis.com\/wp-content\/uploads\/2025\/01\/luis-petri.png\",\"articleSection\":[\"Nacionales\/Internacionales\"],\"inLanguage\":\"es-AR\"},{\"@type\":\"WebPage\",\"@id\":\"https:\/\/apuntesdesanluis.com\/index.php\/2025\/01\/29\/el-ministerio-de-defensa-dio-de-baja-a-23-militares-por-tener-sentencia-firme-sobre-crimenes-de-lesa-humanidad\/\",\"url\":\"https:\/\/apuntesdesanluis.com\/index.php\/2025\/01\/29\/el-ministerio-de-defensa-dio-de-baja-a-23-militares-por-tener-sentencia-firme-sobre-crimenes-de-lesa-humanidad\/\",\"name\":\"EL MINISTERIO DE DEFENSA DIO DE BAJA A 23 MILITARES POR TENER SENTENCIA FIRME SOBRE CR\u00cdMENES DE LESA HUMANIDAD - Apuntes de San Luis\",\"isPartOf\":{\"@id\":\"https:\/\/apuntesdesanluis.com\/#website\"},\"primaryImageOfPage\":{\"@id\":\"https:\/\/apuntesdesanluis.com\/index.php\/2025\/01\/29\/el-ministerio-de-defensa-dio-de-baja-a-23-militares-por-tener-sentencia-firme-sobre-crimenes-de-lesa-humanidad\/#primaryimage\"},\"image\":{\"@id\":\"https:\/\/apuntesdesanluis.com\/index.php\/2025\/01\/29\/el-ministerio-de-defensa-dio-de-baja-a-23-militares-por-tener-sentencia-firme-sobre-crimenes-de-lesa-humanidad\/#primaryimage\"},\"thumbnailUrl\":\"https:\/\/apuntesdesanluis.com\/wp-content\/uploads\/2025\/01\/luis-petri.png\",\"datePublished\":\"2025-01-29T20:35:27+00:00\",\"breadcrumb\":{\"@id\":\"https:\/\/apuntesdesanluis.com\/index.php\/2025\/01\/29\/el-ministerio-de-defensa-dio-de-baja-a-23-militares-por-tener-sentencia-firme-sobre-crimenes-de-lesa-humanidad\/#breadcrumb\"},\"inLanguage\":\"es-AR\",\"potentialAction\":[{\"@type\":\"ReadAction\",\"target\":[\"https:\/\/apuntesdesanluis.com\/index.php\/2025\/01\/29\/el-ministerio-de-defensa-dio-de-baja-a-23-militares-por-tener-sentencia-firme-sobre-crimenes-de-lesa-humanidad\/\"]}]},{\"@type\":\"ImageObject\",\"inLanguage\":\"es-AR\",\"@id\":\"https:\/\/apuntesdesanluis.com\/index.php\/2025\/01\/29\/el-ministerio-de-defensa-dio-de-baja-a-23-militares-por-tener-sentencia-firme-sobre-crimenes-de-lesa-humanidad\/#primaryimage\",\"url\":\"https:\/\/apuntesdesanluis.com\/wp-content\/uploads\/2025\/01\/luis-petri.png\",\"contentUrl\":\"https:\/\/apuntesdesanluis.com\/wp-content\/uploads\/2025\/01\/luis-petri.png\",\"width\":779,\"height\":445},{\"@type\":\"BreadcrumbList\",\"@id\":\"https:\/\/apuntesdesanluis.com\/index.php\/2025\/01\/29\/el-ministerio-de-defensa-dio-de-baja-a-23-militares-por-tener-sentencia-firme-sobre-crimenes-de-lesa-humanidad\/#breadcrumb\",\"itemListElement\":[{\"@type\":\"ListItem\",\"position\":1,\"name\":\"Inicio\",\"item\":\"https:\/\/apuntesdesanluis.com\/\"},{\"@type\":\"ListItem\",\"position\":2,\"name\":\"EL MINISTERIO DE DEFENSA DIO DE BAJA A 23 MILITARES POR TENER SENTENCIA FIRME SOBRE CR\u00cdMENES DE LESA HUMANIDAD\"}]},{\"@type\":\"WebSite\",\"@id\":\"https:\/\/apuntesdesanluis.com\/#website\",\"url\":\"https:\/\/apuntesdesanluis.com\/\",\"name\":\"Apuntes de San Luis\",\"description\":\"\",\"publisher\":{\"@id\":\"https:\/\/apuntesdesanluis.com\/#\/schema\/person\/b55151d52296fcce64d1a72538a70b90\"},\"potentialAction\":[{\"@type\":\"SearchAction\",\"target\":{\"@type\":\"EntryPoint\",\"urlTemplate\":\"https:\/\/apuntesdesanluis.com\/?s={search_term_string}\"},\"query-input\":{\"@type\":\"PropertyValueSpecification\",\"valueRequired\":true,\"valueName\":\"search_term_string\"}}],\"inLanguage\":\"es-AR\"},{\"@type\":[\"Person\",\"Organization\"],\"@id\":\"https:\/\/apuntesdesanluis.com\/#\/schema\/person\/b55151d52296fcce64d1a72538a70b90\",\"name\":\"apuntesdesanluis.com\",\"image\":{\"@type\":\"ImageObject\",\"inLanguage\":\"es-AR\",\"@id\":\"https:\/\/apuntesdesanluis.com\/#\/schema\/person\/image\/\",\"url\":\"https:\/\/apuntesdesanluis.com\/wp-content\/uploads\/2023\/07\/cropped-apuntesdesanluis.png\",\"contentUrl\":\"https:\/\/apuntesdesanluis.com\/wp-content\/uploads\/2023\/07\/cropped-apuntesdesanluis.png\",\"width\":450,\"height\":112,\"caption\":\"apuntesdesanluis.com\"},\"logo\":{\"@id\":\"https:\/\/apuntesdesanluis.com\/#\/schema\/person\/image\/\"},\"sameAs\":[\"https:\/\/apuntesdesanluis.com\"],\"url\":\"https:\/\/apuntesdesanluis.com\/index.php\/author\/apuntesdesanluis-com\/\"}]}<\/script>\n<!-- \/ Yoast SEO plugin. -->","yoast_head_json":{"title":"EL MINISTERIO DE DEFENSA DIO DE BAJA A 23 MILITARES POR TENER SENTENCIA FIRME SOBRE CR\u00cdMENES DE LESA HUMANIDAD - Apuntes de San Luis","robots":{"index":"index","follow":"follow","max-snippet":"max-snippet:-1","max-image-preview":"max-image-preview:large","max-video-preview":"max-video-preview:-1"},"canonical":"https:\/\/apuntesdesanluis.com\/index.php\/2025\/01\/29\/el-ministerio-de-defensa-dio-de-baja-a-23-militares-por-tener-sentencia-firme-sobre-crimenes-de-lesa-humanidad\/","og_locale":"es_ES","og_type":"article","og_title":"EL MINISTERIO DE DEFENSA DIO DE BAJA A 23 MILITARES POR TENER SENTENCIA FIRME SOBRE CR\u00cdMENES DE LESA HUMANIDAD - Apuntes de San Luis","og_description":"El Ministerio de Defensa comunic\u00f3 la baja de 23 militares por tener sentencia firme sobre...","og_url":"https:\/\/apuntesdesanluis.com\/index.php\/2025\/01\/29\/el-ministerio-de-defensa-dio-de-baja-a-23-militares-por-tener-sentencia-firme-sobre-crimenes-de-lesa-humanidad\/","og_site_name":"Apuntes de San Luis","article_published_time":"2025-01-29T20:35:27+00:00","og_image":[{"width":779,"height":445,"url":"https:\/\/apuntesdesanluis.com\/wp-content\/uploads\/2025\/01\/luis-petri.png","type":"image\/png"}],"author":"apuntesdesanluis.com","twitter_card":"summary_large_image","twitter_misc":{"Escrito por":"apuntesdesanluis.com","Tiempo de lectura":"2 minutos"},"schema":{"@context":"https:\/\/schema.org","@graph":[{"@type":"Article","@id":"https:\/\/apuntesdesanluis.com\/index.php\/2025\/01\/29\/el-ministerio-de-defensa-dio-de-baja-a-23-militares-por-tener-sentencia-firme-sobre-crimenes-de-lesa-humanidad\/#article","isPartOf":{"@id":"https:\/\/apuntesdesanluis.com\/index.php\/2025\/01\/29\/el-ministerio-de-defensa-dio-de-baja-a-23-militares-por-tener-sentencia-firme-sobre-crimenes-de-lesa-humanidad\/"},"author":{"name":"apuntesdesanluis.com","@id":"https:\/\/apuntesdesanluis.com\/#\/schema\/person\/b55151d52296fcce64d1a72538a70b90"},"headline":"EL MINISTERIO DE DEFENSA DIO DE BAJA A 23 MILITARES POR TENER SENTENCIA FIRME SOBRE CR\u00cdMENES DE LESA HUMANIDAD","datePublished":"2025-01-29T20:35:27+00:00","mainEntityOfPage":{"@id":"https:\/\/apuntesdesanluis.com\/index.php\/2025\/01\/29\/el-ministerio-de-defensa-dio-de-baja-a-23-militares-por-tener-sentencia-firme-sobre-crimenes-de-lesa-humanidad\/"},"wordCount":290,"publisher":{"@id":"https:\/\/apuntesdesanluis.com\/#\/schema\/person\/b55151d52296fcce64d1a72538a70b90"},"image":{"@id":"https:\/\/apuntesdesanluis.com\/index.php\/2025\/01\/29\/el-ministerio-de-defensa-dio-de-baja-a-23-militares-por-tener-sentencia-firme-sobre-crimenes-de-lesa-humanidad\/#primaryimage"},"thumbnailUrl":"https:\/\/apuntesdesanluis.com\/wp-content\/uploads\/2025\/01\/luis-petri.png","articleSection":["Nacionales\/Internacionales"],"inLanguage":"es-AR"},{"@type":"WebPage","@id":"https:\/\/apuntesdesanluis.com\/index.php\/2025\/01\/29\/el-ministerio-de-defensa-dio-de-baja-a-23-militares-por-tener-sentencia-firme-sobre-crimenes-de-lesa-humanidad\/","url":"https:\/\/apuntesdesanluis.com\/index.php\/2025\/01\/29\/el-ministerio-de-defensa-dio-de-baja-a-23-militares-por-tener-sentencia-firme-sobre-crimenes-de-lesa-humanidad\/","name":"EL MINISTERIO DE DEFENSA DIO DE BAJA A 23 MILITARES POR TENER SENTENCIA FIRME SOBRE CR\u00cdMENES DE LESA HUMANIDAD - Apuntes de San Luis","isPartOf":{"@id":"https:\/\/apuntesdesanluis.com\/#website"},"primaryImageOfPage":{"@id":"https:\/\/apuntesdesanluis.com\/index.php\/2025\/01\/29\/el-ministerio-de-defensa-dio-de-baja-a-23-militares-por-tener-sentencia-firme-sobre-crimenes-de-lesa-humanidad\/#primaryimage"},"image":{"@id":"https:\/\/apuntesdesanluis.com\/index.php\/2025\/01\/29\/el-ministerio-de-defensa-dio-de-baja-a-23-militares-por-tener-sentencia-firme-sobre-crimenes-de-lesa-humanidad\/#primaryimage"},"thumbnailUrl":"https:\/\/apuntesdesanluis.com\/wp-content\/uploads\/2025\/01\/luis-petri.png","datePublished":"2025-01-29T20:35:27+00:00","breadcrumb":{"@id":"https:\/\/apuntesdesanluis.com\/index.php\/2025\/01\/29\/el-ministerio-de-defensa-dio-de-baja-a-23-militares-por-tener-sentencia-firme-sobre-crimenes-de-lesa-humanidad\/#breadcrumb"},"inLanguage":"es-AR","potentialAction":[{"@type":"ReadAction","target":["https:\/\/apuntesdesanluis.com\/index.php\/2025\/01\/29\/el-ministerio-de-defensa-dio-de-baja-a-23-militares-por-tener-sentencia-firme-sobre-crimenes-de-lesa-humanidad\/"]}]},{"@type":"ImageObject","inLanguage":"es-AR","@id":"https:\/\/apuntesdesanluis.com\/index.php\/2025\/01\/29\/el-ministerio-de-defensa-dio-de-baja-a-23-militares-por-tener-sentencia-firme-sobre-crimenes-de-lesa-humanidad\/#primaryimage","url":"https:\/\/apuntesdesanluis.com\/wp-content\/uploads\/2025\/01\/luis-petri.png","contentUrl":"https:\/\/apuntesdesanluis.com\/wp-content\/uploads\/2025\/01\/luis-petri.png","width":779,"height":445},{"@type":"BreadcrumbList","@id":"https:\/\/apuntesdesanluis.com\/index.php\/2025\/01\/29\/el-ministerio-de-defensa-dio-de-baja-a-23-militares-por-tener-sentencia-firme-sobre-crimenes-de-lesa-humanidad\/#breadcrumb","itemListElement":[{"@type":"ListItem","position":1,"name":"Inicio","item":"https:\/\/apuntesdesanluis.com\/"},{"@type":"ListItem","position":2,"name":"EL MINISTERIO DE DEFENSA DIO DE BAJA A 23 MILITARES POR TENER SENTENCIA FIRME SOBRE CR\u00cdMENES DE LESA HUMANIDAD"}]},{"@type":"WebSite","@id":"https:\/\/apuntesdesanluis.com\/#website","url":"https:\/\/apuntesdesanluis.com\/","name":"Apuntes de San Luis","description":"","publisher":{"@id":"https:\/\/apuntesdesanluis.com\/#\/schema\/person\/b55151d52296fcce64d1a72538a70b90"},"potentialAction":[{"@type":"SearchAction","target":{"@type":"EntryPoint","urlTemplate":"https:\/\/apuntesdesanluis.com\/?s={search_term_string}"},"query-input":{"@type":"PropertyValueSpecification","valueRequired":true,"valueName":"search_term_string"}}],"inLanguage":"es-AR"},{"@type":["Person","Organization"],"@id":"https:\/\/apuntesdesanluis.com\/#\/schema\/person\/b55151d52296fcce64d1a72538a70b90","name":"apuntesdesanluis.com","image":{"@type":"ImageObject","inLanguage":"es-AR","@id":"https:\/\/apuntesdesanluis.com\/#\/schema\/person\/image\/","url":"https:\/\/apuntesdesanluis.com\/wp-content\/uploads\/2023\/07\/cropped-apuntesdesanluis.png","contentUrl":"https:\/\/apuntesdesanluis.com\/wp-content\/uploads\/2023\/07\/cropped-apuntesdesanluis.png","width":450,"height":112,"caption":"apuntesdesanluis.com"},"logo":{"@id":"https:\/\/apuntesdesanluis.com\/#\/schema\/person\/image\/"},"sameAs":["https:\/\/apuntesdesanluis.com"],"url":"https:\/\/apuntesdesanluis.com\/index.php\/author\/apuntesdesanluis-com\/"}]}},"featured_image_urls":{"full":["https:\/\/apuntesdesanluis.com\/wp-content\/uploads\/2025\/01\/luis-petri.png",779,445,false],"thumbnail":["https:\/\/apuntesdesanluis.com\/wp-content\/uploads\/2025\/01\/luis-petri-150x150.png",150,150,true],"medium":["https:\/\/apuntesdesanluis.com\/wp-content\/uploads\/2025\/01\/luis-petri-300x171.png",300,171,true],"medium_large":["https:\/\/apuntesdesanluis.com\/wp-content\/uploads\/2025\/01\/luis-petri-768x439.png",640,366,true],"large":["https:\/\/apuntesdesanluis.com\/wp-content\/uploads\/2025\/01\/luis-petri.png",640,366,false],"1536x1536":["https:\/\/apuntesdesanluis.com\/wp-content\/uploads\/2025\/01\/luis-petri.png",779,445,false],"2048x2048":["https:\/\/apuntesdesanluis.com\/wp-content\/uploads\/2025\/01\/luis-petri.png",779,445,false],"newsever-slider-full":["https:\/\/apuntesdesanluis.com\/wp-content\/uploads\/2025\/01\/luis-petri.png",779,445,false],"newsever-featured":["https:\/\/apuntesdesanluis.com\/wp-content\/uploads\/2025\/01\/luis-petri.png",779,445,false],"newsever-medium":["https:\/\/apuntesdesanluis.com\/wp-content\/uploads\/2025\/01\/luis-petri-720x445.png",720,445,true]},"author_info":{"display_name":"apuntesdesanluis.com","author_link":"https:\/\/apuntesdesanluis.com\/index.php\/author\/apuntesdesanluis-com\/"},"category_info":"<a href=\"https:\/\/apuntesdesanluis.com\/index.php\/category\/nacionales-internacionales\/\" rel=\"category tag\">Nacionales\/Internacionales<\/a>","tag_info":"Nacionales\/Internacionales","comment_count":"0","_links":{"self":[{"href":"https:\/\/apuntesdesanluis.com\/index.php\/wp-json\/wp\/v2\/posts\/28386","targetHints":{"allow":["GET"]}}],"collection":[{"href":"https:\/\/apuntesdesanluis.com\/index.php\/wp-json\/wp\/v2\/posts"}],"about":[{"href":"https:\/\/apuntesdesanluis.com\/index.php\/wp-json\/wp\/v2\/types\/post"}],"author":[{"embeddable":true,"href":"https:\/\/apuntesdesanluis.com\/index.php\/wp-json\/wp\/v2\/users\/1"}],"replies":[{"embeddable":true,"href":"https:\/\/apuntesdesanluis.com\/index.php\/wp-json\/wp\/v2\/comments?post=28386"}],"version-history":[{"count":1,"href":"https:\/\/apuntesdesanluis.com\/index.php\/wp-json\/wp\/v2\/posts\/28386\/revisions"}],"predecessor-version":[{"id":28388,"href":"https:\/\/apuntesdesanluis.com\/index.php\/wp-json\/wp\/v2\/posts\/28386\/revisions\/28388"}],"wp:featuredmedia":[{"embeddable":true,"href":"https:\/\/apuntesdesanluis.com\/index.php\/wp-json\/wp\/v2\/media\/28387"}],"wp:attachment":[{"href":"https:\/\/apuntesdesanluis.com\/index.php\/wp-json\/wp\/v2\/media?parent=28386"}],"wp:term":[{"taxonomy":"category","embeddable":true,"href":"https:\/\/apuntesdesanluis.com\/index.php\/wp-json\/wp\/v2\/categories?post=28386"},{"taxonomy":"post_tag","embeddable":true,"href":"https:\/\/apuntesdesanluis.com\/index.php\/wp-json\/wp\/v2\/tags?post=28386"}],"curies":[{"name":"wp","href":"https:\/\/api.w.org\/{rel}","templated":true}]}}