{"id":28403,"date":"2025-01-29T20:23:43","date_gmt":"2025-01-29T23:23:43","guid":{"rendered":"https:\/\/apuntesdesanluis.com\/?p=28403"},"modified":"2025-01-29T20:23:43","modified_gmt":"2025-01-29T23:23:43","slug":"enyesado-y-con-muletas-aprovecho-que-estaba-internado-en-un-hospital-para-robar-en-la-sala-de-oncologia","status":"publish","type":"post","link":"https:\/\/apuntesdesanluis.com\/index.php\/2025\/01\/29\/enyesado-y-con-muletas-aprovecho-que-estaba-internado-en-un-hospital-para-robar-en-la-sala-de-oncologia\/","title":{"rendered":"ENYESADO Y CON MULETAS, APROVECH\u00d3 QUE ESTABA INTERNADO EN UN HOSPITAL PARA ROBAR EN LA SALA DE ONCOLOG\u00cdA"},"content":{"rendered":"<h3>Las c\u00e1maras de seguridad se convirtieron en los principales enemigos de los que se creen vivos y se aprovechan de las circunstancias para sacar ventaja. En este caso, en un hospital de la provincia de Tucum\u00e1n las filmaciones internas fueron la clave para detectar qui\u00e9n hab\u00eda robado de madrugada en la sala de Oncolog\u00eda: se trataba de un paciente que estaba internado en la zona de Traumatolog\u00eda, enyesado y a la espera de una cirug\u00eda.<\/h3>\n<h3>El acusado y detenido es un alba\u00f1il de 24 a\u00f1os, para quien la Unidad Fiscal de Robos y Hurtos de Feria del Ministerio P\u00fablico Fiscal de Tucum\u00e1n solicit\u00f3 en las \u00faltimas horas la prisi\u00f3n preventiva por 18 d\u00edas. El juez del caso le dio la derecha a fiscal a cargo de la causa y orden\u00f3 su traslado a un penal, informaron fuentes judiciales.<\/h3>\n<h3>Todo ocurri\u00f3 el pasado domingo cerca de las 3.30. El ahora imputado, quien se encontraba internado desde el 13 de enero pasado en el Hospital Centro de Salud de San Miguel de Tucum\u00e1n, en el sector 2, cama 22 de la sala de Traumatolog\u00eda, se dirigi\u00f3 hasta la sala de Oncolog\u00eda ayudado por las muletas.<\/h3>\n<h3>\u00a0\u201cUna vez en el interior, se apropi\u00f3 de tres monitores de computadora con sus bases y fuentes de alimentaci\u00f3n, respectivamente. A continuaci\u00f3n, se retir\u00f3 del sector y regres\u00f3 a su habitaci\u00f3n con los elementos ajenos a su propiedad&#8221;, reza el parte oficial.<\/h3>\n<h3>A las 14 de ese mismo domingo el personal del hospital encontr\u00f3 al alba\u00f1il en la misma cama 22 del sector 2 de Traumatolog\u00eda en la que permanec\u00eda a la espera de una cirug\u00eda desde el 13 de enero pasado: todav\u00eda ten\u00eda en su poder dos de los monitores que hab\u00eda sustra\u00eddo esa madrugada. El tercero ya se lo hab\u00eda entregado a un familiar.<\/h3>\n<h3>\u201cA 48 horas de un hecho grave que afect\u00f3 el normal funcionamiento de la sala de Oncolog\u00eda del Hospital Centro de Salud, el Ministerio P\u00fablico Fiscal imput\u00f3 a un alba\u00f1il por el delito de hurto simple en calidad de autor\u201d, se inform\u00f3.<\/h3>\n<h3>En la investigaci\u00f3n intervino la Unidad Fiscal de Robos y Hurtos de Feria, a cargo de Diego Hevia. Fue su auxiliar Rodrigo Bilbao, quien requiri\u00f3 este martes la prisi\u00f3n preventiva por 18 d\u00edas, con vencimiento el 14 de febrero.<\/h3>\n<h3>Para el auxiliar fiscal Bilbao hab\u00eda riesgos procesales y por eso solicit\u00f3 que quede preso: \u201cIngres\u00f3 a las 03:26 horas del domingo con muletas a sala de Oncolog\u00eda y se llev\u00f3 los tres monitores vali\u00e9ndose de estar internado. Se vali\u00f3 de la oscuridad y la falta de personas en los pasillos del Hospital para su accionar\u201d, sostuvo.<\/h3>\n<h3>Y agreg\u00f3: \u201cEs un hecho grav\u00edsimo porque alter\u00f3 el normal funcionamiento de la sala, es decir, su accionar afect\u00f3 a un sector de la sociedad que sufre la enfermedad\u201d. Todo lo que rob\u00f3 el alba\u00f1il (tres monitores, sus bases y sus fuentes) pudieron ser recuperados.<\/h3>\n<h3>\u201cEl hecho qued\u00f3 filmado por las c\u00e1maras de seguridad del Centro de Salud. Inclusive, contamos con una captura de pantalla (ver foto) donde se nota claramente su rostro y c\u00f3mo ingresa al sector de Oncolog\u00eda\u201d, aclar\u00f3 el auxiliar fiscal entre los fundamentos del pedido de detenci\u00f3n formal.<\/h3>\n<h3>Y a\u00f1adi\u00f3 Bilbao: \u201cEs una situaci\u00f3n indignante, ya que el acusado desde el 13 de enero se encontraba internado all\u00ed porque, conforme surge de la historia cl\u00ednica, hab\u00eda ingresado por una herida de arma blanca producida por un machete a la espera de una intervenci\u00f3n quir\u00fargica\u201d.<\/h3>\n<h3>Entre las evidencias que restan incorporar, Bilbao se\u00f1al\u00f3 la declaraci\u00f3n del personal de seguridad, la extracci\u00f3n de los datos al celular secuestrado y el an\u00e1lisis de las c\u00e1maras para el informe final.<\/h3>\n<h3>Pese al pedido de la defensa para el dictado de medidas de detenci\u00f3n de menor intensidad, el juez interviniente hizo lugar al requerimiento del Ministerio P\u00fablico Fiscal, ordenando su inmediato traslado al servicio penitenciario provincial.<\/h3>\n<h3><\/h3>\n<h3><\/h3>\n<p>&nbsp;<\/p>\n","protected":false},"excerpt":{"rendered":"<p>Las c\u00e1maras de seguridad se convirtieron en los principales enemigos de los que se creen&#8230;<\/p>\n","protected":false},"author":1,"featured_media":28404,"comment_status":"closed","ping_status":"closed","sticky":false,"template":"","format":"standard","meta":{"footnotes":""},"categories":[5],"tags":[],"class_list":["post-28403","post","type-post","status-publish","format-standard","has-post-thumbnail","hentry","category-nacionales-internacionales"],"yoast_head":"<!-- This site is optimized with the Yoast SEO plugin v26.1.1 - https:\/\/yoast.com\/wordpress\/plugins\/seo\/ -->\n<title>ENYESADO Y CON MULETAS, APROVECH\u00d3 QUE ESTABA INTERNADO EN UN HOSPITAL PARA ROBAR EN LA SALA DE ONCOLOG\u00cdA - Apuntes de San Luis<\/title>\n<meta name=\"robots\" content=\"index, follow, max-snippet:-1, max-image-preview:large, max-video-preview:-1\" \/>\n<link rel=\"canonical\" href=\"https:\/\/apuntesdesanluis.com\/index.php\/2025\/01\/29\/enyesado-y-con-muletas-aprovecho-que-estaba-internado-en-un-hospital-para-robar-en-la-sala-de-oncologia\/\" \/>\n<meta property=\"og:locale\" content=\"es_ES\" \/>\n<meta property=\"og:type\" content=\"article\" \/>\n<meta property=\"og:title\" content=\"ENYESADO Y CON MULETAS, APROVECH\u00d3 QUE ESTABA INTERNADO EN UN HOSPITAL PARA ROBAR EN LA SALA DE ONCOLOG\u00cdA - Apuntes de San Luis\" \/>\n<meta property=\"og:description\" content=\"Las c\u00e1maras de seguridad se convirtieron en los principales enemigos de los que se creen...\" \/>\n<meta property=\"og:url\" content=\"https:\/\/apuntesdesanluis.com\/index.php\/2025\/01\/29\/enyesado-y-con-muletas-aprovecho-que-estaba-internado-en-un-hospital-para-robar-en-la-sala-de-oncologia\/\" \/>\n<meta property=\"og:site_name\" content=\"Apuntes de San Luis\" \/>\n<meta property=\"article:published_time\" content=\"2025-01-29T23:23:43+00:00\" \/>\n<meta property=\"og:image\" content=\"https:\/\/apuntesdesanluis.com\/wp-content\/uploads\/2025\/01\/enyesado.png\" \/>\n\t<meta property=\"og:image:width\" content=\"836\" \/>\n\t<meta property=\"og:image:height\" content=\"493\" \/>\n\t<meta property=\"og:image:type\" content=\"image\/png\" \/>\n<meta name=\"author\" content=\"apuntesdesanluis.com\" \/>\n<meta name=\"twitter:card\" content=\"summary_large_image\" \/>\n<meta name=\"twitter:label1\" content=\"Escrito por\" \/>\n\t<meta name=\"twitter:data1\" content=\"apuntesdesanluis.com\" \/>\n\t<meta name=\"twitter:label2\" content=\"Tiempo de lectura\" \/>\n\t<meta name=\"twitter:data2\" content=\"4 minutos\" \/>\n<script type=\"application\/ld+json\" class=\"yoast-schema-graph\">{\"@context\":\"https:\/\/schema.org\",\"@graph\":[{\"@type\":\"Article\",\"@id\":\"https:\/\/apuntesdesanluis.com\/index.php\/2025\/01\/29\/enyesado-y-con-muletas-aprovecho-que-estaba-internado-en-un-hospital-para-robar-en-la-sala-de-oncologia\/#article\",\"isPartOf\":{\"@id\":\"https:\/\/apuntesdesanluis.com\/index.php\/2025\/01\/29\/enyesado-y-con-muletas-aprovecho-que-estaba-internado-en-un-hospital-para-robar-en-la-sala-de-oncologia\/\"},\"author\":{\"name\":\"apuntesdesanluis.com\",\"@id\":\"https:\/\/apuntesdesanluis.com\/#\/schema\/person\/b55151d52296fcce64d1a72538a70b90\"},\"headline\":\"ENYESADO Y CON MULETAS, APROVECH\u00d3 QUE ESTABA INTERNADO EN UN HOSPITAL PARA ROBAR EN LA SALA DE ONCOLOG\u00cdA\",\"datePublished\":\"2025-01-29T23:23:43+00:00\",\"mainEntityOfPage\":{\"@id\":\"https:\/\/apuntesdesanluis.com\/index.php\/2025\/01\/29\/enyesado-y-con-muletas-aprovecho-que-estaba-internado-en-un-hospital-para-robar-en-la-sala-de-oncologia\/\"},\"wordCount\":703,\"publisher\":{\"@id\":\"https:\/\/apuntesdesanluis.com\/#\/schema\/person\/b55151d52296fcce64d1a72538a70b90\"},\"image\":{\"@id\":\"https:\/\/apuntesdesanluis.com\/index.php\/2025\/01\/29\/enyesado-y-con-muletas-aprovecho-que-estaba-internado-en-un-hospital-para-robar-en-la-sala-de-oncologia\/#primaryimage\"},\"thumbnailUrl\":\"https:\/\/apuntesdesanluis.com\/wp-content\/uploads\/2025\/01\/enyesado.png\",\"articleSection\":[\"Nacionales\/Internacionales\"],\"inLanguage\":\"es-AR\"},{\"@type\":\"WebPage\",\"@id\":\"https:\/\/apuntesdesanluis.com\/index.php\/2025\/01\/29\/enyesado-y-con-muletas-aprovecho-que-estaba-internado-en-un-hospital-para-robar-en-la-sala-de-oncologia\/\",\"url\":\"https:\/\/apuntesdesanluis.com\/index.php\/2025\/01\/29\/enyesado-y-con-muletas-aprovecho-que-estaba-internado-en-un-hospital-para-robar-en-la-sala-de-oncologia\/\",\"name\":\"ENYESADO Y CON MULETAS, APROVECH\u00d3 QUE ESTABA INTERNADO EN UN HOSPITAL PARA ROBAR EN LA SALA DE ONCOLOG\u00cdA - Apuntes de San Luis\",\"isPartOf\":{\"@id\":\"https:\/\/apuntesdesanluis.com\/#website\"},\"primaryImageOfPage\":{\"@id\":\"https:\/\/apuntesdesanluis.com\/index.php\/2025\/01\/29\/enyesado-y-con-muletas-aprovecho-que-estaba-internado-en-un-hospital-para-robar-en-la-sala-de-oncologia\/#primaryimage\"},\"image\":{\"@id\":\"https:\/\/apuntesdesanluis.com\/index.php\/2025\/01\/29\/enyesado-y-con-muletas-aprovecho-que-estaba-internado-en-un-hospital-para-robar-en-la-sala-de-oncologia\/#primaryimage\"},\"thumbnailUrl\":\"https:\/\/apuntesdesanluis.com\/wp-content\/uploads\/2025\/01\/enyesado.png\",\"datePublished\":\"2025-01-29T23:23:43+00:00\",\"breadcrumb\":{\"@id\":\"https:\/\/apuntesdesanluis.com\/index.php\/2025\/01\/29\/enyesado-y-con-muletas-aprovecho-que-estaba-internado-en-un-hospital-para-robar-en-la-sala-de-oncologia\/#breadcrumb\"},\"inLanguage\":\"es-AR\",\"potentialAction\":[{\"@type\":\"ReadAction\",\"target\":[\"https:\/\/apuntesdesanluis.com\/index.php\/2025\/01\/29\/enyesado-y-con-muletas-aprovecho-que-estaba-internado-en-un-hospital-para-robar-en-la-sala-de-oncologia\/\"]}]},{\"@type\":\"ImageObject\",\"inLanguage\":\"es-AR\",\"@id\":\"https:\/\/apuntesdesanluis.com\/index.php\/2025\/01\/29\/enyesado-y-con-muletas-aprovecho-que-estaba-internado-en-un-hospital-para-robar-en-la-sala-de-oncologia\/#primaryimage\",\"url\":\"https:\/\/apuntesdesanluis.com\/wp-content\/uploads\/2025\/01\/enyesado.png\",\"contentUrl\":\"https:\/\/apuntesdesanluis.com\/wp-content\/uploads\/2025\/01\/enyesado.png\",\"width\":836,\"height\":493},{\"@type\":\"BreadcrumbList\",\"@id\":\"https:\/\/apuntesdesanluis.com\/index.php\/2025\/01\/29\/enyesado-y-con-muletas-aprovecho-que-estaba-internado-en-un-hospital-para-robar-en-la-sala-de-oncologia\/#breadcrumb\",\"itemListElement\":[{\"@type\":\"ListItem\",\"position\":1,\"name\":\"Inicio\",\"item\":\"https:\/\/apuntesdesanluis.com\/\"},{\"@type\":\"ListItem\",\"position\":2,\"name\":\"ENYESADO Y CON MULETAS, APROVECH\u00d3 QUE ESTABA INTERNADO EN UN HOSPITAL PARA ROBAR EN LA SALA DE ONCOLOG\u00cdA\"}]},{\"@type\":\"WebSite\",\"@id\":\"https:\/\/apuntesdesanluis.com\/#website\",\"url\":\"https:\/\/apuntesdesanluis.com\/\",\"name\":\"Apuntes de San Luis\",\"description\":\"\",\"publisher\":{\"@id\":\"https:\/\/apuntesdesanluis.com\/#\/schema\/person\/b55151d52296fcce64d1a72538a70b90\"},\"potentialAction\":[{\"@type\":\"SearchAction\",\"target\":{\"@type\":\"EntryPoint\",\"urlTemplate\":\"https:\/\/apuntesdesanluis.com\/?s={search_term_string}\"},\"query-input\":{\"@type\":\"PropertyValueSpecification\",\"valueRequired\":true,\"valueName\":\"search_term_string\"}}],\"inLanguage\":\"es-AR\"},{\"@type\":[\"Person\",\"Organization\"],\"@id\":\"https:\/\/apuntesdesanluis.com\/#\/schema\/person\/b55151d52296fcce64d1a72538a70b90\",\"name\":\"apuntesdesanluis.com\",\"image\":{\"@type\":\"ImageObject\",\"inLanguage\":\"es-AR\",\"@id\":\"https:\/\/apuntesdesanluis.com\/#\/schema\/person\/image\/\",\"url\":\"https:\/\/apuntesdesanluis.com\/wp-content\/uploads\/2023\/07\/cropped-apuntesdesanluis.png\",\"contentUrl\":\"https:\/\/apuntesdesanluis.com\/wp-content\/uploads\/2023\/07\/cropped-apuntesdesanluis.png\",\"width\":450,\"height\":112,\"caption\":\"apuntesdesanluis.com\"},\"logo\":{\"@id\":\"https:\/\/apuntesdesanluis.com\/#\/schema\/person\/image\/\"},\"sameAs\":[\"https:\/\/apuntesdesanluis.com\"],\"url\":\"https:\/\/apuntesdesanluis.com\/index.php\/author\/apuntesdesanluis-com\/\"}]}<\/script>\n<!-- \/ Yoast SEO plugin. -->","yoast_head_json":{"title":"ENYESADO Y CON MULETAS, APROVECH\u00d3 QUE ESTABA INTERNADO EN UN HOSPITAL PARA ROBAR EN LA SALA DE ONCOLOG\u00cdA - Apuntes de San Luis","robots":{"index":"index","follow":"follow","max-snippet":"max-snippet:-1","max-image-preview":"max-image-preview:large","max-video-preview":"max-video-preview:-1"},"canonical":"https:\/\/apuntesdesanluis.com\/index.php\/2025\/01\/29\/enyesado-y-con-muletas-aprovecho-que-estaba-internado-en-un-hospital-para-robar-en-la-sala-de-oncologia\/","og_locale":"es_ES","og_type":"article","og_title":"ENYESADO Y CON MULETAS, APROVECH\u00d3 QUE ESTABA INTERNADO EN UN HOSPITAL PARA ROBAR EN LA SALA DE ONCOLOG\u00cdA - Apuntes de San Luis","og_description":"Las c\u00e1maras de seguridad se convirtieron en los principales enemigos de los que se creen...","og_url":"https:\/\/apuntesdesanluis.com\/index.php\/2025\/01\/29\/enyesado-y-con-muletas-aprovecho-que-estaba-internado-en-un-hospital-para-robar-en-la-sala-de-oncologia\/","og_site_name":"Apuntes de San Luis","article_published_time":"2025-01-29T23:23:43+00:00","og_image":[{"width":836,"height":493,"url":"https:\/\/apuntesdesanluis.com\/wp-content\/uploads\/2025\/01\/enyesado.png","type":"image\/png"}],"author":"apuntesdesanluis.com","twitter_card":"summary_large_image","twitter_misc":{"Escrito por":"apuntesdesanluis.com","Tiempo de lectura":"4 minutos"},"schema":{"@context":"https:\/\/schema.org","@graph":[{"@type":"Article","@id":"https:\/\/apuntesdesanluis.com\/index.php\/2025\/01\/29\/enyesado-y-con-muletas-aprovecho-que-estaba-internado-en-un-hospital-para-robar-en-la-sala-de-oncologia\/#article","isPartOf":{"@id":"https:\/\/apuntesdesanluis.com\/index.php\/2025\/01\/29\/enyesado-y-con-muletas-aprovecho-que-estaba-internado-en-un-hospital-para-robar-en-la-sala-de-oncologia\/"},"author":{"name":"apuntesdesanluis.com","@id":"https:\/\/apuntesdesanluis.com\/#\/schema\/person\/b55151d52296fcce64d1a72538a70b90"},"headline":"ENYESADO Y CON MULETAS, APROVECH\u00d3 QUE ESTABA INTERNADO EN UN HOSPITAL PARA ROBAR EN LA SALA DE ONCOLOG\u00cdA","datePublished":"2025-01-29T23:23:43+00:00","mainEntityOfPage":{"@id":"https:\/\/apuntesdesanluis.com\/index.php\/2025\/01\/29\/enyesado-y-con-muletas-aprovecho-que-estaba-internado-en-un-hospital-para-robar-en-la-sala-de-oncologia\/"},"wordCount":703,"publisher":{"@id":"https:\/\/apuntesdesanluis.com\/#\/schema\/person\/b55151d52296fcce64d1a72538a70b90"},"image":{"@id":"https:\/\/apuntesdesanluis.com\/index.php\/2025\/01\/29\/enyesado-y-con-muletas-aprovecho-que-estaba-internado-en-un-hospital-para-robar-en-la-sala-de-oncologia\/#primaryimage"},"thumbnailUrl":"https:\/\/apuntesdesanluis.com\/wp-content\/uploads\/2025\/01\/enyesado.png","articleSection":["Nacionales\/Internacionales"],"inLanguage":"es-AR"},{"@type":"WebPage","@id":"https:\/\/apuntesdesanluis.com\/index.php\/2025\/01\/29\/enyesado-y-con-muletas-aprovecho-que-estaba-internado-en-un-hospital-para-robar-en-la-sala-de-oncologia\/","url":"https:\/\/apuntesdesanluis.com\/index.php\/2025\/01\/29\/enyesado-y-con-muletas-aprovecho-que-estaba-internado-en-un-hospital-para-robar-en-la-sala-de-oncologia\/","name":"ENYESADO Y CON MULETAS, APROVECH\u00d3 QUE ESTABA INTERNADO EN UN HOSPITAL PARA ROBAR EN LA SALA DE ONCOLOG\u00cdA - Apuntes de San Luis","isPartOf":{"@id":"https:\/\/apuntesdesanluis.com\/#website"},"primaryImageOfPage":{"@id":"https:\/\/apuntesdesanluis.com\/index.php\/2025\/01\/29\/enyesado-y-con-muletas-aprovecho-que-estaba-internado-en-un-hospital-para-robar-en-la-sala-de-oncologia\/#primaryimage"},"image":{"@id":"https:\/\/apuntesdesanluis.com\/index.php\/2025\/01\/29\/enyesado-y-con-muletas-aprovecho-que-estaba-internado-en-un-hospital-para-robar-en-la-sala-de-oncologia\/#primaryimage"},"thumbnailUrl":"https:\/\/apuntesdesanluis.com\/wp-content\/uploads\/2025\/01\/enyesado.png","datePublished":"2025-01-29T23:23:43+00:00","breadcrumb":{"@id":"https:\/\/apuntesdesanluis.com\/index.php\/2025\/01\/29\/enyesado-y-con-muletas-aprovecho-que-estaba-internado-en-un-hospital-para-robar-en-la-sala-de-oncologia\/#breadcrumb"},"inLanguage":"es-AR","potentialAction":[{"@type":"ReadAction","target":["https:\/\/apuntesdesanluis.com\/index.php\/2025\/01\/29\/enyesado-y-con-muletas-aprovecho-que-estaba-internado-en-un-hospital-para-robar-en-la-sala-de-oncologia\/"]}]},{"@type":"ImageObject","inLanguage":"es-AR","@id":"https:\/\/apuntesdesanluis.com\/index.php\/2025\/01\/29\/enyesado-y-con-muletas-aprovecho-que-estaba-internado-en-un-hospital-para-robar-en-la-sala-de-oncologia\/#primaryimage","url":"https:\/\/apuntesdesanluis.com\/wp-content\/uploads\/2025\/01\/enyesado.png","contentUrl":"https:\/\/apuntesdesanluis.com\/wp-content\/uploads\/2025\/01\/enyesado.png","width":836,"height":493},{"@type":"BreadcrumbList","@id":"https:\/\/apuntesdesanluis.com\/index.php\/2025\/01\/29\/enyesado-y-con-muletas-aprovecho-que-estaba-internado-en-un-hospital-para-robar-en-la-sala-de-oncologia\/#breadcrumb","itemListElement":[{"@type":"ListItem","position":1,"name":"Inicio","item":"https:\/\/apuntesdesanluis.com\/"},{"@type":"ListItem","position":2,"name":"ENYESADO Y CON MULETAS, APROVECH\u00d3 QUE ESTABA INTERNADO EN UN HOSPITAL PARA ROBAR EN LA SALA DE ONCOLOG\u00cdA"}]},{"@type":"WebSite","@id":"https:\/\/apuntesdesanluis.com\/#website","url":"https:\/\/apuntesdesanluis.com\/","name":"Apuntes de San Luis","description":"","publisher":{"@id":"https:\/\/apuntesdesanluis.com\/#\/schema\/person\/b55151d52296fcce64d1a72538a70b90"},"potentialAction":[{"@type":"SearchAction","target":{"@type":"EntryPoint","urlTemplate":"https:\/\/apuntesdesanluis.com\/?s={search_term_string}"},"query-input":{"@type":"PropertyValueSpecification","valueRequired":true,"valueName":"search_term_string"}}],"inLanguage":"es-AR"},{"@type":["Person","Organization"],"@id":"https:\/\/apuntesdesanluis.com\/#\/schema\/person\/b55151d52296fcce64d1a72538a70b90","name":"apuntesdesanluis.com","image":{"@type":"ImageObject","inLanguage":"es-AR","@id":"https:\/\/apuntesdesanluis.com\/#\/schema\/person\/image\/","url":"https:\/\/apuntesdesanluis.com\/wp-content\/uploads\/2023\/07\/cropped-apuntesdesanluis.png","contentUrl":"https:\/\/apuntesdesanluis.com\/wp-content\/uploads\/2023\/07\/cropped-apuntesdesanluis.png","width":450,"height":112,"caption":"apuntesdesanluis.com"},"logo":{"@id":"https:\/\/apuntesdesanluis.com\/#\/schema\/person\/image\/"},"sameAs":["https:\/\/apuntesdesanluis.com"],"url":"https:\/\/apuntesdesanluis.com\/index.php\/author\/apuntesdesanluis-com\/"}]}},"featured_image_urls":{"full":["https:\/\/apuntesdesanluis.com\/wp-content\/uploads\/2025\/01\/enyesado.png",836,493,false],"thumbnail":["https:\/\/apuntesdesanluis.com\/wp-content\/uploads\/2025\/01\/enyesado-150x150.png",150,150,true],"medium":["https:\/\/apuntesdesanluis.com\/wp-content\/uploads\/2025\/01\/enyesado-300x177.png",300,177,true],"medium_large":["https:\/\/apuntesdesanluis.com\/wp-content\/uploads\/2025\/01\/enyesado-768x453.png",640,378,true],"large":["https:\/\/apuntesdesanluis.com\/wp-content\/uploads\/2025\/01\/enyesado.png",640,377,false],"1536x1536":["https:\/\/apuntesdesanluis.com\/wp-content\/uploads\/2025\/01\/enyesado.png",836,493,false],"2048x2048":["https:\/\/apuntesdesanluis.com\/wp-content\/uploads\/2025\/01\/enyesado.png",836,493,false],"newsever-slider-full":["https:\/\/apuntesdesanluis.com\/wp-content\/uploads\/2025\/01\/enyesado.png",836,493,false],"newsever-featured":["https:\/\/apuntesdesanluis.com\/wp-content\/uploads\/2025\/01\/enyesado.png",836,493,false],"newsever-medium":["https:\/\/apuntesdesanluis.com\/wp-content\/uploads\/2025\/01\/enyesado-720x475.png",720,475,true]},"author_info":{"display_name":"apuntesdesanluis.com","author_link":"https:\/\/apuntesdesanluis.com\/index.php\/author\/apuntesdesanluis-com\/"},"category_info":"<a href=\"https:\/\/apuntesdesanluis.com\/index.php\/category\/nacionales-internacionales\/\" rel=\"category tag\">Nacionales\/Internacionales<\/a>","tag_info":"Nacionales\/Internacionales","comment_count":"0","_links":{"self":[{"href":"https:\/\/apuntesdesanluis.com\/index.php\/wp-json\/wp\/v2\/posts\/28403","targetHints":{"allow":["GET"]}}],"collection":[{"href":"https:\/\/apuntesdesanluis.com\/index.php\/wp-json\/wp\/v2\/posts"}],"about":[{"href":"https:\/\/apuntesdesanluis.com\/index.php\/wp-json\/wp\/v2\/types\/post"}],"author":[{"embeddable":true,"href":"https:\/\/apuntesdesanluis.com\/index.php\/wp-json\/wp\/v2\/users\/1"}],"replies":[{"embeddable":true,"href":"https:\/\/apuntesdesanluis.com\/index.php\/wp-json\/wp\/v2\/comments?post=28403"}],"version-history":[{"count":1,"href":"https:\/\/apuntesdesanluis.com\/index.php\/wp-json\/wp\/v2\/posts\/28403\/revisions"}],"predecessor-version":[{"id":28405,"href":"https:\/\/apuntesdesanluis.com\/index.php\/wp-json\/wp\/v2\/posts\/28403\/revisions\/28405"}],"wp:featuredmedia":[{"embeddable":true,"href":"https:\/\/apuntesdesanluis.com\/index.php\/wp-json\/wp\/v2\/media\/28404"}],"wp:attachment":[{"href":"https:\/\/apuntesdesanluis.com\/index.php\/wp-json\/wp\/v2\/media?parent=28403"}],"wp:term":[{"taxonomy":"category","embeddable":true,"href":"https:\/\/apuntesdesanluis.com\/index.php\/wp-json\/wp\/v2\/categories?post=28403"},{"taxonomy":"post_tag","embeddable":true,"href":"https:\/\/apuntesdesanluis.com\/index.php\/wp-json\/wp\/v2\/tags?post=28403"}],"curies":[{"name":"wp","href":"https:\/\/api.w.org\/{rel}","templated":true}]}}