{"id":28416,"date":"2025-01-30T10:47:15","date_gmt":"2025-01-30T13:47:15","guid":{"rendered":"https:\/\/apuntesdesanluis.com\/?p=28416"},"modified":"2025-01-30T10:47:15","modified_gmt":"2025-01-30T13:47:15","slug":"afloja-un-poco-cristina-kirchner-cruzo-a-javier-milei-por-su-discurso-en-davos","status":"publish","type":"post","link":"https:\/\/apuntesdesanluis.com\/index.php\/2025\/01\/30\/afloja-un-poco-cristina-kirchner-cruzo-a-javier-milei-por-su-discurso-en-davos\/","title":{"rendered":"\u201cAFLOJ\u00c1 UN POCO\u201d: CRISTINA KIRCHNER CRUZ\u00d3 A JAVIER MILEI POR SU DISCURSO EN DAVOS"},"content":{"rendered":"<h3>La expresidenta <strong>Cristina Kirchner<\/strong> cruz\u00f3 al presidente <strong>Javier Milei<\/strong> luego de su intervenci\u00f3n en el Foro Econ\u00f3mico Mundial de Davos, donde el mandatario calific\u00f3 al feminismo, la equidad de g\u00e9nero y el ambientalismo como partes de una &#8220;ideolog\u00eda aberrante&#8221;. A trav\u00e9s de sus redes sociales, la exmandataria lo acus\u00f3 de alejarse de los principios del liberalismo y de promover discursos de odio.<\/h3>\n<h3>&#8220;Che Milei\u2026 \u00bfC\u00f3mo era ese verso que recit\u00e1s cuando quer\u00e9s explicar qu\u00e9 es el \u2018libertarismo\u2019?&#8221;, ironiz\u00f3 Cristina, aludiendo a las referencias del presidente al economista Alberto Benegas Lynch (h). \u201cSe ve que era pura sanata, porque en este Davos 2025 solo te dedicaste a insultar, atacar y difamar a mujeres y homosexuales\u201d, agreg\u00f3.<\/h3>\n<h3>En su extenso mensaje, la exmandataria puso en duda la coherencia ideol\u00f3gica del discurso de Milei y lo se\u00f1al\u00f3 por su postura cambiante respecto al libre mercado. En ese sentido, sostuvo que si el presidente hubiera repetido sus declaraciones de 2024 en favor de la desregulaci\u00f3n econ\u00f3mica, habr\u00eda quedado &#8220;offside&#8221; ante el expresidente de Estados Unidos Donald Trump, quien anunci\u00f3 nuevas barreras comerciales.<\/h3>\n<h3><img fetchpriority=\"high\" decoding=\"async\" class=\"wp-image-28417 aligncenter\" src=\"https:\/\/apuntesdesanluis.com\/wp-content\/uploads\/2025\/01\/cristina-134x300.png\" alt=\"\" width=\"380\" height=\"851\" srcset=\"https:\/\/apuntesdesanluis.com\/wp-content\/uploads\/2025\/01\/cristina-134x300.png 134w, https:\/\/apuntesdesanluis.com\/wp-content\/uploads\/2025\/01\/cristina.png 350w\" sizes=\"(max-width: 380px) 100vw, 380px\" \/><\/h3>\n<h3>Durante su exposici\u00f3n en Davos, Milei sostuvo que el mundo debe &#8220;eliminar el virus de la ideolog\u00eda woke&#8221;, a la que calific\u00f3 como &#8220;el c\u00e1ncer que hay que extirpar&#8221;. En su presentaci\u00f3n, el presidente cuestion\u00f3 el feminismo, la equidad de g\u00e9nero, el ambientalismo y la inmigraci\u00f3n, asegurando que son &#8220;herramientas para justificar el avance del Estado&#8221;.<\/h3>\n<p>&nbsp;<\/p>\n<p>&nbsp;<\/p>\n<p>&nbsp;<\/p>\n<p>&nbsp;<\/p>\n<p>&nbsp;<\/p>\n<p>&nbsp;<\/p>\n","protected":false},"excerpt":{"rendered":"<p>La expresidenta Cristina Kirchner cruz\u00f3 al presidente Javier Milei luego de su intervenci\u00f3n en el&#8230;<\/p>\n","protected":false},"author":1,"featured_media":28418,"comment_status":"closed","ping_status":"closed","sticky":false,"template":"","format":"standard","meta":{"footnotes":""},"categories":[5],"tags":[],"class_list":["post-28416","post","type-post","status-publish","format-standard","has-post-thumbnail","hentry","category-nacionales-internacionales"],"yoast_head":"<!-- This site is optimized with the Yoast SEO plugin v26.1.1 - https:\/\/yoast.com\/wordpress\/plugins\/seo\/ -->\n<title>\u201cAFLOJ\u00c1 UN POCO\u201d: CRISTINA KIRCHNER CRUZ\u00d3 A JAVIER MILEI POR SU DISCURSO EN DAVOS - Apuntes de San Luis<\/title>\n<meta name=\"robots\" content=\"index, follow, max-snippet:-1, max-image-preview:large, max-video-preview:-1\" \/>\n<link rel=\"canonical\" href=\"https:\/\/apuntesdesanluis.com\/index.php\/2025\/01\/30\/afloja-un-poco-cristina-kirchner-cruzo-a-javier-milei-por-su-discurso-en-davos\/\" \/>\n<meta property=\"og:locale\" content=\"es_ES\" \/>\n<meta property=\"og:type\" content=\"article\" \/>\n<meta property=\"og:title\" content=\"\u201cAFLOJ\u00c1 UN POCO\u201d: CRISTINA KIRCHNER CRUZ\u00d3 A JAVIER MILEI POR SU DISCURSO EN DAVOS - Apuntes de San Luis\" \/>\n<meta property=\"og:description\" content=\"La expresidenta Cristina Kirchner cruz\u00f3 al presidente Javier Milei luego de su intervenci\u00f3n en el...\" \/>\n<meta property=\"og:url\" content=\"https:\/\/apuntesdesanluis.com\/index.php\/2025\/01\/30\/afloja-un-poco-cristina-kirchner-cruzo-a-javier-milei-por-su-discurso-en-davos\/\" \/>\n<meta property=\"og:site_name\" content=\"Apuntes de San Luis\" \/>\n<meta property=\"article:published_time\" content=\"2025-01-30T13:47:15+00:00\" \/>\n<meta property=\"og:image\" content=\"https:\/\/apuntesdesanluis.com\/wp-content\/uploads\/2025\/01\/CRISTINA-Y-MILEI.png\" \/>\n\t<meta property=\"og:image:width\" content=\"773\" \/>\n\t<meta property=\"og:image:height\" content=\"523\" \/>\n\t<meta property=\"og:image:type\" content=\"image\/png\" \/>\n<meta name=\"author\" content=\"apuntesdesanluis.com\" \/>\n<meta name=\"twitter:card\" content=\"summary_large_image\" \/>\n<meta name=\"twitter:label1\" content=\"Escrito por\" \/>\n\t<meta name=\"twitter:data1\" content=\"apuntesdesanluis.com\" \/>\n\t<meta name=\"twitter:label2\" content=\"Tiempo de lectura\" \/>\n\t<meta name=\"twitter:data2\" content=\"2 minutos\" \/>\n<script type=\"application\/ld+json\" class=\"yoast-schema-graph\">{\"@context\":\"https:\/\/schema.org\",\"@graph\":[{\"@type\":\"Article\",\"@id\":\"https:\/\/apuntesdesanluis.com\/index.php\/2025\/01\/30\/afloja-un-poco-cristina-kirchner-cruzo-a-javier-milei-por-su-discurso-en-davos\/#article\",\"isPartOf\":{\"@id\":\"https:\/\/apuntesdesanluis.com\/index.php\/2025\/01\/30\/afloja-un-poco-cristina-kirchner-cruzo-a-javier-milei-por-su-discurso-en-davos\/\"},\"author\":{\"name\":\"apuntesdesanluis.com\",\"@id\":\"https:\/\/apuntesdesanluis.com\/#\/schema\/person\/b55151d52296fcce64d1a72538a70b90\"},\"headline\":\"\u201cAFLOJ\u00c1 UN POCO\u201d: CRISTINA KIRCHNER CRUZ\u00d3 A JAVIER MILEI POR SU DISCURSO EN DAVOS\",\"datePublished\":\"2025-01-30T13:47:15+00:00\",\"mainEntityOfPage\":{\"@id\":\"https:\/\/apuntesdesanluis.com\/index.php\/2025\/01\/30\/afloja-un-poco-cristina-kirchner-cruzo-a-javier-milei-por-su-discurso-en-davos\/\"},\"wordCount\":271,\"publisher\":{\"@id\":\"https:\/\/apuntesdesanluis.com\/#\/schema\/person\/b55151d52296fcce64d1a72538a70b90\"},\"image\":{\"@id\":\"https:\/\/apuntesdesanluis.com\/index.php\/2025\/01\/30\/afloja-un-poco-cristina-kirchner-cruzo-a-javier-milei-por-su-discurso-en-davos\/#primaryimage\"},\"thumbnailUrl\":\"https:\/\/apuntesdesanluis.com\/wp-content\/uploads\/2025\/01\/CRISTINA-Y-MILEI.png\",\"articleSection\":[\"Nacionales\/Internacionales\"],\"inLanguage\":\"es-AR\"},{\"@type\":\"WebPage\",\"@id\":\"https:\/\/apuntesdesanluis.com\/index.php\/2025\/01\/30\/afloja-un-poco-cristina-kirchner-cruzo-a-javier-milei-por-su-discurso-en-davos\/\",\"url\":\"https:\/\/apuntesdesanluis.com\/index.php\/2025\/01\/30\/afloja-un-poco-cristina-kirchner-cruzo-a-javier-milei-por-su-discurso-en-davos\/\",\"name\":\"\u201cAFLOJ\u00c1 UN POCO\u201d: CRISTINA KIRCHNER CRUZ\u00d3 A JAVIER MILEI POR SU DISCURSO EN DAVOS - Apuntes de San Luis\",\"isPartOf\":{\"@id\":\"https:\/\/apuntesdesanluis.com\/#website\"},\"primaryImageOfPage\":{\"@id\":\"https:\/\/apuntesdesanluis.com\/index.php\/2025\/01\/30\/afloja-un-poco-cristina-kirchner-cruzo-a-javier-milei-por-su-discurso-en-davos\/#primaryimage\"},\"image\":{\"@id\":\"https:\/\/apuntesdesanluis.com\/index.php\/2025\/01\/30\/afloja-un-poco-cristina-kirchner-cruzo-a-javier-milei-por-su-discurso-en-davos\/#primaryimage\"},\"thumbnailUrl\":\"https:\/\/apuntesdesanluis.com\/wp-content\/uploads\/2025\/01\/CRISTINA-Y-MILEI.png\",\"datePublished\":\"2025-01-30T13:47:15+00:00\",\"breadcrumb\":{\"@id\":\"https:\/\/apuntesdesanluis.com\/index.php\/2025\/01\/30\/afloja-un-poco-cristina-kirchner-cruzo-a-javier-milei-por-su-discurso-en-davos\/#breadcrumb\"},\"inLanguage\":\"es-AR\",\"potentialAction\":[{\"@type\":\"ReadAction\",\"target\":[\"https:\/\/apuntesdesanluis.com\/index.php\/2025\/01\/30\/afloja-un-poco-cristina-kirchner-cruzo-a-javier-milei-por-su-discurso-en-davos\/\"]}]},{\"@type\":\"ImageObject\",\"inLanguage\":\"es-AR\",\"@id\":\"https:\/\/apuntesdesanluis.com\/index.php\/2025\/01\/30\/afloja-un-poco-cristina-kirchner-cruzo-a-javier-milei-por-su-discurso-en-davos\/#primaryimage\",\"url\":\"https:\/\/apuntesdesanluis.com\/wp-content\/uploads\/2025\/01\/CRISTINA-Y-MILEI.png\",\"contentUrl\":\"https:\/\/apuntesdesanluis.com\/wp-content\/uploads\/2025\/01\/CRISTINA-Y-MILEI.png\",\"width\":773,\"height\":523},{\"@type\":\"BreadcrumbList\",\"@id\":\"https:\/\/apuntesdesanluis.com\/index.php\/2025\/01\/30\/afloja-un-poco-cristina-kirchner-cruzo-a-javier-milei-por-su-discurso-en-davos\/#breadcrumb\",\"itemListElement\":[{\"@type\":\"ListItem\",\"position\":1,\"name\":\"Inicio\",\"item\":\"https:\/\/apuntesdesanluis.com\/\"},{\"@type\":\"ListItem\",\"position\":2,\"name\":\"\u201cAFLOJ\u00c1 UN POCO\u201d: CRISTINA KIRCHNER CRUZ\u00d3 A JAVIER MILEI POR SU DISCURSO EN DAVOS\"}]},{\"@type\":\"WebSite\",\"@id\":\"https:\/\/apuntesdesanluis.com\/#website\",\"url\":\"https:\/\/apuntesdesanluis.com\/\",\"name\":\"Apuntes de San Luis\",\"description\":\"\",\"publisher\":{\"@id\":\"https:\/\/apuntesdesanluis.com\/#\/schema\/person\/b55151d52296fcce64d1a72538a70b90\"},\"potentialAction\":[{\"@type\":\"SearchAction\",\"target\":{\"@type\":\"EntryPoint\",\"urlTemplate\":\"https:\/\/apuntesdesanluis.com\/?s={search_term_string}\"},\"query-input\":{\"@type\":\"PropertyValueSpecification\",\"valueRequired\":true,\"valueName\":\"search_term_string\"}}],\"inLanguage\":\"es-AR\"},{\"@type\":[\"Person\",\"Organization\"],\"@id\":\"https:\/\/apuntesdesanluis.com\/#\/schema\/person\/b55151d52296fcce64d1a72538a70b90\",\"name\":\"apuntesdesanluis.com\",\"image\":{\"@type\":\"ImageObject\",\"inLanguage\":\"es-AR\",\"@id\":\"https:\/\/apuntesdesanluis.com\/#\/schema\/person\/image\/\",\"url\":\"https:\/\/apuntesdesanluis.com\/wp-content\/uploads\/2023\/07\/cropped-apuntesdesanluis.png\",\"contentUrl\":\"https:\/\/apuntesdesanluis.com\/wp-content\/uploads\/2023\/07\/cropped-apuntesdesanluis.png\",\"width\":450,\"height\":112,\"caption\":\"apuntesdesanluis.com\"},\"logo\":{\"@id\":\"https:\/\/apuntesdesanluis.com\/#\/schema\/person\/image\/\"},\"sameAs\":[\"https:\/\/apuntesdesanluis.com\"],\"url\":\"https:\/\/apuntesdesanluis.com\/index.php\/author\/apuntesdesanluis-com\/\"}]}<\/script>\n<!-- \/ Yoast SEO plugin. -->","yoast_head_json":{"title":"\u201cAFLOJ\u00c1 UN POCO\u201d: CRISTINA KIRCHNER CRUZ\u00d3 A JAVIER MILEI POR SU DISCURSO EN DAVOS - Apuntes de San Luis","robots":{"index":"index","follow":"follow","max-snippet":"max-snippet:-1","max-image-preview":"max-image-preview:large","max-video-preview":"max-video-preview:-1"},"canonical":"https:\/\/apuntesdesanluis.com\/index.php\/2025\/01\/30\/afloja-un-poco-cristina-kirchner-cruzo-a-javier-milei-por-su-discurso-en-davos\/","og_locale":"es_ES","og_type":"article","og_title":"\u201cAFLOJ\u00c1 UN POCO\u201d: CRISTINA KIRCHNER CRUZ\u00d3 A JAVIER MILEI POR SU DISCURSO EN DAVOS - Apuntes de San Luis","og_description":"La expresidenta Cristina Kirchner cruz\u00f3 al presidente Javier Milei luego de su intervenci\u00f3n en el...","og_url":"https:\/\/apuntesdesanluis.com\/index.php\/2025\/01\/30\/afloja-un-poco-cristina-kirchner-cruzo-a-javier-milei-por-su-discurso-en-davos\/","og_site_name":"Apuntes de San Luis","article_published_time":"2025-01-30T13:47:15+00:00","og_image":[{"width":773,"height":523,"url":"https:\/\/apuntesdesanluis.com\/wp-content\/uploads\/2025\/01\/CRISTINA-Y-MILEI.png","type":"image\/png"}],"author":"apuntesdesanluis.com","twitter_card":"summary_large_image","twitter_misc":{"Escrito por":"apuntesdesanluis.com","Tiempo de lectura":"2 minutos"},"schema":{"@context":"https:\/\/schema.org","@graph":[{"@type":"Article","@id":"https:\/\/apuntesdesanluis.com\/index.php\/2025\/01\/30\/afloja-un-poco-cristina-kirchner-cruzo-a-javier-milei-por-su-discurso-en-davos\/#article","isPartOf":{"@id":"https:\/\/apuntesdesanluis.com\/index.php\/2025\/01\/30\/afloja-un-poco-cristina-kirchner-cruzo-a-javier-milei-por-su-discurso-en-davos\/"},"author":{"name":"apuntesdesanluis.com","@id":"https:\/\/apuntesdesanluis.com\/#\/schema\/person\/b55151d52296fcce64d1a72538a70b90"},"headline":"\u201cAFLOJ\u00c1 UN POCO\u201d: CRISTINA KIRCHNER CRUZ\u00d3 A JAVIER MILEI POR SU DISCURSO EN DAVOS","datePublished":"2025-01-30T13:47:15+00:00","mainEntityOfPage":{"@id":"https:\/\/apuntesdesanluis.com\/index.php\/2025\/01\/30\/afloja-un-poco-cristina-kirchner-cruzo-a-javier-milei-por-su-discurso-en-davos\/"},"wordCount":271,"publisher":{"@id":"https:\/\/apuntesdesanluis.com\/#\/schema\/person\/b55151d52296fcce64d1a72538a70b90"},"image":{"@id":"https:\/\/apuntesdesanluis.com\/index.php\/2025\/01\/30\/afloja-un-poco-cristina-kirchner-cruzo-a-javier-milei-por-su-discurso-en-davos\/#primaryimage"},"thumbnailUrl":"https:\/\/apuntesdesanluis.com\/wp-content\/uploads\/2025\/01\/CRISTINA-Y-MILEI.png","articleSection":["Nacionales\/Internacionales"],"inLanguage":"es-AR"},{"@type":"WebPage","@id":"https:\/\/apuntesdesanluis.com\/index.php\/2025\/01\/30\/afloja-un-poco-cristina-kirchner-cruzo-a-javier-milei-por-su-discurso-en-davos\/","url":"https:\/\/apuntesdesanluis.com\/index.php\/2025\/01\/30\/afloja-un-poco-cristina-kirchner-cruzo-a-javier-milei-por-su-discurso-en-davos\/","name":"\u201cAFLOJ\u00c1 UN POCO\u201d: CRISTINA KIRCHNER CRUZ\u00d3 A JAVIER MILEI POR SU DISCURSO EN DAVOS - Apuntes de San Luis","isPartOf":{"@id":"https:\/\/apuntesdesanluis.com\/#website"},"primaryImageOfPage":{"@id":"https:\/\/apuntesdesanluis.com\/index.php\/2025\/01\/30\/afloja-un-poco-cristina-kirchner-cruzo-a-javier-milei-por-su-discurso-en-davos\/#primaryimage"},"image":{"@id":"https:\/\/apuntesdesanluis.com\/index.php\/2025\/01\/30\/afloja-un-poco-cristina-kirchner-cruzo-a-javier-milei-por-su-discurso-en-davos\/#primaryimage"},"thumbnailUrl":"https:\/\/apuntesdesanluis.com\/wp-content\/uploads\/2025\/01\/CRISTINA-Y-MILEI.png","datePublished":"2025-01-30T13:47:15+00:00","breadcrumb":{"@id":"https:\/\/apuntesdesanluis.com\/index.php\/2025\/01\/30\/afloja-un-poco-cristina-kirchner-cruzo-a-javier-milei-por-su-discurso-en-davos\/#breadcrumb"},"inLanguage":"es-AR","potentialAction":[{"@type":"ReadAction","target":["https:\/\/apuntesdesanluis.com\/index.php\/2025\/01\/30\/afloja-un-poco-cristina-kirchner-cruzo-a-javier-milei-por-su-discurso-en-davos\/"]}]},{"@type":"ImageObject","inLanguage":"es-AR","@id":"https:\/\/apuntesdesanluis.com\/index.php\/2025\/01\/30\/afloja-un-poco-cristina-kirchner-cruzo-a-javier-milei-por-su-discurso-en-davos\/#primaryimage","url":"https:\/\/apuntesdesanluis.com\/wp-content\/uploads\/2025\/01\/CRISTINA-Y-MILEI.png","contentUrl":"https:\/\/apuntesdesanluis.com\/wp-content\/uploads\/2025\/01\/CRISTINA-Y-MILEI.png","width":773,"height":523},{"@type":"BreadcrumbList","@id":"https:\/\/apuntesdesanluis.com\/index.php\/2025\/01\/30\/afloja-un-poco-cristina-kirchner-cruzo-a-javier-milei-por-su-discurso-en-davos\/#breadcrumb","itemListElement":[{"@type":"ListItem","position":1,"name":"Inicio","item":"https:\/\/apuntesdesanluis.com\/"},{"@type":"ListItem","position":2,"name":"\u201cAFLOJ\u00c1 UN POCO\u201d: CRISTINA KIRCHNER CRUZ\u00d3 A JAVIER MILEI POR SU DISCURSO EN DAVOS"}]},{"@type":"WebSite","@id":"https:\/\/apuntesdesanluis.com\/#website","url":"https:\/\/apuntesdesanluis.com\/","name":"Apuntes de San Luis","description":"","publisher":{"@id":"https:\/\/apuntesdesanluis.com\/#\/schema\/person\/b55151d52296fcce64d1a72538a70b90"},"potentialAction":[{"@type":"SearchAction","target":{"@type":"EntryPoint","urlTemplate":"https:\/\/apuntesdesanluis.com\/?s={search_term_string}"},"query-input":{"@type":"PropertyValueSpecification","valueRequired":true,"valueName":"search_term_string"}}],"inLanguage":"es-AR"},{"@type":["Person","Organization"],"@id":"https:\/\/apuntesdesanluis.com\/#\/schema\/person\/b55151d52296fcce64d1a72538a70b90","name":"apuntesdesanluis.com","image":{"@type":"ImageObject","inLanguage":"es-AR","@id":"https:\/\/apuntesdesanluis.com\/#\/schema\/person\/image\/","url":"https:\/\/apuntesdesanluis.com\/wp-content\/uploads\/2023\/07\/cropped-apuntesdesanluis.png","contentUrl":"https:\/\/apuntesdesanluis.com\/wp-content\/uploads\/2023\/07\/cropped-apuntesdesanluis.png","width":450,"height":112,"caption":"apuntesdesanluis.com"},"logo":{"@id":"https:\/\/apuntesdesanluis.com\/#\/schema\/person\/image\/"},"sameAs":["https:\/\/apuntesdesanluis.com"],"url":"https:\/\/apuntesdesanluis.com\/index.php\/author\/apuntesdesanluis-com\/"}]}},"featured_image_urls":{"full":["https:\/\/apuntesdesanluis.com\/wp-content\/uploads\/2025\/01\/CRISTINA-Y-MILEI.png",773,523,false],"thumbnail":["https:\/\/apuntesdesanluis.com\/wp-content\/uploads\/2025\/01\/CRISTINA-Y-MILEI-150x150.png",150,150,true],"medium":["https:\/\/apuntesdesanluis.com\/wp-content\/uploads\/2025\/01\/CRISTINA-Y-MILEI-300x203.png",300,203,true],"medium_large":["https:\/\/apuntesdesanluis.com\/wp-content\/uploads\/2025\/01\/CRISTINA-Y-MILEI-768x520.png",640,433,true],"large":["https:\/\/apuntesdesanluis.com\/wp-content\/uploads\/2025\/01\/CRISTINA-Y-MILEI.png",640,433,false],"1536x1536":["https:\/\/apuntesdesanluis.com\/wp-content\/uploads\/2025\/01\/CRISTINA-Y-MILEI.png",773,523,false],"2048x2048":["https:\/\/apuntesdesanluis.com\/wp-content\/uploads\/2025\/01\/CRISTINA-Y-MILEI.png",773,523,false],"newsever-slider-full":["https:\/\/apuntesdesanluis.com\/wp-content\/uploads\/2025\/01\/CRISTINA-Y-MILEI.png",773,523,false],"newsever-featured":["https:\/\/apuntesdesanluis.com\/wp-content\/uploads\/2025\/01\/CRISTINA-Y-MILEI.png",773,523,false],"newsever-medium":["https:\/\/apuntesdesanluis.com\/wp-content\/uploads\/2025\/01\/CRISTINA-Y-MILEI-720x475.png",720,475,true]},"author_info":{"display_name":"apuntesdesanluis.com","author_link":"https:\/\/apuntesdesanluis.com\/index.php\/author\/apuntesdesanluis-com\/"},"category_info":"<a href=\"https:\/\/apuntesdesanluis.com\/index.php\/category\/nacionales-internacionales\/\" rel=\"category tag\">Nacionales\/Internacionales<\/a>","tag_info":"Nacionales\/Internacionales","comment_count":"0","_links":{"self":[{"href":"https:\/\/apuntesdesanluis.com\/index.php\/wp-json\/wp\/v2\/posts\/28416","targetHints":{"allow":["GET"]}}],"collection":[{"href":"https:\/\/apuntesdesanluis.com\/index.php\/wp-json\/wp\/v2\/posts"}],"about":[{"href":"https:\/\/apuntesdesanluis.com\/index.php\/wp-json\/wp\/v2\/types\/post"}],"author":[{"embeddable":true,"href":"https:\/\/apuntesdesanluis.com\/index.php\/wp-json\/wp\/v2\/users\/1"}],"replies":[{"embeddable":true,"href":"https:\/\/apuntesdesanluis.com\/index.php\/wp-json\/wp\/v2\/comments?post=28416"}],"version-history":[{"count":1,"href":"https:\/\/apuntesdesanluis.com\/index.php\/wp-json\/wp\/v2\/posts\/28416\/revisions"}],"predecessor-version":[{"id":28419,"href":"https:\/\/apuntesdesanluis.com\/index.php\/wp-json\/wp\/v2\/posts\/28416\/revisions\/28419"}],"wp:featuredmedia":[{"embeddable":true,"href":"https:\/\/apuntesdesanluis.com\/index.php\/wp-json\/wp\/v2\/media\/28418"}],"wp:attachment":[{"href":"https:\/\/apuntesdesanluis.com\/index.php\/wp-json\/wp\/v2\/media?parent=28416"}],"wp:term":[{"taxonomy":"category","embeddable":true,"href":"https:\/\/apuntesdesanluis.com\/index.php\/wp-json\/wp\/v2\/categories?post=28416"},{"taxonomy":"post_tag","embeddable":true,"href":"https:\/\/apuntesdesanluis.com\/index.php\/wp-json\/wp\/v2\/tags?post=28416"}],"curies":[{"name":"wp","href":"https:\/\/api.w.org\/{rel}","templated":true}]}}