{"id":28420,"date":"2025-01-30T10:58:57","date_gmt":"2025-01-30T13:58:57","guid":{"rendered":"https:\/\/apuntesdesanluis.com\/?p=28420"},"modified":"2025-01-30T10:58:57","modified_gmt":"2025-01-30T13:58:57","slug":"la-cgt-se-reunio-con-organismos-de-derechos-humanos-y-se-comprometio-a-participar-de-la-marcha-antifacista","status":"publish","type":"post","link":"https:\/\/apuntesdesanluis.com\/index.php\/2025\/01\/30\/la-cgt-se-reunio-con-organismos-de-derechos-humanos-y-se-comprometio-a-participar-de-la-marcha-antifacista\/","title":{"rendered":"LA CGT SE REUNI\u00d3 CON ORGANISMOS DE DERECHOS HUMANOS Y SE COMPROMETI\u00d3 A PARTICIPAR DE LA MARCHA ANTIFACISTA"},"content":{"rendered":"<h3>La <strong>CGT<\/strong> se comprometi\u00f3 ante <strong>Taty Almeida<\/strong> y representantes de otros organismos de derechos humanos a participar de la <strong>Marcha federal antifascista y antiracista del pr\u00f3ximo s\u00e1bado<\/strong>, que confluir\u00e1 en la Plaza de Mayo y se avizora masiva frente a la avanzada del gobierno de <strong>Javier Milei<\/strong>.<\/h3>\n<h3>&#8220;Fue una reunion muy importante y muy alentadora. Tenemos que estar m\u00e1s unidos que nunca&#8221;, dijo la presidenta de Madres de Plaza de Mayo L\u00ednea Fundadora, que es una de las asociaciones que participa junto con Abuelas, H.I.J.O.S, Familiares de Desaparecidos y Detenidos por Razones Pol\u00edticas, el CELS y Nietes, entre otras. Adem\u00e1s, la central obrera confirm\u00f3 la convocatoria conjunta a la movilizaci\u00f3n del pr\u00f3ximo 24 de marzo en homenaje a las v\u00edctimas de la \u00faltima dictadura c\u00edvico militar.<\/h3>\n<h3>\u201cNo estamos dispuestos a aceptar retrocesos en nuestros consensos democr\u00e1ticos\u201d, asegur\u00f3 la secretaria de Derechos Humanos, Maia Volcovinsky. Los organismos solicitaron a los gremios apoyo para frenar el desmantelamiento de los espacios de memoria.<\/h3>\n<h3>La reuni\u00f3n fue solicitada por Almeida y los organismos frente a las pol\u00edticas de ajuste y vaciamiento que el gobierno de Milei y Victoria Villarruel lanz\u00f3 sobre la Secretar\u00eda de Derechos Humanos y, en especial, las pol\u00edticas p\u00fablicas de Memoria, Verdad y Justicia: despidos masivos, archivos sin tutela, espacios de memoria sin trabajadores, espacios de cultura cerrados, sistemas de querellas judiciales diezmados. A eso se le sumaron los discursos de odio desplegados por el Presidente e integrantes de su Gabinete en redes sociales, medios de comunicaci\u00f3n y en la cumbre de Davos contra \u201czurdos\u201d, mujeres y diversidades sexuales.<\/h3>\n<p>&nbsp;<\/p>\n<p>&nbsp;<\/p>\n<p>&nbsp;<\/p>\n","protected":false},"excerpt":{"rendered":"<p>La CGT se comprometi\u00f3 ante Taty Almeida y representantes de otros organismos de derechos humanos&#8230;<\/p>\n","protected":false},"author":1,"featured_media":28421,"comment_status":"closed","ping_status":"closed","sticky":false,"template":"","format":"standard","meta":{"footnotes":""},"categories":[5],"tags":[],"class_list":["post-28420","post","type-post","status-publish","format-standard","has-post-thumbnail","hentry","category-nacionales-internacionales"],"yoast_head":"<!-- This site is optimized with the Yoast SEO plugin v26.1.1 - https:\/\/yoast.com\/wordpress\/plugins\/seo\/ -->\n<title>LA CGT SE REUNI\u00d3 CON ORGANISMOS DE DERECHOS HUMANOS Y SE COMPROMETI\u00d3 A PARTICIPAR DE LA MARCHA ANTIFACISTA - Apuntes de San Luis<\/title>\n<meta name=\"robots\" content=\"index, follow, max-snippet:-1, max-image-preview:large, max-video-preview:-1\" \/>\n<link rel=\"canonical\" href=\"https:\/\/apuntesdesanluis.com\/index.php\/2025\/01\/30\/la-cgt-se-reunio-con-organismos-de-derechos-humanos-y-se-comprometio-a-participar-de-la-marcha-antifacista\/\" \/>\n<meta property=\"og:locale\" content=\"es_ES\" \/>\n<meta property=\"og:type\" content=\"article\" \/>\n<meta property=\"og:title\" content=\"LA CGT SE REUNI\u00d3 CON ORGANISMOS DE DERECHOS HUMANOS Y SE COMPROMETI\u00d3 A PARTICIPAR DE LA MARCHA ANTIFACISTA - Apuntes de San Luis\" \/>\n<meta property=\"og:description\" content=\"La CGT se comprometi\u00f3 ante Taty Almeida y representantes de otros organismos de derechos humanos...\" \/>\n<meta property=\"og:url\" content=\"https:\/\/apuntesdesanluis.com\/index.php\/2025\/01\/30\/la-cgt-se-reunio-con-organismos-de-derechos-humanos-y-se-comprometio-a-participar-de-la-marcha-antifacista\/\" \/>\n<meta property=\"og:site_name\" content=\"Apuntes de San Luis\" \/>\n<meta property=\"article:published_time\" content=\"2025-01-30T13:58:57+00:00\" \/>\n<meta property=\"og:image\" content=\"https:\/\/apuntesdesanluis.com\/wp-content\/uploads\/2025\/01\/MADRES-Y-CGT.png\" \/>\n\t<meta property=\"og:image:width\" content=\"772\" \/>\n\t<meta property=\"og:image:height\" content=\"520\" \/>\n\t<meta property=\"og:image:type\" content=\"image\/png\" \/>\n<meta name=\"author\" content=\"apuntesdesanluis.com\" \/>\n<meta name=\"twitter:card\" content=\"summary_large_image\" \/>\n<meta name=\"twitter:label1\" content=\"Escrito por\" \/>\n\t<meta name=\"twitter:data1\" content=\"apuntesdesanluis.com\" \/>\n\t<meta name=\"twitter:label2\" content=\"Tiempo de lectura\" \/>\n\t<meta name=\"twitter:data2\" content=\"2 minutos\" \/>\n<script type=\"application\/ld+json\" class=\"yoast-schema-graph\">{\"@context\":\"https:\/\/schema.org\",\"@graph\":[{\"@type\":\"Article\",\"@id\":\"https:\/\/apuntesdesanluis.com\/index.php\/2025\/01\/30\/la-cgt-se-reunio-con-organismos-de-derechos-humanos-y-se-comprometio-a-participar-de-la-marcha-antifacista\/#article\",\"isPartOf\":{\"@id\":\"https:\/\/apuntesdesanluis.com\/index.php\/2025\/01\/30\/la-cgt-se-reunio-con-organismos-de-derechos-humanos-y-se-comprometio-a-participar-de-la-marcha-antifacista\/\"},\"author\":{\"name\":\"apuntesdesanluis.com\",\"@id\":\"https:\/\/apuntesdesanluis.com\/#\/schema\/person\/b55151d52296fcce64d1a72538a70b90\"},\"headline\":\"LA CGT SE REUNI\u00d3 CON ORGANISMOS DE DERECHOS HUMANOS Y SE COMPROMETI\u00d3 A PARTICIPAR DE LA MARCHA ANTIFACISTA\",\"datePublished\":\"2025-01-30T13:58:57+00:00\",\"mainEntityOfPage\":{\"@id\":\"https:\/\/apuntesdesanluis.com\/index.php\/2025\/01\/30\/la-cgt-se-reunio-con-organismos-de-derechos-humanos-y-se-comprometio-a-participar-de-la-marcha-antifacista\/\"},\"wordCount\":299,\"publisher\":{\"@id\":\"https:\/\/apuntesdesanluis.com\/#\/schema\/person\/b55151d52296fcce64d1a72538a70b90\"},\"image\":{\"@id\":\"https:\/\/apuntesdesanluis.com\/index.php\/2025\/01\/30\/la-cgt-se-reunio-con-organismos-de-derechos-humanos-y-se-comprometio-a-participar-de-la-marcha-antifacista\/#primaryimage\"},\"thumbnailUrl\":\"https:\/\/apuntesdesanluis.com\/wp-content\/uploads\/2025\/01\/MADRES-Y-CGT.png\",\"articleSection\":[\"Nacionales\/Internacionales\"],\"inLanguage\":\"es-AR\"},{\"@type\":\"WebPage\",\"@id\":\"https:\/\/apuntesdesanluis.com\/index.php\/2025\/01\/30\/la-cgt-se-reunio-con-organismos-de-derechos-humanos-y-se-comprometio-a-participar-de-la-marcha-antifacista\/\",\"url\":\"https:\/\/apuntesdesanluis.com\/index.php\/2025\/01\/30\/la-cgt-se-reunio-con-organismos-de-derechos-humanos-y-se-comprometio-a-participar-de-la-marcha-antifacista\/\",\"name\":\"LA CGT SE REUNI\u00d3 CON ORGANISMOS DE DERECHOS HUMANOS Y SE COMPROMETI\u00d3 A PARTICIPAR DE LA MARCHA ANTIFACISTA - Apuntes de San Luis\",\"isPartOf\":{\"@id\":\"https:\/\/apuntesdesanluis.com\/#website\"},\"primaryImageOfPage\":{\"@id\":\"https:\/\/apuntesdesanluis.com\/index.php\/2025\/01\/30\/la-cgt-se-reunio-con-organismos-de-derechos-humanos-y-se-comprometio-a-participar-de-la-marcha-antifacista\/#primaryimage\"},\"image\":{\"@id\":\"https:\/\/apuntesdesanluis.com\/index.php\/2025\/01\/30\/la-cgt-se-reunio-con-organismos-de-derechos-humanos-y-se-comprometio-a-participar-de-la-marcha-antifacista\/#primaryimage\"},\"thumbnailUrl\":\"https:\/\/apuntesdesanluis.com\/wp-content\/uploads\/2025\/01\/MADRES-Y-CGT.png\",\"datePublished\":\"2025-01-30T13:58:57+00:00\",\"breadcrumb\":{\"@id\":\"https:\/\/apuntesdesanluis.com\/index.php\/2025\/01\/30\/la-cgt-se-reunio-con-organismos-de-derechos-humanos-y-se-comprometio-a-participar-de-la-marcha-antifacista\/#breadcrumb\"},\"inLanguage\":\"es-AR\",\"potentialAction\":[{\"@type\":\"ReadAction\",\"target\":[\"https:\/\/apuntesdesanluis.com\/index.php\/2025\/01\/30\/la-cgt-se-reunio-con-organismos-de-derechos-humanos-y-se-comprometio-a-participar-de-la-marcha-antifacista\/\"]}]},{\"@type\":\"ImageObject\",\"inLanguage\":\"es-AR\",\"@id\":\"https:\/\/apuntesdesanluis.com\/index.php\/2025\/01\/30\/la-cgt-se-reunio-con-organismos-de-derechos-humanos-y-se-comprometio-a-participar-de-la-marcha-antifacista\/#primaryimage\",\"url\":\"https:\/\/apuntesdesanluis.com\/wp-content\/uploads\/2025\/01\/MADRES-Y-CGT.png\",\"contentUrl\":\"https:\/\/apuntesdesanluis.com\/wp-content\/uploads\/2025\/01\/MADRES-Y-CGT.png\",\"width\":772,\"height\":520},{\"@type\":\"BreadcrumbList\",\"@id\":\"https:\/\/apuntesdesanluis.com\/index.php\/2025\/01\/30\/la-cgt-se-reunio-con-organismos-de-derechos-humanos-y-se-comprometio-a-participar-de-la-marcha-antifacista\/#breadcrumb\",\"itemListElement\":[{\"@type\":\"ListItem\",\"position\":1,\"name\":\"Inicio\",\"item\":\"https:\/\/apuntesdesanluis.com\/\"},{\"@type\":\"ListItem\",\"position\":2,\"name\":\"LA CGT SE REUNI\u00d3 CON ORGANISMOS DE DERECHOS HUMANOS Y SE COMPROMETI\u00d3 A PARTICIPAR DE LA MARCHA ANTIFACISTA\"}]},{\"@type\":\"WebSite\",\"@id\":\"https:\/\/apuntesdesanluis.com\/#website\",\"url\":\"https:\/\/apuntesdesanluis.com\/\",\"name\":\"Apuntes de San Luis\",\"description\":\"\",\"publisher\":{\"@id\":\"https:\/\/apuntesdesanluis.com\/#\/schema\/person\/b55151d52296fcce64d1a72538a70b90\"},\"potentialAction\":[{\"@type\":\"SearchAction\",\"target\":{\"@type\":\"EntryPoint\",\"urlTemplate\":\"https:\/\/apuntesdesanluis.com\/?s={search_term_string}\"},\"query-input\":{\"@type\":\"PropertyValueSpecification\",\"valueRequired\":true,\"valueName\":\"search_term_string\"}}],\"inLanguage\":\"es-AR\"},{\"@type\":[\"Person\",\"Organization\"],\"@id\":\"https:\/\/apuntesdesanluis.com\/#\/schema\/person\/b55151d52296fcce64d1a72538a70b90\",\"name\":\"apuntesdesanluis.com\",\"image\":{\"@type\":\"ImageObject\",\"inLanguage\":\"es-AR\",\"@id\":\"https:\/\/apuntesdesanluis.com\/#\/schema\/person\/image\/\",\"url\":\"https:\/\/apuntesdesanluis.com\/wp-content\/uploads\/2023\/07\/cropped-apuntesdesanluis.png\",\"contentUrl\":\"https:\/\/apuntesdesanluis.com\/wp-content\/uploads\/2023\/07\/cropped-apuntesdesanluis.png\",\"width\":450,\"height\":112,\"caption\":\"apuntesdesanluis.com\"},\"logo\":{\"@id\":\"https:\/\/apuntesdesanluis.com\/#\/schema\/person\/image\/\"},\"sameAs\":[\"https:\/\/apuntesdesanluis.com\"],\"url\":\"https:\/\/apuntesdesanluis.com\/index.php\/author\/apuntesdesanluis-com\/\"}]}<\/script>\n<!-- \/ Yoast SEO plugin. -->","yoast_head_json":{"title":"LA CGT SE REUNI\u00d3 CON ORGANISMOS DE DERECHOS HUMANOS Y SE COMPROMETI\u00d3 A PARTICIPAR DE LA MARCHA ANTIFACISTA - Apuntes de San Luis","robots":{"index":"index","follow":"follow","max-snippet":"max-snippet:-1","max-image-preview":"max-image-preview:large","max-video-preview":"max-video-preview:-1"},"canonical":"https:\/\/apuntesdesanluis.com\/index.php\/2025\/01\/30\/la-cgt-se-reunio-con-organismos-de-derechos-humanos-y-se-comprometio-a-participar-de-la-marcha-antifacista\/","og_locale":"es_ES","og_type":"article","og_title":"LA CGT SE REUNI\u00d3 CON ORGANISMOS DE DERECHOS HUMANOS Y SE COMPROMETI\u00d3 A PARTICIPAR DE LA MARCHA ANTIFACISTA - Apuntes de San Luis","og_description":"La CGT se comprometi\u00f3 ante Taty Almeida y representantes de otros organismos de derechos humanos...","og_url":"https:\/\/apuntesdesanluis.com\/index.php\/2025\/01\/30\/la-cgt-se-reunio-con-organismos-de-derechos-humanos-y-se-comprometio-a-participar-de-la-marcha-antifacista\/","og_site_name":"Apuntes de San Luis","article_published_time":"2025-01-30T13:58:57+00:00","og_image":[{"width":772,"height":520,"url":"https:\/\/apuntesdesanluis.com\/wp-content\/uploads\/2025\/01\/MADRES-Y-CGT.png","type":"image\/png"}],"author":"apuntesdesanluis.com","twitter_card":"summary_large_image","twitter_misc":{"Escrito por":"apuntesdesanluis.com","Tiempo de lectura":"2 minutos"},"schema":{"@context":"https:\/\/schema.org","@graph":[{"@type":"Article","@id":"https:\/\/apuntesdesanluis.com\/index.php\/2025\/01\/30\/la-cgt-se-reunio-con-organismos-de-derechos-humanos-y-se-comprometio-a-participar-de-la-marcha-antifacista\/#article","isPartOf":{"@id":"https:\/\/apuntesdesanluis.com\/index.php\/2025\/01\/30\/la-cgt-se-reunio-con-organismos-de-derechos-humanos-y-se-comprometio-a-participar-de-la-marcha-antifacista\/"},"author":{"name":"apuntesdesanluis.com","@id":"https:\/\/apuntesdesanluis.com\/#\/schema\/person\/b55151d52296fcce64d1a72538a70b90"},"headline":"LA CGT SE REUNI\u00d3 CON ORGANISMOS DE DERECHOS HUMANOS Y SE COMPROMETI\u00d3 A PARTICIPAR DE LA MARCHA ANTIFACISTA","datePublished":"2025-01-30T13:58:57+00:00","mainEntityOfPage":{"@id":"https:\/\/apuntesdesanluis.com\/index.php\/2025\/01\/30\/la-cgt-se-reunio-con-organismos-de-derechos-humanos-y-se-comprometio-a-participar-de-la-marcha-antifacista\/"},"wordCount":299,"publisher":{"@id":"https:\/\/apuntesdesanluis.com\/#\/schema\/person\/b55151d52296fcce64d1a72538a70b90"},"image":{"@id":"https:\/\/apuntesdesanluis.com\/index.php\/2025\/01\/30\/la-cgt-se-reunio-con-organismos-de-derechos-humanos-y-se-comprometio-a-participar-de-la-marcha-antifacista\/#primaryimage"},"thumbnailUrl":"https:\/\/apuntesdesanluis.com\/wp-content\/uploads\/2025\/01\/MADRES-Y-CGT.png","articleSection":["Nacionales\/Internacionales"],"inLanguage":"es-AR"},{"@type":"WebPage","@id":"https:\/\/apuntesdesanluis.com\/index.php\/2025\/01\/30\/la-cgt-se-reunio-con-organismos-de-derechos-humanos-y-se-comprometio-a-participar-de-la-marcha-antifacista\/","url":"https:\/\/apuntesdesanluis.com\/index.php\/2025\/01\/30\/la-cgt-se-reunio-con-organismos-de-derechos-humanos-y-se-comprometio-a-participar-de-la-marcha-antifacista\/","name":"LA CGT SE REUNI\u00d3 CON ORGANISMOS DE DERECHOS HUMANOS Y SE COMPROMETI\u00d3 A PARTICIPAR DE LA MARCHA ANTIFACISTA - Apuntes de San Luis","isPartOf":{"@id":"https:\/\/apuntesdesanluis.com\/#website"},"primaryImageOfPage":{"@id":"https:\/\/apuntesdesanluis.com\/index.php\/2025\/01\/30\/la-cgt-se-reunio-con-organismos-de-derechos-humanos-y-se-comprometio-a-participar-de-la-marcha-antifacista\/#primaryimage"},"image":{"@id":"https:\/\/apuntesdesanluis.com\/index.php\/2025\/01\/30\/la-cgt-se-reunio-con-organismos-de-derechos-humanos-y-se-comprometio-a-participar-de-la-marcha-antifacista\/#primaryimage"},"thumbnailUrl":"https:\/\/apuntesdesanluis.com\/wp-content\/uploads\/2025\/01\/MADRES-Y-CGT.png","datePublished":"2025-01-30T13:58:57+00:00","breadcrumb":{"@id":"https:\/\/apuntesdesanluis.com\/index.php\/2025\/01\/30\/la-cgt-se-reunio-con-organismos-de-derechos-humanos-y-se-comprometio-a-participar-de-la-marcha-antifacista\/#breadcrumb"},"inLanguage":"es-AR","potentialAction":[{"@type":"ReadAction","target":["https:\/\/apuntesdesanluis.com\/index.php\/2025\/01\/30\/la-cgt-se-reunio-con-organismos-de-derechos-humanos-y-se-comprometio-a-participar-de-la-marcha-antifacista\/"]}]},{"@type":"ImageObject","inLanguage":"es-AR","@id":"https:\/\/apuntesdesanluis.com\/index.php\/2025\/01\/30\/la-cgt-se-reunio-con-organismos-de-derechos-humanos-y-se-comprometio-a-participar-de-la-marcha-antifacista\/#primaryimage","url":"https:\/\/apuntesdesanluis.com\/wp-content\/uploads\/2025\/01\/MADRES-Y-CGT.png","contentUrl":"https:\/\/apuntesdesanluis.com\/wp-content\/uploads\/2025\/01\/MADRES-Y-CGT.png","width":772,"height":520},{"@type":"BreadcrumbList","@id":"https:\/\/apuntesdesanluis.com\/index.php\/2025\/01\/30\/la-cgt-se-reunio-con-organismos-de-derechos-humanos-y-se-comprometio-a-participar-de-la-marcha-antifacista\/#breadcrumb","itemListElement":[{"@type":"ListItem","position":1,"name":"Inicio","item":"https:\/\/apuntesdesanluis.com\/"},{"@type":"ListItem","position":2,"name":"LA CGT SE REUNI\u00d3 CON ORGANISMOS DE DERECHOS HUMANOS Y SE COMPROMETI\u00d3 A PARTICIPAR DE LA MARCHA ANTIFACISTA"}]},{"@type":"WebSite","@id":"https:\/\/apuntesdesanluis.com\/#website","url":"https:\/\/apuntesdesanluis.com\/","name":"Apuntes de San Luis","description":"","publisher":{"@id":"https:\/\/apuntesdesanluis.com\/#\/schema\/person\/b55151d52296fcce64d1a72538a70b90"},"potentialAction":[{"@type":"SearchAction","target":{"@type":"EntryPoint","urlTemplate":"https:\/\/apuntesdesanluis.com\/?s={search_term_string}"},"query-input":{"@type":"PropertyValueSpecification","valueRequired":true,"valueName":"search_term_string"}}],"inLanguage":"es-AR"},{"@type":["Person","Organization"],"@id":"https:\/\/apuntesdesanluis.com\/#\/schema\/person\/b55151d52296fcce64d1a72538a70b90","name":"apuntesdesanluis.com","image":{"@type":"ImageObject","inLanguage":"es-AR","@id":"https:\/\/apuntesdesanluis.com\/#\/schema\/person\/image\/","url":"https:\/\/apuntesdesanluis.com\/wp-content\/uploads\/2023\/07\/cropped-apuntesdesanluis.png","contentUrl":"https:\/\/apuntesdesanluis.com\/wp-content\/uploads\/2023\/07\/cropped-apuntesdesanluis.png","width":450,"height":112,"caption":"apuntesdesanluis.com"},"logo":{"@id":"https:\/\/apuntesdesanluis.com\/#\/schema\/person\/image\/"},"sameAs":["https:\/\/apuntesdesanluis.com"],"url":"https:\/\/apuntesdesanluis.com\/index.php\/author\/apuntesdesanluis-com\/"}]}},"featured_image_urls":{"full":["https:\/\/apuntesdesanluis.com\/wp-content\/uploads\/2025\/01\/MADRES-Y-CGT.png",772,520,false],"thumbnail":["https:\/\/apuntesdesanluis.com\/wp-content\/uploads\/2025\/01\/MADRES-Y-CGT-150x150.png",150,150,true],"medium":["https:\/\/apuntesdesanluis.com\/wp-content\/uploads\/2025\/01\/MADRES-Y-CGT-300x202.png",300,202,true],"medium_large":["https:\/\/apuntesdesanluis.com\/wp-content\/uploads\/2025\/01\/MADRES-Y-CGT-768x517.png",640,431,true],"large":["https:\/\/apuntesdesanluis.com\/wp-content\/uploads\/2025\/01\/MADRES-Y-CGT.png",640,431,false],"1536x1536":["https:\/\/apuntesdesanluis.com\/wp-content\/uploads\/2025\/01\/MADRES-Y-CGT.png",772,520,false],"2048x2048":["https:\/\/apuntesdesanluis.com\/wp-content\/uploads\/2025\/01\/MADRES-Y-CGT.png",772,520,false],"newsever-slider-full":["https:\/\/apuntesdesanluis.com\/wp-content\/uploads\/2025\/01\/MADRES-Y-CGT.png",772,520,false],"newsever-featured":["https:\/\/apuntesdesanluis.com\/wp-content\/uploads\/2025\/01\/MADRES-Y-CGT.png",772,520,false],"newsever-medium":["https:\/\/apuntesdesanluis.com\/wp-content\/uploads\/2025\/01\/MADRES-Y-CGT-720x475.png",720,475,true]},"author_info":{"display_name":"apuntesdesanluis.com","author_link":"https:\/\/apuntesdesanluis.com\/index.php\/author\/apuntesdesanluis-com\/"},"category_info":"<a href=\"https:\/\/apuntesdesanluis.com\/index.php\/category\/nacionales-internacionales\/\" rel=\"category tag\">Nacionales\/Internacionales<\/a>","tag_info":"Nacionales\/Internacionales","comment_count":"0","_links":{"self":[{"href":"https:\/\/apuntesdesanluis.com\/index.php\/wp-json\/wp\/v2\/posts\/28420","targetHints":{"allow":["GET"]}}],"collection":[{"href":"https:\/\/apuntesdesanluis.com\/index.php\/wp-json\/wp\/v2\/posts"}],"about":[{"href":"https:\/\/apuntesdesanluis.com\/index.php\/wp-json\/wp\/v2\/types\/post"}],"author":[{"embeddable":true,"href":"https:\/\/apuntesdesanluis.com\/index.php\/wp-json\/wp\/v2\/users\/1"}],"replies":[{"embeddable":true,"href":"https:\/\/apuntesdesanluis.com\/index.php\/wp-json\/wp\/v2\/comments?post=28420"}],"version-history":[{"count":1,"href":"https:\/\/apuntesdesanluis.com\/index.php\/wp-json\/wp\/v2\/posts\/28420\/revisions"}],"predecessor-version":[{"id":28422,"href":"https:\/\/apuntesdesanluis.com\/index.php\/wp-json\/wp\/v2\/posts\/28420\/revisions\/28422"}],"wp:featuredmedia":[{"embeddable":true,"href":"https:\/\/apuntesdesanluis.com\/index.php\/wp-json\/wp\/v2\/media\/28421"}],"wp:attachment":[{"href":"https:\/\/apuntesdesanluis.com\/index.php\/wp-json\/wp\/v2\/media?parent=28420"}],"wp:term":[{"taxonomy":"category","embeddable":true,"href":"https:\/\/apuntesdesanluis.com\/index.php\/wp-json\/wp\/v2\/categories?post=28420"},{"taxonomy":"post_tag","embeddable":true,"href":"https:\/\/apuntesdesanluis.com\/index.php\/wp-json\/wp\/v2\/tags?post=28420"}],"curies":[{"name":"wp","href":"https:\/\/api.w.org\/{rel}","templated":true}]}}