{"id":28441,"date":"2025-01-29T23:26:06","date_gmt":"2025-01-30T02:26:06","guid":{"rendered":"https:\/\/apuntesdesanluis.com\/?p=28441"},"modified":"2025-01-30T20:26:44","modified_gmt":"2025-01-30T23:26:44","slug":"advierten-por-el-comienzo-de-una-ola-de-calor-en-la-provincia","status":"publish","type":"post","link":"https:\/\/apuntesdesanluis.com\/index.php\/2025\/01\/29\/advierten-por-el-comienzo-de-una-ola-de-calor-en-la-provincia\/","title":{"rendered":"ADVIERTEN POR EL COMIENZO DE UNA OLA DE CALOR EN LA PROVINCIA"},"content":{"rendered":"<h3>La <strong>Red de Estaciones Meteorol\u00f3gicas<\/strong> de la provincia emiti\u00f3 un alerta por el comienzo de una <strong>ola de calor en San Luis<\/strong>, desde este jueves, con vigencia hasta al menos el pr\u00f3ximo lunes 3 de febrero.<\/h3>\n<h3>\u201cSe espera a partir del jueves 30, un periodo de ascenso en las temperaturas provinciales, superando los valores normales para la \u00e9poca, dando lugar a una posible ola de calor\u201d, indic\u00f3 el servicio del clima, al tiempo que explic\u00f3 que una ola de calor se define como \u201cun periodo excesivamente c\u00e1lido en el cual las temperaturas m\u00ednimas y m\u00e1ximas superan, por lo menos durante 3 d\u00edas consecutivos y en forma simult\u00e1nea, ciertos valores que dependen de cada localidad\u201d.<\/h3>\n<p><img fetchpriority=\"high\" decoding=\"async\" class=\"wp-image-28442 aligncenter\" src=\"https:\/\/apuntesdesanluis.com\/wp-content\/uploads\/2025\/01\/475921436_18154009552351497_45683987166083436_n-286x300.jpg\" alt=\"\" width=\"591\" height=\"620\" srcset=\"https:\/\/apuntesdesanluis.com\/wp-content\/uploads\/2025\/01\/475921436_18154009552351497_45683987166083436_n-286x300.jpg 286w, https:\/\/apuntesdesanluis.com\/wp-content\/uploads\/2025\/01\/475921436_18154009552351497_45683987166083436_n.jpg 514w\" sizes=\"(max-width: 591px) 100vw, 591px\" \/><\/p>\n<h3>Este jueves se espera una jornada con ascenso de las temperaturas por lo que la tarde ser\u00e1 calurosa. El cielo estar\u00e1 mayormente despejado durante todo el d\u00eda.<\/h3>\n<h3>Las temperaturas m\u00ednimas promediar\u00e1n a lo largo del territorio provincial los 18\u00b0C mientras que las m\u00e1ximas lo har\u00e1n en torno a los 34\u00b0C.<\/h3>\n<h3>El viento predominar\u00e1 del cuadrante norte de magnitud entre leve y regular (12 a 38 km\/h) con r\u00e1fagas fuertes (60 km\/h) en la regi\u00f3n noroeste cerca del mediod\u00eda.<\/h3>\n<h3><strong>VIERNES 31 DE ENERO <\/strong><\/h3>\n<h3>Jornada que contin\u00faa con el buen tiempo y el ascenso de las temperaturas. El cielo estar\u00e1 mayormente despejado con intervalos nubosos principalmente en el sur provincial. En promedio, se esperan m\u00ednimas de 20\u00b0C, m\u00e1ximas de 36\u00b0C. El viento ser\u00e1 del noreste con r\u00e1fagas fuertes.<\/h3>\n<p><img decoding=\"async\" class=\"wp-image-28443 aligncenter\" src=\"https:\/\/apuntesdesanluis.com\/wp-content\/uploads\/2025\/01\/475799900_933980185544465_5294211615030839396_n-300x266.jpg\" alt=\"\" width=\"603\" height=\"535\" srcset=\"https:\/\/apuntesdesanluis.com\/wp-content\/uploads\/2025\/01\/475799900_933980185544465_5294211615030839396_n-300x266.jpg 300w, https:\/\/apuntesdesanluis.com\/wp-content\/uploads\/2025\/01\/475799900_933980185544465_5294211615030839396_n.jpg 600w\" sizes=\"(max-width: 603px) 100vw, 603px\" \/><\/p>\n<h3><strong>S\u00c1BADO 01 DE FEBRERO <\/strong><\/h3>\n<h3>Jornada calurosa con poco cambio en las temperaturas y algo inestable. El cielo estar\u00e1 parcialmente nublado con algo de inestabilidad en el sur provincial. En promedio, se esperan m\u00ednimas de 21\u00b0C y m\u00e1ximas de 36\u00b0C. El viento ser\u00e1 del noreste con algunas r\u00e1fagas fuertes.<\/h3>\n<h3><strong>DOMINGO 02 DE FEBRERO <\/strong><\/h3>\n<h3>Jornada con poco cambio de las temperaturas y ventoso en el norte provincial. El cielo estar\u00e1 de mayormente despejado a parcial con baja probabilidad de precipitaciones en el sur. En promedio, se esperan m\u00ednimas de 22\u00b0C y m\u00e1ximas de 37\u00b0C. El viento iniciar\u00e1 del norte con r\u00e1fagas muy fuertes, rotando al sureste desde la tarde con rachas fuertes.<\/h3>\n<p>&nbsp;<\/p>\n<p>&nbsp;<\/p>\n<p>&nbsp;<\/p>\n<p>&nbsp;<\/p>\n<p>&nbsp;<\/p>\n<p>&nbsp;<\/p>\n","protected":false},"excerpt":{"rendered":"<p>La Red de Estaciones Meteorol\u00f3gicas de la provincia emiti\u00f3 un alerta por el comienzo de&#8230;<\/p>\n","protected":false},"author":1,"featured_media":28444,"comment_status":"closed","ping_status":"closed","sticky":false,"template":"","format":"standard","meta":{"footnotes":""},"categories":[6],"tags":[],"class_list":["post-28441","post","type-post","status-publish","format-standard","has-post-thumbnail","hentry","category-ciudad-provincia"],"yoast_head":"<!-- This site is optimized with the Yoast SEO plugin v26.1.1 - https:\/\/yoast.com\/wordpress\/plugins\/seo\/ -->\n<title>ADVIERTEN POR EL COMIENZO DE UNA OLA DE CALOR EN LA PROVINCIA - Apuntes de San Luis<\/title>\n<meta name=\"robots\" content=\"index, follow, max-snippet:-1, max-image-preview:large, max-video-preview:-1\" \/>\n<link rel=\"canonical\" href=\"https:\/\/apuntesdesanluis.com\/index.php\/2025\/01\/29\/advierten-por-el-comienzo-de-una-ola-de-calor-en-la-provincia\/\" \/>\n<meta property=\"og:locale\" content=\"es_ES\" \/>\n<meta property=\"og:type\" content=\"article\" \/>\n<meta property=\"og:title\" content=\"ADVIERTEN POR EL COMIENZO DE UNA OLA DE CALOR EN LA PROVINCIA - Apuntes de San Luis\" \/>\n<meta property=\"og:description\" content=\"La Red de Estaciones Meteorol\u00f3gicas de la provincia emiti\u00f3 un alerta por el comienzo de...\" \/>\n<meta property=\"og:url\" content=\"https:\/\/apuntesdesanluis.com\/index.php\/2025\/01\/29\/advierten-por-el-comienzo-de-una-ola-de-calor-en-la-provincia\/\" \/>\n<meta property=\"og:site_name\" content=\"Apuntes de San Luis\" \/>\n<meta property=\"article:published_time\" content=\"2025-01-30T02:26:06+00:00\" \/>\n<meta property=\"article:modified_time\" content=\"2025-01-30T23:26:44+00:00\" \/>\n<meta property=\"og:image\" content=\"https:\/\/apuntesdesanluis.com\/wp-content\/uploads\/2025\/01\/calor.png\" \/>\n\t<meta property=\"og:image:width\" content=\"800\" \/>\n\t<meta property=\"og:image:height\" content=\"501\" \/>\n\t<meta property=\"og:image:type\" content=\"image\/png\" \/>\n<meta name=\"author\" content=\"apuntesdesanluis.com\" \/>\n<meta name=\"twitter:card\" content=\"summary_large_image\" \/>\n<meta name=\"twitter:label1\" content=\"Escrito por\" \/>\n\t<meta name=\"twitter:data1\" content=\"apuntesdesanluis.com\" \/>\n\t<meta name=\"twitter:label2\" content=\"Tiempo de lectura\" \/>\n\t<meta name=\"twitter:data2\" content=\"3 minutos\" \/>\n<script type=\"application\/ld+json\" class=\"yoast-schema-graph\">{\"@context\":\"https:\/\/schema.org\",\"@graph\":[{\"@type\":\"Article\",\"@id\":\"https:\/\/apuntesdesanluis.com\/index.php\/2025\/01\/29\/advierten-por-el-comienzo-de-una-ola-de-calor-en-la-provincia\/#article\",\"isPartOf\":{\"@id\":\"https:\/\/apuntesdesanluis.com\/index.php\/2025\/01\/29\/advierten-por-el-comienzo-de-una-ola-de-calor-en-la-provincia\/\"},\"author\":{\"name\":\"apuntesdesanluis.com\",\"@id\":\"https:\/\/apuntesdesanluis.com\/#\/schema\/person\/b55151d52296fcce64d1a72538a70b90\"},\"headline\":\"ADVIERTEN POR EL COMIENZO DE UNA OLA DE CALOR EN LA PROVINCIA\",\"datePublished\":\"2025-01-30T02:26:06+00:00\",\"dateModified\":\"2025-01-30T23:26:44+00:00\",\"mainEntityOfPage\":{\"@id\":\"https:\/\/apuntesdesanluis.com\/index.php\/2025\/01\/29\/advierten-por-el-comienzo-de-una-ola-de-calor-en-la-provincia\/\"},\"wordCount\":387,\"publisher\":{\"@id\":\"https:\/\/apuntesdesanluis.com\/#\/schema\/person\/b55151d52296fcce64d1a72538a70b90\"},\"image\":{\"@id\":\"https:\/\/apuntesdesanluis.com\/index.php\/2025\/01\/29\/advierten-por-el-comienzo-de-una-ola-de-calor-en-la-provincia\/#primaryimage\"},\"thumbnailUrl\":\"https:\/\/apuntesdesanluis.com\/wp-content\/uploads\/2025\/01\/calor.png\",\"articleSection\":[\"Ciudad\/Provincia\"],\"inLanguage\":\"es-AR\"},{\"@type\":\"WebPage\",\"@id\":\"https:\/\/apuntesdesanluis.com\/index.php\/2025\/01\/29\/advierten-por-el-comienzo-de-una-ola-de-calor-en-la-provincia\/\",\"url\":\"https:\/\/apuntesdesanluis.com\/index.php\/2025\/01\/29\/advierten-por-el-comienzo-de-una-ola-de-calor-en-la-provincia\/\",\"name\":\"ADVIERTEN POR EL COMIENZO DE UNA OLA DE CALOR EN LA PROVINCIA - Apuntes de San Luis\",\"isPartOf\":{\"@id\":\"https:\/\/apuntesdesanluis.com\/#website\"},\"primaryImageOfPage\":{\"@id\":\"https:\/\/apuntesdesanluis.com\/index.php\/2025\/01\/29\/advierten-por-el-comienzo-de-una-ola-de-calor-en-la-provincia\/#primaryimage\"},\"image\":{\"@id\":\"https:\/\/apuntesdesanluis.com\/index.php\/2025\/01\/29\/advierten-por-el-comienzo-de-una-ola-de-calor-en-la-provincia\/#primaryimage\"},\"thumbnailUrl\":\"https:\/\/apuntesdesanluis.com\/wp-content\/uploads\/2025\/01\/calor.png\",\"datePublished\":\"2025-01-30T02:26:06+00:00\",\"dateModified\":\"2025-01-30T23:26:44+00:00\",\"breadcrumb\":{\"@id\":\"https:\/\/apuntesdesanluis.com\/index.php\/2025\/01\/29\/advierten-por-el-comienzo-de-una-ola-de-calor-en-la-provincia\/#breadcrumb\"},\"inLanguage\":\"es-AR\",\"potentialAction\":[{\"@type\":\"ReadAction\",\"target\":[\"https:\/\/apuntesdesanluis.com\/index.php\/2025\/01\/29\/advierten-por-el-comienzo-de-una-ola-de-calor-en-la-provincia\/\"]}]},{\"@type\":\"ImageObject\",\"inLanguage\":\"es-AR\",\"@id\":\"https:\/\/apuntesdesanluis.com\/index.php\/2025\/01\/29\/advierten-por-el-comienzo-de-una-ola-de-calor-en-la-provincia\/#primaryimage\",\"url\":\"https:\/\/apuntesdesanluis.com\/wp-content\/uploads\/2025\/01\/calor.png\",\"contentUrl\":\"https:\/\/apuntesdesanluis.com\/wp-content\/uploads\/2025\/01\/calor.png\",\"width\":800,\"height\":501},{\"@type\":\"BreadcrumbList\",\"@id\":\"https:\/\/apuntesdesanluis.com\/index.php\/2025\/01\/29\/advierten-por-el-comienzo-de-una-ola-de-calor-en-la-provincia\/#breadcrumb\",\"itemListElement\":[{\"@type\":\"ListItem\",\"position\":1,\"name\":\"Inicio\",\"item\":\"https:\/\/apuntesdesanluis.com\/\"},{\"@type\":\"ListItem\",\"position\":2,\"name\":\"ADVIERTEN POR EL COMIENZO DE UNA OLA DE CALOR EN LA PROVINCIA\"}]},{\"@type\":\"WebSite\",\"@id\":\"https:\/\/apuntesdesanluis.com\/#website\",\"url\":\"https:\/\/apuntesdesanluis.com\/\",\"name\":\"Apuntes de San Luis\",\"description\":\"\",\"publisher\":{\"@id\":\"https:\/\/apuntesdesanluis.com\/#\/schema\/person\/b55151d52296fcce64d1a72538a70b90\"},\"potentialAction\":[{\"@type\":\"SearchAction\",\"target\":{\"@type\":\"EntryPoint\",\"urlTemplate\":\"https:\/\/apuntesdesanluis.com\/?s={search_term_string}\"},\"query-input\":{\"@type\":\"PropertyValueSpecification\",\"valueRequired\":true,\"valueName\":\"search_term_string\"}}],\"inLanguage\":\"es-AR\"},{\"@type\":[\"Person\",\"Organization\"],\"@id\":\"https:\/\/apuntesdesanluis.com\/#\/schema\/person\/b55151d52296fcce64d1a72538a70b90\",\"name\":\"apuntesdesanluis.com\",\"image\":{\"@type\":\"ImageObject\",\"inLanguage\":\"es-AR\",\"@id\":\"https:\/\/apuntesdesanluis.com\/#\/schema\/person\/image\/\",\"url\":\"https:\/\/apuntesdesanluis.com\/wp-content\/uploads\/2023\/07\/cropped-apuntesdesanluis.png\",\"contentUrl\":\"https:\/\/apuntesdesanluis.com\/wp-content\/uploads\/2023\/07\/cropped-apuntesdesanluis.png\",\"width\":450,\"height\":112,\"caption\":\"apuntesdesanluis.com\"},\"logo\":{\"@id\":\"https:\/\/apuntesdesanluis.com\/#\/schema\/person\/image\/\"},\"sameAs\":[\"https:\/\/apuntesdesanluis.com\"],\"url\":\"https:\/\/apuntesdesanluis.com\/index.php\/author\/apuntesdesanluis-com\/\"}]}<\/script>\n<!-- \/ Yoast SEO plugin. -->","yoast_head_json":{"title":"ADVIERTEN POR EL COMIENZO DE UNA OLA DE CALOR EN LA PROVINCIA - Apuntes de San Luis","robots":{"index":"index","follow":"follow","max-snippet":"max-snippet:-1","max-image-preview":"max-image-preview:large","max-video-preview":"max-video-preview:-1"},"canonical":"https:\/\/apuntesdesanluis.com\/index.php\/2025\/01\/29\/advierten-por-el-comienzo-de-una-ola-de-calor-en-la-provincia\/","og_locale":"es_ES","og_type":"article","og_title":"ADVIERTEN POR EL COMIENZO DE UNA OLA DE CALOR EN LA PROVINCIA - Apuntes de San Luis","og_description":"La Red de Estaciones Meteorol\u00f3gicas de la provincia emiti\u00f3 un alerta por el comienzo de...","og_url":"https:\/\/apuntesdesanluis.com\/index.php\/2025\/01\/29\/advierten-por-el-comienzo-de-una-ola-de-calor-en-la-provincia\/","og_site_name":"Apuntes de San Luis","article_published_time":"2025-01-30T02:26:06+00:00","article_modified_time":"2025-01-30T23:26:44+00:00","og_image":[{"width":800,"height":501,"url":"https:\/\/apuntesdesanluis.com\/wp-content\/uploads\/2025\/01\/calor.png","type":"image\/png"}],"author":"apuntesdesanluis.com","twitter_card":"summary_large_image","twitter_misc":{"Escrito por":"apuntesdesanluis.com","Tiempo de lectura":"3 minutos"},"schema":{"@context":"https:\/\/schema.org","@graph":[{"@type":"Article","@id":"https:\/\/apuntesdesanluis.com\/index.php\/2025\/01\/29\/advierten-por-el-comienzo-de-una-ola-de-calor-en-la-provincia\/#article","isPartOf":{"@id":"https:\/\/apuntesdesanluis.com\/index.php\/2025\/01\/29\/advierten-por-el-comienzo-de-una-ola-de-calor-en-la-provincia\/"},"author":{"name":"apuntesdesanluis.com","@id":"https:\/\/apuntesdesanluis.com\/#\/schema\/person\/b55151d52296fcce64d1a72538a70b90"},"headline":"ADVIERTEN POR EL COMIENZO DE UNA OLA DE CALOR EN LA PROVINCIA","datePublished":"2025-01-30T02:26:06+00:00","dateModified":"2025-01-30T23:26:44+00:00","mainEntityOfPage":{"@id":"https:\/\/apuntesdesanluis.com\/index.php\/2025\/01\/29\/advierten-por-el-comienzo-de-una-ola-de-calor-en-la-provincia\/"},"wordCount":387,"publisher":{"@id":"https:\/\/apuntesdesanluis.com\/#\/schema\/person\/b55151d52296fcce64d1a72538a70b90"},"image":{"@id":"https:\/\/apuntesdesanluis.com\/index.php\/2025\/01\/29\/advierten-por-el-comienzo-de-una-ola-de-calor-en-la-provincia\/#primaryimage"},"thumbnailUrl":"https:\/\/apuntesdesanluis.com\/wp-content\/uploads\/2025\/01\/calor.png","articleSection":["Ciudad\/Provincia"],"inLanguage":"es-AR"},{"@type":"WebPage","@id":"https:\/\/apuntesdesanluis.com\/index.php\/2025\/01\/29\/advierten-por-el-comienzo-de-una-ola-de-calor-en-la-provincia\/","url":"https:\/\/apuntesdesanluis.com\/index.php\/2025\/01\/29\/advierten-por-el-comienzo-de-una-ola-de-calor-en-la-provincia\/","name":"ADVIERTEN POR EL COMIENZO DE UNA OLA DE CALOR EN LA PROVINCIA - Apuntes de San Luis","isPartOf":{"@id":"https:\/\/apuntesdesanluis.com\/#website"},"primaryImageOfPage":{"@id":"https:\/\/apuntesdesanluis.com\/index.php\/2025\/01\/29\/advierten-por-el-comienzo-de-una-ola-de-calor-en-la-provincia\/#primaryimage"},"image":{"@id":"https:\/\/apuntesdesanluis.com\/index.php\/2025\/01\/29\/advierten-por-el-comienzo-de-una-ola-de-calor-en-la-provincia\/#primaryimage"},"thumbnailUrl":"https:\/\/apuntesdesanluis.com\/wp-content\/uploads\/2025\/01\/calor.png","datePublished":"2025-01-30T02:26:06+00:00","dateModified":"2025-01-30T23:26:44+00:00","breadcrumb":{"@id":"https:\/\/apuntesdesanluis.com\/index.php\/2025\/01\/29\/advierten-por-el-comienzo-de-una-ola-de-calor-en-la-provincia\/#breadcrumb"},"inLanguage":"es-AR","potentialAction":[{"@type":"ReadAction","target":["https:\/\/apuntesdesanluis.com\/index.php\/2025\/01\/29\/advierten-por-el-comienzo-de-una-ola-de-calor-en-la-provincia\/"]}]},{"@type":"ImageObject","inLanguage":"es-AR","@id":"https:\/\/apuntesdesanluis.com\/index.php\/2025\/01\/29\/advierten-por-el-comienzo-de-una-ola-de-calor-en-la-provincia\/#primaryimage","url":"https:\/\/apuntesdesanluis.com\/wp-content\/uploads\/2025\/01\/calor.png","contentUrl":"https:\/\/apuntesdesanluis.com\/wp-content\/uploads\/2025\/01\/calor.png","width":800,"height":501},{"@type":"BreadcrumbList","@id":"https:\/\/apuntesdesanluis.com\/index.php\/2025\/01\/29\/advierten-por-el-comienzo-de-una-ola-de-calor-en-la-provincia\/#breadcrumb","itemListElement":[{"@type":"ListItem","position":1,"name":"Inicio","item":"https:\/\/apuntesdesanluis.com\/"},{"@type":"ListItem","position":2,"name":"ADVIERTEN POR EL COMIENZO DE UNA OLA DE CALOR EN LA PROVINCIA"}]},{"@type":"WebSite","@id":"https:\/\/apuntesdesanluis.com\/#website","url":"https:\/\/apuntesdesanluis.com\/","name":"Apuntes de San Luis","description":"","publisher":{"@id":"https:\/\/apuntesdesanluis.com\/#\/schema\/person\/b55151d52296fcce64d1a72538a70b90"},"potentialAction":[{"@type":"SearchAction","target":{"@type":"EntryPoint","urlTemplate":"https:\/\/apuntesdesanluis.com\/?s={search_term_string}"},"query-input":{"@type":"PropertyValueSpecification","valueRequired":true,"valueName":"search_term_string"}}],"inLanguage":"es-AR"},{"@type":["Person","Organization"],"@id":"https:\/\/apuntesdesanluis.com\/#\/schema\/person\/b55151d52296fcce64d1a72538a70b90","name":"apuntesdesanluis.com","image":{"@type":"ImageObject","inLanguage":"es-AR","@id":"https:\/\/apuntesdesanluis.com\/#\/schema\/person\/image\/","url":"https:\/\/apuntesdesanluis.com\/wp-content\/uploads\/2023\/07\/cropped-apuntesdesanluis.png","contentUrl":"https:\/\/apuntesdesanluis.com\/wp-content\/uploads\/2023\/07\/cropped-apuntesdesanluis.png","width":450,"height":112,"caption":"apuntesdesanluis.com"},"logo":{"@id":"https:\/\/apuntesdesanluis.com\/#\/schema\/person\/image\/"},"sameAs":["https:\/\/apuntesdesanluis.com"],"url":"https:\/\/apuntesdesanluis.com\/index.php\/author\/apuntesdesanluis-com\/"}]}},"featured_image_urls":{"full":["https:\/\/apuntesdesanluis.com\/wp-content\/uploads\/2025\/01\/calor.png",800,501,false],"thumbnail":["https:\/\/apuntesdesanluis.com\/wp-content\/uploads\/2025\/01\/calor-150x150.png",150,150,true],"medium":["https:\/\/apuntesdesanluis.com\/wp-content\/uploads\/2025\/01\/calor-300x188.png",300,188,true],"medium_large":["https:\/\/apuntesdesanluis.com\/wp-content\/uploads\/2025\/01\/calor-768x481.png",640,401,true],"large":["https:\/\/apuntesdesanluis.com\/wp-content\/uploads\/2025\/01\/calor.png",640,401,false],"1536x1536":["https:\/\/apuntesdesanluis.com\/wp-content\/uploads\/2025\/01\/calor.png",800,501,false],"2048x2048":["https:\/\/apuntesdesanluis.com\/wp-content\/uploads\/2025\/01\/calor.png",800,501,false],"newsever-slider-full":["https:\/\/apuntesdesanluis.com\/wp-content\/uploads\/2025\/01\/calor.png",800,501,false],"newsever-featured":["https:\/\/apuntesdesanluis.com\/wp-content\/uploads\/2025\/01\/calor.png",800,501,false],"newsever-medium":["https:\/\/apuntesdesanluis.com\/wp-content\/uploads\/2025\/01\/calor-720x475.png",720,475,true]},"author_info":{"display_name":"apuntesdesanluis.com","author_link":"https:\/\/apuntesdesanluis.com\/index.php\/author\/apuntesdesanluis-com\/"},"category_info":"<a href=\"https:\/\/apuntesdesanluis.com\/index.php\/category\/ciudad-provincia\/\" rel=\"category tag\">Ciudad\/Provincia<\/a>","tag_info":"Ciudad\/Provincia","comment_count":"0","_links":{"self":[{"href":"https:\/\/apuntesdesanluis.com\/index.php\/wp-json\/wp\/v2\/posts\/28441","targetHints":{"allow":["GET"]}}],"collection":[{"href":"https:\/\/apuntesdesanluis.com\/index.php\/wp-json\/wp\/v2\/posts"}],"about":[{"href":"https:\/\/apuntesdesanluis.com\/index.php\/wp-json\/wp\/v2\/types\/post"}],"author":[{"embeddable":true,"href":"https:\/\/apuntesdesanluis.com\/index.php\/wp-json\/wp\/v2\/users\/1"}],"replies":[{"embeddable":true,"href":"https:\/\/apuntesdesanluis.com\/index.php\/wp-json\/wp\/v2\/comments?post=28441"}],"version-history":[{"count":1,"href":"https:\/\/apuntesdesanluis.com\/index.php\/wp-json\/wp\/v2\/posts\/28441\/revisions"}],"predecessor-version":[{"id":28445,"href":"https:\/\/apuntesdesanluis.com\/index.php\/wp-json\/wp\/v2\/posts\/28441\/revisions\/28445"}],"wp:featuredmedia":[{"embeddable":true,"href":"https:\/\/apuntesdesanluis.com\/index.php\/wp-json\/wp\/v2\/media\/28444"}],"wp:attachment":[{"href":"https:\/\/apuntesdesanluis.com\/index.php\/wp-json\/wp\/v2\/media?parent=28441"}],"wp:term":[{"taxonomy":"category","embeddable":true,"href":"https:\/\/apuntesdesanluis.com\/index.php\/wp-json\/wp\/v2\/categories?post=28441"},{"taxonomy":"post_tag","embeddable":true,"href":"https:\/\/apuntesdesanluis.com\/index.php\/wp-json\/wp\/v2\/tags?post=28441"}],"curies":[{"name":"wp","href":"https:\/\/api.w.org\/{rel}","templated":true}]}}