{"id":28446,"date":"2025-01-30T20:35:59","date_gmt":"2025-01-30T23:35:59","guid":{"rendered":"https:\/\/apuntesdesanluis.com\/?p=28446"},"modified":"2025-01-30T20:35:59","modified_gmt":"2025-01-30T23:35:59","slug":"recapturan-al-detenido-que-se-fugo-de-una-subcomisaria-en-villa-mercedes","status":"publish","type":"post","link":"https:\/\/apuntesdesanluis.com\/index.php\/2025\/01\/30\/recapturan-al-detenido-que-se-fugo-de-una-subcomisaria-en-villa-mercedes\/","title":{"rendered":"RECAPTURAN AL DETENIDO QUE SE FUG\u00d3 DE UNA SUBCOMISAR\u00cdA EN VILLA MERCEDES"},"content":{"rendered":"<h3>La polic\u00eda inform\u00f3 que fue recapturado el individuo que se hab\u00eda fugado el pasado mi\u00e9rcoles 29 de la Subcomisar\u00eda 24 de la ciudad de Villa Mercedes.<\/h3>\n<h3>\u00a0El pr\u00f3fugo, <strong>Fernando Oviedo<\/strong>, de 24 a\u00f1os, con un amplio prontuario delictivo por robos, se escap\u00f3 de la dependencia policial luego de violentar la reja de una ventana del calabozo.<\/h3>\n<h3><img fetchpriority=\"high\" decoding=\"async\" class=\"wp-image-28398 aligncenter\" src=\"https:\/\/apuntesdesanluis.com\/wp-content\/uploads\/2025\/01\/subcomisaria-24-300x172.png\" alt=\"\" width=\"672\" height=\"385\" srcset=\"https:\/\/apuntesdesanluis.com\/wp-content\/uploads\/2025\/01\/subcomisaria-24-300x172.png 300w, https:\/\/apuntesdesanluis.com\/wp-content\/uploads\/2025\/01\/subcomisaria-24-768x441.png 768w, https:\/\/apuntesdesanluis.com\/wp-content\/uploads\/2025\/01\/subcomisaria-24.png 920w\" sizes=\"(max-width: 672px) 100vw, 672px\" \/><\/h3>\n<h3>Se encontraba bajo custodia, d\u00e9bil por cierto, en el marco de una causa por &#8220;Averiguaci\u00f3n de Robo&#8221;.<\/h3>\n<h3>En las \u00faltimas horas fue localizado y puesto nuevamente a disposici\u00f3n de la Justicia. Actualmente, se encuentra bajo custodia policial mientras contin\u00faan las diligencias correspondientes.<\/h3>\n<h3><\/h3>\n<h3><\/h3>\n<h3><\/h3>\n<h3><\/h3>\n<p>&nbsp;<\/p>\n<p>&nbsp;<\/p>\n","protected":false},"excerpt":{"rendered":"<p>La polic\u00eda inform\u00f3 que fue recapturado el individuo que se hab\u00eda fugado el pasado mi\u00e9rcoles&#8230;<\/p>\n","protected":false},"author":1,"featured_media":28399,"comment_status":"closed","ping_status":"closed","sticky":false,"template":"","format":"standard","meta":{"footnotes":""},"categories":[6],"tags":[],"class_list":["post-28446","post","type-post","status-publish","format-standard","has-post-thumbnail","hentry","category-ciudad-provincia"],"yoast_head":"<!-- This site is optimized with the Yoast SEO plugin v26.1.1 - https:\/\/yoast.com\/wordpress\/plugins\/seo\/ -->\n<title>RECAPTURAN AL DETENIDO QUE SE FUG\u00d3 DE UNA SUBCOMISAR\u00cdA EN VILLA MERCEDES - Apuntes de San Luis<\/title>\n<meta name=\"robots\" content=\"index, follow, max-snippet:-1, max-image-preview:large, max-video-preview:-1\" \/>\n<link rel=\"canonical\" href=\"https:\/\/apuntesdesanluis.com\/index.php\/2025\/01\/30\/recapturan-al-detenido-que-se-fugo-de-una-subcomisaria-en-villa-mercedes\/\" \/>\n<meta property=\"og:locale\" content=\"es_ES\" \/>\n<meta property=\"og:type\" content=\"article\" \/>\n<meta property=\"og:title\" content=\"RECAPTURAN AL DETENIDO QUE SE FUG\u00d3 DE UNA SUBCOMISAR\u00cdA EN VILLA MERCEDES - Apuntes de San Luis\" \/>\n<meta property=\"og:description\" content=\"La polic\u00eda inform\u00f3 que fue recapturado el individuo que se hab\u00eda fugado el pasado mi\u00e9rcoles...\" \/>\n<meta property=\"og:url\" content=\"https:\/\/apuntesdesanluis.com\/index.php\/2025\/01\/30\/recapturan-al-detenido-que-se-fugo-de-una-subcomisaria-en-villa-mercedes\/\" \/>\n<meta property=\"og:site_name\" content=\"Apuntes de San Luis\" \/>\n<meta property=\"article:published_time\" content=\"2025-01-30T23:35:59+00:00\" \/>\n<meta property=\"og:image\" content=\"https:\/\/apuntesdesanluis.com\/wp-content\/uploads\/2025\/01\/fernando-oviedo.png\" \/>\n\t<meta property=\"og:image:width\" content=\"812\" \/>\n\t<meta property=\"og:image:height\" content=\"644\" \/>\n\t<meta property=\"og:image:type\" content=\"image\/png\" \/>\n<meta name=\"author\" content=\"apuntesdesanluis.com\" \/>\n<meta name=\"twitter:card\" content=\"summary_large_image\" \/>\n<meta name=\"twitter:label1\" content=\"Escrito por\" \/>\n\t<meta name=\"twitter:data1\" content=\"apuntesdesanluis.com\" \/>\n\t<meta name=\"twitter:label2\" content=\"Tiempo de lectura\" \/>\n\t<meta name=\"twitter:data2\" content=\"1 minuto\" \/>\n<script type=\"application\/ld+json\" class=\"yoast-schema-graph\">{\"@context\":\"https:\/\/schema.org\",\"@graph\":[{\"@type\":\"Article\",\"@id\":\"https:\/\/apuntesdesanluis.com\/index.php\/2025\/01\/30\/recapturan-al-detenido-que-se-fugo-de-una-subcomisaria-en-villa-mercedes\/#article\",\"isPartOf\":{\"@id\":\"https:\/\/apuntesdesanluis.com\/index.php\/2025\/01\/30\/recapturan-al-detenido-que-se-fugo-de-una-subcomisaria-en-villa-mercedes\/\"},\"author\":{\"name\":\"apuntesdesanluis.com\",\"@id\":\"https:\/\/apuntesdesanluis.com\/#\/schema\/person\/b55151d52296fcce64d1a72538a70b90\"},\"headline\":\"RECAPTURAN AL DETENIDO QUE SE FUG\u00d3 DE UNA SUBCOMISAR\u00cdA EN VILLA MERCEDES\",\"datePublished\":\"2025-01-30T23:35:59+00:00\",\"mainEntityOfPage\":{\"@id\":\"https:\/\/apuntesdesanluis.com\/index.php\/2025\/01\/30\/recapturan-al-detenido-que-se-fugo-de-una-subcomisaria-en-villa-mercedes\/\"},\"wordCount\":120,\"publisher\":{\"@id\":\"https:\/\/apuntesdesanluis.com\/#\/schema\/person\/b55151d52296fcce64d1a72538a70b90\"},\"image\":{\"@id\":\"https:\/\/apuntesdesanluis.com\/index.php\/2025\/01\/30\/recapturan-al-detenido-que-se-fugo-de-una-subcomisaria-en-villa-mercedes\/#primaryimage\"},\"thumbnailUrl\":\"https:\/\/apuntesdesanluis.com\/wp-content\/uploads\/2025\/01\/fernando-oviedo.png\",\"articleSection\":[\"Ciudad\/Provincia\"],\"inLanguage\":\"es-AR\"},{\"@type\":\"WebPage\",\"@id\":\"https:\/\/apuntesdesanluis.com\/index.php\/2025\/01\/30\/recapturan-al-detenido-que-se-fugo-de-una-subcomisaria-en-villa-mercedes\/\",\"url\":\"https:\/\/apuntesdesanluis.com\/index.php\/2025\/01\/30\/recapturan-al-detenido-que-se-fugo-de-una-subcomisaria-en-villa-mercedes\/\",\"name\":\"RECAPTURAN AL DETENIDO QUE SE FUG\u00d3 DE UNA SUBCOMISAR\u00cdA EN VILLA MERCEDES - Apuntes de San Luis\",\"isPartOf\":{\"@id\":\"https:\/\/apuntesdesanluis.com\/#website\"},\"primaryImageOfPage\":{\"@id\":\"https:\/\/apuntesdesanluis.com\/index.php\/2025\/01\/30\/recapturan-al-detenido-que-se-fugo-de-una-subcomisaria-en-villa-mercedes\/#primaryimage\"},\"image\":{\"@id\":\"https:\/\/apuntesdesanluis.com\/index.php\/2025\/01\/30\/recapturan-al-detenido-que-se-fugo-de-una-subcomisaria-en-villa-mercedes\/#primaryimage\"},\"thumbnailUrl\":\"https:\/\/apuntesdesanluis.com\/wp-content\/uploads\/2025\/01\/fernando-oviedo.png\",\"datePublished\":\"2025-01-30T23:35:59+00:00\",\"breadcrumb\":{\"@id\":\"https:\/\/apuntesdesanluis.com\/index.php\/2025\/01\/30\/recapturan-al-detenido-que-se-fugo-de-una-subcomisaria-en-villa-mercedes\/#breadcrumb\"},\"inLanguage\":\"es-AR\",\"potentialAction\":[{\"@type\":\"ReadAction\",\"target\":[\"https:\/\/apuntesdesanluis.com\/index.php\/2025\/01\/30\/recapturan-al-detenido-que-se-fugo-de-una-subcomisaria-en-villa-mercedes\/\"]}]},{\"@type\":\"ImageObject\",\"inLanguage\":\"es-AR\",\"@id\":\"https:\/\/apuntesdesanluis.com\/index.php\/2025\/01\/30\/recapturan-al-detenido-que-se-fugo-de-una-subcomisaria-en-villa-mercedes\/#primaryimage\",\"url\":\"https:\/\/apuntesdesanluis.com\/wp-content\/uploads\/2025\/01\/fernando-oviedo.png\",\"contentUrl\":\"https:\/\/apuntesdesanluis.com\/wp-content\/uploads\/2025\/01\/fernando-oviedo.png\",\"width\":812,\"height\":644},{\"@type\":\"BreadcrumbList\",\"@id\":\"https:\/\/apuntesdesanluis.com\/index.php\/2025\/01\/30\/recapturan-al-detenido-que-se-fugo-de-una-subcomisaria-en-villa-mercedes\/#breadcrumb\",\"itemListElement\":[{\"@type\":\"ListItem\",\"position\":1,\"name\":\"Inicio\",\"item\":\"https:\/\/apuntesdesanluis.com\/\"},{\"@type\":\"ListItem\",\"position\":2,\"name\":\"RECAPTURAN AL DETENIDO QUE SE FUG\u00d3 DE UNA SUBCOMISAR\u00cdA EN VILLA MERCEDES\"}]},{\"@type\":\"WebSite\",\"@id\":\"https:\/\/apuntesdesanluis.com\/#website\",\"url\":\"https:\/\/apuntesdesanluis.com\/\",\"name\":\"Apuntes de San Luis\",\"description\":\"\",\"publisher\":{\"@id\":\"https:\/\/apuntesdesanluis.com\/#\/schema\/person\/b55151d52296fcce64d1a72538a70b90\"},\"potentialAction\":[{\"@type\":\"SearchAction\",\"target\":{\"@type\":\"EntryPoint\",\"urlTemplate\":\"https:\/\/apuntesdesanluis.com\/?s={search_term_string}\"},\"query-input\":{\"@type\":\"PropertyValueSpecification\",\"valueRequired\":true,\"valueName\":\"search_term_string\"}}],\"inLanguage\":\"es-AR\"},{\"@type\":[\"Person\",\"Organization\"],\"@id\":\"https:\/\/apuntesdesanluis.com\/#\/schema\/person\/b55151d52296fcce64d1a72538a70b90\",\"name\":\"apuntesdesanluis.com\",\"image\":{\"@type\":\"ImageObject\",\"inLanguage\":\"es-AR\",\"@id\":\"https:\/\/apuntesdesanluis.com\/#\/schema\/person\/image\/\",\"url\":\"https:\/\/apuntesdesanluis.com\/wp-content\/uploads\/2023\/07\/cropped-apuntesdesanluis.png\",\"contentUrl\":\"https:\/\/apuntesdesanluis.com\/wp-content\/uploads\/2023\/07\/cropped-apuntesdesanluis.png\",\"width\":450,\"height\":112,\"caption\":\"apuntesdesanluis.com\"},\"logo\":{\"@id\":\"https:\/\/apuntesdesanluis.com\/#\/schema\/person\/image\/\"},\"sameAs\":[\"https:\/\/apuntesdesanluis.com\"],\"url\":\"https:\/\/apuntesdesanluis.com\/index.php\/author\/apuntesdesanluis-com\/\"}]}<\/script>\n<!-- \/ Yoast SEO plugin. -->","yoast_head_json":{"title":"RECAPTURAN AL DETENIDO QUE SE FUG\u00d3 DE UNA SUBCOMISAR\u00cdA EN VILLA MERCEDES - Apuntes de San Luis","robots":{"index":"index","follow":"follow","max-snippet":"max-snippet:-1","max-image-preview":"max-image-preview:large","max-video-preview":"max-video-preview:-1"},"canonical":"https:\/\/apuntesdesanluis.com\/index.php\/2025\/01\/30\/recapturan-al-detenido-que-se-fugo-de-una-subcomisaria-en-villa-mercedes\/","og_locale":"es_ES","og_type":"article","og_title":"RECAPTURAN AL DETENIDO QUE SE FUG\u00d3 DE UNA SUBCOMISAR\u00cdA EN VILLA MERCEDES - Apuntes de San Luis","og_description":"La polic\u00eda inform\u00f3 que fue recapturado el individuo que se hab\u00eda fugado el pasado mi\u00e9rcoles...","og_url":"https:\/\/apuntesdesanluis.com\/index.php\/2025\/01\/30\/recapturan-al-detenido-que-se-fugo-de-una-subcomisaria-en-villa-mercedes\/","og_site_name":"Apuntes de San Luis","article_published_time":"2025-01-30T23:35:59+00:00","og_image":[{"width":812,"height":644,"url":"https:\/\/apuntesdesanluis.com\/wp-content\/uploads\/2025\/01\/fernando-oviedo.png","type":"image\/png"}],"author":"apuntesdesanluis.com","twitter_card":"summary_large_image","twitter_misc":{"Escrito por":"apuntesdesanluis.com","Tiempo de lectura":"1 minuto"},"schema":{"@context":"https:\/\/schema.org","@graph":[{"@type":"Article","@id":"https:\/\/apuntesdesanluis.com\/index.php\/2025\/01\/30\/recapturan-al-detenido-que-se-fugo-de-una-subcomisaria-en-villa-mercedes\/#article","isPartOf":{"@id":"https:\/\/apuntesdesanluis.com\/index.php\/2025\/01\/30\/recapturan-al-detenido-que-se-fugo-de-una-subcomisaria-en-villa-mercedes\/"},"author":{"name":"apuntesdesanluis.com","@id":"https:\/\/apuntesdesanluis.com\/#\/schema\/person\/b55151d52296fcce64d1a72538a70b90"},"headline":"RECAPTURAN AL DETENIDO QUE SE FUG\u00d3 DE UNA SUBCOMISAR\u00cdA EN VILLA MERCEDES","datePublished":"2025-01-30T23:35:59+00:00","mainEntityOfPage":{"@id":"https:\/\/apuntesdesanluis.com\/index.php\/2025\/01\/30\/recapturan-al-detenido-que-se-fugo-de-una-subcomisaria-en-villa-mercedes\/"},"wordCount":120,"publisher":{"@id":"https:\/\/apuntesdesanluis.com\/#\/schema\/person\/b55151d52296fcce64d1a72538a70b90"},"image":{"@id":"https:\/\/apuntesdesanluis.com\/index.php\/2025\/01\/30\/recapturan-al-detenido-que-se-fugo-de-una-subcomisaria-en-villa-mercedes\/#primaryimage"},"thumbnailUrl":"https:\/\/apuntesdesanluis.com\/wp-content\/uploads\/2025\/01\/fernando-oviedo.png","articleSection":["Ciudad\/Provincia"],"inLanguage":"es-AR"},{"@type":"WebPage","@id":"https:\/\/apuntesdesanluis.com\/index.php\/2025\/01\/30\/recapturan-al-detenido-que-se-fugo-de-una-subcomisaria-en-villa-mercedes\/","url":"https:\/\/apuntesdesanluis.com\/index.php\/2025\/01\/30\/recapturan-al-detenido-que-se-fugo-de-una-subcomisaria-en-villa-mercedes\/","name":"RECAPTURAN AL DETENIDO QUE SE FUG\u00d3 DE UNA SUBCOMISAR\u00cdA EN VILLA MERCEDES - Apuntes de San Luis","isPartOf":{"@id":"https:\/\/apuntesdesanluis.com\/#website"},"primaryImageOfPage":{"@id":"https:\/\/apuntesdesanluis.com\/index.php\/2025\/01\/30\/recapturan-al-detenido-que-se-fugo-de-una-subcomisaria-en-villa-mercedes\/#primaryimage"},"image":{"@id":"https:\/\/apuntesdesanluis.com\/index.php\/2025\/01\/30\/recapturan-al-detenido-que-se-fugo-de-una-subcomisaria-en-villa-mercedes\/#primaryimage"},"thumbnailUrl":"https:\/\/apuntesdesanluis.com\/wp-content\/uploads\/2025\/01\/fernando-oviedo.png","datePublished":"2025-01-30T23:35:59+00:00","breadcrumb":{"@id":"https:\/\/apuntesdesanluis.com\/index.php\/2025\/01\/30\/recapturan-al-detenido-que-se-fugo-de-una-subcomisaria-en-villa-mercedes\/#breadcrumb"},"inLanguage":"es-AR","potentialAction":[{"@type":"ReadAction","target":["https:\/\/apuntesdesanluis.com\/index.php\/2025\/01\/30\/recapturan-al-detenido-que-se-fugo-de-una-subcomisaria-en-villa-mercedes\/"]}]},{"@type":"ImageObject","inLanguage":"es-AR","@id":"https:\/\/apuntesdesanluis.com\/index.php\/2025\/01\/30\/recapturan-al-detenido-que-se-fugo-de-una-subcomisaria-en-villa-mercedes\/#primaryimage","url":"https:\/\/apuntesdesanluis.com\/wp-content\/uploads\/2025\/01\/fernando-oviedo.png","contentUrl":"https:\/\/apuntesdesanluis.com\/wp-content\/uploads\/2025\/01\/fernando-oviedo.png","width":812,"height":644},{"@type":"BreadcrumbList","@id":"https:\/\/apuntesdesanluis.com\/index.php\/2025\/01\/30\/recapturan-al-detenido-que-se-fugo-de-una-subcomisaria-en-villa-mercedes\/#breadcrumb","itemListElement":[{"@type":"ListItem","position":1,"name":"Inicio","item":"https:\/\/apuntesdesanluis.com\/"},{"@type":"ListItem","position":2,"name":"RECAPTURAN AL DETENIDO QUE SE FUG\u00d3 DE UNA SUBCOMISAR\u00cdA EN VILLA MERCEDES"}]},{"@type":"WebSite","@id":"https:\/\/apuntesdesanluis.com\/#website","url":"https:\/\/apuntesdesanluis.com\/","name":"Apuntes de San Luis","description":"","publisher":{"@id":"https:\/\/apuntesdesanluis.com\/#\/schema\/person\/b55151d52296fcce64d1a72538a70b90"},"potentialAction":[{"@type":"SearchAction","target":{"@type":"EntryPoint","urlTemplate":"https:\/\/apuntesdesanluis.com\/?s={search_term_string}"},"query-input":{"@type":"PropertyValueSpecification","valueRequired":true,"valueName":"search_term_string"}}],"inLanguage":"es-AR"},{"@type":["Person","Organization"],"@id":"https:\/\/apuntesdesanluis.com\/#\/schema\/person\/b55151d52296fcce64d1a72538a70b90","name":"apuntesdesanluis.com","image":{"@type":"ImageObject","inLanguage":"es-AR","@id":"https:\/\/apuntesdesanluis.com\/#\/schema\/person\/image\/","url":"https:\/\/apuntesdesanluis.com\/wp-content\/uploads\/2023\/07\/cropped-apuntesdesanluis.png","contentUrl":"https:\/\/apuntesdesanluis.com\/wp-content\/uploads\/2023\/07\/cropped-apuntesdesanluis.png","width":450,"height":112,"caption":"apuntesdesanluis.com"},"logo":{"@id":"https:\/\/apuntesdesanluis.com\/#\/schema\/person\/image\/"},"sameAs":["https:\/\/apuntesdesanluis.com"],"url":"https:\/\/apuntesdesanluis.com\/index.php\/author\/apuntesdesanluis-com\/"}]}},"featured_image_urls":{"full":["https:\/\/apuntesdesanluis.com\/wp-content\/uploads\/2025\/01\/fernando-oviedo.png",812,644,false],"thumbnail":["https:\/\/apuntesdesanluis.com\/wp-content\/uploads\/2025\/01\/fernando-oviedo-150x150.png",150,150,true],"medium":["https:\/\/apuntesdesanluis.com\/wp-content\/uploads\/2025\/01\/fernando-oviedo-300x238.png",300,238,true],"medium_large":["https:\/\/apuntesdesanluis.com\/wp-content\/uploads\/2025\/01\/fernando-oviedo-768x609.png",640,508,true],"large":["https:\/\/apuntesdesanluis.com\/wp-content\/uploads\/2025\/01\/fernando-oviedo.png",640,508,false],"1536x1536":["https:\/\/apuntesdesanluis.com\/wp-content\/uploads\/2025\/01\/fernando-oviedo.png",812,644,false],"2048x2048":["https:\/\/apuntesdesanluis.com\/wp-content\/uploads\/2025\/01\/fernando-oviedo.png",812,644,false],"newsever-slider-full":["https:\/\/apuntesdesanluis.com\/wp-content\/uploads\/2025\/01\/fernando-oviedo.png",812,644,false],"newsever-featured":["https:\/\/apuntesdesanluis.com\/wp-content\/uploads\/2025\/01\/fernando-oviedo.png",812,644,false],"newsever-medium":["https:\/\/apuntesdesanluis.com\/wp-content\/uploads\/2025\/01\/fernando-oviedo-720x475.png",720,475,true]},"author_info":{"display_name":"apuntesdesanluis.com","author_link":"https:\/\/apuntesdesanluis.com\/index.php\/author\/apuntesdesanluis-com\/"},"category_info":"<a href=\"https:\/\/apuntesdesanluis.com\/index.php\/category\/ciudad-provincia\/\" rel=\"category tag\">Ciudad\/Provincia<\/a>","tag_info":"Ciudad\/Provincia","comment_count":"0","_links":{"self":[{"href":"https:\/\/apuntesdesanluis.com\/index.php\/wp-json\/wp\/v2\/posts\/28446","targetHints":{"allow":["GET"]}}],"collection":[{"href":"https:\/\/apuntesdesanluis.com\/index.php\/wp-json\/wp\/v2\/posts"}],"about":[{"href":"https:\/\/apuntesdesanluis.com\/index.php\/wp-json\/wp\/v2\/types\/post"}],"author":[{"embeddable":true,"href":"https:\/\/apuntesdesanluis.com\/index.php\/wp-json\/wp\/v2\/users\/1"}],"replies":[{"embeddable":true,"href":"https:\/\/apuntesdesanluis.com\/index.php\/wp-json\/wp\/v2\/comments?post=28446"}],"version-history":[{"count":1,"href":"https:\/\/apuntesdesanluis.com\/index.php\/wp-json\/wp\/v2\/posts\/28446\/revisions"}],"predecessor-version":[{"id":28447,"href":"https:\/\/apuntesdesanluis.com\/index.php\/wp-json\/wp\/v2\/posts\/28446\/revisions\/28447"}],"wp:featuredmedia":[{"embeddable":true,"href":"https:\/\/apuntesdesanluis.com\/index.php\/wp-json\/wp\/v2\/media\/28399"}],"wp:attachment":[{"href":"https:\/\/apuntesdesanluis.com\/index.php\/wp-json\/wp\/v2\/media?parent=28446"}],"wp:term":[{"taxonomy":"category","embeddable":true,"href":"https:\/\/apuntesdesanluis.com\/index.php\/wp-json\/wp\/v2\/categories?post=28446"},{"taxonomy":"post_tag","embeddable":true,"href":"https:\/\/apuntesdesanluis.com\/index.php\/wp-json\/wp\/v2\/tags?post=28446"}],"curies":[{"name":"wp","href":"https:\/\/api.w.org\/{rel}","templated":true}]}}