{"id":28451,"date":"2025-01-30T20:55:01","date_gmt":"2025-01-30T23:55:01","guid":{"rendered":"https:\/\/apuntesdesanluis.com\/?p=28451"},"modified":"2025-01-30T20:55:01","modified_gmt":"2025-01-30T23:55:01","slug":"carrio-manifesto-su-mas-absoluto-rechazo-y-honda-preocupacion-por-los-agravios-de-milei","status":"publish","type":"post","link":"https:\/\/apuntesdesanluis.com\/index.php\/2025\/01\/30\/carrio-manifesto-su-mas-absoluto-rechazo-y-honda-preocupacion-por-los-agravios-de-milei\/","title":{"rendered":"CARRI\u00d3 MANIFEST\u00d3 SU \u201dM\u00c1S ABSOLUTO RECHAZO Y HONDA PREOCUPACI\u00d3N\u201d POR LOS AGRAVIOS DE MILEI"},"content":{"rendered":"<h3>La ex diputada nacional apunt\u00f3 contra el Presidente y sostuvo que \u201csus discursos\u201d no los hace a t\u00edtulo personal \u201csino en su car\u00e1cter de Jefe de Estado Argentino\u201d. \u201cSus expresiones deben ser respetuosas de la Constituci\u00f3n Nacional\u201d, a\u00f1adi\u00f3.<\/h3>\n<h3>La ex diputada nacional por la Coalici\u00f3n C\u00edvica, <strong>Elisa Carri\u00f3<\/strong>, apunt\u00f3 contra el presidente <strong>Javier Milei<\/strong> y afirm\u00f3 que \u201cel discurso formulado en Davos\u201d por el mandatario \u201cle exige manifestar el m\u00e1s absoluto rechazo y honda preocupaci\u00f3n\u201d dado que \u201cviola\u201d la Constituci\u00f3n Nacional.<\/h3>\n<h3>En una carta abierta publicada en sus redes sociales, la ex funcionaria sostuvo que cualquiera de las palabras que manifiesta Milei, no lo hace en car\u00e1cter personal \u201csino como Jefe de Estado Argentino\u201d y que, por ese motivo, debe respetar la Ley Suprema.<\/h3>\n<h3>\u201cSus discursos, sus publicaciones en las redes y cualquier comentario en alg\u00fan medio de comunicaci\u00f3n, no los hace a t\u00edtulo personal sino en su car\u00e1cter de Jefe de Estado Argentino y, en consecuencia, sus expresiones deben ser respetuosas de la Constituci\u00f3n Nacional, de los tratados de derechos humanos y de las leyes, en definitiva, del Estado de Derecho\u201d, expres\u00f3 Carri\u00f3.<\/h3>\n<h3>En la misma l\u00ednea, sostuvo que, cuando eso no sucede, \u201cese acto o expresi\u00f3n presidencial\u201d que transgrede a las leyes \u201ccarece de legalidad\u201d y \u201cdeviene en un acto de hecho (de facto) contrario a lo dispuesto en el art\u00edculo 36\u00ba de la Constituci\u00f3n Nacional\u201d.<\/h3>\n<h3>Asimismo, se\u00f1al\u00f3 que \u201ctodo discurso o actos dirigidos expresamente a violar la Constituci\u00f3n Nacional\u201d convierte a este Gobierno \u201cde hecho\u201d en \u201clos t\u00e9rminos del art\u00edculo constitucional mencionado\u201d, por ser \u201ccontrario\u201d al Estado de Derecho.<\/h3>\n<h3>\u201cLo inapropiado consiste, lisa y llanamente, en que dicho contenido es una enunciaci\u00f3n sistem\u00e1tica de expresiones contrarias a los derechos humanos enunciados por nuestra Carta Magna y por todos los tratados de la materia dotados de jerarqu\u00eda constitucional\u201d, concluy\u00f3.<\/h3>\n<p>&nbsp;<\/p>\n<p>&nbsp;<\/p>\n<p>&nbsp;<\/p>\n","protected":false},"excerpt":{"rendered":"<p>La ex diputada nacional apunt\u00f3 contra el Presidente y sostuvo que \u201csus discursos\u201d no los&#8230;<\/p>\n","protected":false},"author":1,"featured_media":28452,"comment_status":"closed","ping_status":"closed","sticky":false,"template":"","format":"standard","meta":{"footnotes":""},"categories":[5],"tags":[],"class_list":["post-28451","post","type-post","status-publish","format-standard","has-post-thumbnail","hentry","category-nacionales-internacionales"],"yoast_head":"<!-- This site is optimized with the Yoast SEO plugin v26.1.1 - https:\/\/yoast.com\/wordpress\/plugins\/seo\/ -->\n<title>CARRI\u00d3 MANIFEST\u00d3 SU \u201dM\u00c1S ABSOLUTO RECHAZO Y HONDA PREOCUPACI\u00d3N\u201d POR LOS AGRAVIOS DE MILEI - Apuntes de San Luis<\/title>\n<meta name=\"robots\" content=\"index, follow, max-snippet:-1, max-image-preview:large, max-video-preview:-1\" \/>\n<link rel=\"canonical\" href=\"https:\/\/apuntesdesanluis.com\/index.php\/2025\/01\/30\/carrio-manifesto-su-mas-absoluto-rechazo-y-honda-preocupacion-por-los-agravios-de-milei\/\" \/>\n<meta property=\"og:locale\" content=\"es_ES\" \/>\n<meta property=\"og:type\" content=\"article\" \/>\n<meta property=\"og:title\" content=\"CARRI\u00d3 MANIFEST\u00d3 SU \u201dM\u00c1S ABSOLUTO RECHAZO Y HONDA PREOCUPACI\u00d3N\u201d POR LOS AGRAVIOS DE MILEI - Apuntes de San Luis\" \/>\n<meta property=\"og:description\" content=\"La ex diputada nacional apunt\u00f3 contra el Presidente y sostuvo que \u201csus discursos\u201d no los...\" \/>\n<meta property=\"og:url\" content=\"https:\/\/apuntesdesanluis.com\/index.php\/2025\/01\/30\/carrio-manifesto-su-mas-absoluto-rechazo-y-honda-preocupacion-por-los-agravios-de-milei\/\" \/>\n<meta property=\"og:site_name\" content=\"Apuntes de San Luis\" \/>\n<meta property=\"article:published_time\" content=\"2025-01-30T23:55:01+00:00\" \/>\n<meta property=\"og:image\" content=\"https:\/\/apuntesdesanluis.com\/wp-content\/uploads\/2025\/01\/ELISA-CARRIO.png\" \/>\n\t<meta property=\"og:image:width\" content=\"762\" \/>\n\t<meta property=\"og:image:height\" content=\"470\" \/>\n\t<meta property=\"og:image:type\" content=\"image\/png\" \/>\n<meta name=\"author\" content=\"apuntesdesanluis.com\" \/>\n<meta name=\"twitter:card\" content=\"summary_large_image\" \/>\n<meta name=\"twitter:label1\" content=\"Escrito por\" \/>\n\t<meta name=\"twitter:data1\" content=\"apuntesdesanluis.com\" \/>\n\t<meta name=\"twitter:label2\" content=\"Tiempo de lectura\" \/>\n\t<meta name=\"twitter:data2\" content=\"2 minutos\" \/>\n<script type=\"application\/ld+json\" class=\"yoast-schema-graph\">{\"@context\":\"https:\/\/schema.org\",\"@graph\":[{\"@type\":\"Article\",\"@id\":\"https:\/\/apuntesdesanluis.com\/index.php\/2025\/01\/30\/carrio-manifesto-su-mas-absoluto-rechazo-y-honda-preocupacion-por-los-agravios-de-milei\/#article\",\"isPartOf\":{\"@id\":\"https:\/\/apuntesdesanluis.com\/index.php\/2025\/01\/30\/carrio-manifesto-su-mas-absoluto-rechazo-y-honda-preocupacion-por-los-agravios-de-milei\/\"},\"author\":{\"name\":\"apuntesdesanluis.com\",\"@id\":\"https:\/\/apuntesdesanluis.com\/#\/schema\/person\/b55151d52296fcce64d1a72538a70b90\"},\"headline\":\"CARRI\u00d3 MANIFEST\u00d3 SU \u201dM\u00c1S ABSOLUTO RECHAZO Y HONDA PREOCUPACI\u00d3N\u201d POR LOS AGRAVIOS DE MILEI\",\"datePublished\":\"2025-01-30T23:55:01+00:00\",\"mainEntityOfPage\":{\"@id\":\"https:\/\/apuntesdesanluis.com\/index.php\/2025\/01\/30\/carrio-manifesto-su-mas-absoluto-rechazo-y-honda-preocupacion-por-los-agravios-de-milei\/\"},\"wordCount\":345,\"publisher\":{\"@id\":\"https:\/\/apuntesdesanluis.com\/#\/schema\/person\/b55151d52296fcce64d1a72538a70b90\"},\"image\":{\"@id\":\"https:\/\/apuntesdesanluis.com\/index.php\/2025\/01\/30\/carrio-manifesto-su-mas-absoluto-rechazo-y-honda-preocupacion-por-los-agravios-de-milei\/#primaryimage\"},\"thumbnailUrl\":\"https:\/\/apuntesdesanluis.com\/wp-content\/uploads\/2025\/01\/ELISA-CARRIO.png\",\"articleSection\":[\"Nacionales\/Internacionales\"],\"inLanguage\":\"es-AR\"},{\"@type\":\"WebPage\",\"@id\":\"https:\/\/apuntesdesanluis.com\/index.php\/2025\/01\/30\/carrio-manifesto-su-mas-absoluto-rechazo-y-honda-preocupacion-por-los-agravios-de-milei\/\",\"url\":\"https:\/\/apuntesdesanluis.com\/index.php\/2025\/01\/30\/carrio-manifesto-su-mas-absoluto-rechazo-y-honda-preocupacion-por-los-agravios-de-milei\/\",\"name\":\"CARRI\u00d3 MANIFEST\u00d3 SU \u201dM\u00c1S ABSOLUTO RECHAZO Y HONDA PREOCUPACI\u00d3N\u201d POR LOS AGRAVIOS DE MILEI - Apuntes de San Luis\",\"isPartOf\":{\"@id\":\"https:\/\/apuntesdesanluis.com\/#website\"},\"primaryImageOfPage\":{\"@id\":\"https:\/\/apuntesdesanluis.com\/index.php\/2025\/01\/30\/carrio-manifesto-su-mas-absoluto-rechazo-y-honda-preocupacion-por-los-agravios-de-milei\/#primaryimage\"},\"image\":{\"@id\":\"https:\/\/apuntesdesanluis.com\/index.php\/2025\/01\/30\/carrio-manifesto-su-mas-absoluto-rechazo-y-honda-preocupacion-por-los-agravios-de-milei\/#primaryimage\"},\"thumbnailUrl\":\"https:\/\/apuntesdesanluis.com\/wp-content\/uploads\/2025\/01\/ELISA-CARRIO.png\",\"datePublished\":\"2025-01-30T23:55:01+00:00\",\"breadcrumb\":{\"@id\":\"https:\/\/apuntesdesanluis.com\/index.php\/2025\/01\/30\/carrio-manifesto-su-mas-absoluto-rechazo-y-honda-preocupacion-por-los-agravios-de-milei\/#breadcrumb\"},\"inLanguage\":\"es-AR\",\"potentialAction\":[{\"@type\":\"ReadAction\",\"target\":[\"https:\/\/apuntesdesanluis.com\/index.php\/2025\/01\/30\/carrio-manifesto-su-mas-absoluto-rechazo-y-honda-preocupacion-por-los-agravios-de-milei\/\"]}]},{\"@type\":\"ImageObject\",\"inLanguage\":\"es-AR\",\"@id\":\"https:\/\/apuntesdesanluis.com\/index.php\/2025\/01\/30\/carrio-manifesto-su-mas-absoluto-rechazo-y-honda-preocupacion-por-los-agravios-de-milei\/#primaryimage\",\"url\":\"https:\/\/apuntesdesanluis.com\/wp-content\/uploads\/2025\/01\/ELISA-CARRIO.png\",\"contentUrl\":\"https:\/\/apuntesdesanluis.com\/wp-content\/uploads\/2025\/01\/ELISA-CARRIO.png\",\"width\":762,\"height\":470},{\"@type\":\"BreadcrumbList\",\"@id\":\"https:\/\/apuntesdesanluis.com\/index.php\/2025\/01\/30\/carrio-manifesto-su-mas-absoluto-rechazo-y-honda-preocupacion-por-los-agravios-de-milei\/#breadcrumb\",\"itemListElement\":[{\"@type\":\"ListItem\",\"position\":1,\"name\":\"Inicio\",\"item\":\"https:\/\/apuntesdesanluis.com\/\"},{\"@type\":\"ListItem\",\"position\":2,\"name\":\"CARRI\u00d3 MANIFEST\u00d3 SU \u201dM\u00c1S ABSOLUTO RECHAZO Y HONDA PREOCUPACI\u00d3N\u201d POR LOS AGRAVIOS DE MILEI\"}]},{\"@type\":\"WebSite\",\"@id\":\"https:\/\/apuntesdesanluis.com\/#website\",\"url\":\"https:\/\/apuntesdesanluis.com\/\",\"name\":\"Apuntes de San Luis\",\"description\":\"\",\"publisher\":{\"@id\":\"https:\/\/apuntesdesanluis.com\/#\/schema\/person\/b55151d52296fcce64d1a72538a70b90\"},\"potentialAction\":[{\"@type\":\"SearchAction\",\"target\":{\"@type\":\"EntryPoint\",\"urlTemplate\":\"https:\/\/apuntesdesanluis.com\/?s={search_term_string}\"},\"query-input\":{\"@type\":\"PropertyValueSpecification\",\"valueRequired\":true,\"valueName\":\"search_term_string\"}}],\"inLanguage\":\"es-AR\"},{\"@type\":[\"Person\",\"Organization\"],\"@id\":\"https:\/\/apuntesdesanluis.com\/#\/schema\/person\/b55151d52296fcce64d1a72538a70b90\",\"name\":\"apuntesdesanluis.com\",\"image\":{\"@type\":\"ImageObject\",\"inLanguage\":\"es-AR\",\"@id\":\"https:\/\/apuntesdesanluis.com\/#\/schema\/person\/image\/\",\"url\":\"https:\/\/apuntesdesanluis.com\/wp-content\/uploads\/2023\/07\/cropped-apuntesdesanluis.png\",\"contentUrl\":\"https:\/\/apuntesdesanluis.com\/wp-content\/uploads\/2023\/07\/cropped-apuntesdesanluis.png\",\"width\":450,\"height\":112,\"caption\":\"apuntesdesanluis.com\"},\"logo\":{\"@id\":\"https:\/\/apuntesdesanluis.com\/#\/schema\/person\/image\/\"},\"sameAs\":[\"https:\/\/apuntesdesanluis.com\"],\"url\":\"https:\/\/apuntesdesanluis.com\/index.php\/author\/apuntesdesanluis-com\/\"}]}<\/script>\n<!-- \/ Yoast SEO plugin. -->","yoast_head_json":{"title":"CARRI\u00d3 MANIFEST\u00d3 SU \u201dM\u00c1S ABSOLUTO RECHAZO Y HONDA PREOCUPACI\u00d3N\u201d POR LOS AGRAVIOS DE MILEI - Apuntes de San Luis","robots":{"index":"index","follow":"follow","max-snippet":"max-snippet:-1","max-image-preview":"max-image-preview:large","max-video-preview":"max-video-preview:-1"},"canonical":"https:\/\/apuntesdesanluis.com\/index.php\/2025\/01\/30\/carrio-manifesto-su-mas-absoluto-rechazo-y-honda-preocupacion-por-los-agravios-de-milei\/","og_locale":"es_ES","og_type":"article","og_title":"CARRI\u00d3 MANIFEST\u00d3 SU \u201dM\u00c1S ABSOLUTO RECHAZO Y HONDA PREOCUPACI\u00d3N\u201d POR LOS AGRAVIOS DE MILEI - Apuntes de San Luis","og_description":"La ex diputada nacional apunt\u00f3 contra el Presidente y sostuvo que \u201csus discursos\u201d no los...","og_url":"https:\/\/apuntesdesanluis.com\/index.php\/2025\/01\/30\/carrio-manifesto-su-mas-absoluto-rechazo-y-honda-preocupacion-por-los-agravios-de-milei\/","og_site_name":"Apuntes de San Luis","article_published_time":"2025-01-30T23:55:01+00:00","og_image":[{"width":762,"height":470,"url":"https:\/\/apuntesdesanluis.com\/wp-content\/uploads\/2025\/01\/ELISA-CARRIO.png","type":"image\/png"}],"author":"apuntesdesanluis.com","twitter_card":"summary_large_image","twitter_misc":{"Escrito por":"apuntesdesanluis.com","Tiempo de lectura":"2 minutos"},"schema":{"@context":"https:\/\/schema.org","@graph":[{"@type":"Article","@id":"https:\/\/apuntesdesanluis.com\/index.php\/2025\/01\/30\/carrio-manifesto-su-mas-absoluto-rechazo-y-honda-preocupacion-por-los-agravios-de-milei\/#article","isPartOf":{"@id":"https:\/\/apuntesdesanluis.com\/index.php\/2025\/01\/30\/carrio-manifesto-su-mas-absoluto-rechazo-y-honda-preocupacion-por-los-agravios-de-milei\/"},"author":{"name":"apuntesdesanluis.com","@id":"https:\/\/apuntesdesanluis.com\/#\/schema\/person\/b55151d52296fcce64d1a72538a70b90"},"headline":"CARRI\u00d3 MANIFEST\u00d3 SU \u201dM\u00c1S ABSOLUTO RECHAZO Y HONDA PREOCUPACI\u00d3N\u201d POR LOS AGRAVIOS DE MILEI","datePublished":"2025-01-30T23:55:01+00:00","mainEntityOfPage":{"@id":"https:\/\/apuntesdesanluis.com\/index.php\/2025\/01\/30\/carrio-manifesto-su-mas-absoluto-rechazo-y-honda-preocupacion-por-los-agravios-de-milei\/"},"wordCount":345,"publisher":{"@id":"https:\/\/apuntesdesanluis.com\/#\/schema\/person\/b55151d52296fcce64d1a72538a70b90"},"image":{"@id":"https:\/\/apuntesdesanluis.com\/index.php\/2025\/01\/30\/carrio-manifesto-su-mas-absoluto-rechazo-y-honda-preocupacion-por-los-agravios-de-milei\/#primaryimage"},"thumbnailUrl":"https:\/\/apuntesdesanluis.com\/wp-content\/uploads\/2025\/01\/ELISA-CARRIO.png","articleSection":["Nacionales\/Internacionales"],"inLanguage":"es-AR"},{"@type":"WebPage","@id":"https:\/\/apuntesdesanluis.com\/index.php\/2025\/01\/30\/carrio-manifesto-su-mas-absoluto-rechazo-y-honda-preocupacion-por-los-agravios-de-milei\/","url":"https:\/\/apuntesdesanluis.com\/index.php\/2025\/01\/30\/carrio-manifesto-su-mas-absoluto-rechazo-y-honda-preocupacion-por-los-agravios-de-milei\/","name":"CARRI\u00d3 MANIFEST\u00d3 SU \u201dM\u00c1S ABSOLUTO RECHAZO Y HONDA PREOCUPACI\u00d3N\u201d POR LOS AGRAVIOS DE MILEI - Apuntes de San Luis","isPartOf":{"@id":"https:\/\/apuntesdesanluis.com\/#website"},"primaryImageOfPage":{"@id":"https:\/\/apuntesdesanluis.com\/index.php\/2025\/01\/30\/carrio-manifesto-su-mas-absoluto-rechazo-y-honda-preocupacion-por-los-agravios-de-milei\/#primaryimage"},"image":{"@id":"https:\/\/apuntesdesanluis.com\/index.php\/2025\/01\/30\/carrio-manifesto-su-mas-absoluto-rechazo-y-honda-preocupacion-por-los-agravios-de-milei\/#primaryimage"},"thumbnailUrl":"https:\/\/apuntesdesanluis.com\/wp-content\/uploads\/2025\/01\/ELISA-CARRIO.png","datePublished":"2025-01-30T23:55:01+00:00","breadcrumb":{"@id":"https:\/\/apuntesdesanluis.com\/index.php\/2025\/01\/30\/carrio-manifesto-su-mas-absoluto-rechazo-y-honda-preocupacion-por-los-agravios-de-milei\/#breadcrumb"},"inLanguage":"es-AR","potentialAction":[{"@type":"ReadAction","target":["https:\/\/apuntesdesanluis.com\/index.php\/2025\/01\/30\/carrio-manifesto-su-mas-absoluto-rechazo-y-honda-preocupacion-por-los-agravios-de-milei\/"]}]},{"@type":"ImageObject","inLanguage":"es-AR","@id":"https:\/\/apuntesdesanluis.com\/index.php\/2025\/01\/30\/carrio-manifesto-su-mas-absoluto-rechazo-y-honda-preocupacion-por-los-agravios-de-milei\/#primaryimage","url":"https:\/\/apuntesdesanluis.com\/wp-content\/uploads\/2025\/01\/ELISA-CARRIO.png","contentUrl":"https:\/\/apuntesdesanluis.com\/wp-content\/uploads\/2025\/01\/ELISA-CARRIO.png","width":762,"height":470},{"@type":"BreadcrumbList","@id":"https:\/\/apuntesdesanluis.com\/index.php\/2025\/01\/30\/carrio-manifesto-su-mas-absoluto-rechazo-y-honda-preocupacion-por-los-agravios-de-milei\/#breadcrumb","itemListElement":[{"@type":"ListItem","position":1,"name":"Inicio","item":"https:\/\/apuntesdesanluis.com\/"},{"@type":"ListItem","position":2,"name":"CARRI\u00d3 MANIFEST\u00d3 SU \u201dM\u00c1S ABSOLUTO RECHAZO Y HONDA PREOCUPACI\u00d3N\u201d POR LOS AGRAVIOS DE MILEI"}]},{"@type":"WebSite","@id":"https:\/\/apuntesdesanluis.com\/#website","url":"https:\/\/apuntesdesanluis.com\/","name":"Apuntes de San Luis","description":"","publisher":{"@id":"https:\/\/apuntesdesanluis.com\/#\/schema\/person\/b55151d52296fcce64d1a72538a70b90"},"potentialAction":[{"@type":"SearchAction","target":{"@type":"EntryPoint","urlTemplate":"https:\/\/apuntesdesanluis.com\/?s={search_term_string}"},"query-input":{"@type":"PropertyValueSpecification","valueRequired":true,"valueName":"search_term_string"}}],"inLanguage":"es-AR"},{"@type":["Person","Organization"],"@id":"https:\/\/apuntesdesanluis.com\/#\/schema\/person\/b55151d52296fcce64d1a72538a70b90","name":"apuntesdesanluis.com","image":{"@type":"ImageObject","inLanguage":"es-AR","@id":"https:\/\/apuntesdesanluis.com\/#\/schema\/person\/image\/","url":"https:\/\/apuntesdesanluis.com\/wp-content\/uploads\/2023\/07\/cropped-apuntesdesanluis.png","contentUrl":"https:\/\/apuntesdesanluis.com\/wp-content\/uploads\/2023\/07\/cropped-apuntesdesanluis.png","width":450,"height":112,"caption":"apuntesdesanluis.com"},"logo":{"@id":"https:\/\/apuntesdesanluis.com\/#\/schema\/person\/image\/"},"sameAs":["https:\/\/apuntesdesanluis.com"],"url":"https:\/\/apuntesdesanluis.com\/index.php\/author\/apuntesdesanluis-com\/"}]}},"featured_image_urls":{"full":["https:\/\/apuntesdesanluis.com\/wp-content\/uploads\/2025\/01\/ELISA-CARRIO.png",762,470,false],"thumbnail":["https:\/\/apuntesdesanluis.com\/wp-content\/uploads\/2025\/01\/ELISA-CARRIO-150x150.png",150,150,true],"medium":["https:\/\/apuntesdesanluis.com\/wp-content\/uploads\/2025\/01\/ELISA-CARRIO-300x185.png",300,185,true],"medium_large":["https:\/\/apuntesdesanluis.com\/wp-content\/uploads\/2025\/01\/ELISA-CARRIO.png",640,395,false],"large":["https:\/\/apuntesdesanluis.com\/wp-content\/uploads\/2025\/01\/ELISA-CARRIO.png",640,395,false],"1536x1536":["https:\/\/apuntesdesanluis.com\/wp-content\/uploads\/2025\/01\/ELISA-CARRIO.png",762,470,false],"2048x2048":["https:\/\/apuntesdesanluis.com\/wp-content\/uploads\/2025\/01\/ELISA-CARRIO.png",762,470,false],"newsever-slider-full":["https:\/\/apuntesdesanluis.com\/wp-content\/uploads\/2025\/01\/ELISA-CARRIO.png",762,470,false],"newsever-featured":["https:\/\/apuntesdesanluis.com\/wp-content\/uploads\/2025\/01\/ELISA-CARRIO.png",762,470,false],"newsever-medium":["https:\/\/apuntesdesanluis.com\/wp-content\/uploads\/2025\/01\/ELISA-CARRIO-720x470.png",720,470,true]},"author_info":{"display_name":"apuntesdesanluis.com","author_link":"https:\/\/apuntesdesanluis.com\/index.php\/author\/apuntesdesanluis-com\/"},"category_info":"<a href=\"https:\/\/apuntesdesanluis.com\/index.php\/category\/nacionales-internacionales\/\" rel=\"category tag\">Nacionales\/Internacionales<\/a>","tag_info":"Nacionales\/Internacionales","comment_count":"0","_links":{"self":[{"href":"https:\/\/apuntesdesanluis.com\/index.php\/wp-json\/wp\/v2\/posts\/28451","targetHints":{"allow":["GET"]}}],"collection":[{"href":"https:\/\/apuntesdesanluis.com\/index.php\/wp-json\/wp\/v2\/posts"}],"about":[{"href":"https:\/\/apuntesdesanluis.com\/index.php\/wp-json\/wp\/v2\/types\/post"}],"author":[{"embeddable":true,"href":"https:\/\/apuntesdesanluis.com\/index.php\/wp-json\/wp\/v2\/users\/1"}],"replies":[{"embeddable":true,"href":"https:\/\/apuntesdesanluis.com\/index.php\/wp-json\/wp\/v2\/comments?post=28451"}],"version-history":[{"count":1,"href":"https:\/\/apuntesdesanluis.com\/index.php\/wp-json\/wp\/v2\/posts\/28451\/revisions"}],"predecessor-version":[{"id":28453,"href":"https:\/\/apuntesdesanluis.com\/index.php\/wp-json\/wp\/v2\/posts\/28451\/revisions\/28453"}],"wp:featuredmedia":[{"embeddable":true,"href":"https:\/\/apuntesdesanluis.com\/index.php\/wp-json\/wp\/v2\/media\/28452"}],"wp:attachment":[{"href":"https:\/\/apuntesdesanluis.com\/index.php\/wp-json\/wp\/v2\/media?parent=28451"}],"wp:term":[{"taxonomy":"category","embeddable":true,"href":"https:\/\/apuntesdesanluis.com\/index.php\/wp-json\/wp\/v2\/categories?post=28451"},{"taxonomy":"post_tag","embeddable":true,"href":"https:\/\/apuntesdesanluis.com\/index.php\/wp-json\/wp\/v2\/tags?post=28451"}],"curies":[{"name":"wp","href":"https:\/\/api.w.org\/{rel}","templated":true}]}}