{"id":28454,"date":"2025-01-30T21:29:38","date_gmt":"2025-01-31T00:29:38","guid":{"rendered":"https:\/\/apuntesdesanluis.com\/?p=28454"},"modified":"2025-01-30T21:29:38","modified_gmt":"2025-01-31T00:29:38","slug":"un-ciudadano-argentino-esta-entre-las-67-victimas-mortales-de-la-tragedia-aerea-de-washington","status":"publish","type":"post","link":"https:\/\/apuntesdesanluis.com\/index.php\/2025\/01\/30\/un-ciudadano-argentino-esta-entre-las-67-victimas-mortales-de-la-tragedia-aerea-de-washington\/","title":{"rendered":"UN CIUDADANO ARGENTINO EST\u00c1 ENTRE LAS 67 V\u00cdCTIMAS MORTALES DE LA TRAGEDIA A\u00c9REA DE WASHINGTON"},"content":{"rendered":"<h3>Viajaba en el vuelo 5342 de American Eagle, operado por PSA Airlines, que cay\u00f3 al r\u00edo Potomac tras chocar en el aire con un helic\u00f3ptero militar.<\/h3>\n<h3>Un ciudadano argentino est\u00e1 entre las 67 v\u00edctimas mortales provocadas por la tragedia a\u00e9rea de Washington, en la que un helic\u00f3ptero militar choch\u00f3 con un avi\u00f3n comercial de American Airlines.<\/h3>\n<h3>Se trata de un hombre adulto argentino que viajaba junto a su hijo, de nacionalidad chilena, confirmaron fuentes de Canciller\u00eda. A bordo iban otros 58 pasajeros y cuatro miembros de la tripulaci\u00f3n.<\/h3>\n<h3>De acuerdo a las fuentes consultadas, el Ministerio de Relaciones Exteriores aguardaba la lista oficial de parte de las autoridades estadounidenses para poder contactarse con la familia del argentino y dar a conocer su identidad.<\/h3>\n<h3>El choque entre un helic\u00f3ptero militar Blackhawk y un avi\u00f3n de American Eagle ocurri\u00f3 poco antes de las 21.00 del mi\u00e9rcoles en las inmediaciones del aeropuerto Ronald Reagan, a orillas del r\u00edo Potomac, cerca de Washington.<\/h3>\n<p><img fetchpriority=\"high\" decoding=\"async\" class=\"wp-image-28458 aligncenter\" src=\"https:\/\/apuntesdesanluis.com\/wp-content\/uploads\/2025\/01\/BUSQUEDA-300x172.png\" alt=\"\" width=\"724\" height=\"415\" srcset=\"https:\/\/apuntesdesanluis.com\/wp-content\/uploads\/2025\/01\/BUSQUEDA-300x172.png 300w, https:\/\/apuntesdesanluis.com\/wp-content\/uploads\/2025\/01\/BUSQUEDA.png 718w\" sizes=\"(max-width: 724px) 100vw, 724px\" \/><\/p>\n<h3>Hasta el momento los equipos de rescate recuperaron 28 cuerpos y hallaron, tambi\u00e9n, al avi\u00f3n y al helic\u00f3ptero, pero se cree que ninguno sobrevivi\u00f3.<\/h3>\n<h3>En las im\u00e1genes captadas por el Kennedy Center, un centro cultural de Washington, se ven las luces de un avi\u00f3n que desciende, y otras menos brillantes de otro aparato que se dirige hacia \u00e9l, hasta que la colisi\u00f3n produce una deslumbrante bola de fuego.<\/h3>\n<h3>El avi\u00f3n, procedente de Wichita (Kansas), en el centro de Estados Unidos, ten\u00eda previsto aterrizar minutos m\u00e1s tarde, hacia las 21 hs. El helic\u00f3ptero realizaba un vuelo de entrenamiento, seg\u00fan una portavoz militar.<\/h3>\n<h3>La colisi\u00f3n se produjo en un espacio a\u00e9reo congestionado, pero estrictamente controlado, sobre una ciudad que no hab\u00eda vivido una gran tragedia a\u00e9rea desde el atentado de Al Qaeda del 11 de septiembre de 2001. El accidente anterior se produjo en 1982.<\/h3>\n<h3><strong>PATINADORES<\/strong><\/h3>\n<h3>Al menos 14 patinadores, entre ellos, los campeones del mundo de patinaje art\u00edstico rusos <strong>Evgenia Shishkova<\/strong> y <strong>Vadim Naumov,<\/strong> de 46 y 48 a\u00f1os, respectivamente, figuran entre los fallecidos identificados tras el choque de un avi\u00f3n de pasajeros con un helic\u00f3ptero militar, sobre el r\u00edo Potomac en la ciudad estadounidense de Washington.<\/h3>\n<p><img decoding=\"async\" class=\"wp-image-28455 aligncenter\" src=\"https:\/\/apuntesdesanluis.com\/wp-content\/uploads\/2025\/01\/patinadores-300x136.png\" alt=\"\" width=\"754\" height=\"342\" srcset=\"https:\/\/apuntesdesanluis.com\/wp-content\/uploads\/2025\/01\/patinadores-300x136.png 300w, https:\/\/apuntesdesanluis.com\/wp-content\/uploads\/2025\/01\/patinadores-768x347.png 768w, https:\/\/apuntesdesanluis.com\/wp-content\/uploads\/2025\/01\/patinadores.png 772w\" sizes=\"(max-width: 754px) 100vw, 754px\" \/><\/p>\n<h3>La agencia rusa de noticias TASS y el medio Sports.ru indicaron que, seg\u00fan sus fuentes, entre los pasajeros del avi\u00f3n se encontraba el matrimonio que gan\u00f3 el oro por parejas en los Campeonatos del Mundo de patinaje art\u00edstico en 1994, as\u00ed como la final de las Champions Series 1995-96.<\/h3>\n<h3>En tanto, se supo que Shishkova y Naumov se mudaron a Estados Unidos a finales de los &#8217;90 tras sus carreras deportivas, trabajaban como entrenadores y a\u00fan no se inform\u00f3 si su hijo, Maxim, de 23 a\u00f1os, ciudadano estadounidense y que fue campe\u00f3n nacional junior de la disciplina en 2020, se encontraba con ellos en el avi\u00f3n.<\/h3>\n<p>&nbsp;<\/p>\n<p>&nbsp;<\/p>\n<p>&nbsp;<\/p>\n<p>&nbsp;<\/p>\n<p>&nbsp;<\/p>\n","protected":false},"excerpt":{"rendered":"<p>Viajaba en el vuelo 5342 de American Eagle, operado por PSA Airlines, que cay\u00f3 al&#8230;<\/p>\n","protected":false},"author":1,"featured_media":28457,"comment_status":"closed","ping_status":"closed","sticky":false,"template":"","format":"standard","meta":{"footnotes":""},"categories":[5],"tags":[],"class_list":["post-28454","post","type-post","status-publish","format-standard","has-post-thumbnail","hentry","category-nacionales-internacionales"],"yoast_head":"<!-- This site is optimized with the Yoast SEO plugin v26.1.1 - https:\/\/yoast.com\/wordpress\/plugins\/seo\/ -->\n<title>UN CIUDADANO ARGENTINO EST\u00c1 ENTRE LAS 67 V\u00cdCTIMAS MORTALES DE LA TRAGEDIA A\u00c9REA DE WASHINGTON - Apuntes de San Luis<\/title>\n<meta name=\"robots\" content=\"index, follow, max-snippet:-1, max-image-preview:large, max-video-preview:-1\" \/>\n<link rel=\"canonical\" href=\"https:\/\/apuntesdesanluis.com\/index.php\/2025\/01\/30\/un-ciudadano-argentino-esta-entre-las-67-victimas-mortales-de-la-tragedia-aerea-de-washington\/\" \/>\n<meta property=\"og:locale\" content=\"es_ES\" \/>\n<meta property=\"og:type\" content=\"article\" \/>\n<meta property=\"og:title\" content=\"UN CIUDADANO ARGENTINO EST\u00c1 ENTRE LAS 67 V\u00cdCTIMAS MORTALES DE LA TRAGEDIA A\u00c9REA DE WASHINGTON - Apuntes de San Luis\" \/>\n<meta property=\"og:description\" content=\"Viajaba en el vuelo 5342 de American Eagle, operado por PSA Airlines, que cay\u00f3 al...\" \/>\n<meta property=\"og:url\" content=\"https:\/\/apuntesdesanluis.com\/index.php\/2025\/01\/30\/un-ciudadano-argentino-esta-entre-las-67-victimas-mortales-de-la-tragedia-aerea-de-washington\/\" \/>\n<meta property=\"og:site_name\" content=\"Apuntes de San Luis\" \/>\n<meta property=\"article:published_time\" content=\"2025-01-31T00:29:38+00:00\" \/>\n<meta property=\"og:image\" content=\"https:\/\/apuntesdesanluis.com\/wp-content\/uploads\/2025\/01\/ACCIDENTE-3.png\" \/>\n\t<meta property=\"og:image:width\" content=\"782\" \/>\n\t<meta property=\"og:image:height\" content=\"448\" \/>\n\t<meta property=\"og:image:type\" content=\"image\/png\" \/>\n<meta name=\"author\" content=\"apuntesdesanluis.com\" \/>\n<meta name=\"twitter:card\" content=\"summary_large_image\" \/>\n<meta name=\"twitter:label1\" content=\"Escrito por\" \/>\n\t<meta name=\"twitter:data1\" content=\"apuntesdesanluis.com\" \/>\n\t<meta name=\"twitter:label2\" content=\"Tiempo de lectura\" \/>\n\t<meta name=\"twitter:data2\" content=\"3 minutos\" \/>\n<script type=\"application\/ld+json\" class=\"yoast-schema-graph\">{\"@context\":\"https:\/\/schema.org\",\"@graph\":[{\"@type\":\"Article\",\"@id\":\"https:\/\/apuntesdesanluis.com\/index.php\/2025\/01\/30\/un-ciudadano-argentino-esta-entre-las-67-victimas-mortales-de-la-tragedia-aerea-de-washington\/#article\",\"isPartOf\":{\"@id\":\"https:\/\/apuntesdesanluis.com\/index.php\/2025\/01\/30\/un-ciudadano-argentino-esta-entre-las-67-victimas-mortales-de-la-tragedia-aerea-de-washington\/\"},\"author\":{\"name\":\"apuntesdesanluis.com\",\"@id\":\"https:\/\/apuntesdesanluis.com\/#\/schema\/person\/b55151d52296fcce64d1a72538a70b90\"},\"headline\":\"UN CIUDADANO ARGENTINO EST\u00c1 ENTRE LAS 67 V\u00cdCTIMAS MORTALES DE LA TRAGEDIA A\u00c9REA DE WASHINGTON\",\"datePublished\":\"2025-01-31T00:29:38+00:00\",\"mainEntityOfPage\":{\"@id\":\"https:\/\/apuntesdesanluis.com\/index.php\/2025\/01\/30\/un-ciudadano-argentino-esta-entre-las-67-victimas-mortales-de-la-tragedia-aerea-de-washington\/\"},\"wordCount\":507,\"publisher\":{\"@id\":\"https:\/\/apuntesdesanluis.com\/#\/schema\/person\/b55151d52296fcce64d1a72538a70b90\"},\"image\":{\"@id\":\"https:\/\/apuntesdesanluis.com\/index.php\/2025\/01\/30\/un-ciudadano-argentino-esta-entre-las-67-victimas-mortales-de-la-tragedia-aerea-de-washington\/#primaryimage\"},\"thumbnailUrl\":\"https:\/\/apuntesdesanluis.com\/wp-content\/uploads\/2025\/01\/ACCIDENTE-3.png\",\"articleSection\":[\"Nacionales\/Internacionales\"],\"inLanguage\":\"es-AR\"},{\"@type\":\"WebPage\",\"@id\":\"https:\/\/apuntesdesanluis.com\/index.php\/2025\/01\/30\/un-ciudadano-argentino-esta-entre-las-67-victimas-mortales-de-la-tragedia-aerea-de-washington\/\",\"url\":\"https:\/\/apuntesdesanluis.com\/index.php\/2025\/01\/30\/un-ciudadano-argentino-esta-entre-las-67-victimas-mortales-de-la-tragedia-aerea-de-washington\/\",\"name\":\"UN CIUDADANO ARGENTINO EST\u00c1 ENTRE LAS 67 V\u00cdCTIMAS MORTALES DE LA TRAGEDIA A\u00c9REA DE WASHINGTON - Apuntes de San Luis\",\"isPartOf\":{\"@id\":\"https:\/\/apuntesdesanluis.com\/#website\"},\"primaryImageOfPage\":{\"@id\":\"https:\/\/apuntesdesanluis.com\/index.php\/2025\/01\/30\/un-ciudadano-argentino-esta-entre-las-67-victimas-mortales-de-la-tragedia-aerea-de-washington\/#primaryimage\"},\"image\":{\"@id\":\"https:\/\/apuntesdesanluis.com\/index.php\/2025\/01\/30\/un-ciudadano-argentino-esta-entre-las-67-victimas-mortales-de-la-tragedia-aerea-de-washington\/#primaryimage\"},\"thumbnailUrl\":\"https:\/\/apuntesdesanluis.com\/wp-content\/uploads\/2025\/01\/ACCIDENTE-3.png\",\"datePublished\":\"2025-01-31T00:29:38+00:00\",\"breadcrumb\":{\"@id\":\"https:\/\/apuntesdesanluis.com\/index.php\/2025\/01\/30\/un-ciudadano-argentino-esta-entre-las-67-victimas-mortales-de-la-tragedia-aerea-de-washington\/#breadcrumb\"},\"inLanguage\":\"es-AR\",\"potentialAction\":[{\"@type\":\"ReadAction\",\"target\":[\"https:\/\/apuntesdesanluis.com\/index.php\/2025\/01\/30\/un-ciudadano-argentino-esta-entre-las-67-victimas-mortales-de-la-tragedia-aerea-de-washington\/\"]}]},{\"@type\":\"ImageObject\",\"inLanguage\":\"es-AR\",\"@id\":\"https:\/\/apuntesdesanluis.com\/index.php\/2025\/01\/30\/un-ciudadano-argentino-esta-entre-las-67-victimas-mortales-de-la-tragedia-aerea-de-washington\/#primaryimage\",\"url\":\"https:\/\/apuntesdesanluis.com\/wp-content\/uploads\/2025\/01\/ACCIDENTE-3.png\",\"contentUrl\":\"https:\/\/apuntesdesanluis.com\/wp-content\/uploads\/2025\/01\/ACCIDENTE-3.png\",\"width\":782,\"height\":448},{\"@type\":\"BreadcrumbList\",\"@id\":\"https:\/\/apuntesdesanluis.com\/index.php\/2025\/01\/30\/un-ciudadano-argentino-esta-entre-las-67-victimas-mortales-de-la-tragedia-aerea-de-washington\/#breadcrumb\",\"itemListElement\":[{\"@type\":\"ListItem\",\"position\":1,\"name\":\"Inicio\",\"item\":\"https:\/\/apuntesdesanluis.com\/\"},{\"@type\":\"ListItem\",\"position\":2,\"name\":\"UN CIUDADANO ARGENTINO EST\u00c1 ENTRE LAS 67 V\u00cdCTIMAS MORTALES DE LA TRAGEDIA A\u00c9REA DE WASHINGTON\"}]},{\"@type\":\"WebSite\",\"@id\":\"https:\/\/apuntesdesanluis.com\/#website\",\"url\":\"https:\/\/apuntesdesanluis.com\/\",\"name\":\"Apuntes de San Luis\",\"description\":\"\",\"publisher\":{\"@id\":\"https:\/\/apuntesdesanluis.com\/#\/schema\/person\/b55151d52296fcce64d1a72538a70b90\"},\"potentialAction\":[{\"@type\":\"SearchAction\",\"target\":{\"@type\":\"EntryPoint\",\"urlTemplate\":\"https:\/\/apuntesdesanluis.com\/?s={search_term_string}\"},\"query-input\":{\"@type\":\"PropertyValueSpecification\",\"valueRequired\":true,\"valueName\":\"search_term_string\"}}],\"inLanguage\":\"es-AR\"},{\"@type\":[\"Person\",\"Organization\"],\"@id\":\"https:\/\/apuntesdesanluis.com\/#\/schema\/person\/b55151d52296fcce64d1a72538a70b90\",\"name\":\"apuntesdesanluis.com\",\"image\":{\"@type\":\"ImageObject\",\"inLanguage\":\"es-AR\",\"@id\":\"https:\/\/apuntesdesanluis.com\/#\/schema\/person\/image\/\",\"url\":\"https:\/\/apuntesdesanluis.com\/wp-content\/uploads\/2023\/07\/cropped-apuntesdesanluis.png\",\"contentUrl\":\"https:\/\/apuntesdesanluis.com\/wp-content\/uploads\/2023\/07\/cropped-apuntesdesanluis.png\",\"width\":450,\"height\":112,\"caption\":\"apuntesdesanluis.com\"},\"logo\":{\"@id\":\"https:\/\/apuntesdesanluis.com\/#\/schema\/person\/image\/\"},\"sameAs\":[\"https:\/\/apuntesdesanluis.com\"],\"url\":\"https:\/\/apuntesdesanluis.com\/index.php\/author\/apuntesdesanluis-com\/\"}]}<\/script>\n<!-- \/ Yoast SEO plugin. -->","yoast_head_json":{"title":"UN CIUDADANO ARGENTINO EST\u00c1 ENTRE LAS 67 V\u00cdCTIMAS MORTALES DE LA TRAGEDIA A\u00c9REA DE WASHINGTON - Apuntes de San Luis","robots":{"index":"index","follow":"follow","max-snippet":"max-snippet:-1","max-image-preview":"max-image-preview:large","max-video-preview":"max-video-preview:-1"},"canonical":"https:\/\/apuntesdesanluis.com\/index.php\/2025\/01\/30\/un-ciudadano-argentino-esta-entre-las-67-victimas-mortales-de-la-tragedia-aerea-de-washington\/","og_locale":"es_ES","og_type":"article","og_title":"UN CIUDADANO ARGENTINO EST\u00c1 ENTRE LAS 67 V\u00cdCTIMAS MORTALES DE LA TRAGEDIA A\u00c9REA DE WASHINGTON - Apuntes de San Luis","og_description":"Viajaba en el vuelo 5342 de American Eagle, operado por PSA Airlines, que cay\u00f3 al...","og_url":"https:\/\/apuntesdesanluis.com\/index.php\/2025\/01\/30\/un-ciudadano-argentino-esta-entre-las-67-victimas-mortales-de-la-tragedia-aerea-de-washington\/","og_site_name":"Apuntes de San Luis","article_published_time":"2025-01-31T00:29:38+00:00","og_image":[{"width":782,"height":448,"url":"https:\/\/apuntesdesanluis.com\/wp-content\/uploads\/2025\/01\/ACCIDENTE-3.png","type":"image\/png"}],"author":"apuntesdesanluis.com","twitter_card":"summary_large_image","twitter_misc":{"Escrito por":"apuntesdesanluis.com","Tiempo de lectura":"3 minutos"},"schema":{"@context":"https:\/\/schema.org","@graph":[{"@type":"Article","@id":"https:\/\/apuntesdesanluis.com\/index.php\/2025\/01\/30\/un-ciudadano-argentino-esta-entre-las-67-victimas-mortales-de-la-tragedia-aerea-de-washington\/#article","isPartOf":{"@id":"https:\/\/apuntesdesanluis.com\/index.php\/2025\/01\/30\/un-ciudadano-argentino-esta-entre-las-67-victimas-mortales-de-la-tragedia-aerea-de-washington\/"},"author":{"name":"apuntesdesanluis.com","@id":"https:\/\/apuntesdesanluis.com\/#\/schema\/person\/b55151d52296fcce64d1a72538a70b90"},"headline":"UN CIUDADANO ARGENTINO EST\u00c1 ENTRE LAS 67 V\u00cdCTIMAS MORTALES DE LA TRAGEDIA A\u00c9REA DE WASHINGTON","datePublished":"2025-01-31T00:29:38+00:00","mainEntityOfPage":{"@id":"https:\/\/apuntesdesanluis.com\/index.php\/2025\/01\/30\/un-ciudadano-argentino-esta-entre-las-67-victimas-mortales-de-la-tragedia-aerea-de-washington\/"},"wordCount":507,"publisher":{"@id":"https:\/\/apuntesdesanluis.com\/#\/schema\/person\/b55151d52296fcce64d1a72538a70b90"},"image":{"@id":"https:\/\/apuntesdesanluis.com\/index.php\/2025\/01\/30\/un-ciudadano-argentino-esta-entre-las-67-victimas-mortales-de-la-tragedia-aerea-de-washington\/#primaryimage"},"thumbnailUrl":"https:\/\/apuntesdesanluis.com\/wp-content\/uploads\/2025\/01\/ACCIDENTE-3.png","articleSection":["Nacionales\/Internacionales"],"inLanguage":"es-AR"},{"@type":"WebPage","@id":"https:\/\/apuntesdesanluis.com\/index.php\/2025\/01\/30\/un-ciudadano-argentino-esta-entre-las-67-victimas-mortales-de-la-tragedia-aerea-de-washington\/","url":"https:\/\/apuntesdesanluis.com\/index.php\/2025\/01\/30\/un-ciudadano-argentino-esta-entre-las-67-victimas-mortales-de-la-tragedia-aerea-de-washington\/","name":"UN CIUDADANO ARGENTINO EST\u00c1 ENTRE LAS 67 V\u00cdCTIMAS MORTALES DE LA TRAGEDIA A\u00c9REA DE WASHINGTON - Apuntes de San Luis","isPartOf":{"@id":"https:\/\/apuntesdesanluis.com\/#website"},"primaryImageOfPage":{"@id":"https:\/\/apuntesdesanluis.com\/index.php\/2025\/01\/30\/un-ciudadano-argentino-esta-entre-las-67-victimas-mortales-de-la-tragedia-aerea-de-washington\/#primaryimage"},"image":{"@id":"https:\/\/apuntesdesanluis.com\/index.php\/2025\/01\/30\/un-ciudadano-argentino-esta-entre-las-67-victimas-mortales-de-la-tragedia-aerea-de-washington\/#primaryimage"},"thumbnailUrl":"https:\/\/apuntesdesanluis.com\/wp-content\/uploads\/2025\/01\/ACCIDENTE-3.png","datePublished":"2025-01-31T00:29:38+00:00","breadcrumb":{"@id":"https:\/\/apuntesdesanluis.com\/index.php\/2025\/01\/30\/un-ciudadano-argentino-esta-entre-las-67-victimas-mortales-de-la-tragedia-aerea-de-washington\/#breadcrumb"},"inLanguage":"es-AR","potentialAction":[{"@type":"ReadAction","target":["https:\/\/apuntesdesanluis.com\/index.php\/2025\/01\/30\/un-ciudadano-argentino-esta-entre-las-67-victimas-mortales-de-la-tragedia-aerea-de-washington\/"]}]},{"@type":"ImageObject","inLanguage":"es-AR","@id":"https:\/\/apuntesdesanluis.com\/index.php\/2025\/01\/30\/un-ciudadano-argentino-esta-entre-las-67-victimas-mortales-de-la-tragedia-aerea-de-washington\/#primaryimage","url":"https:\/\/apuntesdesanluis.com\/wp-content\/uploads\/2025\/01\/ACCIDENTE-3.png","contentUrl":"https:\/\/apuntesdesanluis.com\/wp-content\/uploads\/2025\/01\/ACCIDENTE-3.png","width":782,"height":448},{"@type":"BreadcrumbList","@id":"https:\/\/apuntesdesanluis.com\/index.php\/2025\/01\/30\/un-ciudadano-argentino-esta-entre-las-67-victimas-mortales-de-la-tragedia-aerea-de-washington\/#breadcrumb","itemListElement":[{"@type":"ListItem","position":1,"name":"Inicio","item":"https:\/\/apuntesdesanluis.com\/"},{"@type":"ListItem","position":2,"name":"UN CIUDADANO ARGENTINO EST\u00c1 ENTRE LAS 67 V\u00cdCTIMAS MORTALES DE LA TRAGEDIA A\u00c9REA DE WASHINGTON"}]},{"@type":"WebSite","@id":"https:\/\/apuntesdesanluis.com\/#website","url":"https:\/\/apuntesdesanluis.com\/","name":"Apuntes de San Luis","description":"","publisher":{"@id":"https:\/\/apuntesdesanluis.com\/#\/schema\/person\/b55151d52296fcce64d1a72538a70b90"},"potentialAction":[{"@type":"SearchAction","target":{"@type":"EntryPoint","urlTemplate":"https:\/\/apuntesdesanluis.com\/?s={search_term_string}"},"query-input":{"@type":"PropertyValueSpecification","valueRequired":true,"valueName":"search_term_string"}}],"inLanguage":"es-AR"},{"@type":["Person","Organization"],"@id":"https:\/\/apuntesdesanluis.com\/#\/schema\/person\/b55151d52296fcce64d1a72538a70b90","name":"apuntesdesanluis.com","image":{"@type":"ImageObject","inLanguage":"es-AR","@id":"https:\/\/apuntesdesanluis.com\/#\/schema\/person\/image\/","url":"https:\/\/apuntesdesanluis.com\/wp-content\/uploads\/2023\/07\/cropped-apuntesdesanluis.png","contentUrl":"https:\/\/apuntesdesanluis.com\/wp-content\/uploads\/2023\/07\/cropped-apuntesdesanluis.png","width":450,"height":112,"caption":"apuntesdesanluis.com"},"logo":{"@id":"https:\/\/apuntesdesanluis.com\/#\/schema\/person\/image\/"},"sameAs":["https:\/\/apuntesdesanluis.com"],"url":"https:\/\/apuntesdesanluis.com\/index.php\/author\/apuntesdesanluis-com\/"}]}},"featured_image_urls":{"full":["https:\/\/apuntesdesanluis.com\/wp-content\/uploads\/2025\/01\/ACCIDENTE-3.png",782,448,false],"thumbnail":["https:\/\/apuntesdesanluis.com\/wp-content\/uploads\/2025\/01\/ACCIDENTE-3-150x150.png",150,150,true],"medium":["https:\/\/apuntesdesanluis.com\/wp-content\/uploads\/2025\/01\/ACCIDENTE-3-300x172.png",300,172,true],"medium_large":["https:\/\/apuntesdesanluis.com\/wp-content\/uploads\/2025\/01\/ACCIDENTE-3-768x440.png",640,367,true],"large":["https:\/\/apuntesdesanluis.com\/wp-content\/uploads\/2025\/01\/ACCIDENTE-3.png",640,367,false],"1536x1536":["https:\/\/apuntesdesanluis.com\/wp-content\/uploads\/2025\/01\/ACCIDENTE-3.png",782,448,false],"2048x2048":["https:\/\/apuntesdesanluis.com\/wp-content\/uploads\/2025\/01\/ACCIDENTE-3.png",782,448,false],"newsever-slider-full":["https:\/\/apuntesdesanluis.com\/wp-content\/uploads\/2025\/01\/ACCIDENTE-3.png",782,448,false],"newsever-featured":["https:\/\/apuntesdesanluis.com\/wp-content\/uploads\/2025\/01\/ACCIDENTE-3.png",782,448,false],"newsever-medium":["https:\/\/apuntesdesanluis.com\/wp-content\/uploads\/2025\/01\/ACCIDENTE-3-720x448.png",720,448,true]},"author_info":{"display_name":"apuntesdesanluis.com","author_link":"https:\/\/apuntesdesanluis.com\/index.php\/author\/apuntesdesanluis-com\/"},"category_info":"<a href=\"https:\/\/apuntesdesanluis.com\/index.php\/category\/nacionales-internacionales\/\" rel=\"category tag\">Nacionales\/Internacionales<\/a>","tag_info":"Nacionales\/Internacionales","comment_count":"0","_links":{"self":[{"href":"https:\/\/apuntesdesanluis.com\/index.php\/wp-json\/wp\/v2\/posts\/28454","targetHints":{"allow":["GET"]}}],"collection":[{"href":"https:\/\/apuntesdesanluis.com\/index.php\/wp-json\/wp\/v2\/posts"}],"about":[{"href":"https:\/\/apuntesdesanluis.com\/index.php\/wp-json\/wp\/v2\/types\/post"}],"author":[{"embeddable":true,"href":"https:\/\/apuntesdesanluis.com\/index.php\/wp-json\/wp\/v2\/users\/1"}],"replies":[{"embeddable":true,"href":"https:\/\/apuntesdesanluis.com\/index.php\/wp-json\/wp\/v2\/comments?post=28454"}],"version-history":[{"count":1,"href":"https:\/\/apuntesdesanluis.com\/index.php\/wp-json\/wp\/v2\/posts\/28454\/revisions"}],"predecessor-version":[{"id":28459,"href":"https:\/\/apuntesdesanluis.com\/index.php\/wp-json\/wp\/v2\/posts\/28454\/revisions\/28459"}],"wp:featuredmedia":[{"embeddable":true,"href":"https:\/\/apuntesdesanluis.com\/index.php\/wp-json\/wp\/v2\/media\/28457"}],"wp:attachment":[{"href":"https:\/\/apuntesdesanluis.com\/index.php\/wp-json\/wp\/v2\/media?parent=28454"}],"wp:term":[{"taxonomy":"category","embeddable":true,"href":"https:\/\/apuntesdesanluis.com\/index.php\/wp-json\/wp\/v2\/categories?post=28454"},{"taxonomy":"post_tag","embeddable":true,"href":"https:\/\/apuntesdesanluis.com\/index.php\/wp-json\/wp\/v2\/tags?post=28454"}],"curies":[{"name":"wp","href":"https:\/\/api.w.org\/{rel}","templated":true}]}}