{"id":28460,"date":"2025-01-30T22:13:01","date_gmt":"2025-01-31T01:13:01","guid":{"rendered":"https:\/\/apuntesdesanluis.com\/?p=28460"},"modified":"2025-01-30T22:21:11","modified_gmt":"2025-01-31T01:21:11","slug":"detienen-al-loquito-que-amenazo-con-un-arma-de-fuego-a-transeuntes-en-el-centro-de-villa-mercedes","status":"publish","type":"post","link":"https:\/\/apuntesdesanluis.com\/index.php\/2025\/01\/30\/detienen-al-loquito-que-amenazo-con-un-arma-de-fuego-a-transeuntes-en-el-centro-de-villa-mercedes\/","title":{"rendered":"DETIENEN AL LOQUITO QUE AMENAZ\u00d3 CON UN ARMA DE FUEGO A TRANSE\u00daNTES, EN EL CENTRO DE VILLA MERCEDES"},"content":{"rendered":"<h3>Este jueves en horas de la tarde efectivos policiales llevaron a cabo un allanamiento en la ciudad de Villa Mercedes, logrando la detenci\u00f3n de un hombre acusado de efectuar una amenaza p\u00fablica agravada con arma de fuego, en plena v\u00eda p\u00fablica, situaci\u00f3n que afortunadamente pudo ser registrada en un video por un oportuno vecino.<\/h3>\n<h3>El sujeto provoc\u00f3 p\u00e1nico en el centro de la ciudad, al sacar un arma de fuego y amenazar a otras personas, tras un incidente menor.<\/h3>\n<h3>El detenido, quien vest\u00eda bermuda, remera celeste y gorra azul al momento del hecho, fue identificado como el autor de la intimidaci\u00f3n p\u00fablica que se viraliz\u00f3 a partir del video filmado con su celular por un testigo. Durante el operativo, se encontraron sustancias cuya procedencia y tipo est\u00e1n siendo investigados.<\/h3>\n<h3>Por el momento no se dio a conocer la identidad del violento ni a qu\u00e9 se dedica, ni tampoco el lugar donde fue atrapado.<\/h3>\n<p><img fetchpriority=\"high\" decoding=\"async\" class=\"wp-image-28462 aligncenter\" src=\"https:\/\/apuntesdesanluis.com\/wp-content\/uploads\/2025\/01\/detenido-300x245.jpg\" alt=\"\" width=\"555\" height=\"453\" srcset=\"https:\/\/apuntesdesanluis.com\/wp-content\/uploads\/2025\/01\/detenido-300x245.jpg 300w, https:\/\/apuntesdesanluis.com\/wp-content\/uploads\/2025\/01\/detenido.jpg 697w\" sizes=\"(max-width: 555px) 100vw, 555px\" \/><\/p>\n<h3>En el procedimiento intervinieron la Divisi\u00f3n de Delitos Complejos y un grupo especial de la polic\u00eda, quienes concretaron la detenci\u00f3n en cumplimiento de la orden emitida por la fiscal\u00eda de turno. Adem\u00e1s, se dar\u00e1 intervenci\u00f3n a la Direcci\u00f3n General de Lucha contra el Narcotr\u00e1fico de Villa Mercedes para continuar con las investigaciones correspondientes.<\/h3>\n<h3>Las autoridades contin\u00faan trabajando en el caso para esclarecer los hechos y determinar las responsabilidades del detenido.<\/h3>\n<p><img decoding=\"async\" class=\"wp-image-28463 aligncenter\" src=\"https:\/\/apuntesdesanluis.com\/wp-content\/uploads\/2025\/01\/marihuana-202x300.jpg\" alt=\"\" width=\"553\" height=\"821\" \/><\/p>\n<h3><strong>EL HECHO<\/strong><\/h3>\n<h3>Seg\u00fan testigos, el incidente comenz\u00f3 cuando un automovilista se enfureci\u00f3 por el ritmo lento de una mujer en silla de ruedas que intentaba cruzar la calle. El hombre se detuvo, baj\u00f3 y comenz\u00f3 a agredir verbalmente a la mujer y a su acompa\u00f1ante.<\/h3>\n<h3>Un tercer hombre intervino para defenderlas, lo que desat\u00f3 una reacci\u00f3n a\u00fan m\u00e1s violenta del agresor, quien sac\u00f3 un arma de fuego y comenz\u00f3 a amenazar a los presentes e insultarlos, al tiempo que los apuntaba con el arma.<\/h3>\n<h3>En un video registrado por un testigo, se observa al sujeto empu\u00f1ando un revolver en plena v\u00eda p\u00fablica. Si no hubiera sido por este registro f\u00edlmico, seguramente el hecho no podr\u00eda haber sido esclarecido, lo que pone en evidencia la importancia que ha cobrado el llamado &#8220;periodismo urbano&#8221;.<\/h3>\n<div style=\"width: 640px;\" class=\"wp-video\"><!--[if lt IE 9]><script>document.createElement('video');<\/script><![endif]-->\n<video class=\"wp-video-shortcode\" id=\"video-28460-1\" width=\"640\" height=\"1138\" preload=\"metadata\" controls=\"controls\"><source type=\"video\/mp4\" src=\"https:\/\/apuntesdesanluis.com\/wp-content\/uploads\/2025\/01\/AQMzSO-pf-5Q2femkucG01m7vcvxJCrR28_Y1_3pLpzsBNb3Vaqur8do4r5kIut8ADPpyDbW4LbseONUhre-JySH.mp4?_=1\" \/><a href=\"https:\/\/apuntesdesanluis.com\/wp-content\/uploads\/2025\/01\/AQMzSO-pf-5Q2femkucG01m7vcvxJCrR28_Y1_3pLpzsBNb3Vaqur8do4r5kIut8ADPpyDbW4LbseONUhre-JySH.mp4\">https:\/\/apuntesdesanluis.com\/wp-content\/uploads\/2025\/01\/AQMzSO-pf-5Q2femkucG01m7vcvxJCrR28_Y1_3pLpzsBNb3Vaqur8do4r5kIut8ADPpyDbW4LbseONUhre-JySH.mp4<\/a><\/video><\/div>\n<p>&nbsp;<\/p>\n<p><span style=\"color: #3366ff;\"><strong>(Im\u00e1genes: Gentileza Villa Mercedes Info)<\/strong><\/span><\/p>\n<p>&nbsp;<\/p>\n","protected":false},"excerpt":{"rendered":"<p>Este jueves en horas de la tarde efectivos policiales llevaron a cabo un allanamiento en&#8230;<\/p>\n","protected":false},"author":1,"featured_media":28461,"comment_status":"closed","ping_status":"closed","sticky":false,"template":"","format":"standard","meta":{"footnotes":""},"categories":[6],"tags":[],"class_list":["post-28460","post","type-post","status-publish","format-standard","has-post-thumbnail","hentry","category-ciudad-provincia"],"yoast_head":"<!-- This site is optimized with the Yoast SEO plugin v26.1.1 - https:\/\/yoast.com\/wordpress\/plugins\/seo\/ -->\n<title>DETIENEN AL LOQUITO QUE AMENAZ\u00d3 CON UN ARMA DE FUEGO A TRANSE\u00daNTES, EN EL CENTRO DE VILLA MERCEDES - Apuntes de San Luis<\/title>\n<meta name=\"robots\" content=\"index, follow, max-snippet:-1, max-image-preview:large, max-video-preview:-1\" \/>\n<link rel=\"canonical\" href=\"https:\/\/apuntesdesanluis.com\/index.php\/2025\/01\/30\/detienen-al-loquito-que-amenazo-con-un-arma-de-fuego-a-transeuntes-en-el-centro-de-villa-mercedes\/\" \/>\n<meta property=\"og:locale\" content=\"es_ES\" \/>\n<meta property=\"og:type\" content=\"article\" \/>\n<meta property=\"og:title\" content=\"DETIENEN AL LOQUITO QUE AMENAZ\u00d3 CON UN ARMA DE FUEGO A TRANSE\u00daNTES, EN EL CENTRO DE VILLA MERCEDES - Apuntes de San Luis\" \/>\n<meta property=\"og:description\" content=\"Este jueves en horas de la tarde efectivos policiales llevaron a cabo un allanamiento en...\" \/>\n<meta property=\"og:url\" content=\"https:\/\/apuntesdesanluis.com\/index.php\/2025\/01\/30\/detienen-al-loquito-que-amenazo-con-un-arma-de-fuego-a-transeuntes-en-el-centro-de-villa-mercedes\/\" \/>\n<meta property=\"og:site_name\" content=\"Apuntes de San Luis\" \/>\n<meta property=\"article:published_time\" content=\"2025-01-31T01:13:01+00:00\" \/>\n<meta property=\"article:modified_time\" content=\"2025-01-31T01:21:11+00:00\" \/>\n<meta property=\"og:image\" content=\"https:\/\/apuntesdesanluis.com\/wp-content\/uploads\/2025\/01\/TARADO.png\" \/>\n\t<meta property=\"og:image:width\" content=\"609\" \/>\n\t<meta property=\"og:image:height\" content=\"469\" \/>\n\t<meta property=\"og:image:type\" content=\"image\/png\" \/>\n<meta name=\"author\" content=\"apuntesdesanluis.com\" \/>\n<meta name=\"twitter:card\" content=\"summary_large_image\" \/>\n<meta name=\"twitter:label1\" content=\"Escrito por\" \/>\n\t<meta name=\"twitter:data1\" content=\"apuntesdesanluis.com\" \/>\n\t<meta name=\"twitter:label2\" content=\"Tiempo de lectura\" \/>\n\t<meta name=\"twitter:data2\" content=\"3 minutos\" \/>\n<script type=\"application\/ld+json\" class=\"yoast-schema-graph\">{\"@context\":\"https:\/\/schema.org\",\"@graph\":[{\"@type\":\"Article\",\"@id\":\"https:\/\/apuntesdesanluis.com\/index.php\/2025\/01\/30\/detienen-al-loquito-que-amenazo-con-un-arma-de-fuego-a-transeuntes-en-el-centro-de-villa-mercedes\/#article\",\"isPartOf\":{\"@id\":\"https:\/\/apuntesdesanluis.com\/index.php\/2025\/01\/30\/detienen-al-loquito-que-amenazo-con-un-arma-de-fuego-a-transeuntes-en-el-centro-de-villa-mercedes\/\"},\"author\":{\"name\":\"apuntesdesanluis.com\",\"@id\":\"https:\/\/apuntesdesanluis.com\/#\/schema\/person\/b55151d52296fcce64d1a72538a70b90\"},\"headline\":\"DETIENEN AL LOQUITO QUE AMENAZ\u00d3 CON UN ARMA DE FUEGO A TRANSE\u00daNTES, EN EL CENTRO DE VILLA MERCEDES\",\"datePublished\":\"2025-01-31T01:13:01+00:00\",\"dateModified\":\"2025-01-31T01:21:11+00:00\",\"mainEntityOfPage\":{\"@id\":\"https:\/\/apuntesdesanluis.com\/index.php\/2025\/01\/30\/detienen-al-loquito-que-amenazo-con-un-arma-de-fuego-a-transeuntes-en-el-centro-de-villa-mercedes\/\"},\"wordCount\":435,\"publisher\":{\"@id\":\"https:\/\/apuntesdesanluis.com\/#\/schema\/person\/b55151d52296fcce64d1a72538a70b90\"},\"image\":{\"@id\":\"https:\/\/apuntesdesanluis.com\/index.php\/2025\/01\/30\/detienen-al-loquito-que-amenazo-con-un-arma-de-fuego-a-transeuntes-en-el-centro-de-villa-mercedes\/#primaryimage\"},\"thumbnailUrl\":\"https:\/\/apuntesdesanluis.com\/wp-content\/uploads\/2025\/01\/TARADO.png\",\"articleSection\":[\"Ciudad\/Provincia\"],\"inLanguage\":\"es-AR\"},{\"@type\":\"WebPage\",\"@id\":\"https:\/\/apuntesdesanluis.com\/index.php\/2025\/01\/30\/detienen-al-loquito-que-amenazo-con-un-arma-de-fuego-a-transeuntes-en-el-centro-de-villa-mercedes\/\",\"url\":\"https:\/\/apuntesdesanluis.com\/index.php\/2025\/01\/30\/detienen-al-loquito-que-amenazo-con-un-arma-de-fuego-a-transeuntes-en-el-centro-de-villa-mercedes\/\",\"name\":\"DETIENEN AL LOQUITO QUE AMENAZ\u00d3 CON UN ARMA DE FUEGO A TRANSE\u00daNTES, EN EL CENTRO DE VILLA MERCEDES - Apuntes de San Luis\",\"isPartOf\":{\"@id\":\"https:\/\/apuntesdesanluis.com\/#website\"},\"primaryImageOfPage\":{\"@id\":\"https:\/\/apuntesdesanluis.com\/index.php\/2025\/01\/30\/detienen-al-loquito-que-amenazo-con-un-arma-de-fuego-a-transeuntes-en-el-centro-de-villa-mercedes\/#primaryimage\"},\"image\":{\"@id\":\"https:\/\/apuntesdesanluis.com\/index.php\/2025\/01\/30\/detienen-al-loquito-que-amenazo-con-un-arma-de-fuego-a-transeuntes-en-el-centro-de-villa-mercedes\/#primaryimage\"},\"thumbnailUrl\":\"https:\/\/apuntesdesanluis.com\/wp-content\/uploads\/2025\/01\/TARADO.png\",\"datePublished\":\"2025-01-31T01:13:01+00:00\",\"dateModified\":\"2025-01-31T01:21:11+00:00\",\"breadcrumb\":{\"@id\":\"https:\/\/apuntesdesanluis.com\/index.php\/2025\/01\/30\/detienen-al-loquito-que-amenazo-con-un-arma-de-fuego-a-transeuntes-en-el-centro-de-villa-mercedes\/#breadcrumb\"},\"inLanguage\":\"es-AR\",\"potentialAction\":[{\"@type\":\"ReadAction\",\"target\":[\"https:\/\/apuntesdesanluis.com\/index.php\/2025\/01\/30\/detienen-al-loquito-que-amenazo-con-un-arma-de-fuego-a-transeuntes-en-el-centro-de-villa-mercedes\/\"]}]},{\"@type\":\"ImageObject\",\"inLanguage\":\"es-AR\",\"@id\":\"https:\/\/apuntesdesanluis.com\/index.php\/2025\/01\/30\/detienen-al-loquito-que-amenazo-con-un-arma-de-fuego-a-transeuntes-en-el-centro-de-villa-mercedes\/#primaryimage\",\"url\":\"https:\/\/apuntesdesanluis.com\/wp-content\/uploads\/2025\/01\/TARADO.png\",\"contentUrl\":\"https:\/\/apuntesdesanluis.com\/wp-content\/uploads\/2025\/01\/TARADO.png\",\"width\":609,\"height\":469},{\"@type\":\"BreadcrumbList\",\"@id\":\"https:\/\/apuntesdesanluis.com\/index.php\/2025\/01\/30\/detienen-al-loquito-que-amenazo-con-un-arma-de-fuego-a-transeuntes-en-el-centro-de-villa-mercedes\/#breadcrumb\",\"itemListElement\":[{\"@type\":\"ListItem\",\"position\":1,\"name\":\"Inicio\",\"item\":\"https:\/\/apuntesdesanluis.com\/\"},{\"@type\":\"ListItem\",\"position\":2,\"name\":\"DETIENEN AL LOQUITO QUE AMENAZ\u00d3 CON UN ARMA DE FUEGO A TRANSE\u00daNTES, EN EL CENTRO DE VILLA MERCEDES\"}]},{\"@type\":\"WebSite\",\"@id\":\"https:\/\/apuntesdesanluis.com\/#website\",\"url\":\"https:\/\/apuntesdesanluis.com\/\",\"name\":\"Apuntes de San Luis\",\"description\":\"\",\"publisher\":{\"@id\":\"https:\/\/apuntesdesanluis.com\/#\/schema\/person\/b55151d52296fcce64d1a72538a70b90\"},\"potentialAction\":[{\"@type\":\"SearchAction\",\"target\":{\"@type\":\"EntryPoint\",\"urlTemplate\":\"https:\/\/apuntesdesanluis.com\/?s={search_term_string}\"},\"query-input\":{\"@type\":\"PropertyValueSpecification\",\"valueRequired\":true,\"valueName\":\"search_term_string\"}}],\"inLanguage\":\"es-AR\"},{\"@type\":[\"Person\",\"Organization\"],\"@id\":\"https:\/\/apuntesdesanluis.com\/#\/schema\/person\/b55151d52296fcce64d1a72538a70b90\",\"name\":\"apuntesdesanluis.com\",\"image\":{\"@type\":\"ImageObject\",\"inLanguage\":\"es-AR\",\"@id\":\"https:\/\/apuntesdesanluis.com\/#\/schema\/person\/image\/\",\"url\":\"https:\/\/apuntesdesanluis.com\/wp-content\/uploads\/2023\/07\/cropped-apuntesdesanluis.png\",\"contentUrl\":\"https:\/\/apuntesdesanluis.com\/wp-content\/uploads\/2023\/07\/cropped-apuntesdesanluis.png\",\"width\":450,\"height\":112,\"caption\":\"apuntesdesanluis.com\"},\"logo\":{\"@id\":\"https:\/\/apuntesdesanluis.com\/#\/schema\/person\/image\/\"},\"sameAs\":[\"https:\/\/apuntesdesanluis.com\"],\"url\":\"https:\/\/apuntesdesanluis.com\/index.php\/author\/apuntesdesanluis-com\/\"}]}<\/script>\n<!-- \/ Yoast SEO plugin. -->","yoast_head_json":{"title":"DETIENEN AL LOQUITO QUE AMENAZ\u00d3 CON UN ARMA DE FUEGO A TRANSE\u00daNTES, EN EL CENTRO DE VILLA MERCEDES - Apuntes de San Luis","robots":{"index":"index","follow":"follow","max-snippet":"max-snippet:-1","max-image-preview":"max-image-preview:large","max-video-preview":"max-video-preview:-1"},"canonical":"https:\/\/apuntesdesanluis.com\/index.php\/2025\/01\/30\/detienen-al-loquito-que-amenazo-con-un-arma-de-fuego-a-transeuntes-en-el-centro-de-villa-mercedes\/","og_locale":"es_ES","og_type":"article","og_title":"DETIENEN AL LOQUITO QUE AMENAZ\u00d3 CON UN ARMA DE FUEGO A TRANSE\u00daNTES, EN EL CENTRO DE VILLA MERCEDES - Apuntes de San Luis","og_description":"Este jueves en horas de la tarde efectivos policiales llevaron a cabo un allanamiento en...","og_url":"https:\/\/apuntesdesanluis.com\/index.php\/2025\/01\/30\/detienen-al-loquito-que-amenazo-con-un-arma-de-fuego-a-transeuntes-en-el-centro-de-villa-mercedes\/","og_site_name":"Apuntes de San Luis","article_published_time":"2025-01-31T01:13:01+00:00","article_modified_time":"2025-01-31T01:21:11+00:00","og_image":[{"width":609,"height":469,"url":"https:\/\/apuntesdesanluis.com\/wp-content\/uploads\/2025\/01\/TARADO.png","type":"image\/png"}],"author":"apuntesdesanluis.com","twitter_card":"summary_large_image","twitter_misc":{"Escrito por":"apuntesdesanluis.com","Tiempo de lectura":"3 minutos"},"schema":{"@context":"https:\/\/schema.org","@graph":[{"@type":"Article","@id":"https:\/\/apuntesdesanluis.com\/index.php\/2025\/01\/30\/detienen-al-loquito-que-amenazo-con-un-arma-de-fuego-a-transeuntes-en-el-centro-de-villa-mercedes\/#article","isPartOf":{"@id":"https:\/\/apuntesdesanluis.com\/index.php\/2025\/01\/30\/detienen-al-loquito-que-amenazo-con-un-arma-de-fuego-a-transeuntes-en-el-centro-de-villa-mercedes\/"},"author":{"name":"apuntesdesanluis.com","@id":"https:\/\/apuntesdesanluis.com\/#\/schema\/person\/b55151d52296fcce64d1a72538a70b90"},"headline":"DETIENEN AL LOQUITO QUE AMENAZ\u00d3 CON UN ARMA DE FUEGO A TRANSE\u00daNTES, EN EL CENTRO DE VILLA MERCEDES","datePublished":"2025-01-31T01:13:01+00:00","dateModified":"2025-01-31T01:21:11+00:00","mainEntityOfPage":{"@id":"https:\/\/apuntesdesanluis.com\/index.php\/2025\/01\/30\/detienen-al-loquito-que-amenazo-con-un-arma-de-fuego-a-transeuntes-en-el-centro-de-villa-mercedes\/"},"wordCount":435,"publisher":{"@id":"https:\/\/apuntesdesanluis.com\/#\/schema\/person\/b55151d52296fcce64d1a72538a70b90"},"image":{"@id":"https:\/\/apuntesdesanluis.com\/index.php\/2025\/01\/30\/detienen-al-loquito-que-amenazo-con-un-arma-de-fuego-a-transeuntes-en-el-centro-de-villa-mercedes\/#primaryimage"},"thumbnailUrl":"https:\/\/apuntesdesanluis.com\/wp-content\/uploads\/2025\/01\/TARADO.png","articleSection":["Ciudad\/Provincia"],"inLanguage":"es-AR"},{"@type":"WebPage","@id":"https:\/\/apuntesdesanluis.com\/index.php\/2025\/01\/30\/detienen-al-loquito-que-amenazo-con-un-arma-de-fuego-a-transeuntes-en-el-centro-de-villa-mercedes\/","url":"https:\/\/apuntesdesanluis.com\/index.php\/2025\/01\/30\/detienen-al-loquito-que-amenazo-con-un-arma-de-fuego-a-transeuntes-en-el-centro-de-villa-mercedes\/","name":"DETIENEN AL LOQUITO QUE AMENAZ\u00d3 CON UN ARMA DE FUEGO A TRANSE\u00daNTES, EN EL CENTRO DE VILLA MERCEDES - Apuntes de San Luis","isPartOf":{"@id":"https:\/\/apuntesdesanluis.com\/#website"},"primaryImageOfPage":{"@id":"https:\/\/apuntesdesanluis.com\/index.php\/2025\/01\/30\/detienen-al-loquito-que-amenazo-con-un-arma-de-fuego-a-transeuntes-en-el-centro-de-villa-mercedes\/#primaryimage"},"image":{"@id":"https:\/\/apuntesdesanluis.com\/index.php\/2025\/01\/30\/detienen-al-loquito-que-amenazo-con-un-arma-de-fuego-a-transeuntes-en-el-centro-de-villa-mercedes\/#primaryimage"},"thumbnailUrl":"https:\/\/apuntesdesanluis.com\/wp-content\/uploads\/2025\/01\/TARADO.png","datePublished":"2025-01-31T01:13:01+00:00","dateModified":"2025-01-31T01:21:11+00:00","breadcrumb":{"@id":"https:\/\/apuntesdesanluis.com\/index.php\/2025\/01\/30\/detienen-al-loquito-que-amenazo-con-un-arma-de-fuego-a-transeuntes-en-el-centro-de-villa-mercedes\/#breadcrumb"},"inLanguage":"es-AR","potentialAction":[{"@type":"ReadAction","target":["https:\/\/apuntesdesanluis.com\/index.php\/2025\/01\/30\/detienen-al-loquito-que-amenazo-con-un-arma-de-fuego-a-transeuntes-en-el-centro-de-villa-mercedes\/"]}]},{"@type":"ImageObject","inLanguage":"es-AR","@id":"https:\/\/apuntesdesanluis.com\/index.php\/2025\/01\/30\/detienen-al-loquito-que-amenazo-con-un-arma-de-fuego-a-transeuntes-en-el-centro-de-villa-mercedes\/#primaryimage","url":"https:\/\/apuntesdesanluis.com\/wp-content\/uploads\/2025\/01\/TARADO.png","contentUrl":"https:\/\/apuntesdesanluis.com\/wp-content\/uploads\/2025\/01\/TARADO.png","width":609,"height":469},{"@type":"BreadcrumbList","@id":"https:\/\/apuntesdesanluis.com\/index.php\/2025\/01\/30\/detienen-al-loquito-que-amenazo-con-un-arma-de-fuego-a-transeuntes-en-el-centro-de-villa-mercedes\/#breadcrumb","itemListElement":[{"@type":"ListItem","position":1,"name":"Inicio","item":"https:\/\/apuntesdesanluis.com\/"},{"@type":"ListItem","position":2,"name":"DETIENEN AL LOQUITO QUE AMENAZ\u00d3 CON UN ARMA DE FUEGO A TRANSE\u00daNTES, EN EL CENTRO DE VILLA MERCEDES"}]},{"@type":"WebSite","@id":"https:\/\/apuntesdesanluis.com\/#website","url":"https:\/\/apuntesdesanluis.com\/","name":"Apuntes de San Luis","description":"","publisher":{"@id":"https:\/\/apuntesdesanluis.com\/#\/schema\/person\/b55151d52296fcce64d1a72538a70b90"},"potentialAction":[{"@type":"SearchAction","target":{"@type":"EntryPoint","urlTemplate":"https:\/\/apuntesdesanluis.com\/?s={search_term_string}"},"query-input":{"@type":"PropertyValueSpecification","valueRequired":true,"valueName":"search_term_string"}}],"inLanguage":"es-AR"},{"@type":["Person","Organization"],"@id":"https:\/\/apuntesdesanluis.com\/#\/schema\/person\/b55151d52296fcce64d1a72538a70b90","name":"apuntesdesanluis.com","image":{"@type":"ImageObject","inLanguage":"es-AR","@id":"https:\/\/apuntesdesanluis.com\/#\/schema\/person\/image\/","url":"https:\/\/apuntesdesanluis.com\/wp-content\/uploads\/2023\/07\/cropped-apuntesdesanluis.png","contentUrl":"https:\/\/apuntesdesanluis.com\/wp-content\/uploads\/2023\/07\/cropped-apuntesdesanluis.png","width":450,"height":112,"caption":"apuntesdesanluis.com"},"logo":{"@id":"https:\/\/apuntesdesanluis.com\/#\/schema\/person\/image\/"},"sameAs":["https:\/\/apuntesdesanluis.com"],"url":"https:\/\/apuntesdesanluis.com\/index.php\/author\/apuntesdesanluis-com\/"}]}},"featured_image_urls":{"full":["https:\/\/apuntesdesanluis.com\/wp-content\/uploads\/2025\/01\/TARADO.png",609,469,false],"thumbnail":["https:\/\/apuntesdesanluis.com\/wp-content\/uploads\/2025\/01\/TARADO-150x150.png",150,150,true],"medium":["https:\/\/apuntesdesanluis.com\/wp-content\/uploads\/2025\/01\/TARADO-300x231.png",300,231,true],"medium_large":["https:\/\/apuntesdesanluis.com\/wp-content\/uploads\/2025\/01\/TARADO.png",609,469,false],"large":["https:\/\/apuntesdesanluis.com\/wp-content\/uploads\/2025\/01\/TARADO.png",609,469,false],"1536x1536":["https:\/\/apuntesdesanluis.com\/wp-content\/uploads\/2025\/01\/TARADO.png",609,469,false],"2048x2048":["https:\/\/apuntesdesanluis.com\/wp-content\/uploads\/2025\/01\/TARADO.png",609,469,false],"newsever-slider-full":["https:\/\/apuntesdesanluis.com\/wp-content\/uploads\/2025\/01\/TARADO.png",609,469,false],"newsever-featured":["https:\/\/apuntesdesanluis.com\/wp-content\/uploads\/2025\/01\/TARADO.png",609,469,false],"newsever-medium":["https:\/\/apuntesdesanluis.com\/wp-content\/uploads\/2025\/01\/TARADO.png",609,469,false]},"author_info":{"display_name":"apuntesdesanluis.com","author_link":"https:\/\/apuntesdesanluis.com\/index.php\/author\/apuntesdesanluis-com\/"},"category_info":"<a href=\"https:\/\/apuntesdesanluis.com\/index.php\/category\/ciudad-provincia\/\" rel=\"category tag\">Ciudad\/Provincia<\/a>","tag_info":"Ciudad\/Provincia","comment_count":"0","_links":{"self":[{"href":"https:\/\/apuntesdesanluis.com\/index.php\/wp-json\/wp\/v2\/posts\/28460","targetHints":{"allow":["GET"]}}],"collection":[{"href":"https:\/\/apuntesdesanluis.com\/index.php\/wp-json\/wp\/v2\/posts"}],"about":[{"href":"https:\/\/apuntesdesanluis.com\/index.php\/wp-json\/wp\/v2\/types\/post"}],"author":[{"embeddable":true,"href":"https:\/\/apuntesdesanluis.com\/index.php\/wp-json\/wp\/v2\/users\/1"}],"replies":[{"embeddable":true,"href":"https:\/\/apuntesdesanluis.com\/index.php\/wp-json\/wp\/v2\/comments?post=28460"}],"version-history":[{"count":6,"href":"https:\/\/apuntesdesanluis.com\/index.php\/wp-json\/wp\/v2\/posts\/28460\/revisions"}],"predecessor-version":[{"id":28470,"href":"https:\/\/apuntesdesanluis.com\/index.php\/wp-json\/wp\/v2\/posts\/28460\/revisions\/28470"}],"wp:featuredmedia":[{"embeddable":true,"href":"https:\/\/apuntesdesanluis.com\/index.php\/wp-json\/wp\/v2\/media\/28461"}],"wp:attachment":[{"href":"https:\/\/apuntesdesanluis.com\/index.php\/wp-json\/wp\/v2\/media?parent=28460"}],"wp:term":[{"taxonomy":"category","embeddable":true,"href":"https:\/\/apuntesdesanluis.com\/index.php\/wp-json\/wp\/v2\/categories?post=28460"},{"taxonomy":"post_tag","embeddable":true,"href":"https:\/\/apuntesdesanluis.com\/index.php\/wp-json\/wp\/v2\/tags?post=28460"}],"curies":[{"name":"wp","href":"https:\/\/api.w.org\/{rel}","templated":true}]}}