{"id":2847,"date":"2023-09-06T23:32:41","date_gmt":"2023-09-07T02:32:41","guid":{"rendered":"https:\/\/apuntesdesanluis.com\/?p=2847"},"modified":"2023-09-06T23:52:54","modified_gmt":"2023-09-07T02:52:54","slug":"fracaso-la-sesion-en-la-que-diputados-pensaba-modificar-el-presupuesto-para-nombrar-beneficiarios-de-planes-sociales","status":"publish","type":"post","link":"https:\/\/apuntesdesanluis.com\/index.php\/2023\/09\/06\/fracaso-la-sesion-en-la-que-diputados-pensaba-modificar-el-presupuesto-para-nombrar-beneficiarios-de-planes-sociales\/","title":{"rendered":"FRACAS\u00d3 LA SESI\u00d3N EN LA QUE DIPUTADOS PENSABA MODIFICAR EL PRESUPUESTO PARA NOMBRAR BENEFICIARIOS DE PLANES SOCIALES"},"content":{"rendered":"<h3 class=\"yiv7409174924ydp6329976emsonormal\" style=\"text-align: justify; background: white;\"><span style=\"font-family: 'Arial','sans-serif'; color: #1d2228;\">Tras la media sanci\u00f3n que el Senado dio este martes a la modificaci\u00f3n de la ley de presupuesto general de gastos y c\u00e1lculo de recursos 2023 de la provincia, que permite al gobierno nombrar m\u00e1s personal en la administraci\u00f3n p\u00fablica, el oficialismo se aprestaba a aprobar el despacho para que la medida pueda efectivizarse, dando lugar al pase a planta de un n\u00famero indeterminado de trabajadores del Plan de Inclusi\u00f3n Social.<\/span><\/h3>\n<h3 class=\"yiv7409174924ydp6329976emsonormal\" style=\"text-align: justify; background: white;\"><span style=\"font-family: 'Arial','sans-serif'; color: #1d2228;\">Pero el diablo meti\u00f3 la cola e imprevistamente la sesi\u00f3n de este mi\u00e9rcoles debi\u00f3 levantarse por falta de qu\u00f3rum, por la ausencia de seis legisladores del propio oficialismo, que no consigui\u00f3 siquiera el n\u00famero necesario para comenzar la reuni\u00f3n.<\/span><\/h3>\n<h3 class=\"yiv7409174924ydp6329976emsonormal\" style=\"text-align: justify; background: white;\"><span style=\"font-family: 'Arial','sans-serif'; color: #1d2228;\">A pesar que el tema no se encontraba incluido en el orden del d\u00eda, la presidenta de la C\u00e1mara de Diputados, Silvia Sosa Araujo, indic\u00f3 que por reglamento interno se pueden incorporar asuntos de otros organismos, hasta 8 horas previas a la sesi\u00f3n, reconociendo de este modo la intenci\u00f3n que exist\u00eda de tratar la modificaci\u00f3n presupuestaria sobre tablas.<\/span><\/h3>\n<h3 class=\"yiv7409174924ydp6329976emsonormal\" style=\"text-align: justify; background: white;\"><span style=\"font-family: 'Arial','sans-serif'; color: #1d2228;\">La oposici\u00f3n, que cuestiona por irregular e ileg\u00edtimo este proyecto, argumentando que hipoteca la futura gesti\u00f3n del gobernador electo <strong>Claudio Poggi<\/strong>, especul\u00f3 con la ausencia de los diputados oficialistas y demor\u00f3 su ingreso, hasta tener la certeza si la bancada del PJ y aliados consegu\u00eda alcanzar por si mismo el referido qu\u00f3rum.<\/span><\/h3>\n<p>&nbsp;<\/p>\n<p><img fetchpriority=\"high\" decoding=\"async\" class=\"wp-image-2849 aligncenter\" src=\"https:\/\/apuntesdesanluis.com\/wp-content\/uploads\/2023\/09\/ausentes-300x162.png\" alt=\"\" width=\"716\" height=\"387\" srcset=\"https:\/\/apuntesdesanluis.com\/wp-content\/uploads\/2023\/09\/ausentes-300x162.png 300w, https:\/\/apuntesdesanluis.com\/wp-content\/uploads\/2023\/09\/ausentes.png 700w\" sizes=\"(max-width: 716px) 100vw, 716px\" \/><\/p>\n<h3><\/h3>\n<h3 class=\"yiv7409174924ydp6329976emsonormal\" style=\"text-align: justify; background: white;\"><span style=\"font-family: 'Arial','sans-serif'; color: #1d2228;\">En medio de nerviosos llamados telef\u00f3nicos y gestiones, que se sucedieron durante poco m\u00e1s de una hora, la titular del cuerpo dispuso el levantamiento de la sesi\u00f3n, constatando que hab\u00eda solo 19 legisladores sentados en sus bancas (en lugar del n\u00famero m\u00ednimo de 23) y 24 ausentes.<\/span><\/h3>\n<h3 class=\"yiv7409174924ydp6329976emsonormal\" style=\"text-align: justify; background: white;\"><span style=\"font-family: 'Arial','sans-serif'; color: #1d2228;\">Salvo la representante del Departamento Jun\u00edn, <strong>Gloria Petrino<\/strong>, cuya ausencia estaba justificada por tratamiento m\u00e9dico, los otros cinco diputados oficialistas sobre los cuales se posaron las sospechas por el faltazo fueron <strong>Francisco \u201cTengo\u201d Irusta, Adri\u00e1n \u201cCacho\u201d Ag\u00fcero, Ver\u00f3nica Garro, Humberto Far\u00edas<\/strong> y <strong>Ram\u00f3n Leyes<\/strong>.<\/span><\/h3>\n<p><img decoding=\"async\" class=\"wp-image-2857 aligncenter\" src=\"https:\/\/apuntesdesanluis.com\/wp-content\/uploads\/2023\/09\/ausentes-300x180.jpg\" alt=\"\" width=\"685\" height=\"411\" srcset=\"https:\/\/apuntesdesanluis.com\/wp-content\/uploads\/2023\/09\/ausentes-300x180.jpg 300w, https:\/\/apuntesdesanluis.com\/wp-content\/uploads\/2023\/09\/ausentes.jpg 693w\" sizes=\"(max-width: 685px) 100vw, 685px\" \/><\/p>\n<h4 style=\"text-align: center;\"><em>Diputados Ag\u00fcero, Far\u00edas, Garro, Irusta, Leyes y Petrino.<\/em><\/h4>\n<h3 class=\"yiv7409174924ydp6329976emsonormal\" style=\"text-align: justify; background: white;\"><span style=\"font-family: 'Arial','sans-serif'; color: #1d2228;\">El apuro gubernamental por tratar la iniciativa se fundamenta en el malestar expresado por los beneficiarios de planes sociales, que han efectuado protestas y manifestaciones en las principales ciudades exigiendo que el ejecutivo cumpla con la promesa formulada d\u00edas antes de las elecciones del pasado 11 de junio, cuando se comprometi\u00f3 a darles estabilidad laboral.<\/span><\/h3>\n<h3 class=\"yiv7409174924ydp6329976emsonormal\" style=\"text-align: justify; background: white;\"><span style=\"font-family: 'Arial','sans-serif'; color: #1d2228;\">De hecho, y a modo de presi\u00f3n, al igual que lo hicieron el martes en el Senado, este mi\u00e9rcoles un grupo de ellos concurri\u00f3 a la sesi\u00f3n, a la espera de que el cuerpo diera tratamiento y aprobara el Art. 11 de la ley de presupuesto, que faculta al gobernador a nombrar personal por encima del tope que existe en la actualidad.<\/span><\/h3>\n<h3 class=\"yiv7409174924ydp6329976emsonormal\" style=\"text-align: justify; background: white;\"><span style=\"font-family: 'Arial','sans-serif'; color: #1d2228;\">Llama la atenci\u00f3n que hasta el momento se ignora a cu\u00e1nto asciende el n\u00famero de beneficiarios del Plan de Inclusi\u00f3n Social y de otras modalidades de contrataci\u00f3n, que el gobierno planea incorporar a la plantilla de trabajadores de la administraci\u00f3n p\u00fablica. Una cifra extraoficial da cuenta que ser\u00edan aproximadamente 17.000, los que sumados a los actuales 33.750 empleados autorizados por presupuesto, elevar\u00eda la n\u00f3mina de personal a m\u00e1s de 50.000 empleados p\u00fablicos.<\/span><\/h3>\n<h3 class=\"yiv7409174924ydp6329976emsonormal\" style=\"text-align: justify; background: white;\"><span style=\"font-family: 'Arial','sans-serif'; color: #1d2228;\">Justamente esta indefinici\u00f3n acerca de la cantidad de personal que podr\u00eda nombrarse es uno de los aspectos m\u00e1s notables &#8211; y cuestionables \u2013 del proyecto aprobado por la C\u00e1mara Alta y que ahora deber\u00e1 esperar la pr\u00f3xima sesi\u00f3n para ser tratado por los diputados, siempre y cuando el oficialismo logre \u201calinear\u201d su propia tropa y garantizar el qu\u00f3rum.<\/span><\/h3>\n<h3 class=\"yiv7409174924ydp6329976emsonormal\" style=\"text-align: justify; background: white;\"><strong><span style=\"font-family: 'Arial','sans-serif'; color: #1d2228;\">PROYECTO<\/span><\/strong><\/h3>\n<h3 class=\"yiv7409174924ydp6329976emsonormal\" style=\"text-align: justify; background: white;\"><span style=\"font-family: 'Arial','sans-serif'; color: #1d2228;\">El proyecto que se intenta aprobar consta de un solo art\u00edculo, el cual propone la modificaci\u00f3n del Art. 11 del Presupuesto Provincial, que quedar\u00e1 redactado de la siguiente manera:<\/span><\/h3>\n<h3 class=\"yiv7409174924ydp6329976emsonormal\" style=\"text-align: justify; background: white;\"><em><span style=\"font-family: 'Arial','sans-serif'; color: #1d2228;\">\u201cEstablecer el n\u00famero de cargos de la Administraci\u00f3n Central y Organismos Descentralizados en TREINTA Y TRES MIL SETECIENTOS CINCUENTA Y SIETE (33.757), el n\u00famero de horas c\u00e1tedra en SETENTA MIL QUINIENTOS NOVENTA Y SEIS (70.596) y el n\u00famero de cargos del Poder Judicial en UN MIL CUATROCIENTOS TREINTA Y UNO (1.431), los que se encuentran detallados en las Planillas Anexas que forman parte integrante de la presente Ley.<\/span><\/em><\/h3>\n<h3 class=\"yiv7409174924ydp6329976emsonormal\" style=\"text-align: justify; background: white;\"><em><span style=\"font-family: 'Arial','sans-serif'; color: #1d2228;\">El Poder Ejecutivo Provincial podr\u00e1 aumentar el n\u00famero total de cargos y horas c\u00e1tedra antes establecidos, y deber\u00e1 priorizar la designaci\u00f3n de aquellas personas beneficiarias del Plan Inclusi\u00f3n Social que se encuentren cumpliendo funciones en los establecimientos p\u00fablicos, y que re\u00fanan el perfil y funci\u00f3n requerida. El aumento s\u00f3lo podr\u00e1 realizarse cuando se cuente con el recurso presupuestario correspondiente; asimismo podr\u00e1 disponer modificaciones en la distribuci\u00f3n de los mismos. Toda reestructuraci\u00f3n que disponga el Poder Ejecutivo en este sentido deber\u00e1 ser comunicada dentro de los TREINTA (30) d\u00edas de producida, a la Legislatura, para su conocimiento\u201d.<\/span><\/em><\/h3>\n<p>&nbsp;<\/p>\n<p>&nbsp;<\/p>\n<p>&nbsp;<\/p>\n","protected":false},"excerpt":{"rendered":"<p>Tras la media sanci\u00f3n que el Senado dio este martes a la modificaci\u00f3n de la&#8230;<\/p>\n","protected":false},"author":1,"featured_media":2848,"comment_status":"closed","ping_status":"closed","sticky":false,"template":"","format":"standard","meta":{"footnotes":""},"categories":[6],"tags":[],"class_list":["post-2847","post","type-post","status-publish","format-standard","has-post-thumbnail","hentry","category-ciudad-provincia"],"yoast_head":"<!-- This site is optimized with the Yoast SEO plugin v26.1.1 - https:\/\/yoast.com\/wordpress\/plugins\/seo\/ -->\n<title>FRACAS\u00d3 LA SESI\u00d3N EN LA QUE DIPUTADOS PENSABA MODIFICAR EL PRESUPUESTO PARA NOMBRAR BENEFICIARIOS DE PLANES SOCIALES - Apuntes de San Luis<\/title>\n<meta name=\"robots\" content=\"index, follow, max-snippet:-1, max-image-preview:large, max-video-preview:-1\" \/>\n<link rel=\"canonical\" href=\"https:\/\/apuntesdesanluis.com\/index.php\/2023\/09\/06\/fracaso-la-sesion-en-la-que-diputados-pensaba-modificar-el-presupuesto-para-nombrar-beneficiarios-de-planes-sociales\/\" \/>\n<meta property=\"og:locale\" content=\"es_ES\" \/>\n<meta property=\"og:type\" content=\"article\" \/>\n<meta property=\"og:title\" content=\"FRACAS\u00d3 LA SESI\u00d3N EN LA QUE DIPUTADOS PENSABA MODIFICAR EL PRESUPUESTO PARA NOMBRAR BENEFICIARIOS DE PLANES SOCIALES - Apuntes de San Luis\" \/>\n<meta property=\"og:description\" content=\"Tras la media sanci\u00f3n que el Senado dio este martes a la modificaci\u00f3n de la...\" \/>\n<meta property=\"og:url\" content=\"https:\/\/apuntesdesanluis.com\/index.php\/2023\/09\/06\/fracaso-la-sesion-en-la-que-diputados-pensaba-modificar-el-presupuesto-para-nombrar-beneficiarios-de-planes-sociales\/\" \/>\n<meta property=\"og:site_name\" content=\"Apuntes de San Luis\" \/>\n<meta property=\"article:published_time\" content=\"2023-09-07T02:32:41+00:00\" \/>\n<meta property=\"article:modified_time\" content=\"2023-09-07T02:52:54+00:00\" \/>\n<meta property=\"og:image\" content=\"https:\/\/apuntesdesanluis.com\/wp-content\/uploads\/2023\/09\/diputados.png\" \/>\n\t<meta property=\"og:image:width\" content=\"700\" \/>\n\t<meta property=\"og:image:height\" content=\"377\" \/>\n\t<meta property=\"og:image:type\" content=\"image\/png\" \/>\n<meta name=\"author\" content=\"apuntesdesanluis.com\" \/>\n<meta name=\"twitter:card\" content=\"summary_large_image\" \/>\n<meta name=\"twitter:label1\" content=\"Escrito por\" \/>\n\t<meta name=\"twitter:data1\" content=\"apuntesdesanluis.com\" \/>\n\t<meta name=\"twitter:label2\" content=\"Tiempo de lectura\" \/>\n\t<meta name=\"twitter:data2\" content=\"4 minutos\" \/>\n<script type=\"application\/ld+json\" class=\"yoast-schema-graph\">{\"@context\":\"https:\/\/schema.org\",\"@graph\":[{\"@type\":\"Article\",\"@id\":\"https:\/\/apuntesdesanluis.com\/index.php\/2023\/09\/06\/fracaso-la-sesion-en-la-que-diputados-pensaba-modificar-el-presupuesto-para-nombrar-beneficiarios-de-planes-sociales\/#article\",\"isPartOf\":{\"@id\":\"https:\/\/apuntesdesanluis.com\/index.php\/2023\/09\/06\/fracaso-la-sesion-en-la-que-diputados-pensaba-modificar-el-presupuesto-para-nombrar-beneficiarios-de-planes-sociales\/\"},\"author\":{\"name\":\"apuntesdesanluis.com\",\"@id\":\"https:\/\/apuntesdesanluis.com\/#\/schema\/person\/b55151d52296fcce64d1a72538a70b90\"},\"headline\":\"FRACAS\u00d3 LA SESI\u00d3N EN LA QUE DIPUTADOS PENSABA MODIFICAR EL PRESUPUESTO PARA NOMBRAR BENEFICIARIOS DE PLANES SOCIALES\",\"datePublished\":\"2023-09-07T02:32:41+00:00\",\"dateModified\":\"2023-09-07T02:52:54+00:00\",\"mainEntityOfPage\":{\"@id\":\"https:\/\/apuntesdesanluis.com\/index.php\/2023\/09\/06\/fracaso-la-sesion-en-la-que-diputados-pensaba-modificar-el-presupuesto-para-nombrar-beneficiarios-de-planes-sociales\/\"},\"wordCount\":846,\"publisher\":{\"@id\":\"https:\/\/apuntesdesanluis.com\/#\/schema\/person\/b55151d52296fcce64d1a72538a70b90\"},\"image\":{\"@id\":\"https:\/\/apuntesdesanluis.com\/index.php\/2023\/09\/06\/fracaso-la-sesion-en-la-que-diputados-pensaba-modificar-el-presupuesto-para-nombrar-beneficiarios-de-planes-sociales\/#primaryimage\"},\"thumbnailUrl\":\"https:\/\/apuntesdesanluis.com\/wp-content\/uploads\/2023\/09\/diputados.png\",\"articleSection\":[\"Ciudad\/Provincia\"],\"inLanguage\":\"es-AR\"},{\"@type\":\"WebPage\",\"@id\":\"https:\/\/apuntesdesanluis.com\/index.php\/2023\/09\/06\/fracaso-la-sesion-en-la-que-diputados-pensaba-modificar-el-presupuesto-para-nombrar-beneficiarios-de-planes-sociales\/\",\"url\":\"https:\/\/apuntesdesanluis.com\/index.php\/2023\/09\/06\/fracaso-la-sesion-en-la-que-diputados-pensaba-modificar-el-presupuesto-para-nombrar-beneficiarios-de-planes-sociales\/\",\"name\":\"FRACAS\u00d3 LA SESI\u00d3N EN LA QUE DIPUTADOS PENSABA MODIFICAR EL PRESUPUESTO PARA NOMBRAR BENEFICIARIOS DE PLANES SOCIALES - Apuntes de San Luis\",\"isPartOf\":{\"@id\":\"https:\/\/apuntesdesanluis.com\/#website\"},\"primaryImageOfPage\":{\"@id\":\"https:\/\/apuntesdesanluis.com\/index.php\/2023\/09\/06\/fracaso-la-sesion-en-la-que-diputados-pensaba-modificar-el-presupuesto-para-nombrar-beneficiarios-de-planes-sociales\/#primaryimage\"},\"image\":{\"@id\":\"https:\/\/apuntesdesanluis.com\/index.php\/2023\/09\/06\/fracaso-la-sesion-en-la-que-diputados-pensaba-modificar-el-presupuesto-para-nombrar-beneficiarios-de-planes-sociales\/#primaryimage\"},\"thumbnailUrl\":\"https:\/\/apuntesdesanluis.com\/wp-content\/uploads\/2023\/09\/diputados.png\",\"datePublished\":\"2023-09-07T02:32:41+00:00\",\"dateModified\":\"2023-09-07T02:52:54+00:00\",\"breadcrumb\":{\"@id\":\"https:\/\/apuntesdesanluis.com\/index.php\/2023\/09\/06\/fracaso-la-sesion-en-la-que-diputados-pensaba-modificar-el-presupuesto-para-nombrar-beneficiarios-de-planes-sociales\/#breadcrumb\"},\"inLanguage\":\"es-AR\",\"potentialAction\":[{\"@type\":\"ReadAction\",\"target\":[\"https:\/\/apuntesdesanluis.com\/index.php\/2023\/09\/06\/fracaso-la-sesion-en-la-que-diputados-pensaba-modificar-el-presupuesto-para-nombrar-beneficiarios-de-planes-sociales\/\"]}]},{\"@type\":\"ImageObject\",\"inLanguage\":\"es-AR\",\"@id\":\"https:\/\/apuntesdesanluis.com\/index.php\/2023\/09\/06\/fracaso-la-sesion-en-la-que-diputados-pensaba-modificar-el-presupuesto-para-nombrar-beneficiarios-de-planes-sociales\/#primaryimage\",\"url\":\"https:\/\/apuntesdesanluis.com\/wp-content\/uploads\/2023\/09\/diputados.png\",\"contentUrl\":\"https:\/\/apuntesdesanluis.com\/wp-content\/uploads\/2023\/09\/diputados.png\",\"width\":700,\"height\":377},{\"@type\":\"BreadcrumbList\",\"@id\":\"https:\/\/apuntesdesanluis.com\/index.php\/2023\/09\/06\/fracaso-la-sesion-en-la-que-diputados-pensaba-modificar-el-presupuesto-para-nombrar-beneficiarios-de-planes-sociales\/#breadcrumb\",\"itemListElement\":[{\"@type\":\"ListItem\",\"position\":1,\"name\":\"Inicio\",\"item\":\"https:\/\/apuntesdesanluis.com\/\"},{\"@type\":\"ListItem\",\"position\":2,\"name\":\"FRACAS\u00d3 LA SESI\u00d3N EN LA QUE DIPUTADOS PENSABA MODIFICAR EL PRESUPUESTO PARA NOMBRAR BENEFICIARIOS DE PLANES SOCIALES\"}]},{\"@type\":\"WebSite\",\"@id\":\"https:\/\/apuntesdesanluis.com\/#website\",\"url\":\"https:\/\/apuntesdesanluis.com\/\",\"name\":\"Apuntes de San Luis\",\"description\":\"\",\"publisher\":{\"@id\":\"https:\/\/apuntesdesanluis.com\/#\/schema\/person\/b55151d52296fcce64d1a72538a70b90\"},\"potentialAction\":[{\"@type\":\"SearchAction\",\"target\":{\"@type\":\"EntryPoint\",\"urlTemplate\":\"https:\/\/apuntesdesanluis.com\/?s={search_term_string}\"},\"query-input\":{\"@type\":\"PropertyValueSpecification\",\"valueRequired\":true,\"valueName\":\"search_term_string\"}}],\"inLanguage\":\"es-AR\"},{\"@type\":[\"Person\",\"Organization\"],\"@id\":\"https:\/\/apuntesdesanluis.com\/#\/schema\/person\/b55151d52296fcce64d1a72538a70b90\",\"name\":\"apuntesdesanluis.com\",\"image\":{\"@type\":\"ImageObject\",\"inLanguage\":\"es-AR\",\"@id\":\"https:\/\/apuntesdesanluis.com\/#\/schema\/person\/image\/\",\"url\":\"https:\/\/apuntesdesanluis.com\/wp-content\/uploads\/2023\/07\/cropped-apuntesdesanluis.png\",\"contentUrl\":\"https:\/\/apuntesdesanluis.com\/wp-content\/uploads\/2023\/07\/cropped-apuntesdesanluis.png\",\"width\":450,\"height\":112,\"caption\":\"apuntesdesanluis.com\"},\"logo\":{\"@id\":\"https:\/\/apuntesdesanluis.com\/#\/schema\/person\/image\/\"},\"sameAs\":[\"https:\/\/apuntesdesanluis.com\"],\"url\":\"https:\/\/apuntesdesanluis.com\/index.php\/author\/apuntesdesanluis-com\/\"}]}<\/script>\n<!-- \/ Yoast SEO plugin. -->","yoast_head_json":{"title":"FRACAS\u00d3 LA SESI\u00d3N EN LA QUE DIPUTADOS PENSABA MODIFICAR EL PRESUPUESTO PARA NOMBRAR BENEFICIARIOS DE PLANES SOCIALES - Apuntes de San Luis","robots":{"index":"index","follow":"follow","max-snippet":"max-snippet:-1","max-image-preview":"max-image-preview:large","max-video-preview":"max-video-preview:-1"},"canonical":"https:\/\/apuntesdesanluis.com\/index.php\/2023\/09\/06\/fracaso-la-sesion-en-la-que-diputados-pensaba-modificar-el-presupuesto-para-nombrar-beneficiarios-de-planes-sociales\/","og_locale":"es_ES","og_type":"article","og_title":"FRACAS\u00d3 LA SESI\u00d3N EN LA QUE DIPUTADOS PENSABA MODIFICAR EL PRESUPUESTO PARA NOMBRAR BENEFICIARIOS DE PLANES SOCIALES - Apuntes de San Luis","og_description":"Tras la media sanci\u00f3n que el Senado dio este martes a la modificaci\u00f3n de la...","og_url":"https:\/\/apuntesdesanluis.com\/index.php\/2023\/09\/06\/fracaso-la-sesion-en-la-que-diputados-pensaba-modificar-el-presupuesto-para-nombrar-beneficiarios-de-planes-sociales\/","og_site_name":"Apuntes de San Luis","article_published_time":"2023-09-07T02:32:41+00:00","article_modified_time":"2023-09-07T02:52:54+00:00","og_image":[{"width":700,"height":377,"url":"https:\/\/apuntesdesanluis.com\/wp-content\/uploads\/2023\/09\/diputados.png","type":"image\/png"}],"author":"apuntesdesanluis.com","twitter_card":"summary_large_image","twitter_misc":{"Escrito por":"apuntesdesanluis.com","Tiempo de lectura":"4 minutos"},"schema":{"@context":"https:\/\/schema.org","@graph":[{"@type":"Article","@id":"https:\/\/apuntesdesanluis.com\/index.php\/2023\/09\/06\/fracaso-la-sesion-en-la-que-diputados-pensaba-modificar-el-presupuesto-para-nombrar-beneficiarios-de-planes-sociales\/#article","isPartOf":{"@id":"https:\/\/apuntesdesanluis.com\/index.php\/2023\/09\/06\/fracaso-la-sesion-en-la-que-diputados-pensaba-modificar-el-presupuesto-para-nombrar-beneficiarios-de-planes-sociales\/"},"author":{"name":"apuntesdesanluis.com","@id":"https:\/\/apuntesdesanluis.com\/#\/schema\/person\/b55151d52296fcce64d1a72538a70b90"},"headline":"FRACAS\u00d3 LA SESI\u00d3N EN LA QUE DIPUTADOS PENSABA MODIFICAR EL PRESUPUESTO PARA NOMBRAR BENEFICIARIOS DE PLANES SOCIALES","datePublished":"2023-09-07T02:32:41+00:00","dateModified":"2023-09-07T02:52:54+00:00","mainEntityOfPage":{"@id":"https:\/\/apuntesdesanluis.com\/index.php\/2023\/09\/06\/fracaso-la-sesion-en-la-que-diputados-pensaba-modificar-el-presupuesto-para-nombrar-beneficiarios-de-planes-sociales\/"},"wordCount":846,"publisher":{"@id":"https:\/\/apuntesdesanluis.com\/#\/schema\/person\/b55151d52296fcce64d1a72538a70b90"},"image":{"@id":"https:\/\/apuntesdesanluis.com\/index.php\/2023\/09\/06\/fracaso-la-sesion-en-la-que-diputados-pensaba-modificar-el-presupuesto-para-nombrar-beneficiarios-de-planes-sociales\/#primaryimage"},"thumbnailUrl":"https:\/\/apuntesdesanluis.com\/wp-content\/uploads\/2023\/09\/diputados.png","articleSection":["Ciudad\/Provincia"],"inLanguage":"es-AR"},{"@type":"WebPage","@id":"https:\/\/apuntesdesanluis.com\/index.php\/2023\/09\/06\/fracaso-la-sesion-en-la-que-diputados-pensaba-modificar-el-presupuesto-para-nombrar-beneficiarios-de-planes-sociales\/","url":"https:\/\/apuntesdesanluis.com\/index.php\/2023\/09\/06\/fracaso-la-sesion-en-la-que-diputados-pensaba-modificar-el-presupuesto-para-nombrar-beneficiarios-de-planes-sociales\/","name":"FRACAS\u00d3 LA SESI\u00d3N EN LA QUE DIPUTADOS PENSABA MODIFICAR EL PRESUPUESTO PARA NOMBRAR BENEFICIARIOS DE PLANES SOCIALES - Apuntes de San Luis","isPartOf":{"@id":"https:\/\/apuntesdesanluis.com\/#website"},"primaryImageOfPage":{"@id":"https:\/\/apuntesdesanluis.com\/index.php\/2023\/09\/06\/fracaso-la-sesion-en-la-que-diputados-pensaba-modificar-el-presupuesto-para-nombrar-beneficiarios-de-planes-sociales\/#primaryimage"},"image":{"@id":"https:\/\/apuntesdesanluis.com\/index.php\/2023\/09\/06\/fracaso-la-sesion-en-la-que-diputados-pensaba-modificar-el-presupuesto-para-nombrar-beneficiarios-de-planes-sociales\/#primaryimage"},"thumbnailUrl":"https:\/\/apuntesdesanluis.com\/wp-content\/uploads\/2023\/09\/diputados.png","datePublished":"2023-09-07T02:32:41+00:00","dateModified":"2023-09-07T02:52:54+00:00","breadcrumb":{"@id":"https:\/\/apuntesdesanluis.com\/index.php\/2023\/09\/06\/fracaso-la-sesion-en-la-que-diputados-pensaba-modificar-el-presupuesto-para-nombrar-beneficiarios-de-planes-sociales\/#breadcrumb"},"inLanguage":"es-AR","potentialAction":[{"@type":"ReadAction","target":["https:\/\/apuntesdesanluis.com\/index.php\/2023\/09\/06\/fracaso-la-sesion-en-la-que-diputados-pensaba-modificar-el-presupuesto-para-nombrar-beneficiarios-de-planes-sociales\/"]}]},{"@type":"ImageObject","inLanguage":"es-AR","@id":"https:\/\/apuntesdesanluis.com\/index.php\/2023\/09\/06\/fracaso-la-sesion-en-la-que-diputados-pensaba-modificar-el-presupuesto-para-nombrar-beneficiarios-de-planes-sociales\/#primaryimage","url":"https:\/\/apuntesdesanluis.com\/wp-content\/uploads\/2023\/09\/diputados.png","contentUrl":"https:\/\/apuntesdesanluis.com\/wp-content\/uploads\/2023\/09\/diputados.png","width":700,"height":377},{"@type":"BreadcrumbList","@id":"https:\/\/apuntesdesanluis.com\/index.php\/2023\/09\/06\/fracaso-la-sesion-en-la-que-diputados-pensaba-modificar-el-presupuesto-para-nombrar-beneficiarios-de-planes-sociales\/#breadcrumb","itemListElement":[{"@type":"ListItem","position":1,"name":"Inicio","item":"https:\/\/apuntesdesanluis.com\/"},{"@type":"ListItem","position":2,"name":"FRACAS\u00d3 LA SESI\u00d3N EN LA QUE DIPUTADOS PENSABA MODIFICAR EL PRESUPUESTO PARA NOMBRAR BENEFICIARIOS DE PLANES SOCIALES"}]},{"@type":"WebSite","@id":"https:\/\/apuntesdesanluis.com\/#website","url":"https:\/\/apuntesdesanluis.com\/","name":"Apuntes de San Luis","description":"","publisher":{"@id":"https:\/\/apuntesdesanluis.com\/#\/schema\/person\/b55151d52296fcce64d1a72538a70b90"},"potentialAction":[{"@type":"SearchAction","target":{"@type":"EntryPoint","urlTemplate":"https:\/\/apuntesdesanluis.com\/?s={search_term_string}"},"query-input":{"@type":"PropertyValueSpecification","valueRequired":true,"valueName":"search_term_string"}}],"inLanguage":"es-AR"},{"@type":["Person","Organization"],"@id":"https:\/\/apuntesdesanluis.com\/#\/schema\/person\/b55151d52296fcce64d1a72538a70b90","name":"apuntesdesanluis.com","image":{"@type":"ImageObject","inLanguage":"es-AR","@id":"https:\/\/apuntesdesanluis.com\/#\/schema\/person\/image\/","url":"https:\/\/apuntesdesanluis.com\/wp-content\/uploads\/2023\/07\/cropped-apuntesdesanluis.png","contentUrl":"https:\/\/apuntesdesanluis.com\/wp-content\/uploads\/2023\/07\/cropped-apuntesdesanluis.png","width":450,"height":112,"caption":"apuntesdesanluis.com"},"logo":{"@id":"https:\/\/apuntesdesanluis.com\/#\/schema\/person\/image\/"},"sameAs":["https:\/\/apuntesdesanluis.com"],"url":"https:\/\/apuntesdesanluis.com\/index.php\/author\/apuntesdesanluis-com\/"}]}},"featured_image_urls":{"full":["https:\/\/apuntesdesanluis.com\/wp-content\/uploads\/2023\/09\/diputados.png",700,377,false],"thumbnail":["https:\/\/apuntesdesanluis.com\/wp-content\/uploads\/2023\/09\/diputados-150x150.png",150,150,true],"medium":["https:\/\/apuntesdesanluis.com\/wp-content\/uploads\/2023\/09\/diputados-300x162.png",300,162,true],"medium_large":["https:\/\/apuntesdesanluis.com\/wp-content\/uploads\/2023\/09\/diputados.png",640,345,false],"large":["https:\/\/apuntesdesanluis.com\/wp-content\/uploads\/2023\/09\/diputados.png",640,345,false],"1536x1536":["https:\/\/apuntesdesanluis.com\/wp-content\/uploads\/2023\/09\/diputados.png",700,377,false],"2048x2048":["https:\/\/apuntesdesanluis.com\/wp-content\/uploads\/2023\/09\/diputados.png",700,377,false],"newsever-slider-full":["https:\/\/apuntesdesanluis.com\/wp-content\/uploads\/2023\/09\/diputados.png",700,377,false],"newsever-featured":["https:\/\/apuntesdesanluis.com\/wp-content\/uploads\/2023\/09\/diputados.png",700,377,false],"newsever-medium":["https:\/\/apuntesdesanluis.com\/wp-content\/uploads\/2023\/09\/diputados.png",700,377,false]},"author_info":{"display_name":"apuntesdesanluis.com","author_link":"https:\/\/apuntesdesanluis.com\/index.php\/author\/apuntesdesanluis-com\/"},"category_info":"<a href=\"https:\/\/apuntesdesanluis.com\/index.php\/category\/ciudad-provincia\/\" rel=\"category tag\">Ciudad\/Provincia<\/a>","tag_info":"Ciudad\/Provincia","comment_count":"0","_links":{"self":[{"href":"https:\/\/apuntesdesanluis.com\/index.php\/wp-json\/wp\/v2\/posts\/2847","targetHints":{"allow":["GET"]}}],"collection":[{"href":"https:\/\/apuntesdesanluis.com\/index.php\/wp-json\/wp\/v2\/posts"}],"about":[{"href":"https:\/\/apuntesdesanluis.com\/index.php\/wp-json\/wp\/v2\/types\/post"}],"author":[{"embeddable":true,"href":"https:\/\/apuntesdesanluis.com\/index.php\/wp-json\/wp\/v2\/users\/1"}],"replies":[{"embeddable":true,"href":"https:\/\/apuntesdesanluis.com\/index.php\/wp-json\/wp\/v2\/comments?post=2847"}],"version-history":[{"count":8,"href":"https:\/\/apuntesdesanluis.com\/index.php\/wp-json\/wp\/v2\/posts\/2847\/revisions"}],"predecessor-version":[{"id":2859,"href":"https:\/\/apuntesdesanluis.com\/index.php\/wp-json\/wp\/v2\/posts\/2847\/revisions\/2859"}],"wp:featuredmedia":[{"embeddable":true,"href":"https:\/\/apuntesdesanluis.com\/index.php\/wp-json\/wp\/v2\/media\/2848"}],"wp:attachment":[{"href":"https:\/\/apuntesdesanluis.com\/index.php\/wp-json\/wp\/v2\/media?parent=2847"}],"wp:term":[{"taxonomy":"category","embeddable":true,"href":"https:\/\/apuntesdesanluis.com\/index.php\/wp-json\/wp\/v2\/categories?post=2847"},{"taxonomy":"post_tag","embeddable":true,"href":"https:\/\/apuntesdesanluis.com\/index.php\/wp-json\/wp\/v2\/tags?post=2847"}],"curies":[{"name":"wp","href":"https:\/\/api.w.org\/{rel}","templated":true}]}}