{"id":28492,"date":"2025-01-31T00:10:23","date_gmt":"2025-01-31T03:10:23","guid":{"rendered":"https:\/\/apuntesdesanluis.com\/?p=28492"},"modified":"2025-01-31T00:54:39","modified_gmt":"2025-01-31T03:54:39","slug":"el-gobernador-inauguro-refacciones-en-la-comisaria-n-11-de-villa-mercedes","status":"publish","type":"post","link":"https:\/\/apuntesdesanluis.com\/index.php\/2025\/01\/31\/el-gobernador-inauguro-refacciones-en-la-comisaria-n-11-de-villa-mercedes\/","title":{"rendered":"EL GOBERNADOR INAUGUR\u00d3 REFACCIONES EN LA COMISAR\u00cdA N\u00b0 11 DE VILLA MERCEDES"},"content":{"rendered":"<h3>El gobernador <strong>Claudio Poggi<\/strong> y la ministro de Seguridad, <strong>Nancy Sosa<\/strong>, inauguraron este jueves las refacciones de la Comisar\u00eda Seccional N\u00b0 11 de Villa Mercedes, tras una inversi\u00f3n de 118 millones de pesos que permiti\u00f3 renovar completamente el edificio fundado en 1993.<\/h3>\n<h3>Del acto tambi\u00e9n particip\u00f3 el intendente <strong>Maximiliano Frontera<\/strong> y autoridades de la Polic\u00eda Provincial.<\/h3>\n<h3>La directora de Infraestructura en Seguridad, <strong>Leila Vega<\/strong>, detall\u00f3 los trabajos realizados durante los 60 d\u00edas de remodelaci\u00f3n: \u201cSe repararon filtraciones en la cubierta, con extracci\u00f3n de tejas y colocaci\u00f3n de nueva membrana y cubierta de chapa. Se rectificaron las instalaciones el\u00e9ctricas, se instal\u00f3 un nuevo sistema de calefacci\u00f3n y aire acondicionado, y se reemplazaron pilares y cerchas de madera por perfiler\u00eda met\u00e1lica\u201d. Tambi\u00e9n destac\u00f3 la construcci\u00f3n de una cochera para veh\u00edculos policiales, mejoras en la seguridad del predio y la renovaci\u00f3n completa del piso y equipamiento de cocina.<\/h3>\n<p><img fetchpriority=\"high\" decoding=\"async\" class=\"wp-image-28494 aligncenter\" src=\"https:\/\/apuntesdesanluis.com\/wp-content\/uploads\/2025\/01\/COMISARIA-POGGI-300x198.png\" alt=\"\" width=\"611\" height=\"403\" srcset=\"https:\/\/apuntesdesanluis.com\/wp-content\/uploads\/2025\/01\/COMISARIA-POGGI-300x198.png 300w, https:\/\/apuntesdesanluis.com\/wp-content\/uploads\/2025\/01\/COMISARIA-POGGI-768x506.png 768w, https:\/\/apuntesdesanluis.com\/wp-content\/uploads\/2025\/01\/COMISARIA-POGGI-720x475.png 720w, https:\/\/apuntesdesanluis.com\/wp-content\/uploads\/2025\/01\/COMISARIA-POGGI.png 884w\" sizes=\"(max-width: 611px) 100vw, 611px\" \/><\/p>\n<h3>\u201cEsta es la primera inauguraci\u00f3n y es una satisfacci\u00f3n enorme, estamos felices de poner en marcha esto en Villa Mercedes. El respaldo a la instituci\u00f3n son acciones como estas, no son solo palabras\u201d, expres\u00f3 la ministra Sosa, quien anunci\u00f3 que el plan de renovaci\u00f3n continuar\u00e1 hasta alcanzar a todas las dependencias policiales de Villa Mercedes.<\/h3>\n<h3>Durante el acto, Poggi enfatiz\u00f3 su compromiso con las fuerzas de seguridad: \u201cYo estoy del lado de la fuerza de seguridad, no estoy del lado del delincuente. Siempre estar\u00e9 de este lado\u201d.<\/h3>\n<h3><strong>APORTES A INSTITUCIONES<\/strong><\/h3>\n<h3>En su visita n\u00famero 50 a Villa Mercedes como Gobernador y como cada jueves, Claudio Poggi arrib\u00f3 a la ciudad para encabezar la entrega de 15 decretos de financiamientos como parte del Programa de Fortalecimiento Institucional de las ONG.<\/h3>\n<h3>El inicio de la ceremonia tuvo la presentaci\u00f3n de la Comparsa <strong>\u2018Sonido de 1000\u2019<\/strong>, una de las entidades beneficiadas de esta iniciativa gubernamental.<\/h3>\n<h3>Entre las 15 organizaciones que pasaron al frente, Ver\u00f3nica Porra, representante del <strong>\u2018C\u00edrculo de Amigos Mayores\u2019<\/strong> cont\u00f3 que invertir\u00e1n en un equipo de audio para poder ampliar su manera de ense\u00f1ar.<\/h3>\n<p><img decoding=\"async\" class=\"wp-image-28500 aligncenter\" src=\"https:\/\/apuntesdesanluis.com\/wp-content\/uploads\/2025\/01\/financiamiento-300x196.png\" alt=\"\" width=\"669\" height=\"437\" srcset=\"https:\/\/apuntesdesanluis.com\/wp-content\/uploads\/2025\/01\/financiamiento-300x196.png 300w, https:\/\/apuntesdesanluis.com\/wp-content\/uploads\/2025\/01\/financiamiento-768x502.png 768w, https:\/\/apuntesdesanluis.com\/wp-content\/uploads\/2025\/01\/financiamiento.png 868w\" sizes=\"(max-width: 669px) 100vw, 669px\" \/><\/p>\n<h3>\u201cEste apoyo es fundamental para el bienestar de toda nuestra comunidad. Nosotros nos fundamos en 2011 y queremos comprar un equipo para que todos sean plenamente escuchados y podamos ense\u00f1ar porque esa es nuestra meta\u201d, explic\u00f3.<\/h3>\n<h3>El <strong>Club de los Abuelos<\/strong>, representado por Ana Armelli, es una asociaci\u00f3n que recibe a m\u00e1s de 300 socios que realizan talleres y deportes para \u201cmantenerse en actividad\u201d. Con este beneficio, podr\u00e1n embellecer el espacio donde est\u00e1n. \u201cEs una ayuda muy grande la que nos est\u00e1 dando el Gobernador\u201d, explic\u00f3 la representante.<\/h3>\n<h3>Del acto tambi\u00e9n participaron los ministros de Gobierno, Gonzalo Amondarain y de Desarrollo Humano, Gustavo Bertoloni y el intendente de Villa Mercedes, Maximiliano Frontera.<\/h3>\n<h3><strong>ENTREGA DE ESCRITURAS<\/strong><\/h3>\n<h3>En su amplia agenda de este jueves, el gobernador Claudio Poggi encabez\u00f3 un nuevo acto en el anfiteatro Molino F\u00e9nix donde 73 familias recibieron las escrituras de sus casas y conocieron de qu\u00e9 se trata el Programa \u2018Proteg\u00e9 tu Casa\u2019.<\/h3>\n<p><img decoding=\"async\" class=\"wp-image-28495 aligncenter\" src=\"https:\/\/apuntesdesanluis.com\/wp-content\/uploads\/2025\/01\/ESCRITURAS-300x227.png\" alt=\"\" width=\"615\" height=\"465\" srcset=\"https:\/\/apuntesdesanluis.com\/wp-content\/uploads\/2025\/01\/ESCRITURAS-300x227.png 300w, https:\/\/apuntesdesanluis.com\/wp-content\/uploads\/2025\/01\/ESCRITURAS-768x582.png 768w, https:\/\/apuntesdesanluis.com\/wp-content\/uploads\/2025\/01\/ESCRITURAS.png 790w\" sizes=\"(max-width: 615px) 100vw, 615px\" \/><\/p>\n<h3>\u201cHoy entraron por esta puerta como adjudicatarios y se van como propietarios. Y los felicito por haber confiado en el programa. Ya llegamos a las m\u00e1s de 2.600 escrituras entregadas en Villa Mercedes\u201d, asegur\u00f3 el Primer Mandatario.<\/h3>\n<h3><strong>NUEVA ILUMINACI\u00d3N<\/strong><\/h3>\n<h3>Durante el cierre de su amplia agenda por Villa Mercedes, el gobernador Claudio Poggi termin\u00f3 la jornada con los vecinos para, junto con el Intendente de Villa Mercedes, inaugurar el recambio de artefactos de alumbrado p\u00fablico en los barrios Col\u00f3n y Altos del Oeste.<\/h3>\n<h3>Estos trabajos fueron realizados a trav\u00e9s de la edici\u00f3n 2024 de \u2018Construyendo con Tu Pueblo\u2019, un convenio entre el Municipio y el Gobierno para la realizaci\u00f3n de obras p\u00fablicas.<\/h3>\n<h3><img loading=\"lazy\" decoding=\"async\" class=\"wp-image-28496 aligncenter\" src=\"https:\/\/apuntesdesanluis.com\/wp-content\/uploads\/2025\/01\/luz-300x198.png\" alt=\"\" width=\"626\" height=\"413\" srcset=\"https:\/\/apuntesdesanluis.com\/wp-content\/uploads\/2025\/01\/luz-300x198.png 300w, https:\/\/apuntesdesanluis.com\/wp-content\/uploads\/2025\/01\/luz-768x506.png 768w, https:\/\/apuntesdesanluis.com\/wp-content\/uploads\/2025\/01\/luz-720x475.png 720w, https:\/\/apuntesdesanluis.com\/wp-content\/uploads\/2025\/01\/luz.png 881w\" sizes=\"(max-width: 626px) 100vw, 626px\" \/><\/h3>\n<h3>El primer acto fue en el barrio Col\u00f3n. All\u00ed Frontera destac\u00f3 la obra que incluy\u00f3 la instalaci\u00f3n de 520 artefactos de LED, beneficiando a m\u00e1s de 1.000 familias y mejorando la seguridad y calidad del servicio. \u201cEstamos contentos con el Gobernador porque la iluminaci\u00f3n, m\u00e1s all\u00e1 de brindar seguridad, tambi\u00e9n mejora la calidad del servicio y la iluminaci\u00f3n de LED tambi\u00e9n reduce los costos\u201d, asegur\u00f3 el intendente.<\/h3>\n<h3><strong>PAVIMENTACI\u00d3N<\/strong><\/h3>\n<h3>El Primer Mandatario finaliz\u00f3 la jornada caminando por la calle San Lorenzo donde tambi\u00e9n est\u00e1 en ejecuci\u00f3n la obra de pavimentaci\u00f3n de ese sector y que la Municipalidad realiza con los fondos del Plan 2024.<\/h3>\n<p><img loading=\"lazy\" decoding=\"async\" class=\"wp-image-28497 aligncenter\" src=\"https:\/\/apuntesdesanluis.com\/wp-content\/uploads\/2025\/01\/PAVIMENTACION-300x195.png\" alt=\"\" width=\"632\" height=\"411\" srcset=\"https:\/\/apuntesdesanluis.com\/wp-content\/uploads\/2025\/01\/PAVIMENTACION-300x195.png 300w, https:\/\/apuntesdesanluis.com\/wp-content\/uploads\/2025\/01\/PAVIMENTACION-768x499.png 768w, https:\/\/apuntesdesanluis.com\/wp-content\/uploads\/2025\/01\/PAVIMENTACION.png 821w\" sizes=\"(max-width: 632px) 100vw, 632px\" \/><\/p>\n<p>&nbsp;<\/p>\n<p>&nbsp;<\/p>\n<p>&nbsp;<\/p>\n<p>&nbsp;<\/p>\n","protected":false},"excerpt":{"rendered":"<p>El gobernador Claudio Poggi y la ministro de Seguridad, Nancy Sosa, inauguraron este jueves las&#8230;<\/p>\n","protected":false},"author":1,"featured_media":28493,"comment_status":"closed","ping_status":"closed","sticky":false,"template":"","format":"standard","meta":{"footnotes":""},"categories":[6],"tags":[],"class_list":["post-28492","post","type-post","status-publish","format-standard","has-post-thumbnail","hentry","category-ciudad-provincia"],"yoast_head":"<!-- This site is optimized with the Yoast SEO plugin v26.1.1 - https:\/\/yoast.com\/wordpress\/plugins\/seo\/ -->\n<title>EL GOBERNADOR INAUGUR\u00d3 REFACCIONES EN LA COMISAR\u00cdA N\u00b0 11 DE VILLA MERCEDES - Apuntes de San Luis<\/title>\n<meta name=\"robots\" content=\"index, follow, max-snippet:-1, max-image-preview:large, max-video-preview:-1\" \/>\n<link rel=\"canonical\" href=\"https:\/\/apuntesdesanluis.com\/index.php\/2025\/01\/31\/el-gobernador-inauguro-refacciones-en-la-comisaria-n-11-de-villa-mercedes\/\" \/>\n<meta property=\"og:locale\" content=\"es_ES\" \/>\n<meta property=\"og:type\" content=\"article\" \/>\n<meta property=\"og:title\" content=\"EL GOBERNADOR INAUGUR\u00d3 REFACCIONES EN LA COMISAR\u00cdA N\u00b0 11 DE VILLA MERCEDES - Apuntes de San Luis\" \/>\n<meta property=\"og:description\" content=\"El gobernador Claudio Poggi y la ministro de Seguridad, Nancy Sosa, inauguraron este jueves las...\" \/>\n<meta property=\"og:url\" content=\"https:\/\/apuntesdesanluis.com\/index.php\/2025\/01\/31\/el-gobernador-inauguro-refacciones-en-la-comisaria-n-11-de-villa-mercedes\/\" \/>\n<meta property=\"og:site_name\" content=\"Apuntes de San Luis\" \/>\n<meta property=\"article:published_time\" content=\"2025-01-31T03:10:23+00:00\" \/>\n<meta property=\"article:modified_time\" content=\"2025-01-31T03:54:39+00:00\" \/>\n<meta property=\"og:image\" content=\"https:\/\/apuntesdesanluis.com\/wp-content\/uploads\/2025\/01\/COMISARIA.png\" \/>\n\t<meta property=\"og:image:width\" content=\"824\" \/>\n\t<meta property=\"og:image:height\" content=\"476\" \/>\n\t<meta property=\"og:image:type\" content=\"image\/png\" \/>\n<meta name=\"author\" content=\"apuntesdesanluis.com\" \/>\n<meta name=\"twitter:card\" content=\"summary_large_image\" \/>\n<meta name=\"twitter:label1\" content=\"Escrito por\" \/>\n\t<meta name=\"twitter:data1\" content=\"apuntesdesanluis.com\" \/>\n\t<meta name=\"twitter:label2\" content=\"Tiempo de lectura\" \/>\n\t<meta name=\"twitter:data2\" content=\"5 minutos\" \/>\n<script type=\"application\/ld+json\" class=\"yoast-schema-graph\">{\"@context\":\"https:\/\/schema.org\",\"@graph\":[{\"@type\":\"Article\",\"@id\":\"https:\/\/apuntesdesanluis.com\/index.php\/2025\/01\/31\/el-gobernador-inauguro-refacciones-en-la-comisaria-n-11-de-villa-mercedes\/#article\",\"isPartOf\":{\"@id\":\"https:\/\/apuntesdesanluis.com\/index.php\/2025\/01\/31\/el-gobernador-inauguro-refacciones-en-la-comisaria-n-11-de-villa-mercedes\/\"},\"author\":{\"name\":\"apuntesdesanluis.com\",\"@id\":\"https:\/\/apuntesdesanluis.com\/#\/schema\/person\/b55151d52296fcce64d1a72538a70b90\"},\"headline\":\"EL GOBERNADOR INAUGUR\u00d3 REFACCIONES EN LA COMISAR\u00cdA N\u00b0 11 DE VILLA MERCEDES\",\"datePublished\":\"2025-01-31T03:10:23+00:00\",\"dateModified\":\"2025-01-31T03:54:39+00:00\",\"mainEntityOfPage\":{\"@id\":\"https:\/\/apuntesdesanluis.com\/index.php\/2025\/01\/31\/el-gobernador-inauguro-refacciones-en-la-comisaria-n-11-de-villa-mercedes\/\"},\"wordCount\":751,\"publisher\":{\"@id\":\"https:\/\/apuntesdesanluis.com\/#\/schema\/person\/b55151d52296fcce64d1a72538a70b90\"},\"image\":{\"@id\":\"https:\/\/apuntesdesanluis.com\/index.php\/2025\/01\/31\/el-gobernador-inauguro-refacciones-en-la-comisaria-n-11-de-villa-mercedes\/#primaryimage\"},\"thumbnailUrl\":\"https:\/\/apuntesdesanluis.com\/wp-content\/uploads\/2025\/01\/COMISARIA.png\",\"articleSection\":[\"Ciudad\/Provincia\"],\"inLanguage\":\"es-AR\"},{\"@type\":\"WebPage\",\"@id\":\"https:\/\/apuntesdesanluis.com\/index.php\/2025\/01\/31\/el-gobernador-inauguro-refacciones-en-la-comisaria-n-11-de-villa-mercedes\/\",\"url\":\"https:\/\/apuntesdesanluis.com\/index.php\/2025\/01\/31\/el-gobernador-inauguro-refacciones-en-la-comisaria-n-11-de-villa-mercedes\/\",\"name\":\"EL GOBERNADOR INAUGUR\u00d3 REFACCIONES EN LA COMISAR\u00cdA N\u00b0 11 DE VILLA MERCEDES - Apuntes de San Luis\",\"isPartOf\":{\"@id\":\"https:\/\/apuntesdesanluis.com\/#website\"},\"primaryImageOfPage\":{\"@id\":\"https:\/\/apuntesdesanluis.com\/index.php\/2025\/01\/31\/el-gobernador-inauguro-refacciones-en-la-comisaria-n-11-de-villa-mercedes\/#primaryimage\"},\"image\":{\"@id\":\"https:\/\/apuntesdesanluis.com\/index.php\/2025\/01\/31\/el-gobernador-inauguro-refacciones-en-la-comisaria-n-11-de-villa-mercedes\/#primaryimage\"},\"thumbnailUrl\":\"https:\/\/apuntesdesanluis.com\/wp-content\/uploads\/2025\/01\/COMISARIA.png\",\"datePublished\":\"2025-01-31T03:10:23+00:00\",\"dateModified\":\"2025-01-31T03:54:39+00:00\",\"breadcrumb\":{\"@id\":\"https:\/\/apuntesdesanluis.com\/index.php\/2025\/01\/31\/el-gobernador-inauguro-refacciones-en-la-comisaria-n-11-de-villa-mercedes\/#breadcrumb\"},\"inLanguage\":\"es-AR\",\"potentialAction\":[{\"@type\":\"ReadAction\",\"target\":[\"https:\/\/apuntesdesanluis.com\/index.php\/2025\/01\/31\/el-gobernador-inauguro-refacciones-en-la-comisaria-n-11-de-villa-mercedes\/\"]}]},{\"@type\":\"ImageObject\",\"inLanguage\":\"es-AR\",\"@id\":\"https:\/\/apuntesdesanluis.com\/index.php\/2025\/01\/31\/el-gobernador-inauguro-refacciones-en-la-comisaria-n-11-de-villa-mercedes\/#primaryimage\",\"url\":\"https:\/\/apuntesdesanluis.com\/wp-content\/uploads\/2025\/01\/COMISARIA.png\",\"contentUrl\":\"https:\/\/apuntesdesanluis.com\/wp-content\/uploads\/2025\/01\/COMISARIA.png\",\"width\":824,\"height\":476},{\"@type\":\"BreadcrumbList\",\"@id\":\"https:\/\/apuntesdesanluis.com\/index.php\/2025\/01\/31\/el-gobernador-inauguro-refacciones-en-la-comisaria-n-11-de-villa-mercedes\/#breadcrumb\",\"itemListElement\":[{\"@type\":\"ListItem\",\"position\":1,\"name\":\"Inicio\",\"item\":\"https:\/\/apuntesdesanluis.com\/\"},{\"@type\":\"ListItem\",\"position\":2,\"name\":\"EL GOBERNADOR INAUGUR\u00d3 REFACCIONES EN LA COMISAR\u00cdA N\u00b0 11 DE VILLA MERCEDES\"}]},{\"@type\":\"WebSite\",\"@id\":\"https:\/\/apuntesdesanluis.com\/#website\",\"url\":\"https:\/\/apuntesdesanluis.com\/\",\"name\":\"Apuntes de San Luis\",\"description\":\"\",\"publisher\":{\"@id\":\"https:\/\/apuntesdesanluis.com\/#\/schema\/person\/b55151d52296fcce64d1a72538a70b90\"},\"potentialAction\":[{\"@type\":\"SearchAction\",\"target\":{\"@type\":\"EntryPoint\",\"urlTemplate\":\"https:\/\/apuntesdesanluis.com\/?s={search_term_string}\"},\"query-input\":{\"@type\":\"PropertyValueSpecification\",\"valueRequired\":true,\"valueName\":\"search_term_string\"}}],\"inLanguage\":\"es-AR\"},{\"@type\":[\"Person\",\"Organization\"],\"@id\":\"https:\/\/apuntesdesanluis.com\/#\/schema\/person\/b55151d52296fcce64d1a72538a70b90\",\"name\":\"apuntesdesanluis.com\",\"image\":{\"@type\":\"ImageObject\",\"inLanguage\":\"es-AR\",\"@id\":\"https:\/\/apuntesdesanluis.com\/#\/schema\/person\/image\/\",\"url\":\"https:\/\/apuntesdesanluis.com\/wp-content\/uploads\/2023\/07\/cropped-apuntesdesanluis.png\",\"contentUrl\":\"https:\/\/apuntesdesanluis.com\/wp-content\/uploads\/2023\/07\/cropped-apuntesdesanluis.png\",\"width\":450,\"height\":112,\"caption\":\"apuntesdesanluis.com\"},\"logo\":{\"@id\":\"https:\/\/apuntesdesanluis.com\/#\/schema\/person\/image\/\"},\"sameAs\":[\"https:\/\/apuntesdesanluis.com\"],\"url\":\"https:\/\/apuntesdesanluis.com\/index.php\/author\/apuntesdesanluis-com\/\"}]}<\/script>\n<!-- \/ Yoast SEO plugin. -->","yoast_head_json":{"title":"EL GOBERNADOR INAUGUR\u00d3 REFACCIONES EN LA COMISAR\u00cdA N\u00b0 11 DE VILLA MERCEDES - Apuntes de San Luis","robots":{"index":"index","follow":"follow","max-snippet":"max-snippet:-1","max-image-preview":"max-image-preview:large","max-video-preview":"max-video-preview:-1"},"canonical":"https:\/\/apuntesdesanluis.com\/index.php\/2025\/01\/31\/el-gobernador-inauguro-refacciones-en-la-comisaria-n-11-de-villa-mercedes\/","og_locale":"es_ES","og_type":"article","og_title":"EL GOBERNADOR INAUGUR\u00d3 REFACCIONES EN LA COMISAR\u00cdA N\u00b0 11 DE VILLA MERCEDES - Apuntes de San Luis","og_description":"El gobernador Claudio Poggi y la ministro de Seguridad, Nancy Sosa, inauguraron este jueves las...","og_url":"https:\/\/apuntesdesanluis.com\/index.php\/2025\/01\/31\/el-gobernador-inauguro-refacciones-en-la-comisaria-n-11-de-villa-mercedes\/","og_site_name":"Apuntes de San Luis","article_published_time":"2025-01-31T03:10:23+00:00","article_modified_time":"2025-01-31T03:54:39+00:00","og_image":[{"width":824,"height":476,"url":"https:\/\/apuntesdesanluis.com\/wp-content\/uploads\/2025\/01\/COMISARIA.png","type":"image\/png"}],"author":"apuntesdesanluis.com","twitter_card":"summary_large_image","twitter_misc":{"Escrito por":"apuntesdesanluis.com","Tiempo de lectura":"5 minutos"},"schema":{"@context":"https:\/\/schema.org","@graph":[{"@type":"Article","@id":"https:\/\/apuntesdesanluis.com\/index.php\/2025\/01\/31\/el-gobernador-inauguro-refacciones-en-la-comisaria-n-11-de-villa-mercedes\/#article","isPartOf":{"@id":"https:\/\/apuntesdesanluis.com\/index.php\/2025\/01\/31\/el-gobernador-inauguro-refacciones-en-la-comisaria-n-11-de-villa-mercedes\/"},"author":{"name":"apuntesdesanluis.com","@id":"https:\/\/apuntesdesanluis.com\/#\/schema\/person\/b55151d52296fcce64d1a72538a70b90"},"headline":"EL GOBERNADOR INAUGUR\u00d3 REFACCIONES EN LA COMISAR\u00cdA N\u00b0 11 DE VILLA MERCEDES","datePublished":"2025-01-31T03:10:23+00:00","dateModified":"2025-01-31T03:54:39+00:00","mainEntityOfPage":{"@id":"https:\/\/apuntesdesanluis.com\/index.php\/2025\/01\/31\/el-gobernador-inauguro-refacciones-en-la-comisaria-n-11-de-villa-mercedes\/"},"wordCount":751,"publisher":{"@id":"https:\/\/apuntesdesanluis.com\/#\/schema\/person\/b55151d52296fcce64d1a72538a70b90"},"image":{"@id":"https:\/\/apuntesdesanluis.com\/index.php\/2025\/01\/31\/el-gobernador-inauguro-refacciones-en-la-comisaria-n-11-de-villa-mercedes\/#primaryimage"},"thumbnailUrl":"https:\/\/apuntesdesanluis.com\/wp-content\/uploads\/2025\/01\/COMISARIA.png","articleSection":["Ciudad\/Provincia"],"inLanguage":"es-AR"},{"@type":"WebPage","@id":"https:\/\/apuntesdesanluis.com\/index.php\/2025\/01\/31\/el-gobernador-inauguro-refacciones-en-la-comisaria-n-11-de-villa-mercedes\/","url":"https:\/\/apuntesdesanluis.com\/index.php\/2025\/01\/31\/el-gobernador-inauguro-refacciones-en-la-comisaria-n-11-de-villa-mercedes\/","name":"EL GOBERNADOR INAUGUR\u00d3 REFACCIONES EN LA COMISAR\u00cdA N\u00b0 11 DE VILLA MERCEDES - Apuntes de San Luis","isPartOf":{"@id":"https:\/\/apuntesdesanluis.com\/#website"},"primaryImageOfPage":{"@id":"https:\/\/apuntesdesanluis.com\/index.php\/2025\/01\/31\/el-gobernador-inauguro-refacciones-en-la-comisaria-n-11-de-villa-mercedes\/#primaryimage"},"image":{"@id":"https:\/\/apuntesdesanluis.com\/index.php\/2025\/01\/31\/el-gobernador-inauguro-refacciones-en-la-comisaria-n-11-de-villa-mercedes\/#primaryimage"},"thumbnailUrl":"https:\/\/apuntesdesanluis.com\/wp-content\/uploads\/2025\/01\/COMISARIA.png","datePublished":"2025-01-31T03:10:23+00:00","dateModified":"2025-01-31T03:54:39+00:00","breadcrumb":{"@id":"https:\/\/apuntesdesanluis.com\/index.php\/2025\/01\/31\/el-gobernador-inauguro-refacciones-en-la-comisaria-n-11-de-villa-mercedes\/#breadcrumb"},"inLanguage":"es-AR","potentialAction":[{"@type":"ReadAction","target":["https:\/\/apuntesdesanluis.com\/index.php\/2025\/01\/31\/el-gobernador-inauguro-refacciones-en-la-comisaria-n-11-de-villa-mercedes\/"]}]},{"@type":"ImageObject","inLanguage":"es-AR","@id":"https:\/\/apuntesdesanluis.com\/index.php\/2025\/01\/31\/el-gobernador-inauguro-refacciones-en-la-comisaria-n-11-de-villa-mercedes\/#primaryimage","url":"https:\/\/apuntesdesanluis.com\/wp-content\/uploads\/2025\/01\/COMISARIA.png","contentUrl":"https:\/\/apuntesdesanluis.com\/wp-content\/uploads\/2025\/01\/COMISARIA.png","width":824,"height":476},{"@type":"BreadcrumbList","@id":"https:\/\/apuntesdesanluis.com\/index.php\/2025\/01\/31\/el-gobernador-inauguro-refacciones-en-la-comisaria-n-11-de-villa-mercedes\/#breadcrumb","itemListElement":[{"@type":"ListItem","position":1,"name":"Inicio","item":"https:\/\/apuntesdesanluis.com\/"},{"@type":"ListItem","position":2,"name":"EL GOBERNADOR INAUGUR\u00d3 REFACCIONES EN LA COMISAR\u00cdA N\u00b0 11 DE VILLA MERCEDES"}]},{"@type":"WebSite","@id":"https:\/\/apuntesdesanluis.com\/#website","url":"https:\/\/apuntesdesanluis.com\/","name":"Apuntes de San Luis","description":"","publisher":{"@id":"https:\/\/apuntesdesanluis.com\/#\/schema\/person\/b55151d52296fcce64d1a72538a70b90"},"potentialAction":[{"@type":"SearchAction","target":{"@type":"EntryPoint","urlTemplate":"https:\/\/apuntesdesanluis.com\/?s={search_term_string}"},"query-input":{"@type":"PropertyValueSpecification","valueRequired":true,"valueName":"search_term_string"}}],"inLanguage":"es-AR"},{"@type":["Person","Organization"],"@id":"https:\/\/apuntesdesanluis.com\/#\/schema\/person\/b55151d52296fcce64d1a72538a70b90","name":"apuntesdesanluis.com","image":{"@type":"ImageObject","inLanguage":"es-AR","@id":"https:\/\/apuntesdesanluis.com\/#\/schema\/person\/image\/","url":"https:\/\/apuntesdesanluis.com\/wp-content\/uploads\/2023\/07\/cropped-apuntesdesanluis.png","contentUrl":"https:\/\/apuntesdesanluis.com\/wp-content\/uploads\/2023\/07\/cropped-apuntesdesanluis.png","width":450,"height":112,"caption":"apuntesdesanluis.com"},"logo":{"@id":"https:\/\/apuntesdesanluis.com\/#\/schema\/person\/image\/"},"sameAs":["https:\/\/apuntesdesanluis.com"],"url":"https:\/\/apuntesdesanluis.com\/index.php\/author\/apuntesdesanluis-com\/"}]}},"featured_image_urls":{"full":["https:\/\/apuntesdesanluis.com\/wp-content\/uploads\/2025\/01\/COMISARIA.png",824,476,false],"thumbnail":["https:\/\/apuntesdesanluis.com\/wp-content\/uploads\/2025\/01\/COMISARIA-150x150.png",150,150,true],"medium":["https:\/\/apuntesdesanluis.com\/wp-content\/uploads\/2025\/01\/COMISARIA-300x173.png",300,173,true],"medium_large":["https:\/\/apuntesdesanluis.com\/wp-content\/uploads\/2025\/01\/COMISARIA-768x444.png",640,370,true],"large":["https:\/\/apuntesdesanluis.com\/wp-content\/uploads\/2025\/01\/COMISARIA.png",640,370,false],"1536x1536":["https:\/\/apuntesdesanluis.com\/wp-content\/uploads\/2025\/01\/COMISARIA.png",824,476,false],"2048x2048":["https:\/\/apuntesdesanluis.com\/wp-content\/uploads\/2025\/01\/COMISARIA.png",824,476,false],"newsever-slider-full":["https:\/\/apuntesdesanluis.com\/wp-content\/uploads\/2025\/01\/COMISARIA.png",824,476,false],"newsever-featured":["https:\/\/apuntesdesanluis.com\/wp-content\/uploads\/2025\/01\/COMISARIA.png",824,476,false],"newsever-medium":["https:\/\/apuntesdesanluis.com\/wp-content\/uploads\/2025\/01\/COMISARIA-720x475.png",720,475,true]},"author_info":{"display_name":"apuntesdesanluis.com","author_link":"https:\/\/apuntesdesanluis.com\/index.php\/author\/apuntesdesanluis-com\/"},"category_info":"<a href=\"https:\/\/apuntesdesanluis.com\/index.php\/category\/ciudad-provincia\/\" rel=\"category tag\">Ciudad\/Provincia<\/a>","tag_info":"Ciudad\/Provincia","comment_count":"0","_links":{"self":[{"href":"https:\/\/apuntesdesanluis.com\/index.php\/wp-json\/wp\/v2\/posts\/28492","targetHints":{"allow":["GET"]}}],"collection":[{"href":"https:\/\/apuntesdesanluis.com\/index.php\/wp-json\/wp\/v2\/posts"}],"about":[{"href":"https:\/\/apuntesdesanluis.com\/index.php\/wp-json\/wp\/v2\/types\/post"}],"author":[{"embeddable":true,"href":"https:\/\/apuntesdesanluis.com\/index.php\/wp-json\/wp\/v2\/users\/1"}],"replies":[{"embeddable":true,"href":"https:\/\/apuntesdesanluis.com\/index.php\/wp-json\/wp\/v2\/comments?post=28492"}],"version-history":[{"count":3,"href":"https:\/\/apuntesdesanluis.com\/index.php\/wp-json\/wp\/v2\/posts\/28492\/revisions"}],"predecessor-version":[{"id":28501,"href":"https:\/\/apuntesdesanluis.com\/index.php\/wp-json\/wp\/v2\/posts\/28492\/revisions\/28501"}],"wp:featuredmedia":[{"embeddable":true,"href":"https:\/\/apuntesdesanluis.com\/index.php\/wp-json\/wp\/v2\/media\/28493"}],"wp:attachment":[{"href":"https:\/\/apuntesdesanluis.com\/index.php\/wp-json\/wp\/v2\/media?parent=28492"}],"wp:term":[{"taxonomy":"category","embeddable":true,"href":"https:\/\/apuntesdesanluis.com\/index.php\/wp-json\/wp\/v2\/categories?post=28492"},{"taxonomy":"post_tag","embeddable":true,"href":"https:\/\/apuntesdesanluis.com\/index.php\/wp-json\/wp\/v2\/tags?post=28492"}],"curies":[{"name":"wp","href":"https:\/\/api.w.org\/{rel}","templated":true}]}}